{"id":3111,"date":"2019-04-23T04:00:25","date_gmt":"2019-04-23T07:00:25","guid":{"rendered":"http:\/\/www.agenciainfra.com\/blog\/?p=3111"},"modified":"2019-04-22T08:08:44","modified_gmt":"2019-04-22T11:08:44","slug":"divisor-de-aguas-no-setor-eletrico-mp-579-trouxe-impactos-de-r-200-bi-as-tarifas","status":"publish","type":"post","link":"https:\/\/agenciainfra.com\/blog\/divisor-de-aguas-no-setor-eletrico-mp-579-trouxe-impactos-de-r-200-bi-as-tarifas\/","title":{"rendered":"Divisor de \u00e1guas no setor el\u00e9trico, MP 579 trouxe impactos de R$ 200 bi \u00e0s tarifas"},"content":{"rendered":"<h5 style=\"text-align: right;\"><strong>Leila Coimbra,\u00a0da Ag\u00eancia iNFRA<\/strong><\/h5>\n<p>A MP (medida provis\u00f3ria) 579, editada no fim de 2012, no governo de Dilma Rousseff, \u00e9 um divisor de \u00e1guas no setor el\u00e9trico. Deu origem \u00e0 Lei 12.783\/2013, que renovou as concess\u00f5es das usinas hidrel\u00e9tricas e, desde ent\u00e3o, provocou um aumento de despesas de R$ 198,4 bilh\u00f5es no setor, segundo aponta um estudo da ANEEL (Ag\u00eancia Nacional de Energia El\u00e9trica).<\/p>\n<p><strong>Tarifa subiu 20% acima da infla\u00e7\u00e3o<\/strong><br \/>\nTodo esse custo foi repassado \u00e0s tarifas e, portanto, pago pelos consumidores de energia. Segundo a ag\u00eancia reguladora,\u00a0de 2013 a 2018 \u2013 ap\u00f3s os efeitos da MP 579 \u2013 houve um aumento real (descontada a infla\u00e7\u00e3o do per\u00edodo) nas tarifas de 20,4%. O valor m\u00e9dio passou de R$ 430 o megawatt-hora (MWh) em 2012 para R$ 518 o MWh em 2018.<\/p>\n<p>Os principais itens que provocaram esse aumento de custo foram: 1) risco hidrol\u00f3gico (R$ 44,6 bilh\u00f5es); 2) empr\u00e9stimos \u00e0 CDE (R$ 45,5 bilh\u00f5es); 3) indeniza\u00e7\u00f5es \u00e0s geradoras e transmissoras (R$ 18 bilh\u00f5es); 4) bonifica\u00e7\u00f5es \u00e0s usinas cotistas (R$ 7 bilh\u00f5es); e 5) a n\u00e3o-realiza\u00e7\u00e3o de um leil\u00e3o de energia nova em 2014 (R$ 14,6 bilh\u00f5es).<\/p>\n<p>Existem ainda v\u00e1rias outras despesas que contribu\u00edram com o aumento dos custos da energia ap\u00f3s a MP 579, como a RGR para financiar as distribuidoras designadas; maiores encargos e subs\u00eddios e o encarecimento da energia de Itaipu.<\/p>\n<p><strong>Custo de gera\u00e7\u00e3o subiu 14,25%<\/strong><br \/>\nO principal objetivo do governo Dilma com a edi\u00e7\u00e3o da medida provis\u00f3ria 579 era uma redu\u00e7\u00e3o nos pre\u00e7os da energia. A Lei 12.783\/13 passou a remunerar as usinas que aceitaram prorrogar as concess\u00f5es apenas pela opera\u00e7\u00e3o e manuten\u00e7\u00e3o dos equipamentos, e n\u00e3o mais pelo valor da venda de energia.<\/p>\n<p>Depois dessa mudan\u00e7a estrutural houve uma queda imediata de 20% nas tarifas, em 2013. Mas, a partir de 2015, houve um efeito reverso e os pre\u00e7os da energia subiram bem acima da infla\u00e7\u00e3o no per\u00edodo. Os custos de gera\u00e7\u00e3o cresceram 14,25% desde ent\u00e3o, e\u00a0os encargos sociais tiveram alta de 7,81% a partir de 2013.<\/p>\n<p><strong>T\u00e9rmicas: de 3 mil para 16 mil MWmed<\/strong><br \/>\nPara agravar o cen\u00e1rio,\u00a0a partir de 2013 houve tamb\u00e9m a combina\u00e7\u00e3o das piores s\u00e9ries hist\u00f3ricas de chuvas de todos os tempos, e as hidrel\u00e9tricas n\u00e3o puderam gerar o necess\u00e1rio para cumprir seus contratos. Em 2017, foi registrado o pior ni\u0301vel m\u00e9dio de armazenamento dos reservat\u00f3rios do sistema el\u00e9trico desde 1996.<\/p>\n<p>Diante desse quadro, a gera\u00e7\u00e3o termel\u00e9trica disparou, para economizar a \u00e1gua das hidrel\u00e9tricas e garantir a oferta ao sistema. Foi de 2.967 MWmed (megawatts m\u00e9dios), em 2011, para 15.869 MWmed, em 2015.<\/p>\n<p>A partir da Lei 12.783\/13, houve ainda um grande aumento nos descontos tarif\u00e1rios: passou de R$ 5,5 bilh\u00f5es ao ano em 2013 para R$ 10,8 bilh\u00f5es ao ano em 2018. Destaca-se o aumento de 39,3% no valor do subs\u00eddio anual para os consumidores de fontes incentivadas, como a energia e\u00f3lica e de PCHs (pequenas centrais hidrel\u00e9tricas).<\/p>\n","protected":false},"excerpt":{"rendered":"<p>Leila Coimbra,\u00a0da Ag\u00eancia iNFRA A MP (medida provis\u00f3ria) 579, editada no fim de 2012, no governo de Dilma Rousseff, \u00e9 um divisor de \u00e1guas no setor el\u00e9trico. Deu origem \u00e0 Lei 12.783\/2013, que renovou as concess\u00f5es das usinas hidrel\u00e9tricas e, desde ent\u00e3o, provocou um aumento de despesas de R$ 198,4 bilh\u00f5es no setor, segundo aponta [&hellip;]<\/p>\n","protected":false},"author":9,"featured_media":1960,"comment_status":"closed","ping_status":"open","sticky":false,"template":"","format":"standard","meta":{"_monsterinsights_skip_tracking":false,"_monsterinsights_sitenote_active":false,"_monsterinsights_sitenote_note":"","_monsterinsights_sitenote_category":0,"footnotes":""},"categories":[10],"tags":[53,929,930,928,931],"class_list":["post-3111","post","type-post","status-publish","format-standard","has-post-thumbnail","hentry","category-infraenergia","tag-aneel","tag-dilma-rousseff","tag-lei-12-783-13","tag-mp-579","tag-reducao-nos-precos-de-energia"],"yoast_head":"<!-- This site is optimized with the Yoast SEO Premium plugin v25.4 (Yoast SEO v26.0) - https:\/\/yoast.com\/wordpress\/plugins\/seo\/ -->\n<title>Divisor de \u00e1guas no setor el\u00e9trico, MP 579 trouxe impactos de R$ 200 bi \u00e0s tarifas - Ag\u00eancia iNFRA<\/title>\n<meta name=\"robots\" content=\"index, follow, max-snippet:-1, max-image-preview:large, max-video-preview:-1\" \/>\n<link rel=\"canonical\" href=\"https:\/\/agenciainfra.com\/blog\/divisor-de-aguas-no-setor-eletrico-mp-579-trouxe-impactos-de-r-200-bi-as-tarifas\/\" \/>\n<meta property=\"og:locale\" content=\"pt_BR\" \/>\n<meta property=\"og:type\" content=\"article\" \/>\n<meta property=\"og:title\" content=\"Divisor de \u00e1guas no setor el\u00e9trico, MP 579 trouxe impactos de R$ 200 bi \u00e0s tarifas\" \/>\n<meta property=\"og:description\" content=\"Leila Coimbra,\u00a0da Ag\u00eancia iNFRA A MP (medida provis\u00f3ria) 579, editada no fim de 2012, no governo de Dilma Rousseff, \u00e9 um divisor de \u00e1guas no setor el\u00e9trico. Deu origem \u00e0 Lei 12.783\/2013, que renovou as concess\u00f5es das usinas hidrel\u00e9tricas e, desde ent\u00e3o, provocou um aumento de despesas de R$ 198,4 bilh\u00f5es no setor, segundo aponta [&hellip;]\" \/>\n<meta property=\"og:url\" content=\"https:\/\/agenciainfra.com\/blog\/divisor-de-aguas-no-setor-eletrico-mp-579-trouxe-impactos-de-r-200-bi-as-tarifas\/\" \/>\n<meta property=\"og:site_name\" content=\"Ag\u00eancia iNFRA\" \/>\n<meta property=\"article:publisher\" content=\"https:\/\/www.facebook.com\/ageninfra\" \/>\n<meta property=\"article:published_time\" content=\"2019-04-23T07:00:25+00:00\" \/>\n<meta property=\"og:image\" content=\"https:\/\/agenciainfra.com\/blog\/wp-content\/uploads\/2018\/06\/energia_marcelo_casal-jr_agencia_brasil.jpg\" \/>\n\t<meta property=\"og:image:width\" content=\"3726\" \/>\n\t<meta property=\"og:image:height\" content=\"2415\" \/>\n\t<meta property=\"og:image:type\" content=\"image\/jpeg\" \/>\n<meta name=\"author\" content=\"Rodrigo Zuquim\" \/>\n<meta name=\"twitter:card\" content=\"summary_large_image\" \/>\n<meta name=\"twitter:creator\" content=\"@agencia_infra\" \/>\n<meta name=\"twitter:site\" content=\"@agencia_infra\" \/>\n<meta name=\"twitter:label1\" content=\"Escrito por\" \/>\n\t<meta name=\"twitter:data1\" content=\"Rodrigo Zuquim\" \/>\n\t<meta name=\"twitter:label2\" content=\"Est. tempo de leitura\" \/>\n\t<meta name=\"twitter:data2\" content=\"2 minutos\" \/>\n<script type=\"application\/ld+json\" class=\"yoast-schema-graph\">{\"@context\":\"https:\/\/schema.org\",\"@graph\":[{\"@type\":\"Article\",\"@id\":\"https:\/\/agenciainfra.com\/blog\/divisor-de-aguas-no-setor-eletrico-mp-579-trouxe-impactos-de-r-200-bi-as-tarifas\/#article\",\"isPartOf\":{\"@id\":\"https:\/\/agenciainfra.com\/blog\/divisor-de-aguas-no-setor-eletrico-mp-579-trouxe-impactos-de-r-200-bi-as-tarifas\/\"},\"author\":{\"name\":\"Rodrigo Zuquim\",\"@id\":\"https:\/\/agenciainfra.com\/blog\/#\/schema\/person\/04dbb79bd6d8951f063da71f3e4c1eb1\"},\"headline\":\"Divisor de \u00e1guas no setor el\u00e9trico, MP 579 trouxe impactos de R$ 200 bi \u00e0s tarifas\",\"datePublished\":\"2019-04-23T07:00:25+00:00\",\"mainEntityOfPage\":{\"@id\":\"https:\/\/agenciainfra.com\/blog\/divisor-de-aguas-no-setor-eletrico-mp-579-trouxe-impactos-de-r-200-bi-as-tarifas\/\"},\"wordCount\":511,\"publisher\":{\"@id\":\"https:\/\/agenciainfra.com\/blog\/#organization\"},\"image\":{\"@id\":\"https:\/\/agenciainfra.com\/blog\/divisor-de-aguas-no-setor-eletrico-mp-579-trouxe-impactos-de-r-200-bi-as-tarifas\/#primaryimage\"},\"thumbnailUrl\":\"https:\/\/agenciainfra.com\/blog\/wp-content\/uploads\/2018\/06\/energia_marcelo_casal-jr_agencia_brasil.jpg\",\"keywords\":[\"ANEEL\",\"Dilma Rousseff\",\"Lei 12.783\/13\",\"MP 579\",\"redu\u00e7\u00e3o nos pre\u00e7os de energia\"],\"articleSection\":[\"iNFRAEnergia\"],\"inLanguage\":\"pt-BR\",\"copyrightYear\":\"2019\",\"copyrightHolder\":{\"@id\":\"https:\/\/agenciainfra.com\/blog\/#organization\"}},{\"@type\":\"WebPage\",\"@id\":\"https:\/\/agenciainfra.com\/blog\/divisor-de-aguas-no-setor-eletrico-mp-579-trouxe-impactos-de-r-200-bi-as-tarifas\/\",\"url\":\"https:\/\/agenciainfra.com\/blog\/divisor-de-aguas-no-setor-eletrico-mp-579-trouxe-impactos-de-r-200-bi-as-tarifas\/\",\"name\":\"Divisor de \u00e1guas no setor el\u00e9trico, MP 579 trouxe impactos de R$ 200 bi \u00e0s tarifas - Ag\u00eancia iNFRA\",\"isPartOf\":{\"@id\":\"https:\/\/agenciainfra.com\/blog\/#website\"},\"primaryImageOfPage\":{\"@id\":\"https:\/\/agenciainfra.com\/blog\/divisor-de-aguas-no-setor-eletrico-mp-579-trouxe-impactos-de-r-200-bi-as-tarifas\/#primaryimage\"},\"image\":{\"@id\":\"https:\/\/agenciainfra.com\/blog\/divisor-de-aguas-no-setor-eletrico-mp-579-trouxe-impactos-de-r-200-bi-as-tarifas\/#primaryimage\"},\"thumbnailUrl\":\"https:\/\/agenciainfra.com\/blog\/wp-content\/uploads\/2018\/06\/energia_marcelo_casal-jr_agencia_brasil.jpg\",\"datePublished\":\"2019-04-23T07:00:25+00:00\",\"breadcrumb\":{\"@id\":\"https:\/\/agenciainfra.com\/blog\/divisor-de-aguas-no-setor-eletrico-mp-579-trouxe-impactos-de-r-200-bi-as-tarifas\/#breadcrumb\"},\"inLanguage\":\"pt-BR\",\"potentialAction\":[{\"@type\":\"ReadAction\",\"target\":[\"https:\/\/agenciainfra.com\/blog\/divisor-de-aguas-no-setor-eletrico-mp-579-trouxe-impactos-de-r-200-bi-as-tarifas\/\"]}]},{\"@type\":\"ImageObject\",\"inLanguage\":\"pt-BR\",\"@id\":\"https:\/\/agenciainfra.com\/blog\/divisor-de-aguas-no-setor-eletrico-mp-579-trouxe-impactos-de-r-200-bi-as-tarifas\/#primaryimage\",\"url\":\"https:\/\/agenciainfra.com\/blog\/wp-content\/uploads\/2018\/06\/energia_marcelo_casal-jr_agencia_brasil.jpg\",\"contentUrl\":\"https:\/\/agenciainfra.com\/blog\/wp-content\/uploads\/2018\/06\/energia_marcelo_casal-jr_agencia_brasil.jpg\",\"width\":3726,\"height\":2415,\"caption\":\"Foto: Marcelo Casal Jr.\/ Ag\u00eancia Brasil\"},{\"@type\":\"BreadcrumbList\",\"@id\":\"https:\/\/agenciainfra.com\/blog\/divisor-de-aguas-no-setor-eletrico-mp-579-trouxe-impactos-de-r-200-bi-as-tarifas\/#breadcrumb\",\"itemListElement\":[{\"@type\":\"ListItem\",\"position\":1,\"name\":\"In\u00edcio\",\"item\":\"https:\/\/agenciainfra.com\/blog\/\"},{\"@type\":\"ListItem\",\"position\":2,\"name\":\"Divisor de \u00e1guas no setor el\u00e9trico, MP 579 trouxe impactos de R$ 200 bi \u00e0s tarifas\"}]},{\"@type\":\"WebSite\",\"@id\":\"https:\/\/agenciainfra.com\/blog\/#website\",\"url\":\"https:\/\/agenciainfra.com\/blog\/\",\"name\":\"Ag\u00eancia iNFRA\",\"description\":\"Multiplataforma de informa\u00e7\u00e3o jornal\u00edstica refer\u00eancia na \u00e1rea de infraestrutura no Brasil!\",\"publisher\":{\"@id\":\"https:\/\/agenciainfra.com\/blog\/#organization\"},\"potentialAction\":[{\"@type\":\"SearchAction\",\"target\":{\"@type\":\"EntryPoint\",\"urlTemplate\":\"https:\/\/agenciainfra.com\/blog\/?s={search_term_string}\"},\"query-input\":{\"@type\":\"PropertyValueSpecification\",\"valueRequired\":true,\"valueName\":\"search_term_string\"}}],\"inLanguage\":\"pt-BR\"},{\"@type\":\"Organization\",\"@id\":\"https:\/\/agenciainfra.com\/blog\/#organization\",\"name\":\"Ag\u00eancia iNFRA\",\"url\":\"https:\/\/agenciainfra.com\/blog\/\",\"logo\":{\"@type\":\"ImageObject\",\"inLanguage\":\"pt-BR\",\"@id\":\"https:\/\/agenciainfra.com\/blog\/#\/schema\/logo\/image\/\",\"url\":\"https:\/\/agenciainfra.com\/blog\/wp-content\/uploads\/2023\/09\/iNFRA_5-e1761735885940.png\",\"contentUrl\":\"https:\/\/agenciainfra.com\/blog\/wp-content\/uploads\/2023\/09\/iNFRA_5-e1761735885940.png\",\"width\":1672,\"height\":454,\"caption\":\"Ag\u00eancia iNFRA\"},\"image\":{\"@id\":\"https:\/\/agenciainfra.com\/blog\/#\/schema\/logo\/image\/\"},\"sameAs\":[\"https:\/\/www.facebook.com\/ageninfra\",\"https:\/\/x.com\/agencia_infra\",\"https:\/\/www.linkedin.com\/company\/ag\u00eanciainfra\/\",\"https:\/\/www.instagram.com\/agenciainfra\/\"]},{\"@type\":\"Person\",\"@id\":\"https:\/\/agenciainfra.com\/blog\/#\/schema\/person\/04dbb79bd6d8951f063da71f3e4c1eb1\",\"name\":\"Rodrigo Zuquim\",\"image\":{\"@type\":\"ImageObject\",\"inLanguage\":\"pt-BR\",\"@id\":\"https:\/\/agenciainfra.com\/blog\/#\/schema\/person\/image\/\",\"url\":\"https:\/\/secure.gravatar.com\/avatar\/594abfe82761d620726242ff34ca472a705a4b97f16c790053a6b4c4035274d0?s=96&d=mm&r=g\",\"contentUrl\":\"https:\/\/secure.gravatar.com\/avatar\/594abfe82761d620726242ff34ca472a705a4b97f16c790053a6b4c4035274d0?s=96&d=mm&r=g\",\"caption\":\"Rodrigo Zuquim\"},\"url\":\"https:\/\/agenciainfra.com\/blog\/author\/rodrigo-zuquim\/\"}]}<\/script>\n<!-- \/ Yoast SEO Premium plugin. -->","yoast_head_json":{"title":"Divisor de \u00e1guas no setor el\u00e9trico, MP 579 trouxe impactos de R$ 200 bi \u00e0s tarifas - Ag\u00eancia iNFRA","robots":{"index":"index","follow":"follow","max-snippet":"max-snippet:-1","max-image-preview":"max-image-preview:large","max-video-preview":"max-video-preview:-1"},"canonical":"https:\/\/agenciainfra.com\/blog\/divisor-de-aguas-no-setor-eletrico-mp-579-trouxe-impactos-de-r-200-bi-as-tarifas\/","og_locale":"pt_BR","og_type":"article","og_title":"Divisor de \u00e1guas no setor el\u00e9trico, MP 579 trouxe impactos de R$ 200 bi \u00e0s tarifas","og_description":"Leila Coimbra,\u00a0da Ag\u00eancia iNFRA A MP (medida provis\u00f3ria) 579, editada no fim de 2012, no governo de Dilma Rousseff, \u00e9 um divisor de \u00e1guas no setor el\u00e9trico. Deu origem \u00e0 Lei 12.783\/2013, que renovou as concess\u00f5es das usinas hidrel\u00e9tricas e, desde ent\u00e3o, provocou um aumento de despesas de R$ 198,4 bilh\u00f5es no setor, segundo aponta [&hellip;]","og_url":"https:\/\/agenciainfra.com\/blog\/divisor-de-aguas-no-setor-eletrico-mp-579-trouxe-impactos-de-r-200-bi-as-tarifas\/","og_site_name":"Ag\u00eancia iNFRA","article_publisher":"https:\/\/www.facebook.com\/ageninfra","article_published_time":"2019-04-23T07:00:25+00:00","og_image":[{"width":3726,"height":2415,"url":"https:\/\/agenciainfra.com\/blog\/wp-content\/uploads\/2018\/06\/energia_marcelo_casal-jr_agencia_brasil.jpg","type":"image\/jpeg"}],"author":"Rodrigo Zuquim","twitter_card":"summary_large_image","twitter_creator":"@agencia_infra","twitter_site":"@agencia_infra","twitter_misc":{"Escrito por":"Rodrigo Zuquim","Est. tempo de leitura":"2 minutos"},"schema":{"@context":"https:\/\/schema.org","@graph":[{"@type":"Article","@id":"https:\/\/agenciainfra.com\/blog\/divisor-de-aguas-no-setor-eletrico-mp-579-trouxe-impactos-de-r-200-bi-as-tarifas\/#article","isPartOf":{"@id":"https:\/\/agenciainfra.com\/blog\/divisor-de-aguas-no-setor-eletrico-mp-579-trouxe-impactos-de-r-200-bi-as-tarifas\/"},"author":{"name":"Rodrigo Zuquim","@id":"https:\/\/agenciainfra.com\/blog\/#\/schema\/person\/04dbb79bd6d8951f063da71f3e4c1eb1"},"headline":"Divisor de \u00e1guas no setor el\u00e9trico, MP 579 trouxe impactos de R$ 200 bi \u00e0s tarifas","datePublished":"2019-04-23T07:00:25+00:00","mainEntityOfPage":{"@id":"https:\/\/agenciainfra.com\/blog\/divisor-de-aguas-no-setor-eletrico-mp-579-trouxe-impactos-de-r-200-bi-as-tarifas\/"},"wordCount":511,"publisher":{"@id":"https:\/\/agenciainfra.com\/blog\/#organization"},"image":{"@id":"https:\/\/agenciainfra.com\/blog\/divisor-de-aguas-no-setor-eletrico-mp-579-trouxe-impactos-de-r-200-bi-as-tarifas\/#primaryimage"},"thumbnailUrl":"https:\/\/agenciainfra.com\/blog\/wp-content\/uploads\/2018\/06\/energia_marcelo_casal-jr_agencia_brasil.jpg","keywords":["ANEEL","Dilma Rousseff","Lei 12.783\/13","MP 579","redu\u00e7\u00e3o nos pre\u00e7os de energia"],"articleSection":["iNFRAEnergia"],"inLanguage":"pt-BR","copyrightYear":"2019","copyrightHolder":{"@id":"https:\/\/agenciainfra.com\/blog\/#organization"}},{"@type":"WebPage","@id":"https:\/\/agenciainfra.com\/blog\/divisor-de-aguas-no-setor-eletrico-mp-579-trouxe-impactos-de-r-200-bi-as-tarifas\/","url":"https:\/\/agenciainfra.com\/blog\/divisor-de-aguas-no-setor-eletrico-mp-579-trouxe-impactos-de-r-200-bi-as-tarifas\/","name":"Divisor de \u00e1guas no setor el\u00e9trico, MP 579 trouxe impactos de R$ 200 bi \u00e0s tarifas - Ag\u00eancia iNFRA","isPartOf":{"@id":"https:\/\/agenciainfra.com\/blog\/#website"},"primaryImageOfPage":{"@id":"https:\/\/agenciainfra.com\/blog\/divisor-de-aguas-no-setor-eletrico-mp-579-trouxe-impactos-de-r-200-bi-as-tarifas\/#primaryimage"},"image":{"@id":"https:\/\/agenciainfra.com\/blog\/divisor-de-aguas-no-setor-eletrico-mp-579-trouxe-impactos-de-r-200-bi-as-tarifas\/#primaryimage"},"thumbnailUrl":"https:\/\/agenciainfra.com\/blog\/wp-content\/uploads\/2018\/06\/energia_marcelo_casal-jr_agencia_brasil.jpg","datePublished":"2019-04-23T07:00:25+00:00","breadcrumb":{"@id":"https:\/\/agenciainfra.com\/blog\/divisor-de-aguas-no-setor-eletrico-mp-579-trouxe-impactos-de-r-200-bi-as-tarifas\/#breadcrumb"},"inLanguage":"pt-BR","potentialAction":[{"@type":"ReadAction","target":["https:\/\/agenciainfra.com\/blog\/divisor-de-aguas-no-setor-eletrico-mp-579-trouxe-impactos-de-r-200-bi-as-tarifas\/"]}]},{"@type":"ImageObject","inLanguage":"pt-BR","@id":"https:\/\/agenciainfra.com\/blog\/divisor-de-aguas-no-setor-eletrico-mp-579-trouxe-impactos-de-r-200-bi-as-tarifas\/#primaryimage","url":"https:\/\/agenciainfra.com\/blog\/wp-content\/uploads\/2018\/06\/energia_marcelo_casal-jr_agencia_brasil.jpg","contentUrl":"https:\/\/agenciainfra.com\/blog\/wp-content\/uploads\/2018\/06\/energia_marcelo_casal-jr_agencia_brasil.jpg","width":3726,"height":2415,"caption":"Foto: Marcelo Casal Jr.\/ Ag\u00eancia Brasil"},{"@type":"BreadcrumbList","@id":"https:\/\/agenciainfra.com\/blog\/divisor-de-aguas-no-setor-eletrico-mp-579-trouxe-impactos-de-r-200-bi-as-tarifas\/#breadcrumb","itemListElement":[{"@type":"ListItem","position":1,"name":"In\u00edcio","item":"https:\/\/agenciainfra.com\/blog\/"},{"@type":"ListItem","position":2,"name":"Divisor de \u00e1guas no setor el\u00e9trico, MP 579 trouxe impactos de R$ 200 bi \u00e0s tarifas"}]},{"@type":"WebSite","@id":"https:\/\/agenciainfra.com\/blog\/#website","url":"https:\/\/agenciainfra.com\/blog\/","name":"Ag\u00eancia iNFRA","description":"Multiplataforma de informa\u00e7\u00e3o jornal\u00edstica refer\u00eancia na \u00e1rea de infraestrutura no Brasil!","publisher":{"@id":"https:\/\/agenciainfra.com\/blog\/#organization"},"potentialAction":[{"@type":"SearchAction","target":{"@type":"EntryPoint","urlTemplate":"https:\/\/agenciainfra.com\/blog\/?s={search_term_string}"},"query-input":{"@type":"PropertyValueSpecification","valueRequired":true,"valueName":"search_term_string"}}],"inLanguage":"pt-BR"},{"@type":"Organization","@id":"https:\/\/agenciainfra.com\/blog\/#organization","name":"Ag\u00eancia iNFRA","url":"https:\/\/agenciainfra.com\/blog\/","logo":{"@type":"ImageObject","inLanguage":"pt-BR","@id":"https:\/\/agenciainfra.com\/blog\/#\/schema\/logo\/image\/","url":"https:\/\/agenciainfra.com\/blog\/wp-content\/uploads\/2023\/09\/iNFRA_5-e1761735885940.png","contentUrl":"https:\/\/agenciainfra.com\/blog\/wp-content\/uploads\/2023\/09\/iNFRA_5-e1761735885940.png","width":1672,"height":454,"caption":"Ag\u00eancia iNFRA"},"image":{"@id":"https:\/\/agenciainfra.com\/blog\/#\/schema\/logo\/image\/"},"sameAs":["https:\/\/www.facebook.com\/ageninfra","https:\/\/x.com\/agencia_infra","https:\/\/www.linkedin.com\/company\/ag\u00eanciainfra\/","https:\/\/www.instagram.com\/agenciainfra\/"]},{"@type":"Person","@id":"https:\/\/agenciainfra.com\/blog\/#\/schema\/person\/04dbb79bd6d8951f063da71f3e4c1eb1","name":"Rodrigo Zuquim","image":{"@type":"ImageObject","inLanguage":"pt-BR","@id":"https:\/\/agenciainfra.com\/blog\/#\/schema\/person\/image\/","url":"https:\/\/secure.gravatar.com\/avatar\/594abfe82761d620726242ff34ca472a705a4b97f16c790053a6b4c4035274d0?s=96&d=mm&r=g","contentUrl":"https:\/\/secure.gravatar.com\/avatar\/594abfe82761d620726242ff34ca472a705a4b97f16c790053a6b4c4035274d0?s=96&d=mm&r=g","caption":"Rodrigo Zuquim"},"url":"https:\/\/agenciainfra.com\/blog\/author\/rodrigo-zuquim\/"}]}},"_links":{"self":[{"href":"https:\/\/agenciainfra.com\/blog\/wp-json\/wp\/v2\/posts\/3111","targetHints":{"allow":["GET"]}}],"collection":[{"href":"https:\/\/agenciainfra.com\/blog\/wp-json\/wp\/v2\/posts"}],"about":[{"href":"https:\/\/agenciainfra.com\/blog\/wp-json\/wp\/v2\/types\/post"}],"author":[{"embeddable":true,"href":"https:\/\/agenciainfra.com\/blog\/wp-json\/wp\/v2\/users\/9"}],"replies":[{"embeddable":true,"href":"https:\/\/agenciainfra.com\/blog\/wp-json\/wp\/v2\/comments?post=3111"}],"version-history":[{"count":0,"href":"https:\/\/agenciainfra.com\/blog\/wp-json\/wp\/v2\/posts\/3111\/revisions"}],"wp:featuredmedia":[{"embeddable":true,"href":"https:\/\/agenciainfra.com\/blog\/wp-json\/wp\/v2\/media\/1960"}],"wp:attachment":[{"href":"https:\/\/agenciainfra.com\/blog\/wp-json\/wp\/v2\/media?parent=3111"}],"wp:term":[{"taxonomy":"category","embeddable":true,"href":"https:\/\/agenciainfra.com\/blog\/wp-json\/wp\/v2\/categories?post=3111"},{"taxonomy":"post_tag","embeddable":true,"href":"https:\/\/agenciainfra.com\/blog\/wp-json\/wp\/v2\/tags?post=3111"}],"curies":[{"name":"wp","href":"https:\/\/api.w.org\/{rel}","templated":true}]}}