{"id":31132,"date":"2025-10-30T17:08:26","date_gmt":"2025-10-30T20:08:26","guid":{"rendered":"https:\/\/agenciainfra.com\/blog\/?p=31132"},"modified":"2025-10-31T11:10:01","modified_gmt":"2025-10-31T14:10:01","slug":"cmn-aprova-regulamentacao-de-emprestimos-do-fnac-para-aereas","status":"publish","type":"post","link":"https:\/\/agenciainfra.com\/blog\/cmn-aprova-regulamentacao-de-emprestimos-do-fnac-para-aereas\/","title":{"rendered":"CMN aprova regulamenta\u00e7\u00e3o de empr\u00e9stimos do FNAC para a\u00e9reas"},"content":{"rendered":"\n<p class=\"has-text-align-right\"><strong>da Ag\u00eancia iNFRA<\/strong><\/p>\n\n\n\n<p>O CMN (Conselho Monet\u00e1rio Nacional) aprovou nesta quinta-feira (30) as regras dos empr\u00e9stimos que poder\u00e3o ser feitos \u00e0s companhias a\u00e9reas com recursos do FNAC (Fundo Nacional de Avia\u00e7\u00e3o Civil). <\/p>\n\n\n\n<p>Segundo nota divulgada pelo MPor (Minist\u00e9rio de Portos e Aeroportos), ser\u00e3o seis linhas de financiamento que contemplam desde compra de aeronaves nacionais a aquisi\u00e7\u00e3o de SAF (combust\u00edvel sustent\u00e1vel) produzido no pa\u00eds. <\/p>\n\n\n\n<p>A taxa de juros vai variar\u00a06,5% a 7,5% ao ano, dependendo da linha. Ser\u00e3o disponibilizados R$ 4 bilh\u00f5es para os empr\u00e9stimos.<\/p>\n\n\n\n<p>As seis linhas regulamentadas s\u00e3o para: aquisi\u00e7\u00e3o de SAF; manuten\u00e7\u00e3o de aeronaves; manuten\u00e7\u00e3o de motores; aquisi\u00e7\u00e3o de aeronaves; pagamento antecipado de aeronaves; e infraestrutura log\u00edstica.<\/p>\n\n\n\n<p>De acordo com o MPor, entre as contrapartidas obrigat\u00f3rias que foram sugeridas pelo Comit\u00ea Gestor do FNAC est\u00e1 o compromisso de aquisi\u00e7\u00e3o de SAF que permita uma redu\u00e7\u00e3o adicional de emiss\u00e3o de CO2 em rela\u00e7\u00e3o \u00e0 meta prevista em lei, que \u00e9 de um ponto percentual ao ano at\u00e9 atingir 10%. <\/p>\n\n\n\n<p>Tamb\u00e9m ser\u00e1 exigido das a\u00e9reas o incremento de 30% na propor\u00e7\u00e3o anual de voos na Amazonia Legal e no Nordeste, em rela\u00e7\u00e3o aos n\u00fameros registrados em 2024.<\/p>\n\n\n\n<p><\/p>\n","protected":false},"excerpt":{"rendered":"<p>da Ag\u00eancia iNFRA O CMN (Conselho Monet\u00e1rio Nacional) aprovou nesta quinta-feira (30) as regras dos empr\u00e9stimos que poder\u00e3o ser feitos \u00e0s companhias a\u00e9reas com recursos do FNAC (Fundo Nacional de Avia\u00e7\u00e3o Civil). Segundo nota divulgada pelo MPor (Minist\u00e9rio de Portos e Aeroportos), ser\u00e3o seis linhas de financiamento que contemplam desde compra de aeronaves nacionais a [&hellip;]<\/p>\n","protected":false},"author":1,"featured_media":31014,"comment_status":"closed","ping_status":"closed","sticky":false,"template":"","format":"standard","meta":{"_monsterinsights_skip_tracking":false,"_monsterinsights_sitenote_active":false,"_monsterinsights_sitenote_note":"","_monsterinsights_sitenote_category":0,"footnotes":""},"categories":[7250,7],"tags":[4726,1770,599,8832,10264,6943,9674,7178,10265,5117,187,734,3363,10316,16606,8540,6257,7980,6919,632,8071,5204,1573,12893],"class_list":["post-31132","post","type-post","status-publish","format-standard","has-post-thumbnail","hentry","category-destaque-lista","category-infratransporte","tag-aeronaves","tag-amazonia-legal","tag-aviacao-civil","tag-aviacao-sustentavel","tag-cmn","tag-co2","tag-combustivel-sustentavel-de-aviacao","tag-companhias-aereas","tag-conselho-monetario-nacional","tag-emprestimos","tag-financiamento","tag-fnac","tag-fundo-nacional-de-aviacao-civil","tag-infraestrutura-logistica","tag-linhas-de-financiamento","tag-manutencao-de-aeronaves","tag-ministerio-de-portos-e-aeroportos","tag-motores","tag-mpor","tag-nordeste","tag-reducao-de-emissoes","tag-saf","tag-sustentabilidade","tag-taxa-de-juros"],"yoast_head":"<!-- This site is optimized with the Yoast SEO Premium plugin v25.4 (Yoast SEO v26.0) - https:\/\/yoast.com\/wordpress\/plugins\/seo\/ -->\n<title>CMN aprova regulamenta\u00e7\u00e3o de empr\u00e9stimos do FNAC para a\u00e9reas - Ag\u00eancia iNFRA<\/title>\n<meta name=\"robots\" content=\"index, follow, max-snippet:-1, max-image-preview:large, max-video-preview:-1\" \/>\n<link rel=\"canonical\" href=\"https:\/\/agenciainfra.com\/blog\/cmn-aprova-regulamentacao-de-emprestimos-do-fnac-para-aereas\/\" \/>\n<meta property=\"og:locale\" content=\"pt_BR\" \/>\n<meta property=\"og:type\" content=\"article\" \/>\n<meta property=\"og:title\" content=\"CMN aprova regulamenta\u00e7\u00e3o de empr\u00e9stimos do FNAC para a\u00e9reas\" \/>\n<meta property=\"og:description\" content=\"da Ag\u00eancia iNFRA O CMN (Conselho Monet\u00e1rio Nacional) aprovou nesta quinta-feira (30) as regras dos empr\u00e9stimos que poder\u00e3o ser feitos \u00e0s companhias a\u00e9reas com recursos do FNAC (Fundo Nacional de Avia\u00e7\u00e3o Civil). Segundo nota divulgada pelo MPor (Minist\u00e9rio de Portos e Aeroportos), ser\u00e3o seis linhas de financiamento que contemplam desde compra de aeronaves nacionais a [&hellip;]\" \/>\n<meta property=\"og:url\" content=\"https:\/\/agenciainfra.com\/blog\/cmn-aprova-regulamentacao-de-emprestimos-do-fnac-para-aereas\/\" \/>\n<meta property=\"og:site_name\" content=\"Ag\u00eancia iNFRA\" \/>\n<meta property=\"article:publisher\" content=\"https:\/\/www.facebook.com\/ageninfra\" \/>\n<meta property=\"article:published_time\" content=\"2025-10-30T20:08:26+00:00\" \/>\n<meta property=\"article:modified_time\" content=\"2025-10-31T14:10:01+00:00\" \/>\n<meta property=\"og:image\" content=\"https:\/\/agenciainfra.com\/blog\/wp-content\/uploads\/2025\/10\/aeroporto-regiao-sul-foto-divulgacao-portos-aeroportos.jpeg\" \/>\n\t<meta property=\"og:image:width\" content=\"768\" \/>\n\t<meta property=\"og:image:height\" content=\"431\" \/>\n\t<meta property=\"og:image:type\" content=\"image\/jpeg\" \/>\n<meta name=\"author\" content=\"Ag\u00eancia iNFRA\" \/>\n<meta name=\"twitter:card\" content=\"summary_large_image\" \/>\n<meta name=\"twitter:creator\" content=\"@agencia_infra\" \/>\n<meta name=\"twitter:site\" content=\"@agencia_infra\" \/>\n<meta name=\"twitter:label1\" content=\"Escrito por\" \/>\n\t<meta name=\"twitter:data1\" content=\"Ag\u00eancia iNFRA\" \/>\n\t<meta name=\"twitter:label2\" content=\"Est. tempo de leitura\" \/>\n\t<meta name=\"twitter:data2\" content=\"1 minuto\" \/>\n<script type=\"application\/ld+json\" class=\"yoast-schema-graph\">{\"@context\":\"https:\/\/schema.org\",\"@graph\":[{\"@type\":\"Article\",\"@id\":\"https:\/\/agenciainfra.com\/blog\/cmn-aprova-regulamentacao-de-emprestimos-do-fnac-para-aereas\/#article\",\"isPartOf\":{\"@id\":\"https:\/\/agenciainfra.com\/blog\/cmn-aprova-regulamentacao-de-emprestimos-do-fnac-para-aereas\/\"},\"author\":{\"name\":\"Ag\u00eancia iNFRA\",\"@id\":\"https:\/\/agenciainfra.com\/blog\/#\/schema\/person\/34af08dff6adea4cb22b06612ba7acfa\"},\"headline\":\"CMN aprova regulamenta\u00e7\u00e3o de empr\u00e9stimos do FNAC para a\u00e9reas\",\"datePublished\":\"2025-10-30T20:08:26+00:00\",\"dateModified\":\"2025-10-31T14:10:01+00:00\",\"mainEntityOfPage\":{\"@id\":\"https:\/\/agenciainfra.com\/blog\/cmn-aprova-regulamentacao-de-emprestimos-do-fnac-para-aereas\/\"},\"wordCount\":222,\"publisher\":{\"@id\":\"https:\/\/agenciainfra.com\/blog\/#organization\"},\"image\":{\"@id\":\"https:\/\/agenciainfra.com\/blog\/cmn-aprova-regulamentacao-de-emprestimos-do-fnac-para-aereas\/#primaryimage\"},\"thumbnailUrl\":\"https:\/\/agenciainfra.com\/blog\/wp-content\/uploads\/2025\/10\/aeroporto-regiao-sul-foto-divulgacao-portos-aeroportos.jpeg\",\"keywords\":[\"aeronaves\",\"Amaz\u00f4nia Legal\",\"avia\u00e7\u00e3o civil\",\"avia\u00e7\u00e3o sustent\u00e1vel\",\"CMN\",\"CO2\",\"Combust\u00edvel Sustent\u00e1vel de Avia\u00e7\u00e3o\",\"companhias a\u00e9reas\",\"Conselho Monet\u00e1rio Nacional\",\"empr\u00e9stimos\",\"financiamento\",\"FNAC\",\"Fundo Nacional de Avia\u00e7\u00e3o Civil\",\"infraestrutura log\u00edstica\",\"linhas de financiamento\",\"Manuten\u00e7\u00e3o de Aeronaves\",\"Minist\u00e9rio de Portos e Aeroportos\",\"motores\",\"MPor\",\"nordeste\",\"Redu\u00e7\u00e3o de Emiss\u00f5es\",\"SAF\",\"sustentabilidade\",\"Taxa de juros\"],\"articleSection\":[\"Destaque lista\",\"iNFRATransporte\"],\"inLanguage\":\"pt-BR\",\"copyrightYear\":\"2025\",\"copyrightHolder\":{\"@id\":\"https:\/\/agenciainfra.com\/blog\/#organization\"}},{\"@type\":\"WebPage\",\"@id\":\"https:\/\/agenciainfra.com\/blog\/cmn-aprova-regulamentacao-de-emprestimos-do-fnac-para-aereas\/\",\"url\":\"https:\/\/agenciainfra.com\/blog\/cmn-aprova-regulamentacao-de-emprestimos-do-fnac-para-aereas\/\",\"name\":\"CMN aprova regulamenta\u00e7\u00e3o de empr\u00e9stimos do FNAC para a\u00e9reas - Ag\u00eancia iNFRA\",\"isPartOf\":{\"@id\":\"https:\/\/agenciainfra.com\/blog\/#website\"},\"primaryImageOfPage\":{\"@id\":\"https:\/\/agenciainfra.com\/blog\/cmn-aprova-regulamentacao-de-emprestimos-do-fnac-para-aereas\/#primaryimage\"},\"image\":{\"@id\":\"https:\/\/agenciainfra.com\/blog\/cmn-aprova-regulamentacao-de-emprestimos-do-fnac-para-aereas\/#primaryimage\"},\"thumbnailUrl\":\"https:\/\/agenciainfra.com\/blog\/wp-content\/uploads\/2025\/10\/aeroporto-regiao-sul-foto-divulgacao-portos-aeroportos.jpeg\",\"datePublished\":\"2025-10-30T20:08:26+00:00\",\"dateModified\":\"2025-10-31T14:10:01+00:00\",\"breadcrumb\":{\"@id\":\"https:\/\/agenciainfra.com\/blog\/cmn-aprova-regulamentacao-de-emprestimos-do-fnac-para-aereas\/#breadcrumb\"},\"inLanguage\":\"pt-BR\",\"potentialAction\":[{\"@type\":\"ReadAction\",\"target\":[\"https:\/\/agenciainfra.com\/blog\/cmn-aprova-regulamentacao-de-emprestimos-do-fnac-para-aereas\/\"]}]},{\"@type\":\"ImageObject\",\"inLanguage\":\"pt-BR\",\"@id\":\"https:\/\/agenciainfra.com\/blog\/cmn-aprova-regulamentacao-de-emprestimos-do-fnac-para-aereas\/#primaryimage\",\"url\":\"https:\/\/agenciainfra.com\/blog\/wp-content\/uploads\/2025\/10\/aeroporto-regiao-sul-foto-divulgacao-portos-aeroportos.jpeg\",\"contentUrl\":\"https:\/\/agenciainfra.com\/blog\/wp-content\/uploads\/2025\/10\/aeroporto-regiao-sul-foto-divulgacao-portos-aeroportos.jpeg\",\"width\":768,\"height\":431,\"caption\":\"Foto: Divulga\u00e7\u00e3o\/ANAC\"},{\"@type\":\"BreadcrumbList\",\"@id\":\"https:\/\/agenciainfra.com\/blog\/cmn-aprova-regulamentacao-de-emprestimos-do-fnac-para-aereas\/#breadcrumb\",\"itemListElement\":[{\"@type\":\"ListItem\",\"position\":1,\"name\":\"In\u00edcio\",\"item\":\"https:\/\/agenciainfra.com\/blog\/\"},{\"@type\":\"ListItem\",\"position\":2,\"name\":\"CMN aprova regulamenta\u00e7\u00e3o de empr\u00e9stimos do FNAC para a\u00e9reas\"}]},{\"@type\":\"WebSite\",\"@id\":\"https:\/\/agenciainfra.com\/blog\/#website\",\"url\":\"https:\/\/agenciainfra.com\/blog\/\",\"name\":\"Ag\u00eancia iNFRA\",\"description\":\"Multiplataforma de informa\u00e7\u00e3o jornal\u00edstica refer\u00eancia na \u00e1rea de infraestrutura no Brasil!\",\"publisher\":{\"@id\":\"https:\/\/agenciainfra.com\/blog\/#organization\"},\"potentialAction\":[{\"@type\":\"SearchAction\",\"target\":{\"@type\":\"EntryPoint\",\"urlTemplate\":\"https:\/\/agenciainfra.com\/blog\/?s={search_term_string}\"},\"query-input\":{\"@type\":\"PropertyValueSpecification\",\"valueRequired\":true,\"valueName\":\"search_term_string\"}}],\"inLanguage\":\"pt-BR\"},{\"@type\":\"Organization\",\"@id\":\"https:\/\/agenciainfra.com\/blog\/#organization\",\"name\":\"Ag\u00eancia iNFRA\",\"url\":\"https:\/\/agenciainfra.com\/blog\/\",\"logo\":{\"@type\":\"ImageObject\",\"inLanguage\":\"pt-BR\",\"@id\":\"https:\/\/agenciainfra.com\/blog\/#\/schema\/logo\/image\/\",\"url\":\"https:\/\/agenciainfra.com\/blog\/wp-content\/uploads\/2023\/09\/iNFRA_5-e1761735885940.png\",\"contentUrl\":\"https:\/\/agenciainfra.com\/blog\/wp-content\/uploads\/2023\/09\/iNFRA_5-e1761735885940.png\",\"width\":1672,\"height\":454,\"caption\":\"Ag\u00eancia iNFRA\"},\"image\":{\"@id\":\"https:\/\/agenciainfra.com\/blog\/#\/schema\/logo\/image\/\"},\"sameAs\":[\"https:\/\/www.facebook.com\/ageninfra\",\"https:\/\/x.com\/agencia_infra\",\"https:\/\/www.linkedin.com\/company\/ag\u00eanciainfra\/\",\"https:\/\/www.instagram.com\/agenciainfra\/\"]},{\"@type\":\"Person\",\"@id\":\"https:\/\/agenciainfra.com\/blog\/#\/schema\/person\/34af08dff6adea4cb22b06612ba7acfa\",\"name\":\"Ag\u00eancia iNFRA\",\"image\":{\"@type\":\"ImageObject\",\"inLanguage\":\"pt-BR\",\"@id\":\"https:\/\/agenciainfra.com\/blog\/#\/schema\/person\/image\/\",\"url\":\"https:\/\/secure.gravatar.com\/avatar\/d189e01678f06d8eb84d4e01f08eb848b3fffe3f8443818d3c356c66892f5be8?s=96&d=mm&r=g\",\"contentUrl\":\"https:\/\/secure.gravatar.com\/avatar\/d189e01678f06d8eb84d4e01f08eb848b3fffe3f8443818d3c356c66892f5be8?s=96&d=mm&r=g\",\"caption\":\"Ag\u00eancia iNFRA\"},\"url\":\"https:\/\/agenciainfra.com\/blog\/author\/admin\/\"}]}<\/script>\n<!-- \/ Yoast SEO Premium plugin. -->","yoast_head_json":{"title":"CMN aprova regulamenta\u00e7\u00e3o de empr\u00e9stimos do FNAC para a\u00e9reas - Ag\u00eancia iNFRA","robots":{"index":"index","follow":"follow","max-snippet":"max-snippet:-1","max-image-preview":"max-image-preview:large","max-video-preview":"max-video-preview:-1"},"canonical":"https:\/\/agenciainfra.com\/blog\/cmn-aprova-regulamentacao-de-emprestimos-do-fnac-para-aereas\/","og_locale":"pt_BR","og_type":"article","og_title":"CMN aprova regulamenta\u00e7\u00e3o de empr\u00e9stimos do FNAC para a\u00e9reas","og_description":"da Ag\u00eancia iNFRA O CMN (Conselho Monet\u00e1rio Nacional) aprovou nesta quinta-feira (30) as regras dos empr\u00e9stimos que poder\u00e3o ser feitos \u00e0s companhias a\u00e9reas com recursos do FNAC (Fundo Nacional de Avia\u00e7\u00e3o Civil). Segundo nota divulgada pelo MPor (Minist\u00e9rio de Portos e Aeroportos), ser\u00e3o seis linhas de financiamento que contemplam desde compra de aeronaves nacionais a [&hellip;]","og_url":"https:\/\/agenciainfra.com\/blog\/cmn-aprova-regulamentacao-de-emprestimos-do-fnac-para-aereas\/","og_site_name":"Ag\u00eancia iNFRA","article_publisher":"https:\/\/www.facebook.com\/ageninfra","article_published_time":"2025-10-30T20:08:26+00:00","article_modified_time":"2025-10-31T14:10:01+00:00","og_image":[{"width":768,"height":431,"url":"https:\/\/agenciainfra.com\/blog\/wp-content\/uploads\/2025\/10\/aeroporto-regiao-sul-foto-divulgacao-portos-aeroportos.jpeg","type":"image\/jpeg"}],"author":"Ag\u00eancia iNFRA","twitter_card":"summary_large_image","twitter_creator":"@agencia_infra","twitter_site":"@agencia_infra","twitter_misc":{"Escrito por":"Ag\u00eancia iNFRA","Est. tempo de leitura":"1 minuto"},"schema":{"@context":"https:\/\/schema.org","@graph":[{"@type":"Article","@id":"https:\/\/agenciainfra.com\/blog\/cmn-aprova-regulamentacao-de-emprestimos-do-fnac-para-aereas\/#article","isPartOf":{"@id":"https:\/\/agenciainfra.com\/blog\/cmn-aprova-regulamentacao-de-emprestimos-do-fnac-para-aereas\/"},"author":{"name":"Ag\u00eancia iNFRA","@id":"https:\/\/agenciainfra.com\/blog\/#\/schema\/person\/34af08dff6adea4cb22b06612ba7acfa"},"headline":"CMN aprova regulamenta\u00e7\u00e3o de empr\u00e9stimos do FNAC para a\u00e9reas","datePublished":"2025-10-30T20:08:26+00:00","dateModified":"2025-10-31T14:10:01+00:00","mainEntityOfPage":{"@id":"https:\/\/agenciainfra.com\/blog\/cmn-aprova-regulamentacao-de-emprestimos-do-fnac-para-aereas\/"},"wordCount":222,"publisher":{"@id":"https:\/\/agenciainfra.com\/blog\/#organization"},"image":{"@id":"https:\/\/agenciainfra.com\/blog\/cmn-aprova-regulamentacao-de-emprestimos-do-fnac-para-aereas\/#primaryimage"},"thumbnailUrl":"https:\/\/agenciainfra.com\/blog\/wp-content\/uploads\/2025\/10\/aeroporto-regiao-sul-foto-divulgacao-portos-aeroportos.jpeg","keywords":["aeronaves","Amaz\u00f4nia Legal","avia\u00e7\u00e3o civil","avia\u00e7\u00e3o sustent\u00e1vel","CMN","CO2","Combust\u00edvel Sustent\u00e1vel de Avia\u00e7\u00e3o","companhias a\u00e9reas","Conselho Monet\u00e1rio Nacional","empr\u00e9stimos","financiamento","FNAC","Fundo Nacional de Avia\u00e7\u00e3o Civil","infraestrutura log\u00edstica","linhas de financiamento","Manuten\u00e7\u00e3o de Aeronaves","Minist\u00e9rio de Portos e Aeroportos","motores","MPor","nordeste","Redu\u00e7\u00e3o de Emiss\u00f5es","SAF","sustentabilidade","Taxa de juros"],"articleSection":["Destaque lista","iNFRATransporte"],"inLanguage":"pt-BR","copyrightYear":"2025","copyrightHolder":{"@id":"https:\/\/agenciainfra.com\/blog\/#organization"}},{"@type":"WebPage","@id":"https:\/\/agenciainfra.com\/blog\/cmn-aprova-regulamentacao-de-emprestimos-do-fnac-para-aereas\/","url":"https:\/\/agenciainfra.com\/blog\/cmn-aprova-regulamentacao-de-emprestimos-do-fnac-para-aereas\/","name":"CMN aprova regulamenta\u00e7\u00e3o de empr\u00e9stimos do FNAC para a\u00e9reas - Ag\u00eancia iNFRA","isPartOf":{"@id":"https:\/\/agenciainfra.com\/blog\/#website"},"primaryImageOfPage":{"@id":"https:\/\/agenciainfra.com\/blog\/cmn-aprova-regulamentacao-de-emprestimos-do-fnac-para-aereas\/#primaryimage"},"image":{"@id":"https:\/\/agenciainfra.com\/blog\/cmn-aprova-regulamentacao-de-emprestimos-do-fnac-para-aereas\/#primaryimage"},"thumbnailUrl":"https:\/\/agenciainfra.com\/blog\/wp-content\/uploads\/2025\/10\/aeroporto-regiao-sul-foto-divulgacao-portos-aeroportos.jpeg","datePublished":"2025-10-30T20:08:26+00:00","dateModified":"2025-10-31T14:10:01+00:00","breadcrumb":{"@id":"https:\/\/agenciainfra.com\/blog\/cmn-aprova-regulamentacao-de-emprestimos-do-fnac-para-aereas\/#breadcrumb"},"inLanguage":"pt-BR","potentialAction":[{"@type":"ReadAction","target":["https:\/\/agenciainfra.com\/blog\/cmn-aprova-regulamentacao-de-emprestimos-do-fnac-para-aereas\/"]}]},{"@type":"ImageObject","inLanguage":"pt-BR","@id":"https:\/\/agenciainfra.com\/blog\/cmn-aprova-regulamentacao-de-emprestimos-do-fnac-para-aereas\/#primaryimage","url":"https:\/\/agenciainfra.com\/blog\/wp-content\/uploads\/2025\/10\/aeroporto-regiao-sul-foto-divulgacao-portos-aeroportos.jpeg","contentUrl":"https:\/\/agenciainfra.com\/blog\/wp-content\/uploads\/2025\/10\/aeroporto-regiao-sul-foto-divulgacao-portos-aeroportos.jpeg","width":768,"height":431,"caption":"Foto: Divulga\u00e7\u00e3o\/ANAC"},{"@type":"BreadcrumbList","@id":"https:\/\/agenciainfra.com\/blog\/cmn-aprova-regulamentacao-de-emprestimos-do-fnac-para-aereas\/#breadcrumb","itemListElement":[{"@type":"ListItem","position":1,"name":"In\u00edcio","item":"https:\/\/agenciainfra.com\/blog\/"},{"@type":"ListItem","position":2,"name":"CMN aprova regulamenta\u00e7\u00e3o de empr\u00e9stimos do FNAC para a\u00e9reas"}]},{"@type":"WebSite","@id":"https:\/\/agenciainfra.com\/blog\/#website","url":"https:\/\/agenciainfra.com\/blog\/","name":"Ag\u00eancia iNFRA","description":"Multiplataforma de informa\u00e7\u00e3o jornal\u00edstica refer\u00eancia na \u00e1rea de infraestrutura no Brasil!","publisher":{"@id":"https:\/\/agenciainfra.com\/blog\/#organization"},"potentialAction":[{"@type":"SearchAction","target":{"@type":"EntryPoint","urlTemplate":"https:\/\/agenciainfra.com\/blog\/?s={search_term_string}"},"query-input":{"@type":"PropertyValueSpecification","valueRequired":true,"valueName":"search_term_string"}}],"inLanguage":"pt-BR"},{"@type":"Organization","@id":"https:\/\/agenciainfra.com\/blog\/#organization","name":"Ag\u00eancia iNFRA","url":"https:\/\/agenciainfra.com\/blog\/","logo":{"@type":"ImageObject","inLanguage":"pt-BR","@id":"https:\/\/agenciainfra.com\/blog\/#\/schema\/logo\/image\/","url":"https:\/\/agenciainfra.com\/blog\/wp-content\/uploads\/2023\/09\/iNFRA_5-e1761735885940.png","contentUrl":"https:\/\/agenciainfra.com\/blog\/wp-content\/uploads\/2023\/09\/iNFRA_5-e1761735885940.png","width":1672,"height":454,"caption":"Ag\u00eancia iNFRA"},"image":{"@id":"https:\/\/agenciainfra.com\/blog\/#\/schema\/logo\/image\/"},"sameAs":["https:\/\/www.facebook.com\/ageninfra","https:\/\/x.com\/agencia_infra","https:\/\/www.linkedin.com\/company\/ag\u00eanciainfra\/","https:\/\/www.instagram.com\/agenciainfra\/"]},{"@type":"Person","@id":"https:\/\/agenciainfra.com\/blog\/#\/schema\/person\/34af08dff6adea4cb22b06612ba7acfa","name":"Ag\u00eancia iNFRA","image":{"@type":"ImageObject","inLanguage":"pt-BR","@id":"https:\/\/agenciainfra.com\/blog\/#\/schema\/person\/image\/","url":"https:\/\/secure.gravatar.com\/avatar\/d189e01678f06d8eb84d4e01f08eb848b3fffe3f8443818d3c356c66892f5be8?s=96&d=mm&r=g","contentUrl":"https:\/\/secure.gravatar.com\/avatar\/d189e01678f06d8eb84d4e01f08eb848b3fffe3f8443818d3c356c66892f5be8?s=96&d=mm&r=g","caption":"Ag\u00eancia iNFRA"},"url":"https:\/\/agenciainfra.com\/blog\/author\/admin\/"}]}},"_links":{"self":[{"href":"https:\/\/agenciainfra.com\/blog\/wp-json\/wp\/v2\/posts\/31132","targetHints":{"allow":["GET"]}}],"collection":[{"href":"https:\/\/agenciainfra.com\/blog\/wp-json\/wp\/v2\/posts"}],"about":[{"href":"https:\/\/agenciainfra.com\/blog\/wp-json\/wp\/v2\/types\/post"}],"author":[{"embeddable":true,"href":"https:\/\/agenciainfra.com\/blog\/wp-json\/wp\/v2\/users\/1"}],"replies":[{"embeddable":true,"href":"https:\/\/agenciainfra.com\/blog\/wp-json\/wp\/v2\/comments?post=31132"}],"version-history":[{"count":1,"href":"https:\/\/agenciainfra.com\/blog\/wp-json\/wp\/v2\/posts\/31132\/revisions"}],"predecessor-version":[{"id":31134,"href":"https:\/\/agenciainfra.com\/blog\/wp-json\/wp\/v2\/posts\/31132\/revisions\/31134"}],"wp:featuredmedia":[{"embeddable":true,"href":"https:\/\/agenciainfra.com\/blog\/wp-json\/wp\/v2\/media\/31014"}],"wp:attachment":[{"href":"https:\/\/agenciainfra.com\/blog\/wp-json\/wp\/v2\/media?parent=31132"}],"wp:term":[{"taxonomy":"category","embeddable":true,"href":"https:\/\/agenciainfra.com\/blog\/wp-json\/wp\/v2\/categories?post=31132"},{"taxonomy":"post_tag","embeddable":true,"href":"https:\/\/agenciainfra.com\/blog\/wp-json\/wp\/v2\/tags?post=31132"}],"curies":[{"name":"wp","href":"https:\/\/api.w.org\/{rel}","templated":true}]}}