{"id":3119,"date":"2019-04-27T04:00:19","date_gmt":"2019-04-27T07:00:19","guid":{"rendered":"http:\/\/www.agenciainfra.com\/blog\/?p=3119"},"modified":"2019-04-25T13:54:26","modified_gmt":"2019-04-25T16:54:26","slug":"analise-superoferta-problema-dos-caminhoneiros-autonomos-se-agrava","status":"publish","type":"post","link":"https:\/\/agenciainfra.com\/blog\/analise-superoferta-problema-dos-caminhoneiros-autonomos-se-agrava\/","title":{"rendered":"An\u00e1lise: Superoferta, problema dos caminhoneiros aut\u00f4nomos, se agrava"},"content":{"rendered":"<div>\n<h5 style=\"text-align: right;\"><strong>Dimmi Amora, da Ag\u00eancia iNFRA<\/strong><\/h5>\n<p>Desde a\u00a0semana passada, o governo vem anunciando\u00a0medidas para conter, junto aos caminhoneiros, os danos do inevit\u00e1vel aumento do pre\u00e7o do diesel, que o presidente Jair Bolsonaro tentou segurar dias antes \u2013 posi\u00e7\u00e3o que o espectro ainda liberal que seu governo carrega impediu que se mantivesse.<\/p>\n<p>Na semana passada, garantiu a\u00a0libera\u00e7\u00e3o de R$ 2 bilh\u00f5es para obras em estradas \u2013 que na pr\u00e1tica \u00e9 uma devolu\u00e7\u00e3o do que estava previsto e foi bloqueado \u2013, R$ 500 milh\u00f5es de uma linha de cr\u00e9dito no BNDES para manuten\u00e7\u00e3o de at\u00e9 R$ 30 mil dos caminh\u00f5es e a imposi\u00e7\u00e3o da cria\u00e7\u00e3o de pontos de parada em rodovias concessionadas foram as medidas novas.<\/p>\n<p>Com elas, o ministro da Infraestrutura, Tarc\u00edsio de Freitas, refor\u00e7ou outros desejos que o governo tem, mas em quatro meses ainda n\u00e3o colocou em pr\u00e1tica: reduzir a burocracia na contrata\u00e7\u00e3o de aut\u00f4nomos e aumentar a fiscaliza\u00e7\u00e3o sobre a tabela de frete, seriam os principais.<\/p>\n<p>Em encontro com grupos de caminhoneiros na \u00faltima segunda-feira (22), o ministro disse ainda que vai atualizar a tabela do frete com os aumentos do diesel (o que j\u00e1 \u00e9 previsto) e anunciou um vago compromisso de reduzir &#8220;multas desnecess\u00e1rias&#8221;, al\u00e9m de voltar a falar no refor\u00e7o da fiscaliza\u00e7\u00e3o.<\/p>\n<p>As medidas novas s\u00e3o in\u00f3cuas para solucionar o problema que o pr\u00f3prio ministro diagnostica como o principal do setor, o excesso de oferta. Al\u00e9m disso, t\u00eam baixa relev\u00e2ncia para a situa\u00e7\u00e3o atual, j\u00e1 que podem ser consideradas, no m\u00e1ximo, medidas de m\u00e9dio prazo. N\u00e3o \u00e9 fact\u00edvel ver o BNDES liberando recursos em valor consider\u00e1vel de uma linha dessas neste semestre ou ver ponto de parada funcionando neste ano.<\/p>\n<p>As outras medidas de melhoria da burocracia e da fiscaliza\u00e7\u00e3o tamb\u00e9m podem vir no segundo semestre se o governo acelerar. Ajudam, mas tamb\u00e9m n\u00e3o resolvem o problema principal. Novamente, o excesso de oferta.<\/p>\n<p>Os grupos presentes se comprometeram a n\u00e3o realizar uma paralisa\u00e7\u00e3o prevista para ter in\u00edcio na segunda-feira (29).<\/p>\n<p>E o que o governo tem feito para solucionar o excesso de oferta?<\/p>\n<p>Na pr\u00e1tica, aumentar a oferta de cargas para serem transportadas \u00e9 algo sobre o qual o governo tem pouca inger\u00eancia (ou deveria ter). Depende do desenvolvimento da economia, que infelizmente neste momento est\u00e1 muito associado ao desempenho do governo devido \u00e0 grave crise fiscal que o pa\u00eds atravessa h\u00e1 cinco anos, o que gerou uma crise de confian\u00e7a.<\/p>\n<p><strong>Sinal trocado<\/strong><br \/>\nSe liberal for, a economia \u00e9 que dever\u00e1 ditar a compra e venda de caminh\u00f5es para que se chegue ao ponto \u00f3timo entre a demanda e a oferta existentes.\u00a0Mas o sinal enviado foi totalmente ao contr\u00e1rio. Incentiva-se mais oferta de caminh\u00f5es e interven\u00e7\u00e3o do governo no setor.<\/p>\n<p>No\u00a0dia do an\u00fancio da semana passada, a Caixa ampliou uma linha de cr\u00e9dito para financiar 100% da compra de caminh\u00f5es novos (o limite anterior era 80%). Era o incentivo que faltava para que empresas embarcadoras tomassem a decis\u00e3o de ter frota pr\u00f3pria \u2013 o que j\u00e1 vem ocorrendo fortemente desde o ano passado, ap\u00f3s a introdu\u00e7\u00e3o da tabela de frete, tema que ser\u00e1 tratado mais \u00e0 frente neste texto (e que foi alertado\u00a0em artigo deste editor em maio de 2018, dispon\u00edvel\u00a0<a href=\"https:\/\/agenciainfra.us14.list-manage.com\/track\/click?u=d460dd1bcf9ba0ae040e1fc0f&amp;id=b9e967a43c&amp;e=c099169394\" target=\"_blank\" rel=\"noopener\" data-saferedirecturl=\"https:\/\/www.google.com\/url?q=https:\/\/agenciainfra.us14.list-manage.com\/track\/click?u%3Dd460dd1bcf9ba0ae040e1fc0f%26id%3Db9e967a43c%26e%3Dc099169394&amp;source=gmail&amp;ust=1556296339847000&amp;usg=AFQjCNHMUVB5jLM9R7c7W6ICVlH-pfZz3g\">neste link<\/a>).<\/p>\n<p>Pelos dados da Anfavea, a m\u00e9dia de caminh\u00f5es licenciados nos 10 meses ap\u00f3s a greve de 2018 \u00e9 de 7,3 mil ve\u00edculos\/m\u00eas. No mesmo per\u00edodo anterior, era de 5 mil\/m\u00eas. Nos mesmos 10 meses entre 2015\/2016, auge da crise econ\u00f4mica, eram 3,8 mil. Os n\u00fameros atuais j\u00e1 est\u00e3o no caminho do per\u00edodo que produziu a superoferta (2012\/2013), quando foram 11,3 mil\/m\u00eas. E n\u00e3o param de subir.<\/p>\n<p>Em um v\u00eddeo que circula na internet sobre uma feira de venda de equipamentos para o setor agr\u00edcola, um caminhoneiro vai mostrando as vendas de caminh\u00f5es que s\u00e3o anunciadas pelas empresas, sempre na casa das dezenas, e uma delas de uma centena de carretas. Certamente n\u00e3o s\u00e3o aut\u00f4nomos comprando novos caminh\u00f5es para melhorarem sua produtividade e poderem competir no mercado.<\/p>\n<p>Com mais empresas fazendo frota pr\u00f3pria, a crise de superoferta de caminh\u00f5es dever\u00e1 se agravar e esse \u00e9 o principal motivo para a redu\u00e7\u00e3o da renda dos caminhoneiros aut\u00f4nomos, o elo mais fraco da corrente.<\/p>\n<p>Ainda fortalecidos pelo movimento de maio de 2018, eles\u00a0t\u00eam for\u00e7a para repetir a dose do rem\u00e9dio este ano, com mais\u00a0interfer\u00eancia que resolva um problema que, de fato, n\u00e3o foram eles que criaram. Pol\u00edticas p\u00fablicas ineficientes s\u00e3o a causa da desordem.<\/p>\n<p>Apesar do compromisso de segunda-feira (22), ainda \u00e9 necess\u00e1rio esperar porque as lideran\u00e7as desses grupos s\u00e3o dispersas e nem sempre o governo fala com quem mobiliza mais. Basta lembrar quantas vezes os ministros do governo Temer anunciaram o fim da greve e ela n\u00e3o acabou.<\/p>\n<p>A hist\u00f3ria das greves de caminhoneiros mostra que elas s\u00f3 s\u00e3o bem sucedidas quando h\u00e1 alian\u00e7a entre os interesses de aut\u00f4nomos e os de frotistas e\/ou embarcadores. Desta vez, ao que parece, os interesses s\u00e3o opostos, o que pode mudar at\u00e9 o in\u00edcio do movimento.<\/p>\n<p><strong>Tabela de Frete<\/strong><br \/>\nEm rela\u00e7\u00e3o \u00e0 tabela, j\u00e1 \u00e9 conhecida a informa\u00e7\u00e3o de que a revis\u00e3o pela qual ela passou, ap\u00f3s estudos que criaram um documento minimamente t\u00e9cnico, vai reduzir a algo entre 10% e 30% o valor dos fretes da atual tabela, a depender da carga\/dist\u00e2ncia.<\/p>\n<p>O aumento do pre\u00e7o do diesel j\u00e1 \u00e9 contemplado nos estudos que v\u00e3o servir de refer\u00eancia, o que pode reduzir o impacto da nova f\u00f3rmula de c\u00e1lculo. Mas certamente a nova tabela n\u00e3o ser\u00e1 do agrado de parte dos\u00a0aut\u00f4nomos quando for anunciada (os reajustes ocorrem de 6 em 6 meses), em 60 dias.<\/p>\n<p>Se os pre\u00e7os da tabela se mantiverem no patamar atual, haver\u00e1 mais incentivo para que as empresas passem a ter frota pr\u00f3pria. A solu\u00e7\u00e3o do problema vir\u00e1 via mercado, com maior custo para toda a sociedade que, al\u00e9m de pagar mais pelo frete, ter\u00e1 que lidar com milhares de motoristas aut\u00f4nomos sem trabalho.<\/p>\n<\/div>\n","protected":false},"excerpt":{"rendered":"<p>Dimmi Amora, da Ag\u00eancia iNFRA Desde a\u00a0semana passada, o governo vem anunciando\u00a0medidas para conter, junto aos caminhoneiros, os danos do inevit\u00e1vel aumento do pre\u00e7o do diesel, que o presidente Jair Bolsonaro tentou segurar dias antes \u2013 posi\u00e7\u00e3o que o espectro ainda liberal que seu governo carrega impediu que se mantivesse. Na semana passada, garantiu a\u00a0libera\u00e7\u00e3o [&hellip;]<\/p>\n","protected":false},"author":9,"featured_media":1981,"comment_status":"closed","ping_status":"open","sticky":false,"template":"","format":"standard","meta":{"_monsterinsights_skip_tracking":false,"_monsterinsights_sitenote_active":false,"_monsterinsights_sitenote_note":"","_monsterinsights_sitenote_category":0,"footnotes":""},"categories":[7],"tags":[938,315,298,448],"class_list":["post-3119","post","type-post","status-publish","format-standard","has-post-thumbnail","hentry","category-infratransporte","tag-caminhoneiros-autonomos","tag-diesel","tag-tabela-de-frete","tag-tarcisio-de-freitas"],"yoast_head":"<!-- This site is optimized with the Yoast SEO Premium plugin v25.4 (Yoast SEO v26.0) - https:\/\/yoast.com\/wordpress\/plugins\/seo\/ -->\n<title>An\u00e1lise: Superoferta, problema dos caminhoneiros aut\u00f4nomos, se agrava - Ag\u00eancia iNFRA<\/title>\n<meta name=\"robots\" content=\"index, follow, max-snippet:-1, max-image-preview:large, max-video-preview:-1\" \/>\n<link rel=\"canonical\" href=\"https:\/\/agenciainfra.com\/blog\/analise-superoferta-problema-dos-caminhoneiros-autonomos-se-agrava\/\" \/>\n<meta property=\"og:locale\" content=\"pt_BR\" \/>\n<meta property=\"og:type\" content=\"article\" \/>\n<meta property=\"og:title\" content=\"An\u00e1lise: Superoferta, problema dos caminhoneiros aut\u00f4nomos, se agrava\" \/>\n<meta property=\"og:description\" content=\"Dimmi Amora, da Ag\u00eancia iNFRA Desde a\u00a0semana passada, o governo vem anunciando\u00a0medidas para conter, junto aos caminhoneiros, os danos do inevit\u00e1vel aumento do pre\u00e7o do diesel, que o presidente Jair Bolsonaro tentou segurar dias antes \u2013 posi\u00e7\u00e3o que o espectro ainda liberal que seu governo carrega impediu que se mantivesse. Na semana passada, garantiu a\u00a0libera\u00e7\u00e3o [&hellip;]\" \/>\n<meta property=\"og:url\" content=\"https:\/\/agenciainfra.com\/blog\/analise-superoferta-problema-dos-caminhoneiros-autonomos-se-agrava\/\" \/>\n<meta property=\"og:site_name\" content=\"Ag\u00eancia iNFRA\" \/>\n<meta property=\"article:publisher\" content=\"https:\/\/www.facebook.com\/ageninfra\" \/>\n<meta property=\"article:published_time\" content=\"2019-04-27T07:00:19+00:00\" \/>\n<meta property=\"og:image\" content=\"https:\/\/agenciainfra.com\/blog\/wp-content\/uploads\/2018\/06\/caminhao_tomaz_silva_agencia_brasil_21052018.jpg\" \/>\n\t<meta property=\"og:image:width\" content=\"4085\" \/>\n\t<meta property=\"og:image:height\" content=\"2723\" \/>\n\t<meta property=\"og:image:type\" content=\"image\/jpeg\" \/>\n<meta name=\"author\" content=\"Rodrigo Zuquim\" \/>\n<meta name=\"twitter:card\" content=\"summary_large_image\" \/>\n<meta name=\"twitter:creator\" content=\"@agencia_infra\" \/>\n<meta name=\"twitter:site\" content=\"@agencia_infra\" \/>\n<meta name=\"twitter:label1\" content=\"Escrito por\" \/>\n\t<meta name=\"twitter:data1\" content=\"Rodrigo Zuquim\" \/>\n\t<meta name=\"twitter:label2\" content=\"Est. tempo de leitura\" \/>\n\t<meta name=\"twitter:data2\" content=\"5 minutos\" \/>\n<script type=\"application\/ld+json\" class=\"yoast-schema-graph\">{\"@context\":\"https:\/\/schema.org\",\"@graph\":[{\"@type\":\"Article\",\"@id\":\"https:\/\/agenciainfra.com\/blog\/analise-superoferta-problema-dos-caminhoneiros-autonomos-se-agrava\/#article\",\"isPartOf\":{\"@id\":\"https:\/\/agenciainfra.com\/blog\/analise-superoferta-problema-dos-caminhoneiros-autonomos-se-agrava\/\"},\"author\":{\"name\":\"Rodrigo Zuquim\",\"@id\":\"https:\/\/agenciainfra.com\/blog\/#\/schema\/person\/04dbb79bd6d8951f063da71f3e4c1eb1\"},\"headline\":\"An\u00e1lise: Superoferta, problema dos caminhoneiros aut\u00f4nomos, se agrava\",\"datePublished\":\"2019-04-27T07:00:19+00:00\",\"mainEntityOfPage\":{\"@id\":\"https:\/\/agenciainfra.com\/blog\/analise-superoferta-problema-dos-caminhoneiros-autonomos-se-agrava\/\"},\"wordCount\":1075,\"publisher\":{\"@id\":\"https:\/\/agenciainfra.com\/blog\/#organization\"},\"image\":{\"@id\":\"https:\/\/agenciainfra.com\/blog\/analise-superoferta-problema-dos-caminhoneiros-autonomos-se-agrava\/#primaryimage\"},\"thumbnailUrl\":\"https:\/\/agenciainfra.com\/blog\/wp-content\/uploads\/2018\/06\/caminhao_tomaz_silva_agencia_brasil_21052018-e1740743870227.jpg\",\"keywords\":[\"caminhoneiros aut\u00f4nomos\",\"diesel\",\"tabela de frete\",\"Tarc\u00edsio de Freitas\"],\"articleSection\":[\"iNFRATransporte\"],\"inLanguage\":\"pt-BR\",\"copyrightYear\":\"2019\",\"copyrightHolder\":{\"@id\":\"https:\/\/agenciainfra.com\/blog\/#organization\"}},{\"@type\":\"WebPage\",\"@id\":\"https:\/\/agenciainfra.com\/blog\/analise-superoferta-problema-dos-caminhoneiros-autonomos-se-agrava\/\",\"url\":\"https:\/\/agenciainfra.com\/blog\/analise-superoferta-problema-dos-caminhoneiros-autonomos-se-agrava\/\",\"name\":\"An\u00e1lise: Superoferta, problema dos caminhoneiros aut\u00f4nomos, se agrava - Ag\u00eancia iNFRA\",\"isPartOf\":{\"@id\":\"https:\/\/agenciainfra.com\/blog\/#website\"},\"primaryImageOfPage\":{\"@id\":\"https:\/\/agenciainfra.com\/blog\/analise-superoferta-problema-dos-caminhoneiros-autonomos-se-agrava\/#primaryimage\"},\"image\":{\"@id\":\"https:\/\/agenciainfra.com\/blog\/analise-superoferta-problema-dos-caminhoneiros-autonomos-se-agrava\/#primaryimage\"},\"thumbnailUrl\":\"https:\/\/agenciainfra.com\/blog\/wp-content\/uploads\/2018\/06\/caminhao_tomaz_silva_agencia_brasil_21052018-e1740743870227.jpg\",\"datePublished\":\"2019-04-27T07:00:19+00:00\",\"breadcrumb\":{\"@id\":\"https:\/\/agenciainfra.com\/blog\/analise-superoferta-problema-dos-caminhoneiros-autonomos-se-agrava\/#breadcrumb\"},\"inLanguage\":\"pt-BR\",\"potentialAction\":[{\"@type\":\"ReadAction\",\"target\":[\"https:\/\/agenciainfra.com\/blog\/analise-superoferta-problema-dos-caminhoneiros-autonomos-se-agrava\/\"]}]},{\"@type\":\"ImageObject\",\"inLanguage\":\"pt-BR\",\"@id\":\"https:\/\/agenciainfra.com\/blog\/analise-superoferta-problema-dos-caminhoneiros-autonomos-se-agrava\/#primaryimage\",\"url\":\"https:\/\/agenciainfra.com\/blog\/wp-content\/uploads\/2018\/06\/caminhao_tomaz_silva_agencia_brasil_21052018-e1740743870227.jpg\",\"contentUrl\":\"https:\/\/agenciainfra.com\/blog\/wp-content\/uploads\/2018\/06\/caminhao_tomaz_silva_agencia_brasil_21052018-e1740743870227.jpg\",\"width\":1208,\"height\":805},{\"@type\":\"BreadcrumbList\",\"@id\":\"https:\/\/agenciainfra.com\/blog\/analise-superoferta-problema-dos-caminhoneiros-autonomos-se-agrava\/#breadcrumb\",\"itemListElement\":[{\"@type\":\"ListItem\",\"position\":1,\"name\":\"In\u00edcio\",\"item\":\"https:\/\/agenciainfra.com\/blog\/\"},{\"@type\":\"ListItem\",\"position\":2,\"name\":\"An\u00e1lise: Superoferta, problema dos caminhoneiros aut\u00f4nomos, se agrava\"}]},{\"@type\":\"WebSite\",\"@id\":\"https:\/\/agenciainfra.com\/blog\/#website\",\"url\":\"https:\/\/agenciainfra.com\/blog\/\",\"name\":\"Ag\u00eancia iNFRA\",\"description\":\"Multiplataforma de informa\u00e7\u00e3o jornal\u00edstica refer\u00eancia na \u00e1rea de infraestrutura no Brasil!\",\"publisher\":{\"@id\":\"https:\/\/agenciainfra.com\/blog\/#organization\"},\"potentialAction\":[{\"@type\":\"SearchAction\",\"target\":{\"@type\":\"EntryPoint\",\"urlTemplate\":\"https:\/\/agenciainfra.com\/blog\/?s={search_term_string}\"},\"query-input\":{\"@type\":\"PropertyValueSpecification\",\"valueRequired\":true,\"valueName\":\"search_term_string\"}}],\"inLanguage\":\"pt-BR\"},{\"@type\":\"Organization\",\"@id\":\"https:\/\/agenciainfra.com\/blog\/#organization\",\"name\":\"Ag\u00eancia iNFRA\",\"url\":\"https:\/\/agenciainfra.com\/blog\/\",\"logo\":{\"@type\":\"ImageObject\",\"inLanguage\":\"pt-BR\",\"@id\":\"https:\/\/agenciainfra.com\/blog\/#\/schema\/logo\/image\/\",\"url\":\"https:\/\/agenciainfra.com\/blog\/wp-content\/uploads\/2023\/09\/iNFRA_5-e1761735885940.png\",\"contentUrl\":\"https:\/\/agenciainfra.com\/blog\/wp-content\/uploads\/2023\/09\/iNFRA_5-e1761735885940.png\",\"width\":1672,\"height\":454,\"caption\":\"Ag\u00eancia iNFRA\"},\"image\":{\"@id\":\"https:\/\/agenciainfra.com\/blog\/#\/schema\/logo\/image\/\"},\"sameAs\":[\"https:\/\/www.facebook.com\/ageninfra\",\"https:\/\/x.com\/agencia_infra\",\"https:\/\/www.linkedin.com\/company\/ag\u00eanciainfra\/\",\"https:\/\/www.instagram.com\/agenciainfra\/\"]},{\"@type\":\"Person\",\"@id\":\"https:\/\/agenciainfra.com\/blog\/#\/schema\/person\/04dbb79bd6d8951f063da71f3e4c1eb1\",\"name\":\"Rodrigo Zuquim\",\"image\":{\"@type\":\"ImageObject\",\"inLanguage\":\"pt-BR\",\"@id\":\"https:\/\/agenciainfra.com\/blog\/#\/schema\/person\/image\/\",\"url\":\"https:\/\/secure.gravatar.com\/avatar\/594abfe82761d620726242ff34ca472a705a4b97f16c790053a6b4c4035274d0?s=96&d=mm&r=g\",\"contentUrl\":\"https:\/\/secure.gravatar.com\/avatar\/594abfe82761d620726242ff34ca472a705a4b97f16c790053a6b4c4035274d0?s=96&d=mm&r=g\",\"caption\":\"Rodrigo Zuquim\"},\"url\":\"https:\/\/agenciainfra.com\/blog\/author\/rodrigo-zuquim\/\"}]}<\/script>\n<!-- \/ Yoast SEO Premium plugin. -->","yoast_head_json":{"title":"An\u00e1lise: Superoferta, problema dos caminhoneiros aut\u00f4nomos, se agrava - Ag\u00eancia iNFRA","robots":{"index":"index","follow":"follow","max-snippet":"max-snippet:-1","max-image-preview":"max-image-preview:large","max-video-preview":"max-video-preview:-1"},"canonical":"https:\/\/agenciainfra.com\/blog\/analise-superoferta-problema-dos-caminhoneiros-autonomos-se-agrava\/","og_locale":"pt_BR","og_type":"article","og_title":"An\u00e1lise: Superoferta, problema dos caminhoneiros aut\u00f4nomos, se agrava","og_description":"Dimmi Amora, da Ag\u00eancia iNFRA Desde a\u00a0semana passada, o governo vem anunciando\u00a0medidas para conter, junto aos caminhoneiros, os danos do inevit\u00e1vel aumento do pre\u00e7o do diesel, que o presidente Jair Bolsonaro tentou segurar dias antes \u2013 posi\u00e7\u00e3o que o espectro ainda liberal que seu governo carrega impediu que se mantivesse. Na semana passada, garantiu a\u00a0libera\u00e7\u00e3o [&hellip;]","og_url":"https:\/\/agenciainfra.com\/blog\/analise-superoferta-problema-dos-caminhoneiros-autonomos-se-agrava\/","og_site_name":"Ag\u00eancia iNFRA","article_publisher":"https:\/\/www.facebook.com\/ageninfra","article_published_time":"2019-04-27T07:00:19+00:00","og_image":[{"width":4085,"height":2723,"url":"https:\/\/agenciainfra.com\/blog\/wp-content\/uploads\/2018\/06\/caminhao_tomaz_silva_agencia_brasil_21052018.jpg","type":"image\/jpeg"}],"author":"Rodrigo Zuquim","twitter_card":"summary_large_image","twitter_creator":"@agencia_infra","twitter_site":"@agencia_infra","twitter_misc":{"Escrito por":"Rodrigo Zuquim","Est. tempo de leitura":"5 minutos"},"schema":{"@context":"https:\/\/schema.org","@graph":[{"@type":"Article","@id":"https:\/\/agenciainfra.com\/blog\/analise-superoferta-problema-dos-caminhoneiros-autonomos-se-agrava\/#article","isPartOf":{"@id":"https:\/\/agenciainfra.com\/blog\/analise-superoferta-problema-dos-caminhoneiros-autonomos-se-agrava\/"},"author":{"name":"Rodrigo Zuquim","@id":"https:\/\/agenciainfra.com\/blog\/#\/schema\/person\/04dbb79bd6d8951f063da71f3e4c1eb1"},"headline":"An\u00e1lise: Superoferta, problema dos caminhoneiros aut\u00f4nomos, se agrava","datePublished":"2019-04-27T07:00:19+00:00","mainEntityOfPage":{"@id":"https:\/\/agenciainfra.com\/blog\/analise-superoferta-problema-dos-caminhoneiros-autonomos-se-agrava\/"},"wordCount":1075,"publisher":{"@id":"https:\/\/agenciainfra.com\/blog\/#organization"},"image":{"@id":"https:\/\/agenciainfra.com\/blog\/analise-superoferta-problema-dos-caminhoneiros-autonomos-se-agrava\/#primaryimage"},"thumbnailUrl":"https:\/\/agenciainfra.com\/blog\/wp-content\/uploads\/2018\/06\/caminhao_tomaz_silva_agencia_brasil_21052018-e1740743870227.jpg","keywords":["caminhoneiros aut\u00f4nomos","diesel","tabela de frete","Tarc\u00edsio de Freitas"],"articleSection":["iNFRATransporte"],"inLanguage":"pt-BR","copyrightYear":"2019","copyrightHolder":{"@id":"https:\/\/agenciainfra.com\/blog\/#organization"}},{"@type":"WebPage","@id":"https:\/\/agenciainfra.com\/blog\/analise-superoferta-problema-dos-caminhoneiros-autonomos-se-agrava\/","url":"https:\/\/agenciainfra.com\/blog\/analise-superoferta-problema-dos-caminhoneiros-autonomos-se-agrava\/","name":"An\u00e1lise: Superoferta, problema dos caminhoneiros aut\u00f4nomos, se agrava - Ag\u00eancia iNFRA","isPartOf":{"@id":"https:\/\/agenciainfra.com\/blog\/#website"},"primaryImageOfPage":{"@id":"https:\/\/agenciainfra.com\/blog\/analise-superoferta-problema-dos-caminhoneiros-autonomos-se-agrava\/#primaryimage"},"image":{"@id":"https:\/\/agenciainfra.com\/blog\/analise-superoferta-problema-dos-caminhoneiros-autonomos-se-agrava\/#primaryimage"},"thumbnailUrl":"https:\/\/agenciainfra.com\/blog\/wp-content\/uploads\/2018\/06\/caminhao_tomaz_silva_agencia_brasil_21052018-e1740743870227.jpg","datePublished":"2019-04-27T07:00:19+00:00","breadcrumb":{"@id":"https:\/\/agenciainfra.com\/blog\/analise-superoferta-problema-dos-caminhoneiros-autonomos-se-agrava\/#breadcrumb"},"inLanguage":"pt-BR","potentialAction":[{"@type":"ReadAction","target":["https:\/\/agenciainfra.com\/blog\/analise-superoferta-problema-dos-caminhoneiros-autonomos-se-agrava\/"]}]},{"@type":"ImageObject","inLanguage":"pt-BR","@id":"https:\/\/agenciainfra.com\/blog\/analise-superoferta-problema-dos-caminhoneiros-autonomos-se-agrava\/#primaryimage","url":"https:\/\/agenciainfra.com\/blog\/wp-content\/uploads\/2018\/06\/caminhao_tomaz_silva_agencia_brasil_21052018-e1740743870227.jpg","contentUrl":"https:\/\/agenciainfra.com\/blog\/wp-content\/uploads\/2018\/06\/caminhao_tomaz_silva_agencia_brasil_21052018-e1740743870227.jpg","width":1208,"height":805},{"@type":"BreadcrumbList","@id":"https:\/\/agenciainfra.com\/blog\/analise-superoferta-problema-dos-caminhoneiros-autonomos-se-agrava\/#breadcrumb","itemListElement":[{"@type":"ListItem","position":1,"name":"In\u00edcio","item":"https:\/\/agenciainfra.com\/blog\/"},{"@type":"ListItem","position":2,"name":"An\u00e1lise: Superoferta, problema dos caminhoneiros aut\u00f4nomos, se agrava"}]},{"@type":"WebSite","@id":"https:\/\/agenciainfra.com\/blog\/#website","url":"https:\/\/agenciainfra.com\/blog\/","name":"Ag\u00eancia iNFRA","description":"Multiplataforma de informa\u00e7\u00e3o jornal\u00edstica refer\u00eancia na \u00e1rea de infraestrutura no Brasil!","publisher":{"@id":"https:\/\/agenciainfra.com\/blog\/#organization"},"potentialAction":[{"@type":"SearchAction","target":{"@type":"EntryPoint","urlTemplate":"https:\/\/agenciainfra.com\/blog\/?s={search_term_string}"},"query-input":{"@type":"PropertyValueSpecification","valueRequired":true,"valueName":"search_term_string"}}],"inLanguage":"pt-BR"},{"@type":"Organization","@id":"https:\/\/agenciainfra.com\/blog\/#organization","name":"Ag\u00eancia iNFRA","url":"https:\/\/agenciainfra.com\/blog\/","logo":{"@type":"ImageObject","inLanguage":"pt-BR","@id":"https:\/\/agenciainfra.com\/blog\/#\/schema\/logo\/image\/","url":"https:\/\/agenciainfra.com\/blog\/wp-content\/uploads\/2023\/09\/iNFRA_5-e1761735885940.png","contentUrl":"https:\/\/agenciainfra.com\/blog\/wp-content\/uploads\/2023\/09\/iNFRA_5-e1761735885940.png","width":1672,"height":454,"caption":"Ag\u00eancia iNFRA"},"image":{"@id":"https:\/\/agenciainfra.com\/blog\/#\/schema\/logo\/image\/"},"sameAs":["https:\/\/www.facebook.com\/ageninfra","https:\/\/x.com\/agencia_infra","https:\/\/www.linkedin.com\/company\/ag\u00eanciainfra\/","https:\/\/www.instagram.com\/agenciainfra\/"]},{"@type":"Person","@id":"https:\/\/agenciainfra.com\/blog\/#\/schema\/person\/04dbb79bd6d8951f063da71f3e4c1eb1","name":"Rodrigo Zuquim","image":{"@type":"ImageObject","inLanguage":"pt-BR","@id":"https:\/\/agenciainfra.com\/blog\/#\/schema\/person\/image\/","url":"https:\/\/secure.gravatar.com\/avatar\/594abfe82761d620726242ff34ca472a705a4b97f16c790053a6b4c4035274d0?s=96&d=mm&r=g","contentUrl":"https:\/\/secure.gravatar.com\/avatar\/594abfe82761d620726242ff34ca472a705a4b97f16c790053a6b4c4035274d0?s=96&d=mm&r=g","caption":"Rodrigo Zuquim"},"url":"https:\/\/agenciainfra.com\/blog\/author\/rodrigo-zuquim\/"}]}},"_links":{"self":[{"href":"https:\/\/agenciainfra.com\/blog\/wp-json\/wp\/v2\/posts\/3119","targetHints":{"allow":["GET"]}}],"collection":[{"href":"https:\/\/agenciainfra.com\/blog\/wp-json\/wp\/v2\/posts"}],"about":[{"href":"https:\/\/agenciainfra.com\/blog\/wp-json\/wp\/v2\/types\/post"}],"author":[{"embeddable":true,"href":"https:\/\/agenciainfra.com\/blog\/wp-json\/wp\/v2\/users\/9"}],"replies":[{"embeddable":true,"href":"https:\/\/agenciainfra.com\/blog\/wp-json\/wp\/v2\/comments?post=3119"}],"version-history":[{"count":0,"href":"https:\/\/agenciainfra.com\/blog\/wp-json\/wp\/v2\/posts\/3119\/revisions"}],"wp:featuredmedia":[{"embeddable":true,"href":"https:\/\/agenciainfra.com\/blog\/wp-json\/wp\/v2\/media\/1981"}],"wp:attachment":[{"href":"https:\/\/agenciainfra.com\/blog\/wp-json\/wp\/v2\/media?parent=3119"}],"wp:term":[{"taxonomy":"category","embeddable":true,"href":"https:\/\/agenciainfra.com\/blog\/wp-json\/wp\/v2\/categories?post=3119"},{"taxonomy":"post_tag","embeddable":true,"href":"https:\/\/agenciainfra.com\/blog\/wp-json\/wp\/v2\/tags?post=3119"}],"curies":[{"name":"wp","href":"https:\/\/api.w.org\/{rel}","templated":true}]}}