{"id":31194,"date":"2025-10-31T11:07:52","date_gmt":"2025-10-31T14:07:52","guid":{"rendered":"https:\/\/agenciainfra.com\/blog\/?p=31194"},"modified":"2026-02-27T10:57:50","modified_gmt":"2026-02-27T13:57:50","slug":"regras-do-fnac-exigem-mais-voos-na-amazonia-e-ne-credito-sai-em-2026","status":"publish","type":"post","link":"https:\/\/agenciainfra.com\/blog\/regras-do-fnac-exigem-mais-voos-na-amazonia-e-ne-credito-sai-em-2026\/","title":{"rendered":"Regras do FNAC exigem mais voos na Amaz\u00f4nia e NE; cr\u00e9dito sai em 2026"},"content":{"rendered":"\n<p class=\"has-text-align-right\"><strong>Amanda Pupo, da Ag\u00eancia iNFRA<\/strong><\/p>\n\n\n\n<p>As companhias a\u00e9reas que quiserem contratar empr\u00e9stimos com recursos do FNAC (Fundo Nacional de Avia\u00e7\u00e3o Civil) ter\u00e3o de ampliar a frequ\u00eancia de voos entre os aeroportos da Amaz\u00f4nia Legal e do Nordeste. A regra faz parte de tr\u00eas grandes grupos de contrapartidas definidas nesta quinta-feira (30) pelo CMN (Conselho Monet\u00e1rio Nacional), a partir de\u00a0proposta elaborada pelo MPor (Minist\u00e9rio de Portos e Aeroportos) nos \u00faltimos meses. A resolu\u00e7\u00e3o consolida seis linhas de financiamento, com taxas de juros que variam de 6,5% a 7% ao ano. A princ\u00edpio, R$ 4 bilh\u00f5es estar\u00e3o dispon\u00edveis.\u00a0<br><br>Uma das regras que precisar\u00e1 ser seguida por cada a\u00e9rea que acessar o cr\u00e9dito \u00e9 a de promover um incremento de, no m\u00ednimo, 30% na propor\u00e7\u00e3o anual de frequ\u00eancias operadas pela companhia entre aeroportos localizados na regi\u00e3o da Amaz\u00f4nia Legal e do Nordeste brasileiro. A amplia\u00e7\u00e3o dever\u00e1 ser em rela\u00e7\u00e3o \u00e0 propor\u00e7\u00e3o praticada no ano anterior ao pedido de financiamento.\u00a0<br><br>Na pr\u00e1tica, se uma empresa opera 10% de frequ\u00eancias dentro das duas regi\u00f5es, ela precisar\u00e1 aumentar esse n\u00famero para 13%. Segundo a diretora de Planejamento e Fomento da Secretaria de Avia\u00e7\u00e3o Civil do MPor, J\u00falia Lopes, o patamar foi definido a partir de um estudo sobre o porcentual operado pelas tr\u00eas maiores companhias a\u00e9reas do pa\u00eds dentro da Amaz\u00f4nia Legal e do Nordeste.<br><br>A amplia\u00e7\u00e3o das frequ\u00eancias deve se dar entre terminais da regi\u00e3o, por exemplo, um voo entre Manaus (AM) e Aracaju (SE), e n\u00e3o de Guarulhos (SP) a Manaus. \u201cJ\u00e1 significar\u00e1 um bom incremento para a regi\u00e3o\u201d, afirmou \u00e0\u00a0<strong>Ag\u00eancia iNFRA<\/strong>.\u00a0<br><br>A resolu\u00e7\u00e3o cont\u00e9m ainda uma regra alternativa \u00e0 amplia\u00e7\u00e3o de 30% na propor\u00e7\u00e3o dos voos. Para cumprir a contrapartida, a empresa pode garantir que pelo menos 20% do total de suas decolagens anuais sejam realizadas com origem e destino situados nas duas regi\u00f5es.<br><br>A op\u00e7\u00e3o foi elaborada para que a exig\u00eancia n\u00e3o resultasse num esfor\u00e7o muito maior para companhias que j\u00e1 operam na regi\u00e3o em propor\u00e7\u00e3o mais elevada, como \u00e9 o caso da Azul, que tem presen\u00e7a relevante na avia\u00e7\u00e3o regional. A meta da contrapartida para voos na Amaz\u00f4nia Legal e no Nordeste dever\u00e1 ser atingida num prazo de 18 meses a partir da aprova\u00e7\u00e3o do financiamento.\u00a0<br><br><strong>Pr\u00f3ximos passos<\/strong><br>O comit\u00ea gestor do FNAC ainda precisar\u00e1 aprovar a resolu\u00e7\u00e3o que vai dispor, por exemplo, sobre a divis\u00e3o dos recursos entre as empresas. Em paralelo, ter\u00e1 um conv\u00eanio que vai possibilitar que o BNDES (Banco Nacional de Desenvolvimento Econ\u00f4mico e Social) seja o agente operador do cr\u00e9dito. Quando as linhas j\u00e1 estiverem rodando, as empresas primeiro apresentar\u00e3o a proposta ao minist\u00e9rio, que levar\u00e1 para aprova\u00e7\u00e3o do comit\u00ea gestor, que ent\u00e3o vai liberar ao BNDES os recursos chancelados.<br><br>A expectativa no minist\u00e9rio \u00e9 de que a resolu\u00e7\u00e3o do FNAC e o contrato com o BNDES sejam efetivados at\u00e9 o in\u00edcio de dezembro, havendo chance de as companhias conseguirem apresentar suas solicita\u00e7\u00f5es de financiamento ainda em 2025. A assinatura dos contratos, por sua vez, deve ficar para 2026.\u00a0<br><br>O socorro financeiro para as a\u00e9reas, que reclamam do alto custo de opera\u00e7\u00e3o no Brasil, \u00e9 arquitetado desde 2024. J\u00e1 a contrapartida de voos na Amaz\u00f4nia Legal e no Nordeste casa com outro programa desenhado pelo MPor, o AmpliAR, que pretende transferir para gest\u00e3o da iniciativa privada 19 aeroportos regionais nessas regi\u00f5es. O leil\u00e3o est\u00e1 previsto para acontecer no dia 24 de novembro.\u00a0<br><br><strong>Rev\u00e9s no Congresso<\/strong><br>Enquanto o governo tenta incentivar a avia\u00e7\u00e3o em localidades menos atendidas, o mercado de avia\u00e7\u00e3o aponta para problemas que tornam essa tarefa mais dif\u00edcil, como o custo alto para operar no Brasil, que torna rotas menos demandadas mais dif\u00edceis de se viabilizarem economicamente.<br><br>O rev\u00e9s mais recente foi o <a href=\"https:\/\/agenciainfra.com\/blog\/proibicao-a-cobranca-de-bagagem-despachada-ressurge-com-aval-da-camara\/\">texto aprovado<\/a> pela C\u00e2mara dos Deputados, que, se virar lei, vai impedir que as a\u00e9reas vendam passagens que n\u00e3o incluam a\u00a0bagagem de bordo e a mala despachada \u2013 op\u00e7\u00f5es que baixam o pre\u00e7o da tarifa.<br><br>O ministro de Portos e Aeroportos, Silvio Costa Filho, disse que, com a linha do FNAC, o governo est\u00e1 \u201cfazendo a sua parte\u201d. \u201cAs a\u00e9reas, que n\u00e3o receberam apoio quando mais precisavam, que foi durante a pandemia, poder\u00e3o reduzir seus custos operacionais e tamb\u00e9m o pre\u00e7o das passagens, evitando restri\u00e7\u00f5es que acabam prejudicando o consumidor\u201d, afirmou.<br><br><strong>SAF<\/strong><br>Os outros dois grupos de contrapartidas para as a\u00e9reas acessarem o cr\u00e9dito do FNAC s\u00e3o relativos ao combust\u00edvel sustent\u00e1vel de avia\u00e7\u00e3o, o SAF, e a regras que limitam alguns tipos de bonifica\u00e7\u00f5es a acionistas. No caso do SAF, as companhias dever\u00e3o comprar o combust\u00edvel sustent\u00e1vel produzido no Brasil, que corresponda \u00e0 redu\u00e7\u00e3o de 0,05 ponto porcentual adicional de emiss\u00e3o de CO2 em rela\u00e7\u00e3o \u00e0 meta prevista na lei.\u00a0<br><br>A legisla\u00e7\u00e3o, de 2024, obriga os operadores a\u00e9reos a reduzir as emiss\u00f5es de GEE em suas opera\u00e7\u00f5es dom\u00e9sticas por meio do uso de SAF partido de 1% em\u00a02027 e chegando a 10% a partir de 2037.<br><br>O cumprimento desta contrapartida dever\u00e1 ser adimplido pelo prazo remanescente do financiamento, a partir de janeiro de 2028. A aquisi\u00e7\u00e3o de SAF poder\u00e1 ser substitu\u00edda, total ou parcialmente, por investimento direto em projetos destinados a ampliar a oferta local do combust\u00edvel de avia\u00e7\u00e3o, \u201cmediante apresenta\u00e7\u00e3o de estudo t\u00e9cnico que demonstre a equival\u00eancia econ\u00f4mica e ambiental do investimento\u201d.\u00a0<br><br><strong>As linhas<\/strong><br>O regulamento do CMN consolidou seis linhas de financiamento que poder\u00e3o ser acessadas pelas a\u00e9reas no FNAC, entre elas a de aquisi\u00e7\u00e3o de aeronaves, que precisam ser de fabrica\u00e7\u00e3o nacional. Costa Filho j\u00e1 afirmou que este cr\u00e9dito foi elaborado como\u00a0est\u00edmulo a compra de aeronaves da Embraer, tendo em vista o \u201colhar para a avia\u00e7\u00e3o regional\u201d. As linhas s\u00e3o as seguintes:\u00a0<\/p>\n\n\n\n<ul class=\"wp-block-list\">\n<li>Aquisi\u00e7\u00e3o de SAF: apoio financeiro para aquisi\u00e7\u00e3o de SAF produzido no Brasil;<\/li>\n\n\n\n<li>Servi\u00e7o de manuten\u00e7\u00e3o de aeronaves: apoio financeiro para servi\u00e7os de manuten\u00e7\u00e3o de aeronaves, contratados de empresas nacionais;<\/li>\n\n\n\n<li>Servi\u00e7o de manuten\u00e7\u00e3o de motores: apoio financeiro para servi\u00e7os de manuten\u00e7\u00e3o de motores de aeronaves, contratados de empresas nacionais;<\/li>\n\n\n\n<li>Pagamentos antecipados (Pre-Delivery Payment \u2013 PDP) para aquisi\u00e7\u00e3o de aeronaves: apoio financeiro para pagamentos antecipados \u00e0 fabricante nacional de aeronaves com base em contrato comercial firmado;<\/li>\n\n\n\n<li>Aquisi\u00e7\u00e3o de aeronaves: apoio financeiro para aquisi\u00e7\u00e3o de aeronaves novas de fabrica\u00e7\u00e3o nacional e apoio \u00e0 aquisi\u00e7\u00e3o de motores, pe\u00e7as e componentes associados de at\u00e9 10% do valor financiado com aeronaves; e<\/li>\n\n\n\n<li>Investimentos em infraestrutura log\u00edstica e equipamentos de apoio \u00e0 avia\u00e7\u00e3o civil: apoio financeiro para implanta\u00e7\u00e3o, amplia\u00e7\u00e3o, moderniza\u00e7\u00e3o ou revitaliza\u00e7\u00e3o de estruturas e instala\u00e7\u00f5es essenciais ao suporte das opera\u00e7\u00f5es a\u00e9reas localizadas no Brasil e aquisi\u00e7\u00e3o de equipamentos nacionais destinados \u00e0 acessibilidade dos passageiros.<\/li>\n<\/ul>\n","protected":false},"excerpt":{"rendered":"<p>Amanda Pupo, da Ag\u00eancia iNFRA As companhias a\u00e9reas que quiserem contratar empr\u00e9stimos com recursos do FNAC (Fundo Nacional de Avia\u00e7\u00e3o Civil) ter\u00e3o de ampliar a frequ\u00eancia de voos entre os aeroportos da Amaz\u00f4nia Legal e do Nordeste. A regra faz parte de tr\u00eas grandes grupos de contrapartidas definidas nesta quinta-feira (30) pelo CMN (Conselho Monet\u00e1rio [&hellip;]<\/p>\n","protected":false},"author":1,"featured_media":29495,"comment_status":"closed","ping_status":"closed","sticky":false,"template":"","format":"standard","meta":{"_monsterinsights_skip_tracking":false,"_monsterinsights_sitenote_active":false,"_monsterinsights_sitenote_note":"","_monsterinsights_sitenote_category":0,"footnotes":""},"categories":[7],"tags":[13354,1770,103,10264,734,632,7467],"class_list":["post-31194","post","type-post","status-publish","format-standard","has-post-thumbnail","hentry","category-infratransporte","tag-amanda-pupo","tag-amazonia-legal","tag-bndes","tag-cmn","tag-fnac","tag-nordeste","tag-silvio-costa-filho"],"yoast_head":"<!-- This site is optimized with the Yoast SEO Premium plugin v25.4 (Yoast SEO v26.0) - https:\/\/yoast.com\/wordpress\/plugins\/seo\/ -->\n<title>Regras do FNAC exigem mais voos na Amaz\u00f4nia e NE; cr\u00e9dito sai em 2026 - Ag\u00eancia iNFRA<\/title>\n<meta name=\"robots\" content=\"index, follow, max-snippet:-1, max-image-preview:large, max-video-preview:-1\" \/>\n<link rel=\"canonical\" href=\"https:\/\/agenciainfra.com\/blog\/regras-do-fnac-exigem-mais-voos-na-amazonia-e-ne-credito-sai-em-2026\/\" \/>\n<meta property=\"og:locale\" content=\"pt_BR\" \/>\n<meta property=\"og:type\" content=\"article\" \/>\n<meta property=\"og:title\" content=\"Regras do FNAC exigem mais voos na Amaz\u00f4nia e NE; cr\u00e9dito sai em 2026\" \/>\n<meta property=\"og:description\" content=\"Amanda Pupo, da Ag\u00eancia iNFRA As companhias a\u00e9reas que quiserem contratar empr\u00e9stimos com recursos do FNAC (Fundo Nacional de Avia\u00e7\u00e3o Civil) ter\u00e3o de ampliar a frequ\u00eancia de voos entre os aeroportos da Amaz\u00f4nia Legal e do Nordeste. A regra faz parte de tr\u00eas grandes grupos de contrapartidas definidas nesta quinta-feira (30) pelo CMN (Conselho Monet\u00e1rio [&hellip;]\" \/>\n<meta property=\"og:url\" content=\"https:\/\/agenciainfra.com\/blog\/regras-do-fnac-exigem-mais-voos-na-amazonia-e-ne-credito-sai-em-2026\/\" \/>\n<meta property=\"og:site_name\" content=\"Ag\u00eancia iNFRA\" \/>\n<meta property=\"article:publisher\" content=\"https:\/\/www.facebook.com\/ageninfra\" \/>\n<meta property=\"article:published_time\" content=\"2025-10-31T14:07:52+00:00\" \/>\n<meta property=\"article:modified_time\" content=\"2026-02-27T13:57:50+00:00\" \/>\n<meta property=\"og:image\" content=\"https:\/\/agenciainfra.com\/blog\/wp-content\/uploads\/2025\/10\/aviao-aeroporto-foto-rovena-rosa-agencia-brasil.jpg\" \/>\n\t<meta property=\"og:image:width\" content=\"1280\" \/>\n\t<meta property=\"og:image:height\" content=\"765\" \/>\n\t<meta property=\"og:image:type\" content=\"image\/jpeg\" \/>\n<meta name=\"author\" content=\"Ag\u00eancia iNFRA\" \/>\n<meta name=\"twitter:card\" content=\"summary_large_image\" \/>\n<meta name=\"twitter:creator\" content=\"@agencia_infra\" \/>\n<meta name=\"twitter:site\" content=\"@agencia_infra\" \/>\n<meta name=\"twitter:label1\" content=\"Escrito por\" \/>\n\t<meta name=\"twitter:data1\" content=\"Ag\u00eancia iNFRA\" \/>\n\t<meta name=\"twitter:label2\" content=\"Est. tempo de leitura\" \/>\n\t<meta name=\"twitter:data2\" content=\"6 minutos\" \/>\n<script type=\"application\/ld+json\" class=\"yoast-schema-graph\">{\"@context\":\"https:\/\/schema.org\",\"@graph\":[{\"@type\":\"Article\",\"@id\":\"https:\/\/agenciainfra.com\/blog\/regras-do-fnac-exigem-mais-voos-na-amazonia-e-ne-credito-sai-em-2026\/#article\",\"isPartOf\":{\"@id\":\"https:\/\/agenciainfra.com\/blog\/regras-do-fnac-exigem-mais-voos-na-amazonia-e-ne-credito-sai-em-2026\/\"},\"author\":{\"name\":\"Ag\u00eancia iNFRA\",\"@id\":\"https:\/\/agenciainfra.com\/blog\/#\/schema\/person\/34af08dff6adea4cb22b06612ba7acfa\"},\"headline\":\"Regras do FNAC exigem mais voos na Amaz\u00f4nia e NE; cr\u00e9dito sai em 2026\",\"datePublished\":\"2025-10-31T14:07:52+00:00\",\"dateModified\":\"2026-02-27T13:57:50+00:00\",\"mainEntityOfPage\":{\"@id\":\"https:\/\/agenciainfra.com\/blog\/regras-do-fnac-exigem-mais-voos-na-amazonia-e-ne-credito-sai-em-2026\/\"},\"wordCount\":1206,\"publisher\":{\"@id\":\"https:\/\/agenciainfra.com\/blog\/#organization\"},\"image\":{\"@id\":\"https:\/\/agenciainfra.com\/blog\/regras-do-fnac-exigem-mais-voos-na-amazonia-e-ne-credito-sai-em-2026\/#primaryimage\"},\"thumbnailUrl\":\"https:\/\/agenciainfra.com\/blog\/wp-content\/uploads\/2025\/10\/aviao-aeroporto-foto-rovena-rosa-agencia-brasil.jpg\",\"keywords\":[\"Amanda Pupo\",\"Amaz\u00f4nia Legal\",\"BNDES\",\"CMN\",\"FNAC\",\"nordeste\",\"Silvio Costa Filho\"],\"articleSection\":[\"iNFRATransporte\"],\"inLanguage\":\"pt-BR\",\"copyrightYear\":\"2025\",\"copyrightHolder\":{\"@id\":\"https:\/\/agenciainfra.com\/blog\/#organization\"}},{\"@type\":\"WebPage\",\"@id\":\"https:\/\/agenciainfra.com\/blog\/regras-do-fnac-exigem-mais-voos-na-amazonia-e-ne-credito-sai-em-2026\/\",\"url\":\"https:\/\/agenciainfra.com\/blog\/regras-do-fnac-exigem-mais-voos-na-amazonia-e-ne-credito-sai-em-2026\/\",\"name\":\"Regras do FNAC exigem mais voos na Amaz\u00f4nia e NE; cr\u00e9dito sai em 2026 - Ag\u00eancia iNFRA\",\"isPartOf\":{\"@id\":\"https:\/\/agenciainfra.com\/blog\/#website\"},\"primaryImageOfPage\":{\"@id\":\"https:\/\/agenciainfra.com\/blog\/regras-do-fnac-exigem-mais-voos-na-amazonia-e-ne-credito-sai-em-2026\/#primaryimage\"},\"image\":{\"@id\":\"https:\/\/agenciainfra.com\/blog\/regras-do-fnac-exigem-mais-voos-na-amazonia-e-ne-credito-sai-em-2026\/#primaryimage\"},\"thumbnailUrl\":\"https:\/\/agenciainfra.com\/blog\/wp-content\/uploads\/2025\/10\/aviao-aeroporto-foto-rovena-rosa-agencia-brasil.jpg\",\"datePublished\":\"2025-10-31T14:07:52+00:00\",\"dateModified\":\"2026-02-27T13:57:50+00:00\",\"breadcrumb\":{\"@id\":\"https:\/\/agenciainfra.com\/blog\/regras-do-fnac-exigem-mais-voos-na-amazonia-e-ne-credito-sai-em-2026\/#breadcrumb\"},\"inLanguage\":\"pt-BR\",\"potentialAction\":[{\"@type\":\"ReadAction\",\"target\":[\"https:\/\/agenciainfra.com\/blog\/regras-do-fnac-exigem-mais-voos-na-amazonia-e-ne-credito-sai-em-2026\/\"]}]},{\"@type\":\"ImageObject\",\"inLanguage\":\"pt-BR\",\"@id\":\"https:\/\/agenciainfra.com\/blog\/regras-do-fnac-exigem-mais-voos-na-amazonia-e-ne-credito-sai-em-2026\/#primaryimage\",\"url\":\"https:\/\/agenciainfra.com\/blog\/wp-content\/uploads\/2025\/10\/aviao-aeroporto-foto-rovena-rosa-agencia-brasil.jpg\",\"contentUrl\":\"https:\/\/agenciainfra.com\/blog\/wp-content\/uploads\/2025\/10\/aviao-aeroporto-foto-rovena-rosa-agencia-brasil.jpg\",\"width\":1280,\"height\":765,\"caption\":\"Foto: Rovena Rosa\/Ag\u00eancia Brasil\"},{\"@type\":\"BreadcrumbList\",\"@id\":\"https:\/\/agenciainfra.com\/blog\/regras-do-fnac-exigem-mais-voos-na-amazonia-e-ne-credito-sai-em-2026\/#breadcrumb\",\"itemListElement\":[{\"@type\":\"ListItem\",\"position\":1,\"name\":\"In\u00edcio\",\"item\":\"https:\/\/agenciainfra.com\/blog\/\"},{\"@type\":\"ListItem\",\"position\":2,\"name\":\"Regras do FNAC exigem mais voos na Amaz\u00f4nia e NE; cr\u00e9dito sai em 2026\"}]},{\"@type\":\"WebSite\",\"@id\":\"https:\/\/agenciainfra.com\/blog\/#website\",\"url\":\"https:\/\/agenciainfra.com\/blog\/\",\"name\":\"Ag\u00eancia iNFRA\",\"description\":\"Multiplataforma de informa\u00e7\u00e3o jornal\u00edstica refer\u00eancia na \u00e1rea de infraestrutura no Brasil!\",\"publisher\":{\"@id\":\"https:\/\/agenciainfra.com\/blog\/#organization\"},\"potentialAction\":[{\"@type\":\"SearchAction\",\"target\":{\"@type\":\"EntryPoint\",\"urlTemplate\":\"https:\/\/agenciainfra.com\/blog\/?s={search_term_string}\"},\"query-input\":{\"@type\":\"PropertyValueSpecification\",\"valueRequired\":true,\"valueName\":\"search_term_string\"}}],\"inLanguage\":\"pt-BR\"},{\"@type\":\"Organization\",\"@id\":\"https:\/\/agenciainfra.com\/blog\/#organization\",\"name\":\"Ag\u00eancia iNFRA\",\"url\":\"https:\/\/agenciainfra.com\/blog\/\",\"logo\":{\"@type\":\"ImageObject\",\"inLanguage\":\"pt-BR\",\"@id\":\"https:\/\/agenciainfra.com\/blog\/#\/schema\/logo\/image\/\",\"url\":\"https:\/\/agenciainfra.com\/blog\/wp-content\/uploads\/2023\/09\/iNFRA_5-e1761735885940.png\",\"contentUrl\":\"https:\/\/agenciainfra.com\/blog\/wp-content\/uploads\/2023\/09\/iNFRA_5-e1761735885940.png\",\"width\":1672,\"height\":454,\"caption\":\"Ag\u00eancia iNFRA\"},\"image\":{\"@id\":\"https:\/\/agenciainfra.com\/blog\/#\/schema\/logo\/image\/\"},\"sameAs\":[\"https:\/\/www.facebook.com\/ageninfra\",\"https:\/\/x.com\/agencia_infra\",\"https:\/\/www.linkedin.com\/company\/ag\u00eanciainfra\/\",\"https:\/\/www.instagram.com\/agenciainfra\/\"]},{\"@type\":\"Person\",\"@id\":\"https:\/\/agenciainfra.com\/blog\/#\/schema\/person\/34af08dff6adea4cb22b06612ba7acfa\",\"name\":\"Ag\u00eancia iNFRA\",\"image\":{\"@type\":\"ImageObject\",\"inLanguage\":\"pt-BR\",\"@id\":\"https:\/\/agenciainfra.com\/blog\/#\/schema\/person\/image\/\",\"url\":\"https:\/\/secure.gravatar.com\/avatar\/d189e01678f06d8eb84d4e01f08eb848b3fffe3f8443818d3c356c66892f5be8?s=96&d=mm&r=g\",\"contentUrl\":\"https:\/\/secure.gravatar.com\/avatar\/d189e01678f06d8eb84d4e01f08eb848b3fffe3f8443818d3c356c66892f5be8?s=96&d=mm&r=g\",\"caption\":\"Ag\u00eancia iNFRA\"},\"url\":\"https:\/\/agenciainfra.com\/blog\/author\/admin\/\"}]}<\/script>\n<!-- \/ Yoast SEO Premium plugin. -->","yoast_head_json":{"title":"Regras do FNAC exigem mais voos na Amaz\u00f4nia e NE; cr\u00e9dito sai em 2026 - Ag\u00eancia iNFRA","robots":{"index":"index","follow":"follow","max-snippet":"max-snippet:-1","max-image-preview":"max-image-preview:large","max-video-preview":"max-video-preview:-1"},"canonical":"https:\/\/agenciainfra.com\/blog\/regras-do-fnac-exigem-mais-voos-na-amazonia-e-ne-credito-sai-em-2026\/","og_locale":"pt_BR","og_type":"article","og_title":"Regras do FNAC exigem mais voos na Amaz\u00f4nia e NE; cr\u00e9dito sai em 2026","og_description":"Amanda Pupo, da Ag\u00eancia iNFRA As companhias a\u00e9reas que quiserem contratar empr\u00e9stimos com recursos do FNAC (Fundo Nacional de Avia\u00e7\u00e3o Civil) ter\u00e3o de ampliar a frequ\u00eancia de voos entre os aeroportos da Amaz\u00f4nia Legal e do Nordeste. A regra faz parte de tr\u00eas grandes grupos de contrapartidas definidas nesta quinta-feira (30) pelo CMN (Conselho Monet\u00e1rio [&hellip;]","og_url":"https:\/\/agenciainfra.com\/blog\/regras-do-fnac-exigem-mais-voos-na-amazonia-e-ne-credito-sai-em-2026\/","og_site_name":"Ag\u00eancia iNFRA","article_publisher":"https:\/\/www.facebook.com\/ageninfra","article_published_time":"2025-10-31T14:07:52+00:00","article_modified_time":"2026-02-27T13:57:50+00:00","og_image":[{"width":1280,"height":765,"url":"https:\/\/agenciainfra.com\/blog\/wp-content\/uploads\/2025\/10\/aviao-aeroporto-foto-rovena-rosa-agencia-brasil.jpg","type":"image\/jpeg"}],"author":"Ag\u00eancia iNFRA","twitter_card":"summary_large_image","twitter_creator":"@agencia_infra","twitter_site":"@agencia_infra","twitter_misc":{"Escrito por":"Ag\u00eancia iNFRA","Est. tempo de leitura":"6 minutos"},"schema":{"@context":"https:\/\/schema.org","@graph":[{"@type":"Article","@id":"https:\/\/agenciainfra.com\/blog\/regras-do-fnac-exigem-mais-voos-na-amazonia-e-ne-credito-sai-em-2026\/#article","isPartOf":{"@id":"https:\/\/agenciainfra.com\/blog\/regras-do-fnac-exigem-mais-voos-na-amazonia-e-ne-credito-sai-em-2026\/"},"author":{"name":"Ag\u00eancia iNFRA","@id":"https:\/\/agenciainfra.com\/blog\/#\/schema\/person\/34af08dff6adea4cb22b06612ba7acfa"},"headline":"Regras do FNAC exigem mais voos na Amaz\u00f4nia e NE; cr\u00e9dito sai em 2026","datePublished":"2025-10-31T14:07:52+00:00","dateModified":"2026-02-27T13:57:50+00:00","mainEntityOfPage":{"@id":"https:\/\/agenciainfra.com\/blog\/regras-do-fnac-exigem-mais-voos-na-amazonia-e-ne-credito-sai-em-2026\/"},"wordCount":1206,"publisher":{"@id":"https:\/\/agenciainfra.com\/blog\/#organization"},"image":{"@id":"https:\/\/agenciainfra.com\/blog\/regras-do-fnac-exigem-mais-voos-na-amazonia-e-ne-credito-sai-em-2026\/#primaryimage"},"thumbnailUrl":"https:\/\/agenciainfra.com\/blog\/wp-content\/uploads\/2025\/10\/aviao-aeroporto-foto-rovena-rosa-agencia-brasil.jpg","keywords":["Amanda Pupo","Amaz\u00f4nia Legal","BNDES","CMN","FNAC","nordeste","Silvio Costa Filho"],"articleSection":["iNFRATransporte"],"inLanguage":"pt-BR","copyrightYear":"2025","copyrightHolder":{"@id":"https:\/\/agenciainfra.com\/blog\/#organization"}},{"@type":"WebPage","@id":"https:\/\/agenciainfra.com\/blog\/regras-do-fnac-exigem-mais-voos-na-amazonia-e-ne-credito-sai-em-2026\/","url":"https:\/\/agenciainfra.com\/blog\/regras-do-fnac-exigem-mais-voos-na-amazonia-e-ne-credito-sai-em-2026\/","name":"Regras do FNAC exigem mais voos na Amaz\u00f4nia e NE; cr\u00e9dito sai em 2026 - Ag\u00eancia iNFRA","isPartOf":{"@id":"https:\/\/agenciainfra.com\/blog\/#website"},"primaryImageOfPage":{"@id":"https:\/\/agenciainfra.com\/blog\/regras-do-fnac-exigem-mais-voos-na-amazonia-e-ne-credito-sai-em-2026\/#primaryimage"},"image":{"@id":"https:\/\/agenciainfra.com\/blog\/regras-do-fnac-exigem-mais-voos-na-amazonia-e-ne-credito-sai-em-2026\/#primaryimage"},"thumbnailUrl":"https:\/\/agenciainfra.com\/blog\/wp-content\/uploads\/2025\/10\/aviao-aeroporto-foto-rovena-rosa-agencia-brasil.jpg","datePublished":"2025-10-31T14:07:52+00:00","dateModified":"2026-02-27T13:57:50+00:00","breadcrumb":{"@id":"https:\/\/agenciainfra.com\/blog\/regras-do-fnac-exigem-mais-voos-na-amazonia-e-ne-credito-sai-em-2026\/#breadcrumb"},"inLanguage":"pt-BR","potentialAction":[{"@type":"ReadAction","target":["https:\/\/agenciainfra.com\/blog\/regras-do-fnac-exigem-mais-voos-na-amazonia-e-ne-credito-sai-em-2026\/"]}]},{"@type":"ImageObject","inLanguage":"pt-BR","@id":"https:\/\/agenciainfra.com\/blog\/regras-do-fnac-exigem-mais-voos-na-amazonia-e-ne-credito-sai-em-2026\/#primaryimage","url":"https:\/\/agenciainfra.com\/blog\/wp-content\/uploads\/2025\/10\/aviao-aeroporto-foto-rovena-rosa-agencia-brasil.jpg","contentUrl":"https:\/\/agenciainfra.com\/blog\/wp-content\/uploads\/2025\/10\/aviao-aeroporto-foto-rovena-rosa-agencia-brasil.jpg","width":1280,"height":765,"caption":"Foto: Rovena Rosa\/Ag\u00eancia Brasil"},{"@type":"BreadcrumbList","@id":"https:\/\/agenciainfra.com\/blog\/regras-do-fnac-exigem-mais-voos-na-amazonia-e-ne-credito-sai-em-2026\/#breadcrumb","itemListElement":[{"@type":"ListItem","position":1,"name":"In\u00edcio","item":"https:\/\/agenciainfra.com\/blog\/"},{"@type":"ListItem","position":2,"name":"Regras do FNAC exigem mais voos na Amaz\u00f4nia e NE; cr\u00e9dito sai em 2026"}]},{"@type":"WebSite","@id":"https:\/\/agenciainfra.com\/blog\/#website","url":"https:\/\/agenciainfra.com\/blog\/","name":"Ag\u00eancia iNFRA","description":"Multiplataforma de informa\u00e7\u00e3o jornal\u00edstica refer\u00eancia na \u00e1rea de infraestrutura no Brasil!","publisher":{"@id":"https:\/\/agenciainfra.com\/blog\/#organization"},"potentialAction":[{"@type":"SearchAction","target":{"@type":"EntryPoint","urlTemplate":"https:\/\/agenciainfra.com\/blog\/?s={search_term_string}"},"query-input":{"@type":"PropertyValueSpecification","valueRequired":true,"valueName":"search_term_string"}}],"inLanguage":"pt-BR"},{"@type":"Organization","@id":"https:\/\/agenciainfra.com\/blog\/#organization","name":"Ag\u00eancia iNFRA","url":"https:\/\/agenciainfra.com\/blog\/","logo":{"@type":"ImageObject","inLanguage":"pt-BR","@id":"https:\/\/agenciainfra.com\/blog\/#\/schema\/logo\/image\/","url":"https:\/\/agenciainfra.com\/blog\/wp-content\/uploads\/2023\/09\/iNFRA_5-e1761735885940.png","contentUrl":"https:\/\/agenciainfra.com\/blog\/wp-content\/uploads\/2023\/09\/iNFRA_5-e1761735885940.png","width":1672,"height":454,"caption":"Ag\u00eancia iNFRA"},"image":{"@id":"https:\/\/agenciainfra.com\/blog\/#\/schema\/logo\/image\/"},"sameAs":["https:\/\/www.facebook.com\/ageninfra","https:\/\/x.com\/agencia_infra","https:\/\/www.linkedin.com\/company\/ag\u00eanciainfra\/","https:\/\/www.instagram.com\/agenciainfra\/"]},{"@type":"Person","@id":"https:\/\/agenciainfra.com\/blog\/#\/schema\/person\/34af08dff6adea4cb22b06612ba7acfa","name":"Ag\u00eancia iNFRA","image":{"@type":"ImageObject","inLanguage":"pt-BR","@id":"https:\/\/agenciainfra.com\/blog\/#\/schema\/person\/image\/","url":"https:\/\/secure.gravatar.com\/avatar\/d189e01678f06d8eb84d4e01f08eb848b3fffe3f8443818d3c356c66892f5be8?s=96&d=mm&r=g","contentUrl":"https:\/\/secure.gravatar.com\/avatar\/d189e01678f06d8eb84d4e01f08eb848b3fffe3f8443818d3c356c66892f5be8?s=96&d=mm&r=g","caption":"Ag\u00eancia iNFRA"},"url":"https:\/\/agenciainfra.com\/blog\/author\/admin\/"}]}},"_links":{"self":[{"href":"https:\/\/agenciainfra.com\/blog\/wp-json\/wp\/v2\/posts\/31194","targetHints":{"allow":["GET"]}}],"collection":[{"href":"https:\/\/agenciainfra.com\/blog\/wp-json\/wp\/v2\/posts"}],"about":[{"href":"https:\/\/agenciainfra.com\/blog\/wp-json\/wp\/v2\/types\/post"}],"author":[{"embeddable":true,"href":"https:\/\/agenciainfra.com\/blog\/wp-json\/wp\/v2\/users\/1"}],"replies":[{"embeddable":true,"href":"https:\/\/agenciainfra.com\/blog\/wp-json\/wp\/v2\/comments?post=31194"}],"version-history":[{"count":3,"href":"https:\/\/agenciainfra.com\/blog\/wp-json\/wp\/v2\/posts\/31194\/revisions"}],"predecessor-version":[{"id":37130,"href":"https:\/\/agenciainfra.com\/blog\/wp-json\/wp\/v2\/posts\/31194\/revisions\/37130"}],"wp:featuredmedia":[{"embeddable":true,"href":"https:\/\/agenciainfra.com\/blog\/wp-json\/wp\/v2\/media\/29495"}],"wp:attachment":[{"href":"https:\/\/agenciainfra.com\/blog\/wp-json\/wp\/v2\/media?parent=31194"}],"wp:term":[{"taxonomy":"category","embeddable":true,"href":"https:\/\/agenciainfra.com\/blog\/wp-json\/wp\/v2\/categories?post=31194"},{"taxonomy":"post_tag","embeddable":true,"href":"https:\/\/agenciainfra.com\/blog\/wp-json\/wp\/v2\/tags?post=31194"}],"curies":[{"name":"wp","href":"https:\/\/api.w.org\/{rel}","templated":true}]}}