{"id":3123,"date":"2019-04-29T16:00:07","date_gmt":"2019-04-29T19:00:07","guid":{"rendered":"http:\/\/www.agenciainfra.com\/blog\/?p=3123"},"modified":"2019-04-25T14:12:34","modified_gmt":"2019-04-25T17:12:34","slug":"caminhoneiros-ameacam-com-piquetes-empresas-que-estao-contratando-frota-propria-diz-associacao","status":"publish","type":"post","link":"https:\/\/agenciainfra.com\/blog\/caminhoneiros-ameacam-com-piquetes-empresas-que-estao-contratando-frota-propria-diz-associacao\/","title":{"rendered":"Caminhoneiros amea\u00e7am com piquetes empresas que est\u00e3o contratando frota pr\u00f3pria, diz associa\u00e7\u00e3o"},"content":{"rendered":"<div>\n<h5 style=\"text-align: right;\"><strong>da Ag\u00eancia iNFRA<\/strong><\/h5>\n<p>Empresas que est\u00e3o comprando frota pr\u00f3pria de caminh\u00f5es para transportes est\u00e3o sendo pressionadas por caminhoneiros aut\u00f4nomos para que n\u00e3o usem os seus caminh\u00f5es para transporte de seus produtos.<\/p>\n<p>A informa\u00e7\u00e3o foi dada pelo diretor da Acebra (Associa\u00e7\u00e3o de Empresas Cerealistas do Brasil), Roberto Queiroga, na reuni\u00e3o realizada na \u00faltima quarta-feira (24) da CTLog (C\u00e2mara T\u00e9cnica de Log\u00edstica) do Minist\u00e9rio da Agricultura, Pecu\u00e1ria e Abastecimento.<\/p>\n<p>Segundo ele, a situa\u00e7\u00e3o dos caminhoneiros em rela\u00e7\u00e3o \u00e0 falta de carga est\u00e1 piorando por causa dessa pr\u00e1tica das empresas para fugir dos custos da Tabela de Frete Rodovi\u00e1rio M\u00ednimo. Por isso, est\u00e3o aparecendo as press\u00f5es para que n\u00e3o seja usada a frota pr\u00f3pria, inclusive com piquetes em frente aos locais de embarque dos produtos.<\/p>\n<p>Queiroga reclamou que o governo est\u00e1 ref\u00e9m dos caminhoneiros aut\u00f4nomos e ele n\u00e3o acredita que as corre\u00e7\u00f5es feitas na tabela de frete ap\u00f3s o estudo da Esalq-USP, que est\u00e3o em audi\u00eancia p\u00fablica pela ANTT (Ag\u00eancia Nacional de Transportes Terrestres), ser\u00e3o implementadas. Para ele, haver\u00e1 novamente press\u00e3o dos caminhoneiros para que a tabela n\u00e3o seja reduzida, como se prev\u00ea com o novo estudo realizado.<\/p>\n<p><strong>Reajuste da tabela<\/strong><br \/>\nConforme a\u00a0<strong>Ag\u00eancia iNFRA<\/strong>\u00a0antecipou no dia 23 de abril, a ANTT revisou a tabela de frete em 4,13% em m\u00e9dia ap\u00f3s o aumento de 10,63% do valor do diesel ap\u00f3s o \u00faltimo reajuste, como \u00e9 previsto em lei. Para Queiroga, esse aumento vai piorar ainda mais o problema.<\/p>\n<p>O diretor da ANUT (Associa\u00e7\u00e3o Nacional dos Usu\u00e1rios de Transportes), Luiz Baldez, afirmou que al\u00e9m do governo n\u00e3o solucionar o problema, o STF (Supremo Tribunal Federal) n\u00e3o decide sobre a constitucionalidade da tabela, o que gera inseguran\u00e7a jur\u00eddica. Ele reclamou ainda que o governo n\u00e3o recebe as empresas donas de carga para tratar do tema.<\/p>\n<p>O representante da Conab na reuni\u00e3o afirmou que outro projeto que foi implantado ap\u00f3s a greve dos caminhoneiros, a reserva de mercado no transporte dos estoques da estatal, n\u00e3o \u00e9 executado porque cooperativas de caminhoneiros est\u00e3o exigindo percentual para gerenciar a carga e que a maioria n\u00e3o cumpre os requisitos exigidos para o transporte.<\/p>\n<p>&#8220;Menos de 1% do que foi reservado foi usado pelos aut\u00f4nomos&#8221;, lamentou.<\/p>\n<\/div>\n","protected":false},"excerpt":{"rendered":"<p>da Ag\u00eancia iNFRA Empresas que est\u00e3o comprando frota pr\u00f3pria de caminh\u00f5es para transportes est\u00e3o sendo pressionadas por caminhoneiros aut\u00f4nomos para que n\u00e3o usem os seus caminh\u00f5es para transporte de seus produtos. A informa\u00e7\u00e3o foi dada pelo diretor da Acebra (Associa\u00e7\u00e3o de Empresas Cerealistas do Brasil), Roberto Queiroga, na reuni\u00e3o realizada na \u00faltima quarta-feira (24) da [&hellip;]<\/p>\n","protected":false},"author":9,"featured_media":1916,"comment_status":"closed","ping_status":"open","sticky":false,"template":"","format":"standard","meta":{"_monsterinsights_skip_tracking":false,"_monsterinsights_sitenote_active":false,"_monsterinsights_sitenote_note":"","_monsterinsights_sitenote_category":0,"footnotes":""},"categories":[7],"tags":[945,19,947,269,237,948,946,298],"class_list":["post-3123","post","type-post","status-publish","format-standard","has-post-thumbnail","hentry","category-infratransporte","tag-acebra","tag-antt","tag-anut","tag-caminhoneiros","tag-ctlog","tag-luiz-baldez","tag-roberto-queiroga","tag-tabela-de-frete"],"yoast_head":"<!-- This site is optimized with the Yoast SEO Premium plugin v25.4 (Yoast SEO v26.0) - https:\/\/yoast.com\/wordpress\/plugins\/seo\/ -->\n<title>Caminhoneiros amea\u00e7am com piquetes empresas que est\u00e3o contratando frota pr\u00f3pria, diz associa\u00e7\u00e3o - Ag\u00eancia iNFRA<\/title>\n<meta name=\"robots\" content=\"index, follow, max-snippet:-1, max-image-preview:large, max-video-preview:-1\" \/>\n<link rel=\"canonical\" href=\"https:\/\/agenciainfra.com\/blog\/caminhoneiros-ameacam-com-piquetes-empresas-que-estao-contratando-frota-propria-diz-associacao\/\" \/>\n<meta property=\"og:locale\" content=\"pt_BR\" \/>\n<meta property=\"og:type\" content=\"article\" \/>\n<meta property=\"og:title\" content=\"Caminhoneiros amea\u00e7am com piquetes empresas que est\u00e3o contratando frota pr\u00f3pria, diz associa\u00e7\u00e3o\" \/>\n<meta property=\"og:description\" content=\"da Ag\u00eancia iNFRA Empresas que est\u00e3o comprando frota pr\u00f3pria de caminh\u00f5es para transportes est\u00e3o sendo pressionadas por caminhoneiros aut\u00f4nomos para que n\u00e3o usem os seus caminh\u00f5es para transporte de seus produtos. A informa\u00e7\u00e3o foi dada pelo diretor da Acebra (Associa\u00e7\u00e3o de Empresas Cerealistas do Brasil), Roberto Queiroga, na reuni\u00e3o realizada na \u00faltima quarta-feira (24) da [&hellip;]\" \/>\n<meta property=\"og:url\" content=\"https:\/\/agenciainfra.com\/blog\/caminhoneiros-ameacam-com-piquetes-empresas-que-estao-contratando-frota-propria-diz-associacao\/\" \/>\n<meta property=\"og:site_name\" content=\"Ag\u00eancia iNFRA\" \/>\n<meta property=\"article:publisher\" content=\"https:\/\/www.facebook.com\/ageninfra\" \/>\n<meta property=\"article:published_time\" content=\"2019-04-29T19:00:07+00:00\" \/>\n<meta property=\"og:image\" content=\"https:\/\/agenciainfra.com\/blog\/wp-content\/uploads\/2018\/06\/caminhoneiros_em_greve_agencia_brasil_23052018.jpg\" \/>\n\t<meta property=\"og:image:width\" content=\"1140\" \/>\n\t<meta property=\"og:image:height\" content=\"760\" \/>\n\t<meta property=\"og:image:type\" content=\"image\/jpeg\" \/>\n<meta name=\"author\" content=\"Rodrigo Zuquim\" \/>\n<meta name=\"twitter:card\" content=\"summary_large_image\" \/>\n<meta name=\"twitter:creator\" content=\"@agencia_infra\" \/>\n<meta name=\"twitter:site\" content=\"@agencia_infra\" \/>\n<meta name=\"twitter:label1\" content=\"Escrito por\" \/>\n\t<meta name=\"twitter:data1\" content=\"Rodrigo Zuquim\" \/>\n\t<meta name=\"twitter:label2\" content=\"Est. tempo de leitura\" \/>\n\t<meta name=\"twitter:data2\" content=\"2 minutos\" \/>\n<script type=\"application\/ld+json\" class=\"yoast-schema-graph\">{\"@context\":\"https:\/\/schema.org\",\"@graph\":[{\"@type\":\"Article\",\"@id\":\"https:\/\/agenciainfra.com\/blog\/caminhoneiros-ameacam-com-piquetes-empresas-que-estao-contratando-frota-propria-diz-associacao\/#article\",\"isPartOf\":{\"@id\":\"https:\/\/agenciainfra.com\/blog\/caminhoneiros-ameacam-com-piquetes-empresas-que-estao-contratando-frota-propria-diz-associacao\/\"},\"author\":{\"name\":\"Rodrigo Zuquim\",\"@id\":\"https:\/\/agenciainfra.com\/blog\/#\/schema\/person\/04dbb79bd6d8951f063da71f3e4c1eb1\"},\"headline\":\"Caminhoneiros amea\u00e7am com piquetes empresas que est\u00e3o contratando frota pr\u00f3pria, diz associa\u00e7\u00e3o\",\"datePublished\":\"2019-04-29T19:00:07+00:00\",\"mainEntityOfPage\":{\"@id\":\"https:\/\/agenciainfra.com\/blog\/caminhoneiros-ameacam-com-piquetes-empresas-que-estao-contratando-frota-propria-diz-associacao\/\"},\"wordCount\":421,\"publisher\":{\"@id\":\"https:\/\/agenciainfra.com\/blog\/#organization\"},\"image\":{\"@id\":\"https:\/\/agenciainfra.com\/blog\/caminhoneiros-ameacam-com-piquetes-empresas-que-estao-contratando-frota-propria-diz-associacao\/#primaryimage\"},\"thumbnailUrl\":\"https:\/\/agenciainfra.com\/blog\/wp-content\/uploads\/2018\/06\/caminhoneiros_em_greve_agencia_brasil_23052018.jpg\",\"keywords\":[\"Acebra\",\"ANTT\",\"ANUT\",\"caminhoneiros\",\"CTLog\",\"Luiz Baldez\",\"Roberto Queiroga\",\"tabela de frete\"],\"articleSection\":[\"iNFRATransporte\"],\"inLanguage\":\"pt-BR\",\"copyrightYear\":\"2019\",\"copyrightHolder\":{\"@id\":\"https:\/\/agenciainfra.com\/blog\/#organization\"}},{\"@type\":\"WebPage\",\"@id\":\"https:\/\/agenciainfra.com\/blog\/caminhoneiros-ameacam-com-piquetes-empresas-que-estao-contratando-frota-propria-diz-associacao\/\",\"url\":\"https:\/\/agenciainfra.com\/blog\/caminhoneiros-ameacam-com-piquetes-empresas-que-estao-contratando-frota-propria-diz-associacao\/\",\"name\":\"Caminhoneiros amea\u00e7am com piquetes empresas que est\u00e3o contratando frota pr\u00f3pria, diz associa\u00e7\u00e3o - Ag\u00eancia iNFRA\",\"isPartOf\":{\"@id\":\"https:\/\/agenciainfra.com\/blog\/#website\"},\"primaryImageOfPage\":{\"@id\":\"https:\/\/agenciainfra.com\/blog\/caminhoneiros-ameacam-com-piquetes-empresas-que-estao-contratando-frota-propria-diz-associacao\/#primaryimage\"},\"image\":{\"@id\":\"https:\/\/agenciainfra.com\/blog\/caminhoneiros-ameacam-com-piquetes-empresas-que-estao-contratando-frota-propria-diz-associacao\/#primaryimage\"},\"thumbnailUrl\":\"https:\/\/agenciainfra.com\/blog\/wp-content\/uploads\/2018\/06\/caminhoneiros_em_greve_agencia_brasil_23052018.jpg\",\"datePublished\":\"2019-04-29T19:00:07+00:00\",\"breadcrumb\":{\"@id\":\"https:\/\/agenciainfra.com\/blog\/caminhoneiros-ameacam-com-piquetes-empresas-que-estao-contratando-frota-propria-diz-associacao\/#breadcrumb\"},\"inLanguage\":\"pt-BR\",\"potentialAction\":[{\"@type\":\"ReadAction\",\"target\":[\"https:\/\/agenciainfra.com\/blog\/caminhoneiros-ameacam-com-piquetes-empresas-que-estao-contratando-frota-propria-diz-associacao\/\"]}]},{\"@type\":\"ImageObject\",\"inLanguage\":\"pt-BR\",\"@id\":\"https:\/\/agenciainfra.com\/blog\/caminhoneiros-ameacam-com-piquetes-empresas-que-estao-contratando-frota-propria-diz-associacao\/#primaryimage\",\"url\":\"https:\/\/agenciainfra.com\/blog\/wp-content\/uploads\/2018\/06\/caminhoneiros_em_greve_agencia_brasil_23052018.jpg\",\"contentUrl\":\"https:\/\/agenciainfra.com\/blog\/wp-content\/uploads\/2018\/06\/caminhoneiros_em_greve_agencia_brasil_23052018.jpg\",\"width\":1140,\"height\":760},{\"@type\":\"BreadcrumbList\",\"@id\":\"https:\/\/agenciainfra.com\/blog\/caminhoneiros-ameacam-com-piquetes-empresas-que-estao-contratando-frota-propria-diz-associacao\/#breadcrumb\",\"itemListElement\":[{\"@type\":\"ListItem\",\"position\":1,\"name\":\"In\u00edcio\",\"item\":\"https:\/\/agenciainfra.com\/blog\/\"},{\"@type\":\"ListItem\",\"position\":2,\"name\":\"Caminhoneiros amea\u00e7am com piquetes empresas que est\u00e3o contratando frota pr\u00f3pria, diz associa\u00e7\u00e3o\"}]},{\"@type\":\"WebSite\",\"@id\":\"https:\/\/agenciainfra.com\/blog\/#website\",\"url\":\"https:\/\/agenciainfra.com\/blog\/\",\"name\":\"Ag\u00eancia iNFRA\",\"description\":\"Multiplataforma de informa\u00e7\u00e3o jornal\u00edstica refer\u00eancia na \u00e1rea de infraestrutura no Brasil!\",\"publisher\":{\"@id\":\"https:\/\/agenciainfra.com\/blog\/#organization\"},\"potentialAction\":[{\"@type\":\"SearchAction\",\"target\":{\"@type\":\"EntryPoint\",\"urlTemplate\":\"https:\/\/agenciainfra.com\/blog\/?s={search_term_string}\"},\"query-input\":{\"@type\":\"PropertyValueSpecification\",\"valueRequired\":true,\"valueName\":\"search_term_string\"}}],\"inLanguage\":\"pt-BR\"},{\"@type\":\"Organization\",\"@id\":\"https:\/\/agenciainfra.com\/blog\/#organization\",\"name\":\"Ag\u00eancia iNFRA\",\"url\":\"https:\/\/agenciainfra.com\/blog\/\",\"logo\":{\"@type\":\"ImageObject\",\"inLanguage\":\"pt-BR\",\"@id\":\"https:\/\/agenciainfra.com\/blog\/#\/schema\/logo\/image\/\",\"url\":\"https:\/\/agenciainfra.com\/blog\/wp-content\/uploads\/2023\/09\/iNFRA_5-e1761735885940.png\",\"contentUrl\":\"https:\/\/agenciainfra.com\/blog\/wp-content\/uploads\/2023\/09\/iNFRA_5-e1761735885940.png\",\"width\":1672,\"height\":454,\"caption\":\"Ag\u00eancia iNFRA\"},\"image\":{\"@id\":\"https:\/\/agenciainfra.com\/blog\/#\/schema\/logo\/image\/\"},\"sameAs\":[\"https:\/\/www.facebook.com\/ageninfra\",\"https:\/\/x.com\/agencia_infra\",\"https:\/\/www.linkedin.com\/company\/ag\u00eanciainfra\/\",\"https:\/\/www.instagram.com\/agenciainfra\/\"]},{\"@type\":\"Person\",\"@id\":\"https:\/\/agenciainfra.com\/blog\/#\/schema\/person\/04dbb79bd6d8951f063da71f3e4c1eb1\",\"name\":\"Rodrigo Zuquim\",\"image\":{\"@type\":\"ImageObject\",\"inLanguage\":\"pt-BR\",\"@id\":\"https:\/\/agenciainfra.com\/blog\/#\/schema\/person\/image\/\",\"url\":\"https:\/\/secure.gravatar.com\/avatar\/594abfe82761d620726242ff34ca472a705a4b97f16c790053a6b4c4035274d0?s=96&d=mm&r=g\",\"contentUrl\":\"https:\/\/secure.gravatar.com\/avatar\/594abfe82761d620726242ff34ca472a705a4b97f16c790053a6b4c4035274d0?s=96&d=mm&r=g\",\"caption\":\"Rodrigo Zuquim\"},\"url\":\"https:\/\/agenciainfra.com\/blog\/author\/rodrigo-zuquim\/\"}]}<\/script>\n<!-- \/ Yoast SEO Premium plugin. -->","yoast_head_json":{"title":"Caminhoneiros amea\u00e7am com piquetes empresas que est\u00e3o contratando frota pr\u00f3pria, diz associa\u00e7\u00e3o - Ag\u00eancia iNFRA","robots":{"index":"index","follow":"follow","max-snippet":"max-snippet:-1","max-image-preview":"max-image-preview:large","max-video-preview":"max-video-preview:-1"},"canonical":"https:\/\/agenciainfra.com\/blog\/caminhoneiros-ameacam-com-piquetes-empresas-que-estao-contratando-frota-propria-diz-associacao\/","og_locale":"pt_BR","og_type":"article","og_title":"Caminhoneiros amea\u00e7am com piquetes empresas que est\u00e3o contratando frota pr\u00f3pria, diz associa\u00e7\u00e3o","og_description":"da Ag\u00eancia iNFRA Empresas que est\u00e3o comprando frota pr\u00f3pria de caminh\u00f5es para transportes est\u00e3o sendo pressionadas por caminhoneiros aut\u00f4nomos para que n\u00e3o usem os seus caminh\u00f5es para transporte de seus produtos. A informa\u00e7\u00e3o foi dada pelo diretor da Acebra (Associa\u00e7\u00e3o de Empresas Cerealistas do Brasil), Roberto Queiroga, na reuni\u00e3o realizada na \u00faltima quarta-feira (24) da [&hellip;]","og_url":"https:\/\/agenciainfra.com\/blog\/caminhoneiros-ameacam-com-piquetes-empresas-que-estao-contratando-frota-propria-diz-associacao\/","og_site_name":"Ag\u00eancia iNFRA","article_publisher":"https:\/\/www.facebook.com\/ageninfra","article_published_time":"2019-04-29T19:00:07+00:00","og_image":[{"width":1140,"height":760,"url":"https:\/\/agenciainfra.com\/blog\/wp-content\/uploads\/2018\/06\/caminhoneiros_em_greve_agencia_brasil_23052018.jpg","type":"image\/jpeg"}],"author":"Rodrigo Zuquim","twitter_card":"summary_large_image","twitter_creator":"@agencia_infra","twitter_site":"@agencia_infra","twitter_misc":{"Escrito por":"Rodrigo Zuquim","Est. tempo de leitura":"2 minutos"},"schema":{"@context":"https:\/\/schema.org","@graph":[{"@type":"Article","@id":"https:\/\/agenciainfra.com\/blog\/caminhoneiros-ameacam-com-piquetes-empresas-que-estao-contratando-frota-propria-diz-associacao\/#article","isPartOf":{"@id":"https:\/\/agenciainfra.com\/blog\/caminhoneiros-ameacam-com-piquetes-empresas-que-estao-contratando-frota-propria-diz-associacao\/"},"author":{"name":"Rodrigo Zuquim","@id":"https:\/\/agenciainfra.com\/blog\/#\/schema\/person\/04dbb79bd6d8951f063da71f3e4c1eb1"},"headline":"Caminhoneiros amea\u00e7am com piquetes empresas que est\u00e3o contratando frota pr\u00f3pria, diz associa\u00e7\u00e3o","datePublished":"2019-04-29T19:00:07+00:00","mainEntityOfPage":{"@id":"https:\/\/agenciainfra.com\/blog\/caminhoneiros-ameacam-com-piquetes-empresas-que-estao-contratando-frota-propria-diz-associacao\/"},"wordCount":421,"publisher":{"@id":"https:\/\/agenciainfra.com\/blog\/#organization"},"image":{"@id":"https:\/\/agenciainfra.com\/blog\/caminhoneiros-ameacam-com-piquetes-empresas-que-estao-contratando-frota-propria-diz-associacao\/#primaryimage"},"thumbnailUrl":"https:\/\/agenciainfra.com\/blog\/wp-content\/uploads\/2018\/06\/caminhoneiros_em_greve_agencia_brasil_23052018.jpg","keywords":["Acebra","ANTT","ANUT","caminhoneiros","CTLog","Luiz Baldez","Roberto Queiroga","tabela de frete"],"articleSection":["iNFRATransporte"],"inLanguage":"pt-BR","copyrightYear":"2019","copyrightHolder":{"@id":"https:\/\/agenciainfra.com\/blog\/#organization"}},{"@type":"WebPage","@id":"https:\/\/agenciainfra.com\/blog\/caminhoneiros-ameacam-com-piquetes-empresas-que-estao-contratando-frota-propria-diz-associacao\/","url":"https:\/\/agenciainfra.com\/blog\/caminhoneiros-ameacam-com-piquetes-empresas-que-estao-contratando-frota-propria-diz-associacao\/","name":"Caminhoneiros amea\u00e7am com piquetes empresas que est\u00e3o contratando frota pr\u00f3pria, diz associa\u00e7\u00e3o - Ag\u00eancia iNFRA","isPartOf":{"@id":"https:\/\/agenciainfra.com\/blog\/#website"},"primaryImageOfPage":{"@id":"https:\/\/agenciainfra.com\/blog\/caminhoneiros-ameacam-com-piquetes-empresas-que-estao-contratando-frota-propria-diz-associacao\/#primaryimage"},"image":{"@id":"https:\/\/agenciainfra.com\/blog\/caminhoneiros-ameacam-com-piquetes-empresas-que-estao-contratando-frota-propria-diz-associacao\/#primaryimage"},"thumbnailUrl":"https:\/\/agenciainfra.com\/blog\/wp-content\/uploads\/2018\/06\/caminhoneiros_em_greve_agencia_brasil_23052018.jpg","datePublished":"2019-04-29T19:00:07+00:00","breadcrumb":{"@id":"https:\/\/agenciainfra.com\/blog\/caminhoneiros-ameacam-com-piquetes-empresas-que-estao-contratando-frota-propria-diz-associacao\/#breadcrumb"},"inLanguage":"pt-BR","potentialAction":[{"@type":"ReadAction","target":["https:\/\/agenciainfra.com\/blog\/caminhoneiros-ameacam-com-piquetes-empresas-que-estao-contratando-frota-propria-diz-associacao\/"]}]},{"@type":"ImageObject","inLanguage":"pt-BR","@id":"https:\/\/agenciainfra.com\/blog\/caminhoneiros-ameacam-com-piquetes-empresas-que-estao-contratando-frota-propria-diz-associacao\/#primaryimage","url":"https:\/\/agenciainfra.com\/blog\/wp-content\/uploads\/2018\/06\/caminhoneiros_em_greve_agencia_brasil_23052018.jpg","contentUrl":"https:\/\/agenciainfra.com\/blog\/wp-content\/uploads\/2018\/06\/caminhoneiros_em_greve_agencia_brasil_23052018.jpg","width":1140,"height":760},{"@type":"BreadcrumbList","@id":"https:\/\/agenciainfra.com\/blog\/caminhoneiros-ameacam-com-piquetes-empresas-que-estao-contratando-frota-propria-diz-associacao\/#breadcrumb","itemListElement":[{"@type":"ListItem","position":1,"name":"In\u00edcio","item":"https:\/\/agenciainfra.com\/blog\/"},{"@type":"ListItem","position":2,"name":"Caminhoneiros amea\u00e7am com piquetes empresas que est\u00e3o contratando frota pr\u00f3pria, diz associa\u00e7\u00e3o"}]},{"@type":"WebSite","@id":"https:\/\/agenciainfra.com\/blog\/#website","url":"https:\/\/agenciainfra.com\/blog\/","name":"Ag\u00eancia iNFRA","description":"Multiplataforma de informa\u00e7\u00e3o jornal\u00edstica refer\u00eancia na \u00e1rea de infraestrutura no Brasil!","publisher":{"@id":"https:\/\/agenciainfra.com\/blog\/#organization"},"potentialAction":[{"@type":"SearchAction","target":{"@type":"EntryPoint","urlTemplate":"https:\/\/agenciainfra.com\/blog\/?s={search_term_string}"},"query-input":{"@type":"PropertyValueSpecification","valueRequired":true,"valueName":"search_term_string"}}],"inLanguage":"pt-BR"},{"@type":"Organization","@id":"https:\/\/agenciainfra.com\/blog\/#organization","name":"Ag\u00eancia iNFRA","url":"https:\/\/agenciainfra.com\/blog\/","logo":{"@type":"ImageObject","inLanguage":"pt-BR","@id":"https:\/\/agenciainfra.com\/blog\/#\/schema\/logo\/image\/","url":"https:\/\/agenciainfra.com\/blog\/wp-content\/uploads\/2023\/09\/iNFRA_5-e1761735885940.png","contentUrl":"https:\/\/agenciainfra.com\/blog\/wp-content\/uploads\/2023\/09\/iNFRA_5-e1761735885940.png","width":1672,"height":454,"caption":"Ag\u00eancia iNFRA"},"image":{"@id":"https:\/\/agenciainfra.com\/blog\/#\/schema\/logo\/image\/"},"sameAs":["https:\/\/www.facebook.com\/ageninfra","https:\/\/x.com\/agencia_infra","https:\/\/www.linkedin.com\/company\/ag\u00eanciainfra\/","https:\/\/www.instagram.com\/agenciainfra\/"]},{"@type":"Person","@id":"https:\/\/agenciainfra.com\/blog\/#\/schema\/person\/04dbb79bd6d8951f063da71f3e4c1eb1","name":"Rodrigo Zuquim","image":{"@type":"ImageObject","inLanguage":"pt-BR","@id":"https:\/\/agenciainfra.com\/blog\/#\/schema\/person\/image\/","url":"https:\/\/secure.gravatar.com\/avatar\/594abfe82761d620726242ff34ca472a705a4b97f16c790053a6b4c4035274d0?s=96&d=mm&r=g","contentUrl":"https:\/\/secure.gravatar.com\/avatar\/594abfe82761d620726242ff34ca472a705a4b97f16c790053a6b4c4035274d0?s=96&d=mm&r=g","caption":"Rodrigo Zuquim"},"url":"https:\/\/agenciainfra.com\/blog\/author\/rodrigo-zuquim\/"}]}},"_links":{"self":[{"href":"https:\/\/agenciainfra.com\/blog\/wp-json\/wp\/v2\/posts\/3123","targetHints":{"allow":["GET"]}}],"collection":[{"href":"https:\/\/agenciainfra.com\/blog\/wp-json\/wp\/v2\/posts"}],"about":[{"href":"https:\/\/agenciainfra.com\/blog\/wp-json\/wp\/v2\/types\/post"}],"author":[{"embeddable":true,"href":"https:\/\/agenciainfra.com\/blog\/wp-json\/wp\/v2\/users\/9"}],"replies":[{"embeddable":true,"href":"https:\/\/agenciainfra.com\/blog\/wp-json\/wp\/v2\/comments?post=3123"}],"version-history":[{"count":0,"href":"https:\/\/agenciainfra.com\/blog\/wp-json\/wp\/v2\/posts\/3123\/revisions"}],"wp:featuredmedia":[{"embeddable":true,"href":"https:\/\/agenciainfra.com\/blog\/wp-json\/wp\/v2\/media\/1916"}],"wp:attachment":[{"href":"https:\/\/agenciainfra.com\/blog\/wp-json\/wp\/v2\/media?parent=3123"}],"wp:term":[{"taxonomy":"category","embeddable":true,"href":"https:\/\/agenciainfra.com\/blog\/wp-json\/wp\/v2\/categories?post=3123"},{"taxonomy":"post_tag","embeddable":true,"href":"https:\/\/agenciainfra.com\/blog\/wp-json\/wp\/v2\/tags?post=3123"}],"curies":[{"name":"wp","href":"https:\/\/api.w.org\/{rel}","templated":true}]}}