{"id":31236,"date":"2025-10-31T13:25:56","date_gmt":"2025-10-31T16:25:56","guid":{"rendered":"https:\/\/agenciainfra.com\/blog\/?p=31236"},"modified":"2025-11-03T10:05:26","modified_gmt":"2025-11-03T13:05:26","slug":"ressarcimento-de-curtailment-elevara-conta-de-luz-diz-sandoval","status":"publish","type":"post","link":"https:\/\/agenciainfra.com\/blog\/ressarcimento-de-curtailment-elevara-conta-de-luz-diz-sandoval\/","title":{"rendered":"Ressarcimento de curtailment elevar\u00e1 conta de luz, diz Sandoval"},"content":{"rendered":"\n<p class=\"has-text-align-right\"><strong>Marisa Wanzeller e Gabriel Vasconcelos, da Ag\u00eancia iNFRA<\/strong><\/p>\n\n\n\n<p>O diretor-geral da ANEEL (Ag\u00eancia Nacional de Energia El\u00e9trica), Sandoval Feitosa, disse nesta sexta-feira (31) que o ressarcimento do curtailment (cortes obrigat\u00f3rios de gera\u00e7\u00e3o) inclu\u00eddo na <a href=\"https:\/\/www.congressonacional.leg.br\/materias\/medidas-provisorias\/-\/mpv\/169547\">MP (Medida Provis\u00f3ria) 1.304 <\/a>aumentar\u00e1 a conta de luz. Al\u00e9m disso, a rejei\u00e7\u00e3o da taxa de R$ 20 a cada 100 kW (quilowatt) para a GD (gera\u00e7\u00e3o distribu\u00edda solar) tamb\u00e9m vai colaborar com o aumento dos custos ao consumidor de energia el\u00e9trica, ponderou.<\/p>\n\n\n\n<p>\u201cContinuaremos tendo o crescimento da gera\u00e7\u00e3o distribu\u00edda. Isso trar\u00e1 desafios adicionais para a opera\u00e7\u00e3o do sistema. Por outro lado, n\u00f3s tamb\u00e9m teremos a continuidade do crescimento da gera\u00e7\u00e3o renov\u00e1vel centralizada e, no final do dia, quando a gera\u00e7\u00e3o distribu\u00edda deslocar a gera\u00e7\u00e3o centralizada, a gera\u00e7\u00e3o centralizada ser\u00e1 ressarcida pelos consumidores. Ent\u00e3o, sim, essas duas altera\u00e7\u00f5es [no relat\u00f3rio da MP] aumentar\u00e3o a tarifa de energia el\u00e9trica para o consumidor final, se n\u00e3o houver veto presidencial&#8221;, afirmou Sandoval.<\/p>\n\n\n\n<p>As duas altera\u00e7\u00f5es foram feitas no plen\u00e1rio da C\u00e2mara dos Deputados e referendadas no Senado Federal.<\/p>\n","protected":false},"excerpt":{"rendered":"<p>Marisa Wanzeller e Gabriel Vasconcelos, da Ag\u00eancia iNFRA O diretor-geral da ANEEL (Ag\u00eancia Nacional de Energia El\u00e9trica), Sandoval Feitosa, disse nesta sexta-feira (31) que o ressarcimento do curtailment (cortes obrigat\u00f3rios de gera\u00e7\u00e3o) inclu\u00eddo na MP (Medida Provis\u00f3ria) 1.304 aumentar\u00e1 a conta de luz. Al\u00e9m disso, a rejei\u00e7\u00e3o da taxa de R$ 20 a cada 100 [&hellip;]<\/p>\n","protected":false},"author":1,"featured_media":29794,"comment_status":"closed","ping_status":"closed","sticky":false,"template":"","format":"standard","meta":{"_monsterinsights_skip_tracking":false,"_monsterinsights_sitenote_active":false,"_monsterinsights_sitenote_note":"","_monsterinsights_sitenote_category":0,"footnotes":""},"categories":[10],"tags":[53,11474,13251,7366,16629,1026],"class_list":["post-31236","post","type-post","status-publish","format-standard","has-post-thumbnail","hentry","category-infraenergia","tag-aneel","tag-curtailment","tag-gabriel-vasconcelos","tag-marisa-wanzeller","tag-mp-1304-2","tag-sandoval-feitosa"],"yoast_head":"<!-- This site is optimized with the Yoast SEO Premium plugin v25.4 (Yoast SEO v26.0) - https:\/\/yoast.com\/wordpress\/plugins\/seo\/ -->\n<title>Ressarcimento de curtailment elevar\u00e1 conta de luz, diz Sandoval - Ag\u00eancia iNFRA<\/title>\n<meta name=\"robots\" content=\"index, follow, max-snippet:-1, max-image-preview:large, max-video-preview:-1\" \/>\n<link rel=\"canonical\" href=\"https:\/\/agenciainfra.com\/blog\/ressarcimento-de-curtailment-elevara-conta-de-luz-diz-sandoval\/\" \/>\n<meta property=\"og:locale\" content=\"pt_BR\" \/>\n<meta property=\"og:type\" content=\"article\" \/>\n<meta property=\"og:title\" content=\"Ressarcimento de curtailment elevar\u00e1 conta de luz, diz Sandoval\" \/>\n<meta property=\"og:description\" content=\"Marisa Wanzeller e Gabriel Vasconcelos, da Ag\u00eancia iNFRA O diretor-geral da ANEEL (Ag\u00eancia Nacional de Energia El\u00e9trica), Sandoval Feitosa, disse nesta sexta-feira (31) que o ressarcimento do curtailment (cortes obrigat\u00f3rios de gera\u00e7\u00e3o) inclu\u00eddo na MP (Medida Provis\u00f3ria) 1.304 aumentar\u00e1 a conta de luz. Al\u00e9m disso, a rejei\u00e7\u00e3o da taxa de R$ 20 a cada 100 [&hellip;]\" \/>\n<meta property=\"og:url\" content=\"https:\/\/agenciainfra.com\/blog\/ressarcimento-de-curtailment-elevara-conta-de-luz-diz-sandoval\/\" \/>\n<meta property=\"og:site_name\" content=\"Ag\u00eancia iNFRA\" \/>\n<meta property=\"article:publisher\" content=\"https:\/\/www.facebook.com\/ageninfra\" \/>\n<meta property=\"article:published_time\" content=\"2025-10-31T16:25:56+00:00\" \/>\n<meta property=\"article:modified_time\" content=\"2025-11-03T13:05:26+00:00\" \/>\n<meta property=\"og:image\" content=\"https:\/\/agenciainfra.com\/blog\/wp-content\/uploads\/2025\/10\/54854123157_c47e90a094_o-scaled-e1761925620647.jpg\" \/>\n\t<meta property=\"og:image:width\" content=\"1280\" \/>\n\t<meta property=\"og:image:height\" content=\"854\" \/>\n\t<meta property=\"og:image:type\" content=\"image\/jpeg\" \/>\n<meta name=\"author\" content=\"Ag\u00eancia iNFRA\" \/>\n<meta name=\"twitter:card\" content=\"summary_large_image\" \/>\n<meta name=\"twitter:creator\" content=\"@agencia_infra\" \/>\n<meta name=\"twitter:site\" content=\"@agencia_infra\" \/>\n<meta name=\"twitter:label1\" content=\"Escrito por\" \/>\n\t<meta name=\"twitter:data1\" content=\"Ag\u00eancia iNFRA\" \/>\n\t<meta name=\"twitter:label2\" content=\"Est. tempo de leitura\" \/>\n\t<meta name=\"twitter:data2\" content=\"1 minuto\" \/>\n<script type=\"application\/ld+json\" class=\"yoast-schema-graph\">{\"@context\":\"https:\/\/schema.org\",\"@graph\":[{\"@type\":\"Article\",\"@id\":\"https:\/\/agenciainfra.com\/blog\/ressarcimento-de-curtailment-elevara-conta-de-luz-diz-sandoval\/#article\",\"isPartOf\":{\"@id\":\"https:\/\/agenciainfra.com\/blog\/ressarcimento-de-curtailment-elevara-conta-de-luz-diz-sandoval\/\"},\"author\":{\"name\":\"Ag\u00eancia iNFRA\",\"@id\":\"https:\/\/agenciainfra.com\/blog\/#\/schema\/person\/34af08dff6adea4cb22b06612ba7acfa\"},\"headline\":\"Ressarcimento de curtailment elevar\u00e1 conta de luz, diz Sandoval\",\"datePublished\":\"2025-10-31T16:25:56+00:00\",\"dateModified\":\"2025-11-03T13:05:26+00:00\",\"mainEntityOfPage\":{\"@id\":\"https:\/\/agenciainfra.com\/blog\/ressarcimento-de-curtailment-elevara-conta-de-luz-diz-sandoval\/\"},\"wordCount\":207,\"publisher\":{\"@id\":\"https:\/\/agenciainfra.com\/blog\/#organization\"},\"image\":{\"@id\":\"https:\/\/agenciainfra.com\/blog\/ressarcimento-de-curtailment-elevara-conta-de-luz-diz-sandoval\/#primaryimage\"},\"thumbnailUrl\":\"https:\/\/agenciainfra.com\/blog\/wp-content\/uploads\/2025\/10\/54854123157_c47e90a094_o-scaled-e1761925620647.jpg\",\"keywords\":[\"ANEEL\",\"curtailment\",\"Gabriel Vasconcelos\",\"Marisa Wanzeller\",\"MP.1304\",\"Sandoval Feitosa\"],\"articleSection\":[\"iNFRAEnergia\"],\"inLanguage\":\"pt-BR\",\"copyrightYear\":\"2025\",\"copyrightHolder\":{\"@id\":\"https:\/\/agenciainfra.com\/blog\/#organization\"}},{\"@type\":\"WebPage\",\"@id\":\"https:\/\/agenciainfra.com\/blog\/ressarcimento-de-curtailment-elevara-conta-de-luz-diz-sandoval\/\",\"url\":\"https:\/\/agenciainfra.com\/blog\/ressarcimento-de-curtailment-elevara-conta-de-luz-diz-sandoval\/\",\"name\":\"Ressarcimento de curtailment elevar\u00e1 conta de luz, diz Sandoval - Ag\u00eancia iNFRA\",\"isPartOf\":{\"@id\":\"https:\/\/agenciainfra.com\/blog\/#website\"},\"primaryImageOfPage\":{\"@id\":\"https:\/\/agenciainfra.com\/blog\/ressarcimento-de-curtailment-elevara-conta-de-luz-diz-sandoval\/#primaryimage\"},\"image\":{\"@id\":\"https:\/\/agenciainfra.com\/blog\/ressarcimento-de-curtailment-elevara-conta-de-luz-diz-sandoval\/#primaryimage\"},\"thumbnailUrl\":\"https:\/\/agenciainfra.com\/blog\/wp-content\/uploads\/2025\/10\/54854123157_c47e90a094_o-scaled-e1761925620647.jpg\",\"datePublished\":\"2025-10-31T16:25:56+00:00\",\"dateModified\":\"2025-11-03T13:05:26+00:00\",\"breadcrumb\":{\"@id\":\"https:\/\/agenciainfra.com\/blog\/ressarcimento-de-curtailment-elevara-conta-de-luz-diz-sandoval\/#breadcrumb\"},\"inLanguage\":\"pt-BR\",\"potentialAction\":[{\"@type\":\"ReadAction\",\"target\":[\"https:\/\/agenciainfra.com\/blog\/ressarcimento-de-curtailment-elevara-conta-de-luz-diz-sandoval\/\"]}]},{\"@type\":\"ImageObject\",\"inLanguage\":\"pt-BR\",\"@id\":\"https:\/\/agenciainfra.com\/blog\/ressarcimento-de-curtailment-elevara-conta-de-luz-diz-sandoval\/#primaryimage\",\"url\":\"https:\/\/agenciainfra.com\/blog\/wp-content\/uploads\/2025\/10\/54854123157_c47e90a094_o-scaled-e1761925620647.jpg\",\"contentUrl\":\"https:\/\/agenciainfra.com\/blog\/wp-content\/uploads\/2025\/10\/54854123157_c47e90a094_o-scaled-e1761925620647.jpg\",\"width\":1280,\"height\":854,\"caption\":\"Foto: Jefferson Rudy\/Ag\u00eancia Senado\"},{\"@type\":\"BreadcrumbList\",\"@id\":\"https:\/\/agenciainfra.com\/blog\/ressarcimento-de-curtailment-elevara-conta-de-luz-diz-sandoval\/#breadcrumb\",\"itemListElement\":[{\"@type\":\"ListItem\",\"position\":1,\"name\":\"In\u00edcio\",\"item\":\"https:\/\/agenciainfra.com\/blog\/\"},{\"@type\":\"ListItem\",\"position\":2,\"name\":\"Ressarcimento de curtailment elevar\u00e1 conta de luz, diz Sandoval\"}]},{\"@type\":\"WebSite\",\"@id\":\"https:\/\/agenciainfra.com\/blog\/#website\",\"url\":\"https:\/\/agenciainfra.com\/blog\/\",\"name\":\"Ag\u00eancia iNFRA\",\"description\":\"Multiplataforma de informa\u00e7\u00e3o jornal\u00edstica refer\u00eancia na \u00e1rea de infraestrutura no Brasil!\",\"publisher\":{\"@id\":\"https:\/\/agenciainfra.com\/blog\/#organization\"},\"potentialAction\":[{\"@type\":\"SearchAction\",\"target\":{\"@type\":\"EntryPoint\",\"urlTemplate\":\"https:\/\/agenciainfra.com\/blog\/?s={search_term_string}\"},\"query-input\":{\"@type\":\"PropertyValueSpecification\",\"valueRequired\":true,\"valueName\":\"search_term_string\"}}],\"inLanguage\":\"pt-BR\"},{\"@type\":\"Organization\",\"@id\":\"https:\/\/agenciainfra.com\/blog\/#organization\",\"name\":\"Ag\u00eancia iNFRA\",\"url\":\"https:\/\/agenciainfra.com\/blog\/\",\"logo\":{\"@type\":\"ImageObject\",\"inLanguage\":\"pt-BR\",\"@id\":\"https:\/\/agenciainfra.com\/blog\/#\/schema\/logo\/image\/\",\"url\":\"https:\/\/agenciainfra.com\/blog\/wp-content\/uploads\/2023\/09\/iNFRA_5-e1761735885940.png\",\"contentUrl\":\"https:\/\/agenciainfra.com\/blog\/wp-content\/uploads\/2023\/09\/iNFRA_5-e1761735885940.png\",\"width\":1672,\"height\":454,\"caption\":\"Ag\u00eancia iNFRA\"},\"image\":{\"@id\":\"https:\/\/agenciainfra.com\/blog\/#\/schema\/logo\/image\/\"},\"sameAs\":[\"https:\/\/www.facebook.com\/ageninfra\",\"https:\/\/x.com\/agencia_infra\",\"https:\/\/www.linkedin.com\/company\/ag\u00eanciainfra\/\",\"https:\/\/www.instagram.com\/agenciainfra\/\"]},{\"@type\":\"Person\",\"@id\":\"https:\/\/agenciainfra.com\/blog\/#\/schema\/person\/34af08dff6adea4cb22b06612ba7acfa\",\"name\":\"Ag\u00eancia iNFRA\",\"image\":{\"@type\":\"ImageObject\",\"inLanguage\":\"pt-BR\",\"@id\":\"https:\/\/agenciainfra.com\/blog\/#\/schema\/person\/image\/\",\"url\":\"https:\/\/secure.gravatar.com\/avatar\/d189e01678f06d8eb84d4e01f08eb848b3fffe3f8443818d3c356c66892f5be8?s=96&d=mm&r=g\",\"contentUrl\":\"https:\/\/secure.gravatar.com\/avatar\/d189e01678f06d8eb84d4e01f08eb848b3fffe3f8443818d3c356c66892f5be8?s=96&d=mm&r=g\",\"caption\":\"Ag\u00eancia iNFRA\"},\"url\":\"https:\/\/agenciainfra.com\/blog\/author\/admin\/\"}]}<\/script>\n<!-- \/ Yoast SEO Premium plugin. -->","yoast_head_json":{"title":"Ressarcimento de curtailment elevar\u00e1 conta de luz, diz Sandoval - Ag\u00eancia iNFRA","robots":{"index":"index","follow":"follow","max-snippet":"max-snippet:-1","max-image-preview":"max-image-preview:large","max-video-preview":"max-video-preview:-1"},"canonical":"https:\/\/agenciainfra.com\/blog\/ressarcimento-de-curtailment-elevara-conta-de-luz-diz-sandoval\/","og_locale":"pt_BR","og_type":"article","og_title":"Ressarcimento de curtailment elevar\u00e1 conta de luz, diz Sandoval","og_description":"Marisa Wanzeller e Gabriel Vasconcelos, da Ag\u00eancia iNFRA O diretor-geral da ANEEL (Ag\u00eancia Nacional de Energia El\u00e9trica), Sandoval Feitosa, disse nesta sexta-feira (31) que o ressarcimento do curtailment (cortes obrigat\u00f3rios de gera\u00e7\u00e3o) inclu\u00eddo na MP (Medida Provis\u00f3ria) 1.304 aumentar\u00e1 a conta de luz. Al\u00e9m disso, a rejei\u00e7\u00e3o da taxa de R$ 20 a cada 100 [&hellip;]","og_url":"https:\/\/agenciainfra.com\/blog\/ressarcimento-de-curtailment-elevara-conta-de-luz-diz-sandoval\/","og_site_name":"Ag\u00eancia iNFRA","article_publisher":"https:\/\/www.facebook.com\/ageninfra","article_published_time":"2025-10-31T16:25:56+00:00","article_modified_time":"2025-11-03T13:05:26+00:00","og_image":[{"width":1280,"height":854,"url":"https:\/\/agenciainfra.com\/blog\/wp-content\/uploads\/2025\/10\/54854123157_c47e90a094_o-scaled-e1761925620647.jpg","type":"image\/jpeg"}],"author":"Ag\u00eancia iNFRA","twitter_card":"summary_large_image","twitter_creator":"@agencia_infra","twitter_site":"@agencia_infra","twitter_misc":{"Escrito por":"Ag\u00eancia iNFRA","Est. tempo de leitura":"1 minuto"},"schema":{"@context":"https:\/\/schema.org","@graph":[{"@type":"Article","@id":"https:\/\/agenciainfra.com\/blog\/ressarcimento-de-curtailment-elevara-conta-de-luz-diz-sandoval\/#article","isPartOf":{"@id":"https:\/\/agenciainfra.com\/blog\/ressarcimento-de-curtailment-elevara-conta-de-luz-diz-sandoval\/"},"author":{"name":"Ag\u00eancia iNFRA","@id":"https:\/\/agenciainfra.com\/blog\/#\/schema\/person\/34af08dff6adea4cb22b06612ba7acfa"},"headline":"Ressarcimento de curtailment elevar\u00e1 conta de luz, diz Sandoval","datePublished":"2025-10-31T16:25:56+00:00","dateModified":"2025-11-03T13:05:26+00:00","mainEntityOfPage":{"@id":"https:\/\/agenciainfra.com\/blog\/ressarcimento-de-curtailment-elevara-conta-de-luz-diz-sandoval\/"},"wordCount":207,"publisher":{"@id":"https:\/\/agenciainfra.com\/blog\/#organization"},"image":{"@id":"https:\/\/agenciainfra.com\/blog\/ressarcimento-de-curtailment-elevara-conta-de-luz-diz-sandoval\/#primaryimage"},"thumbnailUrl":"https:\/\/agenciainfra.com\/blog\/wp-content\/uploads\/2025\/10\/54854123157_c47e90a094_o-scaled-e1761925620647.jpg","keywords":["ANEEL","curtailment","Gabriel Vasconcelos","Marisa Wanzeller","MP.1304","Sandoval Feitosa"],"articleSection":["iNFRAEnergia"],"inLanguage":"pt-BR","copyrightYear":"2025","copyrightHolder":{"@id":"https:\/\/agenciainfra.com\/blog\/#organization"}},{"@type":"WebPage","@id":"https:\/\/agenciainfra.com\/blog\/ressarcimento-de-curtailment-elevara-conta-de-luz-diz-sandoval\/","url":"https:\/\/agenciainfra.com\/blog\/ressarcimento-de-curtailment-elevara-conta-de-luz-diz-sandoval\/","name":"Ressarcimento de curtailment elevar\u00e1 conta de luz, diz Sandoval - Ag\u00eancia iNFRA","isPartOf":{"@id":"https:\/\/agenciainfra.com\/blog\/#website"},"primaryImageOfPage":{"@id":"https:\/\/agenciainfra.com\/blog\/ressarcimento-de-curtailment-elevara-conta-de-luz-diz-sandoval\/#primaryimage"},"image":{"@id":"https:\/\/agenciainfra.com\/blog\/ressarcimento-de-curtailment-elevara-conta-de-luz-diz-sandoval\/#primaryimage"},"thumbnailUrl":"https:\/\/agenciainfra.com\/blog\/wp-content\/uploads\/2025\/10\/54854123157_c47e90a094_o-scaled-e1761925620647.jpg","datePublished":"2025-10-31T16:25:56+00:00","dateModified":"2025-11-03T13:05:26+00:00","breadcrumb":{"@id":"https:\/\/agenciainfra.com\/blog\/ressarcimento-de-curtailment-elevara-conta-de-luz-diz-sandoval\/#breadcrumb"},"inLanguage":"pt-BR","potentialAction":[{"@type":"ReadAction","target":["https:\/\/agenciainfra.com\/blog\/ressarcimento-de-curtailment-elevara-conta-de-luz-diz-sandoval\/"]}]},{"@type":"ImageObject","inLanguage":"pt-BR","@id":"https:\/\/agenciainfra.com\/blog\/ressarcimento-de-curtailment-elevara-conta-de-luz-diz-sandoval\/#primaryimage","url":"https:\/\/agenciainfra.com\/blog\/wp-content\/uploads\/2025\/10\/54854123157_c47e90a094_o-scaled-e1761925620647.jpg","contentUrl":"https:\/\/agenciainfra.com\/blog\/wp-content\/uploads\/2025\/10\/54854123157_c47e90a094_o-scaled-e1761925620647.jpg","width":1280,"height":854,"caption":"Foto: Jefferson Rudy\/Ag\u00eancia Senado"},{"@type":"BreadcrumbList","@id":"https:\/\/agenciainfra.com\/blog\/ressarcimento-de-curtailment-elevara-conta-de-luz-diz-sandoval\/#breadcrumb","itemListElement":[{"@type":"ListItem","position":1,"name":"In\u00edcio","item":"https:\/\/agenciainfra.com\/blog\/"},{"@type":"ListItem","position":2,"name":"Ressarcimento de curtailment elevar\u00e1 conta de luz, diz Sandoval"}]},{"@type":"WebSite","@id":"https:\/\/agenciainfra.com\/blog\/#website","url":"https:\/\/agenciainfra.com\/blog\/","name":"Ag\u00eancia iNFRA","description":"Multiplataforma de informa\u00e7\u00e3o jornal\u00edstica refer\u00eancia na \u00e1rea de infraestrutura no Brasil!","publisher":{"@id":"https:\/\/agenciainfra.com\/blog\/#organization"},"potentialAction":[{"@type":"SearchAction","target":{"@type":"EntryPoint","urlTemplate":"https:\/\/agenciainfra.com\/blog\/?s={search_term_string}"},"query-input":{"@type":"PropertyValueSpecification","valueRequired":true,"valueName":"search_term_string"}}],"inLanguage":"pt-BR"},{"@type":"Organization","@id":"https:\/\/agenciainfra.com\/blog\/#organization","name":"Ag\u00eancia iNFRA","url":"https:\/\/agenciainfra.com\/blog\/","logo":{"@type":"ImageObject","inLanguage":"pt-BR","@id":"https:\/\/agenciainfra.com\/blog\/#\/schema\/logo\/image\/","url":"https:\/\/agenciainfra.com\/blog\/wp-content\/uploads\/2023\/09\/iNFRA_5-e1761735885940.png","contentUrl":"https:\/\/agenciainfra.com\/blog\/wp-content\/uploads\/2023\/09\/iNFRA_5-e1761735885940.png","width":1672,"height":454,"caption":"Ag\u00eancia iNFRA"},"image":{"@id":"https:\/\/agenciainfra.com\/blog\/#\/schema\/logo\/image\/"},"sameAs":["https:\/\/www.facebook.com\/ageninfra","https:\/\/x.com\/agencia_infra","https:\/\/www.linkedin.com\/company\/ag\u00eanciainfra\/","https:\/\/www.instagram.com\/agenciainfra\/"]},{"@type":"Person","@id":"https:\/\/agenciainfra.com\/blog\/#\/schema\/person\/34af08dff6adea4cb22b06612ba7acfa","name":"Ag\u00eancia iNFRA","image":{"@type":"ImageObject","inLanguage":"pt-BR","@id":"https:\/\/agenciainfra.com\/blog\/#\/schema\/person\/image\/","url":"https:\/\/secure.gravatar.com\/avatar\/d189e01678f06d8eb84d4e01f08eb848b3fffe3f8443818d3c356c66892f5be8?s=96&d=mm&r=g","contentUrl":"https:\/\/secure.gravatar.com\/avatar\/d189e01678f06d8eb84d4e01f08eb848b3fffe3f8443818d3c356c66892f5be8?s=96&d=mm&r=g","caption":"Ag\u00eancia iNFRA"},"url":"https:\/\/agenciainfra.com\/blog\/author\/admin\/"}]}},"_links":{"self":[{"href":"https:\/\/agenciainfra.com\/blog\/wp-json\/wp\/v2\/posts\/31236","targetHints":{"allow":["GET"]}}],"collection":[{"href":"https:\/\/agenciainfra.com\/blog\/wp-json\/wp\/v2\/posts"}],"about":[{"href":"https:\/\/agenciainfra.com\/blog\/wp-json\/wp\/v2\/types\/post"}],"author":[{"embeddable":true,"href":"https:\/\/agenciainfra.com\/blog\/wp-json\/wp\/v2\/users\/1"}],"replies":[{"embeddable":true,"href":"https:\/\/agenciainfra.com\/blog\/wp-json\/wp\/v2\/comments?post=31236"}],"version-history":[{"count":3,"href":"https:\/\/agenciainfra.com\/blog\/wp-json\/wp\/v2\/posts\/31236\/revisions"}],"predecessor-version":[{"id":31256,"href":"https:\/\/agenciainfra.com\/blog\/wp-json\/wp\/v2\/posts\/31236\/revisions\/31256"}],"wp:featuredmedia":[{"embeddable":true,"href":"https:\/\/agenciainfra.com\/blog\/wp-json\/wp\/v2\/media\/29794"}],"wp:attachment":[{"href":"https:\/\/agenciainfra.com\/blog\/wp-json\/wp\/v2\/media?parent=31236"}],"wp:term":[{"taxonomy":"category","embeddable":true,"href":"https:\/\/agenciainfra.com\/blog\/wp-json\/wp\/v2\/categories?post=31236"},{"taxonomy":"post_tag","embeddable":true,"href":"https:\/\/agenciainfra.com\/blog\/wp-json\/wp\/v2\/tags?post=31236"}],"curies":[{"name":"wp","href":"https:\/\/api.w.org\/{rel}","templated":true}]}}