{"id":3128,"date":"2019-05-01T04:00:52","date_gmt":"2019-05-01T07:00:52","guid":{"rendered":"http:\/\/www.agenciainfra.com\/blog\/?p=3128"},"modified":"2019-04-29T09:07:04","modified_gmt":"2019-04-29T12:07:04","slug":"governo-aceita-mais-mudancas-e-tcu-marca-votacao-para-nova-concessao-de-rodovias","status":"publish","type":"post","link":"https:\/\/agenciainfra.com\/blog\/governo-aceita-mais-mudancas-e-tcu-marca-votacao-para-nova-concessao-de-rodovias\/","title":{"rendered":"Governo aceita mais mudan\u00e7as e TCU marca vota\u00e7\u00e3o para nova concess\u00e3o de rodovias"},"content":{"rendered":"<h5 style=\"text-align: right;\"><strong>da Ag\u00eancia iNFRA<\/strong><\/h5>\n<div>\n<p>Em encontro t\u00e9cnico realizado no TCU (Tribunal de Contas da Uni\u00e3o) na \u00faltima sexta-feira (26), representantes do governo e do \u00f3rg\u00e3o de controle encaminharam uma solu\u00e7\u00e3o para destravar as concess\u00f5es de rodovias federais.<\/p>\n<p>O governo aceitou ceder em alguns do pontos que foram contestados pelos t\u00e9cnicos da SeinfraRodoviasAvia\u00e7\u00e3o do TCU, com o apoio do Minist\u00e9rio P\u00fablico de Contas, na an\u00e1lise dos estudos de viabilidade para a concess\u00e3o da BR-364-365\/MG-GO.<\/p>\n<p>O relator do processo, ministro Bruno Dantas, prometeu levar a an\u00e1lise \u2013 iniciada no primeiro semestre do ano passado \u2013 para decis\u00e3o do plen\u00e1rio do \u00f3rg\u00e3o em 15 de maio. Se isso ocorrer, o ministro da Infraestrutura, Tarc\u00edsio de Freitas, afirmou que a licita\u00e7\u00e3o ser\u00e1 colocada na pra\u00e7a em junho.<\/p>\n<p>O painel tratou de cinco problemas que s\u00e3o considerados os que tinham maior diverg\u00eancia entre as posi\u00e7\u00f5es do governo e do \u00f3rg\u00e3o de controle: regras para inclus\u00e3o de investimentos; regra de prorroga\u00e7\u00e3o contratual; garantias contratuais; cronograma de investimentos da concess\u00e3o; e a hip\u00f3tese de extin\u00e7\u00e3o amig\u00e1vel.<\/p>\n<p>No caso da extin\u00e7\u00e3o amig\u00e1vel, o governo cedeu em n\u00e3o colocar a hip\u00f3tese no contrato. Mas, na pr\u00e1tica, enquanto permanecer em lei, n\u00e3o h\u00e1 como impedir o procedimento. Os problemas referentes \u00e0s garantias tamb\u00e9m n\u00e3o tiveram um acordo.<\/p>\n<p>O governo tamb\u00e9m topou mudar a programa\u00e7\u00e3o de investimentos, trazendo algumas obras mais para o in\u00edcio do contrato. E acabou com as hip\u00f3teses diferentes para prorroga\u00e7\u00e3o contratual, deixando apenas um prazo \u00fanico de 5 anos (o que iguala a regra das concess\u00f5es de aeroportos).<\/p>\n<p><strong>Inclus\u00e3o de obras<\/strong><br \/>\nMas o maior problema \u00e9 em rela\u00e7\u00e3o \u00e0 inclus\u00e3o de obras n\u00e3o previstas. Nesse ponto, o governo apresentou tr\u00eas inova\u00e7\u00f5es que ser\u00e3o realizadas nesse contrato e tamb\u00e9m em outros contratos de concess\u00f5es.<\/p>\n<p>Al\u00e9m das restri\u00e7\u00f5es que j\u00e1 haviam sido impostas no leil\u00e3o da RIS (Rodovia de Integra\u00e7\u00e3o do Sul), o governo decidiu que\u00a0vai exigir\u00a0concorr\u00eancia na concession\u00e1ria para a realiza\u00e7\u00e3o de obra n\u00e3o prevista (copiando um modelo existente no Chile), vai proibir\u00a0cobran\u00e7a de acr\u00e9scimo da tarifa antes da obra entregue e far\u00e1 uma avalia\u00e7\u00e3o pr\u00e9via da qualidade da concession\u00e1ria para liberar ou n\u00e3o novos projetos.<\/p>\n<p>As mudan\u00e7as propostas agora ser\u00e3o\u00a0avaliadas pelo relator, ministro Bruno Dantas, para a realiza\u00e7\u00e3o do seu parecer ao processo. Elas agradaram o representante do Minist\u00e9rio P\u00fablico de Contas, Julio Marcelo, e o representante da ANUT (Associa\u00e7\u00e3o Nacional dos Usu\u00e1rios de Transportes), Luis Baldez.<\/p>\n<p>J\u00e1 o representante da ABCR (Associa\u00e7\u00e3o Brasileira de Concession\u00e1ria de Rodovias), Cesar Borges, alertou para as altera\u00e7\u00f5es que est\u00e3o sendo feitas, indicando que elas podem engessar contratos de longo prazo.<\/p>\n<p><strong>O mal estar<\/strong><br \/>\nNo evento, o representante da Seinfra, o secret\u00e1rio Luiz Fernando Ururahy, e o representante da ANTT, o gerente da Suinf (Superintend\u00eancia de Infraestrutura de Transportes Rodovi\u00e1rios), Marcelo Fonseca, deixaram claro o mal estar entre os \u00f3rg\u00e3os.<\/p>\n<p>Ururahy disse que o intuito da instru\u00e7\u00e3o da BR-364-365 n\u00e3o foi revisitar o que j\u00e1 havia sido decidido na concess\u00e3o da RIS (Rodovia de Integra\u00e7\u00e3o do Sul), mas monitorar o que o TCU decidiu e n\u00e3o teria sido cumprido. O secret\u00e1rio disse ainda que o \u00f3rg\u00e3o tem consci\u00eancia de que um contrato de concess\u00e3o \u00e9 de longo prazo e por isso mais fluido, mas que &#8220;ele n\u00e3o pode tomar qualquer forma&#8221;.<\/p>\n<p>Fonseca disse que reconhece que os t\u00e9cnicos do TCU e a ag\u00eancia t\u00eam os mesmos objetivos, de garantir a execu\u00e7\u00e3o dos contratos, e que as diverg\u00eancias est\u00e3o na forma como fazer. Explicando outro tema, as formas de renova\u00e7\u00e3o do contrato, Fonseca afirmou que est\u00e1 &#8220;sens\u00edvel&#8221; \u00e0 decis\u00e3o do TCU de reduzir a discricionariedade dos gestores da ag\u00eancia por suspeitarem de corrup\u00e7\u00e3o.<\/p>\n<p>&#8220;Uma coisa que temos visto aqui no tribunal \u00e9 uma postura no sentido de que devemos reduzir a discricionariedade dos gestores da ANTT. Pelo pr\u00f3prio hist\u00f3rico que a gente tem, ruim, n\u00e3o temos credibilidade dos nossos gestores. H\u00e1 uma percep\u00e7\u00e3o de que h\u00e1 uma corrup\u00e7\u00e3o por tr\u00e1s disso. E ao reduzir a discricionariedade voc\u00ea reduz a janela para a corrup\u00e7\u00e3o. A gente percebe muito claramente que esse \u00e9 um pensamento que subjaz toda instru\u00e7\u00e3o t\u00e9cnica do tribunal e estamos sens\u00edveis a isso, tecnicamente falando&#8221;, disse Fonseca.<\/p>\n<p><strong>Mal estar 2<\/strong><br \/>\nEm sua fala, o ministro Tarc\u00edsio de Freitas disse que, mesmo com as mudan\u00e7as promovidas no leil\u00e3o da RIS, bem sucedido segundo ele pelos diferentes perfis de empresas participantes, ainda h\u00e1 desconforto dos t\u00e9cnicos do TCU com o processo de inclus\u00e3o de obras. Para ele, \u00e9 poss\u00edvel ainda aprimorar com as mudan\u00e7as que ser\u00e3o incorporadas no pr\u00f3ximo leil\u00e3o.<\/p>\n<p>Tarc\u00edsio defendeu a discricionariedade dos gestores para decidir sobre inclus\u00e3o de obras dizendo que n\u00e3o ser\u00e1 na imposi\u00e7\u00e3o de limites, mas no disciplinamento da forma de inclus\u00e3o que ser\u00e1 poss\u00edvel atender o melhor interesse p\u00fablico. Ele criticou as empresas concession\u00e1rias dizendo que elas precisam ser &#8220;reeducadas&#8221; para uma cultura de cumprimento dos contratos.<\/p>\n<p>A fala n\u00e3o foi bem recebida pelo representante das empresas, Cesar Borges, que al\u00e9m das cr\u00edticas gerais \u00e0 imposi\u00e7\u00e3o de mais rigor para a inclus\u00e3o de obras e encerramento dos contratos, tamb\u00e9m afirmou que as empresas n\u00e3o s\u00e3o as respons\u00e1veis pela inclus\u00e3o das obras.<\/p>\n<p>&#8220;Concession\u00e1ria n\u00e3o faz obra sem autoriza\u00e7\u00e3o da ag\u00eancia&#8221;, disse Borges, reclamando\u00a0que governo e TCU demonizam as empresas.<\/p>\n<p>Para ele, o TCU criou &#8220;uma inexistente teoria da captura&#8221; e tenta engessar contratos de longo prazo por desconfiar da ANTT, o que seria um problema de gest\u00e3o.<\/p>\n<p>&#8220;As mesmas empresas que t\u00eam problemas no governo federal est\u00e3o em S\u00e3o Paulo num programa de concess\u00f5es de sucesso&#8221;, disse Borges, lembrando que o governo n\u00e3o cumpre parte dos acordos com elas.<\/p>\n<\/div>\n","protected":false},"excerpt":{"rendered":"<p>da Ag\u00eancia iNFRA Em encontro t\u00e9cnico realizado no TCU (Tribunal de Contas da Uni\u00e3o) na \u00faltima sexta-feira (26), representantes do governo e do \u00f3rg\u00e3o de controle encaminharam uma solu\u00e7\u00e3o para destravar as concess\u00f5es de rodovias federais. O governo aceitou ceder em alguns do pontos que foram contestados pelos t\u00e9cnicos da SeinfraRodoviasAvia\u00e7\u00e3o do TCU, com o [&hellip;]<\/p>\n","protected":false},"author":9,"featured_media":2789,"comment_status":"closed","ping_status":"open","sticky":false,"template":"","format":"standard","meta":{"_monsterinsights_skip_tracking":false,"_monsterinsights_sitenote_active":false,"_monsterinsights_sitenote_note":"","_monsterinsights_sitenote_category":0,"footnotes":""},"categories":[7],"tags":[952,396,951,448,18],"class_list":["post-3128","post","type-post","status-publish","format-standard","has-post-thumbnail","hentry","category-infratransporte","tag-br-364-365-mg-go","tag-bruno-dantas","tag-concessoes-de-rodovias","tag-tarcisio-de-freitas","tag-tcu"],"yoast_head":"<!-- This site is optimized with the Yoast SEO Premium plugin v25.4 (Yoast SEO v26.0) - https:\/\/yoast.com\/wordpress\/plugins\/seo\/ -->\n<title>Governo aceita mais mudan\u00e7as e TCU marca vota\u00e7\u00e3o para nova concess\u00e3o de rodovias - Ag\u00eancia iNFRA<\/title>\n<meta name=\"robots\" content=\"index, follow, max-snippet:-1, max-image-preview:large, max-video-preview:-1\" \/>\n<link rel=\"canonical\" href=\"https:\/\/agenciainfra.com\/blog\/governo-aceita-mais-mudancas-e-tcu-marca-votacao-para-nova-concessao-de-rodovias\/\" \/>\n<meta property=\"og:locale\" content=\"pt_BR\" \/>\n<meta property=\"og:type\" content=\"article\" \/>\n<meta property=\"og:title\" content=\"Governo aceita mais mudan\u00e7as e TCU marca vota\u00e7\u00e3o para nova concess\u00e3o de rodovias\" \/>\n<meta property=\"og:description\" content=\"da Ag\u00eancia iNFRA Em encontro t\u00e9cnico realizado no TCU (Tribunal de Contas da Uni\u00e3o) na \u00faltima sexta-feira (26), representantes do governo e do \u00f3rg\u00e3o de controle encaminharam uma solu\u00e7\u00e3o para destravar as concess\u00f5es de rodovias federais. O governo aceitou ceder em alguns do pontos que foram contestados pelos t\u00e9cnicos da SeinfraRodoviasAvia\u00e7\u00e3o do TCU, com o [&hellip;]\" \/>\n<meta property=\"og:url\" content=\"https:\/\/agenciainfra.com\/blog\/governo-aceita-mais-mudancas-e-tcu-marca-votacao-para-nova-concessao-de-rodovias\/\" \/>\n<meta property=\"og:site_name\" content=\"Ag\u00eancia iNFRA\" \/>\n<meta property=\"article:publisher\" content=\"https:\/\/www.facebook.com\/ageninfra\" \/>\n<meta property=\"article:published_time\" content=\"2019-05-01T07:00:52+00:00\" \/>\n<meta property=\"og:image\" content=\"https:\/\/agenciainfra.com\/blog\/wp-content\/uploads\/2019\/01\/rodovia-federal-elza-fiuza-agencia-brasil.jpg\" \/>\n\t<meta property=\"og:image:width\" content=\"2309\" \/>\n\t<meta property=\"og:image:height\" content=\"1487\" \/>\n\t<meta property=\"og:image:type\" content=\"image\/jpeg\" \/>\n<meta name=\"author\" content=\"Rodrigo Zuquim\" \/>\n<meta name=\"twitter:card\" content=\"summary_large_image\" \/>\n<meta name=\"twitter:creator\" content=\"@agencia_infra\" \/>\n<meta name=\"twitter:site\" content=\"@agencia_infra\" \/>\n<meta name=\"twitter:label1\" content=\"Escrito por\" \/>\n\t<meta name=\"twitter:data1\" content=\"Rodrigo Zuquim\" \/>\n\t<meta name=\"twitter:label2\" content=\"Est. tempo de leitura\" \/>\n\t<meta name=\"twitter:data2\" content=\"5 minutos\" \/>\n<script type=\"application\/ld+json\" class=\"yoast-schema-graph\">{\"@context\":\"https:\/\/schema.org\",\"@graph\":[{\"@type\":\"Article\",\"@id\":\"https:\/\/agenciainfra.com\/blog\/governo-aceita-mais-mudancas-e-tcu-marca-votacao-para-nova-concessao-de-rodovias\/#article\",\"isPartOf\":{\"@id\":\"https:\/\/agenciainfra.com\/blog\/governo-aceita-mais-mudancas-e-tcu-marca-votacao-para-nova-concessao-de-rodovias\/\"},\"author\":{\"name\":\"Rodrigo Zuquim\",\"@id\":\"https:\/\/agenciainfra.com\/blog\/#\/schema\/person\/04dbb79bd6d8951f063da71f3e4c1eb1\"},\"headline\":\"Governo aceita mais mudan\u00e7as e TCU marca vota\u00e7\u00e3o para nova concess\u00e3o de rodovias\",\"datePublished\":\"2019-05-01T07:00:52+00:00\",\"mainEntityOfPage\":{\"@id\":\"https:\/\/agenciainfra.com\/blog\/governo-aceita-mais-mudancas-e-tcu-marca-votacao-para-nova-concessao-de-rodovias\/\"},\"wordCount\":1071,\"publisher\":{\"@id\":\"https:\/\/agenciainfra.com\/blog\/#organization\"},\"image\":{\"@id\":\"https:\/\/agenciainfra.com\/blog\/governo-aceita-mais-mudancas-e-tcu-marca-votacao-para-nova-concessao-de-rodovias\/#primaryimage\"},\"thumbnailUrl\":\"https:\/\/agenciainfra.com\/blog\/wp-content\/uploads\/2019\/01\/rodovia-federal-elza-fiuza-agencia-brasil.jpg\",\"keywords\":[\"BR-364-365\/MG-GO\",\"Bruno Dantas\",\"concess\u00f5es de rodovias\",\"Tarc\u00edsio de Freitas\",\"TCU\"],\"articleSection\":[\"iNFRATransporte\"],\"inLanguage\":\"pt-BR\",\"copyrightYear\":\"2019\",\"copyrightHolder\":{\"@id\":\"https:\/\/agenciainfra.com\/blog\/#organization\"}},{\"@type\":\"WebPage\",\"@id\":\"https:\/\/agenciainfra.com\/blog\/governo-aceita-mais-mudancas-e-tcu-marca-votacao-para-nova-concessao-de-rodovias\/\",\"url\":\"https:\/\/agenciainfra.com\/blog\/governo-aceita-mais-mudancas-e-tcu-marca-votacao-para-nova-concessao-de-rodovias\/\",\"name\":\"Governo aceita mais mudan\u00e7as e TCU marca vota\u00e7\u00e3o para nova concess\u00e3o de rodovias - Ag\u00eancia iNFRA\",\"isPartOf\":{\"@id\":\"https:\/\/agenciainfra.com\/blog\/#website\"},\"primaryImageOfPage\":{\"@id\":\"https:\/\/agenciainfra.com\/blog\/governo-aceita-mais-mudancas-e-tcu-marca-votacao-para-nova-concessao-de-rodovias\/#primaryimage\"},\"image\":{\"@id\":\"https:\/\/agenciainfra.com\/blog\/governo-aceita-mais-mudancas-e-tcu-marca-votacao-para-nova-concessao-de-rodovias\/#primaryimage\"},\"thumbnailUrl\":\"https:\/\/agenciainfra.com\/blog\/wp-content\/uploads\/2019\/01\/rodovia-federal-elza-fiuza-agencia-brasil.jpg\",\"datePublished\":\"2019-05-01T07:00:52+00:00\",\"breadcrumb\":{\"@id\":\"https:\/\/agenciainfra.com\/blog\/governo-aceita-mais-mudancas-e-tcu-marca-votacao-para-nova-concessao-de-rodovias\/#breadcrumb\"},\"inLanguage\":\"pt-BR\",\"potentialAction\":[{\"@type\":\"ReadAction\",\"target\":[\"https:\/\/agenciainfra.com\/blog\/governo-aceita-mais-mudancas-e-tcu-marca-votacao-para-nova-concessao-de-rodovias\/\"]}]},{\"@type\":\"ImageObject\",\"inLanguage\":\"pt-BR\",\"@id\":\"https:\/\/agenciainfra.com\/blog\/governo-aceita-mais-mudancas-e-tcu-marca-votacao-para-nova-concessao-de-rodovias\/#primaryimage\",\"url\":\"https:\/\/agenciainfra.com\/blog\/wp-content\/uploads\/2019\/01\/rodovia-federal-elza-fiuza-agencia-brasil.jpg\",\"contentUrl\":\"https:\/\/agenciainfra.com\/blog\/wp-content\/uploads\/2019\/01\/rodovia-federal-elza-fiuza-agencia-brasil.jpg\",\"width\":2309,\"height\":1487},{\"@type\":\"BreadcrumbList\",\"@id\":\"https:\/\/agenciainfra.com\/blog\/governo-aceita-mais-mudancas-e-tcu-marca-votacao-para-nova-concessao-de-rodovias\/#breadcrumb\",\"itemListElement\":[{\"@type\":\"ListItem\",\"position\":1,\"name\":\"In\u00edcio\",\"item\":\"https:\/\/agenciainfra.com\/blog\/\"},{\"@type\":\"ListItem\",\"position\":2,\"name\":\"Governo aceita mais mudan\u00e7as e TCU marca vota\u00e7\u00e3o para nova concess\u00e3o de rodovias\"}]},{\"@type\":\"WebSite\",\"@id\":\"https:\/\/agenciainfra.com\/blog\/#website\",\"url\":\"https:\/\/agenciainfra.com\/blog\/\",\"name\":\"Ag\u00eancia iNFRA\",\"description\":\"Multiplataforma de informa\u00e7\u00e3o jornal\u00edstica refer\u00eancia na \u00e1rea de infraestrutura no Brasil!\",\"publisher\":{\"@id\":\"https:\/\/agenciainfra.com\/blog\/#organization\"},\"potentialAction\":[{\"@type\":\"SearchAction\",\"target\":{\"@type\":\"EntryPoint\",\"urlTemplate\":\"https:\/\/agenciainfra.com\/blog\/?s={search_term_string}\"},\"query-input\":{\"@type\":\"PropertyValueSpecification\",\"valueRequired\":true,\"valueName\":\"search_term_string\"}}],\"inLanguage\":\"pt-BR\"},{\"@type\":\"Organization\",\"@id\":\"https:\/\/agenciainfra.com\/blog\/#organization\",\"name\":\"Ag\u00eancia iNFRA\",\"url\":\"https:\/\/agenciainfra.com\/blog\/\",\"logo\":{\"@type\":\"ImageObject\",\"inLanguage\":\"pt-BR\",\"@id\":\"https:\/\/agenciainfra.com\/blog\/#\/schema\/logo\/image\/\",\"url\":\"https:\/\/agenciainfra.com\/blog\/wp-content\/uploads\/2023\/09\/iNFRA_5-e1761735885940.png\",\"contentUrl\":\"https:\/\/agenciainfra.com\/blog\/wp-content\/uploads\/2023\/09\/iNFRA_5-e1761735885940.png\",\"width\":1672,\"height\":454,\"caption\":\"Ag\u00eancia iNFRA\"},\"image\":{\"@id\":\"https:\/\/agenciainfra.com\/blog\/#\/schema\/logo\/image\/\"},\"sameAs\":[\"https:\/\/www.facebook.com\/ageninfra\",\"https:\/\/x.com\/agencia_infra\",\"https:\/\/www.linkedin.com\/company\/ag\u00eanciainfra\/\",\"https:\/\/www.instagram.com\/agenciainfra\/\"]},{\"@type\":\"Person\",\"@id\":\"https:\/\/agenciainfra.com\/blog\/#\/schema\/person\/04dbb79bd6d8951f063da71f3e4c1eb1\",\"name\":\"Rodrigo Zuquim\",\"image\":{\"@type\":\"ImageObject\",\"inLanguage\":\"pt-BR\",\"@id\":\"https:\/\/agenciainfra.com\/blog\/#\/schema\/person\/image\/\",\"url\":\"https:\/\/secure.gravatar.com\/avatar\/594abfe82761d620726242ff34ca472a705a4b97f16c790053a6b4c4035274d0?s=96&d=mm&r=g\",\"contentUrl\":\"https:\/\/secure.gravatar.com\/avatar\/594abfe82761d620726242ff34ca472a705a4b97f16c790053a6b4c4035274d0?s=96&d=mm&r=g\",\"caption\":\"Rodrigo Zuquim\"},\"url\":\"https:\/\/agenciainfra.com\/blog\/author\/rodrigo-zuquim\/\"}]}<\/script>\n<!-- \/ Yoast SEO Premium plugin. -->","yoast_head_json":{"title":"Governo aceita mais mudan\u00e7as e TCU marca vota\u00e7\u00e3o para nova concess\u00e3o de rodovias - Ag\u00eancia iNFRA","robots":{"index":"index","follow":"follow","max-snippet":"max-snippet:-1","max-image-preview":"max-image-preview:large","max-video-preview":"max-video-preview:-1"},"canonical":"https:\/\/agenciainfra.com\/blog\/governo-aceita-mais-mudancas-e-tcu-marca-votacao-para-nova-concessao-de-rodovias\/","og_locale":"pt_BR","og_type":"article","og_title":"Governo aceita mais mudan\u00e7as e TCU marca vota\u00e7\u00e3o para nova concess\u00e3o de rodovias","og_description":"da Ag\u00eancia iNFRA Em encontro t\u00e9cnico realizado no TCU (Tribunal de Contas da Uni\u00e3o) na \u00faltima sexta-feira (26), representantes do governo e do \u00f3rg\u00e3o de controle encaminharam uma solu\u00e7\u00e3o para destravar as concess\u00f5es de rodovias federais. O governo aceitou ceder em alguns do pontos que foram contestados pelos t\u00e9cnicos da SeinfraRodoviasAvia\u00e7\u00e3o do TCU, com o [&hellip;]","og_url":"https:\/\/agenciainfra.com\/blog\/governo-aceita-mais-mudancas-e-tcu-marca-votacao-para-nova-concessao-de-rodovias\/","og_site_name":"Ag\u00eancia iNFRA","article_publisher":"https:\/\/www.facebook.com\/ageninfra","article_published_time":"2019-05-01T07:00:52+00:00","og_image":[{"width":2309,"height":1487,"url":"https:\/\/agenciainfra.com\/blog\/wp-content\/uploads\/2019\/01\/rodovia-federal-elza-fiuza-agencia-brasil.jpg","type":"image\/jpeg"}],"author":"Rodrigo Zuquim","twitter_card":"summary_large_image","twitter_creator":"@agencia_infra","twitter_site":"@agencia_infra","twitter_misc":{"Escrito por":"Rodrigo Zuquim","Est. tempo de leitura":"5 minutos"},"schema":{"@context":"https:\/\/schema.org","@graph":[{"@type":"Article","@id":"https:\/\/agenciainfra.com\/blog\/governo-aceita-mais-mudancas-e-tcu-marca-votacao-para-nova-concessao-de-rodovias\/#article","isPartOf":{"@id":"https:\/\/agenciainfra.com\/blog\/governo-aceita-mais-mudancas-e-tcu-marca-votacao-para-nova-concessao-de-rodovias\/"},"author":{"name":"Rodrigo Zuquim","@id":"https:\/\/agenciainfra.com\/blog\/#\/schema\/person\/04dbb79bd6d8951f063da71f3e4c1eb1"},"headline":"Governo aceita mais mudan\u00e7as e TCU marca vota\u00e7\u00e3o para nova concess\u00e3o de rodovias","datePublished":"2019-05-01T07:00:52+00:00","mainEntityOfPage":{"@id":"https:\/\/agenciainfra.com\/blog\/governo-aceita-mais-mudancas-e-tcu-marca-votacao-para-nova-concessao-de-rodovias\/"},"wordCount":1071,"publisher":{"@id":"https:\/\/agenciainfra.com\/blog\/#organization"},"image":{"@id":"https:\/\/agenciainfra.com\/blog\/governo-aceita-mais-mudancas-e-tcu-marca-votacao-para-nova-concessao-de-rodovias\/#primaryimage"},"thumbnailUrl":"https:\/\/agenciainfra.com\/blog\/wp-content\/uploads\/2019\/01\/rodovia-federal-elza-fiuza-agencia-brasil.jpg","keywords":["BR-364-365\/MG-GO","Bruno Dantas","concess\u00f5es de rodovias","Tarc\u00edsio de Freitas","TCU"],"articleSection":["iNFRATransporte"],"inLanguage":"pt-BR","copyrightYear":"2019","copyrightHolder":{"@id":"https:\/\/agenciainfra.com\/blog\/#organization"}},{"@type":"WebPage","@id":"https:\/\/agenciainfra.com\/blog\/governo-aceita-mais-mudancas-e-tcu-marca-votacao-para-nova-concessao-de-rodovias\/","url":"https:\/\/agenciainfra.com\/blog\/governo-aceita-mais-mudancas-e-tcu-marca-votacao-para-nova-concessao-de-rodovias\/","name":"Governo aceita mais mudan\u00e7as e TCU marca vota\u00e7\u00e3o para nova concess\u00e3o de rodovias - Ag\u00eancia iNFRA","isPartOf":{"@id":"https:\/\/agenciainfra.com\/blog\/#website"},"primaryImageOfPage":{"@id":"https:\/\/agenciainfra.com\/blog\/governo-aceita-mais-mudancas-e-tcu-marca-votacao-para-nova-concessao-de-rodovias\/#primaryimage"},"image":{"@id":"https:\/\/agenciainfra.com\/blog\/governo-aceita-mais-mudancas-e-tcu-marca-votacao-para-nova-concessao-de-rodovias\/#primaryimage"},"thumbnailUrl":"https:\/\/agenciainfra.com\/blog\/wp-content\/uploads\/2019\/01\/rodovia-federal-elza-fiuza-agencia-brasil.jpg","datePublished":"2019-05-01T07:00:52+00:00","breadcrumb":{"@id":"https:\/\/agenciainfra.com\/blog\/governo-aceita-mais-mudancas-e-tcu-marca-votacao-para-nova-concessao-de-rodovias\/#breadcrumb"},"inLanguage":"pt-BR","potentialAction":[{"@type":"ReadAction","target":["https:\/\/agenciainfra.com\/blog\/governo-aceita-mais-mudancas-e-tcu-marca-votacao-para-nova-concessao-de-rodovias\/"]}]},{"@type":"ImageObject","inLanguage":"pt-BR","@id":"https:\/\/agenciainfra.com\/blog\/governo-aceita-mais-mudancas-e-tcu-marca-votacao-para-nova-concessao-de-rodovias\/#primaryimage","url":"https:\/\/agenciainfra.com\/blog\/wp-content\/uploads\/2019\/01\/rodovia-federal-elza-fiuza-agencia-brasil.jpg","contentUrl":"https:\/\/agenciainfra.com\/blog\/wp-content\/uploads\/2019\/01\/rodovia-federal-elza-fiuza-agencia-brasil.jpg","width":2309,"height":1487},{"@type":"BreadcrumbList","@id":"https:\/\/agenciainfra.com\/blog\/governo-aceita-mais-mudancas-e-tcu-marca-votacao-para-nova-concessao-de-rodovias\/#breadcrumb","itemListElement":[{"@type":"ListItem","position":1,"name":"In\u00edcio","item":"https:\/\/agenciainfra.com\/blog\/"},{"@type":"ListItem","position":2,"name":"Governo aceita mais mudan\u00e7as e TCU marca vota\u00e7\u00e3o para nova concess\u00e3o de rodovias"}]},{"@type":"WebSite","@id":"https:\/\/agenciainfra.com\/blog\/#website","url":"https:\/\/agenciainfra.com\/blog\/","name":"Ag\u00eancia iNFRA","description":"Multiplataforma de informa\u00e7\u00e3o jornal\u00edstica refer\u00eancia na \u00e1rea de infraestrutura no Brasil!","publisher":{"@id":"https:\/\/agenciainfra.com\/blog\/#organization"},"potentialAction":[{"@type":"SearchAction","target":{"@type":"EntryPoint","urlTemplate":"https:\/\/agenciainfra.com\/blog\/?s={search_term_string}"},"query-input":{"@type":"PropertyValueSpecification","valueRequired":true,"valueName":"search_term_string"}}],"inLanguage":"pt-BR"},{"@type":"Organization","@id":"https:\/\/agenciainfra.com\/blog\/#organization","name":"Ag\u00eancia iNFRA","url":"https:\/\/agenciainfra.com\/blog\/","logo":{"@type":"ImageObject","inLanguage":"pt-BR","@id":"https:\/\/agenciainfra.com\/blog\/#\/schema\/logo\/image\/","url":"https:\/\/agenciainfra.com\/blog\/wp-content\/uploads\/2023\/09\/iNFRA_5-e1761735885940.png","contentUrl":"https:\/\/agenciainfra.com\/blog\/wp-content\/uploads\/2023\/09\/iNFRA_5-e1761735885940.png","width":1672,"height":454,"caption":"Ag\u00eancia iNFRA"},"image":{"@id":"https:\/\/agenciainfra.com\/blog\/#\/schema\/logo\/image\/"},"sameAs":["https:\/\/www.facebook.com\/ageninfra","https:\/\/x.com\/agencia_infra","https:\/\/www.linkedin.com\/company\/ag\u00eanciainfra\/","https:\/\/www.instagram.com\/agenciainfra\/"]},{"@type":"Person","@id":"https:\/\/agenciainfra.com\/blog\/#\/schema\/person\/04dbb79bd6d8951f063da71f3e4c1eb1","name":"Rodrigo Zuquim","image":{"@type":"ImageObject","inLanguage":"pt-BR","@id":"https:\/\/agenciainfra.com\/blog\/#\/schema\/person\/image\/","url":"https:\/\/secure.gravatar.com\/avatar\/594abfe82761d620726242ff34ca472a705a4b97f16c790053a6b4c4035274d0?s=96&d=mm&r=g","contentUrl":"https:\/\/secure.gravatar.com\/avatar\/594abfe82761d620726242ff34ca472a705a4b97f16c790053a6b4c4035274d0?s=96&d=mm&r=g","caption":"Rodrigo Zuquim"},"url":"https:\/\/agenciainfra.com\/blog\/author\/rodrigo-zuquim\/"}]}},"_links":{"self":[{"href":"https:\/\/agenciainfra.com\/blog\/wp-json\/wp\/v2\/posts\/3128","targetHints":{"allow":["GET"]}}],"collection":[{"href":"https:\/\/agenciainfra.com\/blog\/wp-json\/wp\/v2\/posts"}],"about":[{"href":"https:\/\/agenciainfra.com\/blog\/wp-json\/wp\/v2\/types\/post"}],"author":[{"embeddable":true,"href":"https:\/\/agenciainfra.com\/blog\/wp-json\/wp\/v2\/users\/9"}],"replies":[{"embeddable":true,"href":"https:\/\/agenciainfra.com\/blog\/wp-json\/wp\/v2\/comments?post=3128"}],"version-history":[{"count":0,"href":"https:\/\/agenciainfra.com\/blog\/wp-json\/wp\/v2\/posts\/3128\/revisions"}],"wp:featuredmedia":[{"embeddable":true,"href":"https:\/\/agenciainfra.com\/blog\/wp-json\/wp\/v2\/media\/2789"}],"wp:attachment":[{"href":"https:\/\/agenciainfra.com\/blog\/wp-json\/wp\/v2\/media?parent=3128"}],"wp:term":[{"taxonomy":"category","embeddable":true,"href":"https:\/\/agenciainfra.com\/blog\/wp-json\/wp\/v2\/categories?post=3128"},{"taxonomy":"post_tag","embeddable":true,"href":"https:\/\/agenciainfra.com\/blog\/wp-json\/wp\/v2\/tags?post=3128"}],"curies":[{"name":"wp","href":"https:\/\/api.w.org\/{rel}","templated":true}]}}