{"id":3132,"date":"2019-05-03T04:00:09","date_gmt":"2019-05-03T07:00:09","guid":{"rendered":"http:\/\/www.agenciainfra.com\/blog\/?p=3132"},"modified":"2019-05-02T20:32:33","modified_gmt":"2019-05-02T23:32:33","slug":"energia-eletrica-subiu-230-em-18-anos-enquanto-inflacao-foi-de-189-diz-aneel","status":"publish","type":"post","link":"https:\/\/agenciainfra.com\/blog\/energia-eletrica-subiu-230-em-18-anos-enquanto-inflacao-foi-de-189-diz-aneel\/","title":{"rendered":"Energia el\u00e9trica subiu 230% em 18 anos, enquanto infla\u00e7\u00e3o foi de 189%, diz ANEEL"},"content":{"rendered":"<h5 style=\"text-align: right;\"><strong>Leila Coimbra,\u00a0da Ag\u00eancia iNFRA<\/strong><\/h5>\n<p>A tarifa m\u00e9dia nominal de energia el\u00e9trica sofreu um aumento de 230% nos \u00faltimos 18 anos, segundo c\u00e1lculos da ANEEL (Ag\u00eancia Nacional de Energia El\u00e9trica), frente a uma eleva\u00e7\u00e3o de 189% do IPCA (\u00cdndice de Pre\u00e7os ao Consumidor Amplo), que representa a infla\u00e7\u00e3o oficial medida pelo governo, no mesmo per\u00edodo.<\/p>\n<p>A diferen\u00e7a de 41 pontos percentuais a mais nos pre\u00e7os da energia \u00e9 decorrente, principalmente, do aumento dos custos da cadeia energ\u00e9tica, mas tamb\u00e9m do maior repasse para as tarifas de inefici\u00eancias do sistema e subs\u00eddios para setores como consumidores rurais, irriga\u00e7\u00e3o e consumidores de grande porte que compram diretamente de fontes renov\u00e1veis (e\u00f3licas, solar e pequenas centrais hidrel\u00e9tricas).<\/p>\n<p><strong>Explos\u00e3o a partir de 2012<\/strong><br \/>\nSegundo a ANEEL, a explos\u00e3o tarif\u00e1ria ocorreu principalmente a partir de\u00a02012, quando a tarifa cresceu 20,4% em termos reais (descontada a infla\u00e7\u00e3o do per\u00edodo), at\u00e9 2018.\u00a0\u00a0H\u00e1 seis anos, o pre\u00e7o m\u00e9dio pago pelo consumidor de energia no pa\u00eds era de\u00a0R$ 430,30 o MWh (megawatt-hora), e passou para R$ 518,39 o MWh no fim do ano passado.<\/p>\n<p><strong>Distribui\u00e7\u00e3o teve queda na participa\u00e7\u00e3o<\/strong><br \/>\nEnquanto os custos de gera\u00e7\u00e3o tiveram um aumento de 14,25%, e a transmiss\u00e3o de 7,81%, desde 2012, na composi\u00e7\u00e3o da tarifa final, o segmento de distribui\u00e7\u00e3o teve uma queda de 2,32% no mesmo per\u00edodo.<\/p>\n<p><strong>\u201cPenduricalhos na gera\u00e7\u00e3o e transmiss\u00e3o\u201d<\/strong><br \/>\nA explica\u00e7\u00e3o para a diferen\u00e7a de custos dos diferentes elos da cadeia el\u00e9trica explica-se pelos seguintes fatores: a crise h\u00eddrica e a renova\u00e7\u00e3o antecipada de concess\u00f5es proporcionou mais custos nas tarifas\u00a0de gera\u00e7\u00e3o e transmiss\u00e3o, com a crise h\u00eddrica e a indeniza\u00e7\u00e3o pelas concess\u00f5es; ao passo que a \u00e1rea de distribui\u00e7\u00e3o viu seu mercado encolher com a retra\u00e7\u00e3o da economia e a sa\u00edda de consumidores livres de suas redes.<\/p>\n<p><strong>Descontos no fio quase triplicaram<\/strong><br \/>\nAo mesmo tempo em que alguns consumidores perceberam a grande eleva\u00e7\u00e3o nos desembolsos com energia, algumas categorias puderam usufruir de maiores descontos e subs\u00eddios. O benef\u00edcio para grandes consumidores, no uso do fio das concession\u00e1rias (ped\u00e1gio), pela compra de energia de fontes renov\u00e1veis, quase triplicou desde 2013, e passou de R$ 5,5 bilh\u00f5es para R$ 14,5 bilh\u00f5es ao ano.<\/p>\n<p><strong>MP 579<\/strong><br \/>\nA MP (medida provis\u00f3ria) 579, editada no fim de 2012, no governo de Dilma Rousseff, foi um dos fatores que mais pesou no aumento das tarifas, provocando um aumento de despesas de R$ 198,4 bilh\u00f5es no setor. Todo esse custo foi pago pelos consumidores,\u00a0segundo a ANEEL.<\/p>\n<p>A medida provis\u00f3ria deu origem \u00e0 Lei 12.783\/2013, que renovou as concess\u00f5es das usinas hidrel\u00e9tricas e teve como consequ\u00eancia uma alta nos custos do setor. Os principais itens foram: 1) risco hidrol\u00f3gico (R$ 44,6 bilh\u00f5es); 2) empr\u00e9stimos \u00e0 CDE (R$ 45,5 bilh\u00f5es); 3) indeniza\u00e7\u00f5es \u00e0s geradoras e transmissoras (R$ 18 bilh\u00f5es); 4) bonifica\u00e7\u00f5es \u00e0s usinas cotistas (R$ 7 bilh\u00f5es); e 5) a n\u00e3o realiza\u00e7\u00e3o de um leil\u00e3o de energia nova em 2014 (R$ 14,6 bilh\u00f5es).<\/p>\n","protected":false},"excerpt":{"rendered":"<p>Leila Coimbra,\u00a0da Ag\u00eancia iNFRA A tarifa m\u00e9dia nominal de energia el\u00e9trica sofreu um aumento de 230% nos \u00faltimos 18 anos, segundo c\u00e1lculos da ANEEL (Ag\u00eancia Nacional de Energia El\u00e9trica), frente a uma eleva\u00e7\u00e3o de 189% do IPCA (\u00cdndice de Pre\u00e7os ao Consumidor Amplo), que representa a infla\u00e7\u00e3o oficial medida pelo governo, no mesmo per\u00edodo. A [&hellip;]<\/p>\n","protected":false},"author":9,"featured_media":2916,"comment_status":"closed","ping_status":"open","sticky":false,"template":"","format":"standard","meta":{"_monsterinsights_skip_tracking":false,"_monsterinsights_sitenote_active":false,"_monsterinsights_sitenote_note":"","_monsterinsights_sitenote_category":0,"footnotes":""},"categories":[10],"tags":[852,53,865,954],"class_list":["post-3132","post","type-post","status-publish","format-standard","has-post-thumbnail","hentry","category-infraenergia","tag-agencia-nacional-de-energia-eletrica","tag-aneel","tag-preco-da-energia","tag-tarifa-da-energia"],"yoast_head":"<!-- This site is optimized with the Yoast SEO Premium plugin v25.4 (Yoast SEO v26.0) - https:\/\/yoast.com\/wordpress\/plugins\/seo\/ -->\n<title>Energia el\u00e9trica subiu 230% em 18 anos, enquanto infla\u00e7\u00e3o foi de 189%, diz ANEEL - Ag\u00eancia iNFRA<\/title>\n<meta name=\"robots\" content=\"index, follow, max-snippet:-1, max-image-preview:large, max-video-preview:-1\" \/>\n<link rel=\"canonical\" href=\"https:\/\/agenciainfra.com\/blog\/energia-eletrica-subiu-230-em-18-anos-enquanto-inflacao-foi-de-189-diz-aneel\/\" \/>\n<meta property=\"og:locale\" content=\"pt_BR\" \/>\n<meta property=\"og:type\" content=\"article\" \/>\n<meta property=\"og:title\" content=\"Energia el\u00e9trica subiu 230% em 18 anos, enquanto infla\u00e7\u00e3o foi de 189%, diz ANEEL\" \/>\n<meta property=\"og:description\" content=\"Leila Coimbra,\u00a0da Ag\u00eancia iNFRA A tarifa m\u00e9dia nominal de energia el\u00e9trica sofreu um aumento de 230% nos \u00faltimos 18 anos, segundo c\u00e1lculos da ANEEL (Ag\u00eancia Nacional de Energia El\u00e9trica), frente a uma eleva\u00e7\u00e3o de 189% do IPCA (\u00cdndice de Pre\u00e7os ao Consumidor Amplo), que representa a infla\u00e7\u00e3o oficial medida pelo governo, no mesmo per\u00edodo. A [&hellip;]\" \/>\n<meta property=\"og:url\" content=\"https:\/\/agenciainfra.com\/blog\/energia-eletrica-subiu-230-em-18-anos-enquanto-inflacao-foi-de-189-diz-aneel\/\" \/>\n<meta property=\"og:site_name\" content=\"Ag\u00eancia iNFRA\" \/>\n<meta property=\"article:publisher\" content=\"https:\/\/www.facebook.com\/ageninfra\" \/>\n<meta property=\"article:published_time\" content=\"2019-05-03T07:00:09+00:00\" \/>\n<meta property=\"og:image\" content=\"https:\/\/agenciainfra.com\/blog\/wp-content\/uploads\/2019\/02\/distribuidoras-de-energia-marcello-casal-jr-agencia-brasil.jpg\" \/>\n\t<meta property=\"og:image:width\" content=\"1140\" \/>\n\t<meta property=\"og:image:height\" content=\"760\" \/>\n\t<meta property=\"og:image:type\" content=\"image\/jpeg\" \/>\n<meta name=\"author\" content=\"Rodrigo Zuquim\" \/>\n<meta name=\"twitter:card\" content=\"summary_large_image\" \/>\n<meta name=\"twitter:creator\" content=\"@agencia_infra\" \/>\n<meta name=\"twitter:site\" content=\"@agencia_infra\" \/>\n<meta name=\"twitter:label1\" content=\"Escrito por\" \/>\n\t<meta name=\"twitter:data1\" content=\"Rodrigo Zuquim\" \/>\n\t<meta name=\"twitter:label2\" content=\"Est. tempo de leitura\" \/>\n\t<meta name=\"twitter:data2\" content=\"3 minutos\" \/>\n<script type=\"application\/ld+json\" class=\"yoast-schema-graph\">{\"@context\":\"https:\/\/schema.org\",\"@graph\":[{\"@type\":\"Article\",\"@id\":\"https:\/\/agenciainfra.com\/blog\/energia-eletrica-subiu-230-em-18-anos-enquanto-inflacao-foi-de-189-diz-aneel\/#article\",\"isPartOf\":{\"@id\":\"https:\/\/agenciainfra.com\/blog\/energia-eletrica-subiu-230-em-18-anos-enquanto-inflacao-foi-de-189-diz-aneel\/\"},\"author\":{\"name\":\"Rodrigo Zuquim\",\"@id\":\"https:\/\/agenciainfra.com\/blog\/#\/schema\/person\/04dbb79bd6d8951f063da71f3e4c1eb1\"},\"headline\":\"Energia el\u00e9trica subiu 230% em 18 anos, enquanto infla\u00e7\u00e3o foi de 189%, diz ANEEL\",\"datePublished\":\"2019-05-03T07:00:09+00:00\",\"mainEntityOfPage\":{\"@id\":\"https:\/\/agenciainfra.com\/blog\/energia-eletrica-subiu-230-em-18-anos-enquanto-inflacao-foi-de-189-diz-aneel\/\"},\"wordCount\":533,\"publisher\":{\"@id\":\"https:\/\/agenciainfra.com\/blog\/#organization\"},\"image\":{\"@id\":\"https:\/\/agenciainfra.com\/blog\/energia-eletrica-subiu-230-em-18-anos-enquanto-inflacao-foi-de-189-diz-aneel\/#primaryimage\"},\"thumbnailUrl\":\"https:\/\/agenciainfra.com\/blog\/wp-content\/uploads\/2019\/02\/distribuidoras-de-energia-marcello-casal-jr-agencia-brasil.jpg\",\"keywords\":[\"Ag\u00eancia Nacional de Energia El\u00e9trica\",\"ANEEL\",\"pre\u00e7o da energia\",\"tarifa da energia\"],\"articleSection\":[\"iNFRAEnergia\"],\"inLanguage\":\"pt-BR\",\"copyrightYear\":\"2019\",\"copyrightHolder\":{\"@id\":\"https:\/\/agenciainfra.com\/blog\/#organization\"}},{\"@type\":\"WebPage\",\"@id\":\"https:\/\/agenciainfra.com\/blog\/energia-eletrica-subiu-230-em-18-anos-enquanto-inflacao-foi-de-189-diz-aneel\/\",\"url\":\"https:\/\/agenciainfra.com\/blog\/energia-eletrica-subiu-230-em-18-anos-enquanto-inflacao-foi-de-189-diz-aneel\/\",\"name\":\"Energia el\u00e9trica subiu 230% em 18 anos, enquanto infla\u00e7\u00e3o foi de 189%, diz ANEEL - Ag\u00eancia iNFRA\",\"isPartOf\":{\"@id\":\"https:\/\/agenciainfra.com\/blog\/#website\"},\"primaryImageOfPage\":{\"@id\":\"https:\/\/agenciainfra.com\/blog\/energia-eletrica-subiu-230-em-18-anos-enquanto-inflacao-foi-de-189-diz-aneel\/#primaryimage\"},\"image\":{\"@id\":\"https:\/\/agenciainfra.com\/blog\/energia-eletrica-subiu-230-em-18-anos-enquanto-inflacao-foi-de-189-diz-aneel\/#primaryimage\"},\"thumbnailUrl\":\"https:\/\/agenciainfra.com\/blog\/wp-content\/uploads\/2019\/02\/distribuidoras-de-energia-marcello-casal-jr-agencia-brasil.jpg\",\"datePublished\":\"2019-05-03T07:00:09+00:00\",\"breadcrumb\":{\"@id\":\"https:\/\/agenciainfra.com\/blog\/energia-eletrica-subiu-230-em-18-anos-enquanto-inflacao-foi-de-189-diz-aneel\/#breadcrumb\"},\"inLanguage\":\"pt-BR\",\"potentialAction\":[{\"@type\":\"ReadAction\",\"target\":[\"https:\/\/agenciainfra.com\/blog\/energia-eletrica-subiu-230-em-18-anos-enquanto-inflacao-foi-de-189-diz-aneel\/\"]}]},{\"@type\":\"ImageObject\",\"inLanguage\":\"pt-BR\",\"@id\":\"https:\/\/agenciainfra.com\/blog\/energia-eletrica-subiu-230-em-18-anos-enquanto-inflacao-foi-de-189-diz-aneel\/#primaryimage\",\"url\":\"https:\/\/agenciainfra.com\/blog\/wp-content\/uploads\/2019\/02\/distribuidoras-de-energia-marcello-casal-jr-agencia-brasil.jpg\",\"contentUrl\":\"https:\/\/agenciainfra.com\/blog\/wp-content\/uploads\/2019\/02\/distribuidoras-de-energia-marcello-casal-jr-agencia-brasil.jpg\",\"width\":1140,\"height\":760,\"caption\":\"Foto: Marcello Casal Jr.\/Ag\u00eancia Brasil\"},{\"@type\":\"BreadcrumbList\",\"@id\":\"https:\/\/agenciainfra.com\/blog\/energia-eletrica-subiu-230-em-18-anos-enquanto-inflacao-foi-de-189-diz-aneel\/#breadcrumb\",\"itemListElement\":[{\"@type\":\"ListItem\",\"position\":1,\"name\":\"In\u00edcio\",\"item\":\"https:\/\/agenciainfra.com\/blog\/\"},{\"@type\":\"ListItem\",\"position\":2,\"name\":\"Energia el\u00e9trica subiu 230% em 18 anos, enquanto infla\u00e7\u00e3o foi de 189%, diz ANEEL\"}]},{\"@type\":\"WebSite\",\"@id\":\"https:\/\/agenciainfra.com\/blog\/#website\",\"url\":\"https:\/\/agenciainfra.com\/blog\/\",\"name\":\"Ag\u00eancia iNFRA\",\"description\":\"Multiplataforma de informa\u00e7\u00e3o jornal\u00edstica refer\u00eancia na \u00e1rea de infraestrutura no Brasil!\",\"publisher\":{\"@id\":\"https:\/\/agenciainfra.com\/blog\/#organization\"},\"potentialAction\":[{\"@type\":\"SearchAction\",\"target\":{\"@type\":\"EntryPoint\",\"urlTemplate\":\"https:\/\/agenciainfra.com\/blog\/?s={search_term_string}\"},\"query-input\":{\"@type\":\"PropertyValueSpecification\",\"valueRequired\":true,\"valueName\":\"search_term_string\"}}],\"inLanguage\":\"pt-BR\"},{\"@type\":\"Organization\",\"@id\":\"https:\/\/agenciainfra.com\/blog\/#organization\",\"name\":\"Ag\u00eancia iNFRA\",\"url\":\"https:\/\/agenciainfra.com\/blog\/\",\"logo\":{\"@type\":\"ImageObject\",\"inLanguage\":\"pt-BR\",\"@id\":\"https:\/\/agenciainfra.com\/blog\/#\/schema\/logo\/image\/\",\"url\":\"https:\/\/agenciainfra.com\/blog\/wp-content\/uploads\/2023\/09\/iNFRA_5-e1761735885940.png\",\"contentUrl\":\"https:\/\/agenciainfra.com\/blog\/wp-content\/uploads\/2023\/09\/iNFRA_5-e1761735885940.png\",\"width\":1672,\"height\":454,\"caption\":\"Ag\u00eancia iNFRA\"},\"image\":{\"@id\":\"https:\/\/agenciainfra.com\/blog\/#\/schema\/logo\/image\/\"},\"sameAs\":[\"https:\/\/www.facebook.com\/ageninfra\",\"https:\/\/x.com\/agencia_infra\",\"https:\/\/www.linkedin.com\/company\/ag\u00eanciainfra\/\",\"https:\/\/www.instagram.com\/agenciainfra\/\"]},{\"@type\":\"Person\",\"@id\":\"https:\/\/agenciainfra.com\/blog\/#\/schema\/person\/04dbb79bd6d8951f063da71f3e4c1eb1\",\"name\":\"Rodrigo Zuquim\",\"image\":{\"@type\":\"ImageObject\",\"inLanguage\":\"pt-BR\",\"@id\":\"https:\/\/agenciainfra.com\/blog\/#\/schema\/person\/image\/\",\"url\":\"https:\/\/secure.gravatar.com\/avatar\/594abfe82761d620726242ff34ca472a705a4b97f16c790053a6b4c4035274d0?s=96&d=mm&r=g\",\"contentUrl\":\"https:\/\/secure.gravatar.com\/avatar\/594abfe82761d620726242ff34ca472a705a4b97f16c790053a6b4c4035274d0?s=96&d=mm&r=g\",\"caption\":\"Rodrigo Zuquim\"},\"url\":\"https:\/\/agenciainfra.com\/blog\/author\/rodrigo-zuquim\/\"}]}<\/script>\n<!-- \/ Yoast SEO Premium plugin. -->","yoast_head_json":{"title":"Energia el\u00e9trica subiu 230% em 18 anos, enquanto infla\u00e7\u00e3o foi de 189%, diz ANEEL - Ag\u00eancia iNFRA","robots":{"index":"index","follow":"follow","max-snippet":"max-snippet:-1","max-image-preview":"max-image-preview:large","max-video-preview":"max-video-preview:-1"},"canonical":"https:\/\/agenciainfra.com\/blog\/energia-eletrica-subiu-230-em-18-anos-enquanto-inflacao-foi-de-189-diz-aneel\/","og_locale":"pt_BR","og_type":"article","og_title":"Energia el\u00e9trica subiu 230% em 18 anos, enquanto infla\u00e7\u00e3o foi de 189%, diz ANEEL","og_description":"Leila Coimbra,\u00a0da Ag\u00eancia iNFRA A tarifa m\u00e9dia nominal de energia el\u00e9trica sofreu um aumento de 230% nos \u00faltimos 18 anos, segundo c\u00e1lculos da ANEEL (Ag\u00eancia Nacional de Energia El\u00e9trica), frente a uma eleva\u00e7\u00e3o de 189% do IPCA (\u00cdndice de Pre\u00e7os ao Consumidor Amplo), que representa a infla\u00e7\u00e3o oficial medida pelo governo, no mesmo per\u00edodo. A [&hellip;]","og_url":"https:\/\/agenciainfra.com\/blog\/energia-eletrica-subiu-230-em-18-anos-enquanto-inflacao-foi-de-189-diz-aneel\/","og_site_name":"Ag\u00eancia iNFRA","article_publisher":"https:\/\/www.facebook.com\/ageninfra","article_published_time":"2019-05-03T07:00:09+00:00","og_image":[{"width":1140,"height":760,"url":"https:\/\/agenciainfra.com\/blog\/wp-content\/uploads\/2019\/02\/distribuidoras-de-energia-marcello-casal-jr-agencia-brasil.jpg","type":"image\/jpeg"}],"author":"Rodrigo Zuquim","twitter_card":"summary_large_image","twitter_creator":"@agencia_infra","twitter_site":"@agencia_infra","twitter_misc":{"Escrito por":"Rodrigo Zuquim","Est. tempo de leitura":"3 minutos"},"schema":{"@context":"https:\/\/schema.org","@graph":[{"@type":"Article","@id":"https:\/\/agenciainfra.com\/blog\/energia-eletrica-subiu-230-em-18-anos-enquanto-inflacao-foi-de-189-diz-aneel\/#article","isPartOf":{"@id":"https:\/\/agenciainfra.com\/blog\/energia-eletrica-subiu-230-em-18-anos-enquanto-inflacao-foi-de-189-diz-aneel\/"},"author":{"name":"Rodrigo Zuquim","@id":"https:\/\/agenciainfra.com\/blog\/#\/schema\/person\/04dbb79bd6d8951f063da71f3e4c1eb1"},"headline":"Energia el\u00e9trica subiu 230% em 18 anos, enquanto infla\u00e7\u00e3o foi de 189%, diz ANEEL","datePublished":"2019-05-03T07:00:09+00:00","mainEntityOfPage":{"@id":"https:\/\/agenciainfra.com\/blog\/energia-eletrica-subiu-230-em-18-anos-enquanto-inflacao-foi-de-189-diz-aneel\/"},"wordCount":533,"publisher":{"@id":"https:\/\/agenciainfra.com\/blog\/#organization"},"image":{"@id":"https:\/\/agenciainfra.com\/blog\/energia-eletrica-subiu-230-em-18-anos-enquanto-inflacao-foi-de-189-diz-aneel\/#primaryimage"},"thumbnailUrl":"https:\/\/agenciainfra.com\/blog\/wp-content\/uploads\/2019\/02\/distribuidoras-de-energia-marcello-casal-jr-agencia-brasil.jpg","keywords":["Ag\u00eancia Nacional de Energia El\u00e9trica","ANEEL","pre\u00e7o da energia","tarifa da energia"],"articleSection":["iNFRAEnergia"],"inLanguage":"pt-BR","copyrightYear":"2019","copyrightHolder":{"@id":"https:\/\/agenciainfra.com\/blog\/#organization"}},{"@type":"WebPage","@id":"https:\/\/agenciainfra.com\/blog\/energia-eletrica-subiu-230-em-18-anos-enquanto-inflacao-foi-de-189-diz-aneel\/","url":"https:\/\/agenciainfra.com\/blog\/energia-eletrica-subiu-230-em-18-anos-enquanto-inflacao-foi-de-189-diz-aneel\/","name":"Energia el\u00e9trica subiu 230% em 18 anos, enquanto infla\u00e7\u00e3o foi de 189%, diz ANEEL - Ag\u00eancia iNFRA","isPartOf":{"@id":"https:\/\/agenciainfra.com\/blog\/#website"},"primaryImageOfPage":{"@id":"https:\/\/agenciainfra.com\/blog\/energia-eletrica-subiu-230-em-18-anos-enquanto-inflacao-foi-de-189-diz-aneel\/#primaryimage"},"image":{"@id":"https:\/\/agenciainfra.com\/blog\/energia-eletrica-subiu-230-em-18-anos-enquanto-inflacao-foi-de-189-diz-aneel\/#primaryimage"},"thumbnailUrl":"https:\/\/agenciainfra.com\/blog\/wp-content\/uploads\/2019\/02\/distribuidoras-de-energia-marcello-casal-jr-agencia-brasil.jpg","datePublished":"2019-05-03T07:00:09+00:00","breadcrumb":{"@id":"https:\/\/agenciainfra.com\/blog\/energia-eletrica-subiu-230-em-18-anos-enquanto-inflacao-foi-de-189-diz-aneel\/#breadcrumb"},"inLanguage":"pt-BR","potentialAction":[{"@type":"ReadAction","target":["https:\/\/agenciainfra.com\/blog\/energia-eletrica-subiu-230-em-18-anos-enquanto-inflacao-foi-de-189-diz-aneel\/"]}]},{"@type":"ImageObject","inLanguage":"pt-BR","@id":"https:\/\/agenciainfra.com\/blog\/energia-eletrica-subiu-230-em-18-anos-enquanto-inflacao-foi-de-189-diz-aneel\/#primaryimage","url":"https:\/\/agenciainfra.com\/blog\/wp-content\/uploads\/2019\/02\/distribuidoras-de-energia-marcello-casal-jr-agencia-brasil.jpg","contentUrl":"https:\/\/agenciainfra.com\/blog\/wp-content\/uploads\/2019\/02\/distribuidoras-de-energia-marcello-casal-jr-agencia-brasil.jpg","width":1140,"height":760,"caption":"Foto: Marcello Casal Jr.\/Ag\u00eancia Brasil"},{"@type":"BreadcrumbList","@id":"https:\/\/agenciainfra.com\/blog\/energia-eletrica-subiu-230-em-18-anos-enquanto-inflacao-foi-de-189-diz-aneel\/#breadcrumb","itemListElement":[{"@type":"ListItem","position":1,"name":"In\u00edcio","item":"https:\/\/agenciainfra.com\/blog\/"},{"@type":"ListItem","position":2,"name":"Energia el\u00e9trica subiu 230% em 18 anos, enquanto infla\u00e7\u00e3o foi de 189%, diz ANEEL"}]},{"@type":"WebSite","@id":"https:\/\/agenciainfra.com\/blog\/#website","url":"https:\/\/agenciainfra.com\/blog\/","name":"Ag\u00eancia iNFRA","description":"Multiplataforma de informa\u00e7\u00e3o jornal\u00edstica refer\u00eancia na \u00e1rea de infraestrutura no Brasil!","publisher":{"@id":"https:\/\/agenciainfra.com\/blog\/#organization"},"potentialAction":[{"@type":"SearchAction","target":{"@type":"EntryPoint","urlTemplate":"https:\/\/agenciainfra.com\/blog\/?s={search_term_string}"},"query-input":{"@type":"PropertyValueSpecification","valueRequired":true,"valueName":"search_term_string"}}],"inLanguage":"pt-BR"},{"@type":"Organization","@id":"https:\/\/agenciainfra.com\/blog\/#organization","name":"Ag\u00eancia iNFRA","url":"https:\/\/agenciainfra.com\/blog\/","logo":{"@type":"ImageObject","inLanguage":"pt-BR","@id":"https:\/\/agenciainfra.com\/blog\/#\/schema\/logo\/image\/","url":"https:\/\/agenciainfra.com\/blog\/wp-content\/uploads\/2023\/09\/iNFRA_5-e1761735885940.png","contentUrl":"https:\/\/agenciainfra.com\/blog\/wp-content\/uploads\/2023\/09\/iNFRA_5-e1761735885940.png","width":1672,"height":454,"caption":"Ag\u00eancia iNFRA"},"image":{"@id":"https:\/\/agenciainfra.com\/blog\/#\/schema\/logo\/image\/"},"sameAs":["https:\/\/www.facebook.com\/ageninfra","https:\/\/x.com\/agencia_infra","https:\/\/www.linkedin.com\/company\/ag\u00eanciainfra\/","https:\/\/www.instagram.com\/agenciainfra\/"]},{"@type":"Person","@id":"https:\/\/agenciainfra.com\/blog\/#\/schema\/person\/04dbb79bd6d8951f063da71f3e4c1eb1","name":"Rodrigo Zuquim","image":{"@type":"ImageObject","inLanguage":"pt-BR","@id":"https:\/\/agenciainfra.com\/blog\/#\/schema\/person\/image\/","url":"https:\/\/secure.gravatar.com\/avatar\/594abfe82761d620726242ff34ca472a705a4b97f16c790053a6b4c4035274d0?s=96&d=mm&r=g","contentUrl":"https:\/\/secure.gravatar.com\/avatar\/594abfe82761d620726242ff34ca472a705a4b97f16c790053a6b4c4035274d0?s=96&d=mm&r=g","caption":"Rodrigo Zuquim"},"url":"https:\/\/agenciainfra.com\/blog\/author\/rodrigo-zuquim\/"}]}},"_links":{"self":[{"href":"https:\/\/agenciainfra.com\/blog\/wp-json\/wp\/v2\/posts\/3132","targetHints":{"allow":["GET"]}}],"collection":[{"href":"https:\/\/agenciainfra.com\/blog\/wp-json\/wp\/v2\/posts"}],"about":[{"href":"https:\/\/agenciainfra.com\/blog\/wp-json\/wp\/v2\/types\/post"}],"author":[{"embeddable":true,"href":"https:\/\/agenciainfra.com\/blog\/wp-json\/wp\/v2\/users\/9"}],"replies":[{"embeddable":true,"href":"https:\/\/agenciainfra.com\/blog\/wp-json\/wp\/v2\/comments?post=3132"}],"version-history":[{"count":0,"href":"https:\/\/agenciainfra.com\/blog\/wp-json\/wp\/v2\/posts\/3132\/revisions"}],"wp:featuredmedia":[{"embeddable":true,"href":"https:\/\/agenciainfra.com\/blog\/wp-json\/wp\/v2\/media\/2916"}],"wp:attachment":[{"href":"https:\/\/agenciainfra.com\/blog\/wp-json\/wp\/v2\/media?parent=3132"}],"wp:term":[{"taxonomy":"category","embeddable":true,"href":"https:\/\/agenciainfra.com\/blog\/wp-json\/wp\/v2\/categories?post=3132"},{"taxonomy":"post_tag","embeddable":true,"href":"https:\/\/agenciainfra.com\/blog\/wp-json\/wp\/v2\/tags?post=3132"}],"curies":[{"name":"wp","href":"https:\/\/api.w.org\/{rel}","templated":true}]}}