{"id":31327,"date":"2025-11-02T00:43:38","date_gmt":"2025-11-02T03:43:38","guid":{"rendered":"https:\/\/agenciainfra.com\/blog\/?p=31327"},"modified":"2025-11-04T10:50:57","modified_gmt":"2025-11-04T13:50:57","slug":"azul-anuncia-acordo-com-credores-para-reorganizacao-da-empresa","status":"publish","type":"post","link":"https:\/\/agenciainfra.com\/blog\/azul-anuncia-acordo-com-credores-para-reorganizacao-da-empresa\/","title":{"rendered":"Azul anuncia acordo com credores para reorganiza\u00e7\u00e3o da empresa"},"content":{"rendered":"\n<p class=\"has-text-align-right\"><strong>da Ag\u00eancia iNFRA<\/strong><\/p>\n\n\n\n<p>A Azul anunciou, neste s\u00e1bado (1\u00ba), por meio de <a href=\"https:\/\/www.rad.cvm.gov.br\/ENET\/frmExibirArquivoIPEExterno.aspx?NumeroProtocoloEntrega=1438464\">fato relevante<\/a>, que entrou em acordo com o comit\u00ea de credores quirograf\u00e1rios, nomeado pelo gabinete do Trustee dos EUA no \u00e2mbito do processo de Chapter 11, para obter apoio ao plano de reorganiza\u00e7\u00e3o da companhia. O acordo celebrado, segundo a a\u00e9rea, prev\u00ea que os credores recebam sua participa\u00e7\u00e3o proporcional de at\u00e9 US$ 20 milh\u00f5es ou a participa\u00e7\u00e3o em um fundo fiduci\u00e1rio.<\/p>\n\n\n\n<p>De acordo com o comunicado, a Azul se comprometeu a contribuir com b\u00f4nus de subscri\u00e7\u00e3o representando at\u00e9 5,5% do capital social da empresa ao atingir US$ 3,8 bilh\u00f5es depois de concluir a reestrutura\u00e7\u00e3o; direitos para que o fundo fiduci\u00e1rio receba tr\u00eas pagamentos anuais de at\u00e9 US$ 6,5 milh\u00f5es cada, caso sejam atingidas determinadas metas de desempenho financeiro da a\u00e9rea no final de 2027, 2028 e 2029; e entre US$ 2,5 milh\u00f5es e US$ 5 milh\u00f5es para pagamento de despesas administrativas e do agente fiduci\u00e1rio.<\/p>\n\n\n\n<p>&#8220;A companhia considera que a celebra\u00e7\u00e3o deste acordo representa um avan\u00e7o significativo rumo \u00e0 conclus\u00e3o bem-sucedida do processo de reestrutura\u00e7\u00e3o&#8221;, diz o documento. &#8220;Trata-se de um passo importante para viabilizar uma solu\u00e7\u00e3o consensual e ordenada, que preserve suas opera\u00e7\u00f5es, fortale\u00e7a sua estrutura de capital e gere valor sustent\u00e1vel para todas as partes interessadas.&#8221;<\/p>\n","protected":false},"excerpt":{"rendered":"<p>da Ag\u00eancia iNFRA A Azul anunciou, neste s\u00e1bado (1\u00ba), por meio de fato relevante, que entrou em acordo com o comit\u00ea de credores quirograf\u00e1rios, nomeado pelo gabinete do Trustee dos EUA no \u00e2mbito do processo de Chapter 11, para obter apoio ao plano de reorganiza\u00e7\u00e3o da companhia. O acordo celebrado, segundo a a\u00e9rea, prev\u00ea que [&hellip;]<\/p>\n","protected":false},"author":1,"featured_media":15794,"comment_status":"closed","ping_status":"closed","sticky":false,"template":"","format":"standard","meta":{"_monsterinsights_skip_tracking":false,"_monsterinsights_sitenote_active":false,"_monsterinsights_sitenote_note":"","_monsterinsights_sitenote_category":0,"footnotes":""},"categories":[7250,7],"tags":[676,16651,16652,2825,362],"class_list":["post-31327","post","type-post","status-publish","format-standard","has-post-thumbnail","hentry","category-destaque-lista","category-infratransporte","tag-azul","tag-chapter-11","tag-empresa-aerea","tag-recuperacao-judicial","tag-transporte-aereo"],"yoast_head":"<!-- This site is optimized with the Yoast SEO Premium plugin v25.4 (Yoast SEO v26.0) - https:\/\/yoast.com\/wordpress\/plugins\/seo\/ -->\n<title>Azul anuncia acordo com credores para reorganiza\u00e7\u00e3o da empresa - Ag\u00eancia iNFRA<\/title>\n<meta name=\"robots\" content=\"index, follow, max-snippet:-1, max-image-preview:large, max-video-preview:-1\" \/>\n<link rel=\"canonical\" href=\"https:\/\/agenciainfra.com\/blog\/azul-anuncia-acordo-com-credores-para-reorganizacao-da-empresa\/\" \/>\n<meta property=\"og:locale\" content=\"pt_BR\" \/>\n<meta property=\"og:type\" content=\"article\" \/>\n<meta property=\"og:title\" content=\"Azul anuncia acordo com credores para reorganiza\u00e7\u00e3o da empresa\" \/>\n<meta property=\"og:description\" content=\"da Ag\u00eancia iNFRA A Azul anunciou, neste s\u00e1bado (1\u00ba), por meio de fato relevante, que entrou em acordo com o comit\u00ea de credores quirograf\u00e1rios, nomeado pelo gabinete do Trustee dos EUA no \u00e2mbito do processo de Chapter 11, para obter apoio ao plano de reorganiza\u00e7\u00e3o da companhia. O acordo celebrado, segundo a a\u00e9rea, prev\u00ea que [&hellip;]\" \/>\n<meta property=\"og:url\" content=\"https:\/\/agenciainfra.com\/blog\/azul-anuncia-acordo-com-credores-para-reorganizacao-da-empresa\/\" \/>\n<meta property=\"og:site_name\" content=\"Ag\u00eancia iNFRA\" \/>\n<meta property=\"article:publisher\" content=\"https:\/\/www.facebook.com\/ageninfra\" \/>\n<meta property=\"article:published_time\" content=\"2025-11-02T03:43:38+00:00\" \/>\n<meta property=\"article:modified_time\" content=\"2025-11-04T13:50:57+00:00\" \/>\n<meta property=\"og:image\" content=\"https:\/\/agenciainfra.com\/blog\/wp-content\/uploads\/2024\/03\/azul-foto-Jose-Fernando-Ogura-AEN.jpg\" \/>\n\t<meta property=\"og:image:width\" content=\"1202\" \/>\n\t<meta property=\"og:image:height\" content=\"810\" \/>\n\t<meta property=\"og:image:type\" content=\"image\/jpeg\" \/>\n<meta name=\"author\" content=\"Ag\u00eancia iNFRA\" \/>\n<meta name=\"twitter:card\" content=\"summary_large_image\" \/>\n<meta name=\"twitter:creator\" content=\"@agencia_infra\" \/>\n<meta name=\"twitter:site\" content=\"@agencia_infra\" \/>\n<meta name=\"twitter:label1\" content=\"Escrito por\" \/>\n\t<meta name=\"twitter:data1\" content=\"Ag\u00eancia iNFRA\" \/>\n\t<meta name=\"twitter:label2\" content=\"Est. tempo de leitura\" \/>\n\t<meta name=\"twitter:data2\" content=\"1 minuto\" \/>\n<script type=\"application\/ld+json\" class=\"yoast-schema-graph\">{\"@context\":\"https:\/\/schema.org\",\"@graph\":[{\"@type\":\"Article\",\"@id\":\"https:\/\/agenciainfra.com\/blog\/azul-anuncia-acordo-com-credores-para-reorganizacao-da-empresa\/#article\",\"isPartOf\":{\"@id\":\"https:\/\/agenciainfra.com\/blog\/azul-anuncia-acordo-com-credores-para-reorganizacao-da-empresa\/\"},\"author\":{\"name\":\"Ag\u00eancia iNFRA\",\"@id\":\"https:\/\/agenciainfra.com\/blog\/#\/schema\/person\/34af08dff6adea4cb22b06612ba7acfa\"},\"headline\":\"Azul anuncia acordo com credores para reorganiza\u00e7\u00e3o da empresa\",\"datePublished\":\"2025-11-02T03:43:38+00:00\",\"dateModified\":\"2025-11-04T13:50:57+00:00\",\"mainEntityOfPage\":{\"@id\":\"https:\/\/agenciainfra.com\/blog\/azul-anuncia-acordo-com-credores-para-reorganizacao-da-empresa\/\"},\"wordCount\":236,\"publisher\":{\"@id\":\"https:\/\/agenciainfra.com\/blog\/#organization\"},\"image\":{\"@id\":\"https:\/\/agenciainfra.com\/blog\/azul-anuncia-acordo-com-credores-para-reorganizacao-da-empresa\/#primaryimage\"},\"thumbnailUrl\":\"https:\/\/agenciainfra.com\/blog\/wp-content\/uploads\/2024\/03\/azul-foto-Jose-Fernando-Ogura-AEN.jpg\",\"keywords\":[\"azul\",\"chapter 11\",\"empresa a\u00e9rea\",\"recupera\u00e7\u00e3o judicial\",\"transporte a\u00e9reo\"],\"articleSection\":[\"Destaque lista\",\"iNFRATransporte\"],\"inLanguage\":\"pt-BR\",\"copyrightYear\":\"2025\",\"copyrightHolder\":{\"@id\":\"https:\/\/agenciainfra.com\/blog\/#organization\"}},{\"@type\":\"WebPage\",\"@id\":\"https:\/\/agenciainfra.com\/blog\/azul-anuncia-acordo-com-credores-para-reorganizacao-da-empresa\/\",\"url\":\"https:\/\/agenciainfra.com\/blog\/azul-anuncia-acordo-com-credores-para-reorganizacao-da-empresa\/\",\"name\":\"Azul anuncia acordo com credores para reorganiza\u00e7\u00e3o da empresa - Ag\u00eancia iNFRA\",\"isPartOf\":{\"@id\":\"https:\/\/agenciainfra.com\/blog\/#website\"},\"primaryImageOfPage\":{\"@id\":\"https:\/\/agenciainfra.com\/blog\/azul-anuncia-acordo-com-credores-para-reorganizacao-da-empresa\/#primaryimage\"},\"image\":{\"@id\":\"https:\/\/agenciainfra.com\/blog\/azul-anuncia-acordo-com-credores-para-reorganizacao-da-empresa\/#primaryimage\"},\"thumbnailUrl\":\"https:\/\/agenciainfra.com\/blog\/wp-content\/uploads\/2024\/03\/azul-foto-Jose-Fernando-Ogura-AEN.jpg\",\"datePublished\":\"2025-11-02T03:43:38+00:00\",\"dateModified\":\"2025-11-04T13:50:57+00:00\",\"breadcrumb\":{\"@id\":\"https:\/\/agenciainfra.com\/blog\/azul-anuncia-acordo-com-credores-para-reorganizacao-da-empresa\/#breadcrumb\"},\"inLanguage\":\"pt-BR\",\"potentialAction\":[{\"@type\":\"ReadAction\",\"target\":[\"https:\/\/agenciainfra.com\/blog\/azul-anuncia-acordo-com-credores-para-reorganizacao-da-empresa\/\"]}]},{\"@type\":\"ImageObject\",\"inLanguage\":\"pt-BR\",\"@id\":\"https:\/\/agenciainfra.com\/blog\/azul-anuncia-acordo-com-credores-para-reorganizacao-da-empresa\/#primaryimage\",\"url\":\"https:\/\/agenciainfra.com\/blog\/wp-content\/uploads\/2024\/03\/azul-foto-Jose-Fernando-Ogura-AEN.jpg\",\"contentUrl\":\"https:\/\/agenciainfra.com\/blog\/wp-content\/uploads\/2024\/03\/azul-foto-Jose-Fernando-Ogura-AEN.jpg\",\"width\":1202,\"height\":810,\"caption\":\"Foto: Jos\u00e9 Fernando Ogura\/AEN\"},{\"@type\":\"BreadcrumbList\",\"@id\":\"https:\/\/agenciainfra.com\/blog\/azul-anuncia-acordo-com-credores-para-reorganizacao-da-empresa\/#breadcrumb\",\"itemListElement\":[{\"@type\":\"ListItem\",\"position\":1,\"name\":\"In\u00edcio\",\"item\":\"https:\/\/agenciainfra.com\/blog\/\"},{\"@type\":\"ListItem\",\"position\":2,\"name\":\"Azul anuncia acordo com credores para reorganiza\u00e7\u00e3o da empresa\"}]},{\"@type\":\"WebSite\",\"@id\":\"https:\/\/agenciainfra.com\/blog\/#website\",\"url\":\"https:\/\/agenciainfra.com\/blog\/\",\"name\":\"Ag\u00eancia iNFRA\",\"description\":\"Multiplataforma de informa\u00e7\u00e3o jornal\u00edstica refer\u00eancia na \u00e1rea de infraestrutura no Brasil!\",\"publisher\":{\"@id\":\"https:\/\/agenciainfra.com\/blog\/#organization\"},\"potentialAction\":[{\"@type\":\"SearchAction\",\"target\":{\"@type\":\"EntryPoint\",\"urlTemplate\":\"https:\/\/agenciainfra.com\/blog\/?s={search_term_string}\"},\"query-input\":{\"@type\":\"PropertyValueSpecification\",\"valueRequired\":true,\"valueName\":\"search_term_string\"}}],\"inLanguage\":\"pt-BR\"},{\"@type\":\"Organization\",\"@id\":\"https:\/\/agenciainfra.com\/blog\/#organization\",\"name\":\"Ag\u00eancia iNFRA\",\"url\":\"https:\/\/agenciainfra.com\/blog\/\",\"logo\":{\"@type\":\"ImageObject\",\"inLanguage\":\"pt-BR\",\"@id\":\"https:\/\/agenciainfra.com\/blog\/#\/schema\/logo\/image\/\",\"url\":\"https:\/\/agenciainfra.com\/blog\/wp-content\/uploads\/2023\/09\/iNFRA_5-e1761735885940.png\",\"contentUrl\":\"https:\/\/agenciainfra.com\/blog\/wp-content\/uploads\/2023\/09\/iNFRA_5-e1761735885940.png\",\"width\":1672,\"height\":454,\"caption\":\"Ag\u00eancia iNFRA\"},\"image\":{\"@id\":\"https:\/\/agenciainfra.com\/blog\/#\/schema\/logo\/image\/\"},\"sameAs\":[\"https:\/\/www.facebook.com\/ageninfra\",\"https:\/\/x.com\/agencia_infra\",\"https:\/\/www.linkedin.com\/company\/ag\u00eanciainfra\/\",\"https:\/\/www.instagram.com\/agenciainfra\/\"]},{\"@type\":\"Person\",\"@id\":\"https:\/\/agenciainfra.com\/blog\/#\/schema\/person\/34af08dff6adea4cb22b06612ba7acfa\",\"name\":\"Ag\u00eancia iNFRA\",\"image\":{\"@type\":\"ImageObject\",\"inLanguage\":\"pt-BR\",\"@id\":\"https:\/\/agenciainfra.com\/blog\/#\/schema\/person\/image\/\",\"url\":\"https:\/\/secure.gravatar.com\/avatar\/d189e01678f06d8eb84d4e01f08eb848b3fffe3f8443818d3c356c66892f5be8?s=96&d=mm&r=g\",\"contentUrl\":\"https:\/\/secure.gravatar.com\/avatar\/d189e01678f06d8eb84d4e01f08eb848b3fffe3f8443818d3c356c66892f5be8?s=96&d=mm&r=g\",\"caption\":\"Ag\u00eancia iNFRA\"},\"url\":\"https:\/\/agenciainfra.com\/blog\/author\/admin\/\"}]}<\/script>\n<!-- \/ Yoast SEO Premium plugin. -->","yoast_head_json":{"title":"Azul anuncia acordo com credores para reorganiza\u00e7\u00e3o da empresa - Ag\u00eancia iNFRA","robots":{"index":"index","follow":"follow","max-snippet":"max-snippet:-1","max-image-preview":"max-image-preview:large","max-video-preview":"max-video-preview:-1"},"canonical":"https:\/\/agenciainfra.com\/blog\/azul-anuncia-acordo-com-credores-para-reorganizacao-da-empresa\/","og_locale":"pt_BR","og_type":"article","og_title":"Azul anuncia acordo com credores para reorganiza\u00e7\u00e3o da empresa","og_description":"da Ag\u00eancia iNFRA A Azul anunciou, neste s\u00e1bado (1\u00ba), por meio de fato relevante, que entrou em acordo com o comit\u00ea de credores quirograf\u00e1rios, nomeado pelo gabinete do Trustee dos EUA no \u00e2mbito do processo de Chapter 11, para obter apoio ao plano de reorganiza\u00e7\u00e3o da companhia. O acordo celebrado, segundo a a\u00e9rea, prev\u00ea que [&hellip;]","og_url":"https:\/\/agenciainfra.com\/blog\/azul-anuncia-acordo-com-credores-para-reorganizacao-da-empresa\/","og_site_name":"Ag\u00eancia iNFRA","article_publisher":"https:\/\/www.facebook.com\/ageninfra","article_published_time":"2025-11-02T03:43:38+00:00","article_modified_time":"2025-11-04T13:50:57+00:00","og_image":[{"width":1202,"height":810,"url":"https:\/\/agenciainfra.com\/blog\/wp-content\/uploads\/2024\/03\/azul-foto-Jose-Fernando-Ogura-AEN.jpg","type":"image\/jpeg"}],"author":"Ag\u00eancia iNFRA","twitter_card":"summary_large_image","twitter_creator":"@agencia_infra","twitter_site":"@agencia_infra","twitter_misc":{"Escrito por":"Ag\u00eancia iNFRA","Est. tempo de leitura":"1 minuto"},"schema":{"@context":"https:\/\/schema.org","@graph":[{"@type":"Article","@id":"https:\/\/agenciainfra.com\/blog\/azul-anuncia-acordo-com-credores-para-reorganizacao-da-empresa\/#article","isPartOf":{"@id":"https:\/\/agenciainfra.com\/blog\/azul-anuncia-acordo-com-credores-para-reorganizacao-da-empresa\/"},"author":{"name":"Ag\u00eancia iNFRA","@id":"https:\/\/agenciainfra.com\/blog\/#\/schema\/person\/34af08dff6adea4cb22b06612ba7acfa"},"headline":"Azul anuncia acordo com credores para reorganiza\u00e7\u00e3o da empresa","datePublished":"2025-11-02T03:43:38+00:00","dateModified":"2025-11-04T13:50:57+00:00","mainEntityOfPage":{"@id":"https:\/\/agenciainfra.com\/blog\/azul-anuncia-acordo-com-credores-para-reorganizacao-da-empresa\/"},"wordCount":236,"publisher":{"@id":"https:\/\/agenciainfra.com\/blog\/#organization"},"image":{"@id":"https:\/\/agenciainfra.com\/blog\/azul-anuncia-acordo-com-credores-para-reorganizacao-da-empresa\/#primaryimage"},"thumbnailUrl":"https:\/\/agenciainfra.com\/blog\/wp-content\/uploads\/2024\/03\/azul-foto-Jose-Fernando-Ogura-AEN.jpg","keywords":["azul","chapter 11","empresa a\u00e9rea","recupera\u00e7\u00e3o judicial","transporte a\u00e9reo"],"articleSection":["Destaque lista","iNFRATransporte"],"inLanguage":"pt-BR","copyrightYear":"2025","copyrightHolder":{"@id":"https:\/\/agenciainfra.com\/blog\/#organization"}},{"@type":"WebPage","@id":"https:\/\/agenciainfra.com\/blog\/azul-anuncia-acordo-com-credores-para-reorganizacao-da-empresa\/","url":"https:\/\/agenciainfra.com\/blog\/azul-anuncia-acordo-com-credores-para-reorganizacao-da-empresa\/","name":"Azul anuncia acordo com credores para reorganiza\u00e7\u00e3o da empresa - Ag\u00eancia iNFRA","isPartOf":{"@id":"https:\/\/agenciainfra.com\/blog\/#website"},"primaryImageOfPage":{"@id":"https:\/\/agenciainfra.com\/blog\/azul-anuncia-acordo-com-credores-para-reorganizacao-da-empresa\/#primaryimage"},"image":{"@id":"https:\/\/agenciainfra.com\/blog\/azul-anuncia-acordo-com-credores-para-reorganizacao-da-empresa\/#primaryimage"},"thumbnailUrl":"https:\/\/agenciainfra.com\/blog\/wp-content\/uploads\/2024\/03\/azul-foto-Jose-Fernando-Ogura-AEN.jpg","datePublished":"2025-11-02T03:43:38+00:00","dateModified":"2025-11-04T13:50:57+00:00","breadcrumb":{"@id":"https:\/\/agenciainfra.com\/blog\/azul-anuncia-acordo-com-credores-para-reorganizacao-da-empresa\/#breadcrumb"},"inLanguage":"pt-BR","potentialAction":[{"@type":"ReadAction","target":["https:\/\/agenciainfra.com\/blog\/azul-anuncia-acordo-com-credores-para-reorganizacao-da-empresa\/"]}]},{"@type":"ImageObject","inLanguage":"pt-BR","@id":"https:\/\/agenciainfra.com\/blog\/azul-anuncia-acordo-com-credores-para-reorganizacao-da-empresa\/#primaryimage","url":"https:\/\/agenciainfra.com\/blog\/wp-content\/uploads\/2024\/03\/azul-foto-Jose-Fernando-Ogura-AEN.jpg","contentUrl":"https:\/\/agenciainfra.com\/blog\/wp-content\/uploads\/2024\/03\/azul-foto-Jose-Fernando-Ogura-AEN.jpg","width":1202,"height":810,"caption":"Foto: Jos\u00e9 Fernando Ogura\/AEN"},{"@type":"BreadcrumbList","@id":"https:\/\/agenciainfra.com\/blog\/azul-anuncia-acordo-com-credores-para-reorganizacao-da-empresa\/#breadcrumb","itemListElement":[{"@type":"ListItem","position":1,"name":"In\u00edcio","item":"https:\/\/agenciainfra.com\/blog\/"},{"@type":"ListItem","position":2,"name":"Azul anuncia acordo com credores para reorganiza\u00e7\u00e3o da empresa"}]},{"@type":"WebSite","@id":"https:\/\/agenciainfra.com\/blog\/#website","url":"https:\/\/agenciainfra.com\/blog\/","name":"Ag\u00eancia iNFRA","description":"Multiplataforma de informa\u00e7\u00e3o jornal\u00edstica refer\u00eancia na \u00e1rea de infraestrutura no Brasil!","publisher":{"@id":"https:\/\/agenciainfra.com\/blog\/#organization"},"potentialAction":[{"@type":"SearchAction","target":{"@type":"EntryPoint","urlTemplate":"https:\/\/agenciainfra.com\/blog\/?s={search_term_string}"},"query-input":{"@type":"PropertyValueSpecification","valueRequired":true,"valueName":"search_term_string"}}],"inLanguage":"pt-BR"},{"@type":"Organization","@id":"https:\/\/agenciainfra.com\/blog\/#organization","name":"Ag\u00eancia iNFRA","url":"https:\/\/agenciainfra.com\/blog\/","logo":{"@type":"ImageObject","inLanguage":"pt-BR","@id":"https:\/\/agenciainfra.com\/blog\/#\/schema\/logo\/image\/","url":"https:\/\/agenciainfra.com\/blog\/wp-content\/uploads\/2023\/09\/iNFRA_5-e1761735885940.png","contentUrl":"https:\/\/agenciainfra.com\/blog\/wp-content\/uploads\/2023\/09\/iNFRA_5-e1761735885940.png","width":1672,"height":454,"caption":"Ag\u00eancia iNFRA"},"image":{"@id":"https:\/\/agenciainfra.com\/blog\/#\/schema\/logo\/image\/"},"sameAs":["https:\/\/www.facebook.com\/ageninfra","https:\/\/x.com\/agencia_infra","https:\/\/www.linkedin.com\/company\/ag\u00eanciainfra\/","https:\/\/www.instagram.com\/agenciainfra\/"]},{"@type":"Person","@id":"https:\/\/agenciainfra.com\/blog\/#\/schema\/person\/34af08dff6adea4cb22b06612ba7acfa","name":"Ag\u00eancia iNFRA","image":{"@type":"ImageObject","inLanguage":"pt-BR","@id":"https:\/\/agenciainfra.com\/blog\/#\/schema\/person\/image\/","url":"https:\/\/secure.gravatar.com\/avatar\/d189e01678f06d8eb84d4e01f08eb848b3fffe3f8443818d3c356c66892f5be8?s=96&d=mm&r=g","contentUrl":"https:\/\/secure.gravatar.com\/avatar\/d189e01678f06d8eb84d4e01f08eb848b3fffe3f8443818d3c356c66892f5be8?s=96&d=mm&r=g","caption":"Ag\u00eancia iNFRA"},"url":"https:\/\/agenciainfra.com\/blog\/author\/admin\/"}]}},"_links":{"self":[{"href":"https:\/\/agenciainfra.com\/blog\/wp-json\/wp\/v2\/posts\/31327","targetHints":{"allow":["GET"]}}],"collection":[{"href":"https:\/\/agenciainfra.com\/blog\/wp-json\/wp\/v2\/posts"}],"about":[{"href":"https:\/\/agenciainfra.com\/blog\/wp-json\/wp\/v2\/types\/post"}],"author":[{"embeddable":true,"href":"https:\/\/agenciainfra.com\/blog\/wp-json\/wp\/v2\/users\/1"}],"replies":[{"embeddable":true,"href":"https:\/\/agenciainfra.com\/blog\/wp-json\/wp\/v2\/comments?post=31327"}],"version-history":[{"count":1,"href":"https:\/\/agenciainfra.com\/blog\/wp-json\/wp\/v2\/posts\/31327\/revisions"}],"predecessor-version":[{"id":31328,"href":"https:\/\/agenciainfra.com\/blog\/wp-json\/wp\/v2\/posts\/31327\/revisions\/31328"}],"wp:featuredmedia":[{"embeddable":true,"href":"https:\/\/agenciainfra.com\/blog\/wp-json\/wp\/v2\/media\/15794"}],"wp:attachment":[{"href":"https:\/\/agenciainfra.com\/blog\/wp-json\/wp\/v2\/media?parent=31327"}],"wp:term":[{"taxonomy":"category","embeddable":true,"href":"https:\/\/agenciainfra.com\/blog\/wp-json\/wp\/v2\/categories?post=31327"},{"taxonomy":"post_tag","embeddable":true,"href":"https:\/\/agenciainfra.com\/blog\/wp-json\/wp\/v2\/tags?post=31327"}],"curies":[{"name":"wp","href":"https:\/\/api.w.org\/{rel}","templated":true}]}}