{"id":31329,"date":"2025-11-02T01:07:59","date_gmt":"2025-11-02T04:07:59","guid":{"rendered":"https:\/\/agenciainfra.com\/blog\/?p=31329"},"modified":"2025-11-04T12:03:06","modified_gmt":"2025-11-04T15:03:06","slug":"ons-envia-a-aneel-plano-de-gestao-de-excedentes-de-energia","status":"publish","type":"post","link":"https:\/\/agenciainfra.com\/blog\/ons-envia-a-aneel-plano-de-gestao-de-excedentes-de-energia\/","title":{"rendered":"ONS envia \u00e0 ANEEL plano de gest\u00e3o de excedentes de energia"},"content":{"rendered":"\n<p class=\"has-text-align-right\"><strong>da Ag\u00eancia iNFRA<\/strong><\/p>\n\n\n\n<p>O ONS (Operador Nacional do Sistema El\u00e9trico) informou que encaminhou \u00e0 ANEEL (Ag\u00eancia Nacional de Energia El\u00e9trica), na \u00faltima sexta-feira (31), o &#8220;Plano Emergencial de Gest\u00e3o de Excedentes de Energia na Rede Distribui\u00e7\u00e3o&#8221;. O documento indica quais procedimentos devem ser adotados pelo ONS e pelos agentes do setor el\u00e9trico em situa\u00e7\u00f5es de emerg\u00eancia, quando houver casos de excedente de gera\u00e7\u00e3o de energia sem a possibilidade de reduzir a gera\u00e7\u00e3o centralizada.<\/p>\n\n\n\n<p>Segundo o \u00f3rg\u00e3o, a finalidade \u00e9 manter a estabilidade do SIN (Sistema Interligado Nacional) e manter o fornecimento cont\u00ednuo de energia nos casos em que for necess\u00e1rio acionar as distribuidoras. Com a ado\u00e7\u00e3o do plano emergencial, o ONS busca prevenir riscos e evitar a perda de controlabilidade do sistema nos momentos de carga l\u00edquida muito reduzida.<\/p>\n\n\n\n<p>&#8220;Quando h\u00e1 previs\u00e3o de excedente de gera\u00e7\u00e3o e os recursos da gera\u00e7\u00e3o centralizada, sob coordena\u00e7\u00e3o do ONS, se esgotarem, \u00e9 necess\u00e1rio recorrer \u00e0s fontes descentralizadas, sobre as quais o Operador n\u00e3o possui controle nem visibilidade em tempo real&#8221;, observa Christiano Vieira, diretor de Opera\u00e7\u00e3o do ONS. Segundo ele, essa medida preserva o equil\u00edbrio entre carga e gera\u00e7\u00e3o, o que garante a estabilidade do SIN.<\/p>\n\n\n\n<p>As medidas apresentadas incluem a gest\u00e3o contingencial das usinas do Tipo III (de pequeno porte, ligadas diretamente \u00e0 rede de distribui\u00e7\u00e3o), para controle de frequ\u00eancia e manuten\u00e7\u00e3o da seguran\u00e7a da opera\u00e7\u00e3o no SIN. As diretrizes gerais ser\u00e3o apresentadas em um workshop institucional destinado aos agentes envolvidos. &#8220;No cen\u00e1rio atual de expans\u00e3o da gera\u00e7\u00e3o distribu\u00edda, esse cuidado \u00e9 fundamental para assegurar a continuidade do fornecimento de energia e evitar riscos \u00e0 opera\u00e7\u00e3o do sistema&#8221;, explica Vieira.<\/p>\n","protected":false},"excerpt":{"rendered":"<p>da Ag\u00eancia iNFRA O ONS (Operador Nacional do Sistema El\u00e9trico) informou que encaminhou \u00e0 ANEEL (Ag\u00eancia Nacional de Energia El\u00e9trica), na \u00faltima sexta-feira (31), o &#8220;Plano Emergencial de Gest\u00e3o de Excedentes de Energia na Rede Distribui\u00e7\u00e3o&#8221;. O documento indica quais procedimentos devem ser adotados pelo ONS e pelos agentes do setor el\u00e9trico em situa\u00e7\u00f5es de [&hellip;]<\/p>\n","protected":false},"author":1,"featured_media":27346,"comment_status":"closed","ping_status":"closed","sticky":false,"template":"","format":"standard","meta":{"_monsterinsights_skip_tracking":false,"_monsterinsights_sitenote_active":false,"_monsterinsights_sitenote_note":"","_monsterinsights_sitenote_category":0,"footnotes":""},"categories":[10],"tags":[53,4194,16653,216,747],"class_list":["post-31329","post","type-post","status-publish","format-standard","has-post-thumbnail","hentry","category-infraenergia","tag-aneel","tag-christiano-vieira","tag-gestao-de-excedentes-de-energia","tag-ons","tag-sistema-interligado-nacional"],"yoast_head":"<!-- This site is optimized with the Yoast SEO Premium plugin v25.4 (Yoast SEO v26.0) - https:\/\/yoast.com\/wordpress\/plugins\/seo\/ -->\n<title>ONS envia \u00e0 ANEEL plano de gest\u00e3o de excedentes de energia - Ag\u00eancia iNFRA<\/title>\n<meta name=\"robots\" content=\"index, follow, max-snippet:-1, max-image-preview:large, max-video-preview:-1\" \/>\n<link rel=\"canonical\" href=\"https:\/\/agenciainfra.com\/blog\/ons-envia-a-aneel-plano-de-gestao-de-excedentes-de-energia\/\" \/>\n<meta property=\"og:locale\" content=\"pt_BR\" \/>\n<meta property=\"og:type\" content=\"article\" \/>\n<meta property=\"og:title\" content=\"ONS envia \u00e0 ANEEL plano de gest\u00e3o de excedentes de energia\" \/>\n<meta property=\"og:description\" content=\"da Ag\u00eancia iNFRA O ONS (Operador Nacional do Sistema El\u00e9trico) informou que encaminhou \u00e0 ANEEL (Ag\u00eancia Nacional de Energia El\u00e9trica), na \u00faltima sexta-feira (31), o &#8220;Plano Emergencial de Gest\u00e3o de Excedentes de Energia na Rede Distribui\u00e7\u00e3o&#8221;. O documento indica quais procedimentos devem ser adotados pelo ONS e pelos agentes do setor el\u00e9trico em situa\u00e7\u00f5es de [&hellip;]\" \/>\n<meta property=\"og:url\" content=\"https:\/\/agenciainfra.com\/blog\/ons-envia-a-aneel-plano-de-gestao-de-excedentes-de-energia\/\" \/>\n<meta property=\"og:site_name\" content=\"Ag\u00eancia iNFRA\" \/>\n<meta property=\"article:publisher\" content=\"https:\/\/www.facebook.com\/ageninfra\" \/>\n<meta property=\"article:published_time\" content=\"2025-11-02T04:07:59+00:00\" \/>\n<meta property=\"article:modified_time\" content=\"2025-11-04T15:03:06+00:00\" \/>\n<meta property=\"og:image\" content=\"https:\/\/agenciainfra.com\/blog\/wp-content\/uploads\/2025\/09\/ONS-foto-fernando-frazao-agencia-brasil.jpg\" \/>\n\t<meta property=\"og:image:width\" content=\"1280\" \/>\n\t<meta property=\"og:image:height\" content=\"853\" \/>\n\t<meta property=\"og:image:type\" content=\"image\/jpeg\" \/>\n<meta name=\"author\" content=\"Ag\u00eancia iNFRA\" \/>\n<meta name=\"twitter:card\" content=\"summary_large_image\" \/>\n<meta name=\"twitter:creator\" content=\"@agencia_infra\" \/>\n<meta name=\"twitter:site\" content=\"@agencia_infra\" \/>\n<meta name=\"twitter:label1\" content=\"Escrito por\" \/>\n\t<meta name=\"twitter:data1\" content=\"Ag\u00eancia iNFRA\" \/>\n\t<meta name=\"twitter:label2\" content=\"Est. tempo de leitura\" \/>\n\t<meta name=\"twitter:data2\" content=\"1 minuto\" \/>\n<script type=\"application\/ld+json\" class=\"yoast-schema-graph\">{\"@context\":\"https:\/\/schema.org\",\"@graph\":[{\"@type\":\"Article\",\"@id\":\"https:\/\/agenciainfra.com\/blog\/ons-envia-a-aneel-plano-de-gestao-de-excedentes-de-energia\/#article\",\"isPartOf\":{\"@id\":\"https:\/\/agenciainfra.com\/blog\/ons-envia-a-aneel-plano-de-gestao-de-excedentes-de-energia\/\"},\"author\":{\"name\":\"Ag\u00eancia iNFRA\",\"@id\":\"https:\/\/agenciainfra.com\/blog\/#\/schema\/person\/34af08dff6adea4cb22b06612ba7acfa\"},\"headline\":\"ONS envia \u00e0 ANEEL plano de gest\u00e3o de excedentes de energia\",\"datePublished\":\"2025-11-02T04:07:59+00:00\",\"dateModified\":\"2025-11-04T15:03:06+00:00\",\"mainEntityOfPage\":{\"@id\":\"https:\/\/agenciainfra.com\/blog\/ons-envia-a-aneel-plano-de-gestao-de-excedentes-de-energia\/\"},\"wordCount\":309,\"publisher\":{\"@id\":\"https:\/\/agenciainfra.com\/blog\/#organization\"},\"image\":{\"@id\":\"https:\/\/agenciainfra.com\/blog\/ons-envia-a-aneel-plano-de-gestao-de-excedentes-de-energia\/#primaryimage\"},\"thumbnailUrl\":\"https:\/\/agenciainfra.com\/blog\/wp-content\/uploads\/2025\/09\/ONS-foto-fernando-frazao-agencia-brasil.jpg\",\"keywords\":[\"ANEEL\",\"Christiano Vieira\",\"gest\u00e3o de excedentes de energia\",\"ONS\",\"Sistema Interligado Nacional\"],\"articleSection\":[\"iNFRAEnergia\"],\"inLanguage\":\"pt-BR\",\"copyrightYear\":\"2025\",\"copyrightHolder\":{\"@id\":\"https:\/\/agenciainfra.com\/blog\/#organization\"}},{\"@type\":\"WebPage\",\"@id\":\"https:\/\/agenciainfra.com\/blog\/ons-envia-a-aneel-plano-de-gestao-de-excedentes-de-energia\/\",\"url\":\"https:\/\/agenciainfra.com\/blog\/ons-envia-a-aneel-plano-de-gestao-de-excedentes-de-energia\/\",\"name\":\"ONS envia \u00e0 ANEEL plano de gest\u00e3o de excedentes de energia - Ag\u00eancia iNFRA\",\"isPartOf\":{\"@id\":\"https:\/\/agenciainfra.com\/blog\/#website\"},\"primaryImageOfPage\":{\"@id\":\"https:\/\/agenciainfra.com\/blog\/ons-envia-a-aneel-plano-de-gestao-de-excedentes-de-energia\/#primaryimage\"},\"image\":{\"@id\":\"https:\/\/agenciainfra.com\/blog\/ons-envia-a-aneel-plano-de-gestao-de-excedentes-de-energia\/#primaryimage\"},\"thumbnailUrl\":\"https:\/\/agenciainfra.com\/blog\/wp-content\/uploads\/2025\/09\/ONS-foto-fernando-frazao-agencia-brasil.jpg\",\"datePublished\":\"2025-11-02T04:07:59+00:00\",\"dateModified\":\"2025-11-04T15:03:06+00:00\",\"breadcrumb\":{\"@id\":\"https:\/\/agenciainfra.com\/blog\/ons-envia-a-aneel-plano-de-gestao-de-excedentes-de-energia\/#breadcrumb\"},\"inLanguage\":\"pt-BR\",\"potentialAction\":[{\"@type\":\"ReadAction\",\"target\":[\"https:\/\/agenciainfra.com\/blog\/ons-envia-a-aneel-plano-de-gestao-de-excedentes-de-energia\/\"]}]},{\"@type\":\"ImageObject\",\"inLanguage\":\"pt-BR\",\"@id\":\"https:\/\/agenciainfra.com\/blog\/ons-envia-a-aneel-plano-de-gestao-de-excedentes-de-energia\/#primaryimage\",\"url\":\"https:\/\/agenciainfra.com\/blog\/wp-content\/uploads\/2025\/09\/ONS-foto-fernando-frazao-agencia-brasil.jpg\",\"contentUrl\":\"https:\/\/agenciainfra.com\/blog\/wp-content\/uploads\/2025\/09\/ONS-foto-fernando-frazao-agencia-brasil.jpg\",\"width\":1280,\"height\":853,\"caption\":\"Foto: Fernando Fraz\u00e3o\/Ag\u00eancia Brasil\"},{\"@type\":\"BreadcrumbList\",\"@id\":\"https:\/\/agenciainfra.com\/blog\/ons-envia-a-aneel-plano-de-gestao-de-excedentes-de-energia\/#breadcrumb\",\"itemListElement\":[{\"@type\":\"ListItem\",\"position\":1,\"name\":\"In\u00edcio\",\"item\":\"https:\/\/agenciainfra.com\/blog\/\"},{\"@type\":\"ListItem\",\"position\":2,\"name\":\"ONS envia \u00e0 ANEEL plano de gest\u00e3o de excedentes de energia\"}]},{\"@type\":\"WebSite\",\"@id\":\"https:\/\/agenciainfra.com\/blog\/#website\",\"url\":\"https:\/\/agenciainfra.com\/blog\/\",\"name\":\"Ag\u00eancia iNFRA\",\"description\":\"Multiplataforma de informa\u00e7\u00e3o jornal\u00edstica refer\u00eancia na \u00e1rea de infraestrutura no Brasil!\",\"publisher\":{\"@id\":\"https:\/\/agenciainfra.com\/blog\/#organization\"},\"potentialAction\":[{\"@type\":\"SearchAction\",\"target\":{\"@type\":\"EntryPoint\",\"urlTemplate\":\"https:\/\/agenciainfra.com\/blog\/?s={search_term_string}\"},\"query-input\":{\"@type\":\"PropertyValueSpecification\",\"valueRequired\":true,\"valueName\":\"search_term_string\"}}],\"inLanguage\":\"pt-BR\"},{\"@type\":\"Organization\",\"@id\":\"https:\/\/agenciainfra.com\/blog\/#organization\",\"name\":\"Ag\u00eancia iNFRA\",\"url\":\"https:\/\/agenciainfra.com\/blog\/\",\"logo\":{\"@type\":\"ImageObject\",\"inLanguage\":\"pt-BR\",\"@id\":\"https:\/\/agenciainfra.com\/blog\/#\/schema\/logo\/image\/\",\"url\":\"https:\/\/agenciainfra.com\/blog\/wp-content\/uploads\/2023\/09\/iNFRA_5-e1761735885940.png\",\"contentUrl\":\"https:\/\/agenciainfra.com\/blog\/wp-content\/uploads\/2023\/09\/iNFRA_5-e1761735885940.png\",\"width\":1672,\"height\":454,\"caption\":\"Ag\u00eancia iNFRA\"},\"image\":{\"@id\":\"https:\/\/agenciainfra.com\/blog\/#\/schema\/logo\/image\/\"},\"sameAs\":[\"https:\/\/www.facebook.com\/ageninfra\",\"https:\/\/x.com\/agencia_infra\",\"https:\/\/www.linkedin.com\/company\/ag\u00eanciainfra\/\",\"https:\/\/www.instagram.com\/agenciainfra\/\"]},{\"@type\":\"Person\",\"@id\":\"https:\/\/agenciainfra.com\/blog\/#\/schema\/person\/34af08dff6adea4cb22b06612ba7acfa\",\"name\":\"Ag\u00eancia iNFRA\",\"image\":{\"@type\":\"ImageObject\",\"inLanguage\":\"pt-BR\",\"@id\":\"https:\/\/agenciainfra.com\/blog\/#\/schema\/person\/image\/\",\"url\":\"https:\/\/secure.gravatar.com\/avatar\/d189e01678f06d8eb84d4e01f08eb848b3fffe3f8443818d3c356c66892f5be8?s=96&d=mm&r=g\",\"contentUrl\":\"https:\/\/secure.gravatar.com\/avatar\/d189e01678f06d8eb84d4e01f08eb848b3fffe3f8443818d3c356c66892f5be8?s=96&d=mm&r=g\",\"caption\":\"Ag\u00eancia iNFRA\"},\"url\":\"https:\/\/agenciainfra.com\/blog\/author\/admin\/\"}]}<\/script>\n<!-- \/ Yoast SEO Premium plugin. -->","yoast_head_json":{"title":"ONS envia \u00e0 ANEEL plano de gest\u00e3o de excedentes de energia - Ag\u00eancia iNFRA","robots":{"index":"index","follow":"follow","max-snippet":"max-snippet:-1","max-image-preview":"max-image-preview:large","max-video-preview":"max-video-preview:-1"},"canonical":"https:\/\/agenciainfra.com\/blog\/ons-envia-a-aneel-plano-de-gestao-de-excedentes-de-energia\/","og_locale":"pt_BR","og_type":"article","og_title":"ONS envia \u00e0 ANEEL plano de gest\u00e3o de excedentes de energia","og_description":"da Ag\u00eancia iNFRA O ONS (Operador Nacional do Sistema El\u00e9trico) informou que encaminhou \u00e0 ANEEL (Ag\u00eancia Nacional de Energia El\u00e9trica), na \u00faltima sexta-feira (31), o &#8220;Plano Emergencial de Gest\u00e3o de Excedentes de Energia na Rede Distribui\u00e7\u00e3o&#8221;. O documento indica quais procedimentos devem ser adotados pelo ONS e pelos agentes do setor el\u00e9trico em situa\u00e7\u00f5es de [&hellip;]","og_url":"https:\/\/agenciainfra.com\/blog\/ons-envia-a-aneel-plano-de-gestao-de-excedentes-de-energia\/","og_site_name":"Ag\u00eancia iNFRA","article_publisher":"https:\/\/www.facebook.com\/ageninfra","article_published_time":"2025-11-02T04:07:59+00:00","article_modified_time":"2025-11-04T15:03:06+00:00","og_image":[{"width":1280,"height":853,"url":"https:\/\/agenciainfra.com\/blog\/wp-content\/uploads\/2025\/09\/ONS-foto-fernando-frazao-agencia-brasil.jpg","type":"image\/jpeg"}],"author":"Ag\u00eancia iNFRA","twitter_card":"summary_large_image","twitter_creator":"@agencia_infra","twitter_site":"@agencia_infra","twitter_misc":{"Escrito por":"Ag\u00eancia iNFRA","Est. tempo de leitura":"1 minuto"},"schema":{"@context":"https:\/\/schema.org","@graph":[{"@type":"Article","@id":"https:\/\/agenciainfra.com\/blog\/ons-envia-a-aneel-plano-de-gestao-de-excedentes-de-energia\/#article","isPartOf":{"@id":"https:\/\/agenciainfra.com\/blog\/ons-envia-a-aneel-plano-de-gestao-de-excedentes-de-energia\/"},"author":{"name":"Ag\u00eancia iNFRA","@id":"https:\/\/agenciainfra.com\/blog\/#\/schema\/person\/34af08dff6adea4cb22b06612ba7acfa"},"headline":"ONS envia \u00e0 ANEEL plano de gest\u00e3o de excedentes de energia","datePublished":"2025-11-02T04:07:59+00:00","dateModified":"2025-11-04T15:03:06+00:00","mainEntityOfPage":{"@id":"https:\/\/agenciainfra.com\/blog\/ons-envia-a-aneel-plano-de-gestao-de-excedentes-de-energia\/"},"wordCount":309,"publisher":{"@id":"https:\/\/agenciainfra.com\/blog\/#organization"},"image":{"@id":"https:\/\/agenciainfra.com\/blog\/ons-envia-a-aneel-plano-de-gestao-de-excedentes-de-energia\/#primaryimage"},"thumbnailUrl":"https:\/\/agenciainfra.com\/blog\/wp-content\/uploads\/2025\/09\/ONS-foto-fernando-frazao-agencia-brasil.jpg","keywords":["ANEEL","Christiano Vieira","gest\u00e3o de excedentes de energia","ONS","Sistema Interligado Nacional"],"articleSection":["iNFRAEnergia"],"inLanguage":"pt-BR","copyrightYear":"2025","copyrightHolder":{"@id":"https:\/\/agenciainfra.com\/blog\/#organization"}},{"@type":"WebPage","@id":"https:\/\/agenciainfra.com\/blog\/ons-envia-a-aneel-plano-de-gestao-de-excedentes-de-energia\/","url":"https:\/\/agenciainfra.com\/blog\/ons-envia-a-aneel-plano-de-gestao-de-excedentes-de-energia\/","name":"ONS envia \u00e0 ANEEL plano de gest\u00e3o de excedentes de energia - Ag\u00eancia iNFRA","isPartOf":{"@id":"https:\/\/agenciainfra.com\/blog\/#website"},"primaryImageOfPage":{"@id":"https:\/\/agenciainfra.com\/blog\/ons-envia-a-aneel-plano-de-gestao-de-excedentes-de-energia\/#primaryimage"},"image":{"@id":"https:\/\/agenciainfra.com\/blog\/ons-envia-a-aneel-plano-de-gestao-de-excedentes-de-energia\/#primaryimage"},"thumbnailUrl":"https:\/\/agenciainfra.com\/blog\/wp-content\/uploads\/2025\/09\/ONS-foto-fernando-frazao-agencia-brasil.jpg","datePublished":"2025-11-02T04:07:59+00:00","dateModified":"2025-11-04T15:03:06+00:00","breadcrumb":{"@id":"https:\/\/agenciainfra.com\/blog\/ons-envia-a-aneel-plano-de-gestao-de-excedentes-de-energia\/#breadcrumb"},"inLanguage":"pt-BR","potentialAction":[{"@type":"ReadAction","target":["https:\/\/agenciainfra.com\/blog\/ons-envia-a-aneel-plano-de-gestao-de-excedentes-de-energia\/"]}]},{"@type":"ImageObject","inLanguage":"pt-BR","@id":"https:\/\/agenciainfra.com\/blog\/ons-envia-a-aneel-plano-de-gestao-de-excedentes-de-energia\/#primaryimage","url":"https:\/\/agenciainfra.com\/blog\/wp-content\/uploads\/2025\/09\/ONS-foto-fernando-frazao-agencia-brasil.jpg","contentUrl":"https:\/\/agenciainfra.com\/blog\/wp-content\/uploads\/2025\/09\/ONS-foto-fernando-frazao-agencia-brasil.jpg","width":1280,"height":853,"caption":"Foto: Fernando Fraz\u00e3o\/Ag\u00eancia Brasil"},{"@type":"BreadcrumbList","@id":"https:\/\/agenciainfra.com\/blog\/ons-envia-a-aneel-plano-de-gestao-de-excedentes-de-energia\/#breadcrumb","itemListElement":[{"@type":"ListItem","position":1,"name":"In\u00edcio","item":"https:\/\/agenciainfra.com\/blog\/"},{"@type":"ListItem","position":2,"name":"ONS envia \u00e0 ANEEL plano de gest\u00e3o de excedentes de energia"}]},{"@type":"WebSite","@id":"https:\/\/agenciainfra.com\/blog\/#website","url":"https:\/\/agenciainfra.com\/blog\/","name":"Ag\u00eancia iNFRA","description":"Multiplataforma de informa\u00e7\u00e3o jornal\u00edstica refer\u00eancia na \u00e1rea de infraestrutura no Brasil!","publisher":{"@id":"https:\/\/agenciainfra.com\/blog\/#organization"},"potentialAction":[{"@type":"SearchAction","target":{"@type":"EntryPoint","urlTemplate":"https:\/\/agenciainfra.com\/blog\/?s={search_term_string}"},"query-input":{"@type":"PropertyValueSpecification","valueRequired":true,"valueName":"search_term_string"}}],"inLanguage":"pt-BR"},{"@type":"Organization","@id":"https:\/\/agenciainfra.com\/blog\/#organization","name":"Ag\u00eancia iNFRA","url":"https:\/\/agenciainfra.com\/blog\/","logo":{"@type":"ImageObject","inLanguage":"pt-BR","@id":"https:\/\/agenciainfra.com\/blog\/#\/schema\/logo\/image\/","url":"https:\/\/agenciainfra.com\/blog\/wp-content\/uploads\/2023\/09\/iNFRA_5-e1761735885940.png","contentUrl":"https:\/\/agenciainfra.com\/blog\/wp-content\/uploads\/2023\/09\/iNFRA_5-e1761735885940.png","width":1672,"height":454,"caption":"Ag\u00eancia iNFRA"},"image":{"@id":"https:\/\/agenciainfra.com\/blog\/#\/schema\/logo\/image\/"},"sameAs":["https:\/\/www.facebook.com\/ageninfra","https:\/\/x.com\/agencia_infra","https:\/\/www.linkedin.com\/company\/ag\u00eanciainfra\/","https:\/\/www.instagram.com\/agenciainfra\/"]},{"@type":"Person","@id":"https:\/\/agenciainfra.com\/blog\/#\/schema\/person\/34af08dff6adea4cb22b06612ba7acfa","name":"Ag\u00eancia iNFRA","image":{"@type":"ImageObject","inLanguage":"pt-BR","@id":"https:\/\/agenciainfra.com\/blog\/#\/schema\/person\/image\/","url":"https:\/\/secure.gravatar.com\/avatar\/d189e01678f06d8eb84d4e01f08eb848b3fffe3f8443818d3c356c66892f5be8?s=96&d=mm&r=g","contentUrl":"https:\/\/secure.gravatar.com\/avatar\/d189e01678f06d8eb84d4e01f08eb848b3fffe3f8443818d3c356c66892f5be8?s=96&d=mm&r=g","caption":"Ag\u00eancia iNFRA"},"url":"https:\/\/agenciainfra.com\/blog\/author\/admin\/"}]}},"_links":{"self":[{"href":"https:\/\/agenciainfra.com\/blog\/wp-json\/wp\/v2\/posts\/31329","targetHints":{"allow":["GET"]}}],"collection":[{"href":"https:\/\/agenciainfra.com\/blog\/wp-json\/wp\/v2\/posts"}],"about":[{"href":"https:\/\/agenciainfra.com\/blog\/wp-json\/wp\/v2\/types\/post"}],"author":[{"embeddable":true,"href":"https:\/\/agenciainfra.com\/blog\/wp-json\/wp\/v2\/users\/1"}],"replies":[{"embeddable":true,"href":"https:\/\/agenciainfra.com\/blog\/wp-json\/wp\/v2\/comments?post=31329"}],"version-history":[{"count":1,"href":"https:\/\/agenciainfra.com\/blog\/wp-json\/wp\/v2\/posts\/31329\/revisions"}],"predecessor-version":[{"id":31330,"href":"https:\/\/agenciainfra.com\/blog\/wp-json\/wp\/v2\/posts\/31329\/revisions\/31330"}],"wp:featuredmedia":[{"embeddable":true,"href":"https:\/\/agenciainfra.com\/blog\/wp-json\/wp\/v2\/media\/27346"}],"wp:attachment":[{"href":"https:\/\/agenciainfra.com\/blog\/wp-json\/wp\/v2\/media?parent=31329"}],"wp:term":[{"taxonomy":"category","embeddable":true,"href":"https:\/\/agenciainfra.com\/blog\/wp-json\/wp\/v2\/categories?post=31329"},{"taxonomy":"post_tag","embeddable":true,"href":"https:\/\/agenciainfra.com\/blog\/wp-json\/wp\/v2\/tags?post=31329"}],"curies":[{"name":"wp","href":"https:\/\/api.w.org\/{rel}","templated":true}]}}