{"id":3133,"date":"2019-05-04T04:00:14","date_gmt":"2019-05-04T07:00:14","guid":{"rendered":"http:\/\/www.agenciainfra.com\/blog\/?p=3133"},"modified":"2019-05-02T20:40:52","modified_gmt":"2019-05-02T23:40:52","slug":"diretor-da-antaq-defende-atuacao-da-agencia-so-em-caso-de-abuso-na-cobranca-de-escaneamento","status":"publish","type":"post","link":"https:\/\/agenciainfra.com\/blog\/diretor-da-antaq-defende-atuacao-da-agencia-so-em-caso-de-abuso-na-cobranca-de-escaneamento\/","title":{"rendered":"Diretor da ANTAQ defende atua\u00e7\u00e3o da ag\u00eancia s\u00f3 em caso de abuso na cobran\u00e7a de escaneamento"},"content":{"rendered":"<h5 style=\"text-align: right;\"><strong>da Ag\u00eancia iNFRA<\/strong><\/h5>\n<div>\n<p>O diretor da ANTAQ (Ag\u00eancia Nacional de Transportes Aquavi\u00e1rios) Adalberto Tokarksi afirmou que vai defender, no caso da cobran\u00e7a de escaneamento de cont\u00eaineres, que a ag\u00eancia permita a cobran\u00e7a e atue apenas nos casos de abusividade.<\/p>\n<p>A declara\u00e7\u00e3o foi dada por ele na mais recente reuni\u00e3o da CTLog (C\u00e2mara T\u00e9cnica de Log\u00edstica) do Minist\u00e9rio da Agricultura, Pecu\u00e1ria e Abastecimento, realizada na semana passada. Segundo ele, o processo que trata do tema est\u00e1 em an\u00e1lise pela \u00e1rea jur\u00eddica da ag\u00eancia ap\u00f3s parecer dos t\u00e9cnicos, que apresentaram quatro op\u00e7\u00f5es de atua\u00e7\u00e3o da ANTAQ nesse caso.<\/p>\n<p>A cobran\u00e7a pelo escaneamento de cont\u00eaineres come\u00e7ou h\u00e1 cerca de cinco anos quando a Receita Federal deixou de fazer o servi\u00e7o e obrigou os terminais a realiz\u00e1-los. Os terminais passaram a cobrar dos usu\u00e1rios esse valor. Os usu\u00e1rios reclamam que j\u00e1 pagariam essa conta na chamada Box Rate, taxa paga aos armadores para movimenta\u00e7\u00e3o de cont\u00eaineres.<\/p>\n<p>Os custos de escaneamento v\u00eaem impactando cada vez mais cadeias do setor. Na mesma reuni\u00e3o, conforme informou a <strong>Ag\u00eancia iNFRA<\/strong>, os exportadores de caf\u00e9 apontaram que os custos de movimenta\u00e7\u00e3o dos cont\u00eaineres no Brasil est\u00e3o muito al\u00e9m dos cobrados em pa\u00edses concorrentes, reduzindo a competitividade do setor.<\/p>\n<p>A quest\u00e3o do escaneamento passou por audi\u00eancia p\u00fablica e, de acordo com Tokarski, foram apresentadas quatro op\u00e7\u00f5es regulat\u00f3rias: manter a cobran\u00e7a atual individualizada com um pre\u00e7o-teto, manter a cobran\u00e7a e atuar nos casos abusivos, proibir a cobran\u00e7a pelo terminal e colocar no Box Rate do armador, ou ratear a cobran\u00e7a por todos os usu\u00e1rios.<\/p>\n<p><strong>Custo regulat\u00f3rio\u00a0<\/strong><br \/>\nO diretor adiantou que sua op\u00e7\u00e3o at\u00e9 o momento \u00e9 pela regula\u00e7\u00e3o dos abusos, alegando que o custo regulat\u00f3rio de calcular o pre\u00e7o-teto seria muito elevado, considerando as diferen\u00e7as regionais, por exemplo. Ele lembrou que\u00a0em Santos o volume movimentado pode ser mais de cinco vezes o de outros portos, o que certamente daria impacto nos pre\u00e7os.<\/p>\n<p>A maior preocupa\u00e7\u00e3o de Tokarski, no entanto, \u00e9 com a op\u00e7\u00e3o de colocar o custo no chamado Box Rate, o que \u00e9 defendido pela CNA (Confedera\u00e7\u00e3o Nacional da Agricultura), segundo ele. O diretor afirmou que teme, com a verticaliza\u00e7\u00e3o cada vez maior dos armadores com a aquisi\u00e7\u00e3o dos terminais, que os pre\u00e7os saiam do controle.<\/p>\n<p>J\u00e1 em rela\u00e7\u00e3o ao tabelamento da tarifa para que seja rateada, Tokarski afirmou que teme que essa cobran\u00e7a passe a financiar outras. Segundo ele, isso gera inefici\u00eancias, al\u00e9m do que a pr\u00f3pria ag\u00eancia ainda est\u00e1 definindo o que de fato s\u00e3o tarifas dentro das cobran\u00e7as efetuadas pelas companhias Docas.<\/p>\n<p>&#8220;Um terminal chama de x e outro de y um mesmo servi\u00e7o. Estamos trabalhando para ter uma tabela \u00fanica para facilitar a fiscaliza\u00e7\u00e3o dos servi\u00e7os&#8221;, afirmou o diretor da ag\u00eancia.<\/p>\n<p><strong>Estufagem de cont\u00eainer<\/strong><br \/>\nO consultor da CNA Luiz Fayet j\u00e1 havia sa\u00eddo da reuni\u00e3o no momento da apresenta\u00e7\u00e3o do diretor da ag\u00eancia. Antes, por\u00e9m, ele levou um novo problema relatado pelo setor exportador, que s\u00e3o as regras para o estufamento dos cont\u00eaineres. De acordo com ele, h\u00e1 em andamento um regulamento que pode tirar 20% do espa\u00e7o dos cont\u00eaineres para os produtos, o que encareceria ainda mais as exporta\u00e7\u00f5es.<\/p>\n<p>Segundo o diretor da CTLog, Edeon Vaz, o tema j\u00e1 est\u00e1 sendo tratado pelo gabinete da ministra da Agricultura, Tereza Cristina. Outro tema tamb\u00e9m em an\u00e1lise pela ministra \u00e9 a perman\u00eancia ou n\u00e3o do CTLog, visto que ele foi afetado pelo decreto que extinguiu todos os conselhos consultivos do governo federal. Segundo ele, h\u00e1 interesse da ministra em manter o colegiado funcionando.<\/p>\n<\/div>\n","protected":false},"excerpt":{"rendered":"<p>da Ag\u00eancia iNFRA O diretor da ANTAQ (Ag\u00eancia Nacional de Transportes Aquavi\u00e1rios) Adalberto Tokarksi afirmou que vai defender, no caso da cobran\u00e7a de escaneamento de cont\u00eaineres, que a ag\u00eancia permita a cobran\u00e7a e atue apenas nos casos de abusividade. A declara\u00e7\u00e3o foi dada por ele na mais recente reuni\u00e3o da CTLog (C\u00e2mara T\u00e9cnica de Log\u00edstica) [&hellip;]<\/p>\n","protected":false},"author":9,"featured_media":3016,"comment_status":"closed","ping_status":"open","sticky":false,"template":"","format":"standard","meta":{"_monsterinsights_skip_tracking":false,"_monsterinsights_sitenote_active":false,"_monsterinsights_sitenote_note":"","_monsterinsights_sitenote_category":0,"footnotes":""},"categories":[7],"tags":[926,86,237,955],"class_list":["post-3133","post","type-post","status-publish","format-standard","has-post-thumbnail","hentry","category-infratransporte","tag-adalberto-tokarski","tag-antaq","tag-ctlog","tag-escaneamento-de-conteineres"],"yoast_head":"<!-- This site is optimized with the Yoast SEO Premium plugin v25.4 (Yoast SEO v26.0) - https:\/\/yoast.com\/wordpress\/plugins\/seo\/ -->\n<title>Diretor da ANTAQ defende atua\u00e7\u00e3o da ag\u00eancia s\u00f3 em caso de abuso na cobran\u00e7a de escaneamento - Ag\u00eancia iNFRA<\/title>\n<meta name=\"robots\" content=\"index, follow, max-snippet:-1, max-image-preview:large, max-video-preview:-1\" \/>\n<link rel=\"canonical\" href=\"https:\/\/agenciainfra.com\/blog\/diretor-da-antaq-defende-atuacao-da-agencia-so-em-caso-de-abuso-na-cobranca-de-escaneamento\/\" \/>\n<meta property=\"og:locale\" content=\"pt_BR\" \/>\n<meta property=\"og:type\" content=\"article\" \/>\n<meta property=\"og:title\" content=\"Diretor da ANTAQ defende atua\u00e7\u00e3o da ag\u00eancia s\u00f3 em caso de abuso na cobran\u00e7a de escaneamento\" \/>\n<meta property=\"og:description\" content=\"da Ag\u00eancia iNFRA O diretor da ANTAQ (Ag\u00eancia Nacional de Transportes Aquavi\u00e1rios) Adalberto Tokarksi afirmou que vai defender, no caso da cobran\u00e7a de escaneamento de cont\u00eaineres, que a ag\u00eancia permita a cobran\u00e7a e atue apenas nos casos de abusividade. A declara\u00e7\u00e3o foi dada por ele na mais recente reuni\u00e3o da CTLog (C\u00e2mara T\u00e9cnica de Log\u00edstica) [&hellip;]\" \/>\n<meta property=\"og:url\" content=\"https:\/\/agenciainfra.com\/blog\/diretor-da-antaq-defende-atuacao-da-agencia-so-em-caso-de-abuso-na-cobranca-de-escaneamento\/\" \/>\n<meta property=\"og:site_name\" content=\"Ag\u00eancia iNFRA\" \/>\n<meta property=\"article:publisher\" content=\"https:\/\/www.facebook.com\/ageninfra\" \/>\n<meta property=\"article:published_time\" content=\"2019-05-04T07:00:14+00:00\" \/>\n<meta property=\"og:image\" content=\"https:\/\/agenciainfra.com\/blog\/wp-content\/uploads\/2019\/03\/conteineres-jessica-lima-suape.jpg\" \/>\n\t<meta property=\"og:image:width\" content=\"1280\" \/>\n\t<meta property=\"og:image:height\" content=\"720\" \/>\n\t<meta property=\"og:image:type\" content=\"image\/jpeg\" \/>\n<meta name=\"author\" content=\"Rodrigo Zuquim\" \/>\n<meta name=\"twitter:card\" content=\"summary_large_image\" \/>\n<meta name=\"twitter:creator\" content=\"@agencia_infra\" \/>\n<meta name=\"twitter:site\" content=\"@agencia_infra\" \/>\n<meta name=\"twitter:label1\" content=\"Escrito por\" \/>\n\t<meta name=\"twitter:data1\" content=\"Rodrigo Zuquim\" \/>\n\t<meta name=\"twitter:label2\" content=\"Est. tempo de leitura\" \/>\n\t<meta name=\"twitter:data2\" content=\"3 minutos\" \/>\n<script type=\"application\/ld+json\" class=\"yoast-schema-graph\">{\"@context\":\"https:\/\/schema.org\",\"@graph\":[{\"@type\":\"Article\",\"@id\":\"https:\/\/agenciainfra.com\/blog\/diretor-da-antaq-defende-atuacao-da-agencia-so-em-caso-de-abuso-na-cobranca-de-escaneamento\/#article\",\"isPartOf\":{\"@id\":\"https:\/\/agenciainfra.com\/blog\/diretor-da-antaq-defende-atuacao-da-agencia-so-em-caso-de-abuso-na-cobranca-de-escaneamento\/\"},\"author\":{\"name\":\"Rodrigo Zuquim\",\"@id\":\"https:\/\/agenciainfra.com\/blog\/#\/schema\/person\/04dbb79bd6d8951f063da71f3e4c1eb1\"},\"headline\":\"Diretor da ANTAQ defende atua\u00e7\u00e3o da ag\u00eancia s\u00f3 em caso de abuso na cobran\u00e7a de escaneamento\",\"datePublished\":\"2019-05-04T07:00:14+00:00\",\"mainEntityOfPage\":{\"@id\":\"https:\/\/agenciainfra.com\/blog\/diretor-da-antaq-defende-atuacao-da-agencia-so-em-caso-de-abuso-na-cobranca-de-escaneamento\/\"},\"wordCount\":680,\"publisher\":{\"@id\":\"https:\/\/agenciainfra.com\/blog\/#organization\"},\"image\":{\"@id\":\"https:\/\/agenciainfra.com\/blog\/diretor-da-antaq-defende-atuacao-da-agencia-so-em-caso-de-abuso-na-cobranca-de-escaneamento\/#primaryimage\"},\"thumbnailUrl\":\"https:\/\/agenciainfra.com\/blog\/wp-content\/uploads\/2019\/03\/conteineres-jessica-lima-suape.jpg\",\"keywords\":[\"Adalberto Tokarski\",\"ANTAQ\",\"CTLog\",\"escaneamento de cont\u00eaineres\"],\"articleSection\":[\"iNFRATransporte\"],\"inLanguage\":\"pt-BR\",\"copyrightYear\":\"2019\",\"copyrightHolder\":{\"@id\":\"https:\/\/agenciainfra.com\/blog\/#organization\"}},{\"@type\":\"WebPage\",\"@id\":\"https:\/\/agenciainfra.com\/blog\/diretor-da-antaq-defende-atuacao-da-agencia-so-em-caso-de-abuso-na-cobranca-de-escaneamento\/\",\"url\":\"https:\/\/agenciainfra.com\/blog\/diretor-da-antaq-defende-atuacao-da-agencia-so-em-caso-de-abuso-na-cobranca-de-escaneamento\/\",\"name\":\"Diretor da ANTAQ defende atua\u00e7\u00e3o da ag\u00eancia s\u00f3 em caso de abuso na cobran\u00e7a de escaneamento - Ag\u00eancia iNFRA\",\"isPartOf\":{\"@id\":\"https:\/\/agenciainfra.com\/blog\/#website\"},\"primaryImageOfPage\":{\"@id\":\"https:\/\/agenciainfra.com\/blog\/diretor-da-antaq-defende-atuacao-da-agencia-so-em-caso-de-abuso-na-cobranca-de-escaneamento\/#primaryimage\"},\"image\":{\"@id\":\"https:\/\/agenciainfra.com\/blog\/diretor-da-antaq-defende-atuacao-da-agencia-so-em-caso-de-abuso-na-cobranca-de-escaneamento\/#primaryimage\"},\"thumbnailUrl\":\"https:\/\/agenciainfra.com\/blog\/wp-content\/uploads\/2019\/03\/conteineres-jessica-lima-suape.jpg\",\"datePublished\":\"2019-05-04T07:00:14+00:00\",\"breadcrumb\":{\"@id\":\"https:\/\/agenciainfra.com\/blog\/diretor-da-antaq-defende-atuacao-da-agencia-so-em-caso-de-abuso-na-cobranca-de-escaneamento\/#breadcrumb\"},\"inLanguage\":\"pt-BR\",\"potentialAction\":[{\"@type\":\"ReadAction\",\"target\":[\"https:\/\/agenciainfra.com\/blog\/diretor-da-antaq-defende-atuacao-da-agencia-so-em-caso-de-abuso-na-cobranca-de-escaneamento\/\"]}]},{\"@type\":\"ImageObject\",\"inLanguage\":\"pt-BR\",\"@id\":\"https:\/\/agenciainfra.com\/blog\/diretor-da-antaq-defende-atuacao-da-agencia-so-em-caso-de-abuso-na-cobranca-de-escaneamento\/#primaryimage\",\"url\":\"https:\/\/agenciainfra.com\/blog\/wp-content\/uploads\/2019\/03\/conteineres-jessica-lima-suape.jpg\",\"contentUrl\":\"https:\/\/agenciainfra.com\/blog\/wp-content\/uploads\/2019\/03\/conteineres-jessica-lima-suape.jpg\",\"width\":1280,\"height\":720,\"caption\":\"Foto: J\u00e9ssica Lima\/Porto de Suape\"},{\"@type\":\"BreadcrumbList\",\"@id\":\"https:\/\/agenciainfra.com\/blog\/diretor-da-antaq-defende-atuacao-da-agencia-so-em-caso-de-abuso-na-cobranca-de-escaneamento\/#breadcrumb\",\"itemListElement\":[{\"@type\":\"ListItem\",\"position\":1,\"name\":\"In\u00edcio\",\"item\":\"https:\/\/agenciainfra.com\/blog\/\"},{\"@type\":\"ListItem\",\"position\":2,\"name\":\"Diretor da ANTAQ defende atua\u00e7\u00e3o da ag\u00eancia s\u00f3 em caso de abuso na cobran\u00e7a de escaneamento\"}]},{\"@type\":\"WebSite\",\"@id\":\"https:\/\/agenciainfra.com\/blog\/#website\",\"url\":\"https:\/\/agenciainfra.com\/blog\/\",\"name\":\"Ag\u00eancia iNFRA\",\"description\":\"Multiplataforma de informa\u00e7\u00e3o jornal\u00edstica refer\u00eancia na \u00e1rea de infraestrutura no Brasil!\",\"publisher\":{\"@id\":\"https:\/\/agenciainfra.com\/blog\/#organization\"},\"potentialAction\":[{\"@type\":\"SearchAction\",\"target\":{\"@type\":\"EntryPoint\",\"urlTemplate\":\"https:\/\/agenciainfra.com\/blog\/?s={search_term_string}\"},\"query-input\":{\"@type\":\"PropertyValueSpecification\",\"valueRequired\":true,\"valueName\":\"search_term_string\"}}],\"inLanguage\":\"pt-BR\"},{\"@type\":\"Organization\",\"@id\":\"https:\/\/agenciainfra.com\/blog\/#organization\",\"name\":\"Ag\u00eancia iNFRA\",\"url\":\"https:\/\/agenciainfra.com\/blog\/\",\"logo\":{\"@type\":\"ImageObject\",\"inLanguage\":\"pt-BR\",\"@id\":\"https:\/\/agenciainfra.com\/blog\/#\/schema\/logo\/image\/\",\"url\":\"https:\/\/agenciainfra.com\/blog\/wp-content\/uploads\/2023\/09\/iNFRA_5-e1761735885940.png\",\"contentUrl\":\"https:\/\/agenciainfra.com\/blog\/wp-content\/uploads\/2023\/09\/iNFRA_5-e1761735885940.png\",\"width\":1672,\"height\":454,\"caption\":\"Ag\u00eancia iNFRA\"},\"image\":{\"@id\":\"https:\/\/agenciainfra.com\/blog\/#\/schema\/logo\/image\/\"},\"sameAs\":[\"https:\/\/www.facebook.com\/ageninfra\",\"https:\/\/x.com\/agencia_infra\",\"https:\/\/www.linkedin.com\/company\/ag\u00eanciainfra\/\",\"https:\/\/www.instagram.com\/agenciainfra\/\"]},{\"@type\":\"Person\",\"@id\":\"https:\/\/agenciainfra.com\/blog\/#\/schema\/person\/04dbb79bd6d8951f063da71f3e4c1eb1\",\"name\":\"Rodrigo Zuquim\",\"image\":{\"@type\":\"ImageObject\",\"inLanguage\":\"pt-BR\",\"@id\":\"https:\/\/agenciainfra.com\/blog\/#\/schema\/person\/image\/\",\"url\":\"https:\/\/secure.gravatar.com\/avatar\/594abfe82761d620726242ff34ca472a705a4b97f16c790053a6b4c4035274d0?s=96&d=mm&r=g\",\"contentUrl\":\"https:\/\/secure.gravatar.com\/avatar\/594abfe82761d620726242ff34ca472a705a4b97f16c790053a6b4c4035274d0?s=96&d=mm&r=g\",\"caption\":\"Rodrigo Zuquim\"},\"url\":\"https:\/\/agenciainfra.com\/blog\/author\/rodrigo-zuquim\/\"}]}<\/script>\n<!-- \/ Yoast SEO Premium plugin. -->","yoast_head_json":{"title":"Diretor da ANTAQ defende atua\u00e7\u00e3o da ag\u00eancia s\u00f3 em caso de abuso na cobran\u00e7a de escaneamento - Ag\u00eancia iNFRA","robots":{"index":"index","follow":"follow","max-snippet":"max-snippet:-1","max-image-preview":"max-image-preview:large","max-video-preview":"max-video-preview:-1"},"canonical":"https:\/\/agenciainfra.com\/blog\/diretor-da-antaq-defende-atuacao-da-agencia-so-em-caso-de-abuso-na-cobranca-de-escaneamento\/","og_locale":"pt_BR","og_type":"article","og_title":"Diretor da ANTAQ defende atua\u00e7\u00e3o da ag\u00eancia s\u00f3 em caso de abuso na cobran\u00e7a de escaneamento","og_description":"da Ag\u00eancia iNFRA O diretor da ANTAQ (Ag\u00eancia Nacional de Transportes Aquavi\u00e1rios) Adalberto Tokarksi afirmou que vai defender, no caso da cobran\u00e7a de escaneamento de cont\u00eaineres, que a ag\u00eancia permita a cobran\u00e7a e atue apenas nos casos de abusividade. A declara\u00e7\u00e3o foi dada por ele na mais recente reuni\u00e3o da CTLog (C\u00e2mara T\u00e9cnica de Log\u00edstica) [&hellip;]","og_url":"https:\/\/agenciainfra.com\/blog\/diretor-da-antaq-defende-atuacao-da-agencia-so-em-caso-de-abuso-na-cobranca-de-escaneamento\/","og_site_name":"Ag\u00eancia iNFRA","article_publisher":"https:\/\/www.facebook.com\/ageninfra","article_published_time":"2019-05-04T07:00:14+00:00","og_image":[{"width":1280,"height":720,"url":"https:\/\/agenciainfra.com\/blog\/wp-content\/uploads\/2019\/03\/conteineres-jessica-lima-suape.jpg","type":"image\/jpeg"}],"author":"Rodrigo Zuquim","twitter_card":"summary_large_image","twitter_creator":"@agencia_infra","twitter_site":"@agencia_infra","twitter_misc":{"Escrito por":"Rodrigo Zuquim","Est. tempo de leitura":"3 minutos"},"schema":{"@context":"https:\/\/schema.org","@graph":[{"@type":"Article","@id":"https:\/\/agenciainfra.com\/blog\/diretor-da-antaq-defende-atuacao-da-agencia-so-em-caso-de-abuso-na-cobranca-de-escaneamento\/#article","isPartOf":{"@id":"https:\/\/agenciainfra.com\/blog\/diretor-da-antaq-defende-atuacao-da-agencia-so-em-caso-de-abuso-na-cobranca-de-escaneamento\/"},"author":{"name":"Rodrigo Zuquim","@id":"https:\/\/agenciainfra.com\/blog\/#\/schema\/person\/04dbb79bd6d8951f063da71f3e4c1eb1"},"headline":"Diretor da ANTAQ defende atua\u00e7\u00e3o da ag\u00eancia s\u00f3 em caso de abuso na cobran\u00e7a de escaneamento","datePublished":"2019-05-04T07:00:14+00:00","mainEntityOfPage":{"@id":"https:\/\/agenciainfra.com\/blog\/diretor-da-antaq-defende-atuacao-da-agencia-so-em-caso-de-abuso-na-cobranca-de-escaneamento\/"},"wordCount":680,"publisher":{"@id":"https:\/\/agenciainfra.com\/blog\/#organization"},"image":{"@id":"https:\/\/agenciainfra.com\/blog\/diretor-da-antaq-defende-atuacao-da-agencia-so-em-caso-de-abuso-na-cobranca-de-escaneamento\/#primaryimage"},"thumbnailUrl":"https:\/\/agenciainfra.com\/blog\/wp-content\/uploads\/2019\/03\/conteineres-jessica-lima-suape.jpg","keywords":["Adalberto Tokarski","ANTAQ","CTLog","escaneamento de cont\u00eaineres"],"articleSection":["iNFRATransporte"],"inLanguage":"pt-BR","copyrightYear":"2019","copyrightHolder":{"@id":"https:\/\/agenciainfra.com\/blog\/#organization"}},{"@type":"WebPage","@id":"https:\/\/agenciainfra.com\/blog\/diretor-da-antaq-defende-atuacao-da-agencia-so-em-caso-de-abuso-na-cobranca-de-escaneamento\/","url":"https:\/\/agenciainfra.com\/blog\/diretor-da-antaq-defende-atuacao-da-agencia-so-em-caso-de-abuso-na-cobranca-de-escaneamento\/","name":"Diretor da ANTAQ defende atua\u00e7\u00e3o da ag\u00eancia s\u00f3 em caso de abuso na cobran\u00e7a de escaneamento - Ag\u00eancia iNFRA","isPartOf":{"@id":"https:\/\/agenciainfra.com\/blog\/#website"},"primaryImageOfPage":{"@id":"https:\/\/agenciainfra.com\/blog\/diretor-da-antaq-defende-atuacao-da-agencia-so-em-caso-de-abuso-na-cobranca-de-escaneamento\/#primaryimage"},"image":{"@id":"https:\/\/agenciainfra.com\/blog\/diretor-da-antaq-defende-atuacao-da-agencia-so-em-caso-de-abuso-na-cobranca-de-escaneamento\/#primaryimage"},"thumbnailUrl":"https:\/\/agenciainfra.com\/blog\/wp-content\/uploads\/2019\/03\/conteineres-jessica-lima-suape.jpg","datePublished":"2019-05-04T07:00:14+00:00","breadcrumb":{"@id":"https:\/\/agenciainfra.com\/blog\/diretor-da-antaq-defende-atuacao-da-agencia-so-em-caso-de-abuso-na-cobranca-de-escaneamento\/#breadcrumb"},"inLanguage":"pt-BR","potentialAction":[{"@type":"ReadAction","target":["https:\/\/agenciainfra.com\/blog\/diretor-da-antaq-defende-atuacao-da-agencia-so-em-caso-de-abuso-na-cobranca-de-escaneamento\/"]}]},{"@type":"ImageObject","inLanguage":"pt-BR","@id":"https:\/\/agenciainfra.com\/blog\/diretor-da-antaq-defende-atuacao-da-agencia-so-em-caso-de-abuso-na-cobranca-de-escaneamento\/#primaryimage","url":"https:\/\/agenciainfra.com\/blog\/wp-content\/uploads\/2019\/03\/conteineres-jessica-lima-suape.jpg","contentUrl":"https:\/\/agenciainfra.com\/blog\/wp-content\/uploads\/2019\/03\/conteineres-jessica-lima-suape.jpg","width":1280,"height":720,"caption":"Foto: J\u00e9ssica Lima\/Porto de Suape"},{"@type":"BreadcrumbList","@id":"https:\/\/agenciainfra.com\/blog\/diretor-da-antaq-defende-atuacao-da-agencia-so-em-caso-de-abuso-na-cobranca-de-escaneamento\/#breadcrumb","itemListElement":[{"@type":"ListItem","position":1,"name":"In\u00edcio","item":"https:\/\/agenciainfra.com\/blog\/"},{"@type":"ListItem","position":2,"name":"Diretor da ANTAQ defende atua\u00e7\u00e3o da ag\u00eancia s\u00f3 em caso de abuso na cobran\u00e7a de escaneamento"}]},{"@type":"WebSite","@id":"https:\/\/agenciainfra.com\/blog\/#website","url":"https:\/\/agenciainfra.com\/blog\/","name":"Ag\u00eancia iNFRA","description":"Multiplataforma de informa\u00e7\u00e3o jornal\u00edstica refer\u00eancia na \u00e1rea de infraestrutura no Brasil!","publisher":{"@id":"https:\/\/agenciainfra.com\/blog\/#organization"},"potentialAction":[{"@type":"SearchAction","target":{"@type":"EntryPoint","urlTemplate":"https:\/\/agenciainfra.com\/blog\/?s={search_term_string}"},"query-input":{"@type":"PropertyValueSpecification","valueRequired":true,"valueName":"search_term_string"}}],"inLanguage":"pt-BR"},{"@type":"Organization","@id":"https:\/\/agenciainfra.com\/blog\/#organization","name":"Ag\u00eancia iNFRA","url":"https:\/\/agenciainfra.com\/blog\/","logo":{"@type":"ImageObject","inLanguage":"pt-BR","@id":"https:\/\/agenciainfra.com\/blog\/#\/schema\/logo\/image\/","url":"https:\/\/agenciainfra.com\/blog\/wp-content\/uploads\/2023\/09\/iNFRA_5-e1761735885940.png","contentUrl":"https:\/\/agenciainfra.com\/blog\/wp-content\/uploads\/2023\/09\/iNFRA_5-e1761735885940.png","width":1672,"height":454,"caption":"Ag\u00eancia iNFRA"},"image":{"@id":"https:\/\/agenciainfra.com\/blog\/#\/schema\/logo\/image\/"},"sameAs":["https:\/\/www.facebook.com\/ageninfra","https:\/\/x.com\/agencia_infra","https:\/\/www.linkedin.com\/company\/ag\u00eanciainfra\/","https:\/\/www.instagram.com\/agenciainfra\/"]},{"@type":"Person","@id":"https:\/\/agenciainfra.com\/blog\/#\/schema\/person\/04dbb79bd6d8951f063da71f3e4c1eb1","name":"Rodrigo Zuquim","image":{"@type":"ImageObject","inLanguage":"pt-BR","@id":"https:\/\/agenciainfra.com\/blog\/#\/schema\/person\/image\/","url":"https:\/\/secure.gravatar.com\/avatar\/594abfe82761d620726242ff34ca472a705a4b97f16c790053a6b4c4035274d0?s=96&d=mm&r=g","contentUrl":"https:\/\/secure.gravatar.com\/avatar\/594abfe82761d620726242ff34ca472a705a4b97f16c790053a6b4c4035274d0?s=96&d=mm&r=g","caption":"Rodrigo Zuquim"},"url":"https:\/\/agenciainfra.com\/blog\/author\/rodrigo-zuquim\/"}]}},"_links":{"self":[{"href":"https:\/\/agenciainfra.com\/blog\/wp-json\/wp\/v2\/posts\/3133","targetHints":{"allow":["GET"]}}],"collection":[{"href":"https:\/\/agenciainfra.com\/blog\/wp-json\/wp\/v2\/posts"}],"about":[{"href":"https:\/\/agenciainfra.com\/blog\/wp-json\/wp\/v2\/types\/post"}],"author":[{"embeddable":true,"href":"https:\/\/agenciainfra.com\/blog\/wp-json\/wp\/v2\/users\/9"}],"replies":[{"embeddable":true,"href":"https:\/\/agenciainfra.com\/blog\/wp-json\/wp\/v2\/comments?post=3133"}],"version-history":[{"count":0,"href":"https:\/\/agenciainfra.com\/blog\/wp-json\/wp\/v2\/posts\/3133\/revisions"}],"wp:featuredmedia":[{"embeddable":true,"href":"https:\/\/agenciainfra.com\/blog\/wp-json\/wp\/v2\/media\/3016"}],"wp:attachment":[{"href":"https:\/\/agenciainfra.com\/blog\/wp-json\/wp\/v2\/media?parent=3133"}],"wp:term":[{"taxonomy":"category","embeddable":true,"href":"https:\/\/agenciainfra.com\/blog\/wp-json\/wp\/v2\/categories?post=3133"},{"taxonomy":"post_tag","embeddable":true,"href":"https:\/\/agenciainfra.com\/blog\/wp-json\/wp\/v2\/tags?post=3133"}],"curies":[{"name":"wp","href":"https:\/\/api.w.org\/{rel}","templated":true}]}}