{"id":31342,"date":"2025-11-03T12:00:00","date_gmt":"2025-11-03T15:00:00","guid":{"rendered":"https:\/\/agenciainfra.com\/blog\/?p=31342"},"modified":"2025-11-04T13:34:35","modified_gmt":"2025-11-04T16:34:35","slug":"advogado-apoiado-por-hugo-motta-e-indicado-para-diretoria-da-antt","status":"publish","type":"post","link":"https:\/\/agenciainfra.com\/blog\/advogado-apoiado-por-hugo-motta-e-indicado-para-diretoria-da-antt\/","title":{"rendered":"Advogado apoiado por Hugo Motta \u00e9 indicado para diretoria da ANTT"},"content":{"rendered":"\n<p class=\"has-text-align-right\"><strong>da Ag\u00eancia iNFRA<\/strong><\/p>\n\n\n\n<p>O governo federal indicou o advogado paraibano Severino Medeiros Ramos Neto para a vaga em aberto na diretoria da ANTT (Ag\u00eancia Nacional de Transportes Terrestres). A indica\u00e7\u00e3o foi publicada em edi\u00e7\u00e3o extra do Di\u00e1rio Oficial da Uni\u00e3o na sexta-feira (31) e pode ser vista\u00a0<a href=\"https:\/\/agenciainfra.us14.list-manage.com\/track\/click?u=d460dd1bcf9ba0ae040e1fc0f&amp;id=48950a8791&amp;e=1192c754bc\" target=\"_blank\" rel=\"noreferrer noopener\">neste link<\/a>.<br><br>Segundo apurou a\u00a0<strong>Ag\u00eancia iNFRA<\/strong>, o nome de Severino Neto foi acertado ainda durante as negocia\u00e7\u00f5es do pacote de sabatinas para ag\u00eancias reguladoras em agosto. O padrinho pol\u00edtico do indicado \u00e9 o presidente da C\u00e2mara dos Deputados, Hugo Motta (Republicanos-PB), com quem o indicado tem proximidade.<br><br>Segundo curr\u00edculo Lattes, o cotado para integrar a ANTT diz ter experi\u00eancia em direito p\u00fablico, nas \u00e1reas do direito administrativo, direito tribut\u00e1rio, gest\u00e3o p\u00fablica e ag\u00eancias reguladoras. Afirma ainda atuar na recupera\u00e7\u00e3o de cr\u00e9ditos de diversas empresas e entes p\u00fablicos em todo o Brasil, incluindo entidades do Sistema S.<br><br>\u201cAtua [&#8230;] na via administrativa, junto aos Tribunais de Contas Estaduais e do Tribunal de Contas da Uni\u00e3o, na via judicial em Tribunais de Justi\u00e7a e Tribunais Regionais dos mais diversos estados brasileiros, e ainda nos Tribunais Superiores com sede no Distrito Federal\u201d, informa o advogado, s\u00f3cio do Escrit\u00f3rio de Advocacia e Consultoria Severino Medeiros.<br><br>O nome de Severino Neto aparece na lista de doadores na campanha de Motta a deputado federal em 2022, de acordo com o site de Divulga\u00e7\u00e3o de Candidaturas e Contas Eleitorais do TSE (Tribunal Superior Eleitoral). A reportagem procurou a assessoria de imprensa de Motta, mas n\u00e3o obteve retorno.<br><br>A diretoria da ANTT foi recentemente renovada com a aprova\u00e7\u00e3o de Guilherme Sampaio para diretor-geral da ag\u00eancia. Antes, ele j\u00e1 era diretor, e o deslocamento para a vaga de DG abriu uma nova cadeira para indica\u00e7\u00e3o pelo governo Lula com mandato at\u00e9 18 de fevereiro de 2026, quando se encerraria o mandato anterior de Sampaio.<br><br>Atualmente, al\u00e9m de Guilherme Sampaio, a diretoria \u00e9 composta pelos diretores titulares Felipe Queiroz, Alex de Azevedo Cruz e Lucas Asfor. Superintendente no \u00f3rg\u00e3o, Jos\u00e9 Aires Amaral Filho ocupa interinamente a cadeira em aberto.<br><br><strong>Mais vagas<\/strong><br>Outras vagas devem ser abertas nos pr\u00f3ximos meses nas outras ag\u00eancias reguladoras de transporte, e tamb\u00e9m de saneamento. No caso da ANAC (Ag\u00eancia Nacional de Avia\u00e7\u00e3o Civil), os mandatos de Tiago Pereira e de Luiz Ricardo de Souza Nascimento terminar\u00e3o\u00a0em mar\u00e7o do pr\u00f3ximo ano.<br><br>O atual secret\u00e1rio-executivo do MPor (Minist\u00e9rio de Portos e Aeroportos), Tom\u00e9 Franca, \u00e9 um nome que circula como poss\u00edvel indicado para uma das vagas. Nos bastidores, por sua vez, tem sinalizado ser um desejo do ministro Silvio Costa Filho que ele permane\u00e7a no time do MPor.<br><br>Costa Filho vai deixar o cargo em abril para disputar as elei\u00e7\u00f5es do pr\u00f3ximo ano. Um dos principais cotados para ser seu sucessor \u00e9 o atual presidente da APS (Autoridade Portu\u00e1ria de Santos), Anderson Pomini.<br><br>Aprovado nas sabatinas de agosto, o novo comando da ANAC \u00e9 ocupado por Tiago Faierstein, indica\u00e7\u00e3o de que teve apoio de Motta. Os outros novos diretores s\u00e3o Rui Mesquita e Ant\u00f4nio Mathias Nogueira Moreira.<br><br>Na ANTAQ (Ag\u00eancia Nacional de Transportes Aquavi\u00e1rios), o mandato mais pr\u00f3ximo de acabar \u00e9 de Fl\u00e1via Takafashi, que \u00e9 servidora p\u00fablica federal da carreira de especialista em Regula\u00e7\u00e3o de Transportes Aquavi\u00e1rios do \u00f3rg\u00e3o regulador. Ela fica na diretoria da ag\u00eancia at\u00e9 18 de fevereiro. A ANTAQ tamb\u00e9m teve nova diretoria-geral aprovada em agosto, ocupada por Frederico Dias.<br><br>J\u00e1 na ANA (Ag\u00eancia Nacional de \u00c1guas e Saneamento B\u00e1sico), a vaga que ser\u00e1 aberta em breve \u00e9 a da presid\u00eancia. Veronica S\u00e1nchez fica no cargo at\u00e9 15 de janeiro. Nas sabatinas realizadas recentemente, tr\u00eas novos diretores da ag\u00eancia foram chancelados pelo Senado: Larissa Oliveira R\u00eago, Cristiane Collet Battiston e Leonardo G\u00f3es Silva.<\/p>\n","protected":false},"excerpt":{"rendered":"<p>da Ag\u00eancia iNFRA O governo federal indicou o advogado paraibano Severino Medeiros Ramos Neto para a vaga em aberto na diretoria da ANTT (Ag\u00eancia Nacional de Transportes Terrestres). A indica\u00e7\u00e3o foi publicada em edi\u00e7\u00e3o extra do Di\u00e1rio Oficial da Uni\u00e3o na sexta-feira (31) e pode ser vista\u00a0neste link. Segundo apurou a\u00a0Ag\u00eancia iNFRA, o nome de [&hellip;]<\/p>\n","protected":false},"author":1,"featured_media":31343,"comment_status":"closed","ping_status":"closed","sticky":false,"template":"","format":"standard","meta":{"_monsterinsights_skip_tracking":false,"_monsterinsights_sitenote_active":false,"_monsterinsights_sitenote_note":"","_monsterinsights_sitenote_category":0,"footnotes":""},"categories":[7250,7],"tags":[72,19,11944,2415,16657],"class_list":["post-31342","post","type-post","status-publish","format-standard","has-post-thumbnail","hentry","category-destaque-lista","category-infratransporte","tag-agencia-reguladora","tag-antt","tag-diretoria-da-antt","tag-hugo-motta","tag-severino-medeiros-ramos-neto"],"yoast_head":"<!-- This site is optimized with the Yoast SEO Premium plugin v25.4 (Yoast SEO v26.0) - https:\/\/yoast.com\/wordpress\/plugins\/seo\/ -->\n<title>Advogado apoiado por Hugo Motta \u00e9 indicado para diretoria da ANTT - Ag\u00eancia iNFRA<\/title>\n<meta name=\"robots\" content=\"index, follow, max-snippet:-1, max-image-preview:large, max-video-preview:-1\" \/>\n<link rel=\"canonical\" href=\"https:\/\/agenciainfra.com\/blog\/advogado-apoiado-por-hugo-motta-e-indicado-para-diretoria-da-antt\/\" \/>\n<meta property=\"og:locale\" content=\"pt_BR\" \/>\n<meta property=\"og:type\" content=\"article\" \/>\n<meta property=\"og:title\" content=\"Advogado apoiado por Hugo Motta \u00e9 indicado para diretoria da ANTT\" \/>\n<meta property=\"og:description\" content=\"da Ag\u00eancia iNFRA O governo federal indicou o advogado paraibano Severino Medeiros Ramos Neto para a vaga em aberto na diretoria da ANTT (Ag\u00eancia Nacional de Transportes Terrestres). A indica\u00e7\u00e3o foi publicada em edi\u00e7\u00e3o extra do Di\u00e1rio Oficial da Uni\u00e3o na sexta-feira (31) e pode ser vista\u00a0neste link. Segundo apurou a\u00a0Ag\u00eancia iNFRA, o nome de [&hellip;]\" \/>\n<meta property=\"og:url\" content=\"https:\/\/agenciainfra.com\/blog\/advogado-apoiado-por-hugo-motta-e-indicado-para-diretoria-da-antt\/\" \/>\n<meta property=\"og:site_name\" content=\"Ag\u00eancia iNFRA\" \/>\n<meta property=\"article:publisher\" content=\"https:\/\/www.facebook.com\/ageninfra\" \/>\n<meta property=\"article:published_time\" content=\"2025-11-03T15:00:00+00:00\" \/>\n<meta property=\"article:modified_time\" content=\"2025-11-04T16:34:35+00:00\" \/>\n<meta property=\"og:image\" content=\"https:\/\/agenciainfra.com\/blog\/wp-content\/uploads\/2025\/11\/Severino-Medeiros-Ramos-Neto-foto-divulgacao-e1762170511575.jpg\" \/>\n\t<meta property=\"og:image:width\" content=\"1280\" \/>\n\t<meta property=\"og:image:height\" content=\"747\" \/>\n\t<meta property=\"og:image:type\" content=\"image\/jpeg\" \/>\n<meta name=\"author\" content=\"Ag\u00eancia iNFRA\" \/>\n<meta name=\"twitter:card\" content=\"summary_large_image\" \/>\n<meta name=\"twitter:creator\" content=\"@agencia_infra\" \/>\n<meta name=\"twitter:site\" content=\"@agencia_infra\" \/>\n<meta name=\"twitter:label1\" content=\"Escrito por\" \/>\n\t<meta name=\"twitter:data1\" content=\"Ag\u00eancia iNFRA\" \/>\n\t<meta name=\"twitter:label2\" content=\"Est. tempo de leitura\" \/>\n\t<meta name=\"twitter:data2\" content=\"3 minutos\" \/>\n<script type=\"application\/ld+json\" class=\"yoast-schema-graph\">{\"@context\":\"https:\/\/schema.org\",\"@graph\":[{\"@type\":\"Article\",\"@id\":\"https:\/\/agenciainfra.com\/blog\/advogado-apoiado-por-hugo-motta-e-indicado-para-diretoria-da-antt\/#article\",\"isPartOf\":{\"@id\":\"https:\/\/agenciainfra.com\/blog\/advogado-apoiado-por-hugo-motta-e-indicado-para-diretoria-da-antt\/\"},\"author\":{\"name\":\"Ag\u00eancia iNFRA\",\"@id\":\"https:\/\/agenciainfra.com\/blog\/#\/schema\/person\/34af08dff6adea4cb22b06612ba7acfa\"},\"headline\":\"Advogado apoiado por Hugo Motta \u00e9 indicado para diretoria da ANTT\",\"datePublished\":\"2025-11-03T15:00:00+00:00\",\"dateModified\":\"2025-11-04T16:34:35+00:00\",\"mainEntityOfPage\":{\"@id\":\"https:\/\/agenciainfra.com\/blog\/advogado-apoiado-por-hugo-motta-e-indicado-para-diretoria-da-antt\/\"},\"wordCount\":672,\"publisher\":{\"@id\":\"https:\/\/agenciainfra.com\/blog\/#organization\"},\"image\":{\"@id\":\"https:\/\/agenciainfra.com\/blog\/advogado-apoiado-por-hugo-motta-e-indicado-para-diretoria-da-antt\/#primaryimage\"},\"thumbnailUrl\":\"https:\/\/agenciainfra.com\/blog\/wp-content\/uploads\/2025\/11\/Severino-Medeiros-Ramos-Neto-foto-divulgacao-e1762170511575.jpg\",\"keywords\":[\"ag\u00eancia reguladora\",\"ANTT\",\"diretoria da antt\",\"Hugo Motta\",\"Severino Medeiros Ramos Neto\"],\"articleSection\":[\"Destaque lista\",\"iNFRATransporte\"],\"inLanguage\":\"pt-BR\",\"copyrightYear\":\"2025\",\"copyrightHolder\":{\"@id\":\"https:\/\/agenciainfra.com\/blog\/#organization\"}},{\"@type\":\"WebPage\",\"@id\":\"https:\/\/agenciainfra.com\/blog\/advogado-apoiado-por-hugo-motta-e-indicado-para-diretoria-da-antt\/\",\"url\":\"https:\/\/agenciainfra.com\/blog\/advogado-apoiado-por-hugo-motta-e-indicado-para-diretoria-da-antt\/\",\"name\":\"Advogado apoiado por Hugo Motta \u00e9 indicado para diretoria da ANTT - Ag\u00eancia iNFRA\",\"isPartOf\":{\"@id\":\"https:\/\/agenciainfra.com\/blog\/#website\"},\"primaryImageOfPage\":{\"@id\":\"https:\/\/agenciainfra.com\/blog\/advogado-apoiado-por-hugo-motta-e-indicado-para-diretoria-da-antt\/#primaryimage\"},\"image\":{\"@id\":\"https:\/\/agenciainfra.com\/blog\/advogado-apoiado-por-hugo-motta-e-indicado-para-diretoria-da-antt\/#primaryimage\"},\"thumbnailUrl\":\"https:\/\/agenciainfra.com\/blog\/wp-content\/uploads\/2025\/11\/Severino-Medeiros-Ramos-Neto-foto-divulgacao-e1762170511575.jpg\",\"datePublished\":\"2025-11-03T15:00:00+00:00\",\"dateModified\":\"2025-11-04T16:34:35+00:00\",\"breadcrumb\":{\"@id\":\"https:\/\/agenciainfra.com\/blog\/advogado-apoiado-por-hugo-motta-e-indicado-para-diretoria-da-antt\/#breadcrumb\"},\"inLanguage\":\"pt-BR\",\"potentialAction\":[{\"@type\":\"ReadAction\",\"target\":[\"https:\/\/agenciainfra.com\/blog\/advogado-apoiado-por-hugo-motta-e-indicado-para-diretoria-da-antt\/\"]}]},{\"@type\":\"ImageObject\",\"inLanguage\":\"pt-BR\",\"@id\":\"https:\/\/agenciainfra.com\/blog\/advogado-apoiado-por-hugo-motta-e-indicado-para-diretoria-da-antt\/#primaryimage\",\"url\":\"https:\/\/agenciainfra.com\/blog\/wp-content\/uploads\/2025\/11\/Severino-Medeiros-Ramos-Neto-foto-divulgacao-e1762170511575.jpg\",\"contentUrl\":\"https:\/\/agenciainfra.com\/blog\/wp-content\/uploads\/2025\/11\/Severino-Medeiros-Ramos-Neto-foto-divulgacao-e1762170511575.jpg\",\"width\":1280,\"height\":747,\"caption\":\"Foto: Divulga\u00e7\u00e3o\"},{\"@type\":\"BreadcrumbList\",\"@id\":\"https:\/\/agenciainfra.com\/blog\/advogado-apoiado-por-hugo-motta-e-indicado-para-diretoria-da-antt\/#breadcrumb\",\"itemListElement\":[{\"@type\":\"ListItem\",\"position\":1,\"name\":\"In\u00edcio\",\"item\":\"https:\/\/agenciainfra.com\/blog\/\"},{\"@type\":\"ListItem\",\"position\":2,\"name\":\"Advogado apoiado por Hugo Motta \u00e9 indicado para diretoria da ANTT\"}]},{\"@type\":\"WebSite\",\"@id\":\"https:\/\/agenciainfra.com\/blog\/#website\",\"url\":\"https:\/\/agenciainfra.com\/blog\/\",\"name\":\"Ag\u00eancia iNFRA\",\"description\":\"Multiplataforma de informa\u00e7\u00e3o jornal\u00edstica refer\u00eancia na \u00e1rea de infraestrutura no Brasil!\",\"publisher\":{\"@id\":\"https:\/\/agenciainfra.com\/blog\/#organization\"},\"potentialAction\":[{\"@type\":\"SearchAction\",\"target\":{\"@type\":\"EntryPoint\",\"urlTemplate\":\"https:\/\/agenciainfra.com\/blog\/?s={search_term_string}\"},\"query-input\":{\"@type\":\"PropertyValueSpecification\",\"valueRequired\":true,\"valueName\":\"search_term_string\"}}],\"inLanguage\":\"pt-BR\"},{\"@type\":\"Organization\",\"@id\":\"https:\/\/agenciainfra.com\/blog\/#organization\",\"name\":\"Ag\u00eancia iNFRA\",\"url\":\"https:\/\/agenciainfra.com\/blog\/\",\"logo\":{\"@type\":\"ImageObject\",\"inLanguage\":\"pt-BR\",\"@id\":\"https:\/\/agenciainfra.com\/blog\/#\/schema\/logo\/image\/\",\"url\":\"https:\/\/agenciainfra.com\/blog\/wp-content\/uploads\/2023\/09\/iNFRA_5-e1761735885940.png\",\"contentUrl\":\"https:\/\/agenciainfra.com\/blog\/wp-content\/uploads\/2023\/09\/iNFRA_5-e1761735885940.png\",\"width\":1672,\"height\":454,\"caption\":\"Ag\u00eancia iNFRA\"},\"image\":{\"@id\":\"https:\/\/agenciainfra.com\/blog\/#\/schema\/logo\/image\/\"},\"sameAs\":[\"https:\/\/www.facebook.com\/ageninfra\",\"https:\/\/x.com\/agencia_infra\",\"https:\/\/www.linkedin.com\/company\/ag\u00eanciainfra\/\",\"https:\/\/www.instagram.com\/agenciainfra\/\"]},{\"@type\":\"Person\",\"@id\":\"https:\/\/agenciainfra.com\/blog\/#\/schema\/person\/34af08dff6adea4cb22b06612ba7acfa\",\"name\":\"Ag\u00eancia iNFRA\",\"image\":{\"@type\":\"ImageObject\",\"inLanguage\":\"pt-BR\",\"@id\":\"https:\/\/agenciainfra.com\/blog\/#\/schema\/person\/image\/\",\"url\":\"https:\/\/secure.gravatar.com\/avatar\/d189e01678f06d8eb84d4e01f08eb848b3fffe3f8443818d3c356c66892f5be8?s=96&d=mm&r=g\",\"contentUrl\":\"https:\/\/secure.gravatar.com\/avatar\/d189e01678f06d8eb84d4e01f08eb848b3fffe3f8443818d3c356c66892f5be8?s=96&d=mm&r=g\",\"caption\":\"Ag\u00eancia iNFRA\"},\"url\":\"https:\/\/agenciainfra.com\/blog\/author\/admin\/\"}]}<\/script>\n<!-- \/ Yoast SEO Premium plugin. -->","yoast_head_json":{"title":"Advogado apoiado por Hugo Motta \u00e9 indicado para diretoria da ANTT - Ag\u00eancia iNFRA","robots":{"index":"index","follow":"follow","max-snippet":"max-snippet:-1","max-image-preview":"max-image-preview:large","max-video-preview":"max-video-preview:-1"},"canonical":"https:\/\/agenciainfra.com\/blog\/advogado-apoiado-por-hugo-motta-e-indicado-para-diretoria-da-antt\/","og_locale":"pt_BR","og_type":"article","og_title":"Advogado apoiado por Hugo Motta \u00e9 indicado para diretoria da ANTT","og_description":"da Ag\u00eancia iNFRA O governo federal indicou o advogado paraibano Severino Medeiros Ramos Neto para a vaga em aberto na diretoria da ANTT (Ag\u00eancia Nacional de Transportes Terrestres). A indica\u00e7\u00e3o foi publicada em edi\u00e7\u00e3o extra do Di\u00e1rio Oficial da Uni\u00e3o na sexta-feira (31) e pode ser vista\u00a0neste link. Segundo apurou a\u00a0Ag\u00eancia iNFRA, o nome de [&hellip;]","og_url":"https:\/\/agenciainfra.com\/blog\/advogado-apoiado-por-hugo-motta-e-indicado-para-diretoria-da-antt\/","og_site_name":"Ag\u00eancia iNFRA","article_publisher":"https:\/\/www.facebook.com\/ageninfra","article_published_time":"2025-11-03T15:00:00+00:00","article_modified_time":"2025-11-04T16:34:35+00:00","og_image":[{"width":1280,"height":747,"url":"https:\/\/agenciainfra.com\/blog\/wp-content\/uploads\/2025\/11\/Severino-Medeiros-Ramos-Neto-foto-divulgacao-e1762170511575.jpg","type":"image\/jpeg"}],"author":"Ag\u00eancia iNFRA","twitter_card":"summary_large_image","twitter_creator":"@agencia_infra","twitter_site":"@agencia_infra","twitter_misc":{"Escrito por":"Ag\u00eancia iNFRA","Est. tempo de leitura":"3 minutos"},"schema":{"@context":"https:\/\/schema.org","@graph":[{"@type":"Article","@id":"https:\/\/agenciainfra.com\/blog\/advogado-apoiado-por-hugo-motta-e-indicado-para-diretoria-da-antt\/#article","isPartOf":{"@id":"https:\/\/agenciainfra.com\/blog\/advogado-apoiado-por-hugo-motta-e-indicado-para-diretoria-da-antt\/"},"author":{"name":"Ag\u00eancia iNFRA","@id":"https:\/\/agenciainfra.com\/blog\/#\/schema\/person\/34af08dff6adea4cb22b06612ba7acfa"},"headline":"Advogado apoiado por Hugo Motta \u00e9 indicado para diretoria da ANTT","datePublished":"2025-11-03T15:00:00+00:00","dateModified":"2025-11-04T16:34:35+00:00","mainEntityOfPage":{"@id":"https:\/\/agenciainfra.com\/blog\/advogado-apoiado-por-hugo-motta-e-indicado-para-diretoria-da-antt\/"},"wordCount":672,"publisher":{"@id":"https:\/\/agenciainfra.com\/blog\/#organization"},"image":{"@id":"https:\/\/agenciainfra.com\/blog\/advogado-apoiado-por-hugo-motta-e-indicado-para-diretoria-da-antt\/#primaryimage"},"thumbnailUrl":"https:\/\/agenciainfra.com\/blog\/wp-content\/uploads\/2025\/11\/Severino-Medeiros-Ramos-Neto-foto-divulgacao-e1762170511575.jpg","keywords":["ag\u00eancia reguladora","ANTT","diretoria da antt","Hugo Motta","Severino Medeiros Ramos Neto"],"articleSection":["Destaque lista","iNFRATransporte"],"inLanguage":"pt-BR","copyrightYear":"2025","copyrightHolder":{"@id":"https:\/\/agenciainfra.com\/blog\/#organization"}},{"@type":"WebPage","@id":"https:\/\/agenciainfra.com\/blog\/advogado-apoiado-por-hugo-motta-e-indicado-para-diretoria-da-antt\/","url":"https:\/\/agenciainfra.com\/blog\/advogado-apoiado-por-hugo-motta-e-indicado-para-diretoria-da-antt\/","name":"Advogado apoiado por Hugo Motta \u00e9 indicado para diretoria da ANTT - Ag\u00eancia iNFRA","isPartOf":{"@id":"https:\/\/agenciainfra.com\/blog\/#website"},"primaryImageOfPage":{"@id":"https:\/\/agenciainfra.com\/blog\/advogado-apoiado-por-hugo-motta-e-indicado-para-diretoria-da-antt\/#primaryimage"},"image":{"@id":"https:\/\/agenciainfra.com\/blog\/advogado-apoiado-por-hugo-motta-e-indicado-para-diretoria-da-antt\/#primaryimage"},"thumbnailUrl":"https:\/\/agenciainfra.com\/blog\/wp-content\/uploads\/2025\/11\/Severino-Medeiros-Ramos-Neto-foto-divulgacao-e1762170511575.jpg","datePublished":"2025-11-03T15:00:00+00:00","dateModified":"2025-11-04T16:34:35+00:00","breadcrumb":{"@id":"https:\/\/agenciainfra.com\/blog\/advogado-apoiado-por-hugo-motta-e-indicado-para-diretoria-da-antt\/#breadcrumb"},"inLanguage":"pt-BR","potentialAction":[{"@type":"ReadAction","target":["https:\/\/agenciainfra.com\/blog\/advogado-apoiado-por-hugo-motta-e-indicado-para-diretoria-da-antt\/"]}]},{"@type":"ImageObject","inLanguage":"pt-BR","@id":"https:\/\/agenciainfra.com\/blog\/advogado-apoiado-por-hugo-motta-e-indicado-para-diretoria-da-antt\/#primaryimage","url":"https:\/\/agenciainfra.com\/blog\/wp-content\/uploads\/2025\/11\/Severino-Medeiros-Ramos-Neto-foto-divulgacao-e1762170511575.jpg","contentUrl":"https:\/\/agenciainfra.com\/blog\/wp-content\/uploads\/2025\/11\/Severino-Medeiros-Ramos-Neto-foto-divulgacao-e1762170511575.jpg","width":1280,"height":747,"caption":"Foto: Divulga\u00e7\u00e3o"},{"@type":"BreadcrumbList","@id":"https:\/\/agenciainfra.com\/blog\/advogado-apoiado-por-hugo-motta-e-indicado-para-diretoria-da-antt\/#breadcrumb","itemListElement":[{"@type":"ListItem","position":1,"name":"In\u00edcio","item":"https:\/\/agenciainfra.com\/blog\/"},{"@type":"ListItem","position":2,"name":"Advogado apoiado por Hugo Motta \u00e9 indicado para diretoria da ANTT"}]},{"@type":"WebSite","@id":"https:\/\/agenciainfra.com\/blog\/#website","url":"https:\/\/agenciainfra.com\/blog\/","name":"Ag\u00eancia iNFRA","description":"Multiplataforma de informa\u00e7\u00e3o jornal\u00edstica refer\u00eancia na \u00e1rea de infraestrutura no Brasil!","publisher":{"@id":"https:\/\/agenciainfra.com\/blog\/#organization"},"potentialAction":[{"@type":"SearchAction","target":{"@type":"EntryPoint","urlTemplate":"https:\/\/agenciainfra.com\/blog\/?s={search_term_string}"},"query-input":{"@type":"PropertyValueSpecification","valueRequired":true,"valueName":"search_term_string"}}],"inLanguage":"pt-BR"},{"@type":"Organization","@id":"https:\/\/agenciainfra.com\/blog\/#organization","name":"Ag\u00eancia iNFRA","url":"https:\/\/agenciainfra.com\/blog\/","logo":{"@type":"ImageObject","inLanguage":"pt-BR","@id":"https:\/\/agenciainfra.com\/blog\/#\/schema\/logo\/image\/","url":"https:\/\/agenciainfra.com\/blog\/wp-content\/uploads\/2023\/09\/iNFRA_5-e1761735885940.png","contentUrl":"https:\/\/agenciainfra.com\/blog\/wp-content\/uploads\/2023\/09\/iNFRA_5-e1761735885940.png","width":1672,"height":454,"caption":"Ag\u00eancia iNFRA"},"image":{"@id":"https:\/\/agenciainfra.com\/blog\/#\/schema\/logo\/image\/"},"sameAs":["https:\/\/www.facebook.com\/ageninfra","https:\/\/x.com\/agencia_infra","https:\/\/www.linkedin.com\/company\/ag\u00eanciainfra\/","https:\/\/www.instagram.com\/agenciainfra\/"]},{"@type":"Person","@id":"https:\/\/agenciainfra.com\/blog\/#\/schema\/person\/34af08dff6adea4cb22b06612ba7acfa","name":"Ag\u00eancia iNFRA","image":{"@type":"ImageObject","inLanguage":"pt-BR","@id":"https:\/\/agenciainfra.com\/blog\/#\/schema\/person\/image\/","url":"https:\/\/secure.gravatar.com\/avatar\/d189e01678f06d8eb84d4e01f08eb848b3fffe3f8443818d3c356c66892f5be8?s=96&d=mm&r=g","contentUrl":"https:\/\/secure.gravatar.com\/avatar\/d189e01678f06d8eb84d4e01f08eb848b3fffe3f8443818d3c356c66892f5be8?s=96&d=mm&r=g","caption":"Ag\u00eancia iNFRA"},"url":"https:\/\/agenciainfra.com\/blog\/author\/admin\/"}]}},"_links":{"self":[{"href":"https:\/\/agenciainfra.com\/blog\/wp-json\/wp\/v2\/posts\/31342","targetHints":{"allow":["GET"]}}],"collection":[{"href":"https:\/\/agenciainfra.com\/blog\/wp-json\/wp\/v2\/posts"}],"about":[{"href":"https:\/\/agenciainfra.com\/blog\/wp-json\/wp\/v2\/types\/post"}],"author":[{"embeddable":true,"href":"https:\/\/agenciainfra.com\/blog\/wp-json\/wp\/v2\/users\/1"}],"replies":[{"embeddable":true,"href":"https:\/\/agenciainfra.com\/blog\/wp-json\/wp\/v2\/comments?post=31342"}],"version-history":[{"count":2,"href":"https:\/\/agenciainfra.com\/blog\/wp-json\/wp\/v2\/posts\/31342\/revisions"}],"predecessor-version":[{"id":31390,"href":"https:\/\/agenciainfra.com\/blog\/wp-json\/wp\/v2\/posts\/31342\/revisions\/31390"}],"wp:featuredmedia":[{"embeddable":true,"href":"https:\/\/agenciainfra.com\/blog\/wp-json\/wp\/v2\/media\/31343"}],"wp:attachment":[{"href":"https:\/\/agenciainfra.com\/blog\/wp-json\/wp\/v2\/media?parent=31342"}],"wp:term":[{"taxonomy":"category","embeddable":true,"href":"https:\/\/agenciainfra.com\/blog\/wp-json\/wp\/v2\/categories?post=31342"},{"taxonomy":"post_tag","embeddable":true,"href":"https:\/\/agenciainfra.com\/blog\/wp-json\/wp\/v2\/tags?post=31342"}],"curies":[{"name":"wp","href":"https:\/\/api.w.org\/{rel}","templated":true}]}}