{"id":31370,"date":"2025-11-03T15:09:32","date_gmt":"2025-11-03T18:09:32","guid":{"rendered":"https:\/\/agenciainfra.com\/blog\/?p=31370"},"modified":"2025-11-03T15:42:50","modified_gmt":"2025-11-03T18:42:50","slug":"aps-encerra-gestao-do-porto-de-itajai-e-transfere-controle-a-codeba","status":"publish","type":"post","link":"https:\/\/agenciainfra.com\/blog\/aps-encerra-gestao-do-porto-de-itajai-e-transfere-controle-a-codeba\/","title":{"rendered":"APS encerra gest\u00e3o do Porto de Itaja\u00ed e transfere controle \u00e0 Codeba"},"content":{"rendered":"\n<p class=\"has-text-align-right\"><strong>da Ag\u00eancia iNFRA<\/strong><\/p>\n\n\n\n<p>A APS (Autoridade Portu\u00e1ria de Santos) anunciou que concluir\u00e1 at\u00e9 o fim de novembro a transi\u00e7\u00e3o da gest\u00e3o do Porto de Itaja\u00ed, em Santa Catarina, para a Codeba (Companhia Docas do Estado da Bahia). A APS assumiu o controle do porto em janeiro deste ano, a pedido do MPor (Minist\u00e9rio de Portos e Aeroportos), com um conv\u00eanio v\u00e1lido por um ano.<\/p>\n\n\n\n<p>Durante o per\u00edodo sob administra\u00e7\u00e3o da APS, o porto catarinense retomou as opera\u00e7\u00f5es ap\u00f3s um ano e meio de paralisa\u00e7\u00e3o. Segundo balan\u00e7o da ANTAQ (Ag\u00eancia Nacional de Transportes Aquavi\u00e1rios), a movimenta\u00e7\u00e3o de cargas cresceu 127% entre janeiro e agosto, totalizando 2,5 milh\u00f5es de toneladas, enquanto o faturamento atingiu R$ 105 milh\u00f5es no primeiro semestre, com previs\u00e3o de aumento de 108% em rela\u00e7\u00e3o a 2024.<\/p>\n\n\n\n<p>A APS afirmou, em nota, que se sente honrada pela miss\u00e3o e confia na compet\u00eancia da Codeba para dar continuidade \u00e0s a\u00e7\u00f5es implementadas no porto. <br><\/p>\n","protected":false},"excerpt":{"rendered":"<p>da Ag\u00eancia iNFRA A APS (Autoridade Portu\u00e1ria de Santos) anunciou que concluir\u00e1 at\u00e9 o fim de novembro a transi\u00e7\u00e3o da gest\u00e3o do Porto de Itaja\u00ed, em Santa Catarina, para a Codeba (Companhia Docas do Estado da Bahia). A APS assumiu o controle do porto em janeiro deste ano, a pedido do MPor (Minist\u00e9rio de Portos [&hellip;]<\/p>\n","protected":false},"author":1,"featured_media":30968,"comment_status":"closed","ping_status":"closed","sticky":false,"template":"","format":"standard","meta":{"_monsterinsights_skip_tracking":false,"_monsterinsights_sitenote_active":false,"_monsterinsights_sitenote_note":"","_monsterinsights_sitenote_category":0,"footnotes":""},"categories":[13576],"tags":[86,6854,3031,78,6919,2056],"class_list":["post-31370","post","type-post","status-publish","format-standard","has-post-thumbnail","hentry","category-giro-infra","tag-antaq","tag-aps","tag-codeba","tag-concessoes","tag-mpor","tag-porto-de-itajai"],"yoast_head":"<!-- This site is optimized with the Yoast SEO Premium plugin v25.4 (Yoast SEO v26.0) - https:\/\/yoast.com\/wordpress\/plugins\/seo\/ -->\n<title>APS encerra gest\u00e3o do Porto de Itaja\u00ed e transfere controle \u00e0 Codeba - Ag\u00eancia iNFRA<\/title>\n<meta name=\"robots\" content=\"index, follow, max-snippet:-1, max-image-preview:large, max-video-preview:-1\" \/>\n<link rel=\"canonical\" href=\"https:\/\/agenciainfra.com\/blog\/aps-encerra-gestao-do-porto-de-itajai-e-transfere-controle-a-codeba\/\" \/>\n<meta property=\"og:locale\" content=\"pt_BR\" \/>\n<meta property=\"og:type\" content=\"article\" \/>\n<meta property=\"og:title\" content=\"APS encerra gest\u00e3o do Porto de Itaja\u00ed e transfere controle \u00e0 Codeba\" \/>\n<meta property=\"og:description\" content=\"da Ag\u00eancia iNFRA A APS (Autoridade Portu\u00e1ria de Santos) anunciou que concluir\u00e1 at\u00e9 o fim de novembro a transi\u00e7\u00e3o da gest\u00e3o do Porto de Itaja\u00ed, em Santa Catarina, para a Codeba (Companhia Docas do Estado da Bahia). A APS assumiu o controle do porto em janeiro deste ano, a pedido do MPor (Minist\u00e9rio de Portos [&hellip;]\" \/>\n<meta property=\"og:url\" content=\"https:\/\/agenciainfra.com\/blog\/aps-encerra-gestao-do-porto-de-itajai-e-transfere-controle-a-codeba\/\" \/>\n<meta property=\"og:site_name\" content=\"Ag\u00eancia iNFRA\" \/>\n<meta property=\"article:publisher\" content=\"https:\/\/www.facebook.com\/ageninfra\" \/>\n<meta property=\"article:published_time\" content=\"2025-11-03T18:09:32+00:00\" \/>\n<meta property=\"article:modified_time\" content=\"2025-11-03T18:42:50+00:00\" \/>\n<meta property=\"og:image\" content=\"https:\/\/agenciainfra.com\/blog\/wp-content\/uploads\/2025\/10\/porto-de-itajai-foto-ronaldo-silva-jr-porto-de-itajai.jpg\" \/>\n\t<meta property=\"og:image:width\" content=\"1024\" \/>\n\t<meta property=\"og:image:height\" content=\"687\" \/>\n\t<meta property=\"og:image:type\" content=\"image\/jpeg\" \/>\n<meta name=\"author\" content=\"Ag\u00eancia iNFRA\" \/>\n<meta name=\"twitter:card\" content=\"summary_large_image\" \/>\n<meta name=\"twitter:creator\" content=\"@agencia_infra\" \/>\n<meta name=\"twitter:site\" content=\"@agencia_infra\" \/>\n<meta name=\"twitter:label1\" content=\"Escrito por\" \/>\n\t<meta name=\"twitter:data1\" content=\"Ag\u00eancia iNFRA\" \/>\n\t<meta name=\"twitter:label2\" content=\"Est. tempo de leitura\" \/>\n\t<meta name=\"twitter:data2\" content=\"1 minuto\" \/>\n<script type=\"application\/ld+json\" class=\"yoast-schema-graph\">{\"@context\":\"https:\/\/schema.org\",\"@graph\":[{\"@type\":\"Article\",\"@id\":\"https:\/\/agenciainfra.com\/blog\/aps-encerra-gestao-do-porto-de-itajai-e-transfere-controle-a-codeba\/#article\",\"isPartOf\":{\"@id\":\"https:\/\/agenciainfra.com\/blog\/aps-encerra-gestao-do-porto-de-itajai-e-transfere-controle-a-codeba\/\"},\"author\":{\"name\":\"Ag\u00eancia iNFRA\",\"@id\":\"https:\/\/agenciainfra.com\/blog\/#\/schema\/person\/34af08dff6adea4cb22b06612ba7acfa\"},\"headline\":\"APS encerra gest\u00e3o do Porto de Itaja\u00ed e transfere controle \u00e0 Codeba\",\"datePublished\":\"2025-11-03T18:09:32+00:00\",\"dateModified\":\"2025-11-03T18:42:50+00:00\",\"mainEntityOfPage\":{\"@id\":\"https:\/\/agenciainfra.com\/blog\/aps-encerra-gestao-do-porto-de-itajai-e-transfere-controle-a-codeba\/\"},\"wordCount\":183,\"publisher\":{\"@id\":\"https:\/\/agenciainfra.com\/blog\/#organization\"},\"image\":{\"@id\":\"https:\/\/agenciainfra.com\/blog\/aps-encerra-gestao-do-porto-de-itajai-e-transfere-controle-a-codeba\/#primaryimage\"},\"thumbnailUrl\":\"https:\/\/agenciainfra.com\/blog\/wp-content\/uploads\/2025\/10\/porto-de-itajai-foto-ronaldo-silva-jr-porto-de-itajai.jpg\",\"keywords\":[\"ANTAQ\",\"APS\",\"Codeba\",\"concess\u00f5es\",\"MPor\",\"Porto de Itaja\u00ed\"],\"articleSection\":[\"Giro iNFRA\"],\"inLanguage\":\"pt-BR\",\"copyrightYear\":\"2025\",\"copyrightHolder\":{\"@id\":\"https:\/\/agenciainfra.com\/blog\/#organization\"}},{\"@type\":\"WebPage\",\"@id\":\"https:\/\/agenciainfra.com\/blog\/aps-encerra-gestao-do-porto-de-itajai-e-transfere-controle-a-codeba\/\",\"url\":\"https:\/\/agenciainfra.com\/blog\/aps-encerra-gestao-do-porto-de-itajai-e-transfere-controle-a-codeba\/\",\"name\":\"APS encerra gest\u00e3o do Porto de Itaja\u00ed e transfere controle \u00e0 Codeba - Ag\u00eancia iNFRA\",\"isPartOf\":{\"@id\":\"https:\/\/agenciainfra.com\/blog\/#website\"},\"primaryImageOfPage\":{\"@id\":\"https:\/\/agenciainfra.com\/blog\/aps-encerra-gestao-do-porto-de-itajai-e-transfere-controle-a-codeba\/#primaryimage\"},\"image\":{\"@id\":\"https:\/\/agenciainfra.com\/blog\/aps-encerra-gestao-do-porto-de-itajai-e-transfere-controle-a-codeba\/#primaryimage\"},\"thumbnailUrl\":\"https:\/\/agenciainfra.com\/blog\/wp-content\/uploads\/2025\/10\/porto-de-itajai-foto-ronaldo-silva-jr-porto-de-itajai.jpg\",\"datePublished\":\"2025-11-03T18:09:32+00:00\",\"dateModified\":\"2025-11-03T18:42:50+00:00\",\"breadcrumb\":{\"@id\":\"https:\/\/agenciainfra.com\/blog\/aps-encerra-gestao-do-porto-de-itajai-e-transfere-controle-a-codeba\/#breadcrumb\"},\"inLanguage\":\"pt-BR\",\"potentialAction\":[{\"@type\":\"ReadAction\",\"target\":[\"https:\/\/agenciainfra.com\/blog\/aps-encerra-gestao-do-porto-de-itajai-e-transfere-controle-a-codeba\/\"]}]},{\"@type\":\"ImageObject\",\"inLanguage\":\"pt-BR\",\"@id\":\"https:\/\/agenciainfra.com\/blog\/aps-encerra-gestao-do-porto-de-itajai-e-transfere-controle-a-codeba\/#primaryimage\",\"url\":\"https:\/\/agenciainfra.com\/blog\/wp-content\/uploads\/2025\/10\/porto-de-itajai-foto-ronaldo-silva-jr-porto-de-itajai.jpg\",\"contentUrl\":\"https:\/\/agenciainfra.com\/blog\/wp-content\/uploads\/2025\/10\/porto-de-itajai-foto-ronaldo-silva-jr-porto-de-itajai.jpg\",\"width\":1024,\"height\":687,\"caption\":\"Foto: Ronaldo Silva Jr.\/Porto de Itaja\u00ed\"},{\"@type\":\"BreadcrumbList\",\"@id\":\"https:\/\/agenciainfra.com\/blog\/aps-encerra-gestao-do-porto-de-itajai-e-transfere-controle-a-codeba\/#breadcrumb\",\"itemListElement\":[{\"@type\":\"ListItem\",\"position\":1,\"name\":\"In\u00edcio\",\"item\":\"https:\/\/agenciainfra.com\/blog\/\"},{\"@type\":\"ListItem\",\"position\":2,\"name\":\"APS encerra gest\u00e3o do Porto de Itaja\u00ed e transfere controle \u00e0 Codeba\"}]},{\"@type\":\"WebSite\",\"@id\":\"https:\/\/agenciainfra.com\/blog\/#website\",\"url\":\"https:\/\/agenciainfra.com\/blog\/\",\"name\":\"Ag\u00eancia iNFRA\",\"description\":\"Multiplataforma de informa\u00e7\u00e3o jornal\u00edstica refer\u00eancia na \u00e1rea de infraestrutura no Brasil!\",\"publisher\":{\"@id\":\"https:\/\/agenciainfra.com\/blog\/#organization\"},\"potentialAction\":[{\"@type\":\"SearchAction\",\"target\":{\"@type\":\"EntryPoint\",\"urlTemplate\":\"https:\/\/agenciainfra.com\/blog\/?s={search_term_string}\"},\"query-input\":{\"@type\":\"PropertyValueSpecification\",\"valueRequired\":true,\"valueName\":\"search_term_string\"}}],\"inLanguage\":\"pt-BR\"},{\"@type\":\"Organization\",\"@id\":\"https:\/\/agenciainfra.com\/blog\/#organization\",\"name\":\"Ag\u00eancia iNFRA\",\"url\":\"https:\/\/agenciainfra.com\/blog\/\",\"logo\":{\"@type\":\"ImageObject\",\"inLanguage\":\"pt-BR\",\"@id\":\"https:\/\/agenciainfra.com\/blog\/#\/schema\/logo\/image\/\",\"url\":\"https:\/\/agenciainfra.com\/blog\/wp-content\/uploads\/2023\/09\/iNFRA_5-e1761735885940.png\",\"contentUrl\":\"https:\/\/agenciainfra.com\/blog\/wp-content\/uploads\/2023\/09\/iNFRA_5-e1761735885940.png\",\"width\":1672,\"height\":454,\"caption\":\"Ag\u00eancia iNFRA\"},\"image\":{\"@id\":\"https:\/\/agenciainfra.com\/blog\/#\/schema\/logo\/image\/\"},\"sameAs\":[\"https:\/\/www.facebook.com\/ageninfra\",\"https:\/\/x.com\/agencia_infra\",\"https:\/\/www.linkedin.com\/company\/ag\u00eanciainfra\/\",\"https:\/\/www.instagram.com\/agenciainfra\/\"]},{\"@type\":\"Person\",\"@id\":\"https:\/\/agenciainfra.com\/blog\/#\/schema\/person\/34af08dff6adea4cb22b06612ba7acfa\",\"name\":\"Ag\u00eancia iNFRA\",\"image\":{\"@type\":\"ImageObject\",\"inLanguage\":\"pt-BR\",\"@id\":\"https:\/\/agenciainfra.com\/blog\/#\/schema\/person\/image\/\",\"url\":\"https:\/\/secure.gravatar.com\/avatar\/d189e01678f06d8eb84d4e01f08eb848b3fffe3f8443818d3c356c66892f5be8?s=96&d=mm&r=g\",\"contentUrl\":\"https:\/\/secure.gravatar.com\/avatar\/d189e01678f06d8eb84d4e01f08eb848b3fffe3f8443818d3c356c66892f5be8?s=96&d=mm&r=g\",\"caption\":\"Ag\u00eancia iNFRA\"},\"url\":\"https:\/\/agenciainfra.com\/blog\/author\/admin\/\"}]}<\/script>\n<!-- \/ Yoast SEO Premium plugin. -->","yoast_head_json":{"title":"APS encerra gest\u00e3o do Porto de Itaja\u00ed e transfere controle \u00e0 Codeba - Ag\u00eancia iNFRA","robots":{"index":"index","follow":"follow","max-snippet":"max-snippet:-1","max-image-preview":"max-image-preview:large","max-video-preview":"max-video-preview:-1"},"canonical":"https:\/\/agenciainfra.com\/blog\/aps-encerra-gestao-do-porto-de-itajai-e-transfere-controle-a-codeba\/","og_locale":"pt_BR","og_type":"article","og_title":"APS encerra gest\u00e3o do Porto de Itaja\u00ed e transfere controle \u00e0 Codeba","og_description":"da Ag\u00eancia iNFRA A APS (Autoridade Portu\u00e1ria de Santos) anunciou que concluir\u00e1 at\u00e9 o fim de novembro a transi\u00e7\u00e3o da gest\u00e3o do Porto de Itaja\u00ed, em Santa Catarina, para a Codeba (Companhia Docas do Estado da Bahia). A APS assumiu o controle do porto em janeiro deste ano, a pedido do MPor (Minist\u00e9rio de Portos [&hellip;]","og_url":"https:\/\/agenciainfra.com\/blog\/aps-encerra-gestao-do-porto-de-itajai-e-transfere-controle-a-codeba\/","og_site_name":"Ag\u00eancia iNFRA","article_publisher":"https:\/\/www.facebook.com\/ageninfra","article_published_time":"2025-11-03T18:09:32+00:00","article_modified_time":"2025-11-03T18:42:50+00:00","og_image":[{"width":1024,"height":687,"url":"https:\/\/agenciainfra.com\/blog\/wp-content\/uploads\/2025\/10\/porto-de-itajai-foto-ronaldo-silva-jr-porto-de-itajai.jpg","type":"image\/jpeg"}],"author":"Ag\u00eancia iNFRA","twitter_card":"summary_large_image","twitter_creator":"@agencia_infra","twitter_site":"@agencia_infra","twitter_misc":{"Escrito por":"Ag\u00eancia iNFRA","Est. tempo de leitura":"1 minuto"},"schema":{"@context":"https:\/\/schema.org","@graph":[{"@type":"Article","@id":"https:\/\/agenciainfra.com\/blog\/aps-encerra-gestao-do-porto-de-itajai-e-transfere-controle-a-codeba\/#article","isPartOf":{"@id":"https:\/\/agenciainfra.com\/blog\/aps-encerra-gestao-do-porto-de-itajai-e-transfere-controle-a-codeba\/"},"author":{"name":"Ag\u00eancia iNFRA","@id":"https:\/\/agenciainfra.com\/blog\/#\/schema\/person\/34af08dff6adea4cb22b06612ba7acfa"},"headline":"APS encerra gest\u00e3o do Porto de Itaja\u00ed e transfere controle \u00e0 Codeba","datePublished":"2025-11-03T18:09:32+00:00","dateModified":"2025-11-03T18:42:50+00:00","mainEntityOfPage":{"@id":"https:\/\/agenciainfra.com\/blog\/aps-encerra-gestao-do-porto-de-itajai-e-transfere-controle-a-codeba\/"},"wordCount":183,"publisher":{"@id":"https:\/\/agenciainfra.com\/blog\/#organization"},"image":{"@id":"https:\/\/agenciainfra.com\/blog\/aps-encerra-gestao-do-porto-de-itajai-e-transfere-controle-a-codeba\/#primaryimage"},"thumbnailUrl":"https:\/\/agenciainfra.com\/blog\/wp-content\/uploads\/2025\/10\/porto-de-itajai-foto-ronaldo-silva-jr-porto-de-itajai.jpg","keywords":["ANTAQ","APS","Codeba","concess\u00f5es","MPor","Porto de Itaja\u00ed"],"articleSection":["Giro iNFRA"],"inLanguage":"pt-BR","copyrightYear":"2025","copyrightHolder":{"@id":"https:\/\/agenciainfra.com\/blog\/#organization"}},{"@type":"WebPage","@id":"https:\/\/agenciainfra.com\/blog\/aps-encerra-gestao-do-porto-de-itajai-e-transfere-controle-a-codeba\/","url":"https:\/\/agenciainfra.com\/blog\/aps-encerra-gestao-do-porto-de-itajai-e-transfere-controle-a-codeba\/","name":"APS encerra gest\u00e3o do Porto de Itaja\u00ed e transfere controle \u00e0 Codeba - Ag\u00eancia iNFRA","isPartOf":{"@id":"https:\/\/agenciainfra.com\/blog\/#website"},"primaryImageOfPage":{"@id":"https:\/\/agenciainfra.com\/blog\/aps-encerra-gestao-do-porto-de-itajai-e-transfere-controle-a-codeba\/#primaryimage"},"image":{"@id":"https:\/\/agenciainfra.com\/blog\/aps-encerra-gestao-do-porto-de-itajai-e-transfere-controle-a-codeba\/#primaryimage"},"thumbnailUrl":"https:\/\/agenciainfra.com\/blog\/wp-content\/uploads\/2025\/10\/porto-de-itajai-foto-ronaldo-silva-jr-porto-de-itajai.jpg","datePublished":"2025-11-03T18:09:32+00:00","dateModified":"2025-11-03T18:42:50+00:00","breadcrumb":{"@id":"https:\/\/agenciainfra.com\/blog\/aps-encerra-gestao-do-porto-de-itajai-e-transfere-controle-a-codeba\/#breadcrumb"},"inLanguage":"pt-BR","potentialAction":[{"@type":"ReadAction","target":["https:\/\/agenciainfra.com\/blog\/aps-encerra-gestao-do-porto-de-itajai-e-transfere-controle-a-codeba\/"]}]},{"@type":"ImageObject","inLanguage":"pt-BR","@id":"https:\/\/agenciainfra.com\/blog\/aps-encerra-gestao-do-porto-de-itajai-e-transfere-controle-a-codeba\/#primaryimage","url":"https:\/\/agenciainfra.com\/blog\/wp-content\/uploads\/2025\/10\/porto-de-itajai-foto-ronaldo-silva-jr-porto-de-itajai.jpg","contentUrl":"https:\/\/agenciainfra.com\/blog\/wp-content\/uploads\/2025\/10\/porto-de-itajai-foto-ronaldo-silva-jr-porto-de-itajai.jpg","width":1024,"height":687,"caption":"Foto: Ronaldo Silva Jr.\/Porto de Itaja\u00ed"},{"@type":"BreadcrumbList","@id":"https:\/\/agenciainfra.com\/blog\/aps-encerra-gestao-do-porto-de-itajai-e-transfere-controle-a-codeba\/#breadcrumb","itemListElement":[{"@type":"ListItem","position":1,"name":"In\u00edcio","item":"https:\/\/agenciainfra.com\/blog\/"},{"@type":"ListItem","position":2,"name":"APS encerra gest\u00e3o do Porto de Itaja\u00ed e transfere controle \u00e0 Codeba"}]},{"@type":"WebSite","@id":"https:\/\/agenciainfra.com\/blog\/#website","url":"https:\/\/agenciainfra.com\/blog\/","name":"Ag\u00eancia iNFRA","description":"Multiplataforma de informa\u00e7\u00e3o jornal\u00edstica refer\u00eancia na \u00e1rea de infraestrutura no Brasil!","publisher":{"@id":"https:\/\/agenciainfra.com\/blog\/#organization"},"potentialAction":[{"@type":"SearchAction","target":{"@type":"EntryPoint","urlTemplate":"https:\/\/agenciainfra.com\/blog\/?s={search_term_string}"},"query-input":{"@type":"PropertyValueSpecification","valueRequired":true,"valueName":"search_term_string"}}],"inLanguage":"pt-BR"},{"@type":"Organization","@id":"https:\/\/agenciainfra.com\/blog\/#organization","name":"Ag\u00eancia iNFRA","url":"https:\/\/agenciainfra.com\/blog\/","logo":{"@type":"ImageObject","inLanguage":"pt-BR","@id":"https:\/\/agenciainfra.com\/blog\/#\/schema\/logo\/image\/","url":"https:\/\/agenciainfra.com\/blog\/wp-content\/uploads\/2023\/09\/iNFRA_5-e1761735885940.png","contentUrl":"https:\/\/agenciainfra.com\/blog\/wp-content\/uploads\/2023\/09\/iNFRA_5-e1761735885940.png","width":1672,"height":454,"caption":"Ag\u00eancia iNFRA"},"image":{"@id":"https:\/\/agenciainfra.com\/blog\/#\/schema\/logo\/image\/"},"sameAs":["https:\/\/www.facebook.com\/ageninfra","https:\/\/x.com\/agencia_infra","https:\/\/www.linkedin.com\/company\/ag\u00eanciainfra\/","https:\/\/www.instagram.com\/agenciainfra\/"]},{"@type":"Person","@id":"https:\/\/agenciainfra.com\/blog\/#\/schema\/person\/34af08dff6adea4cb22b06612ba7acfa","name":"Ag\u00eancia iNFRA","image":{"@type":"ImageObject","inLanguage":"pt-BR","@id":"https:\/\/agenciainfra.com\/blog\/#\/schema\/person\/image\/","url":"https:\/\/secure.gravatar.com\/avatar\/d189e01678f06d8eb84d4e01f08eb848b3fffe3f8443818d3c356c66892f5be8?s=96&d=mm&r=g","contentUrl":"https:\/\/secure.gravatar.com\/avatar\/d189e01678f06d8eb84d4e01f08eb848b3fffe3f8443818d3c356c66892f5be8?s=96&d=mm&r=g","caption":"Ag\u00eancia iNFRA"},"url":"https:\/\/agenciainfra.com\/blog\/author\/admin\/"}]}},"_links":{"self":[{"href":"https:\/\/agenciainfra.com\/blog\/wp-json\/wp\/v2\/posts\/31370","targetHints":{"allow":["GET"]}}],"collection":[{"href":"https:\/\/agenciainfra.com\/blog\/wp-json\/wp\/v2\/posts"}],"about":[{"href":"https:\/\/agenciainfra.com\/blog\/wp-json\/wp\/v2\/types\/post"}],"author":[{"embeddable":true,"href":"https:\/\/agenciainfra.com\/blog\/wp-json\/wp\/v2\/users\/1"}],"replies":[{"embeddable":true,"href":"https:\/\/agenciainfra.com\/blog\/wp-json\/wp\/v2\/comments?post=31370"}],"version-history":[{"count":2,"href":"https:\/\/agenciainfra.com\/blog\/wp-json\/wp\/v2\/posts\/31370\/revisions"}],"predecessor-version":[{"id":31383,"href":"https:\/\/agenciainfra.com\/blog\/wp-json\/wp\/v2\/posts\/31370\/revisions\/31383"}],"wp:featuredmedia":[{"embeddable":true,"href":"https:\/\/agenciainfra.com\/blog\/wp-json\/wp\/v2\/media\/30968"}],"wp:attachment":[{"href":"https:\/\/agenciainfra.com\/blog\/wp-json\/wp\/v2\/media?parent=31370"}],"wp:term":[{"taxonomy":"category","embeddable":true,"href":"https:\/\/agenciainfra.com\/blog\/wp-json\/wp\/v2\/categories?post=31370"},{"taxonomy":"post_tag","embeddable":true,"href":"https:\/\/agenciainfra.com\/blog\/wp-json\/wp\/v2\/tags?post=31370"}],"curies":[{"name":"wp","href":"https:\/\/api.w.org\/{rel}","templated":true}]}}