{"id":31401,"date":"2025-11-03T17:05:47","date_gmt":"2025-11-03T20:05:47","guid":{"rendered":"https:\/\/agenciainfra.com\/blog\/?p=31401"},"modified":"2025-11-03T17:08:38","modified_gmt":"2025-11-03T20:08:38","slug":"blocos-da-bacia-potiguar-retornam-a-oferta-permanente","status":"publish","type":"post","link":"https:\/\/agenciainfra.com\/blog\/blocos-da-bacia-potiguar-retornam-a-oferta-permanente\/","title":{"rendered":"Blocos da Bacia Potiguar retornam \u00e0 oferta permanente"},"content":{"rendered":"\n<p class=\"has-text-align-right\"><strong>da Ag\u00eancia iNFRA<\/strong><\/p>\n\n\n\n<p>O MME (Minist\u00e9rio de Minas e Energia) e o MMA (Minist\u00e9rio do Meio Ambiente e Mudan\u00e7a do Clima) assinaram uma manifesta\u00e7\u00e3o conjunta que autoriza o retorno de nove blocos explorat\u00f3rios da Bacia Potiguar, localizados em terra, no estado do Cear\u00e1, ao processo de Oferta Permanente de \u00c1reas. Esses blocos ser\u00e3o oferecidos sob regime de concess\u00e3o, seguindo regras de planejamento e habilita\u00e7\u00e3o ambiental pr\u00e9via.<\/p>\n\n\n\n<p>A medida faz parte do programa Potencializa E&amp;P, que busca tornar o setor de explora\u00e7\u00e3o e produ\u00e7\u00e3o de petr\u00f3leo e g\u00e1s mais atraente e previs\u00edvel para investidores. Com essa reincorpora\u00e7\u00e3o, o governo espera retomar a atividade explorat\u00f3ria na regi\u00e3o, e promete gerar empregos e fortalecer a economia. <\/p>\n\n\n\n<p>&#8220;A reincorpora\u00e7\u00e3o dos blocos terrestres da Bacia Potiguar \u00e0 Oferta Permanente refor\u00e7a o compromisso do Governo do Brasil com o desenvolvimento regional, ao promover a retomada da atividade explorat\u00f3ria na regi\u00e3o, com potencial para a gera\u00e7\u00e3o de empregos diretos e indiretos, o aumento da arrecada\u00e7\u00e3o de participa\u00e7\u00f5es governamentais e o fortalecimento das economias locais&#8221;, disse, em nota, o MME. <\/p>\n","protected":false},"excerpt":{"rendered":"<p>da Ag\u00eancia iNFRA O MME (Minist\u00e9rio de Minas e Energia) e o MMA (Minist\u00e9rio do Meio Ambiente e Mudan\u00e7a do Clima) assinaram uma manifesta\u00e7\u00e3o conjunta que autoriza o retorno de nove blocos explorat\u00f3rios da Bacia Potiguar, localizados em terra, no estado do Cear\u00e1, ao processo de Oferta Permanente de \u00c1reas. Esses blocos ser\u00e3o oferecidos sob [&hellip;]<\/p>\n","protected":false},"author":1,"featured_media":31409,"comment_status":"closed","ping_status":"closed","sticky":false,"template":"","format":"standard","meta":{"_monsterinsights_skip_tracking":false,"_monsterinsights_sitenote_active":false,"_monsterinsights_sitenote_note":"","_monsterinsights_sitenote_category":0,"footnotes":""},"categories":[13576],"tags":[13543,7959,9554,71,16663,16265],"class_list":["post-31401","post","type-post","status-publish","format-standard","has-post-thumbnail","hentry","category-giro-infra","tag-bacia-potiguar","tag-ceara","tag-mma","tag-mme","tag-oferta-permanente-de-areas","tag-potencializa-ep"],"yoast_head":"<!-- This site is optimized with the Yoast SEO Premium plugin v25.4 (Yoast SEO v26.0) - https:\/\/yoast.com\/wordpress\/plugins\/seo\/ -->\n<title>Blocos da Bacia Potiguar retornam \u00e0 oferta permanente - Ag\u00eancia iNFRA<\/title>\n<meta name=\"robots\" content=\"index, follow, max-snippet:-1, max-image-preview:large, max-video-preview:-1\" \/>\n<link rel=\"canonical\" href=\"https:\/\/agenciainfra.com\/blog\/blocos-da-bacia-potiguar-retornam-a-oferta-permanente\/\" \/>\n<meta property=\"og:locale\" content=\"pt_BR\" \/>\n<meta property=\"og:type\" content=\"article\" \/>\n<meta property=\"og:title\" content=\"Blocos da Bacia Potiguar retornam \u00e0 oferta permanente\" \/>\n<meta property=\"og:description\" content=\"da Ag\u00eancia iNFRA O MME (Minist\u00e9rio de Minas e Energia) e o MMA (Minist\u00e9rio do Meio Ambiente e Mudan\u00e7a do Clima) assinaram uma manifesta\u00e7\u00e3o conjunta que autoriza o retorno de nove blocos explorat\u00f3rios da Bacia Potiguar, localizados em terra, no estado do Cear\u00e1, ao processo de Oferta Permanente de \u00c1reas. Esses blocos ser\u00e3o oferecidos sob [&hellip;]\" \/>\n<meta property=\"og:url\" content=\"https:\/\/agenciainfra.com\/blog\/blocos-da-bacia-potiguar-retornam-a-oferta-permanente\/\" \/>\n<meta property=\"og:site_name\" content=\"Ag\u00eancia iNFRA\" \/>\n<meta property=\"article:publisher\" content=\"https:\/\/www.facebook.com\/ageninfra\" \/>\n<meta property=\"article:published_time\" content=\"2025-11-03T20:05:47+00:00\" \/>\n<meta property=\"article:modified_time\" content=\"2025-11-03T20:08:38+00:00\" \/>\n<meta property=\"og:image\" content=\"https:\/\/agenciainfra.com\/blog\/wp-content\/uploads\/2025\/11\/exploracao-de-petroleo-foto-dominio-publico-scaled-e1762200178931.jpg\" \/>\n\t<meta property=\"og:image:width\" content=\"1280\" \/>\n\t<meta property=\"og:image:height\" content=\"855\" \/>\n\t<meta property=\"og:image:type\" content=\"image\/jpeg\" \/>\n<meta name=\"author\" content=\"Ag\u00eancia iNFRA\" \/>\n<meta name=\"twitter:card\" content=\"summary_large_image\" \/>\n<meta name=\"twitter:creator\" content=\"@agencia_infra\" \/>\n<meta name=\"twitter:site\" content=\"@agencia_infra\" \/>\n<meta name=\"twitter:label1\" content=\"Escrito por\" \/>\n\t<meta name=\"twitter:data1\" content=\"Ag\u00eancia iNFRA\" \/>\n\t<meta name=\"twitter:label2\" content=\"Est. tempo de leitura\" \/>\n\t<meta name=\"twitter:data2\" content=\"1 minuto\" \/>\n<script type=\"application\/ld+json\" class=\"yoast-schema-graph\">{\"@context\":\"https:\/\/schema.org\",\"@graph\":[{\"@type\":\"Article\",\"@id\":\"https:\/\/agenciainfra.com\/blog\/blocos-da-bacia-potiguar-retornam-a-oferta-permanente\/#article\",\"isPartOf\":{\"@id\":\"https:\/\/agenciainfra.com\/blog\/blocos-da-bacia-potiguar-retornam-a-oferta-permanente\/\"},\"author\":{\"name\":\"Ag\u00eancia iNFRA\",\"@id\":\"https:\/\/agenciainfra.com\/blog\/#\/schema\/person\/34af08dff6adea4cb22b06612ba7acfa\"},\"headline\":\"Blocos da Bacia Potiguar retornam \u00e0 oferta permanente\",\"datePublished\":\"2025-11-03T20:05:47+00:00\",\"dateModified\":\"2025-11-03T20:08:38+00:00\",\"mainEntityOfPage\":{\"@id\":\"https:\/\/agenciainfra.com\/blog\/blocos-da-bacia-potiguar-retornam-a-oferta-permanente\/\"},\"wordCount\":205,\"publisher\":{\"@id\":\"https:\/\/agenciainfra.com\/blog\/#organization\"},\"image\":{\"@id\":\"https:\/\/agenciainfra.com\/blog\/blocos-da-bacia-potiguar-retornam-a-oferta-permanente\/#primaryimage\"},\"thumbnailUrl\":\"https:\/\/agenciainfra.com\/blog\/wp-content\/uploads\/2025\/11\/exploracao-de-petroleo-foto-dominio-publico-scaled-e1763466179944.jpg\",\"keywords\":[\"Bacia Potiguar\",\"Cear\u00e1\",\"MMA\",\"MME\",\"oferta permanente de \u00e1reas\",\"Potencializa E&amp;P\"],\"articleSection\":[\"Giro iNFRA\"],\"inLanguage\":\"pt-BR\",\"copyrightYear\":\"2025\",\"copyrightHolder\":{\"@id\":\"https:\/\/agenciainfra.com\/blog\/#organization\"}},{\"@type\":\"WebPage\",\"@id\":\"https:\/\/agenciainfra.com\/blog\/blocos-da-bacia-potiguar-retornam-a-oferta-permanente\/\",\"url\":\"https:\/\/agenciainfra.com\/blog\/blocos-da-bacia-potiguar-retornam-a-oferta-permanente\/\",\"name\":\"Blocos da Bacia Potiguar retornam \u00e0 oferta permanente - Ag\u00eancia iNFRA\",\"isPartOf\":{\"@id\":\"https:\/\/agenciainfra.com\/blog\/#website\"},\"primaryImageOfPage\":{\"@id\":\"https:\/\/agenciainfra.com\/blog\/blocos-da-bacia-potiguar-retornam-a-oferta-permanente\/#primaryimage\"},\"image\":{\"@id\":\"https:\/\/agenciainfra.com\/blog\/blocos-da-bacia-potiguar-retornam-a-oferta-permanente\/#primaryimage\"},\"thumbnailUrl\":\"https:\/\/agenciainfra.com\/blog\/wp-content\/uploads\/2025\/11\/exploracao-de-petroleo-foto-dominio-publico-scaled-e1763466179944.jpg\",\"datePublished\":\"2025-11-03T20:05:47+00:00\",\"dateModified\":\"2025-11-03T20:08:38+00:00\",\"breadcrumb\":{\"@id\":\"https:\/\/agenciainfra.com\/blog\/blocos-da-bacia-potiguar-retornam-a-oferta-permanente\/#breadcrumb\"},\"inLanguage\":\"pt-BR\",\"potentialAction\":[{\"@type\":\"ReadAction\",\"target\":[\"https:\/\/agenciainfra.com\/blog\/blocos-da-bacia-potiguar-retornam-a-oferta-permanente\/\"]}]},{\"@type\":\"ImageObject\",\"inLanguage\":\"pt-BR\",\"@id\":\"https:\/\/agenciainfra.com\/blog\/blocos-da-bacia-potiguar-retornam-a-oferta-permanente\/#primaryimage\",\"url\":\"https:\/\/agenciainfra.com\/blog\/wp-content\/uploads\/2025\/11\/exploracao-de-petroleo-foto-dominio-publico-scaled-e1763466179944.jpg\",\"contentUrl\":\"https:\/\/agenciainfra.com\/blog\/wp-content\/uploads\/2025\/11\/exploracao-de-petroleo-foto-dominio-publico-scaled-e1763466179944.jpg\",\"width\":1280,\"height\":730,\"caption\":\"Foto: Dom\u00ednio p\u00fablico\"},{\"@type\":\"BreadcrumbList\",\"@id\":\"https:\/\/agenciainfra.com\/blog\/blocos-da-bacia-potiguar-retornam-a-oferta-permanente\/#breadcrumb\",\"itemListElement\":[{\"@type\":\"ListItem\",\"position\":1,\"name\":\"In\u00edcio\",\"item\":\"https:\/\/agenciainfra.com\/blog\/\"},{\"@type\":\"ListItem\",\"position\":2,\"name\":\"Blocos da Bacia Potiguar retornam \u00e0 oferta permanente\"}]},{\"@type\":\"WebSite\",\"@id\":\"https:\/\/agenciainfra.com\/blog\/#website\",\"url\":\"https:\/\/agenciainfra.com\/blog\/\",\"name\":\"Ag\u00eancia iNFRA\",\"description\":\"Multiplataforma de informa\u00e7\u00e3o jornal\u00edstica refer\u00eancia na \u00e1rea de infraestrutura no Brasil!\",\"publisher\":{\"@id\":\"https:\/\/agenciainfra.com\/blog\/#organization\"},\"potentialAction\":[{\"@type\":\"SearchAction\",\"target\":{\"@type\":\"EntryPoint\",\"urlTemplate\":\"https:\/\/agenciainfra.com\/blog\/?s={search_term_string}\"},\"query-input\":{\"@type\":\"PropertyValueSpecification\",\"valueRequired\":true,\"valueName\":\"search_term_string\"}}],\"inLanguage\":\"pt-BR\"},{\"@type\":\"Organization\",\"@id\":\"https:\/\/agenciainfra.com\/blog\/#organization\",\"name\":\"Ag\u00eancia iNFRA\",\"url\":\"https:\/\/agenciainfra.com\/blog\/\",\"logo\":{\"@type\":\"ImageObject\",\"inLanguage\":\"pt-BR\",\"@id\":\"https:\/\/agenciainfra.com\/blog\/#\/schema\/logo\/image\/\",\"url\":\"https:\/\/agenciainfra.com\/blog\/wp-content\/uploads\/2023\/09\/iNFRA_5-e1761735885940.png\",\"contentUrl\":\"https:\/\/agenciainfra.com\/blog\/wp-content\/uploads\/2023\/09\/iNFRA_5-e1761735885940.png\",\"width\":1672,\"height\":454,\"caption\":\"Ag\u00eancia iNFRA\"},\"image\":{\"@id\":\"https:\/\/agenciainfra.com\/blog\/#\/schema\/logo\/image\/\"},\"sameAs\":[\"https:\/\/www.facebook.com\/ageninfra\",\"https:\/\/x.com\/agencia_infra\",\"https:\/\/www.linkedin.com\/company\/ag\u00eanciainfra\/\",\"https:\/\/www.instagram.com\/agenciainfra\/\"]},{\"@type\":\"Person\",\"@id\":\"https:\/\/agenciainfra.com\/blog\/#\/schema\/person\/34af08dff6adea4cb22b06612ba7acfa\",\"name\":\"Ag\u00eancia iNFRA\",\"image\":{\"@type\":\"ImageObject\",\"inLanguage\":\"pt-BR\",\"@id\":\"https:\/\/agenciainfra.com\/blog\/#\/schema\/person\/image\/\",\"url\":\"https:\/\/secure.gravatar.com\/avatar\/d189e01678f06d8eb84d4e01f08eb848b3fffe3f8443818d3c356c66892f5be8?s=96&d=mm&r=g\",\"contentUrl\":\"https:\/\/secure.gravatar.com\/avatar\/d189e01678f06d8eb84d4e01f08eb848b3fffe3f8443818d3c356c66892f5be8?s=96&d=mm&r=g\",\"caption\":\"Ag\u00eancia iNFRA\"},\"url\":\"https:\/\/agenciainfra.com\/blog\/author\/admin\/\"}]}<\/script>\n<!-- \/ Yoast SEO Premium plugin. -->","yoast_head_json":{"title":"Blocos da Bacia Potiguar retornam \u00e0 oferta permanente - Ag\u00eancia iNFRA","robots":{"index":"index","follow":"follow","max-snippet":"max-snippet:-1","max-image-preview":"max-image-preview:large","max-video-preview":"max-video-preview:-1"},"canonical":"https:\/\/agenciainfra.com\/blog\/blocos-da-bacia-potiguar-retornam-a-oferta-permanente\/","og_locale":"pt_BR","og_type":"article","og_title":"Blocos da Bacia Potiguar retornam \u00e0 oferta permanente","og_description":"da Ag\u00eancia iNFRA O MME (Minist\u00e9rio de Minas e Energia) e o MMA (Minist\u00e9rio do Meio Ambiente e Mudan\u00e7a do Clima) assinaram uma manifesta\u00e7\u00e3o conjunta que autoriza o retorno de nove blocos explorat\u00f3rios da Bacia Potiguar, localizados em terra, no estado do Cear\u00e1, ao processo de Oferta Permanente de \u00c1reas. Esses blocos ser\u00e3o oferecidos sob [&hellip;]","og_url":"https:\/\/agenciainfra.com\/blog\/blocos-da-bacia-potiguar-retornam-a-oferta-permanente\/","og_site_name":"Ag\u00eancia iNFRA","article_publisher":"https:\/\/www.facebook.com\/ageninfra","article_published_time":"2025-11-03T20:05:47+00:00","article_modified_time":"2025-11-03T20:08:38+00:00","og_image":[{"width":1280,"height":855,"url":"https:\/\/agenciainfra.com\/blog\/wp-content\/uploads\/2025\/11\/exploracao-de-petroleo-foto-dominio-publico-scaled-e1762200178931.jpg","type":"image\/jpeg"}],"author":"Ag\u00eancia iNFRA","twitter_card":"summary_large_image","twitter_creator":"@agencia_infra","twitter_site":"@agencia_infra","twitter_misc":{"Escrito por":"Ag\u00eancia iNFRA","Est. tempo de leitura":"1 minuto"},"schema":{"@context":"https:\/\/schema.org","@graph":[{"@type":"Article","@id":"https:\/\/agenciainfra.com\/blog\/blocos-da-bacia-potiguar-retornam-a-oferta-permanente\/#article","isPartOf":{"@id":"https:\/\/agenciainfra.com\/blog\/blocos-da-bacia-potiguar-retornam-a-oferta-permanente\/"},"author":{"name":"Ag\u00eancia iNFRA","@id":"https:\/\/agenciainfra.com\/blog\/#\/schema\/person\/34af08dff6adea4cb22b06612ba7acfa"},"headline":"Blocos da Bacia Potiguar retornam \u00e0 oferta permanente","datePublished":"2025-11-03T20:05:47+00:00","dateModified":"2025-11-03T20:08:38+00:00","mainEntityOfPage":{"@id":"https:\/\/agenciainfra.com\/blog\/blocos-da-bacia-potiguar-retornam-a-oferta-permanente\/"},"wordCount":205,"publisher":{"@id":"https:\/\/agenciainfra.com\/blog\/#organization"},"image":{"@id":"https:\/\/agenciainfra.com\/blog\/blocos-da-bacia-potiguar-retornam-a-oferta-permanente\/#primaryimage"},"thumbnailUrl":"https:\/\/agenciainfra.com\/blog\/wp-content\/uploads\/2025\/11\/exploracao-de-petroleo-foto-dominio-publico-scaled-e1763466179944.jpg","keywords":["Bacia Potiguar","Cear\u00e1","MMA","MME","oferta permanente de \u00e1reas","Potencializa E&amp;P"],"articleSection":["Giro iNFRA"],"inLanguage":"pt-BR","copyrightYear":"2025","copyrightHolder":{"@id":"https:\/\/agenciainfra.com\/blog\/#organization"}},{"@type":"WebPage","@id":"https:\/\/agenciainfra.com\/blog\/blocos-da-bacia-potiguar-retornam-a-oferta-permanente\/","url":"https:\/\/agenciainfra.com\/blog\/blocos-da-bacia-potiguar-retornam-a-oferta-permanente\/","name":"Blocos da Bacia Potiguar retornam \u00e0 oferta permanente - Ag\u00eancia iNFRA","isPartOf":{"@id":"https:\/\/agenciainfra.com\/blog\/#website"},"primaryImageOfPage":{"@id":"https:\/\/agenciainfra.com\/blog\/blocos-da-bacia-potiguar-retornam-a-oferta-permanente\/#primaryimage"},"image":{"@id":"https:\/\/agenciainfra.com\/blog\/blocos-da-bacia-potiguar-retornam-a-oferta-permanente\/#primaryimage"},"thumbnailUrl":"https:\/\/agenciainfra.com\/blog\/wp-content\/uploads\/2025\/11\/exploracao-de-petroleo-foto-dominio-publico-scaled-e1763466179944.jpg","datePublished":"2025-11-03T20:05:47+00:00","dateModified":"2025-11-03T20:08:38+00:00","breadcrumb":{"@id":"https:\/\/agenciainfra.com\/blog\/blocos-da-bacia-potiguar-retornam-a-oferta-permanente\/#breadcrumb"},"inLanguage":"pt-BR","potentialAction":[{"@type":"ReadAction","target":["https:\/\/agenciainfra.com\/blog\/blocos-da-bacia-potiguar-retornam-a-oferta-permanente\/"]}]},{"@type":"ImageObject","inLanguage":"pt-BR","@id":"https:\/\/agenciainfra.com\/blog\/blocos-da-bacia-potiguar-retornam-a-oferta-permanente\/#primaryimage","url":"https:\/\/agenciainfra.com\/blog\/wp-content\/uploads\/2025\/11\/exploracao-de-petroleo-foto-dominio-publico-scaled-e1763466179944.jpg","contentUrl":"https:\/\/agenciainfra.com\/blog\/wp-content\/uploads\/2025\/11\/exploracao-de-petroleo-foto-dominio-publico-scaled-e1763466179944.jpg","width":1280,"height":730,"caption":"Foto: Dom\u00ednio p\u00fablico"},{"@type":"BreadcrumbList","@id":"https:\/\/agenciainfra.com\/blog\/blocos-da-bacia-potiguar-retornam-a-oferta-permanente\/#breadcrumb","itemListElement":[{"@type":"ListItem","position":1,"name":"In\u00edcio","item":"https:\/\/agenciainfra.com\/blog\/"},{"@type":"ListItem","position":2,"name":"Blocos da Bacia Potiguar retornam \u00e0 oferta permanente"}]},{"@type":"WebSite","@id":"https:\/\/agenciainfra.com\/blog\/#website","url":"https:\/\/agenciainfra.com\/blog\/","name":"Ag\u00eancia iNFRA","description":"Multiplataforma de informa\u00e7\u00e3o jornal\u00edstica refer\u00eancia na \u00e1rea de infraestrutura no Brasil!","publisher":{"@id":"https:\/\/agenciainfra.com\/blog\/#organization"},"potentialAction":[{"@type":"SearchAction","target":{"@type":"EntryPoint","urlTemplate":"https:\/\/agenciainfra.com\/blog\/?s={search_term_string}"},"query-input":{"@type":"PropertyValueSpecification","valueRequired":true,"valueName":"search_term_string"}}],"inLanguage":"pt-BR"},{"@type":"Organization","@id":"https:\/\/agenciainfra.com\/blog\/#organization","name":"Ag\u00eancia iNFRA","url":"https:\/\/agenciainfra.com\/blog\/","logo":{"@type":"ImageObject","inLanguage":"pt-BR","@id":"https:\/\/agenciainfra.com\/blog\/#\/schema\/logo\/image\/","url":"https:\/\/agenciainfra.com\/blog\/wp-content\/uploads\/2023\/09\/iNFRA_5-e1761735885940.png","contentUrl":"https:\/\/agenciainfra.com\/blog\/wp-content\/uploads\/2023\/09\/iNFRA_5-e1761735885940.png","width":1672,"height":454,"caption":"Ag\u00eancia iNFRA"},"image":{"@id":"https:\/\/agenciainfra.com\/blog\/#\/schema\/logo\/image\/"},"sameAs":["https:\/\/www.facebook.com\/ageninfra","https:\/\/x.com\/agencia_infra","https:\/\/www.linkedin.com\/company\/ag\u00eanciainfra\/","https:\/\/www.instagram.com\/agenciainfra\/"]},{"@type":"Person","@id":"https:\/\/agenciainfra.com\/blog\/#\/schema\/person\/34af08dff6adea4cb22b06612ba7acfa","name":"Ag\u00eancia iNFRA","image":{"@type":"ImageObject","inLanguage":"pt-BR","@id":"https:\/\/agenciainfra.com\/blog\/#\/schema\/person\/image\/","url":"https:\/\/secure.gravatar.com\/avatar\/d189e01678f06d8eb84d4e01f08eb848b3fffe3f8443818d3c356c66892f5be8?s=96&d=mm&r=g","contentUrl":"https:\/\/secure.gravatar.com\/avatar\/d189e01678f06d8eb84d4e01f08eb848b3fffe3f8443818d3c356c66892f5be8?s=96&d=mm&r=g","caption":"Ag\u00eancia iNFRA"},"url":"https:\/\/agenciainfra.com\/blog\/author\/admin\/"}]}},"_links":{"self":[{"href":"https:\/\/agenciainfra.com\/blog\/wp-json\/wp\/v2\/posts\/31401","targetHints":{"allow":["GET"]}}],"collection":[{"href":"https:\/\/agenciainfra.com\/blog\/wp-json\/wp\/v2\/posts"}],"about":[{"href":"https:\/\/agenciainfra.com\/blog\/wp-json\/wp\/v2\/types\/post"}],"author":[{"embeddable":true,"href":"https:\/\/agenciainfra.com\/blog\/wp-json\/wp\/v2\/users\/1"}],"replies":[{"embeddable":true,"href":"https:\/\/agenciainfra.com\/blog\/wp-json\/wp\/v2\/comments?post=31401"}],"version-history":[{"count":1,"href":"https:\/\/agenciainfra.com\/blog\/wp-json\/wp\/v2\/posts\/31401\/revisions"}],"predecessor-version":[{"id":31410,"href":"https:\/\/agenciainfra.com\/blog\/wp-json\/wp\/v2\/posts\/31401\/revisions\/31410"}],"wp:featuredmedia":[{"embeddable":true,"href":"https:\/\/agenciainfra.com\/blog\/wp-json\/wp\/v2\/media\/31409"}],"wp:attachment":[{"href":"https:\/\/agenciainfra.com\/blog\/wp-json\/wp\/v2\/media?parent=31401"}],"wp:term":[{"taxonomy":"category","embeddable":true,"href":"https:\/\/agenciainfra.com\/blog\/wp-json\/wp\/v2\/categories?post=31401"},{"taxonomy":"post_tag","embeddable":true,"href":"https:\/\/agenciainfra.com\/blog\/wp-json\/wp\/v2\/tags?post=31401"}],"curies":[{"name":"wp","href":"https:\/\/api.w.org\/{rel}","templated":true}]}}