{"id":31415,"date":"2025-11-03T18:10:04","date_gmt":"2025-11-03T21:10:04","guid":{"rendered":"https:\/\/agenciainfra.com\/blog\/?p=31415"},"modified":"2025-11-03T18:10:06","modified_gmt":"2025-11-03T21:10:06","slug":"petrobras-anuncia-desligamento-voluntario-para-empregados-aposentados","status":"publish","type":"post","link":"https:\/\/agenciainfra.com\/blog\/petrobras-anuncia-desligamento-voluntario-para-empregados-aposentados\/","title":{"rendered":"Petrobras anuncia desligamento volunt\u00e1rio para empregados aposentados"},"content":{"rendered":"\n<p class=\"has-text-align-right\"><strong>da Ag\u00eancia iNFRA<\/strong><\/p>\n\n\n\n<p>A Petrobras anunciou a aprova\u00e7\u00e3o de um novo PDV (Programa de Desligamento Volunt\u00e1rio) voltado a empregados que j\u00e1 se aposentaram pelo INSS antes da promulga\u00e7\u00e3o da Emenda Constitucional n\u00ba 103\/2019. O objetivo \u00e9 promover uma transi\u00e7\u00e3o de carreira para esses profissionais e, ao mesmo tempo, garantir a renova\u00e7\u00e3o gradual dos quadros da companhia.<br><\/p>\n\n\n\n<p>Segundo a estatal, o PDV busca equilibrar a sa\u00edda de empregados experientes com a preserva\u00e7\u00e3o do conhecimento t\u00e9cnico, assegurando a continuidade das opera\u00e7\u00f5es e a seguran\u00e7a das atividades. O p\u00fablico-alvo potencial \u00e9 de cerca de 1.100 empregados, com desligamentos previstos para ocorrer ao longo de 2026.<br><\/p>\n\n\n\n<p>O programa foi aprovado dentro do rito de governan\u00e7a interna e est\u00e1 alinhado ao Plano de Neg\u00f3cios da Petrobras. O impacto financeiro ser\u00e1 contabilizado conforme as ades\u00f5es forem efetivadas.<\/p>\n\n\n\n<p><\/p>\n","protected":false},"excerpt":{"rendered":"<p>da Ag\u00eancia iNFRA A Petrobras anunciou a aprova\u00e7\u00e3o de um novo PDV (Programa de Desligamento Volunt\u00e1rio) voltado a empregados que j\u00e1 se aposentaram pelo INSS antes da promulga\u00e7\u00e3o da Emenda Constitucional n\u00ba 103\/2019. O objetivo \u00e9 promover uma transi\u00e7\u00e3o de carreira para esses profissionais e, ao mesmo tempo, garantir a renova\u00e7\u00e3o gradual dos quadros da [&hellip;]<\/p>\n","protected":false},"author":1,"featured_media":30153,"comment_status":"closed","ping_status":"closed","sticky":false,"template":"","format":"standard","meta":{"_monsterinsights_skip_tracking":false,"_monsterinsights_sitenote_active":false,"_monsterinsights_sitenote_note":"","_monsterinsights_sitenote_category":0,"footnotes":""},"categories":[13576],"tags":[16666,16665,16664,25,16667,10165,4886,143,9403],"class_list":["post-31415","post","type-post","status-publish","format-standard","has-post-thumbnail","hentry","category-giro-infra","tag-aposentadoria","tag-carreira","tag-desligamento-voluntario","tag-energia","tag-gestao-de-pessoal","tag-governanca-corporativa","tag-pdv","tag-petrobras","tag-recursos-humanos"],"yoast_head":"<!-- This site is optimized with the Yoast SEO Premium plugin v25.4 (Yoast SEO v26.0) - https:\/\/yoast.com\/wordpress\/plugins\/seo\/ -->\n<title>Petrobras anuncia desligamento volunt\u00e1rio para empregados aposentados - Ag\u00eancia iNFRA<\/title>\n<meta name=\"robots\" content=\"index, follow, max-snippet:-1, max-image-preview:large, max-video-preview:-1\" \/>\n<link rel=\"canonical\" href=\"https:\/\/agenciainfra.com\/blog\/petrobras-anuncia-desligamento-voluntario-para-empregados-aposentados\/\" \/>\n<meta property=\"og:locale\" content=\"pt_BR\" \/>\n<meta property=\"og:type\" content=\"article\" \/>\n<meta property=\"og:title\" content=\"Petrobras anuncia desligamento volunt\u00e1rio para empregados aposentados\" \/>\n<meta property=\"og:description\" content=\"da Ag\u00eancia iNFRA A Petrobras anunciou a aprova\u00e7\u00e3o de um novo PDV (Programa de Desligamento Volunt\u00e1rio) voltado a empregados que j\u00e1 se aposentaram pelo INSS antes da promulga\u00e7\u00e3o da Emenda Constitucional n\u00ba 103\/2019. O objetivo \u00e9 promover uma transi\u00e7\u00e3o de carreira para esses profissionais e, ao mesmo tempo, garantir a renova\u00e7\u00e3o gradual dos quadros da [&hellip;]\" \/>\n<meta property=\"og:url\" content=\"https:\/\/agenciainfra.com\/blog\/petrobras-anuncia-desligamento-voluntario-para-empregados-aposentados\/\" \/>\n<meta property=\"og:site_name\" content=\"Ag\u00eancia iNFRA\" \/>\n<meta property=\"article:publisher\" content=\"https:\/\/www.facebook.com\/ageninfra\" \/>\n<meta property=\"article:published_time\" content=\"2025-11-03T21:10:04+00:00\" \/>\n<meta property=\"article:modified_time\" content=\"2025-11-03T21:10:06+00:00\" \/>\n<meta property=\"og:image\" content=\"https:\/\/agenciainfra.com\/blog\/wp-content\/uploads\/2025\/10\/transpetro-foto-transpetro.jpg\" \/>\n\t<meta property=\"og:image:width\" content=\"1280\" \/>\n\t<meta property=\"og:image:height\" content=\"853\" \/>\n\t<meta property=\"og:image:type\" content=\"image\/jpeg\" \/>\n<meta name=\"author\" content=\"Ag\u00eancia iNFRA\" \/>\n<meta name=\"twitter:card\" content=\"summary_large_image\" \/>\n<meta name=\"twitter:creator\" content=\"@agencia_infra\" \/>\n<meta name=\"twitter:site\" content=\"@agencia_infra\" \/>\n<meta name=\"twitter:label1\" content=\"Escrito por\" \/>\n\t<meta name=\"twitter:data1\" content=\"Ag\u00eancia iNFRA\" \/>\n\t<meta name=\"twitter:label2\" content=\"Est. tempo de leitura\" \/>\n\t<meta name=\"twitter:data2\" content=\"1 minuto\" \/>\n<script type=\"application\/ld+json\" class=\"yoast-schema-graph\">{\"@context\":\"https:\/\/schema.org\",\"@graph\":[{\"@type\":\"Article\",\"@id\":\"https:\/\/agenciainfra.com\/blog\/petrobras-anuncia-desligamento-voluntario-para-empregados-aposentados\/#article\",\"isPartOf\":{\"@id\":\"https:\/\/agenciainfra.com\/blog\/petrobras-anuncia-desligamento-voluntario-para-empregados-aposentados\/\"},\"author\":{\"name\":\"Ag\u00eancia iNFRA\",\"@id\":\"https:\/\/agenciainfra.com\/blog\/#\/schema\/person\/34af08dff6adea4cb22b06612ba7acfa\"},\"headline\":\"Petrobras anuncia desligamento volunt\u00e1rio para empregados aposentados\",\"datePublished\":\"2025-11-03T21:10:04+00:00\",\"dateModified\":\"2025-11-03T21:10:06+00:00\",\"mainEntityOfPage\":{\"@id\":\"https:\/\/agenciainfra.com\/blog\/petrobras-anuncia-desligamento-voluntario-para-empregados-aposentados\/\"},\"wordCount\":149,\"publisher\":{\"@id\":\"https:\/\/agenciainfra.com\/blog\/#organization\"},\"image\":{\"@id\":\"https:\/\/agenciainfra.com\/blog\/petrobras-anuncia-desligamento-voluntario-para-empregados-aposentados\/#primaryimage\"},\"thumbnailUrl\":\"https:\/\/agenciainfra.com\/blog\/wp-content\/uploads\/2025\/10\/transpetro-foto-transpetro.jpg\",\"keywords\":[\"aposentadoria\",\"carreira\",\"desligamento volunt\u00e1rio\",\"energia\",\"gest\u00e3o de pessoal\",\"governan\u00e7a corporativa\",\"PDV\",\"Petrobras\",\"Recursos humanos\"],\"articleSection\":[\"Giro iNFRA\"],\"inLanguage\":\"pt-BR\",\"copyrightYear\":\"2025\",\"copyrightHolder\":{\"@id\":\"https:\/\/agenciainfra.com\/blog\/#organization\"}},{\"@type\":\"WebPage\",\"@id\":\"https:\/\/agenciainfra.com\/blog\/petrobras-anuncia-desligamento-voluntario-para-empregados-aposentados\/\",\"url\":\"https:\/\/agenciainfra.com\/blog\/petrobras-anuncia-desligamento-voluntario-para-empregados-aposentados\/\",\"name\":\"Petrobras anuncia desligamento volunt\u00e1rio para empregados aposentados - Ag\u00eancia iNFRA\",\"isPartOf\":{\"@id\":\"https:\/\/agenciainfra.com\/blog\/#website\"},\"primaryImageOfPage\":{\"@id\":\"https:\/\/agenciainfra.com\/blog\/petrobras-anuncia-desligamento-voluntario-para-empregados-aposentados\/#primaryimage\"},\"image\":{\"@id\":\"https:\/\/agenciainfra.com\/blog\/petrobras-anuncia-desligamento-voluntario-para-empregados-aposentados\/#primaryimage\"},\"thumbnailUrl\":\"https:\/\/agenciainfra.com\/blog\/wp-content\/uploads\/2025\/10\/transpetro-foto-transpetro.jpg\",\"datePublished\":\"2025-11-03T21:10:04+00:00\",\"dateModified\":\"2025-11-03T21:10:06+00:00\",\"breadcrumb\":{\"@id\":\"https:\/\/agenciainfra.com\/blog\/petrobras-anuncia-desligamento-voluntario-para-empregados-aposentados\/#breadcrumb\"},\"inLanguage\":\"pt-BR\",\"potentialAction\":[{\"@type\":\"ReadAction\",\"target\":[\"https:\/\/agenciainfra.com\/blog\/petrobras-anuncia-desligamento-voluntario-para-empregados-aposentados\/\"]}]},{\"@type\":\"ImageObject\",\"inLanguage\":\"pt-BR\",\"@id\":\"https:\/\/agenciainfra.com\/blog\/petrobras-anuncia-desligamento-voluntario-para-empregados-aposentados\/#primaryimage\",\"url\":\"https:\/\/agenciainfra.com\/blog\/wp-content\/uploads\/2025\/10\/transpetro-foto-transpetro.jpg\",\"contentUrl\":\"https:\/\/agenciainfra.com\/blog\/wp-content\/uploads\/2025\/10\/transpetro-foto-transpetro.jpg\",\"width\":1280,\"height\":853,\"caption\":\"Foto: Transpetro\"},{\"@type\":\"BreadcrumbList\",\"@id\":\"https:\/\/agenciainfra.com\/blog\/petrobras-anuncia-desligamento-voluntario-para-empregados-aposentados\/#breadcrumb\",\"itemListElement\":[{\"@type\":\"ListItem\",\"position\":1,\"name\":\"In\u00edcio\",\"item\":\"https:\/\/agenciainfra.com\/blog\/\"},{\"@type\":\"ListItem\",\"position\":2,\"name\":\"Petrobras anuncia desligamento volunt\u00e1rio para empregados aposentados\"}]},{\"@type\":\"WebSite\",\"@id\":\"https:\/\/agenciainfra.com\/blog\/#website\",\"url\":\"https:\/\/agenciainfra.com\/blog\/\",\"name\":\"Ag\u00eancia iNFRA\",\"description\":\"Multiplataforma de informa\u00e7\u00e3o jornal\u00edstica refer\u00eancia na \u00e1rea de infraestrutura no Brasil!\",\"publisher\":{\"@id\":\"https:\/\/agenciainfra.com\/blog\/#organization\"},\"potentialAction\":[{\"@type\":\"SearchAction\",\"target\":{\"@type\":\"EntryPoint\",\"urlTemplate\":\"https:\/\/agenciainfra.com\/blog\/?s={search_term_string}\"},\"query-input\":{\"@type\":\"PropertyValueSpecification\",\"valueRequired\":true,\"valueName\":\"search_term_string\"}}],\"inLanguage\":\"pt-BR\"},{\"@type\":\"Organization\",\"@id\":\"https:\/\/agenciainfra.com\/blog\/#organization\",\"name\":\"Ag\u00eancia iNFRA\",\"url\":\"https:\/\/agenciainfra.com\/blog\/\",\"logo\":{\"@type\":\"ImageObject\",\"inLanguage\":\"pt-BR\",\"@id\":\"https:\/\/agenciainfra.com\/blog\/#\/schema\/logo\/image\/\",\"url\":\"https:\/\/agenciainfra.com\/blog\/wp-content\/uploads\/2023\/09\/iNFRA_5-e1761735885940.png\",\"contentUrl\":\"https:\/\/agenciainfra.com\/blog\/wp-content\/uploads\/2023\/09\/iNFRA_5-e1761735885940.png\",\"width\":1672,\"height\":454,\"caption\":\"Ag\u00eancia iNFRA\"},\"image\":{\"@id\":\"https:\/\/agenciainfra.com\/blog\/#\/schema\/logo\/image\/\"},\"sameAs\":[\"https:\/\/www.facebook.com\/ageninfra\",\"https:\/\/x.com\/agencia_infra\",\"https:\/\/www.linkedin.com\/company\/ag\u00eanciainfra\/\",\"https:\/\/www.instagram.com\/agenciainfra\/\"]},{\"@type\":\"Person\",\"@id\":\"https:\/\/agenciainfra.com\/blog\/#\/schema\/person\/34af08dff6adea4cb22b06612ba7acfa\",\"name\":\"Ag\u00eancia iNFRA\",\"image\":{\"@type\":\"ImageObject\",\"inLanguage\":\"pt-BR\",\"@id\":\"https:\/\/agenciainfra.com\/blog\/#\/schema\/person\/image\/\",\"url\":\"https:\/\/secure.gravatar.com\/avatar\/d189e01678f06d8eb84d4e01f08eb848b3fffe3f8443818d3c356c66892f5be8?s=96&d=mm&r=g\",\"contentUrl\":\"https:\/\/secure.gravatar.com\/avatar\/d189e01678f06d8eb84d4e01f08eb848b3fffe3f8443818d3c356c66892f5be8?s=96&d=mm&r=g\",\"caption\":\"Ag\u00eancia iNFRA\"},\"url\":\"https:\/\/agenciainfra.com\/blog\/author\/admin\/\"}]}<\/script>\n<!-- \/ Yoast SEO Premium plugin. -->","yoast_head_json":{"title":"Petrobras anuncia desligamento volunt\u00e1rio para empregados aposentados - Ag\u00eancia iNFRA","robots":{"index":"index","follow":"follow","max-snippet":"max-snippet:-1","max-image-preview":"max-image-preview:large","max-video-preview":"max-video-preview:-1"},"canonical":"https:\/\/agenciainfra.com\/blog\/petrobras-anuncia-desligamento-voluntario-para-empregados-aposentados\/","og_locale":"pt_BR","og_type":"article","og_title":"Petrobras anuncia desligamento volunt\u00e1rio para empregados aposentados","og_description":"da Ag\u00eancia iNFRA A Petrobras anunciou a aprova\u00e7\u00e3o de um novo PDV (Programa de Desligamento Volunt\u00e1rio) voltado a empregados que j\u00e1 se aposentaram pelo INSS antes da promulga\u00e7\u00e3o da Emenda Constitucional n\u00ba 103\/2019. O objetivo \u00e9 promover uma transi\u00e7\u00e3o de carreira para esses profissionais e, ao mesmo tempo, garantir a renova\u00e7\u00e3o gradual dos quadros da [&hellip;]","og_url":"https:\/\/agenciainfra.com\/blog\/petrobras-anuncia-desligamento-voluntario-para-empregados-aposentados\/","og_site_name":"Ag\u00eancia iNFRA","article_publisher":"https:\/\/www.facebook.com\/ageninfra","article_published_time":"2025-11-03T21:10:04+00:00","article_modified_time":"2025-11-03T21:10:06+00:00","og_image":[{"width":1280,"height":853,"url":"https:\/\/agenciainfra.com\/blog\/wp-content\/uploads\/2025\/10\/transpetro-foto-transpetro.jpg","type":"image\/jpeg"}],"author":"Ag\u00eancia iNFRA","twitter_card":"summary_large_image","twitter_creator":"@agencia_infra","twitter_site":"@agencia_infra","twitter_misc":{"Escrito por":"Ag\u00eancia iNFRA","Est. tempo de leitura":"1 minuto"},"schema":{"@context":"https:\/\/schema.org","@graph":[{"@type":"Article","@id":"https:\/\/agenciainfra.com\/blog\/petrobras-anuncia-desligamento-voluntario-para-empregados-aposentados\/#article","isPartOf":{"@id":"https:\/\/agenciainfra.com\/blog\/petrobras-anuncia-desligamento-voluntario-para-empregados-aposentados\/"},"author":{"name":"Ag\u00eancia iNFRA","@id":"https:\/\/agenciainfra.com\/blog\/#\/schema\/person\/34af08dff6adea4cb22b06612ba7acfa"},"headline":"Petrobras anuncia desligamento volunt\u00e1rio para empregados aposentados","datePublished":"2025-11-03T21:10:04+00:00","dateModified":"2025-11-03T21:10:06+00:00","mainEntityOfPage":{"@id":"https:\/\/agenciainfra.com\/blog\/petrobras-anuncia-desligamento-voluntario-para-empregados-aposentados\/"},"wordCount":149,"publisher":{"@id":"https:\/\/agenciainfra.com\/blog\/#organization"},"image":{"@id":"https:\/\/agenciainfra.com\/blog\/petrobras-anuncia-desligamento-voluntario-para-empregados-aposentados\/#primaryimage"},"thumbnailUrl":"https:\/\/agenciainfra.com\/blog\/wp-content\/uploads\/2025\/10\/transpetro-foto-transpetro.jpg","keywords":["aposentadoria","carreira","desligamento volunt\u00e1rio","energia","gest\u00e3o de pessoal","governan\u00e7a corporativa","PDV","Petrobras","Recursos humanos"],"articleSection":["Giro iNFRA"],"inLanguage":"pt-BR","copyrightYear":"2025","copyrightHolder":{"@id":"https:\/\/agenciainfra.com\/blog\/#organization"}},{"@type":"WebPage","@id":"https:\/\/agenciainfra.com\/blog\/petrobras-anuncia-desligamento-voluntario-para-empregados-aposentados\/","url":"https:\/\/agenciainfra.com\/blog\/petrobras-anuncia-desligamento-voluntario-para-empregados-aposentados\/","name":"Petrobras anuncia desligamento volunt\u00e1rio para empregados aposentados - Ag\u00eancia iNFRA","isPartOf":{"@id":"https:\/\/agenciainfra.com\/blog\/#website"},"primaryImageOfPage":{"@id":"https:\/\/agenciainfra.com\/blog\/petrobras-anuncia-desligamento-voluntario-para-empregados-aposentados\/#primaryimage"},"image":{"@id":"https:\/\/agenciainfra.com\/blog\/petrobras-anuncia-desligamento-voluntario-para-empregados-aposentados\/#primaryimage"},"thumbnailUrl":"https:\/\/agenciainfra.com\/blog\/wp-content\/uploads\/2025\/10\/transpetro-foto-transpetro.jpg","datePublished":"2025-11-03T21:10:04+00:00","dateModified":"2025-11-03T21:10:06+00:00","breadcrumb":{"@id":"https:\/\/agenciainfra.com\/blog\/petrobras-anuncia-desligamento-voluntario-para-empregados-aposentados\/#breadcrumb"},"inLanguage":"pt-BR","potentialAction":[{"@type":"ReadAction","target":["https:\/\/agenciainfra.com\/blog\/petrobras-anuncia-desligamento-voluntario-para-empregados-aposentados\/"]}]},{"@type":"ImageObject","inLanguage":"pt-BR","@id":"https:\/\/agenciainfra.com\/blog\/petrobras-anuncia-desligamento-voluntario-para-empregados-aposentados\/#primaryimage","url":"https:\/\/agenciainfra.com\/blog\/wp-content\/uploads\/2025\/10\/transpetro-foto-transpetro.jpg","contentUrl":"https:\/\/agenciainfra.com\/blog\/wp-content\/uploads\/2025\/10\/transpetro-foto-transpetro.jpg","width":1280,"height":853,"caption":"Foto: Transpetro"},{"@type":"BreadcrumbList","@id":"https:\/\/agenciainfra.com\/blog\/petrobras-anuncia-desligamento-voluntario-para-empregados-aposentados\/#breadcrumb","itemListElement":[{"@type":"ListItem","position":1,"name":"In\u00edcio","item":"https:\/\/agenciainfra.com\/blog\/"},{"@type":"ListItem","position":2,"name":"Petrobras anuncia desligamento volunt\u00e1rio para empregados aposentados"}]},{"@type":"WebSite","@id":"https:\/\/agenciainfra.com\/blog\/#website","url":"https:\/\/agenciainfra.com\/blog\/","name":"Ag\u00eancia iNFRA","description":"Multiplataforma de informa\u00e7\u00e3o jornal\u00edstica refer\u00eancia na \u00e1rea de infraestrutura no Brasil!","publisher":{"@id":"https:\/\/agenciainfra.com\/blog\/#organization"},"potentialAction":[{"@type":"SearchAction","target":{"@type":"EntryPoint","urlTemplate":"https:\/\/agenciainfra.com\/blog\/?s={search_term_string}"},"query-input":{"@type":"PropertyValueSpecification","valueRequired":true,"valueName":"search_term_string"}}],"inLanguage":"pt-BR"},{"@type":"Organization","@id":"https:\/\/agenciainfra.com\/blog\/#organization","name":"Ag\u00eancia iNFRA","url":"https:\/\/agenciainfra.com\/blog\/","logo":{"@type":"ImageObject","inLanguage":"pt-BR","@id":"https:\/\/agenciainfra.com\/blog\/#\/schema\/logo\/image\/","url":"https:\/\/agenciainfra.com\/blog\/wp-content\/uploads\/2023\/09\/iNFRA_5-e1761735885940.png","contentUrl":"https:\/\/agenciainfra.com\/blog\/wp-content\/uploads\/2023\/09\/iNFRA_5-e1761735885940.png","width":1672,"height":454,"caption":"Ag\u00eancia iNFRA"},"image":{"@id":"https:\/\/agenciainfra.com\/blog\/#\/schema\/logo\/image\/"},"sameAs":["https:\/\/www.facebook.com\/ageninfra","https:\/\/x.com\/agencia_infra","https:\/\/www.linkedin.com\/company\/ag\u00eanciainfra\/","https:\/\/www.instagram.com\/agenciainfra\/"]},{"@type":"Person","@id":"https:\/\/agenciainfra.com\/blog\/#\/schema\/person\/34af08dff6adea4cb22b06612ba7acfa","name":"Ag\u00eancia iNFRA","image":{"@type":"ImageObject","inLanguage":"pt-BR","@id":"https:\/\/agenciainfra.com\/blog\/#\/schema\/person\/image\/","url":"https:\/\/secure.gravatar.com\/avatar\/d189e01678f06d8eb84d4e01f08eb848b3fffe3f8443818d3c356c66892f5be8?s=96&d=mm&r=g","contentUrl":"https:\/\/secure.gravatar.com\/avatar\/d189e01678f06d8eb84d4e01f08eb848b3fffe3f8443818d3c356c66892f5be8?s=96&d=mm&r=g","caption":"Ag\u00eancia iNFRA"},"url":"https:\/\/agenciainfra.com\/blog\/author\/admin\/"}]}},"_links":{"self":[{"href":"https:\/\/agenciainfra.com\/blog\/wp-json\/wp\/v2\/posts\/31415","targetHints":{"allow":["GET"]}}],"collection":[{"href":"https:\/\/agenciainfra.com\/blog\/wp-json\/wp\/v2\/posts"}],"about":[{"href":"https:\/\/agenciainfra.com\/blog\/wp-json\/wp\/v2\/types\/post"}],"author":[{"embeddable":true,"href":"https:\/\/agenciainfra.com\/blog\/wp-json\/wp\/v2\/users\/1"}],"replies":[{"embeddable":true,"href":"https:\/\/agenciainfra.com\/blog\/wp-json\/wp\/v2\/comments?post=31415"}],"version-history":[{"count":1,"href":"https:\/\/agenciainfra.com\/blog\/wp-json\/wp\/v2\/posts\/31415\/revisions"}],"predecessor-version":[{"id":31418,"href":"https:\/\/agenciainfra.com\/blog\/wp-json\/wp\/v2\/posts\/31415\/revisions\/31418"}],"wp:featuredmedia":[{"embeddable":true,"href":"https:\/\/agenciainfra.com\/blog\/wp-json\/wp\/v2\/media\/30153"}],"wp:attachment":[{"href":"https:\/\/agenciainfra.com\/blog\/wp-json\/wp\/v2\/media?parent=31415"}],"wp:term":[{"taxonomy":"category","embeddable":true,"href":"https:\/\/agenciainfra.com\/blog\/wp-json\/wp\/v2\/categories?post=31415"},{"taxonomy":"post_tag","embeddable":true,"href":"https:\/\/agenciainfra.com\/blog\/wp-json\/wp\/v2\/tags?post=31415"}],"curies":[{"name":"wp","href":"https:\/\/api.w.org\/{rel}","templated":true}]}}