{"id":31419,"date":"2025-11-03T19:33:37","date_gmt":"2025-11-03T22:33:37","guid":{"rendered":"https:\/\/agenciainfra.com\/blog\/?p=31419"},"modified":"2025-11-04T14:26:43","modified_gmt":"2025-11-04T17:26:43","slug":"epe-falta-de-transparencia-sobre-infraestruturas-trava-mercado-de-gas","status":"publish","type":"post","link":"https:\/\/agenciainfra.com\/blog\/epe-falta-de-transparencia-sobre-infraestruturas-trava-mercado-de-gas\/","title":{"rendered":"EPE: Falta de transpar\u00eancia sobre infraestruturas trava mercado de g\u00e1s"},"content":{"rendered":"\n<p class=\"has-text-align-right\"><strong>Gabriel Vasconcelos, da Ag\u00eancia iNFRA<\/strong><\/p>\n\n\n\n<p>A diretora de Estudos de Petr\u00f3leo, G\u00e1s Natural e Biocombust\u00edveis da EPE (Empresa de Pesquisa Energ\u00e9tica), Helo\u00edsa Borges, disse nesta segunda-feira (3) que uma das travas ao mercado de g\u00e1s no Brasil segue sendo a falta de transpar\u00eancia no custo de utiliza\u00e7\u00e3o das infraestruturas de escoamento e tratamento de g\u00e1s. O tema \u00e9 alvo de disputa entre o MME (Minist\u00e9rio de Minas e Energia) e os donos de gasodutos de escoamento e unidades de processamento, petroleiras como a Petrobras e suas s\u00f3cias no pr\u00e9-sal (Shell, Repsol e Galp).<\/p>\n\n\n\n<p>&#8220;O pre\u00e7o de venda da produ\u00e7\u00e3o nas plataformas \u00e9 muito baixo, mas o g\u00e1s chega efetivamente para a sociedade muito caro. \u00c9 preciso entender o porqu\u00ea. Podemos discutir, mas \u00e9 preciso entender. Por que um g\u00e1s que custa 6%, 7%, 8% do Brent na plataforma, chega para a sociedade brasileira a US$ 12 d\u00f3lares por milh\u00e3o de BTU?&#8221;, questiona Helo\u00edsa. Ela comentou o assunto durante o 9\u00b0 F\u00f3rum Brasileiro do G\u00e1s Natural, realizado de forma online esta semana.<\/p>\n\n\n\n<p>Essa falta de transpar\u00eancia na forma\u00e7\u00e3o de pre\u00e7os, sugere a especialista, \u00e9 resultado de uma confus\u00e3o entre o conceito de &#8220;acesso negociado&#8221; entre as partes (empresas propriet\u00e1rias e usu\u00e1rias) e negocia\u00e7\u00e3o livre de qualquer regula\u00e7\u00e3o. &#8220;O acesso negociado em um setor regulado precisa acontecer dentro de contornos jur\u00eddicos claros. N\u00e3o \u00e9 porque \u00e9 negociado, que n\u00e3o tem regula\u00e7\u00e3o, essa rela\u00e7\u00e3o n\u00e3o est\u00e1 em um v\u00e1cuo jur\u00eddico&#8221;, continua.<\/p>\n\n\n\n<p>Ela cita que a EPE, ao se debru\u00e7ar sobre o assunto para realiza\u00e7\u00e3o de nota t\u00e9cnica, observou mercados maduros como os de Noruega e Estados Unidos, onde haveria &#8220;contornos m\u00ednimos&#8221; para que as negocia\u00e7\u00f5es entre as partes aconte\u00e7a. Helo\u00edsa lembra ainda que, segundo a legisla\u00e7\u00e3o, se a negocia\u00e7\u00e3o entre os agentes&nbsp; n\u00e3o avan\u00e7ar, os pre\u00e7os de acesso devem ser arbitrados pela ANP (Ag\u00eancia Nacional do Petr\u00f3leo, G\u00e1s Natural e Biocombust\u00edveis). E, na falta de informa\u00e7\u00e3o das empresas donas das infraestruturas, o governo fez o movimento de subsidiar a discuss\u00e3o por meio de levantamento da EPE.&nbsp;<\/p>\n\n\n\n<p>No caso concreto do g\u00e1s da Uni\u00e3o, volume gerido pela PPSA (Pr\u00e9-Sal Petr\u00f3leo), cujo custo de acesso \u00e0s infraestruturas est\u00e1 em discuss\u00e3o antes mesmo de uma defini\u00e7\u00e3o da ANP, se forem adotadas as recomenda\u00e7\u00f5es da EPE, os custos para essas duas etapas da forma\u00e7\u00e3o de pre\u00e7o \u2013 escoamento e processamento \u2013 veriam recuo de 74%. Haveria queda do valor nominal ent\u00e3o praticado de US$ 8,58 para US$ 2,23 por milh\u00e3o de BTU.<\/p>\n\n\n\n<p>A defini\u00e7\u00e3o desse pre\u00e7o de acesso \u00e0s estruturas para o g\u00e1s da Uni\u00e3o estava atribu\u00edda ao CNPE (Conselho Nacional de Pesquisa Energ\u00e9tica) em decreto, mas a previs\u00e3o foi retirada da MP (Medida Provis\u00f3ria) 1.304, de forma que as discuss\u00f5es continuam e \u00e9 prov\u00e1vel que o apontamento fique a cargo da ANP.&nbsp;<\/p>\n\n\n\n<p>Na mesma linha, o diretor do Departamento de G\u00e1s Natural do MME, Marcello Weydt, falou nos esfor\u00e7os da pasta para &#8220;reduzir a assimetria de informa\u00e7\u00e3o&#8221; e relacionou os altos n\u00edveis de reinje\u00e7\u00e3o de g\u00e1s em po\u00e7os produtores com o atual n\u00edvel de pre\u00e7os para escoar e tratar a produ\u00e7\u00e3o.<\/p>\n\n\n\n<p>&#8220;A PPSA vende esse g\u00e1s a US$ 1,8 [na plataforma, por milh\u00e3o de BTU]. Mas a quanto ele chega ao consumidor? Esse processo de redu\u00e7\u00e3o de assimetrias vai trazer clareza, por exemplo, sobre os motivos da reinje\u00e7\u00e3o. E isso muda a perspectiva de tomada de decis\u00e3o dentro do ambiente regulat\u00f3rio e a dos pr\u00f3prios agentes. Diversos agentes sinalizaram que t\u00eam um determinado n\u00edvel de reinje\u00e7\u00e3o justamente pela falta de regulamenta\u00e7\u00e3o no escoamento e processamento, que, se n\u00e3o reinjetassem, sa\u00edriam no preju\u00edzo&#8221;, disse, justificando o porqu\u00ea do trecho sobre limita\u00e7\u00e3o da reinje\u00e7\u00e3o no texto final da MP 1.304, apoiado pelo governo federal.<\/p>\n","protected":false},"excerpt":{"rendered":"<p>Gabriel Vasconcelos, da Ag\u00eancia iNFRA A diretora de Estudos de Petr\u00f3leo, G\u00e1s Natural e Biocombust\u00edveis da EPE (Empresa de Pesquisa Energ\u00e9tica), Helo\u00edsa Borges, disse nesta segunda-feira (3) que uma das travas ao mercado de g\u00e1s no Brasil segue sendo a falta de transpar\u00eancia no custo de utiliza\u00e7\u00e3o das infraestruturas de escoamento e tratamento de g\u00e1s. [&hellip;]<\/p>\n","protected":false},"author":1,"featured_media":7088,"comment_status":"closed","ping_status":"closed","sticky":false,"template":"","format":"standard","meta":{"_monsterinsights_skip_tracking":false,"_monsterinsights_sitenote_active":false,"_monsterinsights_sitenote_note":"","_monsterinsights_sitenote_category":0,"footnotes":""},"categories":[7250,13271],"tags":[14128,13251,882,341,16668,34,1091,14052,143],"class_list":["post-31419","post","type-post","status-publish","format-standard","has-post-thumbnail","hentry","category-destaque-lista","category-oleo-gas","tag-epe-empresa-de-pesquisa-energetica-2","tag-gabriel-vasconcelos","tag-gas-natural","tag-gasodutos","tag-heloisa-borges","tag-infraestrutura","tag-mercado-de-gas","tag-mme-ministerio-de-minas-e-energia","tag-petrobras"],"yoast_head":"<!-- This site is optimized with the Yoast SEO Premium plugin v25.4 (Yoast SEO v26.0) - https:\/\/yoast.com\/wordpress\/plugins\/seo\/ -->\n<title>EPE: Falta de transpar\u00eancia sobre infraestruturas trava mercado de g\u00e1s - Ag\u00eancia iNFRA<\/title>\n<meta name=\"robots\" content=\"index, follow, max-snippet:-1, max-image-preview:large, max-video-preview:-1\" \/>\n<link rel=\"canonical\" href=\"https:\/\/agenciainfra.com\/blog\/epe-falta-de-transparencia-sobre-infraestruturas-trava-mercado-de-gas\/\" \/>\n<meta property=\"og:locale\" content=\"pt_BR\" \/>\n<meta property=\"og:type\" content=\"article\" \/>\n<meta property=\"og:title\" content=\"EPE: Falta de transpar\u00eancia sobre infraestruturas trava mercado de g\u00e1s\" \/>\n<meta property=\"og:description\" content=\"Gabriel Vasconcelos, da Ag\u00eancia iNFRA A diretora de Estudos de Petr\u00f3leo, G\u00e1s Natural e Biocombust\u00edveis da EPE (Empresa de Pesquisa Energ\u00e9tica), Helo\u00edsa Borges, disse nesta segunda-feira (3) que uma das travas ao mercado de g\u00e1s no Brasil segue sendo a falta de transpar\u00eancia no custo de utiliza\u00e7\u00e3o das infraestruturas de escoamento e tratamento de g\u00e1s. [&hellip;]\" \/>\n<meta property=\"og:url\" content=\"https:\/\/agenciainfra.com\/blog\/epe-falta-de-transparencia-sobre-infraestruturas-trava-mercado-de-gas\/\" \/>\n<meta property=\"og:site_name\" content=\"Ag\u00eancia iNFRA\" \/>\n<meta property=\"article:publisher\" content=\"https:\/\/www.facebook.com\/ageninfra\" \/>\n<meta property=\"article:published_time\" content=\"2025-11-03T22:33:37+00:00\" \/>\n<meta property=\"article:modified_time\" content=\"2025-11-04T17:26:43+00:00\" \/>\n<meta property=\"og:image\" content=\"https:\/\/agenciainfra.com\/blog\/wp-content\/uploads\/2021\/04\/gas-natural-foto-agencia-brasil.png\" \/>\n\t<meta property=\"og:image:width\" content=\"1280\" \/>\n\t<meta property=\"og:image:height\" content=\"678\" \/>\n\t<meta property=\"og:image:type\" content=\"image\/png\" \/>\n<meta name=\"author\" content=\"Ag\u00eancia iNFRA\" \/>\n<meta name=\"twitter:card\" content=\"summary_large_image\" \/>\n<meta name=\"twitter:creator\" content=\"@agencia_infra\" \/>\n<meta name=\"twitter:site\" content=\"@agencia_infra\" \/>\n<meta name=\"twitter:label1\" content=\"Escrito por\" \/>\n\t<meta name=\"twitter:data1\" content=\"Ag\u00eancia iNFRA\" \/>\n\t<meta name=\"twitter:label2\" content=\"Est. tempo de leitura\" \/>\n\t<meta name=\"twitter:data2\" content=\"3 minutos\" \/>\n<script type=\"application\/ld+json\" class=\"yoast-schema-graph\">{\"@context\":\"https:\/\/schema.org\",\"@graph\":[{\"@type\":\"Article\",\"@id\":\"https:\/\/agenciainfra.com\/blog\/epe-falta-de-transparencia-sobre-infraestruturas-trava-mercado-de-gas\/#article\",\"isPartOf\":{\"@id\":\"https:\/\/agenciainfra.com\/blog\/epe-falta-de-transparencia-sobre-infraestruturas-trava-mercado-de-gas\/\"},\"author\":{\"name\":\"Ag\u00eancia iNFRA\",\"@id\":\"https:\/\/agenciainfra.com\/blog\/#\/schema\/person\/34af08dff6adea4cb22b06612ba7acfa\"},\"headline\":\"EPE: Falta de transpar\u00eancia sobre infraestruturas trava mercado de g\u00e1s\",\"datePublished\":\"2025-11-03T22:33:37+00:00\",\"dateModified\":\"2025-11-04T17:26:43+00:00\",\"mainEntityOfPage\":{\"@id\":\"https:\/\/agenciainfra.com\/blog\/epe-falta-de-transparencia-sobre-infraestruturas-trava-mercado-de-gas\/\"},\"wordCount\":702,\"publisher\":{\"@id\":\"https:\/\/agenciainfra.com\/blog\/#organization\"},\"image\":{\"@id\":\"https:\/\/agenciainfra.com\/blog\/epe-falta-de-transparencia-sobre-infraestruturas-trava-mercado-de-gas\/#primaryimage\"},\"thumbnailUrl\":\"https:\/\/agenciainfra.com\/blog\/wp-content\/uploads\/2021\/04\/gas-natural-foto-agencia-brasil.png\",\"keywords\":[\"EPE (Empresa de Pesquisa Energ\u00e9tica)\",\"Gabriel Vasconcelos\",\"g\u00e1s natural\",\"gasodutos\",\"Helo\u00edsa Borges\",\"Infraestrutura\",\"mercado de g\u00e1s\",\"MME (Minist\u00e9rio de Minas e Energia)\",\"Petrobras\"],\"articleSection\":[\"Destaque lista\",\"\u00d3leo &amp; G\u00e1s\"],\"inLanguage\":\"pt-BR\",\"copyrightYear\":\"2025\",\"copyrightHolder\":{\"@id\":\"https:\/\/agenciainfra.com\/blog\/#organization\"}},{\"@type\":\"WebPage\",\"@id\":\"https:\/\/agenciainfra.com\/blog\/epe-falta-de-transparencia-sobre-infraestruturas-trava-mercado-de-gas\/\",\"url\":\"https:\/\/agenciainfra.com\/blog\/epe-falta-de-transparencia-sobre-infraestruturas-trava-mercado-de-gas\/\",\"name\":\"EPE: Falta de transpar\u00eancia sobre infraestruturas trava mercado de g\u00e1s - Ag\u00eancia iNFRA\",\"isPartOf\":{\"@id\":\"https:\/\/agenciainfra.com\/blog\/#website\"},\"primaryImageOfPage\":{\"@id\":\"https:\/\/agenciainfra.com\/blog\/epe-falta-de-transparencia-sobre-infraestruturas-trava-mercado-de-gas\/#primaryimage\"},\"image\":{\"@id\":\"https:\/\/agenciainfra.com\/blog\/epe-falta-de-transparencia-sobre-infraestruturas-trava-mercado-de-gas\/#primaryimage\"},\"thumbnailUrl\":\"https:\/\/agenciainfra.com\/blog\/wp-content\/uploads\/2021\/04\/gas-natural-foto-agencia-brasil.png\",\"datePublished\":\"2025-11-03T22:33:37+00:00\",\"dateModified\":\"2025-11-04T17:26:43+00:00\",\"breadcrumb\":{\"@id\":\"https:\/\/agenciainfra.com\/blog\/epe-falta-de-transparencia-sobre-infraestruturas-trava-mercado-de-gas\/#breadcrumb\"},\"inLanguage\":\"pt-BR\",\"potentialAction\":[{\"@type\":\"ReadAction\",\"target\":[\"https:\/\/agenciainfra.com\/blog\/epe-falta-de-transparencia-sobre-infraestruturas-trava-mercado-de-gas\/\"]}]},{\"@type\":\"ImageObject\",\"inLanguage\":\"pt-BR\",\"@id\":\"https:\/\/agenciainfra.com\/blog\/epe-falta-de-transparencia-sobre-infraestruturas-trava-mercado-de-gas\/#primaryimage\",\"url\":\"https:\/\/agenciainfra.com\/blog\/wp-content\/uploads\/2021\/04\/gas-natural-foto-agencia-brasil.png\",\"contentUrl\":\"https:\/\/agenciainfra.com\/blog\/wp-content\/uploads\/2021\/04\/gas-natural-foto-agencia-brasil.png\",\"width\":1280,\"height\":678,\"caption\":\"Foto: Ag\u00eancia Brasil\"},{\"@type\":\"BreadcrumbList\",\"@id\":\"https:\/\/agenciainfra.com\/blog\/epe-falta-de-transparencia-sobre-infraestruturas-trava-mercado-de-gas\/#breadcrumb\",\"itemListElement\":[{\"@type\":\"ListItem\",\"position\":1,\"name\":\"In\u00edcio\",\"item\":\"https:\/\/agenciainfra.com\/blog\/\"},{\"@type\":\"ListItem\",\"position\":2,\"name\":\"EPE: Falta de transpar\u00eancia sobre infraestruturas trava mercado de g\u00e1s\"}]},{\"@type\":\"WebSite\",\"@id\":\"https:\/\/agenciainfra.com\/blog\/#website\",\"url\":\"https:\/\/agenciainfra.com\/blog\/\",\"name\":\"Ag\u00eancia iNFRA\",\"description\":\"Multiplataforma de informa\u00e7\u00e3o jornal\u00edstica refer\u00eancia na \u00e1rea de infraestrutura no Brasil!\",\"publisher\":{\"@id\":\"https:\/\/agenciainfra.com\/blog\/#organization\"},\"potentialAction\":[{\"@type\":\"SearchAction\",\"target\":{\"@type\":\"EntryPoint\",\"urlTemplate\":\"https:\/\/agenciainfra.com\/blog\/?s={search_term_string}\"},\"query-input\":{\"@type\":\"PropertyValueSpecification\",\"valueRequired\":true,\"valueName\":\"search_term_string\"}}],\"inLanguage\":\"pt-BR\"},{\"@type\":\"Organization\",\"@id\":\"https:\/\/agenciainfra.com\/blog\/#organization\",\"name\":\"Ag\u00eancia iNFRA\",\"url\":\"https:\/\/agenciainfra.com\/blog\/\",\"logo\":{\"@type\":\"ImageObject\",\"inLanguage\":\"pt-BR\",\"@id\":\"https:\/\/agenciainfra.com\/blog\/#\/schema\/logo\/image\/\",\"url\":\"https:\/\/agenciainfra.com\/blog\/wp-content\/uploads\/2023\/09\/iNFRA_5-e1761735885940.png\",\"contentUrl\":\"https:\/\/agenciainfra.com\/blog\/wp-content\/uploads\/2023\/09\/iNFRA_5-e1761735885940.png\",\"width\":1672,\"height\":454,\"caption\":\"Ag\u00eancia iNFRA\"},\"image\":{\"@id\":\"https:\/\/agenciainfra.com\/blog\/#\/schema\/logo\/image\/\"},\"sameAs\":[\"https:\/\/www.facebook.com\/ageninfra\",\"https:\/\/x.com\/agencia_infra\",\"https:\/\/www.linkedin.com\/company\/ag\u00eanciainfra\/\",\"https:\/\/www.instagram.com\/agenciainfra\/\"]},{\"@type\":\"Person\",\"@id\":\"https:\/\/agenciainfra.com\/blog\/#\/schema\/person\/34af08dff6adea4cb22b06612ba7acfa\",\"name\":\"Ag\u00eancia iNFRA\",\"image\":{\"@type\":\"ImageObject\",\"inLanguage\":\"pt-BR\",\"@id\":\"https:\/\/agenciainfra.com\/blog\/#\/schema\/person\/image\/\",\"url\":\"https:\/\/secure.gravatar.com\/avatar\/d189e01678f06d8eb84d4e01f08eb848b3fffe3f8443818d3c356c66892f5be8?s=96&d=mm&r=g\",\"contentUrl\":\"https:\/\/secure.gravatar.com\/avatar\/d189e01678f06d8eb84d4e01f08eb848b3fffe3f8443818d3c356c66892f5be8?s=96&d=mm&r=g\",\"caption\":\"Ag\u00eancia iNFRA\"},\"url\":\"https:\/\/agenciainfra.com\/blog\/author\/admin\/\"}]}<\/script>\n<!-- \/ Yoast SEO Premium plugin. -->","yoast_head_json":{"title":"EPE: Falta de transpar\u00eancia sobre infraestruturas trava mercado de g\u00e1s - Ag\u00eancia iNFRA","robots":{"index":"index","follow":"follow","max-snippet":"max-snippet:-1","max-image-preview":"max-image-preview:large","max-video-preview":"max-video-preview:-1"},"canonical":"https:\/\/agenciainfra.com\/blog\/epe-falta-de-transparencia-sobre-infraestruturas-trava-mercado-de-gas\/","og_locale":"pt_BR","og_type":"article","og_title":"EPE: Falta de transpar\u00eancia sobre infraestruturas trava mercado de g\u00e1s","og_description":"Gabriel Vasconcelos, da Ag\u00eancia iNFRA A diretora de Estudos de Petr\u00f3leo, G\u00e1s Natural e Biocombust\u00edveis da EPE (Empresa de Pesquisa Energ\u00e9tica), Helo\u00edsa Borges, disse nesta segunda-feira (3) que uma das travas ao mercado de g\u00e1s no Brasil segue sendo a falta de transpar\u00eancia no custo de utiliza\u00e7\u00e3o das infraestruturas de escoamento e tratamento de g\u00e1s. [&hellip;]","og_url":"https:\/\/agenciainfra.com\/blog\/epe-falta-de-transparencia-sobre-infraestruturas-trava-mercado-de-gas\/","og_site_name":"Ag\u00eancia iNFRA","article_publisher":"https:\/\/www.facebook.com\/ageninfra","article_published_time":"2025-11-03T22:33:37+00:00","article_modified_time":"2025-11-04T17:26:43+00:00","og_image":[{"width":1280,"height":678,"url":"https:\/\/agenciainfra.com\/blog\/wp-content\/uploads\/2021\/04\/gas-natural-foto-agencia-brasil.png","type":"image\/png"}],"author":"Ag\u00eancia iNFRA","twitter_card":"summary_large_image","twitter_creator":"@agencia_infra","twitter_site":"@agencia_infra","twitter_misc":{"Escrito por":"Ag\u00eancia iNFRA","Est. tempo de leitura":"3 minutos"},"schema":{"@context":"https:\/\/schema.org","@graph":[{"@type":"Article","@id":"https:\/\/agenciainfra.com\/blog\/epe-falta-de-transparencia-sobre-infraestruturas-trava-mercado-de-gas\/#article","isPartOf":{"@id":"https:\/\/agenciainfra.com\/blog\/epe-falta-de-transparencia-sobre-infraestruturas-trava-mercado-de-gas\/"},"author":{"name":"Ag\u00eancia iNFRA","@id":"https:\/\/agenciainfra.com\/blog\/#\/schema\/person\/34af08dff6adea4cb22b06612ba7acfa"},"headline":"EPE: Falta de transpar\u00eancia sobre infraestruturas trava mercado de g\u00e1s","datePublished":"2025-11-03T22:33:37+00:00","dateModified":"2025-11-04T17:26:43+00:00","mainEntityOfPage":{"@id":"https:\/\/agenciainfra.com\/blog\/epe-falta-de-transparencia-sobre-infraestruturas-trava-mercado-de-gas\/"},"wordCount":702,"publisher":{"@id":"https:\/\/agenciainfra.com\/blog\/#organization"},"image":{"@id":"https:\/\/agenciainfra.com\/blog\/epe-falta-de-transparencia-sobre-infraestruturas-trava-mercado-de-gas\/#primaryimage"},"thumbnailUrl":"https:\/\/agenciainfra.com\/blog\/wp-content\/uploads\/2021\/04\/gas-natural-foto-agencia-brasil.png","keywords":["EPE (Empresa de Pesquisa Energ\u00e9tica)","Gabriel Vasconcelos","g\u00e1s natural","gasodutos","Helo\u00edsa Borges","Infraestrutura","mercado de g\u00e1s","MME (Minist\u00e9rio de Minas e Energia)","Petrobras"],"articleSection":["Destaque lista","\u00d3leo &amp; G\u00e1s"],"inLanguage":"pt-BR","copyrightYear":"2025","copyrightHolder":{"@id":"https:\/\/agenciainfra.com\/blog\/#organization"}},{"@type":"WebPage","@id":"https:\/\/agenciainfra.com\/blog\/epe-falta-de-transparencia-sobre-infraestruturas-trava-mercado-de-gas\/","url":"https:\/\/agenciainfra.com\/blog\/epe-falta-de-transparencia-sobre-infraestruturas-trava-mercado-de-gas\/","name":"EPE: Falta de transpar\u00eancia sobre infraestruturas trava mercado de g\u00e1s - Ag\u00eancia iNFRA","isPartOf":{"@id":"https:\/\/agenciainfra.com\/blog\/#website"},"primaryImageOfPage":{"@id":"https:\/\/agenciainfra.com\/blog\/epe-falta-de-transparencia-sobre-infraestruturas-trava-mercado-de-gas\/#primaryimage"},"image":{"@id":"https:\/\/agenciainfra.com\/blog\/epe-falta-de-transparencia-sobre-infraestruturas-trava-mercado-de-gas\/#primaryimage"},"thumbnailUrl":"https:\/\/agenciainfra.com\/blog\/wp-content\/uploads\/2021\/04\/gas-natural-foto-agencia-brasil.png","datePublished":"2025-11-03T22:33:37+00:00","dateModified":"2025-11-04T17:26:43+00:00","breadcrumb":{"@id":"https:\/\/agenciainfra.com\/blog\/epe-falta-de-transparencia-sobre-infraestruturas-trava-mercado-de-gas\/#breadcrumb"},"inLanguage":"pt-BR","potentialAction":[{"@type":"ReadAction","target":["https:\/\/agenciainfra.com\/blog\/epe-falta-de-transparencia-sobre-infraestruturas-trava-mercado-de-gas\/"]}]},{"@type":"ImageObject","inLanguage":"pt-BR","@id":"https:\/\/agenciainfra.com\/blog\/epe-falta-de-transparencia-sobre-infraestruturas-trava-mercado-de-gas\/#primaryimage","url":"https:\/\/agenciainfra.com\/blog\/wp-content\/uploads\/2021\/04\/gas-natural-foto-agencia-brasil.png","contentUrl":"https:\/\/agenciainfra.com\/blog\/wp-content\/uploads\/2021\/04\/gas-natural-foto-agencia-brasil.png","width":1280,"height":678,"caption":"Foto: Ag\u00eancia Brasil"},{"@type":"BreadcrumbList","@id":"https:\/\/agenciainfra.com\/blog\/epe-falta-de-transparencia-sobre-infraestruturas-trava-mercado-de-gas\/#breadcrumb","itemListElement":[{"@type":"ListItem","position":1,"name":"In\u00edcio","item":"https:\/\/agenciainfra.com\/blog\/"},{"@type":"ListItem","position":2,"name":"EPE: Falta de transpar\u00eancia sobre infraestruturas trava mercado de g\u00e1s"}]},{"@type":"WebSite","@id":"https:\/\/agenciainfra.com\/blog\/#website","url":"https:\/\/agenciainfra.com\/blog\/","name":"Ag\u00eancia iNFRA","description":"Multiplataforma de informa\u00e7\u00e3o jornal\u00edstica refer\u00eancia na \u00e1rea de infraestrutura no Brasil!","publisher":{"@id":"https:\/\/agenciainfra.com\/blog\/#organization"},"potentialAction":[{"@type":"SearchAction","target":{"@type":"EntryPoint","urlTemplate":"https:\/\/agenciainfra.com\/blog\/?s={search_term_string}"},"query-input":{"@type":"PropertyValueSpecification","valueRequired":true,"valueName":"search_term_string"}}],"inLanguage":"pt-BR"},{"@type":"Organization","@id":"https:\/\/agenciainfra.com\/blog\/#organization","name":"Ag\u00eancia iNFRA","url":"https:\/\/agenciainfra.com\/blog\/","logo":{"@type":"ImageObject","inLanguage":"pt-BR","@id":"https:\/\/agenciainfra.com\/blog\/#\/schema\/logo\/image\/","url":"https:\/\/agenciainfra.com\/blog\/wp-content\/uploads\/2023\/09\/iNFRA_5-e1761735885940.png","contentUrl":"https:\/\/agenciainfra.com\/blog\/wp-content\/uploads\/2023\/09\/iNFRA_5-e1761735885940.png","width":1672,"height":454,"caption":"Ag\u00eancia iNFRA"},"image":{"@id":"https:\/\/agenciainfra.com\/blog\/#\/schema\/logo\/image\/"},"sameAs":["https:\/\/www.facebook.com\/ageninfra","https:\/\/x.com\/agencia_infra","https:\/\/www.linkedin.com\/company\/ag\u00eanciainfra\/","https:\/\/www.instagram.com\/agenciainfra\/"]},{"@type":"Person","@id":"https:\/\/agenciainfra.com\/blog\/#\/schema\/person\/34af08dff6adea4cb22b06612ba7acfa","name":"Ag\u00eancia iNFRA","image":{"@type":"ImageObject","inLanguage":"pt-BR","@id":"https:\/\/agenciainfra.com\/blog\/#\/schema\/person\/image\/","url":"https:\/\/secure.gravatar.com\/avatar\/d189e01678f06d8eb84d4e01f08eb848b3fffe3f8443818d3c356c66892f5be8?s=96&d=mm&r=g","contentUrl":"https:\/\/secure.gravatar.com\/avatar\/d189e01678f06d8eb84d4e01f08eb848b3fffe3f8443818d3c356c66892f5be8?s=96&d=mm&r=g","caption":"Ag\u00eancia iNFRA"},"url":"https:\/\/agenciainfra.com\/blog\/author\/admin\/"}]}},"_links":{"self":[{"href":"https:\/\/agenciainfra.com\/blog\/wp-json\/wp\/v2\/posts\/31419","targetHints":{"allow":["GET"]}}],"collection":[{"href":"https:\/\/agenciainfra.com\/blog\/wp-json\/wp\/v2\/posts"}],"about":[{"href":"https:\/\/agenciainfra.com\/blog\/wp-json\/wp\/v2\/types\/post"}],"author":[{"embeddable":true,"href":"https:\/\/agenciainfra.com\/blog\/wp-json\/wp\/v2\/users\/1"}],"replies":[{"embeddable":true,"href":"https:\/\/agenciainfra.com\/blog\/wp-json\/wp\/v2\/comments?post=31419"}],"version-history":[{"count":1,"href":"https:\/\/agenciainfra.com\/blog\/wp-json\/wp\/v2\/posts\/31419\/revisions"}],"predecessor-version":[{"id":31420,"href":"https:\/\/agenciainfra.com\/blog\/wp-json\/wp\/v2\/posts\/31419\/revisions\/31420"}],"wp:featuredmedia":[{"embeddable":true,"href":"https:\/\/agenciainfra.com\/blog\/wp-json\/wp\/v2\/media\/7088"}],"wp:attachment":[{"href":"https:\/\/agenciainfra.com\/blog\/wp-json\/wp\/v2\/media?parent=31419"}],"wp:term":[{"taxonomy":"category","embeddable":true,"href":"https:\/\/agenciainfra.com\/blog\/wp-json\/wp\/v2\/categories?post=31419"},{"taxonomy":"post_tag","embeddable":true,"href":"https:\/\/agenciainfra.com\/blog\/wp-json\/wp\/v2\/tags?post=31419"}],"curies":[{"name":"wp","href":"https:\/\/api.w.org\/{rel}","templated":true}]}}