{"id":31424,"date":"2025-11-04T09:30:00","date_gmt":"2025-11-04T12:30:00","guid":{"rendered":"https:\/\/agenciainfra.com\/blog\/?p=31424"},"modified":"2025-11-04T16:01:28","modified_gmt":"2025-11-04T19:01:28","slug":"mp-1-304-pode-implicar-em-custos-maiores-para-geracao-distribuida-solar","status":"publish","type":"post","link":"https:\/\/agenciainfra.com\/blog\/mp-1-304-pode-implicar-em-custos-maiores-para-geracao-distribuida-solar\/","title":{"rendered":"MP 1.304 pode implicar em custos maiores para gera\u00e7\u00e3o distribu\u00edda solar"},"content":{"rendered":"\n<p class=\"has-text-align-right\"><strong>Marisa Wanzeller e Geraldo Campos Jr., da Ag\u00eancia iNFRA<\/strong><\/p>\n\n\n\n<p>O\u00a0<a href=\"https:\/\/legis.senado.leg.br\/sdleg-getter\/documento?dm=10093220&amp;ts=1762180806734&amp;rendition_principal=S&amp;disposition=inline\" target=\"_blank\" rel=\"noreferrer noopener\">texto final<\/a>\u00a0da MP (Medida Provis\u00f3ria) 1.304 aprovado no Congresso Nacional pode provocar aumento nos custos a serem pagos pelo segmento de GD (Gera\u00e7\u00e3o Distribu\u00edda) solar. Apesar do plen\u00e1rio da C\u00e2mara ter retirado uma taxa extra de R$ 20 a cada 100 kWh (quilowatts-hora) para os novos entrantes, outras duas regras que constam na medida podem acabar tendo efeito ainda maior a esses usu\u00e1rios do sistema, afirmam especialistas ouvidos pelo\u00a0<strong>Ag\u00eancia iNFRA<\/strong>.<br><br>A MP aprovada estabelece uma trava para o crescimento da CDE (Conta de Desenvolvimento Energ\u00e9tico) a partir de 2027, com um teto para cada tipo de despesa da conta e corre\u00e7\u00e3o anual da infla\u00e7\u00e3o. Se o segmento beneficiado extrapolar o seu teto, ele ter\u00e1 de pagar o excedente por meio do Encargo Complementar de Recursos.\u00a0<br><br>O or\u00e7amento da gera\u00e7\u00e3o distribu\u00edda em 2025 na conta est\u00e1 em R$ 5,5 bilh\u00f5es. Esse valor corresponde aos benef\u00edcios dados aos empreendimentos conectados ap\u00f3s 7 janeiro de 2023, fim do per\u00edodo de transi\u00e7\u00e3o da Lei 14.300\/2022, que s\u00e3o chamados de GD 2\u00a0e GD 3.\u00a0<br><br>No entanto, fontes apontam que outro trecho da medida permitir\u00e1 a inclus\u00e3o na CDE de empreendimentos que pediram conex\u00e3o \u00e0 rede antes desta data, a GD 1.\u00a0Atualmente, esses subs\u00eddios s\u00e3o suportados diretamente pelas distribuidoras e consumidores de cada \u00e1rea de concess\u00e3o. Com a poss\u00edvel inclus\u00e3o, o entendimento de especialistas \u00e9 que esse or\u00e7amento ir\u00e1 \u201cexplodir&#8221;, levando a um valor bem acima do teto proposto e provocando um pagamento elevado pelo segmento.\u00a0<br><br>\u201cV\u00e3o colocar como teto o or\u00e7amento de 2025, e, a partir de 2027, o que passar desse teto \u00e9 rateado entre os benefici\u00e1rios. Desta forma, o subs\u00eddio da GD vai estancar a partir de 2027, e o que crescer vai voltar para ser pago pelos pr\u00f3prios propriet\u00e1rios de GD&#8221;, explica uma fonte com conhecimento no tema. Outro especialista aponta que \u201cesse teto foi feito com base num gasto que n\u00e3o considera a GD 1&#8243;. Portanto, com a inclus\u00e3o dos novos benefici\u00e1rios, o valor ir\u00e1 muito al\u00e9m do teto\u00a0e aumentar\u00e1 os custos de todo o segmento de GD solar.<br><br>O texto final da MP 1.304, aprovado no Congresso na \u00faltima semana, foi enviado para o Pal\u00e1cio do Planalto nesta segunda-feira (3) e deve ser sancionado pelo presidente Lula at\u00e9 24 de novembro, sujeito a vetos.\u00a0<br>\u00a0<br><strong>Regulamenta\u00e7\u00e3o<\/strong><br>O segmento solar, contudo, apoia-se no entendimento de que a reda\u00e7\u00e3o da MP pode ser interpretada de diferentes formas e que\u00a0caber\u00e1 \u00e0 ANEEL (Ag\u00eancia Nacional de Energia El\u00e9trica) definir se os custos com os subs\u00eddios da GD 1 (empreendimentos conectados at\u00e9 o fim do per\u00edodo de transi\u00e7\u00e3o da lei) ser\u00e3o absorvidos pela CDE.<br><br>O texto diz que a CDE deve ter como um dos objetivos \u201cprover recursos para compensar os benef\u00edcios tarif\u00e1rios associados ao sistema de compensa\u00e7\u00e3o de energia da microgera\u00e7\u00e3o e minigera\u00e7\u00e3o distribu\u00edda de que trata a Lei n\u00ba 14.300\u201d, conforme o Artigo 7\u00ba.\u00a0<br><br>B\u00e1rbara Rubim, CEO da consultoria Bright Strategies e vice-presidente de Gera\u00e7\u00e3o Distribu\u00edda da Absolar (Associa\u00e7\u00e3o Brasileira de Energia Solar Fotovoltaica), avalia que \u00e9 preciso \u201centender se essa inser\u00e7\u00e3o foi feita s\u00f3 para uniformizar o sistema normativo\u201d ou \u201cpor algum outro motivo que a ANEEL vai trazer por meio de regula\u00e7\u00e3o&#8221;. \u201cQueiramos acreditar que foi s\u00f3 para uniformizar&#8221;, declarou em transmiss\u00e3o ao vivo em suas redes sociais.<br><br>\u201cQual \u00e9 o risco que a gente tem aqui? O risco que a gente tem \u00e9 que na hora que isso for ser regulado, de alguma maneira, algu\u00e9m tente dar um cavalo de pau no setor e colocar GD 1\u00a0aqui dentro&#8221;, continuou. Para a especialista, um eventual veto presidencial a este artigo garantiria mais seguran\u00e7a ao segmento.<br><br><strong>Rateio do encargo<\/strong><br>A reguladora tamb\u00e9m deve se debru\u00e7ar sobre a forma de pagamento do Encargo Complementar de Recursos. A reda\u00e7\u00e3o dada pela vers\u00e3o final da MP diz que o montante ser\u00e1 destinado a cobrir a diferen\u00e7a entre o valor or\u00e7ado e o limite estabelecido para \u201co respectivo item de despesa&#8221;. Tamb\u00e9m diz que ele \u201cter\u00e1 seu pagamento operacionalizado por meio da redu\u00e7\u00e3o de cada um dos benef\u00edcios custeados pela CDE na propor\u00e7\u00e3o de que trata o inciso I, conforme regula\u00e7\u00e3o da ANEEL\u201d.<br><br>Caio Alves, ex-assessor da ANEEL e head de Energia do escrit\u00f3rio Rolim Goulart Cardoso Advogados,\u00a0avalia que o encargo \u201cser\u00e1 dividido por todos os benefici\u00e1rios&#8221;. Mas que a reguladora dever\u00e1 definir se ser\u00e1 feito &#8220;de forma proporcional, em raz\u00e3o do potencial que [cada beneficiado] usou, ou igualitariamente&#8221;.<br><br><strong>Entenda os tipos de GD, benef\u00edcios e atual fonte de receita:<\/strong><\/p>\n\n\n\n<ul class=\"wp-block-list\">\n<li><strong>GD 1 \u2013\u00a0<\/strong>usu\u00e1rios que solicitaram conex\u00e3o at\u00e9 7 de janeiro de 2023, com isen\u00e7\u00e3o da tarifa de fio at\u00e9 2045. Despesa suportada pelas distribuidoras e consumidores da concess\u00e3o sem custeio da CDE;<\/li>\n\n\n\n<li><strong>GD 2 \u2013\u00a0<\/strong>usu\u00e1rios que solicitaram conex\u00e3o a partir de 8 de janeiro de 2023, com pot\u00eancia menor que 500 kW, t\u00eam pagamento de um percentual do fio, de forma gradual at\u00e9 2028. O desconto \u00e9 bancado pela CDE;<\/li>\n\n\n\n<li><strong>GD 3 \u2013<\/strong>\u00a0usu\u00e1rios que solicitaram conex\u00e3o a partir de 8 de janeiro de 2023, com pot\u00eancia maior que 500 kW, pagam 100% do fio B e 40% do fio A at\u00e9 2028. O desconto \u00e9 bancado pela CDE.<\/li>\n<\/ul>\n","protected":false},"excerpt":{"rendered":"<p>Marisa Wanzeller e Geraldo Campos Jr., da Ag\u00eancia iNFRA O\u00a0texto final\u00a0da MP (Medida Provis\u00f3ria) 1.304 aprovado no Congresso Nacional pode provocar aumento nos custos a serem pagos pelo segmento de GD (Gera\u00e7\u00e3o Distribu\u00edda) solar. Apesar do plen\u00e1rio da C\u00e2mara ter retirado uma taxa extra de R$ 20 a cada 100 kWh (quilowatts-hora) para os novos [&hellip;]<\/p>\n","protected":false},"author":1,"featured_media":11652,"comment_status":"closed","ping_status":"closed","sticky":false,"template":"","format":"standard","meta":{"_monsterinsights_skip_tracking":false,"_monsterinsights_sitenote_active":false,"_monsterinsights_sitenote_note":"","_monsterinsights_sitenote_category":0,"footnotes":""},"categories":[7250,10],"tags":[1093,6371,6293,850,5034,11594,7366,71,14378,13261,54],"class_list":["post-31424","post","type-post","status-publish","format-standard","has-post-thumbnail","hentry","category-destaque-lista","category-infraenergia","tag-energia-solar","tag-gd","tag-gd-solar","tag-geracao-distribuida","tag-geracao-distribuida-solar","tag-geraldo-campos-jr","tag-marisa-wanzeller","tag-mme","tag-mp-1-304","tag-mp-do-setor-eletrico","tag-setor-eletrico"],"yoast_head":"<!-- This site is optimized with the Yoast SEO Premium plugin v25.4 (Yoast SEO v26.0) - https:\/\/yoast.com\/wordpress\/plugins\/seo\/ -->\n<title>MP 1.304 pode implicar em custos maiores para gera\u00e7\u00e3o distribu\u00edda solar - Ag\u00eancia iNFRA<\/title>\n<meta name=\"robots\" content=\"index, follow, max-snippet:-1, max-image-preview:large, max-video-preview:-1\" \/>\n<link rel=\"canonical\" href=\"https:\/\/agenciainfra.com\/blog\/mp-1-304-pode-implicar-em-custos-maiores-para-geracao-distribuida-solar\/\" \/>\n<meta property=\"og:locale\" content=\"pt_BR\" \/>\n<meta property=\"og:type\" content=\"article\" \/>\n<meta property=\"og:title\" content=\"MP 1.304 pode implicar em custos maiores para gera\u00e7\u00e3o distribu\u00edda solar\" \/>\n<meta property=\"og:description\" content=\"Marisa Wanzeller e Geraldo Campos Jr., da Ag\u00eancia iNFRA O\u00a0texto final\u00a0da MP (Medida Provis\u00f3ria) 1.304 aprovado no Congresso Nacional pode provocar aumento nos custos a serem pagos pelo segmento de GD (Gera\u00e7\u00e3o Distribu\u00edda) solar. Apesar do plen\u00e1rio da C\u00e2mara ter retirado uma taxa extra de R$ 20 a cada 100 kWh (quilowatts-hora) para os novos [&hellip;]\" \/>\n<meta property=\"og:url\" content=\"https:\/\/agenciainfra.com\/blog\/mp-1-304-pode-implicar-em-custos-maiores-para-geracao-distribuida-solar\/\" \/>\n<meta property=\"og:site_name\" content=\"Ag\u00eancia iNFRA\" \/>\n<meta property=\"article:publisher\" content=\"https:\/\/www.facebook.com\/ageninfra\" \/>\n<meta property=\"article:published_time\" content=\"2025-11-04T12:30:00+00:00\" \/>\n<meta property=\"article:modified_time\" content=\"2025-11-04T19:01:28+00:00\" \/>\n<meta property=\"og:image\" content=\"https:\/\/agenciainfra.com\/blog\/wp-content\/uploads\/2022\/11\/paineis-solares-foto-dominio-publico.jpeg\" \/>\n\t<meta property=\"og:image:width\" content=\"1280\" \/>\n\t<meta property=\"og:image:height\" content=\"820\" \/>\n\t<meta property=\"og:image:type\" content=\"image\/jpeg\" \/>\n<meta name=\"author\" content=\"Ag\u00eancia iNFRA\" \/>\n<meta name=\"twitter:card\" content=\"summary_large_image\" \/>\n<meta name=\"twitter:creator\" content=\"@agencia_infra\" \/>\n<meta name=\"twitter:site\" content=\"@agencia_infra\" \/>\n<meta name=\"twitter:label1\" content=\"Escrito por\" \/>\n\t<meta name=\"twitter:data1\" content=\"Ag\u00eancia iNFRA\" \/>\n\t<meta name=\"twitter:label2\" content=\"Est. tempo de leitura\" \/>\n\t<meta name=\"twitter:data2\" content=\"4 minutos\" \/>\n<script type=\"application\/ld+json\" class=\"yoast-schema-graph\">{\"@context\":\"https:\/\/schema.org\",\"@graph\":[{\"@type\":\"Article\",\"@id\":\"https:\/\/agenciainfra.com\/blog\/mp-1-304-pode-implicar-em-custos-maiores-para-geracao-distribuida-solar\/#article\",\"isPartOf\":{\"@id\":\"https:\/\/agenciainfra.com\/blog\/mp-1-304-pode-implicar-em-custos-maiores-para-geracao-distribuida-solar\/\"},\"author\":{\"name\":\"Ag\u00eancia iNFRA\",\"@id\":\"https:\/\/agenciainfra.com\/blog\/#\/schema\/person\/34af08dff6adea4cb22b06612ba7acfa\"},\"headline\":\"MP 1.304 pode implicar em custos maiores para gera\u00e7\u00e3o distribu\u00edda solar\",\"datePublished\":\"2025-11-04T12:30:00+00:00\",\"dateModified\":\"2025-11-04T19:01:28+00:00\",\"mainEntityOfPage\":{\"@id\":\"https:\/\/agenciainfra.com\/blog\/mp-1-304-pode-implicar-em-custos-maiores-para-geracao-distribuida-solar\/\"},\"wordCount\":911,\"publisher\":{\"@id\":\"https:\/\/agenciainfra.com\/blog\/#organization\"},\"image\":{\"@id\":\"https:\/\/agenciainfra.com\/blog\/mp-1-304-pode-implicar-em-custos-maiores-para-geracao-distribuida-solar\/#primaryimage\"},\"thumbnailUrl\":\"https:\/\/agenciainfra.com\/blog\/wp-content\/uploads\/2022\/11\/paineis-solares-foto-dominio-publico.jpeg\",\"keywords\":[\"energia solar\",\"GD\",\"GD solar\",\"gera\u00e7\u00e3o distribu\u00edda\",\"gera\u00e7\u00e3o distribu\u00edda solar\",\"Geraldo Campos Jr.\",\"Marisa Wanzeller\",\"MME\",\"MP 1.304\",\"mp do setor el\u00e9trico\",\"Setor El\u00e9trico\"],\"articleSection\":[\"Destaque lista\",\"iNFRAEnergia\"],\"inLanguage\":\"pt-BR\",\"copyrightYear\":\"2025\",\"copyrightHolder\":{\"@id\":\"https:\/\/agenciainfra.com\/blog\/#organization\"}},{\"@type\":\"WebPage\",\"@id\":\"https:\/\/agenciainfra.com\/blog\/mp-1-304-pode-implicar-em-custos-maiores-para-geracao-distribuida-solar\/\",\"url\":\"https:\/\/agenciainfra.com\/blog\/mp-1-304-pode-implicar-em-custos-maiores-para-geracao-distribuida-solar\/\",\"name\":\"MP 1.304 pode implicar em custos maiores para gera\u00e7\u00e3o distribu\u00edda solar - Ag\u00eancia iNFRA\",\"isPartOf\":{\"@id\":\"https:\/\/agenciainfra.com\/blog\/#website\"},\"primaryImageOfPage\":{\"@id\":\"https:\/\/agenciainfra.com\/blog\/mp-1-304-pode-implicar-em-custos-maiores-para-geracao-distribuida-solar\/#primaryimage\"},\"image\":{\"@id\":\"https:\/\/agenciainfra.com\/blog\/mp-1-304-pode-implicar-em-custos-maiores-para-geracao-distribuida-solar\/#primaryimage\"},\"thumbnailUrl\":\"https:\/\/agenciainfra.com\/blog\/wp-content\/uploads\/2022\/11\/paineis-solares-foto-dominio-publico.jpeg\",\"datePublished\":\"2025-11-04T12:30:00+00:00\",\"dateModified\":\"2025-11-04T19:01:28+00:00\",\"breadcrumb\":{\"@id\":\"https:\/\/agenciainfra.com\/blog\/mp-1-304-pode-implicar-em-custos-maiores-para-geracao-distribuida-solar\/#breadcrumb\"},\"inLanguage\":\"pt-BR\",\"potentialAction\":[{\"@type\":\"ReadAction\",\"target\":[\"https:\/\/agenciainfra.com\/blog\/mp-1-304-pode-implicar-em-custos-maiores-para-geracao-distribuida-solar\/\"]}]},{\"@type\":\"ImageObject\",\"inLanguage\":\"pt-BR\",\"@id\":\"https:\/\/agenciainfra.com\/blog\/mp-1-304-pode-implicar-em-custos-maiores-para-geracao-distribuida-solar\/#primaryimage\",\"url\":\"https:\/\/agenciainfra.com\/blog\/wp-content\/uploads\/2022\/11\/paineis-solares-foto-dominio-publico.jpeg\",\"contentUrl\":\"https:\/\/agenciainfra.com\/blog\/wp-content\/uploads\/2022\/11\/paineis-solares-foto-dominio-publico.jpeg\",\"width\":1280,\"height\":820,\"caption\":\"Foto: Dom\u00ednio P\u00fablico\"},{\"@type\":\"BreadcrumbList\",\"@id\":\"https:\/\/agenciainfra.com\/blog\/mp-1-304-pode-implicar-em-custos-maiores-para-geracao-distribuida-solar\/#breadcrumb\",\"itemListElement\":[{\"@type\":\"ListItem\",\"position\":1,\"name\":\"In\u00edcio\",\"item\":\"https:\/\/agenciainfra.com\/blog\/\"},{\"@type\":\"ListItem\",\"position\":2,\"name\":\"MP 1.304 pode implicar em custos maiores para gera\u00e7\u00e3o distribu\u00edda solar\"}]},{\"@type\":\"WebSite\",\"@id\":\"https:\/\/agenciainfra.com\/blog\/#website\",\"url\":\"https:\/\/agenciainfra.com\/blog\/\",\"name\":\"Ag\u00eancia iNFRA\",\"description\":\"Multiplataforma de informa\u00e7\u00e3o jornal\u00edstica refer\u00eancia na \u00e1rea de infraestrutura no Brasil!\",\"publisher\":{\"@id\":\"https:\/\/agenciainfra.com\/blog\/#organization\"},\"potentialAction\":[{\"@type\":\"SearchAction\",\"target\":{\"@type\":\"EntryPoint\",\"urlTemplate\":\"https:\/\/agenciainfra.com\/blog\/?s={search_term_string}\"},\"query-input\":{\"@type\":\"PropertyValueSpecification\",\"valueRequired\":true,\"valueName\":\"search_term_string\"}}],\"inLanguage\":\"pt-BR\"},{\"@type\":\"Organization\",\"@id\":\"https:\/\/agenciainfra.com\/blog\/#organization\",\"name\":\"Ag\u00eancia iNFRA\",\"url\":\"https:\/\/agenciainfra.com\/blog\/\",\"logo\":{\"@type\":\"ImageObject\",\"inLanguage\":\"pt-BR\",\"@id\":\"https:\/\/agenciainfra.com\/blog\/#\/schema\/logo\/image\/\",\"url\":\"https:\/\/agenciainfra.com\/blog\/wp-content\/uploads\/2023\/09\/iNFRA_5-e1761735885940.png\",\"contentUrl\":\"https:\/\/agenciainfra.com\/blog\/wp-content\/uploads\/2023\/09\/iNFRA_5-e1761735885940.png\",\"width\":1672,\"height\":454,\"caption\":\"Ag\u00eancia iNFRA\"},\"image\":{\"@id\":\"https:\/\/agenciainfra.com\/blog\/#\/schema\/logo\/image\/\"},\"sameAs\":[\"https:\/\/www.facebook.com\/ageninfra\",\"https:\/\/x.com\/agencia_infra\",\"https:\/\/www.linkedin.com\/company\/ag\u00eanciainfra\/\",\"https:\/\/www.instagram.com\/agenciainfra\/\"]},{\"@type\":\"Person\",\"@id\":\"https:\/\/agenciainfra.com\/blog\/#\/schema\/person\/34af08dff6adea4cb22b06612ba7acfa\",\"name\":\"Ag\u00eancia iNFRA\",\"image\":{\"@type\":\"ImageObject\",\"inLanguage\":\"pt-BR\",\"@id\":\"https:\/\/agenciainfra.com\/blog\/#\/schema\/person\/image\/\",\"url\":\"https:\/\/secure.gravatar.com\/avatar\/d189e01678f06d8eb84d4e01f08eb848b3fffe3f8443818d3c356c66892f5be8?s=96&d=mm&r=g\",\"contentUrl\":\"https:\/\/secure.gravatar.com\/avatar\/d189e01678f06d8eb84d4e01f08eb848b3fffe3f8443818d3c356c66892f5be8?s=96&d=mm&r=g\",\"caption\":\"Ag\u00eancia iNFRA\"},\"url\":\"https:\/\/agenciainfra.com\/blog\/author\/admin\/\"}]}<\/script>\n<!-- \/ Yoast SEO Premium plugin. -->","yoast_head_json":{"title":"MP 1.304 pode implicar em custos maiores para gera\u00e7\u00e3o distribu\u00edda solar - Ag\u00eancia iNFRA","robots":{"index":"index","follow":"follow","max-snippet":"max-snippet:-1","max-image-preview":"max-image-preview:large","max-video-preview":"max-video-preview:-1"},"canonical":"https:\/\/agenciainfra.com\/blog\/mp-1-304-pode-implicar-em-custos-maiores-para-geracao-distribuida-solar\/","og_locale":"pt_BR","og_type":"article","og_title":"MP 1.304 pode implicar em custos maiores para gera\u00e7\u00e3o distribu\u00edda solar","og_description":"Marisa Wanzeller e Geraldo Campos Jr., da Ag\u00eancia iNFRA O\u00a0texto final\u00a0da MP (Medida Provis\u00f3ria) 1.304 aprovado no Congresso Nacional pode provocar aumento nos custos a serem pagos pelo segmento de GD (Gera\u00e7\u00e3o Distribu\u00edda) solar. Apesar do plen\u00e1rio da C\u00e2mara ter retirado uma taxa extra de R$ 20 a cada 100 kWh (quilowatts-hora) para os novos [&hellip;]","og_url":"https:\/\/agenciainfra.com\/blog\/mp-1-304-pode-implicar-em-custos-maiores-para-geracao-distribuida-solar\/","og_site_name":"Ag\u00eancia iNFRA","article_publisher":"https:\/\/www.facebook.com\/ageninfra","article_published_time":"2025-11-04T12:30:00+00:00","article_modified_time":"2025-11-04T19:01:28+00:00","og_image":[{"width":1280,"height":820,"url":"https:\/\/agenciainfra.com\/blog\/wp-content\/uploads\/2022\/11\/paineis-solares-foto-dominio-publico.jpeg","type":"image\/jpeg"}],"author":"Ag\u00eancia iNFRA","twitter_card":"summary_large_image","twitter_creator":"@agencia_infra","twitter_site":"@agencia_infra","twitter_misc":{"Escrito por":"Ag\u00eancia iNFRA","Est. tempo de leitura":"4 minutos"},"schema":{"@context":"https:\/\/schema.org","@graph":[{"@type":"Article","@id":"https:\/\/agenciainfra.com\/blog\/mp-1-304-pode-implicar-em-custos-maiores-para-geracao-distribuida-solar\/#article","isPartOf":{"@id":"https:\/\/agenciainfra.com\/blog\/mp-1-304-pode-implicar-em-custos-maiores-para-geracao-distribuida-solar\/"},"author":{"name":"Ag\u00eancia iNFRA","@id":"https:\/\/agenciainfra.com\/blog\/#\/schema\/person\/34af08dff6adea4cb22b06612ba7acfa"},"headline":"MP 1.304 pode implicar em custos maiores para gera\u00e7\u00e3o distribu\u00edda solar","datePublished":"2025-11-04T12:30:00+00:00","dateModified":"2025-11-04T19:01:28+00:00","mainEntityOfPage":{"@id":"https:\/\/agenciainfra.com\/blog\/mp-1-304-pode-implicar-em-custos-maiores-para-geracao-distribuida-solar\/"},"wordCount":911,"publisher":{"@id":"https:\/\/agenciainfra.com\/blog\/#organization"},"image":{"@id":"https:\/\/agenciainfra.com\/blog\/mp-1-304-pode-implicar-em-custos-maiores-para-geracao-distribuida-solar\/#primaryimage"},"thumbnailUrl":"https:\/\/agenciainfra.com\/blog\/wp-content\/uploads\/2022\/11\/paineis-solares-foto-dominio-publico.jpeg","keywords":["energia solar","GD","GD solar","gera\u00e7\u00e3o distribu\u00edda","gera\u00e7\u00e3o distribu\u00edda solar","Geraldo Campos Jr.","Marisa Wanzeller","MME","MP 1.304","mp do setor el\u00e9trico","Setor El\u00e9trico"],"articleSection":["Destaque lista","iNFRAEnergia"],"inLanguage":"pt-BR","copyrightYear":"2025","copyrightHolder":{"@id":"https:\/\/agenciainfra.com\/blog\/#organization"}},{"@type":"WebPage","@id":"https:\/\/agenciainfra.com\/blog\/mp-1-304-pode-implicar-em-custos-maiores-para-geracao-distribuida-solar\/","url":"https:\/\/agenciainfra.com\/blog\/mp-1-304-pode-implicar-em-custos-maiores-para-geracao-distribuida-solar\/","name":"MP 1.304 pode implicar em custos maiores para gera\u00e7\u00e3o distribu\u00edda solar - Ag\u00eancia iNFRA","isPartOf":{"@id":"https:\/\/agenciainfra.com\/blog\/#website"},"primaryImageOfPage":{"@id":"https:\/\/agenciainfra.com\/blog\/mp-1-304-pode-implicar-em-custos-maiores-para-geracao-distribuida-solar\/#primaryimage"},"image":{"@id":"https:\/\/agenciainfra.com\/blog\/mp-1-304-pode-implicar-em-custos-maiores-para-geracao-distribuida-solar\/#primaryimage"},"thumbnailUrl":"https:\/\/agenciainfra.com\/blog\/wp-content\/uploads\/2022\/11\/paineis-solares-foto-dominio-publico.jpeg","datePublished":"2025-11-04T12:30:00+00:00","dateModified":"2025-11-04T19:01:28+00:00","breadcrumb":{"@id":"https:\/\/agenciainfra.com\/blog\/mp-1-304-pode-implicar-em-custos-maiores-para-geracao-distribuida-solar\/#breadcrumb"},"inLanguage":"pt-BR","potentialAction":[{"@type":"ReadAction","target":["https:\/\/agenciainfra.com\/blog\/mp-1-304-pode-implicar-em-custos-maiores-para-geracao-distribuida-solar\/"]}]},{"@type":"ImageObject","inLanguage":"pt-BR","@id":"https:\/\/agenciainfra.com\/blog\/mp-1-304-pode-implicar-em-custos-maiores-para-geracao-distribuida-solar\/#primaryimage","url":"https:\/\/agenciainfra.com\/blog\/wp-content\/uploads\/2022\/11\/paineis-solares-foto-dominio-publico.jpeg","contentUrl":"https:\/\/agenciainfra.com\/blog\/wp-content\/uploads\/2022\/11\/paineis-solares-foto-dominio-publico.jpeg","width":1280,"height":820,"caption":"Foto: Dom\u00ednio P\u00fablico"},{"@type":"BreadcrumbList","@id":"https:\/\/agenciainfra.com\/blog\/mp-1-304-pode-implicar-em-custos-maiores-para-geracao-distribuida-solar\/#breadcrumb","itemListElement":[{"@type":"ListItem","position":1,"name":"In\u00edcio","item":"https:\/\/agenciainfra.com\/blog\/"},{"@type":"ListItem","position":2,"name":"MP 1.304 pode implicar em custos maiores para gera\u00e7\u00e3o distribu\u00edda solar"}]},{"@type":"WebSite","@id":"https:\/\/agenciainfra.com\/blog\/#website","url":"https:\/\/agenciainfra.com\/blog\/","name":"Ag\u00eancia iNFRA","description":"Multiplataforma de informa\u00e7\u00e3o jornal\u00edstica refer\u00eancia na \u00e1rea de infraestrutura no Brasil!","publisher":{"@id":"https:\/\/agenciainfra.com\/blog\/#organization"},"potentialAction":[{"@type":"SearchAction","target":{"@type":"EntryPoint","urlTemplate":"https:\/\/agenciainfra.com\/blog\/?s={search_term_string}"},"query-input":{"@type":"PropertyValueSpecification","valueRequired":true,"valueName":"search_term_string"}}],"inLanguage":"pt-BR"},{"@type":"Organization","@id":"https:\/\/agenciainfra.com\/blog\/#organization","name":"Ag\u00eancia iNFRA","url":"https:\/\/agenciainfra.com\/blog\/","logo":{"@type":"ImageObject","inLanguage":"pt-BR","@id":"https:\/\/agenciainfra.com\/blog\/#\/schema\/logo\/image\/","url":"https:\/\/agenciainfra.com\/blog\/wp-content\/uploads\/2023\/09\/iNFRA_5-e1761735885940.png","contentUrl":"https:\/\/agenciainfra.com\/blog\/wp-content\/uploads\/2023\/09\/iNFRA_5-e1761735885940.png","width":1672,"height":454,"caption":"Ag\u00eancia iNFRA"},"image":{"@id":"https:\/\/agenciainfra.com\/blog\/#\/schema\/logo\/image\/"},"sameAs":["https:\/\/www.facebook.com\/ageninfra","https:\/\/x.com\/agencia_infra","https:\/\/www.linkedin.com\/company\/ag\u00eanciainfra\/","https:\/\/www.instagram.com\/agenciainfra\/"]},{"@type":"Person","@id":"https:\/\/agenciainfra.com\/blog\/#\/schema\/person\/34af08dff6adea4cb22b06612ba7acfa","name":"Ag\u00eancia iNFRA","image":{"@type":"ImageObject","inLanguage":"pt-BR","@id":"https:\/\/agenciainfra.com\/blog\/#\/schema\/person\/image\/","url":"https:\/\/secure.gravatar.com\/avatar\/d189e01678f06d8eb84d4e01f08eb848b3fffe3f8443818d3c356c66892f5be8?s=96&d=mm&r=g","contentUrl":"https:\/\/secure.gravatar.com\/avatar\/d189e01678f06d8eb84d4e01f08eb848b3fffe3f8443818d3c356c66892f5be8?s=96&d=mm&r=g","caption":"Ag\u00eancia iNFRA"},"url":"https:\/\/agenciainfra.com\/blog\/author\/admin\/"}]}},"_links":{"self":[{"href":"https:\/\/agenciainfra.com\/blog\/wp-json\/wp\/v2\/posts\/31424","targetHints":{"allow":["GET"]}}],"collection":[{"href":"https:\/\/agenciainfra.com\/blog\/wp-json\/wp\/v2\/posts"}],"about":[{"href":"https:\/\/agenciainfra.com\/blog\/wp-json\/wp\/v2\/types\/post"}],"author":[{"embeddable":true,"href":"https:\/\/agenciainfra.com\/blog\/wp-json\/wp\/v2\/users\/1"}],"replies":[{"embeddable":true,"href":"https:\/\/agenciainfra.com\/blog\/wp-json\/wp\/v2\/comments?post=31424"}],"version-history":[{"count":3,"href":"https:\/\/agenciainfra.com\/blog\/wp-json\/wp\/v2\/posts\/31424\/revisions"}],"predecessor-version":[{"id":31485,"href":"https:\/\/agenciainfra.com\/blog\/wp-json\/wp\/v2\/posts\/31424\/revisions\/31485"}],"wp:featuredmedia":[{"embeddable":true,"href":"https:\/\/agenciainfra.com\/blog\/wp-json\/wp\/v2\/media\/11652"}],"wp:attachment":[{"href":"https:\/\/agenciainfra.com\/blog\/wp-json\/wp\/v2\/media?parent=31424"}],"wp:term":[{"taxonomy":"category","embeddable":true,"href":"https:\/\/agenciainfra.com\/blog\/wp-json\/wp\/v2\/categories?post=31424"},{"taxonomy":"post_tag","embeddable":true,"href":"https:\/\/agenciainfra.com\/blog\/wp-json\/wp\/v2\/tags?post=31424"}],"curies":[{"name":"wp","href":"https:\/\/api.w.org\/{rel}","templated":true}]}}