{"id":3143,"date":"2019-05-08T04:00:07","date_gmt":"2019-05-08T07:00:07","guid":{"rendered":"http:\/\/www.agenciainfra.com\/blog\/?p=3143"},"modified":"2019-05-07T10:39:15","modified_gmt":"2019-05-07T13:39:15","slug":"mp-remodela-ppi-e-amplia-poderes-do-dnit","status":"publish","type":"post","link":"https:\/\/agenciainfra.com\/blog\/mp-remodela-ppi-e-amplia-poderes-do-dnit\/","title":{"rendered":"MP remodela PPI e amplia poderes do DNIT"},"content":{"rendered":"<div>\n<h5 style=\"text-align: right;\"><strong>Dimmi Amora, da Ag\u00eancia iNFRA<\/strong><\/h5>\n<p>A Medida Provis\u00f3ria 882, publicada em Di\u00e1rio Oficial na noite da \u00faltima sexta-feira (3), conforme antecipou o servi\u00e7o de not\u00edcias urgentes da\u00a0<strong>Ag\u00eancia iNFRA<\/strong>, al\u00e9m de remodelar o PPI (Programa de Parcerias de Investimentos), tamb\u00e9m fez altera\u00e7\u00f5es na Lei 10.233\/2001, ampliando os poderes de atua\u00e7\u00e3o do DNIT (Departamento Nacional de Infraestrutura de Transportes).<\/p>\n<p>A Lei 10.233 \u00e9 a que criou o DNIT, a ANTT (Ag\u00eancia Nacional de Transportes Terrestres) e a ANTAQ (Ag\u00eancia Nacional de Transportes Aquavi\u00e1rios). Na MP publicada semana passada, o governo deu ao DNIT poderes tanto na \u00e1rea aquavi\u00e1ria como na rodovi\u00e1ria.<\/p>\n<p>Na \u00e1rea de rodovias, o \u00f3rg\u00e3o poder\u00e1 adotar medidas em rela\u00e7\u00e3o a concess\u00f5es devolvidas, por exemplo. J\u00e1 na \u00e1rea portu\u00e1ria, o DNIT ter\u00e1 poderes para fazer projetos e obras em portos organizados. O INPH (Instituto Nacional de Pesquisas Hidrovi\u00e1rias) tamb\u00e9m passar\u00e1 a integrar o \u00f3rg\u00e3o.<\/p>\n<p>Outra mudan\u00e7a foi na Lei de Portos (12.815\/2013) cuja reda\u00e7\u00e3o do artigo 17\u00ba passou a permitir que as administra\u00e7\u00f5es portu\u00e1rias possam fazer obras nas \u00e1reas de acesso e prote\u00e7\u00e3o aos portos. O governo tamb\u00e9m aproveitou a MP para remodelar o Contran (Conselho Nacional de Tr\u00e2nsito).<\/p>\n<p><strong>Mudan\u00e7as no PPI e Faep<\/strong><br \/>\nAs maiores mudan\u00e7as, contudo, se deram nas atribui\u00e7\u00f5es do PPI e no Faep (Fundo de Apoio \u00e0 Estrutura\u00e7\u00e3o de Parcerias), fundo que foi criado na mesma lei do PPI, a 13.334\/2016, mas que foi pouco utilizado nos dois primeiros anos do programa.<\/p>\n<p>A maior parte das propostas j\u00e1 havia sido antecipada pelo secret\u00e1rio do PPI (Programa de Parcerias de Investimentos), Adalberto Vasconcelos,\u00a0<a href=\"https:\/\/agenciainfra.us14.list-manage.com\/track\/click?u=d460dd1bcf9ba0ae040e1fc0f&amp;id=91c9ff7046&amp;e=c099169394\" target=\"_blank\" rel=\"noopener\" data-saferedirecturl=\"https:\/\/www.google.com\/url?q=https:\/\/agenciainfra.us14.list-manage.com\/track\/click?u%3Dd460dd1bcf9ba0ae040e1fc0f%26id%3D91c9ff7046%26e%3Dc099169394&amp;source=gmail&amp;ust=1557312914336000&amp;usg=AFQjCNHDd_T9HzvmCgfkmLjp8CWeTvf5Xg\">em entrevista \u00e0\u00a0<strong>Ag\u00eancia iNFRA<\/strong>, na edi\u00e7\u00e3o 512, de 2 de abril<\/a>. V\u00e1rias atribui\u00e7\u00f5es que o PPI foi ganhando ao longo de seu processo de estrutura\u00e7\u00e3o agora est\u00e3o determinadas em lei, entre elas a prioridade nacional para os projetos selecionados.<\/p>\n<p>A previs\u00e3o \u00e9 que o governo fa\u00e7a, ainda nesta semana, a primeira reuni\u00e3o do Conselho do PPI, que segue sendo presidido pelo presidente da Rep\u00fablica, para qualifica\u00e7\u00e3o de novos projetos.<\/p>\n<p>No caso do Faep, a MP d\u00e1 um detalhamento maior sobre as atribui\u00e7\u00f5es do fundo e como ele dever\u00e1 ser implementado. O BNDES, gestor do fundo, foi autorizado a contratar parcerias por meio de licita\u00e7\u00f5es por t\u00e9cnica e pre\u00e7o e at\u00e9 mesmo apenas por t\u00e9cnica. H\u00e1 ainda hip\u00f3tese para cola\u00e7\u00e3o e subcontrata\u00e7\u00e3o. A \u00edntegra da MP est\u00e1\u00a0<a href=\"https:\/\/agenciainfra.us14.list-manage.com\/track\/click?u=d460dd1bcf9ba0ae040e1fc0f&amp;id=165a90a44d&amp;e=c099169394\" target=\"_blank\" rel=\"noopener\" data-saferedirecturl=\"https:\/\/www.google.com\/url?q=https:\/\/agenciainfra.us14.list-manage.com\/track\/click?u%3Dd460dd1bcf9ba0ae040e1fc0f%26id%3D165a90a44d%26e%3Dc099169394&amp;source=gmail&amp;ust=1557312914337000&amp;usg=AFQjCNH1FwF9Zxa9ut3bTCCCPzF3Wx0tdA\">neste link<\/a>.<\/p>\n<p><strong>Fim do Preg\u00e3o<\/strong><br \/>\nA MP refor\u00e7a o direcionamento para que os servi\u00e7\u00f5es de engenharia n\u00e3o possam ser contratados via preg\u00e3o, o que tem sido um pedido da maior parte das associa\u00e7\u00f5es ligadas ao setor de constru\u00e7\u00e3o h\u00e1 alguns anos.<\/p>\n<p>Al\u00e9m dos modelos de t\u00e9cnica e t\u00e9cnica e pre\u00e7o terem sido expressamente indicados na MP 882, tamb\u00e9m na sexta-feira (3), o Confea (Conselho Federal de Engenharia e Agronomia) editou a Resolu\u00e7\u00e3o 1.116.<\/p>\n<p>A resolu\u00e7\u00e3o estabelece que &#8220;as obras e os servi\u00e7os de Engenharia e de Agronomia, que exigem habilita\u00e7\u00e3o legal para sua elabora\u00e7\u00e3o ou execu\u00e7\u00e3o, com a emiss\u00e3o da Anota\u00e7\u00e3o de Responsabilidade T\u00e9cnica, s\u00e3o servi\u00e7os t\u00e9cnicos especializados&#8221;.<\/p>\n<p>Com isso, n\u00e3o seria mais poss\u00edvel a contrata\u00e7\u00e3o desses servi\u00e7os pela modalidade preg\u00e3o, que pela lei seria apenas para os chamados servi\u00e7os comuns. A resolu\u00e7\u00e3o est\u00e1\u00a0<a href=\"https:\/\/agenciainfra.us14.list-manage.com\/track\/click?u=d460dd1bcf9ba0ae040e1fc0f&amp;id=ad80fb7b6e&amp;e=c099169394\" target=\"_blank\" rel=\"noopener\" data-saferedirecturl=\"https:\/\/www.google.com\/url?q=https:\/\/agenciainfra.us14.list-manage.com\/track\/click?u%3Dd460dd1bcf9ba0ae040e1fc0f%26id%3Dad80fb7b6e%26e%3Dc099169394&amp;source=gmail&amp;ust=1557312914337000&amp;usg=AFQjCNFioAy6v3LIofmw2PWWapumZodRSQ\">neste link<\/a>.<\/p>\n<\/div>\n","protected":false},"excerpt":{"rendered":"<p>Dimmi Amora, da Ag\u00eancia iNFRA A Medida Provis\u00f3ria 882, publicada em Di\u00e1rio Oficial na noite da \u00faltima sexta-feira (3), conforme antecipou o servi\u00e7o de not\u00edcias urgentes da\u00a0Ag\u00eancia iNFRA, al\u00e9m de remodelar o PPI (Programa de Parcerias de Investimentos), tamb\u00e9m fez altera\u00e7\u00f5es na Lei 10.233\/2001, ampliando os poderes de atua\u00e7\u00e3o do DNIT (Departamento Nacional de Infraestrutura [&hellip;]<\/p>\n","protected":false},"author":9,"featured_media":2974,"comment_status":"closed","ping_status":"open","sticky":false,"template":"","format":"standard","meta":{"_monsterinsights_skip_tracking":false,"_monsterinsights_sitenote_active":false,"_monsterinsights_sitenote_note":"","_monsterinsights_sitenote_category":0,"footnotes":""},"categories":[7],"tags":[328,967,36,786],"class_list":["post-3143","post","type-post","status-publish","format-standard","has-post-thumbnail","hentry","category-infratransporte","tag-dnit","tag-mp-882","tag-ppi","tag-programa-de-parcerias-de-investimentos"],"yoast_head":"<!-- This site is optimized with the Yoast SEO Premium plugin v25.4 (Yoast SEO v26.0) - https:\/\/yoast.com\/wordpress\/plugins\/seo\/ -->\n<title>MP remodela PPI e amplia poderes do DNIT - Ag\u00eancia iNFRA<\/title>\n<meta name=\"robots\" content=\"index, follow, max-snippet:-1, max-image-preview:large, max-video-preview:-1\" \/>\n<link rel=\"canonical\" href=\"https:\/\/agenciainfra.com\/blog\/mp-remodela-ppi-e-amplia-poderes-do-dnit\/\" \/>\n<meta property=\"og:locale\" content=\"pt_BR\" \/>\n<meta property=\"og:type\" content=\"article\" \/>\n<meta property=\"og:title\" content=\"MP remodela PPI e amplia poderes do DNIT\" \/>\n<meta property=\"og:description\" content=\"Dimmi Amora, da Ag\u00eancia iNFRA A Medida Provis\u00f3ria 882, publicada em Di\u00e1rio Oficial na noite da \u00faltima sexta-feira (3), conforme antecipou o servi\u00e7o de not\u00edcias urgentes da\u00a0Ag\u00eancia iNFRA, al\u00e9m de remodelar o PPI (Programa de Parcerias de Investimentos), tamb\u00e9m fez altera\u00e7\u00f5es na Lei 10.233\/2001, ampliando os poderes de atua\u00e7\u00e3o do DNIT (Departamento Nacional de Infraestrutura [&hellip;]\" \/>\n<meta property=\"og:url\" content=\"https:\/\/agenciainfra.com\/blog\/mp-remodela-ppi-e-amplia-poderes-do-dnit\/\" \/>\n<meta property=\"og:site_name\" content=\"Ag\u00eancia iNFRA\" \/>\n<meta property=\"article:publisher\" content=\"https:\/\/www.facebook.com\/ageninfra\" \/>\n<meta property=\"article:published_time\" content=\"2019-05-08T07:00:07+00:00\" \/>\n<meta property=\"og:image\" content=\"https:\/\/agenciainfra.com\/blog\/wp-content\/uploads\/2019\/03\/concessao-rodovias-arquivo-DNIT.jpeg\" \/>\n\t<meta property=\"og:image:width\" content=\"960\" \/>\n\t<meta property=\"og:image:height\" content=\"685\" \/>\n\t<meta property=\"og:image:type\" content=\"image\/jpeg\" \/>\n<meta name=\"author\" content=\"Rodrigo Zuquim\" \/>\n<meta name=\"twitter:card\" content=\"summary_large_image\" \/>\n<meta name=\"twitter:creator\" content=\"@agencia_infra\" \/>\n<meta name=\"twitter:site\" content=\"@agencia_infra\" \/>\n<meta name=\"twitter:label1\" content=\"Escrito por\" \/>\n\t<meta name=\"twitter:data1\" content=\"Rodrigo Zuquim\" \/>\n\t<meta name=\"twitter:label2\" content=\"Est. tempo de leitura\" \/>\n\t<meta name=\"twitter:data2\" content=\"3 minutos\" \/>\n<script type=\"application\/ld+json\" class=\"yoast-schema-graph\">{\"@context\":\"https:\/\/schema.org\",\"@graph\":[{\"@type\":\"Article\",\"@id\":\"https:\/\/agenciainfra.com\/blog\/mp-remodela-ppi-e-amplia-poderes-do-dnit\/#article\",\"isPartOf\":{\"@id\":\"https:\/\/agenciainfra.com\/blog\/mp-remodela-ppi-e-amplia-poderes-do-dnit\/\"},\"author\":{\"name\":\"Rodrigo Zuquim\",\"@id\":\"https:\/\/agenciainfra.com\/blog\/#\/schema\/person\/04dbb79bd6d8951f063da71f3e4c1eb1\"},\"headline\":\"MP remodela PPI e amplia poderes do DNIT\",\"datePublished\":\"2019-05-08T07:00:07+00:00\",\"mainEntityOfPage\":{\"@id\":\"https:\/\/agenciainfra.com\/blog\/mp-remodela-ppi-e-amplia-poderes-do-dnit\/\"},\"wordCount\":596,\"publisher\":{\"@id\":\"https:\/\/agenciainfra.com\/blog\/#organization\"},\"image\":{\"@id\":\"https:\/\/agenciainfra.com\/blog\/mp-remodela-ppi-e-amplia-poderes-do-dnit\/#primaryimage\"},\"thumbnailUrl\":\"https:\/\/agenciainfra.com\/blog\/wp-content\/uploads\/2019\/03\/concessao-rodovias-arquivo-DNIT.jpeg\",\"keywords\":[\"DNIT\",\"MP 882\",\"PPI\",\"Programa de Parcerias de Investimentos\"],\"articleSection\":[\"iNFRATransporte\"],\"inLanguage\":\"pt-BR\",\"copyrightYear\":\"2019\",\"copyrightHolder\":{\"@id\":\"https:\/\/agenciainfra.com\/blog\/#organization\"}},{\"@type\":\"WebPage\",\"@id\":\"https:\/\/agenciainfra.com\/blog\/mp-remodela-ppi-e-amplia-poderes-do-dnit\/\",\"url\":\"https:\/\/agenciainfra.com\/blog\/mp-remodela-ppi-e-amplia-poderes-do-dnit\/\",\"name\":\"MP remodela PPI e amplia poderes do DNIT - Ag\u00eancia iNFRA\",\"isPartOf\":{\"@id\":\"https:\/\/agenciainfra.com\/blog\/#website\"},\"primaryImageOfPage\":{\"@id\":\"https:\/\/agenciainfra.com\/blog\/mp-remodela-ppi-e-amplia-poderes-do-dnit\/#primaryimage\"},\"image\":{\"@id\":\"https:\/\/agenciainfra.com\/blog\/mp-remodela-ppi-e-amplia-poderes-do-dnit\/#primaryimage\"},\"thumbnailUrl\":\"https:\/\/agenciainfra.com\/blog\/wp-content\/uploads\/2019\/03\/concessao-rodovias-arquivo-DNIT.jpeg\",\"datePublished\":\"2019-05-08T07:00:07+00:00\",\"breadcrumb\":{\"@id\":\"https:\/\/agenciainfra.com\/blog\/mp-remodela-ppi-e-amplia-poderes-do-dnit\/#breadcrumb\"},\"inLanguage\":\"pt-BR\",\"potentialAction\":[{\"@type\":\"ReadAction\",\"target\":[\"https:\/\/agenciainfra.com\/blog\/mp-remodela-ppi-e-amplia-poderes-do-dnit\/\"]}]},{\"@type\":\"ImageObject\",\"inLanguage\":\"pt-BR\",\"@id\":\"https:\/\/agenciainfra.com\/blog\/mp-remodela-ppi-e-amplia-poderes-do-dnit\/#primaryimage\",\"url\":\"https:\/\/agenciainfra.com\/blog\/wp-content\/uploads\/2019\/03\/concessao-rodovias-arquivo-DNIT.jpeg\",\"contentUrl\":\"https:\/\/agenciainfra.com\/blog\/wp-content\/uploads\/2019\/03\/concessao-rodovias-arquivo-DNIT.jpeg\",\"width\":960,\"height\":685,\"caption\":\"Foto: Arquivo DNIT\"},{\"@type\":\"BreadcrumbList\",\"@id\":\"https:\/\/agenciainfra.com\/blog\/mp-remodela-ppi-e-amplia-poderes-do-dnit\/#breadcrumb\",\"itemListElement\":[{\"@type\":\"ListItem\",\"position\":1,\"name\":\"In\u00edcio\",\"item\":\"https:\/\/agenciainfra.com\/blog\/\"},{\"@type\":\"ListItem\",\"position\":2,\"name\":\"MP remodela PPI e amplia poderes do DNIT\"}]},{\"@type\":\"WebSite\",\"@id\":\"https:\/\/agenciainfra.com\/blog\/#website\",\"url\":\"https:\/\/agenciainfra.com\/blog\/\",\"name\":\"Ag\u00eancia iNFRA\",\"description\":\"Multiplataforma de informa\u00e7\u00e3o jornal\u00edstica refer\u00eancia na \u00e1rea de infraestrutura no Brasil!\",\"publisher\":{\"@id\":\"https:\/\/agenciainfra.com\/blog\/#organization\"},\"potentialAction\":[{\"@type\":\"SearchAction\",\"target\":{\"@type\":\"EntryPoint\",\"urlTemplate\":\"https:\/\/agenciainfra.com\/blog\/?s={search_term_string}\"},\"query-input\":{\"@type\":\"PropertyValueSpecification\",\"valueRequired\":true,\"valueName\":\"search_term_string\"}}],\"inLanguage\":\"pt-BR\"},{\"@type\":\"Organization\",\"@id\":\"https:\/\/agenciainfra.com\/blog\/#organization\",\"name\":\"Ag\u00eancia iNFRA\",\"url\":\"https:\/\/agenciainfra.com\/blog\/\",\"logo\":{\"@type\":\"ImageObject\",\"inLanguage\":\"pt-BR\",\"@id\":\"https:\/\/agenciainfra.com\/blog\/#\/schema\/logo\/image\/\",\"url\":\"https:\/\/agenciainfra.com\/blog\/wp-content\/uploads\/2023\/09\/iNFRA_5-e1761735885940.png\",\"contentUrl\":\"https:\/\/agenciainfra.com\/blog\/wp-content\/uploads\/2023\/09\/iNFRA_5-e1761735885940.png\",\"width\":1672,\"height\":454,\"caption\":\"Ag\u00eancia iNFRA\"},\"image\":{\"@id\":\"https:\/\/agenciainfra.com\/blog\/#\/schema\/logo\/image\/\"},\"sameAs\":[\"https:\/\/www.facebook.com\/ageninfra\",\"https:\/\/x.com\/agencia_infra\",\"https:\/\/www.linkedin.com\/company\/ag\u00eanciainfra\/\",\"https:\/\/www.instagram.com\/agenciainfra\/\"]},{\"@type\":\"Person\",\"@id\":\"https:\/\/agenciainfra.com\/blog\/#\/schema\/person\/04dbb79bd6d8951f063da71f3e4c1eb1\",\"name\":\"Rodrigo Zuquim\",\"image\":{\"@type\":\"ImageObject\",\"inLanguage\":\"pt-BR\",\"@id\":\"https:\/\/agenciainfra.com\/blog\/#\/schema\/person\/image\/\",\"url\":\"https:\/\/secure.gravatar.com\/avatar\/594abfe82761d620726242ff34ca472a705a4b97f16c790053a6b4c4035274d0?s=96&d=mm&r=g\",\"contentUrl\":\"https:\/\/secure.gravatar.com\/avatar\/594abfe82761d620726242ff34ca472a705a4b97f16c790053a6b4c4035274d0?s=96&d=mm&r=g\",\"caption\":\"Rodrigo Zuquim\"},\"url\":\"https:\/\/agenciainfra.com\/blog\/author\/rodrigo-zuquim\/\"}]}<\/script>\n<!-- \/ Yoast SEO Premium plugin. -->","yoast_head_json":{"title":"MP remodela PPI e amplia poderes do DNIT - Ag\u00eancia iNFRA","robots":{"index":"index","follow":"follow","max-snippet":"max-snippet:-1","max-image-preview":"max-image-preview:large","max-video-preview":"max-video-preview:-1"},"canonical":"https:\/\/agenciainfra.com\/blog\/mp-remodela-ppi-e-amplia-poderes-do-dnit\/","og_locale":"pt_BR","og_type":"article","og_title":"MP remodela PPI e amplia poderes do DNIT","og_description":"Dimmi Amora, da Ag\u00eancia iNFRA A Medida Provis\u00f3ria 882, publicada em Di\u00e1rio Oficial na noite da \u00faltima sexta-feira (3), conforme antecipou o servi\u00e7o de not\u00edcias urgentes da\u00a0Ag\u00eancia iNFRA, al\u00e9m de remodelar o PPI (Programa de Parcerias de Investimentos), tamb\u00e9m fez altera\u00e7\u00f5es na Lei 10.233\/2001, ampliando os poderes de atua\u00e7\u00e3o do DNIT (Departamento Nacional de Infraestrutura [&hellip;]","og_url":"https:\/\/agenciainfra.com\/blog\/mp-remodela-ppi-e-amplia-poderes-do-dnit\/","og_site_name":"Ag\u00eancia iNFRA","article_publisher":"https:\/\/www.facebook.com\/ageninfra","article_published_time":"2019-05-08T07:00:07+00:00","og_image":[{"width":960,"height":685,"url":"https:\/\/agenciainfra.com\/blog\/wp-content\/uploads\/2019\/03\/concessao-rodovias-arquivo-DNIT.jpeg","type":"image\/jpeg"}],"author":"Rodrigo Zuquim","twitter_card":"summary_large_image","twitter_creator":"@agencia_infra","twitter_site":"@agencia_infra","twitter_misc":{"Escrito por":"Rodrigo Zuquim","Est. tempo de leitura":"3 minutos"},"schema":{"@context":"https:\/\/schema.org","@graph":[{"@type":"Article","@id":"https:\/\/agenciainfra.com\/blog\/mp-remodela-ppi-e-amplia-poderes-do-dnit\/#article","isPartOf":{"@id":"https:\/\/agenciainfra.com\/blog\/mp-remodela-ppi-e-amplia-poderes-do-dnit\/"},"author":{"name":"Rodrigo Zuquim","@id":"https:\/\/agenciainfra.com\/blog\/#\/schema\/person\/04dbb79bd6d8951f063da71f3e4c1eb1"},"headline":"MP remodela PPI e amplia poderes do DNIT","datePublished":"2019-05-08T07:00:07+00:00","mainEntityOfPage":{"@id":"https:\/\/agenciainfra.com\/blog\/mp-remodela-ppi-e-amplia-poderes-do-dnit\/"},"wordCount":596,"publisher":{"@id":"https:\/\/agenciainfra.com\/blog\/#organization"},"image":{"@id":"https:\/\/agenciainfra.com\/blog\/mp-remodela-ppi-e-amplia-poderes-do-dnit\/#primaryimage"},"thumbnailUrl":"https:\/\/agenciainfra.com\/blog\/wp-content\/uploads\/2019\/03\/concessao-rodovias-arquivo-DNIT.jpeg","keywords":["DNIT","MP 882","PPI","Programa de Parcerias de Investimentos"],"articleSection":["iNFRATransporte"],"inLanguage":"pt-BR","copyrightYear":"2019","copyrightHolder":{"@id":"https:\/\/agenciainfra.com\/blog\/#organization"}},{"@type":"WebPage","@id":"https:\/\/agenciainfra.com\/blog\/mp-remodela-ppi-e-amplia-poderes-do-dnit\/","url":"https:\/\/agenciainfra.com\/blog\/mp-remodela-ppi-e-amplia-poderes-do-dnit\/","name":"MP remodela PPI e amplia poderes do DNIT - Ag\u00eancia iNFRA","isPartOf":{"@id":"https:\/\/agenciainfra.com\/blog\/#website"},"primaryImageOfPage":{"@id":"https:\/\/agenciainfra.com\/blog\/mp-remodela-ppi-e-amplia-poderes-do-dnit\/#primaryimage"},"image":{"@id":"https:\/\/agenciainfra.com\/blog\/mp-remodela-ppi-e-amplia-poderes-do-dnit\/#primaryimage"},"thumbnailUrl":"https:\/\/agenciainfra.com\/blog\/wp-content\/uploads\/2019\/03\/concessao-rodovias-arquivo-DNIT.jpeg","datePublished":"2019-05-08T07:00:07+00:00","breadcrumb":{"@id":"https:\/\/agenciainfra.com\/blog\/mp-remodela-ppi-e-amplia-poderes-do-dnit\/#breadcrumb"},"inLanguage":"pt-BR","potentialAction":[{"@type":"ReadAction","target":["https:\/\/agenciainfra.com\/blog\/mp-remodela-ppi-e-amplia-poderes-do-dnit\/"]}]},{"@type":"ImageObject","inLanguage":"pt-BR","@id":"https:\/\/agenciainfra.com\/blog\/mp-remodela-ppi-e-amplia-poderes-do-dnit\/#primaryimage","url":"https:\/\/agenciainfra.com\/blog\/wp-content\/uploads\/2019\/03\/concessao-rodovias-arquivo-DNIT.jpeg","contentUrl":"https:\/\/agenciainfra.com\/blog\/wp-content\/uploads\/2019\/03\/concessao-rodovias-arquivo-DNIT.jpeg","width":960,"height":685,"caption":"Foto: Arquivo DNIT"},{"@type":"BreadcrumbList","@id":"https:\/\/agenciainfra.com\/blog\/mp-remodela-ppi-e-amplia-poderes-do-dnit\/#breadcrumb","itemListElement":[{"@type":"ListItem","position":1,"name":"In\u00edcio","item":"https:\/\/agenciainfra.com\/blog\/"},{"@type":"ListItem","position":2,"name":"MP remodela PPI e amplia poderes do DNIT"}]},{"@type":"WebSite","@id":"https:\/\/agenciainfra.com\/blog\/#website","url":"https:\/\/agenciainfra.com\/blog\/","name":"Ag\u00eancia iNFRA","description":"Multiplataforma de informa\u00e7\u00e3o jornal\u00edstica refer\u00eancia na \u00e1rea de infraestrutura no Brasil!","publisher":{"@id":"https:\/\/agenciainfra.com\/blog\/#organization"},"potentialAction":[{"@type":"SearchAction","target":{"@type":"EntryPoint","urlTemplate":"https:\/\/agenciainfra.com\/blog\/?s={search_term_string}"},"query-input":{"@type":"PropertyValueSpecification","valueRequired":true,"valueName":"search_term_string"}}],"inLanguage":"pt-BR"},{"@type":"Organization","@id":"https:\/\/agenciainfra.com\/blog\/#organization","name":"Ag\u00eancia iNFRA","url":"https:\/\/agenciainfra.com\/blog\/","logo":{"@type":"ImageObject","inLanguage":"pt-BR","@id":"https:\/\/agenciainfra.com\/blog\/#\/schema\/logo\/image\/","url":"https:\/\/agenciainfra.com\/blog\/wp-content\/uploads\/2023\/09\/iNFRA_5-e1761735885940.png","contentUrl":"https:\/\/agenciainfra.com\/blog\/wp-content\/uploads\/2023\/09\/iNFRA_5-e1761735885940.png","width":1672,"height":454,"caption":"Ag\u00eancia iNFRA"},"image":{"@id":"https:\/\/agenciainfra.com\/blog\/#\/schema\/logo\/image\/"},"sameAs":["https:\/\/www.facebook.com\/ageninfra","https:\/\/x.com\/agencia_infra","https:\/\/www.linkedin.com\/company\/ag\u00eanciainfra\/","https:\/\/www.instagram.com\/agenciainfra\/"]},{"@type":"Person","@id":"https:\/\/agenciainfra.com\/blog\/#\/schema\/person\/04dbb79bd6d8951f063da71f3e4c1eb1","name":"Rodrigo Zuquim","image":{"@type":"ImageObject","inLanguage":"pt-BR","@id":"https:\/\/agenciainfra.com\/blog\/#\/schema\/person\/image\/","url":"https:\/\/secure.gravatar.com\/avatar\/594abfe82761d620726242ff34ca472a705a4b97f16c790053a6b4c4035274d0?s=96&d=mm&r=g","contentUrl":"https:\/\/secure.gravatar.com\/avatar\/594abfe82761d620726242ff34ca472a705a4b97f16c790053a6b4c4035274d0?s=96&d=mm&r=g","caption":"Rodrigo Zuquim"},"url":"https:\/\/agenciainfra.com\/blog\/author\/rodrigo-zuquim\/"}]}},"_links":{"self":[{"href":"https:\/\/agenciainfra.com\/blog\/wp-json\/wp\/v2\/posts\/3143","targetHints":{"allow":["GET"]}}],"collection":[{"href":"https:\/\/agenciainfra.com\/blog\/wp-json\/wp\/v2\/posts"}],"about":[{"href":"https:\/\/agenciainfra.com\/blog\/wp-json\/wp\/v2\/types\/post"}],"author":[{"embeddable":true,"href":"https:\/\/agenciainfra.com\/blog\/wp-json\/wp\/v2\/users\/9"}],"replies":[{"embeddable":true,"href":"https:\/\/agenciainfra.com\/blog\/wp-json\/wp\/v2\/comments?post=3143"}],"version-history":[{"count":0,"href":"https:\/\/agenciainfra.com\/blog\/wp-json\/wp\/v2\/posts\/3143\/revisions"}],"wp:featuredmedia":[{"embeddable":true,"href":"https:\/\/agenciainfra.com\/blog\/wp-json\/wp\/v2\/media\/2974"}],"wp:attachment":[{"href":"https:\/\/agenciainfra.com\/blog\/wp-json\/wp\/v2\/media?parent=3143"}],"wp:term":[{"taxonomy":"category","embeddable":true,"href":"https:\/\/agenciainfra.com\/blog\/wp-json\/wp\/v2\/categories?post=3143"},{"taxonomy":"post_tag","embeddable":true,"href":"https:\/\/agenciainfra.com\/blog\/wp-json\/wp\/v2\/tags?post=3143"}],"curies":[{"name":"wp","href":"https:\/\/api.w.org\/{rel}","templated":true}]}}