{"id":31434,"date":"2025-11-04T12:41:41","date_gmt":"2025-11-04T15:41:41","guid":{"rendered":"https:\/\/agenciainfra.com\/blog\/?p=31434"},"modified":"2025-11-04T12:41:42","modified_gmt":"2025-11-04T15:41:42","slug":"free-flow-em-perigo-ha-mais-razoes-para-acreditar-que-nao","status":"publish","type":"post","link":"https:\/\/agenciainfra.com\/blog\/free-flow-em-perigo-ha-mais-razoes-para-acreditar-que-nao\/","title":{"rendered":"Free flow em perigo? H\u00e1 mais raz\u00f5es para acreditar que n\u00e3o"},"content":{"rendered":"\n<p class=\"has-text-align-right\"><strong>Tarcila Reis Jord\u00e3o* e Vera Monteiro**<\/strong><\/p>\n\n\n\n<p class=\"has-text-align-left\">O Brasil comemora ter o maior programa de parcerias do mundo. O setor rodovi\u00e1rio \u00e9 seu carro-chefe em tamanho e maturidade regulat\u00f3ria, com qualidade contratual premiada mundo afora. Aprendemos a fazer concess\u00f5es rodovi\u00e1rias na d\u00e9cada de 1990 e temos aperfei\u00e7oado a experi\u00eancia a cada novo projeto.&nbsp;<\/p>\n\n\n\n<p>Nos avan\u00e7os incrementais, o free flow (ped\u00e1gio com sistema de livre passagem) sempre teve suas bandeiras: maior fluidez das rodovias, redu\u00e7\u00e3o de acidentes, menor custo (pra\u00e7as de ped\u00e1gio f\u00edsicas s\u00e3o mais caras) e mais precis\u00e3o na desejada justi\u00e7a tarif\u00e1ria.&nbsp;<\/p>\n\n\n\n<p>Foram v\u00e1rias as tentativas para antecipar esses benef\u00edcios, a exemplo dos descontos por usu\u00e1rio frequente ou para quem usava sistema eletr\u00f4nico de cobran\u00e7a \u2013 mas sab\u00edamos que o free flow era o futuro.&nbsp;<\/p>\n\n\n\n<p>E o futuro chegou: tem lei regulando o sistema, tem resolu\u00e7\u00e3o, tem mais de dezena de contratos assinados depois de licita\u00e7\u00f5es acirradas, al\u00e9m do registro de redu\u00e7\u00e3o expressiva de acidentes. O que falta?<\/p>\n\n\n\n<p>Falta seguran\u00e7a jur\u00eddica. Na \u00faltima semana, o ju\u00edzo federal de Guarulhos deferiu tutela de urg\u00eancia, em sede de a\u00e7\u00e3o civil p\u00fablica proposta pelo Minist\u00e9rio P\u00fablico Federal, proibindo a aplica\u00e7\u00e3o das san\u00e7\u00f5es previstas no C\u00f3digo Nacional de Tr\u00e2nsito (art. 209-A) aos usu\u00e1rios da Rodovia Presidente Dutra (BR-116) que n\u00e3o pagassem no trecho de Guarulhos, foco da a\u00e7\u00e3o. A decis\u00e3o n\u00e3o isentou o usu\u00e1rio da obriga\u00e7\u00e3o de pagar o ped\u00e1gio. Ou o usu\u00e1rio paga com o tag (do mesmo tipo que \u00e9 usado em ped\u00e1gios convencionais), ou tem at\u00e9 30 dias para fazer o pagamento. Se n\u00e3o o fizer, no trecho beneficiado pela decis\u00e3o, ele estar\u00e1 livre da multa por infra\u00e7\u00e3o grave de tr\u00e2nsito e da pontua\u00e7\u00e3o em sua carteira.<\/p>\n\n\n\n<p>Foram tr\u00eas os principais argumentos da decis\u00e3o. Primeiro, assumiu que seria inconstitucional qualificar como infra\u00e7\u00e3o de tr\u00e2nsito o n\u00e3o pagamento do ped\u00e1gio no prazo de 30 dias da passagem pelo p\u00f3rtico. Para explicar a inconstitucionalidade h\u00e1 refer\u00eancias a princ\u00edpios e postulados constitucionais gen\u00e9ricos, al\u00e9m da ideia de que haveria um conceito abstrato de conduta de tr\u00e2nsito que n\u00e3o incluiria a conduta de n\u00e3o pagar ped\u00e1gio no tempo e modo fixado pelas regras. Haveria um desvio de finalidade na norma sancionat\u00f3ria.<\/p>\n\n\n\n<p>O segundo argumento decorre do primeiro. O n\u00e3o pagamento seria mera d\u00edvida entre privados, pass\u00edvel de ser cobrada segundo o c\u00f3digo civil, e n\u00e3o pelo mecanismo desenhado pelo C\u00f3digo Nacional de Tr\u00e2nsito.<\/p>\n\n\n\n<p>O terceiro argumento revela que o juiz n\u00e3o gostou mesmo da lei. Afirmou que ela \u00e9 enxuta, com \u201c\u00ednfimos artigos&#8221;, trazendo uma desproporcionalidade na san\u00e7\u00e3o, por implicar na aplica\u00e7\u00e3o de multa e em pontos na carteira. Seria ainda um absurdo que essas consequ\u00eancias sancionat\u00f3rias ocorressem \u201ca cada passagem\u201d. Ele tamb\u00e9m n\u00e3o gostou da vincula\u00e7\u00e3o das multas \u00e0 recomposi\u00e7\u00e3o das perdas havidas pela concession\u00e1ria com a evas\u00e3o do ped\u00e1gio, porque o risco da inadimpl\u00eancia deveria ser da concession\u00e1ria.&nbsp;<\/p>\n\n\n\n<p>No fundo, \u00e9 como se volt\u00e1ssemos aos anos 1990, quando o Judici\u00e1rio foi amplamente utilizado pelas autoridades locais para barrar a constru\u00e7\u00e3o de pra\u00e7as de ped\u00e1gio que oneravam o deslocamento de mun\u00edcipes. Liminares aos montes foram dadas para suspender a cobran\u00e7a com base em argumentos como a natureza jur\u00eddica do ped\u00e1gio (taxa ou pre\u00e7o p\u00fablico), a necessidade de lei para criar novas pra\u00e7as e definir sua localiza\u00e7\u00e3o, a viola\u00e7\u00e3o do direito de ir e vir, a compet\u00eancia e reparti\u00e7\u00e3o federativa e a necessidade de via alternativa.<\/p>\n\n\n\n<p>O free flow de hoje equivale \u00e0 pra\u00e7a de ped\u00e1gio dos anos 1990. O que surpreendente n\u00e3o s\u00e3o as disputas pol\u00edticas que o tema ainda suscita, o uso que os atores fazem do Judici\u00e1rio para atingir seus objetivos, nem as novas teses ajustadas ao seu tempo. Mas como pol\u00edticas p\u00fablicas ainda geram desconfian\u00e7a dos \u00f3rg\u00e3os de controle. Mesmo as cuidadosamente desenhadas, baseadas em autoriza\u00e7\u00e3o legislativa espec\u00edfica, em regulamenta\u00e7\u00e3o editada por \u00f3rg\u00e3o competente, implementadas por meio de parceiro privado delegat\u00e1rio de servi\u00e7o p\u00fablico, via contrato de concess\u00e3o.&nbsp;<\/p>\n\n\n\n<p>O caso concreto tem uma particularidade. As receitas desse trecho da rodovia pedagiada com o free flow n\u00e3o foram incorporadas \u00e0 proje\u00e7\u00e3o das vari\u00e1veis do modelo econ\u00f4mico-financeiro referencial. Ou seja, o contrato \u00e9 economicamente vi\u00e1vel sem elas, pois considerou que a nova tecnologia poderia atrair riscos ao neg\u00f3cio, seja pela inova\u00e7\u00e3o tecnol\u00f3gica, seja porque h\u00e1 rota alternativa dispon\u00edvel para o usu\u00e1rio. A modelagem n\u00e3o atribuiu \u00e0 concession\u00e1ria o risco de uma tutela de urg\u00eancia como a que foi concedida. Mas nem o MPF (Minist\u00e9rio P\u00fablico) nem o juiz perceberam que essa escolha do projeto foi estrat\u00e9gica, uma esp\u00e9cie de ant\u00eddoto para a inseguran\u00e7a jur\u00eddica causada pelo ativismo judicial. Na pr\u00e1tica, a decis\u00e3o \u00e9 ruim mais pelo ru\u00eddo que gera para outras concess\u00f5es que usam a mesma tecnologia de forma mais ampla do que pelo impacto na concess\u00e3o da Rodovia Dutra. Incentiva que futuras modelagens atribuam menos risco \u00e0s concession\u00e1rias, comprometam recursos p\u00fablicos em neg\u00f3cios em princ\u00edpio autossustent\u00e1veis, onerando o projeto e todos os usu\u00e1rios, n\u00e3o apenas os n\u00e3o pagantes.\u00a0<\/p>\n\n\n\n<p>Importante avisar que, se a concession\u00e1ria tiver que suportar a inadimpl\u00eancia de usu\u00e1rios que passam numa rodovia concedida com sistemas de livre passagem, nem precisaremos discutir risco do neg\u00f3cio, pois neg\u00f3cio n\u00e3o haver\u00e1. Voltaremos \u00e0 era sem concess\u00f5es.&nbsp;<\/p>\n\n\n\n<p><strong>*Tarcila Reis Jord\u00e3o <\/strong>\u00e9 professora da FGV Direito SP. Pesquisadora visitante no MIT. Doutora pela SciencesPo\/Paris, com pesquisa na HLS. Mestre pela LSE. Mestre pela Universidade de Paris 1. S\u00f3cia da Portugal Ribeiro e Jord\u00e3o Advogados.<\/p>\n\n\n\n<p class=\"has-text-align-left has-black-color has-text-color has-link-color wp-elements-a2b24ba6a97c661117fd8e6a14383c6d\"><strong>**Vera Monteiro <\/strong>\u00e9 professora da FGV Direito SP. Lemann Foundation Visiting Fellow na Blavatnik School of Government (Oxford, UK). Doutora pela USP. Mestre pela PUC\/SP. S\u00f3cia de Sundfeld Advogados<\/p>\n\n\n\n<p class=\"has-text-align-left has-luminous-vivid-orange-color has-text-color has-link-color wp-elements-ecf08604e99b28389ff658cd17343e88\">As opini\u00f5es dos autores n\u00e3o refletem necessariamente o pensamento da<strong>&nbsp;Ag\u00eancia iNFRA<\/strong>, sendo de total responsabilidade do autor as informa\u00e7\u00f5es, ju\u00edzos de valor e conceitos descritos no texto.<\/p>\n","protected":false},"excerpt":{"rendered":"<p>Tarcila Reis Jord\u00e3o* e Vera Monteiro** O Brasil comemora ter o maior programa de parcerias do mundo. O setor rodovi\u00e1rio \u00e9 seu carro-chefe em tamanho e maturidade regulat\u00f3ria, com qualidade contratual premiada mundo afora. Aprendemos a fazer concess\u00f5es rodovi\u00e1rias na d\u00e9cada de 1990 e temos aperfei\u00e7oado a experi\u00eancia a cada novo projeto.&nbsp; Nos avan\u00e7os incrementais, [&hellip;]<\/p>\n","protected":false},"author":1,"featured_media":31439,"comment_status":"closed","ping_status":"closed","sticky":false,"template":"","format":"standard","meta":{"_monsterinsights_skip_tracking":false,"_monsterinsights_sitenote_active":false,"_monsterinsights_sitenote_note":"","_monsterinsights_sitenote_category":0,"footnotes":""},"categories":[7,10040],"tags":[78,1106,1576,16673,16674],"class_list":["post-31434","post","type-post","status-publish","format-standard","has-post-thumbnail","hentry","category-infratransporte","category-opiniao","tag-concessoes","tag-free-flow","tag-rodovia-presidente-dutra","tag-tarcila-reis-jordao","tag-vera-monteiro"],"yoast_head":"<!-- This site is optimized with the Yoast SEO Premium plugin v25.4 (Yoast SEO v26.0) - https:\/\/yoast.com\/wordpress\/plugins\/seo\/ -->\n<title>Free flow em perigo? H\u00e1 mais raz\u00f5es para acreditar que n\u00e3o - Ag\u00eancia iNFRA<\/title>\n<meta name=\"robots\" content=\"index, follow, max-snippet:-1, max-image-preview:large, max-video-preview:-1\" \/>\n<link rel=\"canonical\" href=\"https:\/\/agenciainfra.com\/blog\/free-flow-em-perigo-ha-mais-razoes-para-acreditar-que-nao\/\" \/>\n<meta property=\"og:locale\" content=\"pt_BR\" \/>\n<meta property=\"og:type\" content=\"article\" \/>\n<meta property=\"og:title\" content=\"Free flow em perigo? H\u00e1 mais raz\u00f5es para acreditar que n\u00e3o\" \/>\n<meta property=\"og:description\" content=\"Tarcila Reis Jord\u00e3o* e Vera Monteiro** O Brasil comemora ter o maior programa de parcerias do mundo. O setor rodovi\u00e1rio \u00e9 seu carro-chefe em tamanho e maturidade regulat\u00f3ria, com qualidade contratual premiada mundo afora. Aprendemos a fazer concess\u00f5es rodovi\u00e1rias na d\u00e9cada de 1990 e temos aperfei\u00e7oado a experi\u00eancia a cada novo projeto.&nbsp; Nos avan\u00e7os incrementais, [&hellip;]\" \/>\n<meta property=\"og:url\" content=\"https:\/\/agenciainfra.com\/blog\/free-flow-em-perigo-ha-mais-razoes-para-acreditar-que-nao\/\" \/>\n<meta property=\"og:site_name\" content=\"Ag\u00eancia iNFRA\" \/>\n<meta property=\"article:publisher\" content=\"https:\/\/www.facebook.com\/ageninfra\" \/>\n<meta property=\"article:published_time\" content=\"2025-11-04T15:41:41+00:00\" \/>\n<meta property=\"article:modified_time\" content=\"2025-11-04T15:41:42+00:00\" \/>\n<meta property=\"og:image\" content=\"https:\/\/agenciainfra.com\/blog\/wp-content\/uploads\/2025\/11\/vera-monteiro-e-tarcila-reis-jordao-foto-divulgacao-1.jpg\" \/>\n\t<meta property=\"og:image:width\" content=\"1226\" \/>\n\t<meta property=\"og:image:height\" content=\"808\" \/>\n\t<meta property=\"og:image:type\" content=\"image\/jpeg\" \/>\n<meta name=\"author\" content=\"Ag\u00eancia iNFRA\" \/>\n<meta name=\"twitter:card\" content=\"summary_large_image\" \/>\n<meta name=\"twitter:creator\" content=\"@agencia_infra\" \/>\n<meta name=\"twitter:site\" content=\"@agencia_infra\" \/>\n<meta name=\"twitter:label1\" content=\"Escrito por\" \/>\n\t<meta name=\"twitter:data1\" content=\"Ag\u00eancia iNFRA\" \/>\n\t<meta name=\"twitter:label2\" content=\"Est. tempo de leitura\" \/>\n\t<meta name=\"twitter:data2\" content=\"6 minutos\" \/>\n<script type=\"application\/ld+json\" class=\"yoast-schema-graph\">{\"@context\":\"https:\/\/schema.org\",\"@graph\":[{\"@type\":\"Article\",\"@id\":\"https:\/\/agenciainfra.com\/blog\/free-flow-em-perigo-ha-mais-razoes-para-acreditar-que-nao\/#article\",\"isPartOf\":{\"@id\":\"https:\/\/agenciainfra.com\/blog\/free-flow-em-perigo-ha-mais-razoes-para-acreditar-que-nao\/\"},\"author\":{\"name\":\"Ag\u00eancia iNFRA\",\"@id\":\"https:\/\/agenciainfra.com\/blog\/#\/schema\/person\/34af08dff6adea4cb22b06612ba7acfa\"},\"headline\":\"Free flow em perigo? H\u00e1 mais raz\u00f5es para acreditar que n\u00e3o\",\"datePublished\":\"2025-11-04T15:41:41+00:00\",\"dateModified\":\"2025-11-04T15:41:42+00:00\",\"mainEntityOfPage\":{\"@id\":\"https:\/\/agenciainfra.com\/blog\/free-flow-em-perigo-ha-mais-razoes-para-acreditar-que-nao\/\"},\"wordCount\":1113,\"publisher\":{\"@id\":\"https:\/\/agenciainfra.com\/blog\/#organization\"},\"image\":{\"@id\":\"https:\/\/agenciainfra.com\/blog\/free-flow-em-perigo-ha-mais-razoes-para-acreditar-que-nao\/#primaryimage\"},\"thumbnailUrl\":\"https:\/\/agenciainfra.com\/blog\/wp-content\/uploads\/2025\/11\/vera-monteiro-e-tarcila-reis-jordao-foto-divulgacao-1.jpg\",\"keywords\":[\"concess\u00f5es\",\"free flow\",\"Rodovia Presidente Dutra\",\"Tarcila Reis Jord\u00e3o\",\"Vera Monteiro\"],\"articleSection\":[\"iNFRATransporte\",\"Opini\u00e3o\"],\"inLanguage\":\"pt-BR\",\"copyrightYear\":\"2025\",\"copyrightHolder\":{\"@id\":\"https:\/\/agenciainfra.com\/blog\/#organization\"}},{\"@type\":\"WebPage\",\"@id\":\"https:\/\/agenciainfra.com\/blog\/free-flow-em-perigo-ha-mais-razoes-para-acreditar-que-nao\/\",\"url\":\"https:\/\/agenciainfra.com\/blog\/free-flow-em-perigo-ha-mais-razoes-para-acreditar-que-nao\/\",\"name\":\"Free flow em perigo? H\u00e1 mais raz\u00f5es para acreditar que n\u00e3o - Ag\u00eancia iNFRA\",\"isPartOf\":{\"@id\":\"https:\/\/agenciainfra.com\/blog\/#website\"},\"primaryImageOfPage\":{\"@id\":\"https:\/\/agenciainfra.com\/blog\/free-flow-em-perigo-ha-mais-razoes-para-acreditar-que-nao\/#primaryimage\"},\"image\":{\"@id\":\"https:\/\/agenciainfra.com\/blog\/free-flow-em-perigo-ha-mais-razoes-para-acreditar-que-nao\/#primaryimage\"},\"thumbnailUrl\":\"https:\/\/agenciainfra.com\/blog\/wp-content\/uploads\/2025\/11\/vera-monteiro-e-tarcila-reis-jordao-foto-divulgacao-1.jpg\",\"datePublished\":\"2025-11-04T15:41:41+00:00\",\"dateModified\":\"2025-11-04T15:41:42+00:00\",\"breadcrumb\":{\"@id\":\"https:\/\/agenciainfra.com\/blog\/free-flow-em-perigo-ha-mais-razoes-para-acreditar-que-nao\/#breadcrumb\"},\"inLanguage\":\"pt-BR\",\"potentialAction\":[{\"@type\":\"ReadAction\",\"target\":[\"https:\/\/agenciainfra.com\/blog\/free-flow-em-perigo-ha-mais-razoes-para-acreditar-que-nao\/\"]}]},{\"@type\":\"ImageObject\",\"inLanguage\":\"pt-BR\",\"@id\":\"https:\/\/agenciainfra.com\/blog\/free-flow-em-perigo-ha-mais-razoes-para-acreditar-que-nao\/#primaryimage\",\"url\":\"https:\/\/agenciainfra.com\/blog\/wp-content\/uploads\/2025\/11\/vera-monteiro-e-tarcila-reis-jordao-foto-divulgacao-1.jpg\",\"contentUrl\":\"https:\/\/agenciainfra.com\/blog\/wp-content\/uploads\/2025\/11\/vera-monteiro-e-tarcila-reis-jordao-foto-divulgacao-1.jpg\",\"width\":1226,\"height\":808,\"caption\":\"Foto: Divulga\u00e7\u00e3o\"},{\"@type\":\"BreadcrumbList\",\"@id\":\"https:\/\/agenciainfra.com\/blog\/free-flow-em-perigo-ha-mais-razoes-para-acreditar-que-nao\/#breadcrumb\",\"itemListElement\":[{\"@type\":\"ListItem\",\"position\":1,\"name\":\"In\u00edcio\",\"item\":\"https:\/\/agenciainfra.com\/blog\/\"},{\"@type\":\"ListItem\",\"position\":2,\"name\":\"Free flow em perigo? H\u00e1 mais raz\u00f5es para acreditar que n\u00e3o\"}]},{\"@type\":\"WebSite\",\"@id\":\"https:\/\/agenciainfra.com\/blog\/#website\",\"url\":\"https:\/\/agenciainfra.com\/blog\/\",\"name\":\"Ag\u00eancia iNFRA\",\"description\":\"Multiplataforma de informa\u00e7\u00e3o jornal\u00edstica refer\u00eancia na \u00e1rea de infraestrutura no Brasil!\",\"publisher\":{\"@id\":\"https:\/\/agenciainfra.com\/blog\/#organization\"},\"potentialAction\":[{\"@type\":\"SearchAction\",\"target\":{\"@type\":\"EntryPoint\",\"urlTemplate\":\"https:\/\/agenciainfra.com\/blog\/?s={search_term_string}\"},\"query-input\":{\"@type\":\"PropertyValueSpecification\",\"valueRequired\":true,\"valueName\":\"search_term_string\"}}],\"inLanguage\":\"pt-BR\"},{\"@type\":\"Organization\",\"@id\":\"https:\/\/agenciainfra.com\/blog\/#organization\",\"name\":\"Ag\u00eancia iNFRA\",\"url\":\"https:\/\/agenciainfra.com\/blog\/\",\"logo\":{\"@type\":\"ImageObject\",\"inLanguage\":\"pt-BR\",\"@id\":\"https:\/\/agenciainfra.com\/blog\/#\/schema\/logo\/image\/\",\"url\":\"https:\/\/agenciainfra.com\/blog\/wp-content\/uploads\/2023\/09\/iNFRA_5-e1761735885940.png\",\"contentUrl\":\"https:\/\/agenciainfra.com\/blog\/wp-content\/uploads\/2023\/09\/iNFRA_5-e1761735885940.png\",\"width\":1672,\"height\":454,\"caption\":\"Ag\u00eancia iNFRA\"},\"image\":{\"@id\":\"https:\/\/agenciainfra.com\/blog\/#\/schema\/logo\/image\/\"},\"sameAs\":[\"https:\/\/www.facebook.com\/ageninfra\",\"https:\/\/x.com\/agencia_infra\",\"https:\/\/www.linkedin.com\/company\/ag\u00eanciainfra\/\",\"https:\/\/www.instagram.com\/agenciainfra\/\"]},{\"@type\":\"Person\",\"@id\":\"https:\/\/agenciainfra.com\/blog\/#\/schema\/person\/34af08dff6adea4cb22b06612ba7acfa\",\"name\":\"Ag\u00eancia iNFRA\",\"image\":{\"@type\":\"ImageObject\",\"inLanguage\":\"pt-BR\",\"@id\":\"https:\/\/agenciainfra.com\/blog\/#\/schema\/person\/image\/\",\"url\":\"https:\/\/secure.gravatar.com\/avatar\/d189e01678f06d8eb84d4e01f08eb848b3fffe3f8443818d3c356c66892f5be8?s=96&d=mm&r=g\",\"contentUrl\":\"https:\/\/secure.gravatar.com\/avatar\/d189e01678f06d8eb84d4e01f08eb848b3fffe3f8443818d3c356c66892f5be8?s=96&d=mm&r=g\",\"caption\":\"Ag\u00eancia iNFRA\"},\"url\":\"https:\/\/agenciainfra.com\/blog\/author\/admin\/\"}]}<\/script>\n<!-- \/ Yoast SEO Premium plugin. -->","yoast_head_json":{"title":"Free flow em perigo? H\u00e1 mais raz\u00f5es para acreditar que n\u00e3o - Ag\u00eancia iNFRA","robots":{"index":"index","follow":"follow","max-snippet":"max-snippet:-1","max-image-preview":"max-image-preview:large","max-video-preview":"max-video-preview:-1"},"canonical":"https:\/\/agenciainfra.com\/blog\/free-flow-em-perigo-ha-mais-razoes-para-acreditar-que-nao\/","og_locale":"pt_BR","og_type":"article","og_title":"Free flow em perigo? H\u00e1 mais raz\u00f5es para acreditar que n\u00e3o","og_description":"Tarcila Reis Jord\u00e3o* e Vera Monteiro** O Brasil comemora ter o maior programa de parcerias do mundo. O setor rodovi\u00e1rio \u00e9 seu carro-chefe em tamanho e maturidade regulat\u00f3ria, com qualidade contratual premiada mundo afora. Aprendemos a fazer concess\u00f5es rodovi\u00e1rias na d\u00e9cada de 1990 e temos aperfei\u00e7oado a experi\u00eancia a cada novo projeto.&nbsp; Nos avan\u00e7os incrementais, [&hellip;]","og_url":"https:\/\/agenciainfra.com\/blog\/free-flow-em-perigo-ha-mais-razoes-para-acreditar-que-nao\/","og_site_name":"Ag\u00eancia iNFRA","article_publisher":"https:\/\/www.facebook.com\/ageninfra","article_published_time":"2025-11-04T15:41:41+00:00","article_modified_time":"2025-11-04T15:41:42+00:00","og_image":[{"width":1226,"height":808,"url":"https:\/\/agenciainfra.com\/blog\/wp-content\/uploads\/2025\/11\/vera-monteiro-e-tarcila-reis-jordao-foto-divulgacao-1.jpg","type":"image\/jpeg"}],"author":"Ag\u00eancia iNFRA","twitter_card":"summary_large_image","twitter_creator":"@agencia_infra","twitter_site":"@agencia_infra","twitter_misc":{"Escrito por":"Ag\u00eancia iNFRA","Est. tempo de leitura":"6 minutos"},"schema":{"@context":"https:\/\/schema.org","@graph":[{"@type":"Article","@id":"https:\/\/agenciainfra.com\/blog\/free-flow-em-perigo-ha-mais-razoes-para-acreditar-que-nao\/#article","isPartOf":{"@id":"https:\/\/agenciainfra.com\/blog\/free-flow-em-perigo-ha-mais-razoes-para-acreditar-que-nao\/"},"author":{"name":"Ag\u00eancia iNFRA","@id":"https:\/\/agenciainfra.com\/blog\/#\/schema\/person\/34af08dff6adea4cb22b06612ba7acfa"},"headline":"Free flow em perigo? H\u00e1 mais raz\u00f5es para acreditar que n\u00e3o","datePublished":"2025-11-04T15:41:41+00:00","dateModified":"2025-11-04T15:41:42+00:00","mainEntityOfPage":{"@id":"https:\/\/agenciainfra.com\/blog\/free-flow-em-perigo-ha-mais-razoes-para-acreditar-que-nao\/"},"wordCount":1113,"publisher":{"@id":"https:\/\/agenciainfra.com\/blog\/#organization"},"image":{"@id":"https:\/\/agenciainfra.com\/blog\/free-flow-em-perigo-ha-mais-razoes-para-acreditar-que-nao\/#primaryimage"},"thumbnailUrl":"https:\/\/agenciainfra.com\/blog\/wp-content\/uploads\/2025\/11\/vera-monteiro-e-tarcila-reis-jordao-foto-divulgacao-1.jpg","keywords":["concess\u00f5es","free flow","Rodovia Presidente Dutra","Tarcila Reis Jord\u00e3o","Vera Monteiro"],"articleSection":["iNFRATransporte","Opini\u00e3o"],"inLanguage":"pt-BR","copyrightYear":"2025","copyrightHolder":{"@id":"https:\/\/agenciainfra.com\/blog\/#organization"}},{"@type":"WebPage","@id":"https:\/\/agenciainfra.com\/blog\/free-flow-em-perigo-ha-mais-razoes-para-acreditar-que-nao\/","url":"https:\/\/agenciainfra.com\/blog\/free-flow-em-perigo-ha-mais-razoes-para-acreditar-que-nao\/","name":"Free flow em perigo? H\u00e1 mais raz\u00f5es para acreditar que n\u00e3o - Ag\u00eancia iNFRA","isPartOf":{"@id":"https:\/\/agenciainfra.com\/blog\/#website"},"primaryImageOfPage":{"@id":"https:\/\/agenciainfra.com\/blog\/free-flow-em-perigo-ha-mais-razoes-para-acreditar-que-nao\/#primaryimage"},"image":{"@id":"https:\/\/agenciainfra.com\/blog\/free-flow-em-perigo-ha-mais-razoes-para-acreditar-que-nao\/#primaryimage"},"thumbnailUrl":"https:\/\/agenciainfra.com\/blog\/wp-content\/uploads\/2025\/11\/vera-monteiro-e-tarcila-reis-jordao-foto-divulgacao-1.jpg","datePublished":"2025-11-04T15:41:41+00:00","dateModified":"2025-11-04T15:41:42+00:00","breadcrumb":{"@id":"https:\/\/agenciainfra.com\/blog\/free-flow-em-perigo-ha-mais-razoes-para-acreditar-que-nao\/#breadcrumb"},"inLanguage":"pt-BR","potentialAction":[{"@type":"ReadAction","target":["https:\/\/agenciainfra.com\/blog\/free-flow-em-perigo-ha-mais-razoes-para-acreditar-que-nao\/"]}]},{"@type":"ImageObject","inLanguage":"pt-BR","@id":"https:\/\/agenciainfra.com\/blog\/free-flow-em-perigo-ha-mais-razoes-para-acreditar-que-nao\/#primaryimage","url":"https:\/\/agenciainfra.com\/blog\/wp-content\/uploads\/2025\/11\/vera-monteiro-e-tarcila-reis-jordao-foto-divulgacao-1.jpg","contentUrl":"https:\/\/agenciainfra.com\/blog\/wp-content\/uploads\/2025\/11\/vera-monteiro-e-tarcila-reis-jordao-foto-divulgacao-1.jpg","width":1226,"height":808,"caption":"Foto: Divulga\u00e7\u00e3o"},{"@type":"BreadcrumbList","@id":"https:\/\/agenciainfra.com\/blog\/free-flow-em-perigo-ha-mais-razoes-para-acreditar-que-nao\/#breadcrumb","itemListElement":[{"@type":"ListItem","position":1,"name":"In\u00edcio","item":"https:\/\/agenciainfra.com\/blog\/"},{"@type":"ListItem","position":2,"name":"Free flow em perigo? H\u00e1 mais raz\u00f5es para acreditar que n\u00e3o"}]},{"@type":"WebSite","@id":"https:\/\/agenciainfra.com\/blog\/#website","url":"https:\/\/agenciainfra.com\/blog\/","name":"Ag\u00eancia iNFRA","description":"Multiplataforma de informa\u00e7\u00e3o jornal\u00edstica refer\u00eancia na \u00e1rea de infraestrutura no Brasil!","publisher":{"@id":"https:\/\/agenciainfra.com\/blog\/#organization"},"potentialAction":[{"@type":"SearchAction","target":{"@type":"EntryPoint","urlTemplate":"https:\/\/agenciainfra.com\/blog\/?s={search_term_string}"},"query-input":{"@type":"PropertyValueSpecification","valueRequired":true,"valueName":"search_term_string"}}],"inLanguage":"pt-BR"},{"@type":"Organization","@id":"https:\/\/agenciainfra.com\/blog\/#organization","name":"Ag\u00eancia iNFRA","url":"https:\/\/agenciainfra.com\/blog\/","logo":{"@type":"ImageObject","inLanguage":"pt-BR","@id":"https:\/\/agenciainfra.com\/blog\/#\/schema\/logo\/image\/","url":"https:\/\/agenciainfra.com\/blog\/wp-content\/uploads\/2023\/09\/iNFRA_5-e1761735885940.png","contentUrl":"https:\/\/agenciainfra.com\/blog\/wp-content\/uploads\/2023\/09\/iNFRA_5-e1761735885940.png","width":1672,"height":454,"caption":"Ag\u00eancia iNFRA"},"image":{"@id":"https:\/\/agenciainfra.com\/blog\/#\/schema\/logo\/image\/"},"sameAs":["https:\/\/www.facebook.com\/ageninfra","https:\/\/x.com\/agencia_infra","https:\/\/www.linkedin.com\/company\/ag\u00eanciainfra\/","https:\/\/www.instagram.com\/agenciainfra\/"]},{"@type":"Person","@id":"https:\/\/agenciainfra.com\/blog\/#\/schema\/person\/34af08dff6adea4cb22b06612ba7acfa","name":"Ag\u00eancia iNFRA","image":{"@type":"ImageObject","inLanguage":"pt-BR","@id":"https:\/\/agenciainfra.com\/blog\/#\/schema\/person\/image\/","url":"https:\/\/secure.gravatar.com\/avatar\/d189e01678f06d8eb84d4e01f08eb848b3fffe3f8443818d3c356c66892f5be8?s=96&d=mm&r=g","contentUrl":"https:\/\/secure.gravatar.com\/avatar\/d189e01678f06d8eb84d4e01f08eb848b3fffe3f8443818d3c356c66892f5be8?s=96&d=mm&r=g","caption":"Ag\u00eancia iNFRA"},"url":"https:\/\/agenciainfra.com\/blog\/author\/admin\/"}]}},"_links":{"self":[{"href":"https:\/\/agenciainfra.com\/blog\/wp-json\/wp\/v2\/posts\/31434","targetHints":{"allow":["GET"]}}],"collection":[{"href":"https:\/\/agenciainfra.com\/blog\/wp-json\/wp\/v2\/posts"}],"about":[{"href":"https:\/\/agenciainfra.com\/blog\/wp-json\/wp\/v2\/types\/post"}],"author":[{"embeddable":true,"href":"https:\/\/agenciainfra.com\/blog\/wp-json\/wp\/v2\/users\/1"}],"replies":[{"embeddable":true,"href":"https:\/\/agenciainfra.com\/blog\/wp-json\/wp\/v2\/comments?post=31434"}],"version-history":[{"count":3,"href":"https:\/\/agenciainfra.com\/blog\/wp-json\/wp\/v2\/posts\/31434\/revisions"}],"predecessor-version":[{"id":31453,"href":"https:\/\/agenciainfra.com\/blog\/wp-json\/wp\/v2\/posts\/31434\/revisions\/31453"}],"wp:featuredmedia":[{"embeddable":true,"href":"https:\/\/agenciainfra.com\/blog\/wp-json\/wp\/v2\/media\/31439"}],"wp:attachment":[{"href":"https:\/\/agenciainfra.com\/blog\/wp-json\/wp\/v2\/media?parent=31434"}],"wp:term":[{"taxonomy":"category","embeddable":true,"href":"https:\/\/agenciainfra.com\/blog\/wp-json\/wp\/v2\/categories?post=31434"},{"taxonomy":"post_tag","embeddable":true,"href":"https:\/\/agenciainfra.com\/blog\/wp-json\/wp\/v2\/tags?post=31434"}],"curies":[{"name":"wp","href":"https:\/\/api.w.org\/{rel}","templated":true}]}}