{"id":31491,"date":"2025-11-04T15:48:19","date_gmt":"2025-11-04T18:48:19","guid":{"rendered":"https:\/\/agenciainfra.com\/blog\/?p=31491"},"modified":"2025-11-04T17:26:44","modified_gmt":"2025-11-04T20:26:44","slug":"consumo-de-energia-cai-em-setembro-so-residencias-registram-alta","status":"publish","type":"post","link":"https:\/\/agenciainfra.com\/blog\/consumo-de-energia-cai-em-setembro-so-residencias-registram-alta\/","title":{"rendered":"Consumo de energia cai em setembro; s\u00f3 resid\u00eancias registram alta"},"content":{"rendered":"\n<p class=\"has-text-align-right\"><strong>da Ag\u00eancia iNFRA<\/strong><\/p>\n\n\n\n<p>O consumo de energia el\u00e9trica no Brasil somou 46.063 GWh em setembro de 2025, uma redu\u00e7\u00e3o de 0,8% em rela\u00e7\u00e3o ao mesmo m\u00eas do ano passado, segundo a EPE (Empresa de Pesquisa Energ\u00e9tica). \u00c9 a segunda queda consecutiva e a quinta do ano no indicador.<\/p>\n\n\n\n<p>Entre as classes de consumo, apenas o setor residencial registrou aumento, com alta de 1,0% na compara\u00e7\u00e3o interanual. A ind\u00fastria (-1,5%), o com\u00e9rcio (-1,7%) e outros (-1,5%) apresentaram retra\u00e7\u00e3o. Regionalmente, o Centro-Oeste foi o destaque positivo (+2,2%), seguido por Norte (+1,6%) e Nordeste (+0,2%). J\u00e1 Sudeste (-2,1%) e Sul (-0,6%) reduziram o consumo.<\/p>\n\n\n\n<p>No acumulado dos \u00faltimos 12 meses, o pa\u00eds consumiu 562.846 GWh, crescimento de 0,7% em rela\u00e7\u00e3o ao per\u00edodo anterior.<\/p>\n\n\n\n<p>No recorte por ambiente de contrata\u00e7\u00e3o, o mercado livre respondeu por 45,9% do consumo total, com 21.143 GWh em setembro. O segmento avan\u00e7ou 4,4% em consumo e 41,4% em n\u00famero de consumidores. O Centro-Oeste teve o maior crescimento tanto em consumo (+11,6%) quanto em ades\u00f5es (+65,7%).<\/p>\n\n\n\n<p>J\u00e1 o mercado regulado, respons\u00e1vel por 54,1% do total (24.920 GWh), recuou 4,7% no consumo, mesmo com leve aumento de 1,4% no n\u00famero de consumidores. A regi\u00e3o Nordeste foi a que mais ampliou a base de consumidores cativos (+2,2%), enquanto o Centro-Oeste teve a menor retra\u00e7\u00e3o no uso (-2,0%).<\/p>\n","protected":false},"excerpt":{"rendered":"<p>da Ag\u00eancia iNFRA O consumo de energia el\u00e9trica no Brasil somou 46.063 GWh em setembro de 2025, uma redu\u00e7\u00e3o de 0,8% em rela\u00e7\u00e3o ao mesmo m\u00eas do ano passado, segundo a EPE (Empresa de Pesquisa Energ\u00e9tica). \u00c9 a segunda queda consecutiva e a quinta do ano no indicador. Entre as classes de consumo, apenas o [&hellip;]<\/p>\n","protected":false},"author":1,"featured_media":23944,"comment_status":"closed","ping_status":"closed","sticky":false,"template":"","format":"standard","meta":{"_monsterinsights_skip_tracking":false,"_monsterinsights_sitenote_active":false,"_monsterinsights_sitenote_note":"","_monsterinsights_sitenote_category":0,"footnotes":""},"categories":[13576],"tags":[716,13,282,12,368],"class_list":["post-31491","post","type-post","status-publish","format-standard","has-post-thumbnail","hentry","category-giro-infra","tag-comercio","tag-consumo-de-energia","tag-energia-eletrica","tag-epe","tag-industria"],"yoast_head":"<!-- This site is optimized with the Yoast SEO Premium plugin v25.4 (Yoast SEO v26.0) - https:\/\/yoast.com\/wordpress\/plugins\/seo\/ -->\n<title>Consumo de energia cai em setembro; s\u00f3 resid\u00eancias registram alta - Ag\u00eancia iNFRA<\/title>\n<meta name=\"robots\" content=\"index, follow, max-snippet:-1, max-image-preview:large, max-video-preview:-1\" \/>\n<link rel=\"canonical\" href=\"https:\/\/agenciainfra.com\/blog\/consumo-de-energia-cai-em-setembro-so-residencias-registram-alta\/\" \/>\n<meta property=\"og:locale\" content=\"pt_BR\" \/>\n<meta property=\"og:type\" content=\"article\" \/>\n<meta property=\"og:title\" content=\"Consumo de energia cai em setembro; s\u00f3 resid\u00eancias registram alta\" \/>\n<meta property=\"og:description\" content=\"da Ag\u00eancia iNFRA O consumo de energia el\u00e9trica no Brasil somou 46.063 GWh em setembro de 2025, uma redu\u00e7\u00e3o de 0,8% em rela\u00e7\u00e3o ao mesmo m\u00eas do ano passado, segundo a EPE (Empresa de Pesquisa Energ\u00e9tica). \u00c9 a segunda queda consecutiva e a quinta do ano no indicador. Entre as classes de consumo, apenas o [&hellip;]\" \/>\n<meta property=\"og:url\" content=\"https:\/\/agenciainfra.com\/blog\/consumo-de-energia-cai-em-setembro-so-residencias-registram-alta\/\" \/>\n<meta property=\"og:site_name\" content=\"Ag\u00eancia iNFRA\" \/>\n<meta property=\"article:publisher\" content=\"https:\/\/www.facebook.com\/ageninfra\" \/>\n<meta property=\"article:published_time\" content=\"2025-11-04T18:48:19+00:00\" \/>\n<meta property=\"article:modified_time\" content=\"2025-11-04T20:26:44+00:00\" \/>\n<meta property=\"og:image\" content=\"https:\/\/agenciainfra.com\/blog\/wp-content\/uploads\/2025\/07\/luz-lampada-energia-foto-marcello-casal-jr-agencia-brasil.png\" \/>\n\t<meta property=\"og:image:width\" content=\"1280\" \/>\n\t<meta property=\"og:image:height\" content=\"764\" \/>\n\t<meta property=\"og:image:type\" content=\"image\/png\" \/>\n<meta name=\"author\" content=\"Ag\u00eancia iNFRA\" \/>\n<meta name=\"twitter:card\" content=\"summary_large_image\" \/>\n<meta name=\"twitter:creator\" content=\"@agencia_infra\" \/>\n<meta name=\"twitter:site\" content=\"@agencia_infra\" \/>\n<meta name=\"twitter:label1\" content=\"Escrito por\" \/>\n\t<meta name=\"twitter:data1\" content=\"Ag\u00eancia iNFRA\" \/>\n\t<meta name=\"twitter:label2\" content=\"Est. tempo de leitura\" \/>\n\t<meta name=\"twitter:data2\" content=\"1 minuto\" \/>\n<script type=\"application\/ld+json\" class=\"yoast-schema-graph\">{\"@context\":\"https:\/\/schema.org\",\"@graph\":[{\"@type\":\"Article\",\"@id\":\"https:\/\/agenciainfra.com\/blog\/consumo-de-energia-cai-em-setembro-so-residencias-registram-alta\/#article\",\"isPartOf\":{\"@id\":\"https:\/\/agenciainfra.com\/blog\/consumo-de-energia-cai-em-setembro-so-residencias-registram-alta\/\"},\"author\":{\"name\":\"Ag\u00eancia iNFRA\",\"@id\":\"https:\/\/agenciainfra.com\/blog\/#\/schema\/person\/34af08dff6adea4cb22b06612ba7acfa\"},\"headline\":\"Consumo de energia cai em setembro; s\u00f3 resid\u00eancias registram alta\",\"datePublished\":\"2025-11-04T18:48:19+00:00\",\"dateModified\":\"2025-11-04T20:26:44+00:00\",\"mainEntityOfPage\":{\"@id\":\"https:\/\/agenciainfra.com\/blog\/consumo-de-energia-cai-em-setembro-so-residencias-registram-alta\/\"},\"wordCount\":225,\"publisher\":{\"@id\":\"https:\/\/agenciainfra.com\/blog\/#organization\"},\"image\":{\"@id\":\"https:\/\/agenciainfra.com\/blog\/consumo-de-energia-cai-em-setembro-so-residencias-registram-alta\/#primaryimage\"},\"thumbnailUrl\":\"https:\/\/agenciainfra.com\/blog\/wp-content\/uploads\/2025\/07\/luz-lampada-energia-foto-marcello-casal-jr-agencia-brasil.png\",\"keywords\":[\"com\u00e9rcio\",\"consumo de energia\",\"energia el\u00e9trica\",\"epe\",\"ind\u00fastria\"],\"articleSection\":[\"Giro iNFRA\"],\"inLanguage\":\"pt-BR\",\"copyrightYear\":\"2025\",\"copyrightHolder\":{\"@id\":\"https:\/\/agenciainfra.com\/blog\/#organization\"}},{\"@type\":\"WebPage\",\"@id\":\"https:\/\/agenciainfra.com\/blog\/consumo-de-energia-cai-em-setembro-so-residencias-registram-alta\/\",\"url\":\"https:\/\/agenciainfra.com\/blog\/consumo-de-energia-cai-em-setembro-so-residencias-registram-alta\/\",\"name\":\"Consumo de energia cai em setembro; s\u00f3 resid\u00eancias registram alta - Ag\u00eancia iNFRA\",\"isPartOf\":{\"@id\":\"https:\/\/agenciainfra.com\/blog\/#website\"},\"primaryImageOfPage\":{\"@id\":\"https:\/\/agenciainfra.com\/blog\/consumo-de-energia-cai-em-setembro-so-residencias-registram-alta\/#primaryimage\"},\"image\":{\"@id\":\"https:\/\/agenciainfra.com\/blog\/consumo-de-energia-cai-em-setembro-so-residencias-registram-alta\/#primaryimage\"},\"thumbnailUrl\":\"https:\/\/agenciainfra.com\/blog\/wp-content\/uploads\/2025\/07\/luz-lampada-energia-foto-marcello-casal-jr-agencia-brasil.png\",\"datePublished\":\"2025-11-04T18:48:19+00:00\",\"dateModified\":\"2025-11-04T20:26:44+00:00\",\"breadcrumb\":{\"@id\":\"https:\/\/agenciainfra.com\/blog\/consumo-de-energia-cai-em-setembro-so-residencias-registram-alta\/#breadcrumb\"},\"inLanguage\":\"pt-BR\",\"potentialAction\":[{\"@type\":\"ReadAction\",\"target\":[\"https:\/\/agenciainfra.com\/blog\/consumo-de-energia-cai-em-setembro-so-residencias-registram-alta\/\"]}]},{\"@type\":\"ImageObject\",\"inLanguage\":\"pt-BR\",\"@id\":\"https:\/\/agenciainfra.com\/blog\/consumo-de-energia-cai-em-setembro-so-residencias-registram-alta\/#primaryimage\",\"url\":\"https:\/\/agenciainfra.com\/blog\/wp-content\/uploads\/2025\/07\/luz-lampada-energia-foto-marcello-casal-jr-agencia-brasil.png\",\"contentUrl\":\"https:\/\/agenciainfra.com\/blog\/wp-content\/uploads\/2025\/07\/luz-lampada-energia-foto-marcello-casal-jr-agencia-brasil.png\",\"width\":1280,\"height\":764,\"caption\":\"Foto: Marcello Casal Jr.\/Ag\u00eancia Brasil\"},{\"@type\":\"BreadcrumbList\",\"@id\":\"https:\/\/agenciainfra.com\/blog\/consumo-de-energia-cai-em-setembro-so-residencias-registram-alta\/#breadcrumb\",\"itemListElement\":[{\"@type\":\"ListItem\",\"position\":1,\"name\":\"In\u00edcio\",\"item\":\"https:\/\/agenciainfra.com\/blog\/\"},{\"@type\":\"ListItem\",\"position\":2,\"name\":\"Consumo de energia cai em setembro; s\u00f3 resid\u00eancias registram alta\"}]},{\"@type\":\"WebSite\",\"@id\":\"https:\/\/agenciainfra.com\/blog\/#website\",\"url\":\"https:\/\/agenciainfra.com\/blog\/\",\"name\":\"Ag\u00eancia iNFRA\",\"description\":\"Multiplataforma de informa\u00e7\u00e3o jornal\u00edstica refer\u00eancia na \u00e1rea de infraestrutura no Brasil!\",\"publisher\":{\"@id\":\"https:\/\/agenciainfra.com\/blog\/#organization\"},\"potentialAction\":[{\"@type\":\"SearchAction\",\"target\":{\"@type\":\"EntryPoint\",\"urlTemplate\":\"https:\/\/agenciainfra.com\/blog\/?s={search_term_string}\"},\"query-input\":{\"@type\":\"PropertyValueSpecification\",\"valueRequired\":true,\"valueName\":\"search_term_string\"}}],\"inLanguage\":\"pt-BR\"},{\"@type\":\"Organization\",\"@id\":\"https:\/\/agenciainfra.com\/blog\/#organization\",\"name\":\"Ag\u00eancia iNFRA\",\"url\":\"https:\/\/agenciainfra.com\/blog\/\",\"logo\":{\"@type\":\"ImageObject\",\"inLanguage\":\"pt-BR\",\"@id\":\"https:\/\/agenciainfra.com\/blog\/#\/schema\/logo\/image\/\",\"url\":\"https:\/\/agenciainfra.com\/blog\/wp-content\/uploads\/2023\/09\/iNFRA_5-e1761735885940.png\",\"contentUrl\":\"https:\/\/agenciainfra.com\/blog\/wp-content\/uploads\/2023\/09\/iNFRA_5-e1761735885940.png\",\"width\":1672,\"height\":454,\"caption\":\"Ag\u00eancia iNFRA\"},\"image\":{\"@id\":\"https:\/\/agenciainfra.com\/blog\/#\/schema\/logo\/image\/\"},\"sameAs\":[\"https:\/\/www.facebook.com\/ageninfra\",\"https:\/\/x.com\/agencia_infra\",\"https:\/\/www.linkedin.com\/company\/ag\u00eanciainfra\/\",\"https:\/\/www.instagram.com\/agenciainfra\/\"]},{\"@type\":\"Person\",\"@id\":\"https:\/\/agenciainfra.com\/blog\/#\/schema\/person\/34af08dff6adea4cb22b06612ba7acfa\",\"name\":\"Ag\u00eancia iNFRA\",\"image\":{\"@type\":\"ImageObject\",\"inLanguage\":\"pt-BR\",\"@id\":\"https:\/\/agenciainfra.com\/blog\/#\/schema\/person\/image\/\",\"url\":\"https:\/\/secure.gravatar.com\/avatar\/d189e01678f06d8eb84d4e01f08eb848b3fffe3f8443818d3c356c66892f5be8?s=96&d=mm&r=g\",\"contentUrl\":\"https:\/\/secure.gravatar.com\/avatar\/d189e01678f06d8eb84d4e01f08eb848b3fffe3f8443818d3c356c66892f5be8?s=96&d=mm&r=g\",\"caption\":\"Ag\u00eancia iNFRA\"},\"url\":\"https:\/\/agenciainfra.com\/blog\/author\/admin\/\"}]}<\/script>\n<!-- \/ Yoast SEO Premium plugin. -->","yoast_head_json":{"title":"Consumo de energia cai em setembro; s\u00f3 resid\u00eancias registram alta - Ag\u00eancia iNFRA","robots":{"index":"index","follow":"follow","max-snippet":"max-snippet:-1","max-image-preview":"max-image-preview:large","max-video-preview":"max-video-preview:-1"},"canonical":"https:\/\/agenciainfra.com\/blog\/consumo-de-energia-cai-em-setembro-so-residencias-registram-alta\/","og_locale":"pt_BR","og_type":"article","og_title":"Consumo de energia cai em setembro; s\u00f3 resid\u00eancias registram alta","og_description":"da Ag\u00eancia iNFRA O consumo de energia el\u00e9trica no Brasil somou 46.063 GWh em setembro de 2025, uma redu\u00e7\u00e3o de 0,8% em rela\u00e7\u00e3o ao mesmo m\u00eas do ano passado, segundo a EPE (Empresa de Pesquisa Energ\u00e9tica). \u00c9 a segunda queda consecutiva e a quinta do ano no indicador. Entre as classes de consumo, apenas o [&hellip;]","og_url":"https:\/\/agenciainfra.com\/blog\/consumo-de-energia-cai-em-setembro-so-residencias-registram-alta\/","og_site_name":"Ag\u00eancia iNFRA","article_publisher":"https:\/\/www.facebook.com\/ageninfra","article_published_time":"2025-11-04T18:48:19+00:00","article_modified_time":"2025-11-04T20:26:44+00:00","og_image":[{"width":1280,"height":764,"url":"https:\/\/agenciainfra.com\/blog\/wp-content\/uploads\/2025\/07\/luz-lampada-energia-foto-marcello-casal-jr-agencia-brasil.png","type":"image\/png"}],"author":"Ag\u00eancia iNFRA","twitter_card":"summary_large_image","twitter_creator":"@agencia_infra","twitter_site":"@agencia_infra","twitter_misc":{"Escrito por":"Ag\u00eancia iNFRA","Est. tempo de leitura":"1 minuto"},"schema":{"@context":"https:\/\/schema.org","@graph":[{"@type":"Article","@id":"https:\/\/agenciainfra.com\/blog\/consumo-de-energia-cai-em-setembro-so-residencias-registram-alta\/#article","isPartOf":{"@id":"https:\/\/agenciainfra.com\/blog\/consumo-de-energia-cai-em-setembro-so-residencias-registram-alta\/"},"author":{"name":"Ag\u00eancia iNFRA","@id":"https:\/\/agenciainfra.com\/blog\/#\/schema\/person\/34af08dff6adea4cb22b06612ba7acfa"},"headline":"Consumo de energia cai em setembro; s\u00f3 resid\u00eancias registram alta","datePublished":"2025-11-04T18:48:19+00:00","dateModified":"2025-11-04T20:26:44+00:00","mainEntityOfPage":{"@id":"https:\/\/agenciainfra.com\/blog\/consumo-de-energia-cai-em-setembro-so-residencias-registram-alta\/"},"wordCount":225,"publisher":{"@id":"https:\/\/agenciainfra.com\/blog\/#organization"},"image":{"@id":"https:\/\/agenciainfra.com\/blog\/consumo-de-energia-cai-em-setembro-so-residencias-registram-alta\/#primaryimage"},"thumbnailUrl":"https:\/\/agenciainfra.com\/blog\/wp-content\/uploads\/2025\/07\/luz-lampada-energia-foto-marcello-casal-jr-agencia-brasil.png","keywords":["com\u00e9rcio","consumo de energia","energia el\u00e9trica","epe","ind\u00fastria"],"articleSection":["Giro iNFRA"],"inLanguage":"pt-BR","copyrightYear":"2025","copyrightHolder":{"@id":"https:\/\/agenciainfra.com\/blog\/#organization"}},{"@type":"WebPage","@id":"https:\/\/agenciainfra.com\/blog\/consumo-de-energia-cai-em-setembro-so-residencias-registram-alta\/","url":"https:\/\/agenciainfra.com\/blog\/consumo-de-energia-cai-em-setembro-so-residencias-registram-alta\/","name":"Consumo de energia cai em setembro; s\u00f3 resid\u00eancias registram alta - Ag\u00eancia iNFRA","isPartOf":{"@id":"https:\/\/agenciainfra.com\/blog\/#website"},"primaryImageOfPage":{"@id":"https:\/\/agenciainfra.com\/blog\/consumo-de-energia-cai-em-setembro-so-residencias-registram-alta\/#primaryimage"},"image":{"@id":"https:\/\/agenciainfra.com\/blog\/consumo-de-energia-cai-em-setembro-so-residencias-registram-alta\/#primaryimage"},"thumbnailUrl":"https:\/\/agenciainfra.com\/blog\/wp-content\/uploads\/2025\/07\/luz-lampada-energia-foto-marcello-casal-jr-agencia-brasil.png","datePublished":"2025-11-04T18:48:19+00:00","dateModified":"2025-11-04T20:26:44+00:00","breadcrumb":{"@id":"https:\/\/agenciainfra.com\/blog\/consumo-de-energia-cai-em-setembro-so-residencias-registram-alta\/#breadcrumb"},"inLanguage":"pt-BR","potentialAction":[{"@type":"ReadAction","target":["https:\/\/agenciainfra.com\/blog\/consumo-de-energia-cai-em-setembro-so-residencias-registram-alta\/"]}]},{"@type":"ImageObject","inLanguage":"pt-BR","@id":"https:\/\/agenciainfra.com\/blog\/consumo-de-energia-cai-em-setembro-so-residencias-registram-alta\/#primaryimage","url":"https:\/\/agenciainfra.com\/blog\/wp-content\/uploads\/2025\/07\/luz-lampada-energia-foto-marcello-casal-jr-agencia-brasil.png","contentUrl":"https:\/\/agenciainfra.com\/blog\/wp-content\/uploads\/2025\/07\/luz-lampada-energia-foto-marcello-casal-jr-agencia-brasil.png","width":1280,"height":764,"caption":"Foto: Marcello Casal Jr.\/Ag\u00eancia Brasil"},{"@type":"BreadcrumbList","@id":"https:\/\/agenciainfra.com\/blog\/consumo-de-energia-cai-em-setembro-so-residencias-registram-alta\/#breadcrumb","itemListElement":[{"@type":"ListItem","position":1,"name":"In\u00edcio","item":"https:\/\/agenciainfra.com\/blog\/"},{"@type":"ListItem","position":2,"name":"Consumo de energia cai em setembro; s\u00f3 resid\u00eancias registram alta"}]},{"@type":"WebSite","@id":"https:\/\/agenciainfra.com\/blog\/#website","url":"https:\/\/agenciainfra.com\/blog\/","name":"Ag\u00eancia iNFRA","description":"Multiplataforma de informa\u00e7\u00e3o jornal\u00edstica refer\u00eancia na \u00e1rea de infraestrutura no Brasil!","publisher":{"@id":"https:\/\/agenciainfra.com\/blog\/#organization"},"potentialAction":[{"@type":"SearchAction","target":{"@type":"EntryPoint","urlTemplate":"https:\/\/agenciainfra.com\/blog\/?s={search_term_string}"},"query-input":{"@type":"PropertyValueSpecification","valueRequired":true,"valueName":"search_term_string"}}],"inLanguage":"pt-BR"},{"@type":"Organization","@id":"https:\/\/agenciainfra.com\/blog\/#organization","name":"Ag\u00eancia iNFRA","url":"https:\/\/agenciainfra.com\/blog\/","logo":{"@type":"ImageObject","inLanguage":"pt-BR","@id":"https:\/\/agenciainfra.com\/blog\/#\/schema\/logo\/image\/","url":"https:\/\/agenciainfra.com\/blog\/wp-content\/uploads\/2023\/09\/iNFRA_5-e1761735885940.png","contentUrl":"https:\/\/agenciainfra.com\/blog\/wp-content\/uploads\/2023\/09\/iNFRA_5-e1761735885940.png","width":1672,"height":454,"caption":"Ag\u00eancia iNFRA"},"image":{"@id":"https:\/\/agenciainfra.com\/blog\/#\/schema\/logo\/image\/"},"sameAs":["https:\/\/www.facebook.com\/ageninfra","https:\/\/x.com\/agencia_infra","https:\/\/www.linkedin.com\/company\/ag\u00eanciainfra\/","https:\/\/www.instagram.com\/agenciainfra\/"]},{"@type":"Person","@id":"https:\/\/agenciainfra.com\/blog\/#\/schema\/person\/34af08dff6adea4cb22b06612ba7acfa","name":"Ag\u00eancia iNFRA","image":{"@type":"ImageObject","inLanguage":"pt-BR","@id":"https:\/\/agenciainfra.com\/blog\/#\/schema\/person\/image\/","url":"https:\/\/secure.gravatar.com\/avatar\/d189e01678f06d8eb84d4e01f08eb848b3fffe3f8443818d3c356c66892f5be8?s=96&d=mm&r=g","contentUrl":"https:\/\/secure.gravatar.com\/avatar\/d189e01678f06d8eb84d4e01f08eb848b3fffe3f8443818d3c356c66892f5be8?s=96&d=mm&r=g","caption":"Ag\u00eancia iNFRA"},"url":"https:\/\/agenciainfra.com\/blog\/author\/admin\/"}]}},"_links":{"self":[{"href":"https:\/\/agenciainfra.com\/blog\/wp-json\/wp\/v2\/posts\/31491","targetHints":{"allow":["GET"]}}],"collection":[{"href":"https:\/\/agenciainfra.com\/blog\/wp-json\/wp\/v2\/posts"}],"about":[{"href":"https:\/\/agenciainfra.com\/blog\/wp-json\/wp\/v2\/types\/post"}],"author":[{"embeddable":true,"href":"https:\/\/agenciainfra.com\/blog\/wp-json\/wp\/v2\/users\/1"}],"replies":[{"embeddable":true,"href":"https:\/\/agenciainfra.com\/blog\/wp-json\/wp\/v2\/comments?post=31491"}],"version-history":[{"count":1,"href":"https:\/\/agenciainfra.com\/blog\/wp-json\/wp\/v2\/posts\/31491\/revisions"}],"predecessor-version":[{"id":31493,"href":"https:\/\/agenciainfra.com\/blog\/wp-json\/wp\/v2\/posts\/31491\/revisions\/31493"}],"wp:featuredmedia":[{"embeddable":true,"href":"https:\/\/agenciainfra.com\/blog\/wp-json\/wp\/v2\/media\/23944"}],"wp:attachment":[{"href":"https:\/\/agenciainfra.com\/blog\/wp-json\/wp\/v2\/media?parent=31491"}],"wp:term":[{"taxonomy":"category","embeddable":true,"href":"https:\/\/agenciainfra.com\/blog\/wp-json\/wp\/v2\/categories?post=31491"},{"taxonomy":"post_tag","embeddable":true,"href":"https:\/\/agenciainfra.com\/blog\/wp-json\/wp\/v2\/tags?post=31491"}],"curies":[{"name":"wp","href":"https:\/\/api.w.org\/{rel}","templated":true}]}}