{"id":3151,"date":"2019-05-11T04:00:19","date_gmt":"2019-05-11T07:00:19","guid":{"rendered":"http:\/\/www.agenciainfra.com\/blog\/?p=3151"},"modified":"2019-05-09T18:43:41","modified_gmt":"2019-05-09T21:43:41","slug":"tcu-confirma-que-nova-empresa-tem-que-assumir-terminais-da-libra-ate-maio-de-2020","status":"publish","type":"post","link":"https:\/\/agenciainfra.com\/blog\/tcu-confirma-que-nova-empresa-tem-que-assumir-terminais-da-libra-ate-maio-de-2020\/","title":{"rendered":"TCU confirma que nova empresa tem que assumir terminais da Libra at\u00e9 maio de 2020"},"content":{"rendered":"<h5 style=\"text-align: right;\"><strong>da Ag\u00eancia iNFRA<\/strong><\/h5>\n<div>\n<p>Em decis\u00e3o da \u00faltima quarta-feira (8), o TCU (Tribunal de Contas da Uni\u00e3o) negou recurso de \u00f3rg\u00e3os do governo e da Libra Terminais e manteve decis\u00e3o que determina anula\u00e7\u00e3o do contrato da empresa no Porto de Santos (SP)\u00a0e\u00a0que nova companhia assuma as \u00e1reas\u00a0operadas pela companhia at\u00e9 16 de maio de 2020. A decis\u00e3o est\u00e1\u00a0<a href=\"https:\/\/agenciainfra.us14.list-manage.com\/track\/click?u=d460dd1bcf9ba0ae040e1fc0f&amp;id=7130ec70fc&amp;e=c099169394\" target=\"_blank\" rel=\"noopener\" data-saferedirecturl=\"https:\/\/www.google.com\/url?q=https:\/\/agenciainfra.us14.list-manage.com\/track\/click?u%3Dd460dd1bcf9ba0ae040e1fc0f%26id%3D7130ec70fc%26e%3Dc099169394&amp;source=gmail&amp;ust=1557522776418000&amp;usg=AFQjCNF5D88fHesFQCsVRxNIuJfFiL_4_A\">neste link<\/a>.<\/p>\n<p>O relator do processo, ministro Raimundo Carreiro, manteve\u00a0ainda determina\u00e7\u00e3o para que o governo apresente um plano de a\u00e7\u00e3o em 30 dias para cumprir os prazos. O prazo ter\u00e1 validade a partir da publica\u00e7\u00e3o do ac\u00f3rd\u00e3o.<\/p>\n<p>O prazo de pouco mais de um ano\u00a0pode ser considerado extremamente curto para que nova empresa assuma, visto que h\u00e1 v\u00e1rias etapas a cumprir, entre elas a realiza\u00e7\u00e3o de estudos de viabilidade e audi\u00eancias p\u00fablicas, al\u00e9m dos pr\u00f3prios prazos para licita\u00e7\u00e3o e assinatura dos contratos.<\/p>\n<p>No entanto,\u00a0<a href=\"https:\/\/agenciainfra.us14.list-manage.com\/track\/click?u=d460dd1bcf9ba0ae040e1fc0f&amp;id=d26156fcbc&amp;e=c099169394\" target=\"_blank\" rel=\"noopener\" data-saferedirecturl=\"https:\/\/www.google.com\/url?q=https:\/\/agenciainfra.us14.list-manage.com\/track\/click?u%3Dd460dd1bcf9ba0ae040e1fc0f%26id%3Dd26156fcbc%26e%3Dc099169394&amp;source=gmail&amp;ust=1557522776418000&amp;usg=AFQjCNG-CXiZBhmy6JhwOQ0NcBS7Seiy4A\">o TCU j\u00e1 havia feito h\u00e1 quase um ano a determina\u00e7\u00e3o<\/a>\u00a0de que o processo de relicita\u00e7\u00e3o da \u00e1rea da Libra fosse realizado. Mas apenas nesta semana o terminal entrou na carteira do PPI (Programa de Parcerias de Investimentos), por exemplo.<\/p>\n<p><strong>Leni\u00eancia<\/strong><br \/>\nOs ministros voltaram a debater a possibilidade de o tribunal fazer acordos de leni\u00eancia com empresas em rela\u00e7\u00e3o a irregularidades nas obras, discutindo o caso espec\u00edfico do contrato para obras da\u00a0Usina Nuclear de Angra 3, no Rio de Janeiro.<\/p>\n<p>O ministro Walton Alencar, relator do processo, negou recursos das construtoras que tentavam rever decis\u00e3o que as declarou inid\u00f4neas por cinco anos, a UTC Engenharia e a Techint Engenharia e Constru\u00e7\u00e3o.\u00a0Segundo ele, elas estariam apenas usando de recursos protelat\u00f3rios. A decis\u00e3o est\u00e1\u00a0<a href=\"https:\/\/agenciainfra.us14.list-manage.com\/track\/click?u=d460dd1bcf9ba0ae040e1fc0f&amp;id=bc0db1bcf4&amp;e=c099169394\" target=\"_blank\" rel=\"noopener\" data-saferedirecturl=\"https:\/\/www.google.com\/url?q=https:\/\/agenciainfra.us14.list-manage.com\/track\/click?u%3Dd460dd1bcf9ba0ae040e1fc0f%26id%3Dbc0db1bcf4%26e%3Dc099169394&amp;source=gmail&amp;ust=1557522776418000&amp;usg=AFQjCNGMa4X0LkVlG4epVBewSfvENsiiOA\">neste link<\/a>.<\/p>\n<p>No caso do contrato de Angra 3, uma parte das empresas do cons\u00f3rcio\u00a0j\u00e1 tinha sido separada\u00a0da puni\u00e7\u00e3o de inidoneidade por terem colaborado com outras investiga\u00e7\u00f5es na Opera\u00e7\u00e3o Lava Jato. S\u00e3o elas a Odebrecht, Camargo Correia e Andrade Gutierrez.<\/p>\n<p>No caso das empreiteiras declaradas inid\u00f4neas no processo de Angra, apenas a Queiroz Galv\u00e3o ganhou um prazo de 15 dias, segundo ele inadi\u00e1vel, para que apresente uma solu\u00e7\u00e3o para o caso. Isso porque, de acordo com Alencar, a empresa se disp\u00f4s a pagar todo o d\u00e9bito apurado.<\/p>\n<p><strong>Sem lei para acordos<\/strong><br \/>\nA procuradora-geral do Minist\u00e9rio P\u00fablico junto ao TCU\u00a0Cristina Machado defendeu que o \u00f3rg\u00e3o crie instrumentos para que as empresas possam colaborar com a apura\u00e7\u00e3o de irregularidades porque, segundo ela, os instrumentos atuais n\u00e3o d\u00e3o seguran\u00e7a para que elas possam colaborar com informa\u00e7\u00f5es sem que saibam quais ser\u00e3o as puni\u00e7\u00f5es adotadas.<\/p>\n<p>O ministro Benjamin Zymler declarou que, no momento, n\u00e3o h\u00e1 lei que permita esse tipo de acordo no \u00e2mbito do TCU e, por isso, n\u00e3o haveria como um ministro propor uma decis\u00e3o pr\u00e9via \u00e0 empresa sem passar pela concord\u00e2ncia dos outros oito.<\/p>\n<p>Ainda segundo Zymler, o tribunal tem na pr\u00e1tica realizado acordos na pr\u00e1tica com as empresas que colaboram, reduzindo multas ou evitando a penaliza\u00e7\u00e3o de inidoneidade, por exemplo.<\/p>\n<\/div>\n","protected":false},"excerpt":{"rendered":"<p>da Ag\u00eancia iNFRA Em decis\u00e3o da \u00faltima quarta-feira (8), o TCU (Tribunal de Contas da Uni\u00e3o) negou recurso de \u00f3rg\u00e3os do governo e da Libra Terminais e manteve decis\u00e3o que determina anula\u00e7\u00e3o do contrato da empresa no Porto de Santos (SP)\u00a0e\u00a0que nova companhia assuma as \u00e1reas\u00a0operadas pela companhia at\u00e9 16 de maio de 2020. A [&hellip;]<\/p>\n","protected":false},"author":9,"featured_media":0,"comment_status":"closed","ping_status":"open","sticky":false,"template":"","format":"standard","meta":{"_monsterinsights_skip_tracking":false,"_monsterinsights_sitenote_active":false,"_monsterinsights_sitenote_note":"","_monsterinsights_sitenote_category":0,"footnotes":""},"categories":[7],"tags":[769,260,36,975,18],"class_list":["post-3151","post","type-post","status-publish","format-standard","hentry","category-infratransporte","tag-libra-terminais","tag-porto-de-santos","tag-ppi","tag-raimundo-carreiro","tag-tcu"],"yoast_head":"<!-- This site is optimized with the Yoast SEO Premium plugin v25.4 (Yoast SEO v26.0) - https:\/\/yoast.com\/wordpress\/plugins\/seo\/ -->\n<title>TCU confirma que nova empresa tem que assumir terminais da Libra at\u00e9 maio de 2020 - Ag\u00eancia iNFRA<\/title>\n<meta name=\"robots\" content=\"index, follow, max-snippet:-1, max-image-preview:large, max-video-preview:-1\" \/>\n<link rel=\"canonical\" href=\"https:\/\/agenciainfra.com\/blog\/tcu-confirma-que-nova-empresa-tem-que-assumir-terminais-da-libra-ate-maio-de-2020\/\" \/>\n<meta property=\"og:locale\" content=\"pt_BR\" \/>\n<meta property=\"og:type\" content=\"article\" \/>\n<meta property=\"og:title\" content=\"TCU confirma que nova empresa tem que assumir terminais da Libra at\u00e9 maio de 2020\" \/>\n<meta property=\"og:description\" content=\"da Ag\u00eancia iNFRA Em decis\u00e3o da \u00faltima quarta-feira (8), o TCU (Tribunal de Contas da Uni\u00e3o) negou recurso de \u00f3rg\u00e3os do governo e da Libra Terminais e manteve decis\u00e3o que determina anula\u00e7\u00e3o do contrato da empresa no Porto de Santos (SP)\u00a0e\u00a0que nova companhia assuma as \u00e1reas\u00a0operadas pela companhia at\u00e9 16 de maio de 2020. A [&hellip;]\" \/>\n<meta property=\"og:url\" content=\"https:\/\/agenciainfra.com\/blog\/tcu-confirma-que-nova-empresa-tem-que-assumir-terminais-da-libra-ate-maio-de-2020\/\" \/>\n<meta property=\"og:site_name\" content=\"Ag\u00eancia iNFRA\" \/>\n<meta property=\"article:publisher\" content=\"https:\/\/www.facebook.com\/ageninfra\" \/>\n<meta property=\"article:published_time\" content=\"2019-05-11T07:00:19+00:00\" \/>\n<meta name=\"author\" content=\"Rodrigo Zuquim\" \/>\n<meta name=\"twitter:card\" content=\"summary_large_image\" \/>\n<meta name=\"twitter:creator\" content=\"@agencia_infra\" \/>\n<meta name=\"twitter:site\" content=\"@agencia_infra\" \/>\n<meta name=\"twitter:label1\" content=\"Escrito por\" \/>\n\t<meta name=\"twitter:data1\" content=\"Rodrigo Zuquim\" \/>\n\t<meta name=\"twitter:label2\" content=\"Est. tempo de leitura\" \/>\n\t<meta name=\"twitter:data2\" content=\"3 minutos\" \/>\n<script type=\"application\/ld+json\" class=\"yoast-schema-graph\">{\"@context\":\"https:\/\/schema.org\",\"@graph\":[{\"@type\":\"Article\",\"@id\":\"https:\/\/agenciainfra.com\/blog\/tcu-confirma-que-nova-empresa-tem-que-assumir-terminais-da-libra-ate-maio-de-2020\/#article\",\"isPartOf\":{\"@id\":\"https:\/\/agenciainfra.com\/blog\/tcu-confirma-que-nova-empresa-tem-que-assumir-terminais-da-libra-ate-maio-de-2020\/\"},\"author\":{\"name\":\"Rodrigo Zuquim\",\"@id\":\"https:\/\/agenciainfra.com\/blog\/#\/schema\/person\/04dbb79bd6d8951f063da71f3e4c1eb1\"},\"headline\":\"TCU confirma que nova empresa tem que assumir terminais da Libra at\u00e9 maio de 2020\",\"datePublished\":\"2019-05-11T07:00:19+00:00\",\"mainEntityOfPage\":{\"@id\":\"https:\/\/agenciainfra.com\/blog\/tcu-confirma-que-nova-empresa-tem-que-assumir-terminais-da-libra-ate-maio-de-2020\/\"},\"wordCount\":549,\"publisher\":{\"@id\":\"https:\/\/agenciainfra.com\/blog\/#organization\"},\"keywords\":[\"Libra Terminais\",\"Porto de Santos\",\"PPI\",\"Raimundo Carreiro\",\"TCU\"],\"articleSection\":[\"iNFRATransporte\"],\"inLanguage\":\"pt-BR\",\"copyrightYear\":\"2019\",\"copyrightHolder\":{\"@id\":\"https:\/\/agenciainfra.com\/blog\/#organization\"}},{\"@type\":\"WebPage\",\"@id\":\"https:\/\/agenciainfra.com\/blog\/tcu-confirma-que-nova-empresa-tem-que-assumir-terminais-da-libra-ate-maio-de-2020\/\",\"url\":\"https:\/\/agenciainfra.com\/blog\/tcu-confirma-que-nova-empresa-tem-que-assumir-terminais-da-libra-ate-maio-de-2020\/\",\"name\":\"TCU confirma que nova empresa tem que assumir terminais da Libra at\u00e9 maio de 2020 - Ag\u00eancia iNFRA\",\"isPartOf\":{\"@id\":\"https:\/\/agenciainfra.com\/blog\/#website\"},\"datePublished\":\"2019-05-11T07:00:19+00:00\",\"breadcrumb\":{\"@id\":\"https:\/\/agenciainfra.com\/blog\/tcu-confirma-que-nova-empresa-tem-que-assumir-terminais-da-libra-ate-maio-de-2020\/#breadcrumb\"},\"inLanguage\":\"pt-BR\",\"potentialAction\":[{\"@type\":\"ReadAction\",\"target\":[\"https:\/\/agenciainfra.com\/blog\/tcu-confirma-que-nova-empresa-tem-que-assumir-terminais-da-libra-ate-maio-de-2020\/\"]}]},{\"@type\":\"BreadcrumbList\",\"@id\":\"https:\/\/agenciainfra.com\/blog\/tcu-confirma-que-nova-empresa-tem-que-assumir-terminais-da-libra-ate-maio-de-2020\/#breadcrumb\",\"itemListElement\":[{\"@type\":\"ListItem\",\"position\":1,\"name\":\"In\u00edcio\",\"item\":\"https:\/\/agenciainfra.com\/blog\/\"},{\"@type\":\"ListItem\",\"position\":2,\"name\":\"TCU confirma que nova empresa tem que assumir terminais da Libra at\u00e9 maio de 2020\"}]},{\"@type\":\"WebSite\",\"@id\":\"https:\/\/agenciainfra.com\/blog\/#website\",\"url\":\"https:\/\/agenciainfra.com\/blog\/\",\"name\":\"Ag\u00eancia iNFRA\",\"description\":\"Multiplataforma de informa\u00e7\u00e3o jornal\u00edstica refer\u00eancia na \u00e1rea de infraestrutura no Brasil!\",\"publisher\":{\"@id\":\"https:\/\/agenciainfra.com\/blog\/#organization\"},\"potentialAction\":[{\"@type\":\"SearchAction\",\"target\":{\"@type\":\"EntryPoint\",\"urlTemplate\":\"https:\/\/agenciainfra.com\/blog\/?s={search_term_string}\"},\"query-input\":{\"@type\":\"PropertyValueSpecification\",\"valueRequired\":true,\"valueName\":\"search_term_string\"}}],\"inLanguage\":\"pt-BR\"},{\"@type\":\"Organization\",\"@id\":\"https:\/\/agenciainfra.com\/blog\/#organization\",\"name\":\"Ag\u00eancia iNFRA\",\"url\":\"https:\/\/agenciainfra.com\/blog\/\",\"logo\":{\"@type\":\"ImageObject\",\"inLanguage\":\"pt-BR\",\"@id\":\"https:\/\/agenciainfra.com\/blog\/#\/schema\/logo\/image\/\",\"url\":\"https:\/\/agenciainfra.com\/blog\/wp-content\/uploads\/2023\/09\/iNFRA_5-e1761735885940.png\",\"contentUrl\":\"https:\/\/agenciainfra.com\/blog\/wp-content\/uploads\/2023\/09\/iNFRA_5-e1761735885940.png\",\"width\":1672,\"height\":454,\"caption\":\"Ag\u00eancia iNFRA\"},\"image\":{\"@id\":\"https:\/\/agenciainfra.com\/blog\/#\/schema\/logo\/image\/\"},\"sameAs\":[\"https:\/\/www.facebook.com\/ageninfra\",\"https:\/\/x.com\/agencia_infra\",\"https:\/\/www.linkedin.com\/company\/ag\u00eanciainfra\/\",\"https:\/\/www.instagram.com\/agenciainfra\/\"]},{\"@type\":\"Person\",\"@id\":\"https:\/\/agenciainfra.com\/blog\/#\/schema\/person\/04dbb79bd6d8951f063da71f3e4c1eb1\",\"name\":\"Rodrigo Zuquim\",\"image\":{\"@type\":\"ImageObject\",\"inLanguage\":\"pt-BR\",\"@id\":\"https:\/\/agenciainfra.com\/blog\/#\/schema\/person\/image\/\",\"url\":\"https:\/\/secure.gravatar.com\/avatar\/594abfe82761d620726242ff34ca472a705a4b97f16c790053a6b4c4035274d0?s=96&d=mm&r=g\",\"contentUrl\":\"https:\/\/secure.gravatar.com\/avatar\/594abfe82761d620726242ff34ca472a705a4b97f16c790053a6b4c4035274d0?s=96&d=mm&r=g\",\"caption\":\"Rodrigo Zuquim\"},\"url\":\"https:\/\/agenciainfra.com\/blog\/author\/rodrigo-zuquim\/\"}]}<\/script>\n<!-- \/ Yoast SEO Premium plugin. -->","yoast_head_json":{"title":"TCU confirma que nova empresa tem que assumir terminais da Libra at\u00e9 maio de 2020 - Ag\u00eancia iNFRA","robots":{"index":"index","follow":"follow","max-snippet":"max-snippet:-1","max-image-preview":"max-image-preview:large","max-video-preview":"max-video-preview:-1"},"canonical":"https:\/\/agenciainfra.com\/blog\/tcu-confirma-que-nova-empresa-tem-que-assumir-terminais-da-libra-ate-maio-de-2020\/","og_locale":"pt_BR","og_type":"article","og_title":"TCU confirma que nova empresa tem que assumir terminais da Libra at\u00e9 maio de 2020","og_description":"da Ag\u00eancia iNFRA Em decis\u00e3o da \u00faltima quarta-feira (8), o TCU (Tribunal de Contas da Uni\u00e3o) negou recurso de \u00f3rg\u00e3os do governo e da Libra Terminais e manteve decis\u00e3o que determina anula\u00e7\u00e3o do contrato da empresa no Porto de Santos (SP)\u00a0e\u00a0que nova companhia assuma as \u00e1reas\u00a0operadas pela companhia at\u00e9 16 de maio de 2020. A [&hellip;]","og_url":"https:\/\/agenciainfra.com\/blog\/tcu-confirma-que-nova-empresa-tem-que-assumir-terminais-da-libra-ate-maio-de-2020\/","og_site_name":"Ag\u00eancia iNFRA","article_publisher":"https:\/\/www.facebook.com\/ageninfra","article_published_time":"2019-05-11T07:00:19+00:00","author":"Rodrigo Zuquim","twitter_card":"summary_large_image","twitter_creator":"@agencia_infra","twitter_site":"@agencia_infra","twitter_misc":{"Escrito por":"Rodrigo Zuquim","Est. tempo de leitura":"3 minutos"},"schema":{"@context":"https:\/\/schema.org","@graph":[{"@type":"Article","@id":"https:\/\/agenciainfra.com\/blog\/tcu-confirma-que-nova-empresa-tem-que-assumir-terminais-da-libra-ate-maio-de-2020\/#article","isPartOf":{"@id":"https:\/\/agenciainfra.com\/blog\/tcu-confirma-que-nova-empresa-tem-que-assumir-terminais-da-libra-ate-maio-de-2020\/"},"author":{"name":"Rodrigo Zuquim","@id":"https:\/\/agenciainfra.com\/blog\/#\/schema\/person\/04dbb79bd6d8951f063da71f3e4c1eb1"},"headline":"TCU confirma que nova empresa tem que assumir terminais da Libra at\u00e9 maio de 2020","datePublished":"2019-05-11T07:00:19+00:00","mainEntityOfPage":{"@id":"https:\/\/agenciainfra.com\/blog\/tcu-confirma-que-nova-empresa-tem-que-assumir-terminais-da-libra-ate-maio-de-2020\/"},"wordCount":549,"publisher":{"@id":"https:\/\/agenciainfra.com\/blog\/#organization"},"keywords":["Libra Terminais","Porto de Santos","PPI","Raimundo Carreiro","TCU"],"articleSection":["iNFRATransporte"],"inLanguage":"pt-BR","copyrightYear":"2019","copyrightHolder":{"@id":"https:\/\/agenciainfra.com\/blog\/#organization"}},{"@type":"WebPage","@id":"https:\/\/agenciainfra.com\/blog\/tcu-confirma-que-nova-empresa-tem-que-assumir-terminais-da-libra-ate-maio-de-2020\/","url":"https:\/\/agenciainfra.com\/blog\/tcu-confirma-que-nova-empresa-tem-que-assumir-terminais-da-libra-ate-maio-de-2020\/","name":"TCU confirma que nova empresa tem que assumir terminais da Libra at\u00e9 maio de 2020 - Ag\u00eancia iNFRA","isPartOf":{"@id":"https:\/\/agenciainfra.com\/blog\/#website"},"datePublished":"2019-05-11T07:00:19+00:00","breadcrumb":{"@id":"https:\/\/agenciainfra.com\/blog\/tcu-confirma-que-nova-empresa-tem-que-assumir-terminais-da-libra-ate-maio-de-2020\/#breadcrumb"},"inLanguage":"pt-BR","potentialAction":[{"@type":"ReadAction","target":["https:\/\/agenciainfra.com\/blog\/tcu-confirma-que-nova-empresa-tem-que-assumir-terminais-da-libra-ate-maio-de-2020\/"]}]},{"@type":"BreadcrumbList","@id":"https:\/\/agenciainfra.com\/blog\/tcu-confirma-que-nova-empresa-tem-que-assumir-terminais-da-libra-ate-maio-de-2020\/#breadcrumb","itemListElement":[{"@type":"ListItem","position":1,"name":"In\u00edcio","item":"https:\/\/agenciainfra.com\/blog\/"},{"@type":"ListItem","position":2,"name":"TCU confirma que nova empresa tem que assumir terminais da Libra at\u00e9 maio de 2020"}]},{"@type":"WebSite","@id":"https:\/\/agenciainfra.com\/blog\/#website","url":"https:\/\/agenciainfra.com\/blog\/","name":"Ag\u00eancia iNFRA","description":"Multiplataforma de informa\u00e7\u00e3o jornal\u00edstica refer\u00eancia na \u00e1rea de infraestrutura no Brasil!","publisher":{"@id":"https:\/\/agenciainfra.com\/blog\/#organization"},"potentialAction":[{"@type":"SearchAction","target":{"@type":"EntryPoint","urlTemplate":"https:\/\/agenciainfra.com\/blog\/?s={search_term_string}"},"query-input":{"@type":"PropertyValueSpecification","valueRequired":true,"valueName":"search_term_string"}}],"inLanguage":"pt-BR"},{"@type":"Organization","@id":"https:\/\/agenciainfra.com\/blog\/#organization","name":"Ag\u00eancia iNFRA","url":"https:\/\/agenciainfra.com\/blog\/","logo":{"@type":"ImageObject","inLanguage":"pt-BR","@id":"https:\/\/agenciainfra.com\/blog\/#\/schema\/logo\/image\/","url":"https:\/\/agenciainfra.com\/blog\/wp-content\/uploads\/2023\/09\/iNFRA_5-e1761735885940.png","contentUrl":"https:\/\/agenciainfra.com\/blog\/wp-content\/uploads\/2023\/09\/iNFRA_5-e1761735885940.png","width":1672,"height":454,"caption":"Ag\u00eancia iNFRA"},"image":{"@id":"https:\/\/agenciainfra.com\/blog\/#\/schema\/logo\/image\/"},"sameAs":["https:\/\/www.facebook.com\/ageninfra","https:\/\/x.com\/agencia_infra","https:\/\/www.linkedin.com\/company\/ag\u00eanciainfra\/","https:\/\/www.instagram.com\/agenciainfra\/"]},{"@type":"Person","@id":"https:\/\/agenciainfra.com\/blog\/#\/schema\/person\/04dbb79bd6d8951f063da71f3e4c1eb1","name":"Rodrigo Zuquim","image":{"@type":"ImageObject","inLanguage":"pt-BR","@id":"https:\/\/agenciainfra.com\/blog\/#\/schema\/person\/image\/","url":"https:\/\/secure.gravatar.com\/avatar\/594abfe82761d620726242ff34ca472a705a4b97f16c790053a6b4c4035274d0?s=96&d=mm&r=g","contentUrl":"https:\/\/secure.gravatar.com\/avatar\/594abfe82761d620726242ff34ca472a705a4b97f16c790053a6b4c4035274d0?s=96&d=mm&r=g","caption":"Rodrigo Zuquim"},"url":"https:\/\/agenciainfra.com\/blog\/author\/rodrigo-zuquim\/"}]}},"_links":{"self":[{"href":"https:\/\/agenciainfra.com\/blog\/wp-json\/wp\/v2\/posts\/3151","targetHints":{"allow":["GET"]}}],"collection":[{"href":"https:\/\/agenciainfra.com\/blog\/wp-json\/wp\/v2\/posts"}],"about":[{"href":"https:\/\/agenciainfra.com\/blog\/wp-json\/wp\/v2\/types\/post"}],"author":[{"embeddable":true,"href":"https:\/\/agenciainfra.com\/blog\/wp-json\/wp\/v2\/users\/9"}],"replies":[{"embeddable":true,"href":"https:\/\/agenciainfra.com\/blog\/wp-json\/wp\/v2\/comments?post=3151"}],"version-history":[{"count":0,"href":"https:\/\/agenciainfra.com\/blog\/wp-json\/wp\/v2\/posts\/3151\/revisions"}],"wp:attachment":[{"href":"https:\/\/agenciainfra.com\/blog\/wp-json\/wp\/v2\/media?parent=3151"}],"wp:term":[{"taxonomy":"category","embeddable":true,"href":"https:\/\/agenciainfra.com\/blog\/wp-json\/wp\/v2\/categories?post=3151"},{"taxonomy":"post_tag","embeddable":true,"href":"https:\/\/agenciainfra.com\/blog\/wp-json\/wp\/v2\/tags?post=3151"}],"curies":[{"name":"wp","href":"https:\/\/api.w.org\/{rel}","templated":true}]}}