{"id":31633,"date":"2025-11-05T20:56:28","date_gmt":"2025-11-05T23:56:28","guid":{"rendered":"https:\/\/agenciainfra.com\/blog\/?p=31633"},"modified":"2025-11-06T16:55:22","modified_gmt":"2025-11-06T19:55:22","slug":"senado-publica-parecer-sobre-minerais-criticos-para-analise-da-cae","status":"publish","type":"post","link":"https:\/\/agenciainfra.com\/blog\/senado-publica-parecer-sobre-minerais-criticos-para-analise-da-cae\/","title":{"rendered":"Senado publica parecer sobre minerais cr\u00edticos para an\u00e1lise da CAE"},"content":{"rendered":"\n<p class=\"has-text-align-right\"><strong>Rafael Bitencourt, da Ag\u00eancia iNFRA<\/strong><\/p>\n\n\n\n<p>O senador Esperidi\u00e3o Amin (PP-SC) publicou nesta quarta-feira (5) o seu <a href=\"https:\/\/legis.senado.leg.br\/sdleg-getter\/documento?dm=10096657&amp;ts=1762347913679&amp;rendition_principal=S&amp;disposition=inline\">parecer<\/a> sobre a PNMCE (Pol\u00edtica Nacional de Minerais Cr\u00edticos e Estrat\u00e9gicos), prevista no <a href=\"https:\/\/www25.senado.leg.br\/web\/atividade\/materias\/-\/materia\/170309\">PL (Projeto de Lei) 4.443\/2025<\/a>. Proposto pelo senador Renan Calheiros (MDB-AL), o projeto ser\u00e1 votado na CAE (Comiss\u00e3o de Assuntos Econ\u00f4micos) e, em seguida, na CI (Comiss\u00e3o de Servi\u00e7os de Infraestrutura), em \u201cdecis\u00e3o terminativa\u201d.<\/p>\n\n\n\n<p>O projeto do Senado tramita em paralelo \u00e0 proposta legislativa, tamb\u00e9m chamada de PNMCE, da C\u00e2mara dos Deputados. Neste caso, trata-se do <a href=\"https:\/\/agenciainfra.com\/blog\/jardim-leva-parecer-sobre-minerais-criticos-a-lideres-ze-silva-quer-votacao-imediata\/\">PL 2.780\/2024<\/a>, de autoria do deputado Z\u00e9 Silva (Solidariedade-MG), relatado pelo deputado Arnaldo Jardim (Cidadania-SP).<\/p>\n\n\n\n<p>O texto de Calheiros \u00e9 mais enxuto, com apenas nove artigos em sua vers\u00e3o original. A proposta do deputado do Solidariedade conta com 21 artigos.<\/p>\n\n\n\n<p>O PL 4.443\/2025 traz, como principal instrumento de est\u00edmulo \u00e0 produ\u00e7\u00e3o dos minerais cr\u00edticos no Brasil, a cria\u00e7\u00e3o das ZPTMs (Zonas de Processamento de Transforma\u00e7\u00e3o Mineral). A ideia remete \u00e0 atual pol\u00edtica industrial apoiada nas ZPEs (Zonas de Processamento de Exporta\u00e7\u00e3o).<\/p>\n\n\n\n<p>Os projetos beneficiados pelas ZPTMs dever\u00e3o cumprir os objetivos da pol\u00edtica setorial, como os do \u201cPlano Nacional de Minerais Cr\u00edticos e Estrat\u00e9gicos\u201d. Em seu parecer, Amin indica que as zonas criadas v\u00e3o permitir \u201cagregar valor\u201d aos recursos minerais do territ\u00f3rio nacional, estimular a inova\u00e7\u00e3o, gerar empregos e \u201creduzir a exporta\u00e7\u00e3o de mat\u00e9rias-primas brutas\u201d.<\/p>\n\n\n\n<p>Na esteira da aprova\u00e7\u00e3o do novo marco do licenciamento ambiental (Lei 15.190\/2025), a proposta de pol\u00edtica p\u00fablica para minerais cr\u00edticos preparada pelo Senado prev\u00ea que os projetos dentro das ZPTMs poder\u00e3o ser alcan\u00e7ados pelo LAE (Licenciamento Ambiental Especial). Este foi o caminho mais c\u00e9lere de an\u00e1lise das licen\u00e7as ambientais, proposto pelo presidente do Senado, Davi Alcolumbre (Uni\u00e3o-AP), para agilizar a libera\u00e7\u00e3o de projetos de explora\u00e7\u00e3o de petr\u00f3leo na regi\u00e3o da Margem Equatorial.<\/p>\n\n\n\n<p><strong>Mudan\u00e7as<\/strong><br>Em seu relat\u00f3rio, Amin ressalta que a proposi\u00e7\u00e3o \u201cn\u00e3o possui impacto fiscal nem or\u00e7ament\u00e1rio, vez que incorpora nos instrumentos vigentes quest\u00f5es pontuais\u201d. Para ele, o projeto tem ainda o m\u00e9rito de \u201corganizar os esfor\u00e7os nacionais para que, a partir da lista de minerais cr\u00edticos e estrat\u00e9gicos, o Brasil possa se organizar internamente na defesa de suas cadeias produtivas e de seus interesses presentes e futuros\u201d.<\/p>\n\n\n\n<p>\u201cComo proposta de inova\u00e7\u00f5es \u00e0 proposi\u00e7\u00e3o, aponto a necessidade de avan\u00e7ar em pontos-chave da cadeia mineral e de transforma\u00e7\u00e3o para fins de tornar mais c\u00e9lere e com menos incerteza, e, assim, posicionar o pa\u00eds com maior protagonismo na pauta mineral\u201d, diz Amin, em seu parecer.<\/p>\n\n\n\n<p>Por considerar a pesquisa mineral como \u201cetapa crucial\u201d, o relator prop\u00f4s que, a cada prorroga\u00e7\u00e3o de prazo nesta etapa, seja reduzida no m\u00ednimo em 50% a \u00e1rea outorgada. Al\u00e9m disso, ele sugere que as \u00e1reas consideradas \u201clivres\u201d, devolvidas \u00e0 Uni\u00e3o, tenham prazo m\u00e1ximo para serem ofertadas novamente aos potenciais mineradores.<\/p>\n","protected":false},"excerpt":{"rendered":"<p>Rafael Bitencourt, da Ag\u00eancia iNFRA O senador Esperidi\u00e3o Amin (PP-SC) publicou nesta quarta-feira (5) o seu parecer sobre a PNMCE (Pol\u00edtica Nacional de Minerais Cr\u00edticos e Estrat\u00e9gicos), prevista no PL (Projeto de Lei) 4.443\/2025. Proposto pelo senador Renan Calheiros (MDB-AL), o projeto ser\u00e1 votado na CAE (Comiss\u00e3o de Assuntos Econ\u00f4micos) e, em seguida, na CI [&hellip;]<\/p>\n","protected":false},"author":1,"featured_media":31636,"comment_status":"closed","ping_status":"closed","sticky":false,"template":"","format":"standard","meta":{"_monsterinsights_skip_tracking":false,"_monsterinsights_sitenote_active":false,"_monsterinsights_sitenote_note":"","_monsterinsights_sitenote_category":0,"footnotes":""},"categories":[7250,13239],"tags":[16115,705,16749,1228,16751,16742,16743,16735,13231,16752,16608,13813,16750,14265,16741,16740],"class_list":["post-31633","post","type-post","status-publish","format-standard","has-post-thumbnail","hentry","category-destaque-lista","category-mineracao","tag-arnaldo-jardim-cidadania-sp","tag-cae","tag-ci-comissao-de-servicos-de-infraestrutura","tag-davi-alcolumbre","tag-esperidiao-amin-pp-sc","tag-lei-15-190-2025","tag-lei-geral-do-licenciamento-ambiental","tag-margem-equatorital","tag-pl-2-780-2024","tag-pl-4-443-2025","tag-pnmce-politica-nacional-de-minerais-criticos-e-estrategicos","tag-rafael-bitencourt","tag-renan-calheiros-mdb-al","tag-ze-silva","tag-zpes-zona-de-processamento-de-exportacao","tag-zptms-zonas-de-processamento-de-transformacao-mineral"],"yoast_head":"<!-- This site is optimized with the Yoast SEO Premium plugin v25.4 (Yoast SEO v26.0) - https:\/\/yoast.com\/wordpress\/plugins\/seo\/ -->\n<title>Senado publica parecer sobre minerais cr\u00edticos para an\u00e1lise da CAE - Ag\u00eancia iNFRA<\/title>\n<meta name=\"robots\" content=\"index, follow, max-snippet:-1, max-image-preview:large, max-video-preview:-1\" \/>\n<link rel=\"canonical\" href=\"https:\/\/agenciainfra.com\/blog\/senado-publica-parecer-sobre-minerais-criticos-para-analise-da-cae\/\" \/>\n<meta property=\"og:locale\" content=\"pt_BR\" \/>\n<meta property=\"og:type\" content=\"article\" \/>\n<meta property=\"og:title\" content=\"Senado publica parecer sobre minerais cr\u00edticos para an\u00e1lise da CAE\" \/>\n<meta property=\"og:description\" content=\"Rafael Bitencourt, da Ag\u00eancia iNFRA O senador Esperidi\u00e3o Amin (PP-SC) publicou nesta quarta-feira (5) o seu parecer sobre a PNMCE (Pol\u00edtica Nacional de Minerais Cr\u00edticos e Estrat\u00e9gicos), prevista no PL (Projeto de Lei) 4.443\/2025. Proposto pelo senador Renan Calheiros (MDB-AL), o projeto ser\u00e1 votado na CAE (Comiss\u00e3o de Assuntos Econ\u00f4micos) e, em seguida, na CI [&hellip;]\" \/>\n<meta property=\"og:url\" content=\"https:\/\/agenciainfra.com\/blog\/senado-publica-parecer-sobre-minerais-criticos-para-analise-da-cae\/\" \/>\n<meta property=\"og:site_name\" content=\"Ag\u00eancia iNFRA\" \/>\n<meta property=\"article:publisher\" content=\"https:\/\/www.facebook.com\/ageninfra\" \/>\n<meta property=\"article:published_time\" content=\"2025-11-05T23:56:28+00:00\" \/>\n<meta property=\"article:modified_time\" content=\"2025-11-06T19:55:22+00:00\" \/>\n<meta property=\"og:image\" content=\"https:\/\/agenciainfra.com\/blog\/wp-content\/uploads\/2025\/11\/Renan-Calheiros-Esperidiao-Amin_Foto-Jefferson-Rudy-Agencia-Senado.jpg\" \/>\n\t<meta property=\"og:image:width\" content=\"1280\" \/>\n\t<meta property=\"og:image:height\" content=\"720\" \/>\n\t<meta property=\"og:image:type\" content=\"image\/jpeg\" \/>\n<meta name=\"author\" content=\"Ag\u00eancia iNFRA\" \/>\n<meta name=\"twitter:card\" content=\"summary_large_image\" \/>\n<meta name=\"twitter:creator\" content=\"@agencia_infra\" \/>\n<meta name=\"twitter:site\" content=\"@agencia_infra\" \/>\n<meta name=\"twitter:label1\" content=\"Escrito por\" \/>\n\t<meta name=\"twitter:data1\" content=\"Ag\u00eancia iNFRA\" \/>\n\t<meta name=\"twitter:label2\" content=\"Est. tempo de leitura\" \/>\n\t<meta name=\"twitter:data2\" content=\"3 minutos\" \/>\n<script type=\"application\/ld+json\" class=\"yoast-schema-graph\">{\"@context\":\"https:\/\/schema.org\",\"@graph\":[{\"@type\":\"Article\",\"@id\":\"https:\/\/agenciainfra.com\/blog\/senado-publica-parecer-sobre-minerais-criticos-para-analise-da-cae\/#article\",\"isPartOf\":{\"@id\":\"https:\/\/agenciainfra.com\/blog\/senado-publica-parecer-sobre-minerais-criticos-para-analise-da-cae\/\"},\"author\":{\"name\":\"Ag\u00eancia iNFRA\",\"@id\":\"https:\/\/agenciainfra.com\/blog\/#\/schema\/person\/34af08dff6adea4cb22b06612ba7acfa\"},\"headline\":\"Senado publica parecer sobre minerais cr\u00edticos para an\u00e1lise da CAE\",\"datePublished\":\"2025-11-05T23:56:28+00:00\",\"dateModified\":\"2025-11-06T19:55:22+00:00\",\"mainEntityOfPage\":{\"@id\":\"https:\/\/agenciainfra.com\/blog\/senado-publica-parecer-sobre-minerais-criticos-para-analise-da-cae\/\"},\"wordCount\":517,\"publisher\":{\"@id\":\"https:\/\/agenciainfra.com\/blog\/#organization\"},\"image\":{\"@id\":\"https:\/\/agenciainfra.com\/blog\/senado-publica-parecer-sobre-minerais-criticos-para-analise-da-cae\/#primaryimage\"},\"thumbnailUrl\":\"https:\/\/agenciainfra.com\/blog\/wp-content\/uploads\/2025\/11\/Renan-Calheiros-Esperidiao-Amin_Foto-Jefferson-Rudy-Agencia-Senado.jpg\",\"keywords\":[\"Arnaldo Jardim (Cidadania-SP)\",\"CAE\",\"CI (Comiss\u00e3o de Servi\u00e7os de Infraestrutura)\",\"Davi Alcolumbre\",\"Esperidi\u00e3o Amin (PP-SC)\",\"Lei 15.190\/2025\",\"Lei Geral do Licenciamento Ambiental\",\"Margem Equatorital\",\"pl 2.780\/2024\",\"PL 4.443\/2025\",\"PNMCE (Pol\u00edtica Nacional de Minerais Cr\u00edticos e Estrat\u00e9gicos)\",\"Rafael Bitencourt\",\"Renan Calheiros (MDB-AL)\",\"Z\u00e9 Silva\",\"ZPEs (Zona de Processamento de Exporta\u00e7\u00e3o)\",\"ZPTMs (Zonas de Processamento de Transforma\u00e7\u00e3o Mineral)\"],\"articleSection\":[\"Destaque lista\",\"Minera\u00e7\u00e3o\"],\"inLanguage\":\"pt-BR\",\"copyrightYear\":\"2025\",\"copyrightHolder\":{\"@id\":\"https:\/\/agenciainfra.com\/blog\/#organization\"}},{\"@type\":\"WebPage\",\"@id\":\"https:\/\/agenciainfra.com\/blog\/senado-publica-parecer-sobre-minerais-criticos-para-analise-da-cae\/\",\"url\":\"https:\/\/agenciainfra.com\/blog\/senado-publica-parecer-sobre-minerais-criticos-para-analise-da-cae\/\",\"name\":\"Senado publica parecer sobre minerais cr\u00edticos para an\u00e1lise da CAE - Ag\u00eancia iNFRA\",\"isPartOf\":{\"@id\":\"https:\/\/agenciainfra.com\/blog\/#website\"},\"primaryImageOfPage\":{\"@id\":\"https:\/\/agenciainfra.com\/blog\/senado-publica-parecer-sobre-minerais-criticos-para-analise-da-cae\/#primaryimage\"},\"image\":{\"@id\":\"https:\/\/agenciainfra.com\/blog\/senado-publica-parecer-sobre-minerais-criticos-para-analise-da-cae\/#primaryimage\"},\"thumbnailUrl\":\"https:\/\/agenciainfra.com\/blog\/wp-content\/uploads\/2025\/11\/Renan-Calheiros-Esperidiao-Amin_Foto-Jefferson-Rudy-Agencia-Senado.jpg\",\"datePublished\":\"2025-11-05T23:56:28+00:00\",\"dateModified\":\"2025-11-06T19:55:22+00:00\",\"breadcrumb\":{\"@id\":\"https:\/\/agenciainfra.com\/blog\/senado-publica-parecer-sobre-minerais-criticos-para-analise-da-cae\/#breadcrumb\"},\"inLanguage\":\"pt-BR\",\"potentialAction\":[{\"@type\":\"ReadAction\",\"target\":[\"https:\/\/agenciainfra.com\/blog\/senado-publica-parecer-sobre-minerais-criticos-para-analise-da-cae\/\"]}]},{\"@type\":\"ImageObject\",\"inLanguage\":\"pt-BR\",\"@id\":\"https:\/\/agenciainfra.com\/blog\/senado-publica-parecer-sobre-minerais-criticos-para-analise-da-cae\/#primaryimage\",\"url\":\"https:\/\/agenciainfra.com\/blog\/wp-content\/uploads\/2025\/11\/Renan-Calheiros-Esperidiao-Amin_Foto-Jefferson-Rudy-Agencia-Senado.jpg\",\"contentUrl\":\"https:\/\/agenciainfra.com\/blog\/wp-content\/uploads\/2025\/11\/Renan-Calheiros-Esperidiao-Amin_Foto-Jefferson-Rudy-Agencia-Senado.jpg\",\"width\":1280,\"height\":720,\"caption\":\"Foto: Jefferson Rudy\/Ag\u00eancia Senado\"},{\"@type\":\"BreadcrumbList\",\"@id\":\"https:\/\/agenciainfra.com\/blog\/senado-publica-parecer-sobre-minerais-criticos-para-analise-da-cae\/#breadcrumb\",\"itemListElement\":[{\"@type\":\"ListItem\",\"position\":1,\"name\":\"In\u00edcio\",\"item\":\"https:\/\/agenciainfra.com\/blog\/\"},{\"@type\":\"ListItem\",\"position\":2,\"name\":\"Senado publica parecer sobre minerais cr\u00edticos para an\u00e1lise da CAE\"}]},{\"@type\":\"WebSite\",\"@id\":\"https:\/\/agenciainfra.com\/blog\/#website\",\"url\":\"https:\/\/agenciainfra.com\/blog\/\",\"name\":\"Ag\u00eancia iNFRA\",\"description\":\"Multiplataforma de informa\u00e7\u00e3o jornal\u00edstica refer\u00eancia na \u00e1rea de infraestrutura no Brasil!\",\"publisher\":{\"@id\":\"https:\/\/agenciainfra.com\/blog\/#organization\"},\"potentialAction\":[{\"@type\":\"SearchAction\",\"target\":{\"@type\":\"EntryPoint\",\"urlTemplate\":\"https:\/\/agenciainfra.com\/blog\/?s={search_term_string}\"},\"query-input\":{\"@type\":\"PropertyValueSpecification\",\"valueRequired\":true,\"valueName\":\"search_term_string\"}}],\"inLanguage\":\"pt-BR\"},{\"@type\":\"Organization\",\"@id\":\"https:\/\/agenciainfra.com\/blog\/#organization\",\"name\":\"Ag\u00eancia iNFRA\",\"url\":\"https:\/\/agenciainfra.com\/blog\/\",\"logo\":{\"@type\":\"ImageObject\",\"inLanguage\":\"pt-BR\",\"@id\":\"https:\/\/agenciainfra.com\/blog\/#\/schema\/logo\/image\/\",\"url\":\"https:\/\/agenciainfra.com\/blog\/wp-content\/uploads\/2023\/09\/iNFRA_5-e1761735885940.png\",\"contentUrl\":\"https:\/\/agenciainfra.com\/blog\/wp-content\/uploads\/2023\/09\/iNFRA_5-e1761735885940.png\",\"width\":1672,\"height\":454,\"caption\":\"Ag\u00eancia iNFRA\"},\"image\":{\"@id\":\"https:\/\/agenciainfra.com\/blog\/#\/schema\/logo\/image\/\"},\"sameAs\":[\"https:\/\/www.facebook.com\/ageninfra\",\"https:\/\/x.com\/agencia_infra\",\"https:\/\/www.linkedin.com\/company\/ag\u00eanciainfra\/\",\"https:\/\/www.instagram.com\/agenciainfra\/\"]},{\"@type\":\"Person\",\"@id\":\"https:\/\/agenciainfra.com\/blog\/#\/schema\/person\/34af08dff6adea4cb22b06612ba7acfa\",\"name\":\"Ag\u00eancia iNFRA\",\"image\":{\"@type\":\"ImageObject\",\"inLanguage\":\"pt-BR\",\"@id\":\"https:\/\/agenciainfra.com\/blog\/#\/schema\/person\/image\/\",\"url\":\"https:\/\/secure.gravatar.com\/avatar\/d189e01678f06d8eb84d4e01f08eb848b3fffe3f8443818d3c356c66892f5be8?s=96&d=mm&r=g\",\"contentUrl\":\"https:\/\/secure.gravatar.com\/avatar\/d189e01678f06d8eb84d4e01f08eb848b3fffe3f8443818d3c356c66892f5be8?s=96&d=mm&r=g\",\"caption\":\"Ag\u00eancia iNFRA\"},\"url\":\"https:\/\/agenciainfra.com\/blog\/author\/admin\/\"}]}<\/script>\n<!-- \/ Yoast SEO Premium plugin. -->","yoast_head_json":{"title":"Senado publica parecer sobre minerais cr\u00edticos para an\u00e1lise da CAE - Ag\u00eancia iNFRA","robots":{"index":"index","follow":"follow","max-snippet":"max-snippet:-1","max-image-preview":"max-image-preview:large","max-video-preview":"max-video-preview:-1"},"canonical":"https:\/\/agenciainfra.com\/blog\/senado-publica-parecer-sobre-minerais-criticos-para-analise-da-cae\/","og_locale":"pt_BR","og_type":"article","og_title":"Senado publica parecer sobre minerais cr\u00edticos para an\u00e1lise da CAE","og_description":"Rafael Bitencourt, da Ag\u00eancia iNFRA O senador Esperidi\u00e3o Amin (PP-SC) publicou nesta quarta-feira (5) o seu parecer sobre a PNMCE (Pol\u00edtica Nacional de Minerais Cr\u00edticos e Estrat\u00e9gicos), prevista no PL (Projeto de Lei) 4.443\/2025. Proposto pelo senador Renan Calheiros (MDB-AL), o projeto ser\u00e1 votado na CAE (Comiss\u00e3o de Assuntos Econ\u00f4micos) e, em seguida, na CI [&hellip;]","og_url":"https:\/\/agenciainfra.com\/blog\/senado-publica-parecer-sobre-minerais-criticos-para-analise-da-cae\/","og_site_name":"Ag\u00eancia iNFRA","article_publisher":"https:\/\/www.facebook.com\/ageninfra","article_published_time":"2025-11-05T23:56:28+00:00","article_modified_time":"2025-11-06T19:55:22+00:00","og_image":[{"width":1280,"height":720,"url":"https:\/\/agenciainfra.com\/blog\/wp-content\/uploads\/2025\/11\/Renan-Calheiros-Esperidiao-Amin_Foto-Jefferson-Rudy-Agencia-Senado.jpg","type":"image\/jpeg"}],"author":"Ag\u00eancia iNFRA","twitter_card":"summary_large_image","twitter_creator":"@agencia_infra","twitter_site":"@agencia_infra","twitter_misc":{"Escrito por":"Ag\u00eancia iNFRA","Est. tempo de leitura":"3 minutos"},"schema":{"@context":"https:\/\/schema.org","@graph":[{"@type":"Article","@id":"https:\/\/agenciainfra.com\/blog\/senado-publica-parecer-sobre-minerais-criticos-para-analise-da-cae\/#article","isPartOf":{"@id":"https:\/\/agenciainfra.com\/blog\/senado-publica-parecer-sobre-minerais-criticos-para-analise-da-cae\/"},"author":{"name":"Ag\u00eancia iNFRA","@id":"https:\/\/agenciainfra.com\/blog\/#\/schema\/person\/34af08dff6adea4cb22b06612ba7acfa"},"headline":"Senado publica parecer sobre minerais cr\u00edticos para an\u00e1lise da CAE","datePublished":"2025-11-05T23:56:28+00:00","dateModified":"2025-11-06T19:55:22+00:00","mainEntityOfPage":{"@id":"https:\/\/agenciainfra.com\/blog\/senado-publica-parecer-sobre-minerais-criticos-para-analise-da-cae\/"},"wordCount":517,"publisher":{"@id":"https:\/\/agenciainfra.com\/blog\/#organization"},"image":{"@id":"https:\/\/agenciainfra.com\/blog\/senado-publica-parecer-sobre-minerais-criticos-para-analise-da-cae\/#primaryimage"},"thumbnailUrl":"https:\/\/agenciainfra.com\/blog\/wp-content\/uploads\/2025\/11\/Renan-Calheiros-Esperidiao-Amin_Foto-Jefferson-Rudy-Agencia-Senado.jpg","keywords":["Arnaldo Jardim (Cidadania-SP)","CAE","CI (Comiss\u00e3o de Servi\u00e7os de Infraestrutura)","Davi Alcolumbre","Esperidi\u00e3o Amin (PP-SC)","Lei 15.190\/2025","Lei Geral do Licenciamento Ambiental","Margem Equatorital","pl 2.780\/2024","PL 4.443\/2025","PNMCE (Pol\u00edtica Nacional de Minerais Cr\u00edticos e Estrat\u00e9gicos)","Rafael Bitencourt","Renan Calheiros (MDB-AL)","Z\u00e9 Silva","ZPEs (Zona de Processamento de Exporta\u00e7\u00e3o)","ZPTMs (Zonas de Processamento de Transforma\u00e7\u00e3o Mineral)"],"articleSection":["Destaque lista","Minera\u00e7\u00e3o"],"inLanguage":"pt-BR","copyrightYear":"2025","copyrightHolder":{"@id":"https:\/\/agenciainfra.com\/blog\/#organization"}},{"@type":"WebPage","@id":"https:\/\/agenciainfra.com\/blog\/senado-publica-parecer-sobre-minerais-criticos-para-analise-da-cae\/","url":"https:\/\/agenciainfra.com\/blog\/senado-publica-parecer-sobre-minerais-criticos-para-analise-da-cae\/","name":"Senado publica parecer sobre minerais cr\u00edticos para an\u00e1lise da CAE - Ag\u00eancia iNFRA","isPartOf":{"@id":"https:\/\/agenciainfra.com\/blog\/#website"},"primaryImageOfPage":{"@id":"https:\/\/agenciainfra.com\/blog\/senado-publica-parecer-sobre-minerais-criticos-para-analise-da-cae\/#primaryimage"},"image":{"@id":"https:\/\/agenciainfra.com\/blog\/senado-publica-parecer-sobre-minerais-criticos-para-analise-da-cae\/#primaryimage"},"thumbnailUrl":"https:\/\/agenciainfra.com\/blog\/wp-content\/uploads\/2025\/11\/Renan-Calheiros-Esperidiao-Amin_Foto-Jefferson-Rudy-Agencia-Senado.jpg","datePublished":"2025-11-05T23:56:28+00:00","dateModified":"2025-11-06T19:55:22+00:00","breadcrumb":{"@id":"https:\/\/agenciainfra.com\/blog\/senado-publica-parecer-sobre-minerais-criticos-para-analise-da-cae\/#breadcrumb"},"inLanguage":"pt-BR","potentialAction":[{"@type":"ReadAction","target":["https:\/\/agenciainfra.com\/blog\/senado-publica-parecer-sobre-minerais-criticos-para-analise-da-cae\/"]}]},{"@type":"ImageObject","inLanguage":"pt-BR","@id":"https:\/\/agenciainfra.com\/blog\/senado-publica-parecer-sobre-minerais-criticos-para-analise-da-cae\/#primaryimage","url":"https:\/\/agenciainfra.com\/blog\/wp-content\/uploads\/2025\/11\/Renan-Calheiros-Esperidiao-Amin_Foto-Jefferson-Rudy-Agencia-Senado.jpg","contentUrl":"https:\/\/agenciainfra.com\/blog\/wp-content\/uploads\/2025\/11\/Renan-Calheiros-Esperidiao-Amin_Foto-Jefferson-Rudy-Agencia-Senado.jpg","width":1280,"height":720,"caption":"Foto: Jefferson Rudy\/Ag\u00eancia Senado"},{"@type":"BreadcrumbList","@id":"https:\/\/agenciainfra.com\/blog\/senado-publica-parecer-sobre-minerais-criticos-para-analise-da-cae\/#breadcrumb","itemListElement":[{"@type":"ListItem","position":1,"name":"In\u00edcio","item":"https:\/\/agenciainfra.com\/blog\/"},{"@type":"ListItem","position":2,"name":"Senado publica parecer sobre minerais cr\u00edticos para an\u00e1lise da CAE"}]},{"@type":"WebSite","@id":"https:\/\/agenciainfra.com\/blog\/#website","url":"https:\/\/agenciainfra.com\/blog\/","name":"Ag\u00eancia iNFRA","description":"Multiplataforma de informa\u00e7\u00e3o jornal\u00edstica refer\u00eancia na \u00e1rea de infraestrutura no Brasil!","publisher":{"@id":"https:\/\/agenciainfra.com\/blog\/#organization"},"potentialAction":[{"@type":"SearchAction","target":{"@type":"EntryPoint","urlTemplate":"https:\/\/agenciainfra.com\/blog\/?s={search_term_string}"},"query-input":{"@type":"PropertyValueSpecification","valueRequired":true,"valueName":"search_term_string"}}],"inLanguage":"pt-BR"},{"@type":"Organization","@id":"https:\/\/agenciainfra.com\/blog\/#organization","name":"Ag\u00eancia iNFRA","url":"https:\/\/agenciainfra.com\/blog\/","logo":{"@type":"ImageObject","inLanguage":"pt-BR","@id":"https:\/\/agenciainfra.com\/blog\/#\/schema\/logo\/image\/","url":"https:\/\/agenciainfra.com\/blog\/wp-content\/uploads\/2023\/09\/iNFRA_5-e1761735885940.png","contentUrl":"https:\/\/agenciainfra.com\/blog\/wp-content\/uploads\/2023\/09\/iNFRA_5-e1761735885940.png","width":1672,"height":454,"caption":"Ag\u00eancia iNFRA"},"image":{"@id":"https:\/\/agenciainfra.com\/blog\/#\/schema\/logo\/image\/"},"sameAs":["https:\/\/www.facebook.com\/ageninfra","https:\/\/x.com\/agencia_infra","https:\/\/www.linkedin.com\/company\/ag\u00eanciainfra\/","https:\/\/www.instagram.com\/agenciainfra\/"]},{"@type":"Person","@id":"https:\/\/agenciainfra.com\/blog\/#\/schema\/person\/34af08dff6adea4cb22b06612ba7acfa","name":"Ag\u00eancia iNFRA","image":{"@type":"ImageObject","inLanguage":"pt-BR","@id":"https:\/\/agenciainfra.com\/blog\/#\/schema\/person\/image\/","url":"https:\/\/secure.gravatar.com\/avatar\/d189e01678f06d8eb84d4e01f08eb848b3fffe3f8443818d3c356c66892f5be8?s=96&d=mm&r=g","contentUrl":"https:\/\/secure.gravatar.com\/avatar\/d189e01678f06d8eb84d4e01f08eb848b3fffe3f8443818d3c356c66892f5be8?s=96&d=mm&r=g","caption":"Ag\u00eancia iNFRA"},"url":"https:\/\/agenciainfra.com\/blog\/author\/admin\/"}]}},"_links":{"self":[{"href":"https:\/\/agenciainfra.com\/blog\/wp-json\/wp\/v2\/posts\/31633","targetHints":{"allow":["GET"]}}],"collection":[{"href":"https:\/\/agenciainfra.com\/blog\/wp-json\/wp\/v2\/posts"}],"about":[{"href":"https:\/\/agenciainfra.com\/blog\/wp-json\/wp\/v2\/types\/post"}],"author":[{"embeddable":true,"href":"https:\/\/agenciainfra.com\/blog\/wp-json\/wp\/v2\/users\/1"}],"replies":[{"embeddable":true,"href":"https:\/\/agenciainfra.com\/blog\/wp-json\/wp\/v2\/comments?post=31633"}],"version-history":[{"count":4,"href":"https:\/\/agenciainfra.com\/blog\/wp-json\/wp\/v2\/posts\/31633\/revisions"}],"predecessor-version":[{"id":31673,"href":"https:\/\/agenciainfra.com\/blog\/wp-json\/wp\/v2\/posts\/31633\/revisions\/31673"}],"wp:featuredmedia":[{"embeddable":true,"href":"https:\/\/agenciainfra.com\/blog\/wp-json\/wp\/v2\/media\/31636"}],"wp:attachment":[{"href":"https:\/\/agenciainfra.com\/blog\/wp-json\/wp\/v2\/media?parent=31633"}],"wp:term":[{"taxonomy":"category","embeddable":true,"href":"https:\/\/agenciainfra.com\/blog\/wp-json\/wp\/v2\/categories?post=31633"},{"taxonomy":"post_tag","embeddable":true,"href":"https:\/\/agenciainfra.com\/blog\/wp-json\/wp\/v2\/tags?post=31633"}],"curies":[{"name":"wp","href":"https:\/\/api.w.org\/{rel}","templated":true}]}}