{"id":31656,"date":"2025-11-06T10:00:00","date_gmt":"2025-11-06T13:00:00","guid":{"rendered":"https:\/\/agenciainfra.com\/blog\/?p=31656"},"modified":"2025-11-06T18:14:09","modified_gmt":"2025-11-06T21:14:09","slug":"mme-quer-criar-verificador-independente-da-qualidade-das-distribuidoras","status":"publish","type":"post","link":"https:\/\/agenciainfra.com\/blog\/mme-quer-criar-verificador-independente-da-qualidade-das-distribuidoras\/","title":{"rendered":"MME quer criar &#8216;verificador independente&#8217; da qualidade das distribuidoras"},"content":{"rendered":"\n<p class=\"has-text-align-right\"><strong>Geraldo Campos Jr., Marisa Wanzeller e Lais Carregosa, da Ag\u00eancia iNFRA<\/strong><\/p>\n\n\n\n<p>O MME (Minist\u00e9rio de Minas e Energia) abriu uma consulta p\u00fablica nesta quarta-feira (5) para criar a figura do \u201cverificador independente\u201d no setor el\u00e9trico. O novo agente seria contratado pelas distribuidoras de energia, conforme\u00a0<a href=\"https:\/\/agenciainfra.us14.list-manage.com\/track\/click?u=d460dd1bcf9ba0ae040e1fc0f&amp;id=cad13bbaff&amp;e=55b7a27fc9\" target=\"_blank\" rel=\"noreferrer noopener\">minuta de portaria<\/a>\u00a0disponibilizada, para aferir indicadores de desempenho e qualidade dos servi\u00e7os, com \u201cneutralidade, imparcialidade e independ\u00eancia t\u00e9cnica\u201d.\u00a0<br><br>Atualmente, a ANEEL (Ag\u00eancia Nacional de Energia El\u00e9trica) calcula os indicadores, que servem para avaliar as distribuidoras, com base nos dados fornecidos pelas pr\u00f3prias empresas. Com a nova norma, o \u201cverificador independente\u201d passa a ser respons\u00e1vel por auditar e enviar as informa\u00e7\u00f5es \u00e0 reguladora. Segundo nota do MME, a figura do verificador j\u00e1 existe nos setores de transportes e saneamento, por exemplo, e \u201cpretende fortalecer a seguran\u00e7a jur\u00eddica e a credibilidade das informa\u00e7\u00f5es utilizadas pelo Poder Concedente e pela ANEEL\u201d.<br><br>A medida foi recebida no setor com questionamentos de agentes sobre um poss\u00edvel avan\u00e7o do minist\u00e9rio em uma prerrogativa da reguladora, que \u00e9 respons\u00e1vel por produzir os dados. Contudo, interlocutores do governo negam um \u201cesvaziamento\u201d, afirmando que as informa\u00e7\u00f5es do verificador podem auxiliar a ANEEL em suas fiscaliza\u00e7\u00f5es. Fontes do MME enfatizam que se trata de uma medida \u201cextremamente t\u00e9cnica e para aperfei\u00e7oamento do setor regulado&#8221;.<br><br><strong>Impasses com a ag\u00eancia<\/strong><br>O advogado Caio Alves, ex-assessor da ag\u00eancia e head de energia do escrit\u00f3rio Rolim Goulart Cardoso Advogados, avalia que a norma como est\u00e1 proposta pode ser positiva e complementar \u00e0 regula\u00e7\u00e3o, mas que o contexto atual de impasses entre o minist\u00e9rio e a ag\u00eancia levanta d\u00favidas: &#8220;A gente se pergunta quais s\u00e3o as inten\u00e7\u00f5es, se \u00e9 fortalecer a regula\u00e7\u00e3o ou se \u00e9 de trazer mais um elemento para questionar a regula\u00e7\u00e3o\u201d, disse \u00e0\u00a0<strong>Ag\u00eancia iNFRA<\/strong>.\u00a0<br><br>\u201cNa pr\u00e1tica, o que pode acontecer \u00e9, se eventualmente o verificador independente n\u00e3o concorde com a ANEEL em uma situa\u00e7\u00e3o, a ag\u00eancia vai ter que se esfor\u00e7ar dobrado para justificar a posi\u00e7\u00e3o dela&#8221;, avaliou o especialista. \u201cNo momento atual em que voc\u00ea tem discuss\u00e3o de impedimento de diretor, que voc\u00ea tem um ministro dando posi\u00e7\u00f5es p\u00fablicas contr\u00e1rias \u00e0 imparcialidade da ANEEL, at\u00e9 de posicionamento pol\u00edtico da ag\u00eancia, pega muito mal a portaria.\u201d<br><br><strong>Custeio<\/strong><br>De acordo com a\u00a0<a href=\"https:\/\/agenciainfra.us14.list-manage.com\/track\/click?u=d460dd1bcf9ba0ae040e1fc0f&amp;id=2721bc4e61&amp;e=55b7a27fc9\" target=\"_blank\" rel=\"noreferrer noopener\">nota t\u00e9cnica<\/a>\u00a0do MME, os custos com a contrata\u00e7\u00e3o do novo agente v\u00e3o motivar o reequil\u00edbrio dos contratos de concess\u00e3o das distribuidoras, com reflexos sobre as tarifas.<br><br>\u201cPor se tratar de novo custo setorial, n\u00e3o previsto originalmente nas concess\u00f5es, entende-se preliminarmente que sua institui\u00e7\u00e3o dever\u00e1 ser objeto de reequil\u00edbrio econ\u00f4mico-financeiro, por meio de repasse \u00e0s tarifas dos consumidores das distribuidoras de energia, a fim de assegurar a seguran\u00e7a jur\u00eddica e previsibilidade regulat\u00f3ria\u201d, diz o documento.<br><br>Como h\u00e1 poucas empresas nesse mercado e os custos ainda s\u00e3o desconhecidos, a nota cita \u201cpossibilidade de que a rela\u00e7\u00e3o custo-benef\u00edcio da medida n\u00e3o seja favor\u00e1vel ao consumidor\u201d.\u00a0<br><br><strong>Ado\u00e7\u00e3o opcional<\/strong><br>A minuta colocada em consulta prev\u00ea que a contrata\u00e7\u00e3o do \u201cverificador independente\u201d \u00e9 opcional para as distribuidoras. No entanto, a pasta aponta para uma eventual obrigatoriedade, a crit\u00e9rio do governo ou da ANEEL.<br><br>O MME tamb\u00e9m discute se a cria\u00e7\u00e3o do novo agente vai abranger todas as concess\u00f5es ou se ser\u00e1 restrita a grupos espec\u00edficos \u2013 como distribuidoras mais ineficientes, grupos com concess\u00f5es vincendas ou em car\u00e1ter experimental.\u00a0<br><br><strong>Modelo\u00a0<\/strong><br>Na pr\u00e1tica, ser\u00e1 criado um novo mercado no setor el\u00e9trico com a institui\u00e7\u00e3o do Verificador Independente, avaliam fontes. A proposta \u00e9 que os contratos desses agentes com as distribuidoras tenham prazo de dez anos, sendo que a ANEEL ou o Poder Concedente poder\u00e3o requerer \u00e0 concession\u00e1ria a substitui\u00e7\u00e3o da empresa contratada caso seja identificada irregularidade ou defici\u00eancia na presta\u00e7\u00e3o dos servi\u00e7os.<br><br>A nota t\u00e9cnica cita que o primeiro risco identificado \u00e9 a poss\u00edvel perda de neutralidade, imparcialidade e independ\u00eancia t\u00e9cnica do verificador em rela\u00e7\u00e3o \u00e0 concession\u00e1ria contratante \u2013 que j\u00e1 teria sido apontado pelo TCU (Tribunal de Contas da Uni\u00e3o) em ac\u00f3rd\u00e3os que tratam do tema em outros setores.<br><br>Para reduzir esse risco, a proposta do MME inclui a proibi\u00e7\u00e3o de prorroga\u00e7\u00e3o dos contratos dos verificadores com as distribuidoras. Al\u00e9m disso, a contrata\u00e7\u00e3o dever\u00e1 ser feita mediante chamamento p\u00fablico, com base em termo de refer\u00eancia previamente aprovado, com ampla concorr\u00eancia. Tamb\u00e9m haver\u00e1 necessidade de anu\u00eancia pr\u00e9via do Poder Concedente para eventual rescis\u00e3o contratual.<\/p>\n","protected":false},"excerpt":{"rendered":"<p>Geraldo Campos Jr., Marisa Wanzeller e Lais Carregosa, da Ag\u00eancia iNFRA O MME (Minist\u00e9rio de Minas e Energia) abriu uma consulta p\u00fablica nesta quarta-feira (5) para criar a figura do \u201cverificador independente\u201d no setor el\u00e9trico. O novo agente seria contratado pelas distribuidoras de energia, conforme\u00a0minuta de portaria\u00a0disponibilizada, para aferir indicadores de desempenho e qualidade dos [&hellip;]<\/p>\n","protected":false},"author":1,"featured_media":5962,"comment_status":"closed","ping_status":"closed","sticky":false,"template":"","format":"standard","meta":{"_monsterinsights_skip_tracking":false,"_monsterinsights_sitenote_active":false,"_monsterinsights_sitenote_note":"","_monsterinsights_sitenote_category":0,"footnotes":""},"categories":[10],"tags":[53,2199,25,11594,13132,7366,71,16759,48,54,6154],"class_list":["post-31656","post","type-post","status-publish","format-standard","has-post-thumbnail","hentry","category-infraenergia","tag-aneel","tag-distribuicao","tag-energia","tag-geraldo-campos-jr","tag-lais-carregosa","tag-marisa-wanzeller","tag-mme","tag-qualidade-das-distribuidoras","tag-regulacao","tag-setor-eletrico","tag-verificador-independente"],"yoast_head":"<!-- This site is optimized with the Yoast SEO Premium plugin v25.4 (Yoast SEO v26.0) - https:\/\/yoast.com\/wordpress\/plugins\/seo\/ -->\n<title>MME quer criar &#039;verificador independente&#039; da qualidade das distribuidoras - Ag\u00eancia iNFRA<\/title>\n<meta name=\"robots\" content=\"index, follow, max-snippet:-1, max-image-preview:large, max-video-preview:-1\" \/>\n<link rel=\"canonical\" href=\"https:\/\/agenciainfra.com\/blog\/mme-quer-criar-verificador-independente-da-qualidade-das-distribuidoras\/\" \/>\n<meta property=\"og:locale\" content=\"pt_BR\" \/>\n<meta property=\"og:type\" content=\"article\" \/>\n<meta property=\"og:title\" content=\"MME quer criar &#039;verificador independente&#039; da qualidade das distribuidoras\" \/>\n<meta property=\"og:description\" content=\"Geraldo Campos Jr., Marisa Wanzeller e Lais Carregosa, da Ag\u00eancia iNFRA O MME (Minist\u00e9rio de Minas e Energia) abriu uma consulta p\u00fablica nesta quarta-feira (5) para criar a figura do \u201cverificador independente\u201d no setor el\u00e9trico. O novo agente seria contratado pelas distribuidoras de energia, conforme\u00a0minuta de portaria\u00a0disponibilizada, para aferir indicadores de desempenho e qualidade dos [&hellip;]\" \/>\n<meta property=\"og:url\" content=\"https:\/\/agenciainfra.com\/blog\/mme-quer-criar-verificador-independente-da-qualidade-das-distribuidoras\/\" \/>\n<meta property=\"og:site_name\" content=\"Ag\u00eancia iNFRA\" \/>\n<meta property=\"article:publisher\" content=\"https:\/\/www.facebook.com\/ageninfra\" \/>\n<meta property=\"article:published_time\" content=\"2025-11-06T13:00:00+00:00\" \/>\n<meta property=\"article:modified_time\" content=\"2025-11-06T21:14:09+00:00\" \/>\n<meta property=\"og:image\" content=\"https:\/\/agenciainfra.com\/blog\/wp-content\/uploads\/2020\/09\/distribuicao-energia-foto-dominio-publico.jpg\" \/>\n\t<meta property=\"og:image:width\" content=\"1280\" \/>\n\t<meta property=\"og:image:height\" content=\"853\" \/>\n\t<meta property=\"og:image:type\" content=\"image\/jpeg\" \/>\n<meta name=\"author\" content=\"Ag\u00eancia iNFRA\" \/>\n<meta name=\"twitter:card\" content=\"summary_large_image\" \/>\n<meta name=\"twitter:creator\" content=\"@agencia_infra\" \/>\n<meta name=\"twitter:site\" content=\"@agencia_infra\" \/>\n<meta name=\"twitter:label1\" content=\"Escrito por\" \/>\n\t<meta name=\"twitter:data1\" content=\"Ag\u00eancia iNFRA\" \/>\n\t<meta name=\"twitter:label2\" content=\"Est. tempo de leitura\" \/>\n\t<meta name=\"twitter:data2\" content=\"4 minutos\" \/>\n<script type=\"application\/ld+json\" class=\"yoast-schema-graph\">{\"@context\":\"https:\/\/schema.org\",\"@graph\":[{\"@type\":\"Article\",\"@id\":\"https:\/\/agenciainfra.com\/blog\/mme-quer-criar-verificador-independente-da-qualidade-das-distribuidoras\/#article\",\"isPartOf\":{\"@id\":\"https:\/\/agenciainfra.com\/blog\/mme-quer-criar-verificador-independente-da-qualidade-das-distribuidoras\/\"},\"author\":{\"name\":\"Ag\u00eancia iNFRA\",\"@id\":\"https:\/\/agenciainfra.com\/blog\/#\/schema\/person\/34af08dff6adea4cb22b06612ba7acfa\"},\"headline\":\"MME quer criar &#8216;verificador independente&#8217; da qualidade das distribuidoras\",\"datePublished\":\"2025-11-06T13:00:00+00:00\",\"dateModified\":\"2025-11-06T21:14:09+00:00\",\"mainEntityOfPage\":{\"@id\":\"https:\/\/agenciainfra.com\/blog\/mme-quer-criar-verificador-independente-da-qualidade-das-distribuidoras\/\"},\"wordCount\":799,\"publisher\":{\"@id\":\"https:\/\/agenciainfra.com\/blog\/#organization\"},\"image\":{\"@id\":\"https:\/\/agenciainfra.com\/blog\/mme-quer-criar-verificador-independente-da-qualidade-das-distribuidoras\/#primaryimage\"},\"thumbnailUrl\":\"https:\/\/agenciainfra.com\/blog\/wp-content\/uploads\/2020\/09\/distribuicao-energia-foto-dominio-publico.jpg\",\"keywords\":[\"ANEEL\",\"distribui\u00e7\u00e3o\",\"energia\",\"Geraldo Campos Jr.\",\"Lais Carregosa\",\"Marisa Wanzeller\",\"MME\",\"qualidade das distribuidoras\",\"Regula\u00e7\u00e3o\",\"Setor El\u00e9trico\",\"verificador independente\"],\"articleSection\":[\"iNFRAEnergia\"],\"inLanguage\":\"pt-BR\",\"copyrightYear\":\"2025\",\"copyrightHolder\":{\"@id\":\"https:\/\/agenciainfra.com\/blog\/#organization\"}},{\"@type\":\"WebPage\",\"@id\":\"https:\/\/agenciainfra.com\/blog\/mme-quer-criar-verificador-independente-da-qualidade-das-distribuidoras\/\",\"url\":\"https:\/\/agenciainfra.com\/blog\/mme-quer-criar-verificador-independente-da-qualidade-das-distribuidoras\/\",\"name\":\"MME quer criar 'verificador independente' da qualidade das distribuidoras - Ag\u00eancia iNFRA\",\"isPartOf\":{\"@id\":\"https:\/\/agenciainfra.com\/blog\/#website\"},\"primaryImageOfPage\":{\"@id\":\"https:\/\/agenciainfra.com\/blog\/mme-quer-criar-verificador-independente-da-qualidade-das-distribuidoras\/#primaryimage\"},\"image\":{\"@id\":\"https:\/\/agenciainfra.com\/blog\/mme-quer-criar-verificador-independente-da-qualidade-das-distribuidoras\/#primaryimage\"},\"thumbnailUrl\":\"https:\/\/agenciainfra.com\/blog\/wp-content\/uploads\/2020\/09\/distribuicao-energia-foto-dominio-publico.jpg\",\"datePublished\":\"2025-11-06T13:00:00+00:00\",\"dateModified\":\"2025-11-06T21:14:09+00:00\",\"breadcrumb\":{\"@id\":\"https:\/\/agenciainfra.com\/blog\/mme-quer-criar-verificador-independente-da-qualidade-das-distribuidoras\/#breadcrumb\"},\"inLanguage\":\"pt-BR\",\"potentialAction\":[{\"@type\":\"ReadAction\",\"target\":[\"https:\/\/agenciainfra.com\/blog\/mme-quer-criar-verificador-independente-da-qualidade-das-distribuidoras\/\"]}]},{\"@type\":\"ImageObject\",\"inLanguage\":\"pt-BR\",\"@id\":\"https:\/\/agenciainfra.com\/blog\/mme-quer-criar-verificador-independente-da-qualidade-das-distribuidoras\/#primaryimage\",\"url\":\"https:\/\/agenciainfra.com\/blog\/wp-content\/uploads\/2020\/09\/distribuicao-energia-foto-dominio-publico.jpg\",\"contentUrl\":\"https:\/\/agenciainfra.com\/blog\/wp-content\/uploads\/2020\/09\/distribuicao-energia-foto-dominio-publico.jpg\",\"width\":1280,\"height\":853,\"caption\":\"Foto: Dom\u00ednio P\u00fablico\"},{\"@type\":\"BreadcrumbList\",\"@id\":\"https:\/\/agenciainfra.com\/blog\/mme-quer-criar-verificador-independente-da-qualidade-das-distribuidoras\/#breadcrumb\",\"itemListElement\":[{\"@type\":\"ListItem\",\"position\":1,\"name\":\"In\u00edcio\",\"item\":\"https:\/\/agenciainfra.com\/blog\/\"},{\"@type\":\"ListItem\",\"position\":2,\"name\":\"MME quer criar &#8216;verificador independente&#8217; da qualidade das distribuidoras\"}]},{\"@type\":\"WebSite\",\"@id\":\"https:\/\/agenciainfra.com\/blog\/#website\",\"url\":\"https:\/\/agenciainfra.com\/blog\/\",\"name\":\"Ag\u00eancia iNFRA\",\"description\":\"Multiplataforma de informa\u00e7\u00e3o jornal\u00edstica refer\u00eancia na \u00e1rea de infraestrutura no Brasil!\",\"publisher\":{\"@id\":\"https:\/\/agenciainfra.com\/blog\/#organization\"},\"potentialAction\":[{\"@type\":\"SearchAction\",\"target\":{\"@type\":\"EntryPoint\",\"urlTemplate\":\"https:\/\/agenciainfra.com\/blog\/?s={search_term_string}\"},\"query-input\":{\"@type\":\"PropertyValueSpecification\",\"valueRequired\":true,\"valueName\":\"search_term_string\"}}],\"inLanguage\":\"pt-BR\"},{\"@type\":\"Organization\",\"@id\":\"https:\/\/agenciainfra.com\/blog\/#organization\",\"name\":\"Ag\u00eancia iNFRA\",\"url\":\"https:\/\/agenciainfra.com\/blog\/\",\"logo\":{\"@type\":\"ImageObject\",\"inLanguage\":\"pt-BR\",\"@id\":\"https:\/\/agenciainfra.com\/blog\/#\/schema\/logo\/image\/\",\"url\":\"https:\/\/agenciainfra.com\/blog\/wp-content\/uploads\/2023\/09\/iNFRA_5-e1761735885940.png\",\"contentUrl\":\"https:\/\/agenciainfra.com\/blog\/wp-content\/uploads\/2023\/09\/iNFRA_5-e1761735885940.png\",\"width\":1672,\"height\":454,\"caption\":\"Ag\u00eancia iNFRA\"},\"image\":{\"@id\":\"https:\/\/agenciainfra.com\/blog\/#\/schema\/logo\/image\/\"},\"sameAs\":[\"https:\/\/www.facebook.com\/ageninfra\",\"https:\/\/x.com\/agencia_infra\",\"https:\/\/www.linkedin.com\/company\/ag\u00eanciainfra\/\",\"https:\/\/www.instagram.com\/agenciainfra\/\"]},{\"@type\":\"Person\",\"@id\":\"https:\/\/agenciainfra.com\/blog\/#\/schema\/person\/34af08dff6adea4cb22b06612ba7acfa\",\"name\":\"Ag\u00eancia iNFRA\",\"image\":{\"@type\":\"ImageObject\",\"inLanguage\":\"pt-BR\",\"@id\":\"https:\/\/agenciainfra.com\/blog\/#\/schema\/person\/image\/\",\"url\":\"https:\/\/secure.gravatar.com\/avatar\/d189e01678f06d8eb84d4e01f08eb848b3fffe3f8443818d3c356c66892f5be8?s=96&d=mm&r=g\",\"contentUrl\":\"https:\/\/secure.gravatar.com\/avatar\/d189e01678f06d8eb84d4e01f08eb848b3fffe3f8443818d3c356c66892f5be8?s=96&d=mm&r=g\",\"caption\":\"Ag\u00eancia iNFRA\"},\"url\":\"https:\/\/agenciainfra.com\/blog\/author\/admin\/\"}]}<\/script>\n<!-- \/ Yoast SEO Premium plugin. -->","yoast_head_json":{"title":"MME quer criar 'verificador independente' da qualidade das distribuidoras - Ag\u00eancia iNFRA","robots":{"index":"index","follow":"follow","max-snippet":"max-snippet:-1","max-image-preview":"max-image-preview:large","max-video-preview":"max-video-preview:-1"},"canonical":"https:\/\/agenciainfra.com\/blog\/mme-quer-criar-verificador-independente-da-qualidade-das-distribuidoras\/","og_locale":"pt_BR","og_type":"article","og_title":"MME quer criar 'verificador independente' da qualidade das distribuidoras","og_description":"Geraldo Campos Jr., Marisa Wanzeller e Lais Carregosa, da Ag\u00eancia iNFRA O MME (Minist\u00e9rio de Minas e Energia) abriu uma consulta p\u00fablica nesta quarta-feira (5) para criar a figura do \u201cverificador independente\u201d no setor el\u00e9trico. O novo agente seria contratado pelas distribuidoras de energia, conforme\u00a0minuta de portaria\u00a0disponibilizada, para aferir indicadores de desempenho e qualidade dos [&hellip;]","og_url":"https:\/\/agenciainfra.com\/blog\/mme-quer-criar-verificador-independente-da-qualidade-das-distribuidoras\/","og_site_name":"Ag\u00eancia iNFRA","article_publisher":"https:\/\/www.facebook.com\/ageninfra","article_published_time":"2025-11-06T13:00:00+00:00","article_modified_time":"2025-11-06T21:14:09+00:00","og_image":[{"width":1280,"height":853,"url":"https:\/\/agenciainfra.com\/blog\/wp-content\/uploads\/2020\/09\/distribuicao-energia-foto-dominio-publico.jpg","type":"image\/jpeg"}],"author":"Ag\u00eancia iNFRA","twitter_card":"summary_large_image","twitter_creator":"@agencia_infra","twitter_site":"@agencia_infra","twitter_misc":{"Escrito por":"Ag\u00eancia iNFRA","Est. tempo de leitura":"4 minutos"},"schema":{"@context":"https:\/\/schema.org","@graph":[{"@type":"Article","@id":"https:\/\/agenciainfra.com\/blog\/mme-quer-criar-verificador-independente-da-qualidade-das-distribuidoras\/#article","isPartOf":{"@id":"https:\/\/agenciainfra.com\/blog\/mme-quer-criar-verificador-independente-da-qualidade-das-distribuidoras\/"},"author":{"name":"Ag\u00eancia iNFRA","@id":"https:\/\/agenciainfra.com\/blog\/#\/schema\/person\/34af08dff6adea4cb22b06612ba7acfa"},"headline":"MME quer criar &#8216;verificador independente&#8217; da qualidade das distribuidoras","datePublished":"2025-11-06T13:00:00+00:00","dateModified":"2025-11-06T21:14:09+00:00","mainEntityOfPage":{"@id":"https:\/\/agenciainfra.com\/blog\/mme-quer-criar-verificador-independente-da-qualidade-das-distribuidoras\/"},"wordCount":799,"publisher":{"@id":"https:\/\/agenciainfra.com\/blog\/#organization"},"image":{"@id":"https:\/\/agenciainfra.com\/blog\/mme-quer-criar-verificador-independente-da-qualidade-das-distribuidoras\/#primaryimage"},"thumbnailUrl":"https:\/\/agenciainfra.com\/blog\/wp-content\/uploads\/2020\/09\/distribuicao-energia-foto-dominio-publico.jpg","keywords":["ANEEL","distribui\u00e7\u00e3o","energia","Geraldo Campos Jr.","Lais Carregosa","Marisa Wanzeller","MME","qualidade das distribuidoras","Regula\u00e7\u00e3o","Setor El\u00e9trico","verificador independente"],"articleSection":["iNFRAEnergia"],"inLanguage":"pt-BR","copyrightYear":"2025","copyrightHolder":{"@id":"https:\/\/agenciainfra.com\/blog\/#organization"}},{"@type":"WebPage","@id":"https:\/\/agenciainfra.com\/blog\/mme-quer-criar-verificador-independente-da-qualidade-das-distribuidoras\/","url":"https:\/\/agenciainfra.com\/blog\/mme-quer-criar-verificador-independente-da-qualidade-das-distribuidoras\/","name":"MME quer criar 'verificador independente' da qualidade das distribuidoras - Ag\u00eancia iNFRA","isPartOf":{"@id":"https:\/\/agenciainfra.com\/blog\/#website"},"primaryImageOfPage":{"@id":"https:\/\/agenciainfra.com\/blog\/mme-quer-criar-verificador-independente-da-qualidade-das-distribuidoras\/#primaryimage"},"image":{"@id":"https:\/\/agenciainfra.com\/blog\/mme-quer-criar-verificador-independente-da-qualidade-das-distribuidoras\/#primaryimage"},"thumbnailUrl":"https:\/\/agenciainfra.com\/blog\/wp-content\/uploads\/2020\/09\/distribuicao-energia-foto-dominio-publico.jpg","datePublished":"2025-11-06T13:00:00+00:00","dateModified":"2025-11-06T21:14:09+00:00","breadcrumb":{"@id":"https:\/\/agenciainfra.com\/blog\/mme-quer-criar-verificador-independente-da-qualidade-das-distribuidoras\/#breadcrumb"},"inLanguage":"pt-BR","potentialAction":[{"@type":"ReadAction","target":["https:\/\/agenciainfra.com\/blog\/mme-quer-criar-verificador-independente-da-qualidade-das-distribuidoras\/"]}]},{"@type":"ImageObject","inLanguage":"pt-BR","@id":"https:\/\/agenciainfra.com\/blog\/mme-quer-criar-verificador-independente-da-qualidade-das-distribuidoras\/#primaryimage","url":"https:\/\/agenciainfra.com\/blog\/wp-content\/uploads\/2020\/09\/distribuicao-energia-foto-dominio-publico.jpg","contentUrl":"https:\/\/agenciainfra.com\/blog\/wp-content\/uploads\/2020\/09\/distribuicao-energia-foto-dominio-publico.jpg","width":1280,"height":853,"caption":"Foto: Dom\u00ednio P\u00fablico"},{"@type":"BreadcrumbList","@id":"https:\/\/agenciainfra.com\/blog\/mme-quer-criar-verificador-independente-da-qualidade-das-distribuidoras\/#breadcrumb","itemListElement":[{"@type":"ListItem","position":1,"name":"In\u00edcio","item":"https:\/\/agenciainfra.com\/blog\/"},{"@type":"ListItem","position":2,"name":"MME quer criar &#8216;verificador independente&#8217; da qualidade das distribuidoras"}]},{"@type":"WebSite","@id":"https:\/\/agenciainfra.com\/blog\/#website","url":"https:\/\/agenciainfra.com\/blog\/","name":"Ag\u00eancia iNFRA","description":"Multiplataforma de informa\u00e7\u00e3o jornal\u00edstica refer\u00eancia na \u00e1rea de infraestrutura no Brasil!","publisher":{"@id":"https:\/\/agenciainfra.com\/blog\/#organization"},"potentialAction":[{"@type":"SearchAction","target":{"@type":"EntryPoint","urlTemplate":"https:\/\/agenciainfra.com\/blog\/?s={search_term_string}"},"query-input":{"@type":"PropertyValueSpecification","valueRequired":true,"valueName":"search_term_string"}}],"inLanguage":"pt-BR"},{"@type":"Organization","@id":"https:\/\/agenciainfra.com\/blog\/#organization","name":"Ag\u00eancia iNFRA","url":"https:\/\/agenciainfra.com\/blog\/","logo":{"@type":"ImageObject","inLanguage":"pt-BR","@id":"https:\/\/agenciainfra.com\/blog\/#\/schema\/logo\/image\/","url":"https:\/\/agenciainfra.com\/blog\/wp-content\/uploads\/2023\/09\/iNFRA_5-e1761735885940.png","contentUrl":"https:\/\/agenciainfra.com\/blog\/wp-content\/uploads\/2023\/09\/iNFRA_5-e1761735885940.png","width":1672,"height":454,"caption":"Ag\u00eancia iNFRA"},"image":{"@id":"https:\/\/agenciainfra.com\/blog\/#\/schema\/logo\/image\/"},"sameAs":["https:\/\/www.facebook.com\/ageninfra","https:\/\/x.com\/agencia_infra","https:\/\/www.linkedin.com\/company\/ag\u00eanciainfra\/","https:\/\/www.instagram.com\/agenciainfra\/"]},{"@type":"Person","@id":"https:\/\/agenciainfra.com\/blog\/#\/schema\/person\/34af08dff6adea4cb22b06612ba7acfa","name":"Ag\u00eancia iNFRA","image":{"@type":"ImageObject","inLanguage":"pt-BR","@id":"https:\/\/agenciainfra.com\/blog\/#\/schema\/person\/image\/","url":"https:\/\/secure.gravatar.com\/avatar\/d189e01678f06d8eb84d4e01f08eb848b3fffe3f8443818d3c356c66892f5be8?s=96&d=mm&r=g","contentUrl":"https:\/\/secure.gravatar.com\/avatar\/d189e01678f06d8eb84d4e01f08eb848b3fffe3f8443818d3c356c66892f5be8?s=96&d=mm&r=g","caption":"Ag\u00eancia iNFRA"},"url":"https:\/\/agenciainfra.com\/blog\/author\/admin\/"}]}},"_links":{"self":[{"href":"https:\/\/agenciainfra.com\/blog\/wp-json\/wp\/v2\/posts\/31656","targetHints":{"allow":["GET"]}}],"collection":[{"href":"https:\/\/agenciainfra.com\/blog\/wp-json\/wp\/v2\/posts"}],"about":[{"href":"https:\/\/agenciainfra.com\/blog\/wp-json\/wp\/v2\/types\/post"}],"author":[{"embeddable":true,"href":"https:\/\/agenciainfra.com\/blog\/wp-json\/wp\/v2\/users\/1"}],"replies":[{"embeddable":true,"href":"https:\/\/agenciainfra.com\/blog\/wp-json\/wp\/v2\/comments?post=31656"}],"version-history":[{"count":3,"href":"https:\/\/agenciainfra.com\/blog\/wp-json\/wp\/v2\/posts\/31656\/revisions"}],"predecessor-version":[{"id":31741,"href":"https:\/\/agenciainfra.com\/blog\/wp-json\/wp\/v2\/posts\/31656\/revisions\/31741"}],"wp:featuredmedia":[{"embeddable":true,"href":"https:\/\/agenciainfra.com\/blog\/wp-json\/wp\/v2\/media\/5962"}],"wp:attachment":[{"href":"https:\/\/agenciainfra.com\/blog\/wp-json\/wp\/v2\/media?parent=31656"}],"wp:term":[{"taxonomy":"category","embeddable":true,"href":"https:\/\/agenciainfra.com\/blog\/wp-json\/wp\/v2\/categories?post=31656"},{"taxonomy":"post_tag","embeddable":true,"href":"https:\/\/agenciainfra.com\/blog\/wp-json\/wp\/v2\/tags?post=31656"}],"curies":[{"name":"wp","href":"https:\/\/api.w.org\/{rel}","templated":true}]}}