{"id":31711,"date":"2025-11-06T15:08:00","date_gmt":"2025-11-06T18:08:00","guid":{"rendered":"https:\/\/agenciainfra.com\/blog\/?p=31711"},"modified":"2025-11-07T13:16:59","modified_gmt":"2025-11-07T16:16:59","slug":"way-concessoes-vence-leilao-da-rota-sertaneja-com-desagio-de-248","status":"publish","type":"post","link":"https:\/\/agenciainfra.com\/blog\/way-concessoes-vence-leilao-da-rota-sertaneja-com-desagio-de-248\/","title":{"rendered":"Way Concess\u00f5es vence leil\u00e3o da Rota Sertaneja com des\u00e1gio de 24,8%"},"content":{"rendered":"\n<p class=\"has-text-align-right\"><strong>Amanda Pupo, da Ag\u00eancia iNFRA<\/strong><\/p>\n\n\n\n<p>A Way Concess\u00f5es levou a concess\u00e3o da Rota Sertaneja em leil\u00e3o realizado nesta quinta-feira (6) na B3, em S\u00e3o Paulo. A oferta venceu com des\u00e1gio na tarifa b\u00e1sica de ped\u00e1gio de 24,80%.<\/p>\n\n\n\n<p>O certame chegou a ir para a fase viva-voz, mas os outros dois grupos que avan\u00e7aram para essa etapa n\u00e3o apresentaram novas ofertas. Assim, a Way saiu vitoriosa com a primeira proposta.\u00a0<\/p>\n\n\n\n<p>Vinci Highways ofertou des\u00e1gio de 20,11%. O cons\u00f3rcio Rota do Cerrado &#8211; composto por XP e construtoras &#8211; apresentou 20,36% de desconto.\u00a0<\/p>\n\n\n\n<p>Tamb\u00e9m apresentou proposta, mas sem avan\u00e7ar para a etapa de viva-voz, o cons\u00f3rcio com a Construcap e a espanhola Copasa, que prop\u00f4s des\u00e1gio de 14%.\u00a0<\/p>\n\n\n\n<p>A concess\u00e3o compreende as rodovias BR-153\/262\/GO\/MG \u2013 resultado da divis\u00e3o dos trechos administrados pela Concebra. O contrato \u00e9 de 30 anos, com previs\u00e3o de investimentos (capex) de R$ 5,66 bilh\u00f5es e de despesas (opex) de R$ 4,16 bilh\u00f5es.<\/p>\n","protected":false},"excerpt":{"rendered":"<p>Amanda Pupo, da Ag\u00eancia iNFRA A Way Concess\u00f5es levou a concess\u00e3o da Rota Sertaneja em leil\u00e3o realizado nesta quinta-feira (6) na B3, em S\u00e3o Paulo. A oferta venceu com des\u00e1gio na tarifa b\u00e1sica de ped\u00e1gio de 24,80%. O certame chegou a ir para a fase viva-voz, mas os outros dois grupos que avan\u00e7aram para essa [&hellip;]<\/p>\n","protected":false},"author":1,"featured_media":7059,"comment_status":"closed","ping_status":"closed","sticky":false,"template":"","format":"standard","meta":{"_monsterinsights_skip_tracking":false,"_monsterinsights_sitenote_active":false,"_monsterinsights_sitenote_note":"","_monsterinsights_sitenote_category":0,"footnotes":""},"categories":[7250,7],"tags":[13354,4822,14581,8455,2728,4829,16659,8150,12399,14230,16063],"class_list":["post-31711","post","type-post","status-publish","format-standard","has-post-thumbnail","hentry","category-destaque-lista","category-infratransporte","tag-amanda-pupo","tag-b3","tag-br-153-262-go-mg","tag-construcap","tag-copasa","tag-leilao-de-rodovias","tag-rota-do-cerrado","tag-rota-sertaneja","tag-tarifa-basica-de-pedagio","tag-vinci-highways","tag-way-concessoes"],"yoast_head":"<!-- This site is optimized with the Yoast SEO Premium plugin v25.4 (Yoast SEO v26.0) - https:\/\/yoast.com\/wordpress\/plugins\/seo\/ -->\n<title>Way Concess\u00f5es vence leil\u00e3o da Rota Sertaneja com des\u00e1gio de 24,8% - Ag\u00eancia iNFRA<\/title>\n<meta name=\"robots\" content=\"index, follow, max-snippet:-1, max-image-preview:large, max-video-preview:-1\" \/>\n<link rel=\"canonical\" href=\"https:\/\/agenciainfra.com\/blog\/way-concessoes-vence-leilao-da-rota-sertaneja-com-desagio-de-248\/\" \/>\n<meta property=\"og:locale\" content=\"pt_BR\" \/>\n<meta property=\"og:type\" content=\"article\" \/>\n<meta property=\"og:title\" content=\"Way Concess\u00f5es vence leil\u00e3o da Rota Sertaneja com des\u00e1gio de 24,8%\" \/>\n<meta property=\"og:description\" content=\"Amanda Pupo, da Ag\u00eancia iNFRA A Way Concess\u00f5es levou a concess\u00e3o da Rota Sertaneja em leil\u00e3o realizado nesta quinta-feira (6) na B3, em S\u00e3o Paulo. A oferta venceu com des\u00e1gio na tarifa b\u00e1sica de ped\u00e1gio de 24,80%. O certame chegou a ir para a fase viva-voz, mas os outros dois grupos que avan\u00e7aram para essa [&hellip;]\" \/>\n<meta property=\"og:url\" content=\"https:\/\/agenciainfra.com\/blog\/way-concessoes-vence-leilao-da-rota-sertaneja-com-desagio-de-248\/\" \/>\n<meta property=\"og:site_name\" content=\"Ag\u00eancia iNFRA\" \/>\n<meta property=\"article:publisher\" content=\"https:\/\/www.facebook.com\/ageninfra\" \/>\n<meta property=\"article:published_time\" content=\"2025-11-06T18:08:00+00:00\" \/>\n<meta property=\"article:modified_time\" content=\"2025-11-07T16:16:59+00:00\" \/>\n<meta property=\"og:image\" content=\"https:\/\/agenciainfra.com\/blog\/wp-content\/uploads\/2021\/04\/leilao-b3-foto-ricardo-botelho-minfra.jpeg\" \/>\n\t<meta property=\"og:image:width\" content=\"1280\" \/>\n\t<meta property=\"og:image:height\" content=\"854\" \/>\n\t<meta property=\"og:image:type\" content=\"image\/jpeg\" \/>\n<meta name=\"author\" content=\"Ag\u00eancia iNFRA\" \/>\n<meta name=\"twitter:card\" content=\"summary_large_image\" \/>\n<meta name=\"twitter:creator\" content=\"@agencia_infra\" \/>\n<meta name=\"twitter:site\" content=\"@agencia_infra\" \/>\n<meta name=\"twitter:label1\" content=\"Escrito por\" \/>\n\t<meta name=\"twitter:data1\" content=\"Ag\u00eancia iNFRA\" \/>\n\t<meta name=\"twitter:label2\" content=\"Est. tempo de leitura\" \/>\n\t<meta name=\"twitter:data2\" content=\"1 minuto\" \/>\n<script type=\"application\/ld+json\" class=\"yoast-schema-graph\">{\"@context\":\"https:\/\/schema.org\",\"@graph\":[{\"@type\":\"Article\",\"@id\":\"https:\/\/agenciainfra.com\/blog\/way-concessoes-vence-leilao-da-rota-sertaneja-com-desagio-de-248\/#article\",\"isPartOf\":{\"@id\":\"https:\/\/agenciainfra.com\/blog\/way-concessoes-vence-leilao-da-rota-sertaneja-com-desagio-de-248\/\"},\"author\":{\"name\":\"Ag\u00eancia iNFRA\",\"@id\":\"https:\/\/agenciainfra.com\/blog\/#\/schema\/person\/34af08dff6adea4cb22b06612ba7acfa\"},\"headline\":\"Way Concess\u00f5es vence leil\u00e3o da Rota Sertaneja com des\u00e1gio de 24,8%\",\"datePublished\":\"2025-11-06T18:08:00+00:00\",\"dateModified\":\"2025-11-07T16:16:59+00:00\",\"mainEntityOfPage\":{\"@id\":\"https:\/\/agenciainfra.com\/blog\/way-concessoes-vence-leilao-da-rota-sertaneja-com-desagio-de-248\/\"},\"wordCount\":181,\"publisher\":{\"@id\":\"https:\/\/agenciainfra.com\/blog\/#organization\"},\"image\":{\"@id\":\"https:\/\/agenciainfra.com\/blog\/way-concessoes-vence-leilao-da-rota-sertaneja-com-desagio-de-248\/#primaryimage\"},\"thumbnailUrl\":\"https:\/\/agenciainfra.com\/blog\/wp-content\/uploads\/2021\/04\/leilao-b3-foto-ricardo-botelho-minfra.jpeg\",\"keywords\":[\"Amanda Pupo\",\"B3\",\"BR-153\/262\/GO\/MG\",\"Construcap\",\"Copasa\",\"leil\u00e3o de rodovias\",\"Rota do Cerrado\",\"Rota Sertaneja\",\"Tarifa B\u00e1sica de Ped\u00e1gio\",\"Vinci Highways\",\"Way Concess\u00f5es\"],\"articleSection\":[\"Destaque lista\",\"iNFRATransporte\"],\"inLanguage\":\"pt-BR\",\"copyrightYear\":\"2025\",\"copyrightHolder\":{\"@id\":\"https:\/\/agenciainfra.com\/blog\/#organization\"}},{\"@type\":\"WebPage\",\"@id\":\"https:\/\/agenciainfra.com\/blog\/way-concessoes-vence-leilao-da-rota-sertaneja-com-desagio-de-248\/\",\"url\":\"https:\/\/agenciainfra.com\/blog\/way-concessoes-vence-leilao-da-rota-sertaneja-com-desagio-de-248\/\",\"name\":\"Way Concess\u00f5es vence leil\u00e3o da Rota Sertaneja com des\u00e1gio de 24,8% - Ag\u00eancia iNFRA\",\"isPartOf\":{\"@id\":\"https:\/\/agenciainfra.com\/blog\/#website\"},\"primaryImageOfPage\":{\"@id\":\"https:\/\/agenciainfra.com\/blog\/way-concessoes-vence-leilao-da-rota-sertaneja-com-desagio-de-248\/#primaryimage\"},\"image\":{\"@id\":\"https:\/\/agenciainfra.com\/blog\/way-concessoes-vence-leilao-da-rota-sertaneja-com-desagio-de-248\/#primaryimage\"},\"thumbnailUrl\":\"https:\/\/agenciainfra.com\/blog\/wp-content\/uploads\/2021\/04\/leilao-b3-foto-ricardo-botelho-minfra.jpeg\",\"datePublished\":\"2025-11-06T18:08:00+00:00\",\"dateModified\":\"2025-11-07T16:16:59+00:00\",\"breadcrumb\":{\"@id\":\"https:\/\/agenciainfra.com\/blog\/way-concessoes-vence-leilao-da-rota-sertaneja-com-desagio-de-248\/#breadcrumb\"},\"inLanguage\":\"pt-BR\",\"potentialAction\":[{\"@type\":\"ReadAction\",\"target\":[\"https:\/\/agenciainfra.com\/blog\/way-concessoes-vence-leilao-da-rota-sertaneja-com-desagio-de-248\/\"]}]},{\"@type\":\"ImageObject\",\"inLanguage\":\"pt-BR\",\"@id\":\"https:\/\/agenciainfra.com\/blog\/way-concessoes-vence-leilao-da-rota-sertaneja-com-desagio-de-248\/#primaryimage\",\"url\":\"https:\/\/agenciainfra.com\/blog\/wp-content\/uploads\/2021\/04\/leilao-b3-foto-ricardo-botelho-minfra.jpeg\",\"contentUrl\":\"https:\/\/agenciainfra.com\/blog\/wp-content\/uploads\/2021\/04\/leilao-b3-foto-ricardo-botelho-minfra.jpeg\",\"width\":1280,\"height\":854,\"caption\":\"Foto: Ricardo Botelho\/Minfra\"},{\"@type\":\"BreadcrumbList\",\"@id\":\"https:\/\/agenciainfra.com\/blog\/way-concessoes-vence-leilao-da-rota-sertaneja-com-desagio-de-248\/#breadcrumb\",\"itemListElement\":[{\"@type\":\"ListItem\",\"position\":1,\"name\":\"In\u00edcio\",\"item\":\"https:\/\/agenciainfra.com\/blog\/\"},{\"@type\":\"ListItem\",\"position\":2,\"name\":\"Way Concess\u00f5es vence leil\u00e3o da Rota Sertaneja com des\u00e1gio de 24,8%\"}]},{\"@type\":\"WebSite\",\"@id\":\"https:\/\/agenciainfra.com\/blog\/#website\",\"url\":\"https:\/\/agenciainfra.com\/blog\/\",\"name\":\"Ag\u00eancia iNFRA\",\"description\":\"Multiplataforma de informa\u00e7\u00e3o jornal\u00edstica refer\u00eancia na \u00e1rea de infraestrutura no Brasil!\",\"publisher\":{\"@id\":\"https:\/\/agenciainfra.com\/blog\/#organization\"},\"potentialAction\":[{\"@type\":\"SearchAction\",\"target\":{\"@type\":\"EntryPoint\",\"urlTemplate\":\"https:\/\/agenciainfra.com\/blog\/?s={search_term_string}\"},\"query-input\":{\"@type\":\"PropertyValueSpecification\",\"valueRequired\":true,\"valueName\":\"search_term_string\"}}],\"inLanguage\":\"pt-BR\"},{\"@type\":\"Organization\",\"@id\":\"https:\/\/agenciainfra.com\/blog\/#organization\",\"name\":\"Ag\u00eancia iNFRA\",\"url\":\"https:\/\/agenciainfra.com\/blog\/\",\"logo\":{\"@type\":\"ImageObject\",\"inLanguage\":\"pt-BR\",\"@id\":\"https:\/\/agenciainfra.com\/blog\/#\/schema\/logo\/image\/\",\"url\":\"https:\/\/agenciainfra.com\/blog\/wp-content\/uploads\/2023\/09\/iNFRA_5-e1761735885940.png\",\"contentUrl\":\"https:\/\/agenciainfra.com\/blog\/wp-content\/uploads\/2023\/09\/iNFRA_5-e1761735885940.png\",\"width\":1672,\"height\":454,\"caption\":\"Ag\u00eancia iNFRA\"},\"image\":{\"@id\":\"https:\/\/agenciainfra.com\/blog\/#\/schema\/logo\/image\/\"},\"sameAs\":[\"https:\/\/www.facebook.com\/ageninfra\",\"https:\/\/x.com\/agencia_infra\",\"https:\/\/www.linkedin.com\/company\/ag\u00eanciainfra\/\",\"https:\/\/www.instagram.com\/agenciainfra\/\"]},{\"@type\":\"Person\",\"@id\":\"https:\/\/agenciainfra.com\/blog\/#\/schema\/person\/34af08dff6adea4cb22b06612ba7acfa\",\"name\":\"Ag\u00eancia iNFRA\",\"image\":{\"@type\":\"ImageObject\",\"inLanguage\":\"pt-BR\",\"@id\":\"https:\/\/agenciainfra.com\/blog\/#\/schema\/person\/image\/\",\"url\":\"https:\/\/secure.gravatar.com\/avatar\/d189e01678f06d8eb84d4e01f08eb848b3fffe3f8443818d3c356c66892f5be8?s=96&d=mm&r=g\",\"contentUrl\":\"https:\/\/secure.gravatar.com\/avatar\/d189e01678f06d8eb84d4e01f08eb848b3fffe3f8443818d3c356c66892f5be8?s=96&d=mm&r=g\",\"caption\":\"Ag\u00eancia iNFRA\"},\"url\":\"https:\/\/agenciainfra.com\/blog\/author\/admin\/\"}]}<\/script>\n<!-- \/ Yoast SEO Premium plugin. -->","yoast_head_json":{"title":"Way Concess\u00f5es vence leil\u00e3o da Rota Sertaneja com des\u00e1gio de 24,8% - Ag\u00eancia iNFRA","robots":{"index":"index","follow":"follow","max-snippet":"max-snippet:-1","max-image-preview":"max-image-preview:large","max-video-preview":"max-video-preview:-1"},"canonical":"https:\/\/agenciainfra.com\/blog\/way-concessoes-vence-leilao-da-rota-sertaneja-com-desagio-de-248\/","og_locale":"pt_BR","og_type":"article","og_title":"Way Concess\u00f5es vence leil\u00e3o da Rota Sertaneja com des\u00e1gio de 24,8%","og_description":"Amanda Pupo, da Ag\u00eancia iNFRA A Way Concess\u00f5es levou a concess\u00e3o da Rota Sertaneja em leil\u00e3o realizado nesta quinta-feira (6) na B3, em S\u00e3o Paulo. A oferta venceu com des\u00e1gio na tarifa b\u00e1sica de ped\u00e1gio de 24,80%. O certame chegou a ir para a fase viva-voz, mas os outros dois grupos que avan\u00e7aram para essa [&hellip;]","og_url":"https:\/\/agenciainfra.com\/blog\/way-concessoes-vence-leilao-da-rota-sertaneja-com-desagio-de-248\/","og_site_name":"Ag\u00eancia iNFRA","article_publisher":"https:\/\/www.facebook.com\/ageninfra","article_published_time":"2025-11-06T18:08:00+00:00","article_modified_time":"2025-11-07T16:16:59+00:00","og_image":[{"width":1280,"height":854,"url":"https:\/\/agenciainfra.com\/blog\/wp-content\/uploads\/2021\/04\/leilao-b3-foto-ricardo-botelho-minfra.jpeg","type":"image\/jpeg"}],"author":"Ag\u00eancia iNFRA","twitter_card":"summary_large_image","twitter_creator":"@agencia_infra","twitter_site":"@agencia_infra","twitter_misc":{"Escrito por":"Ag\u00eancia iNFRA","Est. tempo de leitura":"1 minuto"},"schema":{"@context":"https:\/\/schema.org","@graph":[{"@type":"Article","@id":"https:\/\/agenciainfra.com\/blog\/way-concessoes-vence-leilao-da-rota-sertaneja-com-desagio-de-248\/#article","isPartOf":{"@id":"https:\/\/agenciainfra.com\/blog\/way-concessoes-vence-leilao-da-rota-sertaneja-com-desagio-de-248\/"},"author":{"name":"Ag\u00eancia iNFRA","@id":"https:\/\/agenciainfra.com\/blog\/#\/schema\/person\/34af08dff6adea4cb22b06612ba7acfa"},"headline":"Way Concess\u00f5es vence leil\u00e3o da Rota Sertaneja com des\u00e1gio de 24,8%","datePublished":"2025-11-06T18:08:00+00:00","dateModified":"2025-11-07T16:16:59+00:00","mainEntityOfPage":{"@id":"https:\/\/agenciainfra.com\/blog\/way-concessoes-vence-leilao-da-rota-sertaneja-com-desagio-de-248\/"},"wordCount":181,"publisher":{"@id":"https:\/\/agenciainfra.com\/blog\/#organization"},"image":{"@id":"https:\/\/agenciainfra.com\/blog\/way-concessoes-vence-leilao-da-rota-sertaneja-com-desagio-de-248\/#primaryimage"},"thumbnailUrl":"https:\/\/agenciainfra.com\/blog\/wp-content\/uploads\/2021\/04\/leilao-b3-foto-ricardo-botelho-minfra.jpeg","keywords":["Amanda Pupo","B3","BR-153\/262\/GO\/MG","Construcap","Copasa","leil\u00e3o de rodovias","Rota do Cerrado","Rota Sertaneja","Tarifa B\u00e1sica de Ped\u00e1gio","Vinci Highways","Way Concess\u00f5es"],"articleSection":["Destaque lista","iNFRATransporte"],"inLanguage":"pt-BR","copyrightYear":"2025","copyrightHolder":{"@id":"https:\/\/agenciainfra.com\/blog\/#organization"}},{"@type":"WebPage","@id":"https:\/\/agenciainfra.com\/blog\/way-concessoes-vence-leilao-da-rota-sertaneja-com-desagio-de-248\/","url":"https:\/\/agenciainfra.com\/blog\/way-concessoes-vence-leilao-da-rota-sertaneja-com-desagio-de-248\/","name":"Way Concess\u00f5es vence leil\u00e3o da Rota Sertaneja com des\u00e1gio de 24,8% - Ag\u00eancia iNFRA","isPartOf":{"@id":"https:\/\/agenciainfra.com\/blog\/#website"},"primaryImageOfPage":{"@id":"https:\/\/agenciainfra.com\/blog\/way-concessoes-vence-leilao-da-rota-sertaneja-com-desagio-de-248\/#primaryimage"},"image":{"@id":"https:\/\/agenciainfra.com\/blog\/way-concessoes-vence-leilao-da-rota-sertaneja-com-desagio-de-248\/#primaryimage"},"thumbnailUrl":"https:\/\/agenciainfra.com\/blog\/wp-content\/uploads\/2021\/04\/leilao-b3-foto-ricardo-botelho-minfra.jpeg","datePublished":"2025-11-06T18:08:00+00:00","dateModified":"2025-11-07T16:16:59+00:00","breadcrumb":{"@id":"https:\/\/agenciainfra.com\/blog\/way-concessoes-vence-leilao-da-rota-sertaneja-com-desagio-de-248\/#breadcrumb"},"inLanguage":"pt-BR","potentialAction":[{"@type":"ReadAction","target":["https:\/\/agenciainfra.com\/blog\/way-concessoes-vence-leilao-da-rota-sertaneja-com-desagio-de-248\/"]}]},{"@type":"ImageObject","inLanguage":"pt-BR","@id":"https:\/\/agenciainfra.com\/blog\/way-concessoes-vence-leilao-da-rota-sertaneja-com-desagio-de-248\/#primaryimage","url":"https:\/\/agenciainfra.com\/blog\/wp-content\/uploads\/2021\/04\/leilao-b3-foto-ricardo-botelho-minfra.jpeg","contentUrl":"https:\/\/agenciainfra.com\/blog\/wp-content\/uploads\/2021\/04\/leilao-b3-foto-ricardo-botelho-minfra.jpeg","width":1280,"height":854,"caption":"Foto: Ricardo Botelho\/Minfra"},{"@type":"BreadcrumbList","@id":"https:\/\/agenciainfra.com\/blog\/way-concessoes-vence-leilao-da-rota-sertaneja-com-desagio-de-248\/#breadcrumb","itemListElement":[{"@type":"ListItem","position":1,"name":"In\u00edcio","item":"https:\/\/agenciainfra.com\/blog\/"},{"@type":"ListItem","position":2,"name":"Way Concess\u00f5es vence leil\u00e3o da Rota Sertaneja com des\u00e1gio de 24,8%"}]},{"@type":"WebSite","@id":"https:\/\/agenciainfra.com\/blog\/#website","url":"https:\/\/agenciainfra.com\/blog\/","name":"Ag\u00eancia iNFRA","description":"Multiplataforma de informa\u00e7\u00e3o jornal\u00edstica refer\u00eancia na \u00e1rea de infraestrutura no Brasil!","publisher":{"@id":"https:\/\/agenciainfra.com\/blog\/#organization"},"potentialAction":[{"@type":"SearchAction","target":{"@type":"EntryPoint","urlTemplate":"https:\/\/agenciainfra.com\/blog\/?s={search_term_string}"},"query-input":{"@type":"PropertyValueSpecification","valueRequired":true,"valueName":"search_term_string"}}],"inLanguage":"pt-BR"},{"@type":"Organization","@id":"https:\/\/agenciainfra.com\/blog\/#organization","name":"Ag\u00eancia iNFRA","url":"https:\/\/agenciainfra.com\/blog\/","logo":{"@type":"ImageObject","inLanguage":"pt-BR","@id":"https:\/\/agenciainfra.com\/blog\/#\/schema\/logo\/image\/","url":"https:\/\/agenciainfra.com\/blog\/wp-content\/uploads\/2023\/09\/iNFRA_5-e1761735885940.png","contentUrl":"https:\/\/agenciainfra.com\/blog\/wp-content\/uploads\/2023\/09\/iNFRA_5-e1761735885940.png","width":1672,"height":454,"caption":"Ag\u00eancia iNFRA"},"image":{"@id":"https:\/\/agenciainfra.com\/blog\/#\/schema\/logo\/image\/"},"sameAs":["https:\/\/www.facebook.com\/ageninfra","https:\/\/x.com\/agencia_infra","https:\/\/www.linkedin.com\/company\/ag\u00eanciainfra\/","https:\/\/www.instagram.com\/agenciainfra\/"]},{"@type":"Person","@id":"https:\/\/agenciainfra.com\/blog\/#\/schema\/person\/34af08dff6adea4cb22b06612ba7acfa","name":"Ag\u00eancia iNFRA","image":{"@type":"ImageObject","inLanguage":"pt-BR","@id":"https:\/\/agenciainfra.com\/blog\/#\/schema\/person\/image\/","url":"https:\/\/secure.gravatar.com\/avatar\/d189e01678f06d8eb84d4e01f08eb848b3fffe3f8443818d3c356c66892f5be8?s=96&d=mm&r=g","contentUrl":"https:\/\/secure.gravatar.com\/avatar\/d189e01678f06d8eb84d4e01f08eb848b3fffe3f8443818d3c356c66892f5be8?s=96&d=mm&r=g","caption":"Ag\u00eancia iNFRA"},"url":"https:\/\/agenciainfra.com\/blog\/author\/admin\/"}]}},"_links":{"self":[{"href":"https:\/\/agenciainfra.com\/blog\/wp-json\/wp\/v2\/posts\/31711","targetHints":{"allow":["GET"]}}],"collection":[{"href":"https:\/\/agenciainfra.com\/blog\/wp-json\/wp\/v2\/posts"}],"about":[{"href":"https:\/\/agenciainfra.com\/blog\/wp-json\/wp\/v2\/types\/post"}],"author":[{"embeddable":true,"href":"https:\/\/agenciainfra.com\/blog\/wp-json\/wp\/v2\/users\/1"}],"replies":[{"embeddable":true,"href":"https:\/\/agenciainfra.com\/blog\/wp-json\/wp\/v2\/comments?post=31711"}],"version-history":[{"count":2,"href":"https:\/\/agenciainfra.com\/blog\/wp-json\/wp\/v2\/posts\/31711\/revisions"}],"predecessor-version":[{"id":31790,"href":"https:\/\/agenciainfra.com\/blog\/wp-json\/wp\/v2\/posts\/31711\/revisions\/31790"}],"wp:featuredmedia":[{"embeddable":true,"href":"https:\/\/agenciainfra.com\/blog\/wp-json\/wp\/v2\/media\/7059"}],"wp:attachment":[{"href":"https:\/\/agenciainfra.com\/blog\/wp-json\/wp\/v2\/media?parent=31711"}],"wp:term":[{"taxonomy":"category","embeddable":true,"href":"https:\/\/agenciainfra.com\/blog\/wp-json\/wp\/v2\/categories?post=31711"},{"taxonomy":"post_tag","embeddable":true,"href":"https:\/\/agenciainfra.com\/blog\/wp-json\/wp\/v2\/tags?post=31711"}],"curies":[{"name":"wp","href":"https:\/\/api.w.org\/{rel}","templated":true}]}}