{"id":3172,"date":"2019-05-17T08:00:52","date_gmt":"2019-05-17T11:00:52","guid":{"rendered":"http:\/\/www.agenciainfra.com\/blog\/?p=3172"},"modified":"2019-05-17T09:30:07","modified_gmt":"2019-05-17T12:30:07","slug":"projeto-de-lei-do-risco-hidrologico-volta-a-tramitar-mas-brasduto-e-duvida","status":"publish","type":"post","link":"https:\/\/agenciainfra.com\/blog\/projeto-de-lei-do-risco-hidrologico-volta-a-tramitar-mas-brasduto-e-duvida\/","title":{"rendered":"Projeto de lei do risco hidrol\u00f3gico volta a tramitar, mas Brasduto \u00e9 d\u00favida"},"content":{"rendered":"<h5 style=\"text-align: right;\"><strong>Lucas Santin,\u00a0da Ag\u00eancia iNFRA<\/strong><\/h5>\n<p>O deputado Silas C\u00e2mara (PRB-AM), presidente da CME (Comiss\u00e3o de Minas e Energia), disse que o PL (projeto de lei) 10.985\/2018, que prop\u00f5e solu\u00e7\u00e3o para a d\u00edvida de R$ 7 bilh\u00f5es causada pela falta de \u00e1gua nas usinas hidrel\u00e9tricas, deve ser votado na comiss\u00e3o na semana que vem. A apresenta\u00e7\u00e3o do relat\u00f3rio, prevista para a \u00faltima quarta-feira (15), foi adiada pela segunda vez.<\/p>\n<p>\u201cJ\u00e1 ajustamos hoje um procedimento em que, passada uma sess\u00e3o, na outra ser\u00e1 pautado novamente [ o PL] e n\u00e3o pode ser retirado\u201d, explicou Silas C\u00e2mara. Na sess\u00e3o desta semana, o relat\u00f3rio n\u00e3o foi lido, mas houve apresenta\u00e7\u00e3o do requerimento para retirada de pauta.<\/p>\n<p>O relator do PL, deputado\u00a0\u00a0Benes Leoc\u00e1dio (PRB-RN), explicou o pedido de vista: \u201cA gente est\u00e1 avaliando, pois h\u00e1 uma preocupa\u00e7\u00e3o com rela\u00e7\u00e3o \u00e0 sua tramita\u00e7\u00e3o, o que foi aprovado no Senado e que poder\u00e1 ser alterado. Ouvindo as partes que t\u00eam essa preocupa\u00e7\u00e3o, me comprometi a reavaliar\u201d.<\/p>\n<p><strong>Brasduto: d\u00favida<\/strong><br \/>\nO Brasduto, fundo para a constru\u00e7\u00e3o de gasodutos no Brasil com recursos vindos do pr\u00e9-sal, \u00e9 um dos pontos que causam a preocupa\u00e7\u00e3o com a tramita\u00e7\u00e3o do projeto. O PL aprovado no Senado no fim do ano passado, e enviado \u00e0 C\u00e2mara, previa essa cria\u00e7\u00e3o, mas relat\u00f3rio proposto por Benes Leoc\u00e1dio sugeriu a sua extin\u00e7\u00e3o.<\/p>\n<p><strong>Volta ao Senado<\/strong><br \/>\nCaso o projeto original aprovado pelo Senado seja\u00a0alterado na C\u00e2mara, uma nova aprecia\u00e7\u00e3o pelos senadores passa a ser obrigat\u00f3ria, o que atrasar\u00e1 a tramita\u00e7\u00e3o e aprova\u00e7\u00e3o do PL 10.985.<\/p>\n<p>\u201cDeixamos de nos posicionar favoravelmente \u00e0 aprova\u00e7\u00e3o do fundo denominado Brasduto. Apesar de julgarmos merit\u00f3ria a ideia de promover a interliga\u00e7\u00e3o de todos os estados brasileiros a redes de transporte de g\u00e1s natural, acreditamos que a forma sugerida n\u00e3o nos parece a mais adequada\u201d, diz o relat\u00f3rio apresentado em abril.<\/p>\n<p><strong>Fundos dos estados e munic\u00edpios<\/strong><br \/>\nA proposta original do PL 10.985 determina que 20% da arrecada\u00e7\u00e3o\u00a0pela Petrobras com a venda de petr\u00f3leo e g\u00e1s natural do regime de partilha sejam encaminhados ao fundo. Outros 30% iriam para o FPE (Fundo de Participa\u00e7\u00e3o dos Estados e do Distrito Federal) e para o FPM (Fundo de Participa\u00e7\u00e3o dos Munic\u00edpios).<br \/>\nEntre os \u00f3rg\u00e3os que apoiam a cria\u00e7\u00e3o do fundo, est\u00e1 a Abeg\u00e1s (Associa\u00e7\u00e3o Brasileira das Distribuidoras de G\u00e1s Canalizado). O IPB (Instituto Brasileiro do Petr\u00f3leo) e a Abrace (Associa\u00e7\u00e3o Brasileira dos Grandes Consumidores de Energia e de Consumidores Livres) t\u00eam posicionamento contr\u00e1rio ao pleito.<\/p>\n<p><strong>O PL 10.985 na C\u00e2mara<\/strong><br \/>\nO projeto de lei est\u00e1 parado na C\u00e2mara dos Deputados desde o ano passado. J\u00e1 foi pautado pelo menos quatro vezes, mas os parlamentares nunca chegaram a vot\u00e1-lo por falta de acordo. O risco hidrol\u00f3gico \u00e9 considerado a maior prioridade do setor el\u00e9trico<\/p>\n","protected":false},"excerpt":{"rendered":"<p>Lucas Santin,\u00a0da Ag\u00eancia iNFRA O deputado Silas C\u00e2mara (PRB-AM), presidente da CME (Comiss\u00e3o de Minas e Energia), disse que o PL (projeto de lei) 10.985\/2018, que prop\u00f5e solu\u00e7\u00e3o para a d\u00edvida de R$ 7 bilh\u00f5es causada pela falta de \u00e1gua nas usinas hidrel\u00e9tricas, deve ser votado na comiss\u00e3o na semana que vem. A apresenta\u00e7\u00e3o do [&hellip;]<\/p>\n","protected":false},"author":9,"featured_media":2889,"comment_status":"closed","ping_status":"open","sticky":false,"template":"","format":"standard","meta":{"_monsterinsights_skip_tracking":false,"_monsterinsights_sitenote_active":false,"_monsterinsights_sitenote_note":"","_monsterinsights_sitenote_category":0,"footnotes":""},"categories":[10],"tags":[995,690,193,994],"class_list":["post-3172","post","type-post","status-publish","format-standard","has-post-thumbnail","hentry","category-infraenergia","tag-benes-leocadio","tag-brasduto","tag-risco-hidrologico","tag-silas-camara"],"yoast_head":"<!-- This site is optimized with the Yoast SEO Premium plugin v25.4 (Yoast SEO v26.0) - https:\/\/yoast.com\/wordpress\/plugins\/seo\/ -->\n<title>Projeto de lei do risco hidrol\u00f3gico volta a tramitar, mas Brasduto \u00e9 d\u00favida - Ag\u00eancia iNFRA<\/title>\n<meta name=\"robots\" content=\"index, follow, max-snippet:-1, max-image-preview:large, max-video-preview:-1\" \/>\n<link rel=\"canonical\" href=\"https:\/\/agenciainfra.com\/blog\/projeto-de-lei-do-risco-hidrologico-volta-a-tramitar-mas-brasduto-e-duvida\/\" \/>\n<meta property=\"og:locale\" content=\"pt_BR\" \/>\n<meta property=\"og:type\" content=\"article\" \/>\n<meta property=\"og:title\" content=\"Projeto de lei do risco hidrol\u00f3gico volta a tramitar, mas Brasduto \u00e9 d\u00favida\" \/>\n<meta property=\"og:description\" content=\"Lucas Santin,\u00a0da Ag\u00eancia iNFRA O deputado Silas C\u00e2mara (PRB-AM), presidente da CME (Comiss\u00e3o de Minas e Energia), disse que o PL (projeto de lei) 10.985\/2018, que prop\u00f5e solu\u00e7\u00e3o para a d\u00edvida de R$ 7 bilh\u00f5es causada pela falta de \u00e1gua nas usinas hidrel\u00e9tricas, deve ser votado na comiss\u00e3o na semana que vem. A apresenta\u00e7\u00e3o do [&hellip;]\" \/>\n<meta property=\"og:url\" content=\"https:\/\/agenciainfra.com\/blog\/projeto-de-lei-do-risco-hidrologico-volta-a-tramitar-mas-brasduto-e-duvida\/\" \/>\n<meta property=\"og:site_name\" content=\"Ag\u00eancia iNFRA\" \/>\n<meta property=\"article:publisher\" content=\"https:\/\/www.facebook.com\/ageninfra\" \/>\n<meta property=\"article:published_time\" content=\"2019-05-17T11:00:52+00:00\" \/>\n<meta property=\"article:modified_time\" content=\"2019-05-17T12:30:07+00:00\" \/>\n<meta property=\"og:image\" content=\"https:\/\/agenciainfra.com\/blog\/wp-content\/uploads\/2019\/02\/Leonardo-Sa-Agencia-Senado.jpg\" \/>\n\t<meta property=\"og:image:width\" content=\"2048\" \/>\n\t<meta property=\"og:image:height\" content=\"1365\" \/>\n\t<meta property=\"og:image:type\" content=\"image\/jpeg\" \/>\n<meta name=\"author\" content=\"Rodrigo Zuquim\" \/>\n<meta name=\"twitter:card\" content=\"summary_large_image\" \/>\n<meta name=\"twitter:creator\" content=\"@agencia_infra\" \/>\n<meta name=\"twitter:site\" content=\"@agencia_infra\" \/>\n<meta name=\"twitter:label1\" content=\"Escrito por\" \/>\n\t<meta name=\"twitter:data1\" content=\"Rodrigo Zuquim\" \/>\n\t<meta name=\"twitter:label2\" content=\"Est. tempo de leitura\" \/>\n\t<meta name=\"twitter:data2\" content=\"3 minutos\" \/>\n<script type=\"application\/ld+json\" class=\"yoast-schema-graph\">{\"@context\":\"https:\/\/schema.org\",\"@graph\":[{\"@type\":\"Article\",\"@id\":\"https:\/\/agenciainfra.com\/blog\/projeto-de-lei-do-risco-hidrologico-volta-a-tramitar-mas-brasduto-e-duvida\/#article\",\"isPartOf\":{\"@id\":\"https:\/\/agenciainfra.com\/blog\/projeto-de-lei-do-risco-hidrologico-volta-a-tramitar-mas-brasduto-e-duvida\/\"},\"author\":{\"name\":\"Rodrigo Zuquim\",\"@id\":\"https:\/\/agenciainfra.com\/blog\/#\/schema\/person\/04dbb79bd6d8951f063da71f3e4c1eb1\"},\"headline\":\"Projeto de lei do risco hidrol\u00f3gico volta a tramitar, mas Brasduto \u00e9 d\u00favida\",\"datePublished\":\"2019-05-17T11:00:52+00:00\",\"dateModified\":\"2019-05-17T12:30:07+00:00\",\"mainEntityOfPage\":{\"@id\":\"https:\/\/agenciainfra.com\/blog\/projeto-de-lei-do-risco-hidrologico-volta-a-tramitar-mas-brasduto-e-duvida\/\"},\"wordCount\":516,\"publisher\":{\"@id\":\"https:\/\/agenciainfra.com\/blog\/#organization\"},\"image\":{\"@id\":\"https:\/\/agenciainfra.com\/blog\/projeto-de-lei-do-risco-hidrologico-volta-a-tramitar-mas-brasduto-e-duvida\/#primaryimage\"},\"thumbnailUrl\":\"https:\/\/agenciainfra.com\/blog\/wp-content\/uploads\/2019\/02\/Leonardo-Sa-Agencia-Senado.jpg\",\"keywords\":[\"Benes Leoc\u00e1dio\",\"Brasduto\",\"risco hidrol\u00f3gico\",\"Silas C\u00e2mara\"],\"articleSection\":[\"iNFRAEnergia\"],\"inLanguage\":\"pt-BR\",\"copyrightYear\":\"2019\",\"copyrightHolder\":{\"@id\":\"https:\/\/agenciainfra.com\/blog\/#organization\"}},{\"@type\":\"WebPage\",\"@id\":\"https:\/\/agenciainfra.com\/blog\/projeto-de-lei-do-risco-hidrologico-volta-a-tramitar-mas-brasduto-e-duvida\/\",\"url\":\"https:\/\/agenciainfra.com\/blog\/projeto-de-lei-do-risco-hidrologico-volta-a-tramitar-mas-brasduto-e-duvida\/\",\"name\":\"Projeto de lei do risco hidrol\u00f3gico volta a tramitar, mas Brasduto \u00e9 d\u00favida - Ag\u00eancia iNFRA\",\"isPartOf\":{\"@id\":\"https:\/\/agenciainfra.com\/blog\/#website\"},\"primaryImageOfPage\":{\"@id\":\"https:\/\/agenciainfra.com\/blog\/projeto-de-lei-do-risco-hidrologico-volta-a-tramitar-mas-brasduto-e-duvida\/#primaryimage\"},\"image\":{\"@id\":\"https:\/\/agenciainfra.com\/blog\/projeto-de-lei-do-risco-hidrologico-volta-a-tramitar-mas-brasduto-e-duvida\/#primaryimage\"},\"thumbnailUrl\":\"https:\/\/agenciainfra.com\/blog\/wp-content\/uploads\/2019\/02\/Leonardo-Sa-Agencia-Senado.jpg\",\"datePublished\":\"2019-05-17T11:00:52+00:00\",\"dateModified\":\"2019-05-17T12:30:07+00:00\",\"breadcrumb\":{\"@id\":\"https:\/\/agenciainfra.com\/blog\/projeto-de-lei-do-risco-hidrologico-volta-a-tramitar-mas-brasduto-e-duvida\/#breadcrumb\"},\"inLanguage\":\"pt-BR\",\"potentialAction\":[{\"@type\":\"ReadAction\",\"target\":[\"https:\/\/agenciainfra.com\/blog\/projeto-de-lei-do-risco-hidrologico-volta-a-tramitar-mas-brasduto-e-duvida\/\"]}]},{\"@type\":\"ImageObject\",\"inLanguage\":\"pt-BR\",\"@id\":\"https:\/\/agenciainfra.com\/blog\/projeto-de-lei-do-risco-hidrologico-volta-a-tramitar-mas-brasduto-e-duvida\/#primaryimage\",\"url\":\"https:\/\/agenciainfra.com\/blog\/wp-content\/uploads\/2019\/02\/Leonardo-Sa-Agencia-Senado.jpg\",\"contentUrl\":\"https:\/\/agenciainfra.com\/blog\/wp-content\/uploads\/2019\/02\/Leonardo-Sa-Agencia-Senado.jpg\",\"width\":2048,\"height\":1365},{\"@type\":\"BreadcrumbList\",\"@id\":\"https:\/\/agenciainfra.com\/blog\/projeto-de-lei-do-risco-hidrologico-volta-a-tramitar-mas-brasduto-e-duvida\/#breadcrumb\",\"itemListElement\":[{\"@type\":\"ListItem\",\"position\":1,\"name\":\"In\u00edcio\",\"item\":\"https:\/\/agenciainfra.com\/blog\/\"},{\"@type\":\"ListItem\",\"position\":2,\"name\":\"Projeto de lei do risco hidrol\u00f3gico volta a tramitar, mas Brasduto \u00e9 d\u00favida\"}]},{\"@type\":\"WebSite\",\"@id\":\"https:\/\/agenciainfra.com\/blog\/#website\",\"url\":\"https:\/\/agenciainfra.com\/blog\/\",\"name\":\"Ag\u00eancia iNFRA\",\"description\":\"Multiplataforma de informa\u00e7\u00e3o jornal\u00edstica refer\u00eancia na \u00e1rea de infraestrutura no Brasil!\",\"publisher\":{\"@id\":\"https:\/\/agenciainfra.com\/blog\/#organization\"},\"potentialAction\":[{\"@type\":\"SearchAction\",\"target\":{\"@type\":\"EntryPoint\",\"urlTemplate\":\"https:\/\/agenciainfra.com\/blog\/?s={search_term_string}\"},\"query-input\":{\"@type\":\"PropertyValueSpecification\",\"valueRequired\":true,\"valueName\":\"search_term_string\"}}],\"inLanguage\":\"pt-BR\"},{\"@type\":\"Organization\",\"@id\":\"https:\/\/agenciainfra.com\/blog\/#organization\",\"name\":\"Ag\u00eancia iNFRA\",\"url\":\"https:\/\/agenciainfra.com\/blog\/\",\"logo\":{\"@type\":\"ImageObject\",\"inLanguage\":\"pt-BR\",\"@id\":\"https:\/\/agenciainfra.com\/blog\/#\/schema\/logo\/image\/\",\"url\":\"https:\/\/agenciainfra.com\/blog\/wp-content\/uploads\/2023\/09\/iNFRA_5-e1761735885940.png\",\"contentUrl\":\"https:\/\/agenciainfra.com\/blog\/wp-content\/uploads\/2023\/09\/iNFRA_5-e1761735885940.png\",\"width\":1672,\"height\":454,\"caption\":\"Ag\u00eancia iNFRA\"},\"image\":{\"@id\":\"https:\/\/agenciainfra.com\/blog\/#\/schema\/logo\/image\/\"},\"sameAs\":[\"https:\/\/www.facebook.com\/ageninfra\",\"https:\/\/x.com\/agencia_infra\",\"https:\/\/www.linkedin.com\/company\/ag\u00eanciainfra\/\",\"https:\/\/www.instagram.com\/agenciainfra\/\"]},{\"@type\":\"Person\",\"@id\":\"https:\/\/agenciainfra.com\/blog\/#\/schema\/person\/04dbb79bd6d8951f063da71f3e4c1eb1\",\"name\":\"Rodrigo Zuquim\",\"image\":{\"@type\":\"ImageObject\",\"inLanguage\":\"pt-BR\",\"@id\":\"https:\/\/agenciainfra.com\/blog\/#\/schema\/person\/image\/\",\"url\":\"https:\/\/secure.gravatar.com\/avatar\/594abfe82761d620726242ff34ca472a705a4b97f16c790053a6b4c4035274d0?s=96&d=mm&r=g\",\"contentUrl\":\"https:\/\/secure.gravatar.com\/avatar\/594abfe82761d620726242ff34ca472a705a4b97f16c790053a6b4c4035274d0?s=96&d=mm&r=g\",\"caption\":\"Rodrigo Zuquim\"},\"url\":\"https:\/\/agenciainfra.com\/blog\/author\/rodrigo-zuquim\/\"}]}<\/script>\n<!-- \/ Yoast SEO Premium plugin. -->","yoast_head_json":{"title":"Projeto de lei do risco hidrol\u00f3gico volta a tramitar, mas Brasduto \u00e9 d\u00favida - Ag\u00eancia iNFRA","robots":{"index":"index","follow":"follow","max-snippet":"max-snippet:-1","max-image-preview":"max-image-preview:large","max-video-preview":"max-video-preview:-1"},"canonical":"https:\/\/agenciainfra.com\/blog\/projeto-de-lei-do-risco-hidrologico-volta-a-tramitar-mas-brasduto-e-duvida\/","og_locale":"pt_BR","og_type":"article","og_title":"Projeto de lei do risco hidrol\u00f3gico volta a tramitar, mas Brasduto \u00e9 d\u00favida","og_description":"Lucas Santin,\u00a0da Ag\u00eancia iNFRA O deputado Silas C\u00e2mara (PRB-AM), presidente da CME (Comiss\u00e3o de Minas e Energia), disse que o PL (projeto de lei) 10.985\/2018, que prop\u00f5e solu\u00e7\u00e3o para a d\u00edvida de R$ 7 bilh\u00f5es causada pela falta de \u00e1gua nas usinas hidrel\u00e9tricas, deve ser votado na comiss\u00e3o na semana que vem. A apresenta\u00e7\u00e3o do [&hellip;]","og_url":"https:\/\/agenciainfra.com\/blog\/projeto-de-lei-do-risco-hidrologico-volta-a-tramitar-mas-brasduto-e-duvida\/","og_site_name":"Ag\u00eancia iNFRA","article_publisher":"https:\/\/www.facebook.com\/ageninfra","article_published_time":"2019-05-17T11:00:52+00:00","article_modified_time":"2019-05-17T12:30:07+00:00","og_image":[{"width":2048,"height":1365,"url":"https:\/\/agenciainfra.com\/blog\/wp-content\/uploads\/2019\/02\/Leonardo-Sa-Agencia-Senado.jpg","type":"image\/jpeg"}],"author":"Rodrigo Zuquim","twitter_card":"summary_large_image","twitter_creator":"@agencia_infra","twitter_site":"@agencia_infra","twitter_misc":{"Escrito por":"Rodrigo Zuquim","Est. tempo de leitura":"3 minutos"},"schema":{"@context":"https:\/\/schema.org","@graph":[{"@type":"Article","@id":"https:\/\/agenciainfra.com\/blog\/projeto-de-lei-do-risco-hidrologico-volta-a-tramitar-mas-brasduto-e-duvida\/#article","isPartOf":{"@id":"https:\/\/agenciainfra.com\/blog\/projeto-de-lei-do-risco-hidrologico-volta-a-tramitar-mas-brasduto-e-duvida\/"},"author":{"name":"Rodrigo Zuquim","@id":"https:\/\/agenciainfra.com\/blog\/#\/schema\/person\/04dbb79bd6d8951f063da71f3e4c1eb1"},"headline":"Projeto de lei do risco hidrol\u00f3gico volta a tramitar, mas Brasduto \u00e9 d\u00favida","datePublished":"2019-05-17T11:00:52+00:00","dateModified":"2019-05-17T12:30:07+00:00","mainEntityOfPage":{"@id":"https:\/\/agenciainfra.com\/blog\/projeto-de-lei-do-risco-hidrologico-volta-a-tramitar-mas-brasduto-e-duvida\/"},"wordCount":516,"publisher":{"@id":"https:\/\/agenciainfra.com\/blog\/#organization"},"image":{"@id":"https:\/\/agenciainfra.com\/blog\/projeto-de-lei-do-risco-hidrologico-volta-a-tramitar-mas-brasduto-e-duvida\/#primaryimage"},"thumbnailUrl":"https:\/\/agenciainfra.com\/blog\/wp-content\/uploads\/2019\/02\/Leonardo-Sa-Agencia-Senado.jpg","keywords":["Benes Leoc\u00e1dio","Brasduto","risco hidrol\u00f3gico","Silas C\u00e2mara"],"articleSection":["iNFRAEnergia"],"inLanguage":"pt-BR","copyrightYear":"2019","copyrightHolder":{"@id":"https:\/\/agenciainfra.com\/blog\/#organization"}},{"@type":"WebPage","@id":"https:\/\/agenciainfra.com\/blog\/projeto-de-lei-do-risco-hidrologico-volta-a-tramitar-mas-brasduto-e-duvida\/","url":"https:\/\/agenciainfra.com\/blog\/projeto-de-lei-do-risco-hidrologico-volta-a-tramitar-mas-brasduto-e-duvida\/","name":"Projeto de lei do risco hidrol\u00f3gico volta a tramitar, mas Brasduto \u00e9 d\u00favida - Ag\u00eancia iNFRA","isPartOf":{"@id":"https:\/\/agenciainfra.com\/blog\/#website"},"primaryImageOfPage":{"@id":"https:\/\/agenciainfra.com\/blog\/projeto-de-lei-do-risco-hidrologico-volta-a-tramitar-mas-brasduto-e-duvida\/#primaryimage"},"image":{"@id":"https:\/\/agenciainfra.com\/blog\/projeto-de-lei-do-risco-hidrologico-volta-a-tramitar-mas-brasduto-e-duvida\/#primaryimage"},"thumbnailUrl":"https:\/\/agenciainfra.com\/blog\/wp-content\/uploads\/2019\/02\/Leonardo-Sa-Agencia-Senado.jpg","datePublished":"2019-05-17T11:00:52+00:00","dateModified":"2019-05-17T12:30:07+00:00","breadcrumb":{"@id":"https:\/\/agenciainfra.com\/blog\/projeto-de-lei-do-risco-hidrologico-volta-a-tramitar-mas-brasduto-e-duvida\/#breadcrumb"},"inLanguage":"pt-BR","potentialAction":[{"@type":"ReadAction","target":["https:\/\/agenciainfra.com\/blog\/projeto-de-lei-do-risco-hidrologico-volta-a-tramitar-mas-brasduto-e-duvida\/"]}]},{"@type":"ImageObject","inLanguage":"pt-BR","@id":"https:\/\/agenciainfra.com\/blog\/projeto-de-lei-do-risco-hidrologico-volta-a-tramitar-mas-brasduto-e-duvida\/#primaryimage","url":"https:\/\/agenciainfra.com\/blog\/wp-content\/uploads\/2019\/02\/Leonardo-Sa-Agencia-Senado.jpg","contentUrl":"https:\/\/agenciainfra.com\/blog\/wp-content\/uploads\/2019\/02\/Leonardo-Sa-Agencia-Senado.jpg","width":2048,"height":1365},{"@type":"BreadcrumbList","@id":"https:\/\/agenciainfra.com\/blog\/projeto-de-lei-do-risco-hidrologico-volta-a-tramitar-mas-brasduto-e-duvida\/#breadcrumb","itemListElement":[{"@type":"ListItem","position":1,"name":"In\u00edcio","item":"https:\/\/agenciainfra.com\/blog\/"},{"@type":"ListItem","position":2,"name":"Projeto de lei do risco hidrol\u00f3gico volta a tramitar, mas Brasduto \u00e9 d\u00favida"}]},{"@type":"WebSite","@id":"https:\/\/agenciainfra.com\/blog\/#website","url":"https:\/\/agenciainfra.com\/blog\/","name":"Ag\u00eancia iNFRA","description":"Multiplataforma de informa\u00e7\u00e3o jornal\u00edstica refer\u00eancia na \u00e1rea de infraestrutura no Brasil!","publisher":{"@id":"https:\/\/agenciainfra.com\/blog\/#organization"},"potentialAction":[{"@type":"SearchAction","target":{"@type":"EntryPoint","urlTemplate":"https:\/\/agenciainfra.com\/blog\/?s={search_term_string}"},"query-input":{"@type":"PropertyValueSpecification","valueRequired":true,"valueName":"search_term_string"}}],"inLanguage":"pt-BR"},{"@type":"Organization","@id":"https:\/\/agenciainfra.com\/blog\/#organization","name":"Ag\u00eancia iNFRA","url":"https:\/\/agenciainfra.com\/blog\/","logo":{"@type":"ImageObject","inLanguage":"pt-BR","@id":"https:\/\/agenciainfra.com\/blog\/#\/schema\/logo\/image\/","url":"https:\/\/agenciainfra.com\/blog\/wp-content\/uploads\/2023\/09\/iNFRA_5-e1761735885940.png","contentUrl":"https:\/\/agenciainfra.com\/blog\/wp-content\/uploads\/2023\/09\/iNFRA_5-e1761735885940.png","width":1672,"height":454,"caption":"Ag\u00eancia iNFRA"},"image":{"@id":"https:\/\/agenciainfra.com\/blog\/#\/schema\/logo\/image\/"},"sameAs":["https:\/\/www.facebook.com\/ageninfra","https:\/\/x.com\/agencia_infra","https:\/\/www.linkedin.com\/company\/ag\u00eanciainfra\/","https:\/\/www.instagram.com\/agenciainfra\/"]},{"@type":"Person","@id":"https:\/\/agenciainfra.com\/blog\/#\/schema\/person\/04dbb79bd6d8951f063da71f3e4c1eb1","name":"Rodrigo Zuquim","image":{"@type":"ImageObject","inLanguage":"pt-BR","@id":"https:\/\/agenciainfra.com\/blog\/#\/schema\/person\/image\/","url":"https:\/\/secure.gravatar.com\/avatar\/594abfe82761d620726242ff34ca472a705a4b97f16c790053a6b4c4035274d0?s=96&d=mm&r=g","contentUrl":"https:\/\/secure.gravatar.com\/avatar\/594abfe82761d620726242ff34ca472a705a4b97f16c790053a6b4c4035274d0?s=96&d=mm&r=g","caption":"Rodrigo Zuquim"},"url":"https:\/\/agenciainfra.com\/blog\/author\/rodrigo-zuquim\/"}]}},"_links":{"self":[{"href":"https:\/\/agenciainfra.com\/blog\/wp-json\/wp\/v2\/posts\/3172","targetHints":{"allow":["GET"]}}],"collection":[{"href":"https:\/\/agenciainfra.com\/blog\/wp-json\/wp\/v2\/posts"}],"about":[{"href":"https:\/\/agenciainfra.com\/blog\/wp-json\/wp\/v2\/types\/post"}],"author":[{"embeddable":true,"href":"https:\/\/agenciainfra.com\/blog\/wp-json\/wp\/v2\/users\/9"}],"replies":[{"embeddable":true,"href":"https:\/\/agenciainfra.com\/blog\/wp-json\/wp\/v2\/comments?post=3172"}],"version-history":[{"count":0,"href":"https:\/\/agenciainfra.com\/blog\/wp-json\/wp\/v2\/posts\/3172\/revisions"}],"wp:featuredmedia":[{"embeddable":true,"href":"https:\/\/agenciainfra.com\/blog\/wp-json\/wp\/v2\/media\/2889"}],"wp:attachment":[{"href":"https:\/\/agenciainfra.com\/blog\/wp-json\/wp\/v2\/media?parent=3172"}],"wp:term":[{"taxonomy":"category","embeddable":true,"href":"https:\/\/agenciainfra.com\/blog\/wp-json\/wp\/v2\/categories?post=3172"},{"taxonomy":"post_tag","embeddable":true,"href":"https:\/\/agenciainfra.com\/blog\/wp-json\/wp\/v2\/tags?post=3172"}],"curies":[{"name":"wp","href":"https:\/\/api.w.org\/{rel}","templated":true}]}}