{"id":31738,"date":"2025-11-06T17:57:16","date_gmt":"2025-11-06T20:57:16","guid":{"rendered":"https:\/\/agenciainfra.com\/blog\/?p=31738"},"modified":"2025-11-07T16:03:56","modified_gmt":"2025-11-07T19:03:56","slug":"frente-dos-consumidores-rebate-argumento-sobre-mp-nao-aumentar-conta-de-luz","status":"publish","type":"post","link":"https:\/\/agenciainfra.com\/blog\/frente-dos-consumidores-rebate-argumento-sobre-mp-nao-aumentar-conta-de-luz\/","title":{"rendered":"Frente dos consumidores rebate argumento sobre MP n\u00e3o aumentar conta de luz"},"content":{"rendered":"\n<p class=\"has-text-align-right\"><strong>Marisa Wanzeller, da Ag\u00eancia iNFRA<\/strong><\/p>\n\n\n\n<p>O presidente da FNCE (Frente Nacional dos Consumidores de Energia), Luiz Barata, avalia como \u201cum sofismo\u201d afirma\u00e7\u00f5es que alegam que o tratamento dado ao ressarcimento do \u201ccurtailment\u201d, os cortes obrigat\u00f3rios de gera\u00e7\u00e3o, pelo texto aprovado da <a href=\"https:\/\/www.congressonacional.leg.br\/materias\/medidas-provisorias\/-\/mpv\/169547\">MP (Medida Provis\u00f3ria) 1.304 <\/a>\u201cn\u00e3o vai aumentar a conta de luz\u201d. \u201cSe a conta vai cair menos, ela vai aumentar sim&#8221;, disse \u00e0 <strong>Ag\u00eancia iNFRA<\/strong>.\u00a0<\/p>\n\n\n\n<p>Ele se refere a uma an\u00e1lise apresentada pela Volt Robotics nesta quinta-feira (6), que aponta que o consumidor tem um colch\u00e3o de R$ 3,8 bilh\u00f5es devidos pelos geradores por contratos de energia de reserva n\u00e3o cumpridos por conta dos cortes. No entendimento da consultoria, com a MP, os agentes ser\u00e3o ressarcidos em R$ 2,8 bilh\u00f5es, mantendo assim cerca de R$ 1 bilh\u00e3o a ser usado na redu\u00e7\u00e3o das tarifas. Logo, \u201co consumidor teria uma redu\u00e7\u00e3o tarif\u00e1ria menor\u201d, n\u00e3o um aumento de tarifa.<\/p>\n\n\n\n<p>Barata discorda do entendimento e aponta que \u201co saldo da conta de reserva \u00e9 dos consumidores\u201d. \u201cSe voc\u00ea vai usar parte desse saldo, voc\u00ea est\u00e1 usando o dinheiro dos consumidores&#8221;, afirmou.<\/p>\n\n\n\n<p><strong>Vetos ao texto<\/strong><br>O ex-diretor-geral do ONS (Operador Nacional do Sistema El\u00e9trico) diz que sua vis\u00e3o geral sobre o texto aprovado n\u00e3o \u00e9 positiva. \u201cApesar de todo o discurso de que o movimento \u00e9 no sentido de reduzir o custo da energia, a avalia\u00e7\u00e3o \u00e9 que o texto est\u00e1 indo na dire\u00e7\u00e3o contr\u00e1ria&#8221;, diz. Como exemplo, Barata cita a extens\u00e3o dos contratos para termel\u00e9tricas a carv\u00e3o, al\u00e9m do pr\u00f3prio reembolso aos geradores pelo curtailment.<\/p>\n\n\n\n<p>A frente defende que o dispositivo inserido na MP pelo plen\u00e1rio da C\u00e2mara dos Deputados para os cortes de gera\u00e7\u00e3o seja vetado pelo presidente Lula, especialmente por tratar de ressarcimento de \u201cquest\u00f5es futuras\u201d. O trecho acrescentado ainda prev\u00ea que os valores sejam pagos via ESS (Encargos de Servi\u00e7os do Sistema), que s\u00e3o compartilhados entre consumidores dos mercados regulado e livre.\u00a0<\/p>\n\n\n\n<p>A Abrace (Associa\u00e7\u00e3o dos Grandes Consumidores Industriais de Energia e de Consumidores Livres) compartilha o entendimento e j\u00e1 enviou <a href=\"https:\/\/agenciainfra.com\/blog\/wp-content\/uploads\/2025\/11\/Release_ABRACE_Energia_pede_veto_06OUT25-VF.pdf\">pedido<\/a> \u00e0 Presid\u00eancia da Rep\u00fablica e a minist\u00e9rios do governo pelo veto do dispositivo. Segundo a associa\u00e7\u00e3o, a medida ir\u00e1 transferir \u201cquase todos os custos\u201d pelos cortes de gera\u00e7\u00e3o aos consumidores de energia. O c\u00e1lculo da entidade \u00e9 que at\u00e9 o fim de 2025 o montante total pode chegar a R$ 7 bilh\u00f5es.&nbsp;<\/p>\n","protected":false},"excerpt":{"rendered":"<p>Marisa Wanzeller, da Ag\u00eancia iNFRA O presidente da FNCE (Frente Nacional dos Consumidores de Energia), Luiz Barata, avalia como \u201cum sofismo\u201d afirma\u00e7\u00f5es que alegam que o tratamento dado ao ressarcimento do \u201ccurtailment\u201d, os cortes obrigat\u00f3rios de gera\u00e7\u00e3o, pelo texto aprovado da MP (Medida Provis\u00f3ria) 1.304 \u201cn\u00e3o vai aumentar a conta de luz\u201d. \u201cSe a conta [&hellip;]<\/p>\n","protected":false},"author":1,"featured_media":6043,"comment_status":"closed","ping_status":"closed","sticky":false,"template":"","format":"standard","meta":{"_monsterinsights_skip_tracking":false,"_monsterinsights_sitenote_active":false,"_monsterinsights_sitenote_note":"","_monsterinsights_sitenote_category":0,"footnotes":""},"categories":[7250,10],"tags":[41,11474,1025,7366,14378,5435],"class_list":["post-31738","post","type-post","status-publish","format-standard","has-post-thumbnail","hentry","category-destaque-lista","category-infraenergia","tag-abrace","tag-curtailment","tag-luiz-barata","tag-marisa-wanzeller","tag-mp-1-304","tag-volt-robotics"],"yoast_head":"<!-- This site is optimized with the Yoast SEO Premium plugin v25.4 (Yoast SEO v26.0) - https:\/\/yoast.com\/wordpress\/plugins\/seo\/ -->\n<title>Frente dos consumidores rebate argumento sobre MP n\u00e3o aumentar conta de luz - Ag\u00eancia iNFRA<\/title>\n<meta name=\"robots\" content=\"index, follow, max-snippet:-1, max-image-preview:large, max-video-preview:-1\" \/>\n<link rel=\"canonical\" href=\"https:\/\/agenciainfra.com\/blog\/frente-dos-consumidores-rebate-argumento-sobre-mp-nao-aumentar-conta-de-luz\/\" \/>\n<meta property=\"og:locale\" content=\"pt_BR\" \/>\n<meta property=\"og:type\" content=\"article\" \/>\n<meta property=\"og:title\" content=\"Frente dos consumidores rebate argumento sobre MP n\u00e3o aumentar conta de luz\" \/>\n<meta property=\"og:description\" content=\"Marisa Wanzeller, da Ag\u00eancia iNFRA O presidente da FNCE (Frente Nacional dos Consumidores de Energia), Luiz Barata, avalia como \u201cum sofismo\u201d afirma\u00e7\u00f5es que alegam que o tratamento dado ao ressarcimento do \u201ccurtailment\u201d, os cortes obrigat\u00f3rios de gera\u00e7\u00e3o, pelo texto aprovado da MP (Medida Provis\u00f3ria) 1.304 \u201cn\u00e3o vai aumentar a conta de luz\u201d. \u201cSe a conta [&hellip;]\" \/>\n<meta property=\"og:url\" content=\"https:\/\/agenciainfra.com\/blog\/frente-dos-consumidores-rebate-argumento-sobre-mp-nao-aumentar-conta-de-luz\/\" \/>\n<meta property=\"og:site_name\" content=\"Ag\u00eancia iNFRA\" \/>\n<meta property=\"article:publisher\" content=\"https:\/\/www.facebook.com\/ageninfra\" \/>\n<meta property=\"article:published_time\" content=\"2025-11-06T20:57:16+00:00\" \/>\n<meta property=\"article:modified_time\" content=\"2025-11-07T19:03:56+00:00\" \/>\n<meta property=\"og:image\" content=\"https:\/\/agenciainfra.com\/blog\/wp-content\/uploads\/2020\/10\/luiz-eduardo-barata-foto-marcos-oliveira-agencia-senado.jpg\" \/>\n\t<meta property=\"og:image:width\" content=\"1280\" \/>\n\t<meta property=\"og:image:height\" content=\"853\" \/>\n\t<meta property=\"og:image:type\" content=\"image\/jpeg\" \/>\n<meta name=\"author\" content=\"Ag\u00eancia iNFRA\" \/>\n<meta name=\"twitter:card\" content=\"summary_large_image\" \/>\n<meta name=\"twitter:creator\" content=\"@agencia_infra\" \/>\n<meta name=\"twitter:site\" content=\"@agencia_infra\" \/>\n<meta name=\"twitter:label1\" content=\"Escrito por\" \/>\n\t<meta name=\"twitter:data1\" content=\"Ag\u00eancia iNFRA\" \/>\n\t<meta name=\"twitter:label2\" content=\"Est. tempo de leitura\" \/>\n\t<meta name=\"twitter:data2\" content=\"2 minutos\" \/>\n<script type=\"application\/ld+json\" class=\"yoast-schema-graph\">{\"@context\":\"https:\/\/schema.org\",\"@graph\":[{\"@type\":\"Article\",\"@id\":\"https:\/\/agenciainfra.com\/blog\/frente-dos-consumidores-rebate-argumento-sobre-mp-nao-aumentar-conta-de-luz\/#article\",\"isPartOf\":{\"@id\":\"https:\/\/agenciainfra.com\/blog\/frente-dos-consumidores-rebate-argumento-sobre-mp-nao-aumentar-conta-de-luz\/\"},\"author\":{\"name\":\"Ag\u00eancia iNFRA\",\"@id\":\"https:\/\/agenciainfra.com\/blog\/#\/schema\/person\/34af08dff6adea4cb22b06612ba7acfa\"},\"headline\":\"Frente dos consumidores rebate argumento sobre MP n\u00e3o aumentar conta de luz\",\"datePublished\":\"2025-11-06T20:57:16+00:00\",\"dateModified\":\"2025-11-07T19:03:56+00:00\",\"mainEntityOfPage\":{\"@id\":\"https:\/\/agenciainfra.com\/blog\/frente-dos-consumidores-rebate-argumento-sobre-mp-nao-aumentar-conta-de-luz\/\"},\"wordCount\":428,\"publisher\":{\"@id\":\"https:\/\/agenciainfra.com\/blog\/#organization\"},\"image\":{\"@id\":\"https:\/\/agenciainfra.com\/blog\/frente-dos-consumidores-rebate-argumento-sobre-mp-nao-aumentar-conta-de-luz\/#primaryimage\"},\"thumbnailUrl\":\"https:\/\/agenciainfra.com\/blog\/wp-content\/uploads\/2020\/10\/luiz-eduardo-barata-foto-marcos-oliveira-agencia-senado.jpg\",\"keywords\":[\"Abrace\",\"curtailment\",\"Luiz Barata\",\"Marisa Wanzeller\",\"MP 1.304\",\"Volt Robotics\"],\"articleSection\":[\"Destaque lista\",\"iNFRAEnergia\"],\"inLanguage\":\"pt-BR\",\"copyrightYear\":\"2025\",\"copyrightHolder\":{\"@id\":\"https:\/\/agenciainfra.com\/blog\/#organization\"}},{\"@type\":\"WebPage\",\"@id\":\"https:\/\/agenciainfra.com\/blog\/frente-dos-consumidores-rebate-argumento-sobre-mp-nao-aumentar-conta-de-luz\/\",\"url\":\"https:\/\/agenciainfra.com\/blog\/frente-dos-consumidores-rebate-argumento-sobre-mp-nao-aumentar-conta-de-luz\/\",\"name\":\"Frente dos consumidores rebate argumento sobre MP n\u00e3o aumentar conta de luz - Ag\u00eancia iNFRA\",\"isPartOf\":{\"@id\":\"https:\/\/agenciainfra.com\/blog\/#website\"},\"primaryImageOfPage\":{\"@id\":\"https:\/\/agenciainfra.com\/blog\/frente-dos-consumidores-rebate-argumento-sobre-mp-nao-aumentar-conta-de-luz\/#primaryimage\"},\"image\":{\"@id\":\"https:\/\/agenciainfra.com\/blog\/frente-dos-consumidores-rebate-argumento-sobre-mp-nao-aumentar-conta-de-luz\/#primaryimage\"},\"thumbnailUrl\":\"https:\/\/agenciainfra.com\/blog\/wp-content\/uploads\/2020\/10\/luiz-eduardo-barata-foto-marcos-oliveira-agencia-senado.jpg\",\"datePublished\":\"2025-11-06T20:57:16+00:00\",\"dateModified\":\"2025-11-07T19:03:56+00:00\",\"breadcrumb\":{\"@id\":\"https:\/\/agenciainfra.com\/blog\/frente-dos-consumidores-rebate-argumento-sobre-mp-nao-aumentar-conta-de-luz\/#breadcrumb\"},\"inLanguage\":\"pt-BR\",\"potentialAction\":[{\"@type\":\"ReadAction\",\"target\":[\"https:\/\/agenciainfra.com\/blog\/frente-dos-consumidores-rebate-argumento-sobre-mp-nao-aumentar-conta-de-luz\/\"]}]},{\"@type\":\"ImageObject\",\"inLanguage\":\"pt-BR\",\"@id\":\"https:\/\/agenciainfra.com\/blog\/frente-dos-consumidores-rebate-argumento-sobre-mp-nao-aumentar-conta-de-luz\/#primaryimage\",\"url\":\"https:\/\/agenciainfra.com\/blog\/wp-content\/uploads\/2020\/10\/luiz-eduardo-barata-foto-marcos-oliveira-agencia-senado.jpg\",\"contentUrl\":\"https:\/\/agenciainfra.com\/blog\/wp-content\/uploads\/2020\/10\/luiz-eduardo-barata-foto-marcos-oliveira-agencia-senado.jpg\",\"width\":1280,\"height\":853},{\"@type\":\"BreadcrumbList\",\"@id\":\"https:\/\/agenciainfra.com\/blog\/frente-dos-consumidores-rebate-argumento-sobre-mp-nao-aumentar-conta-de-luz\/#breadcrumb\",\"itemListElement\":[{\"@type\":\"ListItem\",\"position\":1,\"name\":\"In\u00edcio\",\"item\":\"https:\/\/agenciainfra.com\/blog\/\"},{\"@type\":\"ListItem\",\"position\":2,\"name\":\"Frente dos consumidores rebate argumento sobre MP n\u00e3o aumentar conta de luz\"}]},{\"@type\":\"WebSite\",\"@id\":\"https:\/\/agenciainfra.com\/blog\/#website\",\"url\":\"https:\/\/agenciainfra.com\/blog\/\",\"name\":\"Ag\u00eancia iNFRA\",\"description\":\"Multiplataforma de informa\u00e7\u00e3o jornal\u00edstica refer\u00eancia na \u00e1rea de infraestrutura no Brasil!\",\"publisher\":{\"@id\":\"https:\/\/agenciainfra.com\/blog\/#organization\"},\"potentialAction\":[{\"@type\":\"SearchAction\",\"target\":{\"@type\":\"EntryPoint\",\"urlTemplate\":\"https:\/\/agenciainfra.com\/blog\/?s={search_term_string}\"},\"query-input\":{\"@type\":\"PropertyValueSpecification\",\"valueRequired\":true,\"valueName\":\"search_term_string\"}}],\"inLanguage\":\"pt-BR\"},{\"@type\":\"Organization\",\"@id\":\"https:\/\/agenciainfra.com\/blog\/#organization\",\"name\":\"Ag\u00eancia iNFRA\",\"url\":\"https:\/\/agenciainfra.com\/blog\/\",\"logo\":{\"@type\":\"ImageObject\",\"inLanguage\":\"pt-BR\",\"@id\":\"https:\/\/agenciainfra.com\/blog\/#\/schema\/logo\/image\/\",\"url\":\"https:\/\/agenciainfra.com\/blog\/wp-content\/uploads\/2023\/09\/iNFRA_5-e1761735885940.png\",\"contentUrl\":\"https:\/\/agenciainfra.com\/blog\/wp-content\/uploads\/2023\/09\/iNFRA_5-e1761735885940.png\",\"width\":1672,\"height\":454,\"caption\":\"Ag\u00eancia iNFRA\"},\"image\":{\"@id\":\"https:\/\/agenciainfra.com\/blog\/#\/schema\/logo\/image\/\"},\"sameAs\":[\"https:\/\/www.facebook.com\/ageninfra\",\"https:\/\/x.com\/agencia_infra\",\"https:\/\/www.linkedin.com\/company\/ag\u00eanciainfra\/\",\"https:\/\/www.instagram.com\/agenciainfra\/\"]},{\"@type\":\"Person\",\"@id\":\"https:\/\/agenciainfra.com\/blog\/#\/schema\/person\/34af08dff6adea4cb22b06612ba7acfa\",\"name\":\"Ag\u00eancia iNFRA\",\"image\":{\"@type\":\"ImageObject\",\"inLanguage\":\"pt-BR\",\"@id\":\"https:\/\/agenciainfra.com\/blog\/#\/schema\/person\/image\/\",\"url\":\"https:\/\/secure.gravatar.com\/avatar\/d189e01678f06d8eb84d4e01f08eb848b3fffe3f8443818d3c356c66892f5be8?s=96&d=mm&r=g\",\"contentUrl\":\"https:\/\/secure.gravatar.com\/avatar\/d189e01678f06d8eb84d4e01f08eb848b3fffe3f8443818d3c356c66892f5be8?s=96&d=mm&r=g\",\"caption\":\"Ag\u00eancia iNFRA\"},\"url\":\"https:\/\/agenciainfra.com\/blog\/author\/admin\/\"}]}<\/script>\n<!-- \/ Yoast SEO Premium plugin. -->","yoast_head_json":{"title":"Frente dos consumidores rebate argumento sobre MP n\u00e3o aumentar conta de luz - Ag\u00eancia iNFRA","robots":{"index":"index","follow":"follow","max-snippet":"max-snippet:-1","max-image-preview":"max-image-preview:large","max-video-preview":"max-video-preview:-1"},"canonical":"https:\/\/agenciainfra.com\/blog\/frente-dos-consumidores-rebate-argumento-sobre-mp-nao-aumentar-conta-de-luz\/","og_locale":"pt_BR","og_type":"article","og_title":"Frente dos consumidores rebate argumento sobre MP n\u00e3o aumentar conta de luz","og_description":"Marisa Wanzeller, da Ag\u00eancia iNFRA O presidente da FNCE (Frente Nacional dos Consumidores de Energia), Luiz Barata, avalia como \u201cum sofismo\u201d afirma\u00e7\u00f5es que alegam que o tratamento dado ao ressarcimento do \u201ccurtailment\u201d, os cortes obrigat\u00f3rios de gera\u00e7\u00e3o, pelo texto aprovado da MP (Medida Provis\u00f3ria) 1.304 \u201cn\u00e3o vai aumentar a conta de luz\u201d. \u201cSe a conta [&hellip;]","og_url":"https:\/\/agenciainfra.com\/blog\/frente-dos-consumidores-rebate-argumento-sobre-mp-nao-aumentar-conta-de-luz\/","og_site_name":"Ag\u00eancia iNFRA","article_publisher":"https:\/\/www.facebook.com\/ageninfra","article_published_time":"2025-11-06T20:57:16+00:00","article_modified_time":"2025-11-07T19:03:56+00:00","og_image":[{"width":1280,"height":853,"url":"https:\/\/agenciainfra.com\/blog\/wp-content\/uploads\/2020\/10\/luiz-eduardo-barata-foto-marcos-oliveira-agencia-senado.jpg","type":"image\/jpeg"}],"author":"Ag\u00eancia iNFRA","twitter_card":"summary_large_image","twitter_creator":"@agencia_infra","twitter_site":"@agencia_infra","twitter_misc":{"Escrito por":"Ag\u00eancia iNFRA","Est. tempo de leitura":"2 minutos"},"schema":{"@context":"https:\/\/schema.org","@graph":[{"@type":"Article","@id":"https:\/\/agenciainfra.com\/blog\/frente-dos-consumidores-rebate-argumento-sobre-mp-nao-aumentar-conta-de-luz\/#article","isPartOf":{"@id":"https:\/\/agenciainfra.com\/blog\/frente-dos-consumidores-rebate-argumento-sobre-mp-nao-aumentar-conta-de-luz\/"},"author":{"name":"Ag\u00eancia iNFRA","@id":"https:\/\/agenciainfra.com\/blog\/#\/schema\/person\/34af08dff6adea4cb22b06612ba7acfa"},"headline":"Frente dos consumidores rebate argumento sobre MP n\u00e3o aumentar conta de luz","datePublished":"2025-11-06T20:57:16+00:00","dateModified":"2025-11-07T19:03:56+00:00","mainEntityOfPage":{"@id":"https:\/\/agenciainfra.com\/blog\/frente-dos-consumidores-rebate-argumento-sobre-mp-nao-aumentar-conta-de-luz\/"},"wordCount":428,"publisher":{"@id":"https:\/\/agenciainfra.com\/blog\/#organization"},"image":{"@id":"https:\/\/agenciainfra.com\/blog\/frente-dos-consumidores-rebate-argumento-sobre-mp-nao-aumentar-conta-de-luz\/#primaryimage"},"thumbnailUrl":"https:\/\/agenciainfra.com\/blog\/wp-content\/uploads\/2020\/10\/luiz-eduardo-barata-foto-marcos-oliveira-agencia-senado.jpg","keywords":["Abrace","curtailment","Luiz Barata","Marisa Wanzeller","MP 1.304","Volt Robotics"],"articleSection":["Destaque lista","iNFRAEnergia"],"inLanguage":"pt-BR","copyrightYear":"2025","copyrightHolder":{"@id":"https:\/\/agenciainfra.com\/blog\/#organization"}},{"@type":"WebPage","@id":"https:\/\/agenciainfra.com\/blog\/frente-dos-consumidores-rebate-argumento-sobre-mp-nao-aumentar-conta-de-luz\/","url":"https:\/\/agenciainfra.com\/blog\/frente-dos-consumidores-rebate-argumento-sobre-mp-nao-aumentar-conta-de-luz\/","name":"Frente dos consumidores rebate argumento sobre MP n\u00e3o aumentar conta de luz - Ag\u00eancia iNFRA","isPartOf":{"@id":"https:\/\/agenciainfra.com\/blog\/#website"},"primaryImageOfPage":{"@id":"https:\/\/agenciainfra.com\/blog\/frente-dos-consumidores-rebate-argumento-sobre-mp-nao-aumentar-conta-de-luz\/#primaryimage"},"image":{"@id":"https:\/\/agenciainfra.com\/blog\/frente-dos-consumidores-rebate-argumento-sobre-mp-nao-aumentar-conta-de-luz\/#primaryimage"},"thumbnailUrl":"https:\/\/agenciainfra.com\/blog\/wp-content\/uploads\/2020\/10\/luiz-eduardo-barata-foto-marcos-oliveira-agencia-senado.jpg","datePublished":"2025-11-06T20:57:16+00:00","dateModified":"2025-11-07T19:03:56+00:00","breadcrumb":{"@id":"https:\/\/agenciainfra.com\/blog\/frente-dos-consumidores-rebate-argumento-sobre-mp-nao-aumentar-conta-de-luz\/#breadcrumb"},"inLanguage":"pt-BR","potentialAction":[{"@type":"ReadAction","target":["https:\/\/agenciainfra.com\/blog\/frente-dos-consumidores-rebate-argumento-sobre-mp-nao-aumentar-conta-de-luz\/"]}]},{"@type":"ImageObject","inLanguage":"pt-BR","@id":"https:\/\/agenciainfra.com\/blog\/frente-dos-consumidores-rebate-argumento-sobre-mp-nao-aumentar-conta-de-luz\/#primaryimage","url":"https:\/\/agenciainfra.com\/blog\/wp-content\/uploads\/2020\/10\/luiz-eduardo-barata-foto-marcos-oliveira-agencia-senado.jpg","contentUrl":"https:\/\/agenciainfra.com\/blog\/wp-content\/uploads\/2020\/10\/luiz-eduardo-barata-foto-marcos-oliveira-agencia-senado.jpg","width":1280,"height":853},{"@type":"BreadcrumbList","@id":"https:\/\/agenciainfra.com\/blog\/frente-dos-consumidores-rebate-argumento-sobre-mp-nao-aumentar-conta-de-luz\/#breadcrumb","itemListElement":[{"@type":"ListItem","position":1,"name":"In\u00edcio","item":"https:\/\/agenciainfra.com\/blog\/"},{"@type":"ListItem","position":2,"name":"Frente dos consumidores rebate argumento sobre MP n\u00e3o aumentar conta de luz"}]},{"@type":"WebSite","@id":"https:\/\/agenciainfra.com\/blog\/#website","url":"https:\/\/agenciainfra.com\/blog\/","name":"Ag\u00eancia iNFRA","description":"Multiplataforma de informa\u00e7\u00e3o jornal\u00edstica refer\u00eancia na \u00e1rea de infraestrutura no Brasil!","publisher":{"@id":"https:\/\/agenciainfra.com\/blog\/#organization"},"potentialAction":[{"@type":"SearchAction","target":{"@type":"EntryPoint","urlTemplate":"https:\/\/agenciainfra.com\/blog\/?s={search_term_string}"},"query-input":{"@type":"PropertyValueSpecification","valueRequired":true,"valueName":"search_term_string"}}],"inLanguage":"pt-BR"},{"@type":"Organization","@id":"https:\/\/agenciainfra.com\/blog\/#organization","name":"Ag\u00eancia iNFRA","url":"https:\/\/agenciainfra.com\/blog\/","logo":{"@type":"ImageObject","inLanguage":"pt-BR","@id":"https:\/\/agenciainfra.com\/blog\/#\/schema\/logo\/image\/","url":"https:\/\/agenciainfra.com\/blog\/wp-content\/uploads\/2023\/09\/iNFRA_5-e1761735885940.png","contentUrl":"https:\/\/agenciainfra.com\/blog\/wp-content\/uploads\/2023\/09\/iNFRA_5-e1761735885940.png","width":1672,"height":454,"caption":"Ag\u00eancia iNFRA"},"image":{"@id":"https:\/\/agenciainfra.com\/blog\/#\/schema\/logo\/image\/"},"sameAs":["https:\/\/www.facebook.com\/ageninfra","https:\/\/x.com\/agencia_infra","https:\/\/www.linkedin.com\/company\/ag\u00eanciainfra\/","https:\/\/www.instagram.com\/agenciainfra\/"]},{"@type":"Person","@id":"https:\/\/agenciainfra.com\/blog\/#\/schema\/person\/34af08dff6adea4cb22b06612ba7acfa","name":"Ag\u00eancia iNFRA","image":{"@type":"ImageObject","inLanguage":"pt-BR","@id":"https:\/\/agenciainfra.com\/blog\/#\/schema\/person\/image\/","url":"https:\/\/secure.gravatar.com\/avatar\/d189e01678f06d8eb84d4e01f08eb848b3fffe3f8443818d3c356c66892f5be8?s=96&d=mm&r=g","contentUrl":"https:\/\/secure.gravatar.com\/avatar\/d189e01678f06d8eb84d4e01f08eb848b3fffe3f8443818d3c356c66892f5be8?s=96&d=mm&r=g","caption":"Ag\u00eancia iNFRA"},"url":"https:\/\/agenciainfra.com\/blog\/author\/admin\/"}]}},"_links":{"self":[{"href":"https:\/\/agenciainfra.com\/blog\/wp-json\/wp\/v2\/posts\/31738","targetHints":{"allow":["GET"]}}],"collection":[{"href":"https:\/\/agenciainfra.com\/blog\/wp-json\/wp\/v2\/posts"}],"about":[{"href":"https:\/\/agenciainfra.com\/blog\/wp-json\/wp\/v2\/types\/post"}],"author":[{"embeddable":true,"href":"https:\/\/agenciainfra.com\/blog\/wp-json\/wp\/v2\/users\/1"}],"replies":[{"embeddable":true,"href":"https:\/\/agenciainfra.com\/blog\/wp-json\/wp\/v2\/comments?post=31738"}],"version-history":[{"count":2,"href":"https:\/\/agenciainfra.com\/blog\/wp-json\/wp\/v2\/posts\/31738\/revisions"}],"predecessor-version":[{"id":31785,"href":"https:\/\/agenciainfra.com\/blog\/wp-json\/wp\/v2\/posts\/31738\/revisions\/31785"}],"wp:featuredmedia":[{"embeddable":true,"href":"https:\/\/agenciainfra.com\/blog\/wp-json\/wp\/v2\/media\/6043"}],"wp:attachment":[{"href":"https:\/\/agenciainfra.com\/blog\/wp-json\/wp\/v2\/media?parent=31738"}],"wp:term":[{"taxonomy":"category","embeddable":true,"href":"https:\/\/agenciainfra.com\/blog\/wp-json\/wp\/v2\/categories?post=31738"},{"taxonomy":"post_tag","embeddable":true,"href":"https:\/\/agenciainfra.com\/blog\/wp-json\/wp\/v2\/tags?post=31738"}],"curies":[{"name":"wp","href":"https:\/\/api.w.org\/{rel}","templated":true}]}}