{"id":31801,"date":"2025-11-07T12:54:45","date_gmt":"2025-11-07T15:54:45","guid":{"rendered":"https:\/\/agenciainfra.com\/blog\/?p=31801"},"modified":"2025-11-07T16:06:18","modified_gmt":"2025-11-07T19:06:18","slug":"expansao-da-matriz-eletrica-em-2025-supera-65-gw-diz-aneel","status":"publish","type":"post","link":"https:\/\/agenciainfra.com\/blog\/expansao-da-matriz-eletrica-em-2025-supera-65-gw-diz-aneel\/","title":{"rendered":"Expans\u00e3o da matriz el\u00e9trica em 2025 supera 6,5 GW, diz ANEEL"},"content":{"rendered":"\n<p class=\"has-text-align-right\"><strong>da Ag\u00eancia iNFRA<\/strong><\/p>\n\n\n\n<p>O Brasil acrescentou 6.564,81 MW (megawatts) \u00e0 sua capacidade de gera\u00e7\u00e3o el\u00e9trica entre janeiro e outubro de 2025, segundo o Ralie (Relat\u00f3rio de Acompanhamento da Expans\u00e3o da Oferta de Gera\u00e7\u00e3o de Energia El\u00e9trica), da ANEEL (Ag\u00eancia Nacional de Energia El\u00e9trica). No per\u00edodo, 113 novas usinas entraram em opera\u00e7\u00e3o.<\/p>\n\n\n\n<p>Entre as fontes, o destaque foi a gera\u00e7\u00e3o termel\u00e9trica, com 2.493,05 MW, seguida das usinas solares fotovoltaicas (2.277,82 MW) e e\u00f3licas (1.537,90 MW). Tamb\u00e9m entraram em opera\u00e7\u00e3o 11 PCHs (Pequenas Centrais Hidrel\u00e9tricas) (199,3 MW), uma hidrel\u00e9trica (50 MW) e uma central geradora hidrel\u00e9trica (6,7 MW).<\/p>\n\n\n\n<p>Em outubro, 19 usinas come\u00e7aram a operar, somando 643,46 MW, sendo 13 solares (559,47 MW), tr\u00eas e\u00f3licas (31,5 MW), duas PCHs (27,49 MW) e uma termel\u00e9trica (25 MW).<\/p>\n\n\n\n<p>Os estados com maior expans\u00e3o no acumulado do ano foram Rio de Janeiro (1.672,6 MW), Minas Gerais (1.038,35 MW) e Bahia (1.011,7 MW). Apenas em outubro, Minas Gerais liderou com 11 novas usinas e 485,1 MW adicionados. <\/p>\n\n\n\n<p>Com os novos empreendimentos, a capacidade total fiscalizada pela ANEEL atingiu 215,4 GW em 3 de novembro, sendo 84,4% de fontes renov\u00e1veis, de acordo com o Sistema de Informa\u00e7\u00f5es de Gera\u00e7\u00e3o da ANEEL.<\/p>\n","protected":false},"excerpt":{"rendered":"<p>da Ag\u00eancia iNFRA O Brasil acrescentou 6.564,81 MW (megawatts) \u00e0 sua capacidade de gera\u00e7\u00e3o el\u00e9trica entre janeiro e outubro de 2025, segundo o Ralie (Relat\u00f3rio de Acompanhamento da Expans\u00e3o da Oferta de Gera\u00e7\u00e3o de Energia El\u00e9trica), da ANEEL (Ag\u00eancia Nacional de Energia El\u00e9trica). No per\u00edodo, 113 novas usinas entraram em opera\u00e7\u00e3o. Entre as fontes, o [&hellip;]<\/p>\n","protected":false},"author":1,"featured_media":24921,"comment_status":"closed","ping_status":"closed","sticky":false,"template":"","format":"standard","meta":{"_monsterinsights_skip_tracking":false,"_monsterinsights_sitenote_active":false,"_monsterinsights_sitenote_note":"","_monsterinsights_sitenote_category":0,"footnotes":""},"categories":[13576],"tags":[53,637,3418,1985,16797,3326],"class_list":["post-31801","post","type-post","status-publish","format-standard","has-post-thumbnail","hentry","category-giro-infra","tag-aneel","tag-hidreletrica","tag-matriz-eletrica","tag-minas-gerais","tag-usinas-eolicas","tag-usinas-solares"],"yoast_head":"<!-- This site is optimized with the Yoast SEO Premium plugin v25.4 (Yoast SEO v26.0) - https:\/\/yoast.com\/wordpress\/plugins\/seo\/ -->\n<title>Expans\u00e3o da matriz el\u00e9trica em 2025 supera 6,5 GW, diz ANEEL - Ag\u00eancia iNFRA<\/title>\n<meta name=\"robots\" content=\"index, follow, max-snippet:-1, max-image-preview:large, max-video-preview:-1\" \/>\n<link rel=\"canonical\" href=\"https:\/\/agenciainfra.com\/blog\/expansao-da-matriz-eletrica-em-2025-supera-65-gw-diz-aneel\/\" \/>\n<meta property=\"og:locale\" content=\"pt_BR\" \/>\n<meta property=\"og:type\" content=\"article\" \/>\n<meta property=\"og:title\" content=\"Expans\u00e3o da matriz el\u00e9trica em 2025 supera 6,5 GW, diz ANEEL\" \/>\n<meta property=\"og:description\" content=\"da Ag\u00eancia iNFRA O Brasil acrescentou 6.564,81 MW (megawatts) \u00e0 sua capacidade de gera\u00e7\u00e3o el\u00e9trica entre janeiro e outubro de 2025, segundo o Ralie (Relat\u00f3rio de Acompanhamento da Expans\u00e3o da Oferta de Gera\u00e7\u00e3o de Energia El\u00e9trica), da ANEEL (Ag\u00eancia Nacional de Energia El\u00e9trica). No per\u00edodo, 113 novas usinas entraram em opera\u00e7\u00e3o. Entre as fontes, o [&hellip;]\" \/>\n<meta property=\"og:url\" content=\"https:\/\/agenciainfra.com\/blog\/expansao-da-matriz-eletrica-em-2025-supera-65-gw-diz-aneel\/\" \/>\n<meta property=\"og:site_name\" content=\"Ag\u00eancia iNFRA\" \/>\n<meta property=\"article:publisher\" content=\"https:\/\/www.facebook.com\/ageninfra\" \/>\n<meta property=\"article:published_time\" content=\"2025-11-07T15:54:45+00:00\" \/>\n<meta property=\"article:modified_time\" content=\"2025-11-07T19:06:18+00:00\" \/>\n<meta property=\"og:image\" content=\"https:\/\/agenciainfra.com\/blog\/wp-content\/uploads\/2025\/07\/mercado-livre-energia-foto-dominio_publico.jpg\" \/>\n\t<meta property=\"og:image:width\" content=\"1280\" \/>\n\t<meta property=\"og:image:height\" content=\"886\" \/>\n\t<meta property=\"og:image:type\" content=\"image\/jpeg\" \/>\n<meta name=\"author\" content=\"Ag\u00eancia iNFRA\" \/>\n<meta name=\"twitter:card\" content=\"summary_large_image\" \/>\n<meta name=\"twitter:creator\" content=\"@agencia_infra\" \/>\n<meta name=\"twitter:site\" content=\"@agencia_infra\" \/>\n<meta name=\"twitter:label1\" content=\"Escrito por\" \/>\n\t<meta name=\"twitter:data1\" content=\"Ag\u00eancia iNFRA\" \/>\n\t<meta name=\"twitter:label2\" content=\"Est. tempo de leitura\" \/>\n\t<meta name=\"twitter:data2\" content=\"1 minuto\" \/>\n<script type=\"application\/ld+json\" class=\"yoast-schema-graph\">{\"@context\":\"https:\/\/schema.org\",\"@graph\":[{\"@type\":\"Article\",\"@id\":\"https:\/\/agenciainfra.com\/blog\/expansao-da-matriz-eletrica-em-2025-supera-65-gw-diz-aneel\/#article\",\"isPartOf\":{\"@id\":\"https:\/\/agenciainfra.com\/blog\/expansao-da-matriz-eletrica-em-2025-supera-65-gw-diz-aneel\/\"},\"author\":{\"name\":\"Ag\u00eancia iNFRA\",\"@id\":\"https:\/\/agenciainfra.com\/blog\/#\/schema\/person\/34af08dff6adea4cb22b06612ba7acfa\"},\"headline\":\"Expans\u00e3o da matriz el\u00e9trica em 2025 supera 6,5 GW, diz ANEEL\",\"datePublished\":\"2025-11-07T15:54:45+00:00\",\"dateModified\":\"2025-11-07T19:06:18+00:00\",\"mainEntityOfPage\":{\"@id\":\"https:\/\/agenciainfra.com\/blog\/expansao-da-matriz-eletrica-em-2025-supera-65-gw-diz-aneel\/\"},\"wordCount\":206,\"publisher\":{\"@id\":\"https:\/\/agenciainfra.com\/blog\/#organization\"},\"image\":{\"@id\":\"https:\/\/agenciainfra.com\/blog\/expansao-da-matriz-eletrica-em-2025-supera-65-gw-diz-aneel\/#primaryimage\"},\"thumbnailUrl\":\"https:\/\/agenciainfra.com\/blog\/wp-content\/uploads\/2025\/07\/mercado-livre-energia-foto-dominio_publico-e1764157404689.jpg\",\"keywords\":[\"ANEEL\",\"hidrel\u00e9trica\",\"matriz el\u00e9trica\",\"Minas Gerais\",\"usinas e\u00f3licas\",\"usinas solares\"],\"articleSection\":[\"Giro iNFRA\"],\"inLanguage\":\"pt-BR\",\"copyrightYear\":\"2025\",\"copyrightHolder\":{\"@id\":\"https:\/\/agenciainfra.com\/blog\/#organization\"}},{\"@type\":\"WebPage\",\"@id\":\"https:\/\/agenciainfra.com\/blog\/expansao-da-matriz-eletrica-em-2025-supera-65-gw-diz-aneel\/\",\"url\":\"https:\/\/agenciainfra.com\/blog\/expansao-da-matriz-eletrica-em-2025-supera-65-gw-diz-aneel\/\",\"name\":\"Expans\u00e3o da matriz el\u00e9trica em 2025 supera 6,5 GW, diz ANEEL - Ag\u00eancia iNFRA\",\"isPartOf\":{\"@id\":\"https:\/\/agenciainfra.com\/blog\/#website\"},\"primaryImageOfPage\":{\"@id\":\"https:\/\/agenciainfra.com\/blog\/expansao-da-matriz-eletrica-em-2025-supera-65-gw-diz-aneel\/#primaryimage\"},\"image\":{\"@id\":\"https:\/\/agenciainfra.com\/blog\/expansao-da-matriz-eletrica-em-2025-supera-65-gw-diz-aneel\/#primaryimage\"},\"thumbnailUrl\":\"https:\/\/agenciainfra.com\/blog\/wp-content\/uploads\/2025\/07\/mercado-livre-energia-foto-dominio_publico-e1764157404689.jpg\",\"datePublished\":\"2025-11-07T15:54:45+00:00\",\"dateModified\":\"2025-11-07T19:06:18+00:00\",\"breadcrumb\":{\"@id\":\"https:\/\/agenciainfra.com\/blog\/expansao-da-matriz-eletrica-em-2025-supera-65-gw-diz-aneel\/#breadcrumb\"},\"inLanguage\":\"pt-BR\",\"potentialAction\":[{\"@type\":\"ReadAction\",\"target\":[\"https:\/\/agenciainfra.com\/blog\/expansao-da-matriz-eletrica-em-2025-supera-65-gw-diz-aneel\/\"]}]},{\"@type\":\"ImageObject\",\"inLanguage\":\"pt-BR\",\"@id\":\"https:\/\/agenciainfra.com\/blog\/expansao-da-matriz-eletrica-em-2025-supera-65-gw-diz-aneel\/#primaryimage\",\"url\":\"https:\/\/agenciainfra.com\/blog\/wp-content\/uploads\/2025\/07\/mercado-livre-energia-foto-dominio_publico-e1764157404689.jpg\",\"contentUrl\":\"https:\/\/agenciainfra.com\/blog\/wp-content\/uploads\/2025\/07\/mercado-livre-energia-foto-dominio_publico-e1764157404689.jpg\",\"width\":1280,\"height\":732,\"caption\":\"Foto: Dom\u00ednio P\u00fablico\"},{\"@type\":\"BreadcrumbList\",\"@id\":\"https:\/\/agenciainfra.com\/blog\/expansao-da-matriz-eletrica-em-2025-supera-65-gw-diz-aneel\/#breadcrumb\",\"itemListElement\":[{\"@type\":\"ListItem\",\"position\":1,\"name\":\"In\u00edcio\",\"item\":\"https:\/\/agenciainfra.com\/blog\/\"},{\"@type\":\"ListItem\",\"position\":2,\"name\":\"Expans\u00e3o da matriz el\u00e9trica em 2025 supera 6,5 GW, diz ANEEL\"}]},{\"@type\":\"WebSite\",\"@id\":\"https:\/\/agenciainfra.com\/blog\/#website\",\"url\":\"https:\/\/agenciainfra.com\/blog\/\",\"name\":\"Ag\u00eancia iNFRA\",\"description\":\"Multiplataforma de informa\u00e7\u00e3o jornal\u00edstica refer\u00eancia na \u00e1rea de infraestrutura no Brasil!\",\"publisher\":{\"@id\":\"https:\/\/agenciainfra.com\/blog\/#organization\"},\"potentialAction\":[{\"@type\":\"SearchAction\",\"target\":{\"@type\":\"EntryPoint\",\"urlTemplate\":\"https:\/\/agenciainfra.com\/blog\/?s={search_term_string}\"},\"query-input\":{\"@type\":\"PropertyValueSpecification\",\"valueRequired\":true,\"valueName\":\"search_term_string\"}}],\"inLanguage\":\"pt-BR\"},{\"@type\":\"Organization\",\"@id\":\"https:\/\/agenciainfra.com\/blog\/#organization\",\"name\":\"Ag\u00eancia iNFRA\",\"url\":\"https:\/\/agenciainfra.com\/blog\/\",\"logo\":{\"@type\":\"ImageObject\",\"inLanguage\":\"pt-BR\",\"@id\":\"https:\/\/agenciainfra.com\/blog\/#\/schema\/logo\/image\/\",\"url\":\"https:\/\/agenciainfra.com\/blog\/wp-content\/uploads\/2023\/09\/iNFRA_5-e1761735885940.png\",\"contentUrl\":\"https:\/\/agenciainfra.com\/blog\/wp-content\/uploads\/2023\/09\/iNFRA_5-e1761735885940.png\",\"width\":1672,\"height\":454,\"caption\":\"Ag\u00eancia iNFRA\"},\"image\":{\"@id\":\"https:\/\/agenciainfra.com\/blog\/#\/schema\/logo\/image\/\"},\"sameAs\":[\"https:\/\/www.facebook.com\/ageninfra\",\"https:\/\/x.com\/agencia_infra\",\"https:\/\/www.linkedin.com\/company\/ag\u00eanciainfra\/\",\"https:\/\/www.instagram.com\/agenciainfra\/\"]},{\"@type\":\"Person\",\"@id\":\"https:\/\/agenciainfra.com\/blog\/#\/schema\/person\/34af08dff6adea4cb22b06612ba7acfa\",\"name\":\"Ag\u00eancia iNFRA\",\"image\":{\"@type\":\"ImageObject\",\"inLanguage\":\"pt-BR\",\"@id\":\"https:\/\/agenciainfra.com\/blog\/#\/schema\/person\/image\/\",\"url\":\"https:\/\/secure.gravatar.com\/avatar\/d189e01678f06d8eb84d4e01f08eb848b3fffe3f8443818d3c356c66892f5be8?s=96&d=mm&r=g\",\"contentUrl\":\"https:\/\/secure.gravatar.com\/avatar\/d189e01678f06d8eb84d4e01f08eb848b3fffe3f8443818d3c356c66892f5be8?s=96&d=mm&r=g\",\"caption\":\"Ag\u00eancia iNFRA\"},\"url\":\"https:\/\/agenciainfra.com\/blog\/author\/admin\/\"}]}<\/script>\n<!-- \/ Yoast SEO Premium plugin. -->","yoast_head_json":{"title":"Expans\u00e3o da matriz el\u00e9trica em 2025 supera 6,5 GW, diz ANEEL - Ag\u00eancia iNFRA","robots":{"index":"index","follow":"follow","max-snippet":"max-snippet:-1","max-image-preview":"max-image-preview:large","max-video-preview":"max-video-preview:-1"},"canonical":"https:\/\/agenciainfra.com\/blog\/expansao-da-matriz-eletrica-em-2025-supera-65-gw-diz-aneel\/","og_locale":"pt_BR","og_type":"article","og_title":"Expans\u00e3o da matriz el\u00e9trica em 2025 supera 6,5 GW, diz ANEEL","og_description":"da Ag\u00eancia iNFRA O Brasil acrescentou 6.564,81 MW (megawatts) \u00e0 sua capacidade de gera\u00e7\u00e3o el\u00e9trica entre janeiro e outubro de 2025, segundo o Ralie (Relat\u00f3rio de Acompanhamento da Expans\u00e3o da Oferta de Gera\u00e7\u00e3o de Energia El\u00e9trica), da ANEEL (Ag\u00eancia Nacional de Energia El\u00e9trica). No per\u00edodo, 113 novas usinas entraram em opera\u00e7\u00e3o. Entre as fontes, o [&hellip;]","og_url":"https:\/\/agenciainfra.com\/blog\/expansao-da-matriz-eletrica-em-2025-supera-65-gw-diz-aneel\/","og_site_name":"Ag\u00eancia iNFRA","article_publisher":"https:\/\/www.facebook.com\/ageninfra","article_published_time":"2025-11-07T15:54:45+00:00","article_modified_time":"2025-11-07T19:06:18+00:00","og_image":[{"width":1280,"height":886,"url":"https:\/\/agenciainfra.com\/blog\/wp-content\/uploads\/2025\/07\/mercado-livre-energia-foto-dominio_publico.jpg","type":"image\/jpeg"}],"author":"Ag\u00eancia iNFRA","twitter_card":"summary_large_image","twitter_creator":"@agencia_infra","twitter_site":"@agencia_infra","twitter_misc":{"Escrito por":"Ag\u00eancia iNFRA","Est. tempo de leitura":"1 minuto"},"schema":{"@context":"https:\/\/schema.org","@graph":[{"@type":"Article","@id":"https:\/\/agenciainfra.com\/blog\/expansao-da-matriz-eletrica-em-2025-supera-65-gw-diz-aneel\/#article","isPartOf":{"@id":"https:\/\/agenciainfra.com\/blog\/expansao-da-matriz-eletrica-em-2025-supera-65-gw-diz-aneel\/"},"author":{"name":"Ag\u00eancia iNFRA","@id":"https:\/\/agenciainfra.com\/blog\/#\/schema\/person\/34af08dff6adea4cb22b06612ba7acfa"},"headline":"Expans\u00e3o da matriz el\u00e9trica em 2025 supera 6,5 GW, diz ANEEL","datePublished":"2025-11-07T15:54:45+00:00","dateModified":"2025-11-07T19:06:18+00:00","mainEntityOfPage":{"@id":"https:\/\/agenciainfra.com\/blog\/expansao-da-matriz-eletrica-em-2025-supera-65-gw-diz-aneel\/"},"wordCount":206,"publisher":{"@id":"https:\/\/agenciainfra.com\/blog\/#organization"},"image":{"@id":"https:\/\/agenciainfra.com\/blog\/expansao-da-matriz-eletrica-em-2025-supera-65-gw-diz-aneel\/#primaryimage"},"thumbnailUrl":"https:\/\/agenciainfra.com\/blog\/wp-content\/uploads\/2025\/07\/mercado-livre-energia-foto-dominio_publico-e1764157404689.jpg","keywords":["ANEEL","hidrel\u00e9trica","matriz el\u00e9trica","Minas Gerais","usinas e\u00f3licas","usinas solares"],"articleSection":["Giro iNFRA"],"inLanguage":"pt-BR","copyrightYear":"2025","copyrightHolder":{"@id":"https:\/\/agenciainfra.com\/blog\/#organization"}},{"@type":"WebPage","@id":"https:\/\/agenciainfra.com\/blog\/expansao-da-matriz-eletrica-em-2025-supera-65-gw-diz-aneel\/","url":"https:\/\/agenciainfra.com\/blog\/expansao-da-matriz-eletrica-em-2025-supera-65-gw-diz-aneel\/","name":"Expans\u00e3o da matriz el\u00e9trica em 2025 supera 6,5 GW, diz ANEEL - Ag\u00eancia iNFRA","isPartOf":{"@id":"https:\/\/agenciainfra.com\/blog\/#website"},"primaryImageOfPage":{"@id":"https:\/\/agenciainfra.com\/blog\/expansao-da-matriz-eletrica-em-2025-supera-65-gw-diz-aneel\/#primaryimage"},"image":{"@id":"https:\/\/agenciainfra.com\/blog\/expansao-da-matriz-eletrica-em-2025-supera-65-gw-diz-aneel\/#primaryimage"},"thumbnailUrl":"https:\/\/agenciainfra.com\/blog\/wp-content\/uploads\/2025\/07\/mercado-livre-energia-foto-dominio_publico-e1764157404689.jpg","datePublished":"2025-11-07T15:54:45+00:00","dateModified":"2025-11-07T19:06:18+00:00","breadcrumb":{"@id":"https:\/\/agenciainfra.com\/blog\/expansao-da-matriz-eletrica-em-2025-supera-65-gw-diz-aneel\/#breadcrumb"},"inLanguage":"pt-BR","potentialAction":[{"@type":"ReadAction","target":["https:\/\/agenciainfra.com\/blog\/expansao-da-matriz-eletrica-em-2025-supera-65-gw-diz-aneel\/"]}]},{"@type":"ImageObject","inLanguage":"pt-BR","@id":"https:\/\/agenciainfra.com\/blog\/expansao-da-matriz-eletrica-em-2025-supera-65-gw-diz-aneel\/#primaryimage","url":"https:\/\/agenciainfra.com\/blog\/wp-content\/uploads\/2025\/07\/mercado-livre-energia-foto-dominio_publico-e1764157404689.jpg","contentUrl":"https:\/\/agenciainfra.com\/blog\/wp-content\/uploads\/2025\/07\/mercado-livre-energia-foto-dominio_publico-e1764157404689.jpg","width":1280,"height":732,"caption":"Foto: Dom\u00ednio P\u00fablico"},{"@type":"BreadcrumbList","@id":"https:\/\/agenciainfra.com\/blog\/expansao-da-matriz-eletrica-em-2025-supera-65-gw-diz-aneel\/#breadcrumb","itemListElement":[{"@type":"ListItem","position":1,"name":"In\u00edcio","item":"https:\/\/agenciainfra.com\/blog\/"},{"@type":"ListItem","position":2,"name":"Expans\u00e3o da matriz el\u00e9trica em 2025 supera 6,5 GW, diz ANEEL"}]},{"@type":"WebSite","@id":"https:\/\/agenciainfra.com\/blog\/#website","url":"https:\/\/agenciainfra.com\/blog\/","name":"Ag\u00eancia iNFRA","description":"Multiplataforma de informa\u00e7\u00e3o jornal\u00edstica refer\u00eancia na \u00e1rea de infraestrutura no Brasil!","publisher":{"@id":"https:\/\/agenciainfra.com\/blog\/#organization"},"potentialAction":[{"@type":"SearchAction","target":{"@type":"EntryPoint","urlTemplate":"https:\/\/agenciainfra.com\/blog\/?s={search_term_string}"},"query-input":{"@type":"PropertyValueSpecification","valueRequired":true,"valueName":"search_term_string"}}],"inLanguage":"pt-BR"},{"@type":"Organization","@id":"https:\/\/agenciainfra.com\/blog\/#organization","name":"Ag\u00eancia iNFRA","url":"https:\/\/agenciainfra.com\/blog\/","logo":{"@type":"ImageObject","inLanguage":"pt-BR","@id":"https:\/\/agenciainfra.com\/blog\/#\/schema\/logo\/image\/","url":"https:\/\/agenciainfra.com\/blog\/wp-content\/uploads\/2023\/09\/iNFRA_5-e1761735885940.png","contentUrl":"https:\/\/agenciainfra.com\/blog\/wp-content\/uploads\/2023\/09\/iNFRA_5-e1761735885940.png","width":1672,"height":454,"caption":"Ag\u00eancia iNFRA"},"image":{"@id":"https:\/\/agenciainfra.com\/blog\/#\/schema\/logo\/image\/"},"sameAs":["https:\/\/www.facebook.com\/ageninfra","https:\/\/x.com\/agencia_infra","https:\/\/www.linkedin.com\/company\/ag\u00eanciainfra\/","https:\/\/www.instagram.com\/agenciainfra\/"]},{"@type":"Person","@id":"https:\/\/agenciainfra.com\/blog\/#\/schema\/person\/34af08dff6adea4cb22b06612ba7acfa","name":"Ag\u00eancia iNFRA","image":{"@type":"ImageObject","inLanguage":"pt-BR","@id":"https:\/\/agenciainfra.com\/blog\/#\/schema\/person\/image\/","url":"https:\/\/secure.gravatar.com\/avatar\/d189e01678f06d8eb84d4e01f08eb848b3fffe3f8443818d3c356c66892f5be8?s=96&d=mm&r=g","contentUrl":"https:\/\/secure.gravatar.com\/avatar\/d189e01678f06d8eb84d4e01f08eb848b3fffe3f8443818d3c356c66892f5be8?s=96&d=mm&r=g","caption":"Ag\u00eancia iNFRA"},"url":"https:\/\/agenciainfra.com\/blog\/author\/admin\/"}]}},"_links":{"self":[{"href":"https:\/\/agenciainfra.com\/blog\/wp-json\/wp\/v2\/posts\/31801","targetHints":{"allow":["GET"]}}],"collection":[{"href":"https:\/\/agenciainfra.com\/blog\/wp-json\/wp\/v2\/posts"}],"about":[{"href":"https:\/\/agenciainfra.com\/blog\/wp-json\/wp\/v2\/types\/post"}],"author":[{"embeddable":true,"href":"https:\/\/agenciainfra.com\/blog\/wp-json\/wp\/v2\/users\/1"}],"replies":[{"embeddable":true,"href":"https:\/\/agenciainfra.com\/blog\/wp-json\/wp\/v2\/comments?post=31801"}],"version-history":[{"count":2,"href":"https:\/\/agenciainfra.com\/blog\/wp-json\/wp\/v2\/posts\/31801\/revisions"}],"predecessor-version":[{"id":31830,"href":"https:\/\/agenciainfra.com\/blog\/wp-json\/wp\/v2\/posts\/31801\/revisions\/31830"}],"wp:featuredmedia":[{"embeddable":true,"href":"https:\/\/agenciainfra.com\/blog\/wp-json\/wp\/v2\/media\/24921"}],"wp:attachment":[{"href":"https:\/\/agenciainfra.com\/blog\/wp-json\/wp\/v2\/media?parent=31801"}],"wp:term":[{"taxonomy":"category","embeddable":true,"href":"https:\/\/agenciainfra.com\/blog\/wp-json\/wp\/v2\/categories?post=31801"},{"taxonomy":"post_tag","embeddable":true,"href":"https:\/\/agenciainfra.com\/blog\/wp-json\/wp\/v2\/tags?post=31801"}],"curies":[{"name":"wp","href":"https:\/\/api.w.org\/{rel}","templated":true}]}}