{"id":31825,"date":"2025-11-07T15:53:45","date_gmt":"2025-11-07T18:53:45","guid":{"rendered":"https:\/\/agenciainfra.com\/blog\/?p=31825"},"modified":"2025-11-07T16:44:58","modified_gmt":"2025-11-07T19:44:58","slug":"mpor-quer-transformar-terminais-em-centros-de-desenvolvimento","status":"publish","type":"post","link":"https:\/\/agenciainfra.com\/blog\/mpor-quer-transformar-terminais-em-centros-de-desenvolvimento\/","title":{"rendered":"MPor quer transformar terminais em centros de desenvolvimento"},"content":{"rendered":"\n<p class=\"has-text-align-right\"><strong>da Ag\u00eancia iNFRA<\/strong><\/p>\n\n\n\n<p>O programa Investe+ Aeroportos, do governo federal, prev\u00ea ampliar o uso das \u00e1reas dos terminais concedidos, permitindo que se tornem centros de atividades econ\u00f4micas e sociais. A proposta busca atrair empreendimentos privados e ampliar o uso comercial das \u00e1reas aeroportu\u00e1rias, estimulando a cria\u00e7\u00e3o de empregos e a diversifica\u00e7\u00e3o das economias locais.<\/p>\n\n\n\n<p>O modelo prop\u00f5e que os aeroportos passem a abrigar shoppings, hot\u00e9is, hospitais, centros log\u00edsticos, escolas e espa\u00e7os de conven\u00e7\u00f5es, aproximando essas estruturas do cotidiano urbano e fortalecendo a integra\u00e7\u00e3o regional.<\/p>\n\n\n\n<p>Com a iniciativa, o MPor (Minist\u00e9rio de Portos e Aeroportos) espera estimular o crescimento das cidades m\u00e9dias e pequenas e tornar a avia\u00e7\u00e3o um vetor de desenvolvimento regional sustent\u00e1vel.<\/p>\n\n\n\n<p>Para o ministro&nbsp;de Portos e Aeroportos, Silvio Costa Filho, o programa ser\u00e1 um marco de desenvolvimento para o Brasil. &#8220;Estamos transformando os aeroportos em polos de neg\u00f3cios e integra\u00e7\u00e3o regional, atraindo investimentos privados e gerando empregos em todo o pa\u00eds. Cada empreendimento firmado significa mais oportunidades para as pessoas e mais efici\u00eancia para o setor. Nosso objetivo \u00e9 fazer com que a avia\u00e7\u00e3o seja um motor de desenvolvimento econ\u00f4mico e social para todas as regi\u00f5es do Brasil\u201d, disse.<\/p>\n","protected":false},"excerpt":{"rendered":"<p>da Ag\u00eancia iNFRA O programa Investe+ Aeroportos, do governo federal, prev\u00ea ampliar o uso das \u00e1reas dos terminais concedidos, permitindo que se tornem centros de atividades econ\u00f4micas e sociais. A proposta busca atrair empreendimentos privados e ampliar o uso comercial das \u00e1reas aeroportu\u00e1rias, estimulando a cria\u00e7\u00e3o de empregos e a diversifica\u00e7\u00e3o das economias locais. O [&hellip;]<\/p>\n","protected":false},"author":1,"featured_media":29430,"comment_status":"closed","ping_status":"closed","sticky":false,"template":"","format":"standard","meta":{"_monsterinsights_skip_tracking":false,"_monsterinsights_sitenote_active":false,"_monsterinsights_sitenote_note":"","_monsterinsights_sitenote_category":0,"footnotes":""},"categories":[13576],"tags":[107,2722,32,6919,7467],"class_list":["post-31825","post","type-post","status-publish","format-standard","has-post-thumbnail","hentry","category-giro-infra","tag-aeroportos","tag-governo-federal","tag-investimentos","tag-mpor","tag-silvio-costa-filho"],"yoast_head":"<!-- This site is optimized with the Yoast SEO Premium plugin v25.4 (Yoast SEO v26.0) - https:\/\/yoast.com\/wordpress\/plugins\/seo\/ -->\n<title>MPor quer transformar terminais em centros de desenvolvimento - Ag\u00eancia iNFRA<\/title>\n<meta name=\"robots\" content=\"index, follow, max-snippet:-1, max-image-preview:large, max-video-preview:-1\" \/>\n<link rel=\"canonical\" href=\"https:\/\/agenciainfra.com\/blog\/mpor-quer-transformar-terminais-em-centros-de-desenvolvimento\/\" \/>\n<meta property=\"og:locale\" content=\"pt_BR\" \/>\n<meta property=\"og:type\" content=\"article\" \/>\n<meta property=\"og:title\" content=\"MPor quer transformar terminais em centros de desenvolvimento\" \/>\n<meta property=\"og:description\" content=\"da Ag\u00eancia iNFRA O programa Investe+ Aeroportos, do governo federal, prev\u00ea ampliar o uso das \u00e1reas dos terminais concedidos, permitindo que se tornem centros de atividades econ\u00f4micas e sociais. A proposta busca atrair empreendimentos privados e ampliar o uso comercial das \u00e1reas aeroportu\u00e1rias, estimulando a cria\u00e7\u00e3o de empregos e a diversifica\u00e7\u00e3o das economias locais. O [&hellip;]\" \/>\n<meta property=\"og:url\" content=\"https:\/\/agenciainfra.com\/blog\/mpor-quer-transformar-terminais-em-centros-de-desenvolvimento\/\" \/>\n<meta property=\"og:site_name\" content=\"Ag\u00eancia iNFRA\" \/>\n<meta property=\"article:publisher\" content=\"https:\/\/www.facebook.com\/ageninfra\" \/>\n<meta property=\"article:published_time\" content=\"2025-11-07T18:53:45+00:00\" \/>\n<meta property=\"article:modified_time\" content=\"2025-11-07T19:44:58+00:00\" \/>\n<meta property=\"og:image\" content=\"https:\/\/agenciainfra.com\/blog\/wp-content\/uploads\/2025\/10\/aeroporto-de-brasilia-foto-marcelo-camargo-agencia-brasil.jpg\" \/>\n\t<meta property=\"og:image:width\" content=\"1280\" \/>\n\t<meta property=\"og:image:height\" content=\"765\" \/>\n\t<meta property=\"og:image:type\" content=\"image\/jpeg\" \/>\n<meta name=\"author\" content=\"Ag\u00eancia iNFRA\" \/>\n<meta name=\"twitter:card\" content=\"summary_large_image\" \/>\n<meta name=\"twitter:creator\" content=\"@agencia_infra\" \/>\n<meta name=\"twitter:site\" content=\"@agencia_infra\" \/>\n<meta name=\"twitter:label1\" content=\"Escrito por\" \/>\n\t<meta name=\"twitter:data1\" content=\"Ag\u00eancia iNFRA\" \/>\n\t<meta name=\"twitter:label2\" content=\"Est. tempo de leitura\" \/>\n\t<meta name=\"twitter:data2\" content=\"1 minuto\" \/>\n<script type=\"application\/ld+json\" class=\"yoast-schema-graph\">{\"@context\":\"https:\/\/schema.org\",\"@graph\":[{\"@type\":\"Article\",\"@id\":\"https:\/\/agenciainfra.com\/blog\/mpor-quer-transformar-terminais-em-centros-de-desenvolvimento\/#article\",\"isPartOf\":{\"@id\":\"https:\/\/agenciainfra.com\/blog\/mpor-quer-transformar-terminais-em-centros-de-desenvolvimento\/\"},\"author\":{\"name\":\"Ag\u00eancia iNFRA\",\"@id\":\"https:\/\/agenciainfra.com\/blog\/#\/schema\/person\/34af08dff6adea4cb22b06612ba7acfa\"},\"headline\":\"MPor quer transformar terminais em centros de desenvolvimento\",\"datePublished\":\"2025-11-07T18:53:45+00:00\",\"dateModified\":\"2025-11-07T19:44:58+00:00\",\"mainEntityOfPage\":{\"@id\":\"https:\/\/agenciainfra.com\/blog\/mpor-quer-transformar-terminais-em-centros-de-desenvolvimento\/\"},\"wordCount\":222,\"publisher\":{\"@id\":\"https:\/\/agenciainfra.com\/blog\/#organization\"},\"image\":{\"@id\":\"https:\/\/agenciainfra.com\/blog\/mpor-quer-transformar-terminais-em-centros-de-desenvolvimento\/#primaryimage\"},\"thumbnailUrl\":\"https:\/\/agenciainfra.com\/blog\/wp-content\/uploads\/2025\/10\/aeroporto-de-brasilia-foto-marcelo-camargo-agencia-brasil.jpg\",\"keywords\":[\"aeroportos\",\"governo federal\",\"Investimentos\",\"MPor\",\"Silvio Costa Filho\"],\"articleSection\":[\"Giro iNFRA\"],\"inLanguage\":\"pt-BR\",\"copyrightYear\":\"2025\",\"copyrightHolder\":{\"@id\":\"https:\/\/agenciainfra.com\/blog\/#organization\"}},{\"@type\":\"WebPage\",\"@id\":\"https:\/\/agenciainfra.com\/blog\/mpor-quer-transformar-terminais-em-centros-de-desenvolvimento\/\",\"url\":\"https:\/\/agenciainfra.com\/blog\/mpor-quer-transformar-terminais-em-centros-de-desenvolvimento\/\",\"name\":\"MPor quer transformar terminais em centros de desenvolvimento - Ag\u00eancia iNFRA\",\"isPartOf\":{\"@id\":\"https:\/\/agenciainfra.com\/blog\/#website\"},\"primaryImageOfPage\":{\"@id\":\"https:\/\/agenciainfra.com\/blog\/mpor-quer-transformar-terminais-em-centros-de-desenvolvimento\/#primaryimage\"},\"image\":{\"@id\":\"https:\/\/agenciainfra.com\/blog\/mpor-quer-transformar-terminais-em-centros-de-desenvolvimento\/#primaryimage\"},\"thumbnailUrl\":\"https:\/\/agenciainfra.com\/blog\/wp-content\/uploads\/2025\/10\/aeroporto-de-brasilia-foto-marcelo-camargo-agencia-brasil.jpg\",\"datePublished\":\"2025-11-07T18:53:45+00:00\",\"dateModified\":\"2025-11-07T19:44:58+00:00\",\"breadcrumb\":{\"@id\":\"https:\/\/agenciainfra.com\/blog\/mpor-quer-transformar-terminais-em-centros-de-desenvolvimento\/#breadcrumb\"},\"inLanguage\":\"pt-BR\",\"potentialAction\":[{\"@type\":\"ReadAction\",\"target\":[\"https:\/\/agenciainfra.com\/blog\/mpor-quer-transformar-terminais-em-centros-de-desenvolvimento\/\"]}]},{\"@type\":\"ImageObject\",\"inLanguage\":\"pt-BR\",\"@id\":\"https:\/\/agenciainfra.com\/blog\/mpor-quer-transformar-terminais-em-centros-de-desenvolvimento\/#primaryimage\",\"url\":\"https:\/\/agenciainfra.com\/blog\/wp-content\/uploads\/2025\/10\/aeroporto-de-brasilia-foto-marcelo-camargo-agencia-brasil.jpg\",\"contentUrl\":\"https:\/\/agenciainfra.com\/blog\/wp-content\/uploads\/2025\/10\/aeroporto-de-brasilia-foto-marcelo-camargo-agencia-brasil.jpg\",\"width\":1280,\"height\":765,\"caption\":\"Foto: Marcelo Camargo\/Ag\u00eancia Brasil\"},{\"@type\":\"BreadcrumbList\",\"@id\":\"https:\/\/agenciainfra.com\/blog\/mpor-quer-transformar-terminais-em-centros-de-desenvolvimento\/#breadcrumb\",\"itemListElement\":[{\"@type\":\"ListItem\",\"position\":1,\"name\":\"In\u00edcio\",\"item\":\"https:\/\/agenciainfra.com\/blog\/\"},{\"@type\":\"ListItem\",\"position\":2,\"name\":\"MPor quer transformar terminais em centros de desenvolvimento\"}]},{\"@type\":\"WebSite\",\"@id\":\"https:\/\/agenciainfra.com\/blog\/#website\",\"url\":\"https:\/\/agenciainfra.com\/blog\/\",\"name\":\"Ag\u00eancia iNFRA\",\"description\":\"Multiplataforma de informa\u00e7\u00e3o jornal\u00edstica refer\u00eancia na \u00e1rea de infraestrutura no Brasil!\",\"publisher\":{\"@id\":\"https:\/\/agenciainfra.com\/blog\/#organization\"},\"potentialAction\":[{\"@type\":\"SearchAction\",\"target\":{\"@type\":\"EntryPoint\",\"urlTemplate\":\"https:\/\/agenciainfra.com\/blog\/?s={search_term_string}\"},\"query-input\":{\"@type\":\"PropertyValueSpecification\",\"valueRequired\":true,\"valueName\":\"search_term_string\"}}],\"inLanguage\":\"pt-BR\"},{\"@type\":\"Organization\",\"@id\":\"https:\/\/agenciainfra.com\/blog\/#organization\",\"name\":\"Ag\u00eancia iNFRA\",\"url\":\"https:\/\/agenciainfra.com\/blog\/\",\"logo\":{\"@type\":\"ImageObject\",\"inLanguage\":\"pt-BR\",\"@id\":\"https:\/\/agenciainfra.com\/blog\/#\/schema\/logo\/image\/\",\"url\":\"https:\/\/agenciainfra.com\/blog\/wp-content\/uploads\/2023\/09\/iNFRA_5-e1761735885940.png\",\"contentUrl\":\"https:\/\/agenciainfra.com\/blog\/wp-content\/uploads\/2023\/09\/iNFRA_5-e1761735885940.png\",\"width\":1672,\"height\":454,\"caption\":\"Ag\u00eancia iNFRA\"},\"image\":{\"@id\":\"https:\/\/agenciainfra.com\/blog\/#\/schema\/logo\/image\/\"},\"sameAs\":[\"https:\/\/www.facebook.com\/ageninfra\",\"https:\/\/x.com\/agencia_infra\",\"https:\/\/www.linkedin.com\/company\/ag\u00eanciainfra\/\",\"https:\/\/www.instagram.com\/agenciainfra\/\"]},{\"@type\":\"Person\",\"@id\":\"https:\/\/agenciainfra.com\/blog\/#\/schema\/person\/34af08dff6adea4cb22b06612ba7acfa\",\"name\":\"Ag\u00eancia iNFRA\",\"image\":{\"@type\":\"ImageObject\",\"inLanguage\":\"pt-BR\",\"@id\":\"https:\/\/agenciainfra.com\/blog\/#\/schema\/person\/image\/\",\"url\":\"https:\/\/secure.gravatar.com\/avatar\/d189e01678f06d8eb84d4e01f08eb848b3fffe3f8443818d3c356c66892f5be8?s=96&d=mm&r=g\",\"contentUrl\":\"https:\/\/secure.gravatar.com\/avatar\/d189e01678f06d8eb84d4e01f08eb848b3fffe3f8443818d3c356c66892f5be8?s=96&d=mm&r=g\",\"caption\":\"Ag\u00eancia iNFRA\"},\"url\":\"https:\/\/agenciainfra.com\/blog\/author\/admin\/\"}]}<\/script>\n<!-- \/ Yoast SEO Premium plugin. -->","yoast_head_json":{"title":"MPor quer transformar terminais em centros de desenvolvimento - Ag\u00eancia iNFRA","robots":{"index":"index","follow":"follow","max-snippet":"max-snippet:-1","max-image-preview":"max-image-preview:large","max-video-preview":"max-video-preview:-1"},"canonical":"https:\/\/agenciainfra.com\/blog\/mpor-quer-transformar-terminais-em-centros-de-desenvolvimento\/","og_locale":"pt_BR","og_type":"article","og_title":"MPor quer transformar terminais em centros de desenvolvimento","og_description":"da Ag\u00eancia iNFRA O programa Investe+ Aeroportos, do governo federal, prev\u00ea ampliar o uso das \u00e1reas dos terminais concedidos, permitindo que se tornem centros de atividades econ\u00f4micas e sociais. A proposta busca atrair empreendimentos privados e ampliar o uso comercial das \u00e1reas aeroportu\u00e1rias, estimulando a cria\u00e7\u00e3o de empregos e a diversifica\u00e7\u00e3o das economias locais. O [&hellip;]","og_url":"https:\/\/agenciainfra.com\/blog\/mpor-quer-transformar-terminais-em-centros-de-desenvolvimento\/","og_site_name":"Ag\u00eancia iNFRA","article_publisher":"https:\/\/www.facebook.com\/ageninfra","article_published_time":"2025-11-07T18:53:45+00:00","article_modified_time":"2025-11-07T19:44:58+00:00","og_image":[{"width":1280,"height":765,"url":"https:\/\/agenciainfra.com\/blog\/wp-content\/uploads\/2025\/10\/aeroporto-de-brasilia-foto-marcelo-camargo-agencia-brasil.jpg","type":"image\/jpeg"}],"author":"Ag\u00eancia iNFRA","twitter_card":"summary_large_image","twitter_creator":"@agencia_infra","twitter_site":"@agencia_infra","twitter_misc":{"Escrito por":"Ag\u00eancia iNFRA","Est. tempo de leitura":"1 minuto"},"schema":{"@context":"https:\/\/schema.org","@graph":[{"@type":"Article","@id":"https:\/\/agenciainfra.com\/blog\/mpor-quer-transformar-terminais-em-centros-de-desenvolvimento\/#article","isPartOf":{"@id":"https:\/\/agenciainfra.com\/blog\/mpor-quer-transformar-terminais-em-centros-de-desenvolvimento\/"},"author":{"name":"Ag\u00eancia iNFRA","@id":"https:\/\/agenciainfra.com\/blog\/#\/schema\/person\/34af08dff6adea4cb22b06612ba7acfa"},"headline":"MPor quer transformar terminais em centros de desenvolvimento","datePublished":"2025-11-07T18:53:45+00:00","dateModified":"2025-11-07T19:44:58+00:00","mainEntityOfPage":{"@id":"https:\/\/agenciainfra.com\/blog\/mpor-quer-transformar-terminais-em-centros-de-desenvolvimento\/"},"wordCount":222,"publisher":{"@id":"https:\/\/agenciainfra.com\/blog\/#organization"},"image":{"@id":"https:\/\/agenciainfra.com\/blog\/mpor-quer-transformar-terminais-em-centros-de-desenvolvimento\/#primaryimage"},"thumbnailUrl":"https:\/\/agenciainfra.com\/blog\/wp-content\/uploads\/2025\/10\/aeroporto-de-brasilia-foto-marcelo-camargo-agencia-brasil.jpg","keywords":["aeroportos","governo federal","Investimentos","MPor","Silvio Costa Filho"],"articleSection":["Giro iNFRA"],"inLanguage":"pt-BR","copyrightYear":"2025","copyrightHolder":{"@id":"https:\/\/agenciainfra.com\/blog\/#organization"}},{"@type":"WebPage","@id":"https:\/\/agenciainfra.com\/blog\/mpor-quer-transformar-terminais-em-centros-de-desenvolvimento\/","url":"https:\/\/agenciainfra.com\/blog\/mpor-quer-transformar-terminais-em-centros-de-desenvolvimento\/","name":"MPor quer transformar terminais em centros de desenvolvimento - Ag\u00eancia iNFRA","isPartOf":{"@id":"https:\/\/agenciainfra.com\/blog\/#website"},"primaryImageOfPage":{"@id":"https:\/\/agenciainfra.com\/blog\/mpor-quer-transformar-terminais-em-centros-de-desenvolvimento\/#primaryimage"},"image":{"@id":"https:\/\/agenciainfra.com\/blog\/mpor-quer-transformar-terminais-em-centros-de-desenvolvimento\/#primaryimage"},"thumbnailUrl":"https:\/\/agenciainfra.com\/blog\/wp-content\/uploads\/2025\/10\/aeroporto-de-brasilia-foto-marcelo-camargo-agencia-brasil.jpg","datePublished":"2025-11-07T18:53:45+00:00","dateModified":"2025-11-07T19:44:58+00:00","breadcrumb":{"@id":"https:\/\/agenciainfra.com\/blog\/mpor-quer-transformar-terminais-em-centros-de-desenvolvimento\/#breadcrumb"},"inLanguage":"pt-BR","potentialAction":[{"@type":"ReadAction","target":["https:\/\/agenciainfra.com\/blog\/mpor-quer-transformar-terminais-em-centros-de-desenvolvimento\/"]}]},{"@type":"ImageObject","inLanguage":"pt-BR","@id":"https:\/\/agenciainfra.com\/blog\/mpor-quer-transformar-terminais-em-centros-de-desenvolvimento\/#primaryimage","url":"https:\/\/agenciainfra.com\/blog\/wp-content\/uploads\/2025\/10\/aeroporto-de-brasilia-foto-marcelo-camargo-agencia-brasil.jpg","contentUrl":"https:\/\/agenciainfra.com\/blog\/wp-content\/uploads\/2025\/10\/aeroporto-de-brasilia-foto-marcelo-camargo-agencia-brasil.jpg","width":1280,"height":765,"caption":"Foto: Marcelo Camargo\/Ag\u00eancia Brasil"},{"@type":"BreadcrumbList","@id":"https:\/\/agenciainfra.com\/blog\/mpor-quer-transformar-terminais-em-centros-de-desenvolvimento\/#breadcrumb","itemListElement":[{"@type":"ListItem","position":1,"name":"In\u00edcio","item":"https:\/\/agenciainfra.com\/blog\/"},{"@type":"ListItem","position":2,"name":"MPor quer transformar terminais em centros de desenvolvimento"}]},{"@type":"WebSite","@id":"https:\/\/agenciainfra.com\/blog\/#website","url":"https:\/\/agenciainfra.com\/blog\/","name":"Ag\u00eancia iNFRA","description":"Multiplataforma de informa\u00e7\u00e3o jornal\u00edstica refer\u00eancia na \u00e1rea de infraestrutura no Brasil!","publisher":{"@id":"https:\/\/agenciainfra.com\/blog\/#organization"},"potentialAction":[{"@type":"SearchAction","target":{"@type":"EntryPoint","urlTemplate":"https:\/\/agenciainfra.com\/blog\/?s={search_term_string}"},"query-input":{"@type":"PropertyValueSpecification","valueRequired":true,"valueName":"search_term_string"}}],"inLanguage":"pt-BR"},{"@type":"Organization","@id":"https:\/\/agenciainfra.com\/blog\/#organization","name":"Ag\u00eancia iNFRA","url":"https:\/\/agenciainfra.com\/blog\/","logo":{"@type":"ImageObject","inLanguage":"pt-BR","@id":"https:\/\/agenciainfra.com\/blog\/#\/schema\/logo\/image\/","url":"https:\/\/agenciainfra.com\/blog\/wp-content\/uploads\/2023\/09\/iNFRA_5-e1761735885940.png","contentUrl":"https:\/\/agenciainfra.com\/blog\/wp-content\/uploads\/2023\/09\/iNFRA_5-e1761735885940.png","width":1672,"height":454,"caption":"Ag\u00eancia iNFRA"},"image":{"@id":"https:\/\/agenciainfra.com\/blog\/#\/schema\/logo\/image\/"},"sameAs":["https:\/\/www.facebook.com\/ageninfra","https:\/\/x.com\/agencia_infra","https:\/\/www.linkedin.com\/company\/ag\u00eanciainfra\/","https:\/\/www.instagram.com\/agenciainfra\/"]},{"@type":"Person","@id":"https:\/\/agenciainfra.com\/blog\/#\/schema\/person\/34af08dff6adea4cb22b06612ba7acfa","name":"Ag\u00eancia iNFRA","image":{"@type":"ImageObject","inLanguage":"pt-BR","@id":"https:\/\/agenciainfra.com\/blog\/#\/schema\/person\/image\/","url":"https:\/\/secure.gravatar.com\/avatar\/d189e01678f06d8eb84d4e01f08eb848b3fffe3f8443818d3c356c66892f5be8?s=96&d=mm&r=g","contentUrl":"https:\/\/secure.gravatar.com\/avatar\/d189e01678f06d8eb84d4e01f08eb848b3fffe3f8443818d3c356c66892f5be8?s=96&d=mm&r=g","caption":"Ag\u00eancia iNFRA"},"url":"https:\/\/agenciainfra.com\/blog\/author\/admin\/"}]}},"_links":{"self":[{"href":"https:\/\/agenciainfra.com\/blog\/wp-json\/wp\/v2\/posts\/31825","targetHints":{"allow":["GET"]}}],"collection":[{"href":"https:\/\/agenciainfra.com\/blog\/wp-json\/wp\/v2\/posts"}],"about":[{"href":"https:\/\/agenciainfra.com\/blog\/wp-json\/wp\/v2\/types\/post"}],"author":[{"embeddable":true,"href":"https:\/\/agenciainfra.com\/blog\/wp-json\/wp\/v2\/users\/1"}],"replies":[{"embeddable":true,"href":"https:\/\/agenciainfra.com\/blog\/wp-json\/wp\/v2\/comments?post=31825"}],"version-history":[{"count":2,"href":"https:\/\/agenciainfra.com\/blog\/wp-json\/wp\/v2\/posts\/31825\/revisions"}],"predecessor-version":[{"id":31843,"href":"https:\/\/agenciainfra.com\/blog\/wp-json\/wp\/v2\/posts\/31825\/revisions\/31843"}],"wp:featuredmedia":[{"embeddable":true,"href":"https:\/\/agenciainfra.com\/blog\/wp-json\/wp\/v2\/media\/29430"}],"wp:attachment":[{"href":"https:\/\/agenciainfra.com\/blog\/wp-json\/wp\/v2\/media?parent=31825"}],"wp:term":[{"taxonomy":"category","embeddable":true,"href":"https:\/\/agenciainfra.com\/blog\/wp-json\/wp\/v2\/categories?post=31825"},{"taxonomy":"post_tag","embeddable":true,"href":"https:\/\/agenciainfra.com\/blog\/wp-json\/wp\/v2\/tags?post=31825"}],"curies":[{"name":"wp","href":"https:\/\/api.w.org\/{rel}","templated":true}]}}