{"id":31857,"date":"2025-11-07T18:37:07","date_gmt":"2025-11-07T21:37:07","guid":{"rendered":"https:\/\/agenciainfra.com\/blog\/?p=31857"},"modified":"2025-11-11T10:46:25","modified_gmt":"2025-11-11T13:46:25","slug":"proposta-da-petrobras-para-sts08-do-porto-de-santos-esta-em-analise","status":"publish","type":"post","link":"https:\/\/agenciainfra.com\/blog\/proposta-da-petrobras-para-sts08-do-porto-de-santos-esta-em-analise\/","title":{"rendered":"Proposta da Petrobras para STS08 do Porto de Santos est\u00e1 em an\u00e1lise"},"content":{"rendered":"\n<p class=\"has-text-align-right\"><strong>Gabriel Vasconcelos, da Ag\u00eancia iNFRA<\/strong><\/p>\n\n\n\n<p>O diretor de Log\u00edstica, Comercializa\u00e7\u00e3o e Mercados da Petrobras, Claudio Schlosser, disse nesta sexta-feira (7) que a estatal ainda est\u00e1 em tratativas com o MPor (Minist\u00e9rio de Portos e Aeroportos) e a ANTAQ (Ag\u00eancia Nacional de Transportes Aquavi\u00e1rios) para definir os investimentos na \u00e1rea STS08 do Porto de Santos.<\/p>\n\n\n\n<p>&#8220;Enviamos uma proposta de investimento que est\u00e1 sendo analisada [pelo MPor], e que est\u00e1 sendo discutida tamb\u00e9m com a ANTAQ. Essa \u00e9 a tratativa que temos no momento com rela\u00e7\u00e3o \u00e0 \u00e1rea ST08&#8221;, disse Schlosser. Ele falou a jornalistas em entrevista sobre o resultado financeiro da Petrobras no terceiro trimestre.<\/p>\n\n\n\n<p>O executivo d\u00e1 a entender, portanto, que a &#8220;bola est\u00e1 com o governo&#8221;. Espera-se que o projeto seja citado no Plano Estrat\u00e9gico da companhia para o quinqu\u00eanio 2026-2030, em 27 de novembro, e que os valores constem do documento.<\/p>\n\n\n\n<p>O ministro de Portos e Aeroportos, Silvio Costa Filho, anunciou nesta semana que a licita\u00e7\u00e3o da \u00e1rea foi cancelada justamente em favor da Petrobras. Isso aconteceu em atendimento a um pleito antigo da estatal, mas tamb\u00e9m por receio do governo de que o certame pudesse atrair agentes citados em investiga\u00e7\u00f5es recentes sobre o mercado ilegal de combust\u00edveis.<\/p>\n\n\n\n<p>Nesta sexta-feira (7), Schlosser reconheceu que o adensamento da \u00e1rea operada pela Petrobras no Porto de Santos, com anexa\u00e7\u00e3o do STS08 \u00e0 \u00e1rea do STS08A, arrematada em leil\u00e3o pela Petrobras em 2021, sempre foi a inten\u00e7\u00e3o da empresa.<\/p>\n\n\n\n<p>&#8220;A inten\u00e7\u00e3o nossa sempre foi adensarmos as duas \u00e1reas. Isso representa o melhor benef\u00edcio, inclusive reconhecido pelos demais agentes do mercado. Tem uma vantagem muito grande nessa opera\u00e7\u00e3o [adensada]&#8221;, disse o diretor.<\/p>\n\n\n\n<p>Schlosser destacou, ainda, que o Porto de Santos tem import\u00e2ncia estrat\u00e9gica &#8220;muito grande&#8221; para a Petrobras por ser respons\u00e1vel pelo escoamento dos chamados produtos escuros, como \u00f3leo bunker e asfalto, e brancos (diesel e gasolina) das quatro refinarias de S\u00e3o Paulo, o maior parque de refino da companhia e do pa\u00eds.<\/p>\n","protected":false},"excerpt":{"rendered":"<p>Gabriel Vasconcelos, da Ag\u00eancia iNFRA O diretor de Log\u00edstica, Comercializa\u00e7\u00e3o e Mercados da Petrobras, Claudio Schlosser, disse nesta sexta-feira (7) que a estatal ainda est\u00e1 em tratativas com o MPor (Minist\u00e9rio de Portos e Aeroportos) e a ANTAQ (Ag\u00eancia Nacional de Transportes Aquavi\u00e1rios) para definir os investimentos na \u00e1rea STS08 do Porto de Santos. &#8220;Enviamos [&hellip;]<\/p>\n","protected":false},"author":1,"featured_media":5555,"comment_status":"closed","ping_status":"closed","sticky":false,"template":"","format":"standard","meta":{"_monsterinsights_skip_tracking":false,"_monsterinsights_sitenote_active":false,"_monsterinsights_sitenote_note":"","_monsterinsights_sitenote_category":0,"footnotes":""},"categories":[7250,7],"tags":[86,15032,13331,15031,13251,6257,143,260,7467,2299,2300],"class_list":["post-31857","post","type-post","status-publish","format-standard","has-post-thumbnail","hentry","category-destaque-lista","category-infratransporte","tag-antaq","tag-carbono-oculto","tag-claudio-schlosser","tag-fiscalizacao-de-combustiveis","tag-gabriel-vasconcelos","tag-ministerio-de-portos-e-aeroportos","tag-petrobras","tag-porto-de-santos","tag-silvio-costa-filho","tag-sts08","tag-sts08-a"],"yoast_head":"<!-- This site is optimized with the Yoast SEO Premium plugin v25.4 (Yoast SEO v26.0) - https:\/\/yoast.com\/wordpress\/plugins\/seo\/ -->\n<title>Proposta da Petrobras para STS08 do Porto de Santos est\u00e1 em an\u00e1lise - Ag\u00eancia iNFRA<\/title>\n<meta name=\"robots\" content=\"index, follow, max-snippet:-1, max-image-preview:large, max-video-preview:-1\" \/>\n<link rel=\"canonical\" href=\"https:\/\/agenciainfra.com\/blog\/proposta-da-petrobras-para-sts08-do-porto-de-santos-esta-em-analise\/\" \/>\n<meta property=\"og:locale\" content=\"pt_BR\" \/>\n<meta property=\"og:type\" content=\"article\" \/>\n<meta property=\"og:title\" content=\"Proposta da Petrobras para STS08 do Porto de Santos est\u00e1 em an\u00e1lise\" \/>\n<meta property=\"og:description\" content=\"Gabriel Vasconcelos, da Ag\u00eancia iNFRA O diretor de Log\u00edstica, Comercializa\u00e7\u00e3o e Mercados da Petrobras, Claudio Schlosser, disse nesta sexta-feira (7) que a estatal ainda est\u00e1 em tratativas com o MPor (Minist\u00e9rio de Portos e Aeroportos) e a ANTAQ (Ag\u00eancia Nacional de Transportes Aquavi\u00e1rios) para definir os investimentos na \u00e1rea STS08 do Porto de Santos. &#8220;Enviamos [&hellip;]\" \/>\n<meta property=\"og:url\" content=\"https:\/\/agenciainfra.com\/blog\/proposta-da-petrobras-para-sts08-do-porto-de-santos-esta-em-analise\/\" \/>\n<meta property=\"og:site_name\" content=\"Ag\u00eancia iNFRA\" \/>\n<meta property=\"article:publisher\" content=\"https:\/\/www.facebook.com\/ageninfra\" \/>\n<meta property=\"article:published_time\" content=\"2025-11-07T21:37:07+00:00\" \/>\n<meta property=\"article:modified_time\" content=\"2025-11-11T13:46:25+00:00\" \/>\n<meta property=\"og:image\" content=\"https:\/\/agenciainfra.com\/blog\/wp-content\/uploads\/2020\/08\/sts08-sts08a-foto-spa.jpeg\" \/>\n\t<meta property=\"og:image:width\" content=\"1280\" \/>\n\t<meta property=\"og:image:height\" content=\"747\" \/>\n\t<meta property=\"og:image:type\" content=\"image\/jpeg\" \/>\n<meta name=\"author\" content=\"Ag\u00eancia iNFRA\" \/>\n<meta name=\"twitter:card\" content=\"summary_large_image\" \/>\n<meta name=\"twitter:creator\" content=\"@agencia_infra\" \/>\n<meta name=\"twitter:site\" content=\"@agencia_infra\" \/>\n<meta name=\"twitter:label1\" content=\"Escrito por\" \/>\n\t<meta name=\"twitter:data1\" content=\"Ag\u00eancia iNFRA\" \/>\n\t<meta name=\"twitter:label2\" content=\"Est. tempo de leitura\" \/>\n\t<meta name=\"twitter:data2\" content=\"2 minutos\" \/>\n<script type=\"application\/ld+json\" class=\"yoast-schema-graph\">{\"@context\":\"https:\/\/schema.org\",\"@graph\":[{\"@type\":\"Article\",\"@id\":\"https:\/\/agenciainfra.com\/blog\/proposta-da-petrobras-para-sts08-do-porto-de-santos-esta-em-analise\/#article\",\"isPartOf\":{\"@id\":\"https:\/\/agenciainfra.com\/blog\/proposta-da-petrobras-para-sts08-do-porto-de-santos-esta-em-analise\/\"},\"author\":{\"name\":\"Ag\u00eancia iNFRA\",\"@id\":\"https:\/\/agenciainfra.com\/blog\/#\/schema\/person\/34af08dff6adea4cb22b06612ba7acfa\"},\"headline\":\"Proposta da Petrobras para STS08 do Porto de Santos est\u00e1 em an\u00e1lise\",\"datePublished\":\"2025-11-07T21:37:07+00:00\",\"dateModified\":\"2025-11-11T13:46:25+00:00\",\"mainEntityOfPage\":{\"@id\":\"https:\/\/agenciainfra.com\/blog\/proposta-da-petrobras-para-sts08-do-porto-de-santos-esta-em-analise\/\"},\"wordCount\":353,\"publisher\":{\"@id\":\"https:\/\/agenciainfra.com\/blog\/#organization\"},\"image\":{\"@id\":\"https:\/\/agenciainfra.com\/blog\/proposta-da-petrobras-para-sts08-do-porto-de-santos-esta-em-analise\/#primaryimage\"},\"thumbnailUrl\":\"https:\/\/agenciainfra.com\/blog\/wp-content\/uploads\/2020\/08\/sts08-sts08a-foto-spa.jpeg\",\"keywords\":[\"ANTAQ\",\"Carbono Oculto\",\"claudio schlosser\",\"fiscaliza\u00e7\u00e3o de combust\u00edveis\",\"Gabriel Vasconcelos\",\"Minist\u00e9rio de Portos e Aeroportos\",\"Petrobras\",\"Porto de Santos\",\"Silvio Costa Filho\",\"STS08\",\"STS08-A\"],\"articleSection\":[\"Destaque lista\",\"iNFRATransporte\"],\"inLanguage\":\"pt-BR\",\"copyrightYear\":\"2025\",\"copyrightHolder\":{\"@id\":\"https:\/\/agenciainfra.com\/blog\/#organization\"}},{\"@type\":\"WebPage\",\"@id\":\"https:\/\/agenciainfra.com\/blog\/proposta-da-petrobras-para-sts08-do-porto-de-santos-esta-em-analise\/\",\"url\":\"https:\/\/agenciainfra.com\/blog\/proposta-da-petrobras-para-sts08-do-porto-de-santos-esta-em-analise\/\",\"name\":\"Proposta da Petrobras para STS08 do Porto de Santos est\u00e1 em an\u00e1lise - Ag\u00eancia iNFRA\",\"isPartOf\":{\"@id\":\"https:\/\/agenciainfra.com\/blog\/#website\"},\"primaryImageOfPage\":{\"@id\":\"https:\/\/agenciainfra.com\/blog\/proposta-da-petrobras-para-sts08-do-porto-de-santos-esta-em-analise\/#primaryimage\"},\"image\":{\"@id\":\"https:\/\/agenciainfra.com\/blog\/proposta-da-petrobras-para-sts08-do-porto-de-santos-esta-em-analise\/#primaryimage\"},\"thumbnailUrl\":\"https:\/\/agenciainfra.com\/blog\/wp-content\/uploads\/2020\/08\/sts08-sts08a-foto-spa.jpeg\",\"datePublished\":\"2025-11-07T21:37:07+00:00\",\"dateModified\":\"2025-11-11T13:46:25+00:00\",\"breadcrumb\":{\"@id\":\"https:\/\/agenciainfra.com\/blog\/proposta-da-petrobras-para-sts08-do-porto-de-santos-esta-em-analise\/#breadcrumb\"},\"inLanguage\":\"pt-BR\",\"potentialAction\":[{\"@type\":\"ReadAction\",\"target\":[\"https:\/\/agenciainfra.com\/blog\/proposta-da-petrobras-para-sts08-do-porto-de-santos-esta-em-analise\/\"]}]},{\"@type\":\"ImageObject\",\"inLanguage\":\"pt-BR\",\"@id\":\"https:\/\/agenciainfra.com\/blog\/proposta-da-petrobras-para-sts08-do-porto-de-santos-esta-em-analise\/#primaryimage\",\"url\":\"https:\/\/agenciainfra.com\/blog\/wp-content\/uploads\/2020\/08\/sts08-sts08a-foto-spa.jpeg\",\"contentUrl\":\"https:\/\/agenciainfra.com\/blog\/wp-content\/uploads\/2020\/08\/sts08-sts08a-foto-spa.jpeg\",\"width\":1280,\"height\":747,\"caption\":\"Foto: Autoridade Portu\u00e1ria de Santos\"},{\"@type\":\"BreadcrumbList\",\"@id\":\"https:\/\/agenciainfra.com\/blog\/proposta-da-petrobras-para-sts08-do-porto-de-santos-esta-em-analise\/#breadcrumb\",\"itemListElement\":[{\"@type\":\"ListItem\",\"position\":1,\"name\":\"In\u00edcio\",\"item\":\"https:\/\/agenciainfra.com\/blog\/\"},{\"@type\":\"ListItem\",\"position\":2,\"name\":\"Proposta da Petrobras para STS08 do Porto de Santos est\u00e1 em an\u00e1lise\"}]},{\"@type\":\"WebSite\",\"@id\":\"https:\/\/agenciainfra.com\/blog\/#website\",\"url\":\"https:\/\/agenciainfra.com\/blog\/\",\"name\":\"Ag\u00eancia iNFRA\",\"description\":\"Multiplataforma de informa\u00e7\u00e3o jornal\u00edstica refer\u00eancia na \u00e1rea de infraestrutura no Brasil!\",\"publisher\":{\"@id\":\"https:\/\/agenciainfra.com\/blog\/#organization\"},\"potentialAction\":[{\"@type\":\"SearchAction\",\"target\":{\"@type\":\"EntryPoint\",\"urlTemplate\":\"https:\/\/agenciainfra.com\/blog\/?s={search_term_string}\"},\"query-input\":{\"@type\":\"PropertyValueSpecification\",\"valueRequired\":true,\"valueName\":\"search_term_string\"}}],\"inLanguage\":\"pt-BR\"},{\"@type\":\"Organization\",\"@id\":\"https:\/\/agenciainfra.com\/blog\/#organization\",\"name\":\"Ag\u00eancia iNFRA\",\"url\":\"https:\/\/agenciainfra.com\/blog\/\",\"logo\":{\"@type\":\"ImageObject\",\"inLanguage\":\"pt-BR\",\"@id\":\"https:\/\/agenciainfra.com\/blog\/#\/schema\/logo\/image\/\",\"url\":\"https:\/\/agenciainfra.com\/blog\/wp-content\/uploads\/2023\/09\/iNFRA_5-e1761735885940.png\",\"contentUrl\":\"https:\/\/agenciainfra.com\/blog\/wp-content\/uploads\/2023\/09\/iNFRA_5-e1761735885940.png\",\"width\":1672,\"height\":454,\"caption\":\"Ag\u00eancia iNFRA\"},\"image\":{\"@id\":\"https:\/\/agenciainfra.com\/blog\/#\/schema\/logo\/image\/\"},\"sameAs\":[\"https:\/\/www.facebook.com\/ageninfra\",\"https:\/\/x.com\/agencia_infra\",\"https:\/\/www.linkedin.com\/company\/ag\u00eanciainfra\/\",\"https:\/\/www.instagram.com\/agenciainfra\/\"]},{\"@type\":\"Person\",\"@id\":\"https:\/\/agenciainfra.com\/blog\/#\/schema\/person\/34af08dff6adea4cb22b06612ba7acfa\",\"name\":\"Ag\u00eancia iNFRA\",\"image\":{\"@type\":\"ImageObject\",\"inLanguage\":\"pt-BR\",\"@id\":\"https:\/\/agenciainfra.com\/blog\/#\/schema\/person\/image\/\",\"url\":\"https:\/\/secure.gravatar.com\/avatar\/d189e01678f06d8eb84d4e01f08eb848b3fffe3f8443818d3c356c66892f5be8?s=96&d=mm&r=g\",\"contentUrl\":\"https:\/\/secure.gravatar.com\/avatar\/d189e01678f06d8eb84d4e01f08eb848b3fffe3f8443818d3c356c66892f5be8?s=96&d=mm&r=g\",\"caption\":\"Ag\u00eancia iNFRA\"},\"url\":\"https:\/\/agenciainfra.com\/blog\/author\/admin\/\"}]}<\/script>\n<!-- \/ Yoast SEO Premium plugin. -->","yoast_head_json":{"title":"Proposta da Petrobras para STS08 do Porto de Santos est\u00e1 em an\u00e1lise - Ag\u00eancia iNFRA","robots":{"index":"index","follow":"follow","max-snippet":"max-snippet:-1","max-image-preview":"max-image-preview:large","max-video-preview":"max-video-preview:-1"},"canonical":"https:\/\/agenciainfra.com\/blog\/proposta-da-petrobras-para-sts08-do-porto-de-santos-esta-em-analise\/","og_locale":"pt_BR","og_type":"article","og_title":"Proposta da Petrobras para STS08 do Porto de Santos est\u00e1 em an\u00e1lise","og_description":"Gabriel Vasconcelos, da Ag\u00eancia iNFRA O diretor de Log\u00edstica, Comercializa\u00e7\u00e3o e Mercados da Petrobras, Claudio Schlosser, disse nesta sexta-feira (7) que a estatal ainda est\u00e1 em tratativas com o MPor (Minist\u00e9rio de Portos e Aeroportos) e a ANTAQ (Ag\u00eancia Nacional de Transportes Aquavi\u00e1rios) para definir os investimentos na \u00e1rea STS08 do Porto de Santos. &#8220;Enviamos [&hellip;]","og_url":"https:\/\/agenciainfra.com\/blog\/proposta-da-petrobras-para-sts08-do-porto-de-santos-esta-em-analise\/","og_site_name":"Ag\u00eancia iNFRA","article_publisher":"https:\/\/www.facebook.com\/ageninfra","article_published_time":"2025-11-07T21:37:07+00:00","article_modified_time":"2025-11-11T13:46:25+00:00","og_image":[{"width":1280,"height":747,"url":"https:\/\/agenciainfra.com\/blog\/wp-content\/uploads\/2020\/08\/sts08-sts08a-foto-spa.jpeg","type":"image\/jpeg"}],"author":"Ag\u00eancia iNFRA","twitter_card":"summary_large_image","twitter_creator":"@agencia_infra","twitter_site":"@agencia_infra","twitter_misc":{"Escrito por":"Ag\u00eancia iNFRA","Est. tempo de leitura":"2 minutos"},"schema":{"@context":"https:\/\/schema.org","@graph":[{"@type":"Article","@id":"https:\/\/agenciainfra.com\/blog\/proposta-da-petrobras-para-sts08-do-porto-de-santos-esta-em-analise\/#article","isPartOf":{"@id":"https:\/\/agenciainfra.com\/blog\/proposta-da-petrobras-para-sts08-do-porto-de-santos-esta-em-analise\/"},"author":{"name":"Ag\u00eancia iNFRA","@id":"https:\/\/agenciainfra.com\/blog\/#\/schema\/person\/34af08dff6adea4cb22b06612ba7acfa"},"headline":"Proposta da Petrobras para STS08 do Porto de Santos est\u00e1 em an\u00e1lise","datePublished":"2025-11-07T21:37:07+00:00","dateModified":"2025-11-11T13:46:25+00:00","mainEntityOfPage":{"@id":"https:\/\/agenciainfra.com\/blog\/proposta-da-petrobras-para-sts08-do-porto-de-santos-esta-em-analise\/"},"wordCount":353,"publisher":{"@id":"https:\/\/agenciainfra.com\/blog\/#organization"},"image":{"@id":"https:\/\/agenciainfra.com\/blog\/proposta-da-petrobras-para-sts08-do-porto-de-santos-esta-em-analise\/#primaryimage"},"thumbnailUrl":"https:\/\/agenciainfra.com\/blog\/wp-content\/uploads\/2020\/08\/sts08-sts08a-foto-spa.jpeg","keywords":["ANTAQ","Carbono Oculto","claudio schlosser","fiscaliza\u00e7\u00e3o de combust\u00edveis","Gabriel Vasconcelos","Minist\u00e9rio de Portos e Aeroportos","Petrobras","Porto de Santos","Silvio Costa Filho","STS08","STS08-A"],"articleSection":["Destaque lista","iNFRATransporte"],"inLanguage":"pt-BR","copyrightYear":"2025","copyrightHolder":{"@id":"https:\/\/agenciainfra.com\/blog\/#organization"}},{"@type":"WebPage","@id":"https:\/\/agenciainfra.com\/blog\/proposta-da-petrobras-para-sts08-do-porto-de-santos-esta-em-analise\/","url":"https:\/\/agenciainfra.com\/blog\/proposta-da-petrobras-para-sts08-do-porto-de-santos-esta-em-analise\/","name":"Proposta da Petrobras para STS08 do Porto de Santos est\u00e1 em an\u00e1lise - Ag\u00eancia iNFRA","isPartOf":{"@id":"https:\/\/agenciainfra.com\/blog\/#website"},"primaryImageOfPage":{"@id":"https:\/\/agenciainfra.com\/blog\/proposta-da-petrobras-para-sts08-do-porto-de-santos-esta-em-analise\/#primaryimage"},"image":{"@id":"https:\/\/agenciainfra.com\/blog\/proposta-da-petrobras-para-sts08-do-porto-de-santos-esta-em-analise\/#primaryimage"},"thumbnailUrl":"https:\/\/agenciainfra.com\/blog\/wp-content\/uploads\/2020\/08\/sts08-sts08a-foto-spa.jpeg","datePublished":"2025-11-07T21:37:07+00:00","dateModified":"2025-11-11T13:46:25+00:00","breadcrumb":{"@id":"https:\/\/agenciainfra.com\/blog\/proposta-da-petrobras-para-sts08-do-porto-de-santos-esta-em-analise\/#breadcrumb"},"inLanguage":"pt-BR","potentialAction":[{"@type":"ReadAction","target":["https:\/\/agenciainfra.com\/blog\/proposta-da-petrobras-para-sts08-do-porto-de-santos-esta-em-analise\/"]}]},{"@type":"ImageObject","inLanguage":"pt-BR","@id":"https:\/\/agenciainfra.com\/blog\/proposta-da-petrobras-para-sts08-do-porto-de-santos-esta-em-analise\/#primaryimage","url":"https:\/\/agenciainfra.com\/blog\/wp-content\/uploads\/2020\/08\/sts08-sts08a-foto-spa.jpeg","contentUrl":"https:\/\/agenciainfra.com\/blog\/wp-content\/uploads\/2020\/08\/sts08-sts08a-foto-spa.jpeg","width":1280,"height":747,"caption":"Foto: Autoridade Portu\u00e1ria de Santos"},{"@type":"BreadcrumbList","@id":"https:\/\/agenciainfra.com\/blog\/proposta-da-petrobras-para-sts08-do-porto-de-santos-esta-em-analise\/#breadcrumb","itemListElement":[{"@type":"ListItem","position":1,"name":"In\u00edcio","item":"https:\/\/agenciainfra.com\/blog\/"},{"@type":"ListItem","position":2,"name":"Proposta da Petrobras para STS08 do Porto de Santos est\u00e1 em an\u00e1lise"}]},{"@type":"WebSite","@id":"https:\/\/agenciainfra.com\/blog\/#website","url":"https:\/\/agenciainfra.com\/blog\/","name":"Ag\u00eancia iNFRA","description":"Multiplataforma de informa\u00e7\u00e3o jornal\u00edstica refer\u00eancia na \u00e1rea de infraestrutura no Brasil!","publisher":{"@id":"https:\/\/agenciainfra.com\/blog\/#organization"},"potentialAction":[{"@type":"SearchAction","target":{"@type":"EntryPoint","urlTemplate":"https:\/\/agenciainfra.com\/blog\/?s={search_term_string}"},"query-input":{"@type":"PropertyValueSpecification","valueRequired":true,"valueName":"search_term_string"}}],"inLanguage":"pt-BR"},{"@type":"Organization","@id":"https:\/\/agenciainfra.com\/blog\/#organization","name":"Ag\u00eancia iNFRA","url":"https:\/\/agenciainfra.com\/blog\/","logo":{"@type":"ImageObject","inLanguage":"pt-BR","@id":"https:\/\/agenciainfra.com\/blog\/#\/schema\/logo\/image\/","url":"https:\/\/agenciainfra.com\/blog\/wp-content\/uploads\/2023\/09\/iNFRA_5-e1761735885940.png","contentUrl":"https:\/\/agenciainfra.com\/blog\/wp-content\/uploads\/2023\/09\/iNFRA_5-e1761735885940.png","width":1672,"height":454,"caption":"Ag\u00eancia iNFRA"},"image":{"@id":"https:\/\/agenciainfra.com\/blog\/#\/schema\/logo\/image\/"},"sameAs":["https:\/\/www.facebook.com\/ageninfra","https:\/\/x.com\/agencia_infra","https:\/\/www.linkedin.com\/company\/ag\u00eanciainfra\/","https:\/\/www.instagram.com\/agenciainfra\/"]},{"@type":"Person","@id":"https:\/\/agenciainfra.com\/blog\/#\/schema\/person\/34af08dff6adea4cb22b06612ba7acfa","name":"Ag\u00eancia iNFRA","image":{"@type":"ImageObject","inLanguage":"pt-BR","@id":"https:\/\/agenciainfra.com\/blog\/#\/schema\/person\/image\/","url":"https:\/\/secure.gravatar.com\/avatar\/d189e01678f06d8eb84d4e01f08eb848b3fffe3f8443818d3c356c66892f5be8?s=96&d=mm&r=g","contentUrl":"https:\/\/secure.gravatar.com\/avatar\/d189e01678f06d8eb84d4e01f08eb848b3fffe3f8443818d3c356c66892f5be8?s=96&d=mm&r=g","caption":"Ag\u00eancia iNFRA"},"url":"https:\/\/agenciainfra.com\/blog\/author\/admin\/"}]}},"_links":{"self":[{"href":"https:\/\/agenciainfra.com\/blog\/wp-json\/wp\/v2\/posts\/31857","targetHints":{"allow":["GET"]}}],"collection":[{"href":"https:\/\/agenciainfra.com\/blog\/wp-json\/wp\/v2\/posts"}],"about":[{"href":"https:\/\/agenciainfra.com\/blog\/wp-json\/wp\/v2\/types\/post"}],"author":[{"embeddable":true,"href":"https:\/\/agenciainfra.com\/blog\/wp-json\/wp\/v2\/users\/1"}],"replies":[{"embeddable":true,"href":"https:\/\/agenciainfra.com\/blog\/wp-json\/wp\/v2\/comments?post=31857"}],"version-history":[{"count":2,"href":"https:\/\/agenciainfra.com\/blog\/wp-json\/wp\/v2\/posts\/31857\/revisions"}],"predecessor-version":[{"id":31881,"href":"https:\/\/agenciainfra.com\/blog\/wp-json\/wp\/v2\/posts\/31857\/revisions\/31881"}],"wp:featuredmedia":[{"embeddable":true,"href":"https:\/\/agenciainfra.com\/blog\/wp-json\/wp\/v2\/media\/5555"}],"wp:attachment":[{"href":"https:\/\/agenciainfra.com\/blog\/wp-json\/wp\/v2\/media?parent=31857"}],"wp:term":[{"taxonomy":"category","embeddable":true,"href":"https:\/\/agenciainfra.com\/blog\/wp-json\/wp\/v2\/categories?post=31857"},{"taxonomy":"post_tag","embeddable":true,"href":"https:\/\/agenciainfra.com\/blog\/wp-json\/wp\/v2\/tags?post=31857"}],"curies":[{"name":"wp","href":"https:\/\/api.w.org\/{rel}","templated":true}]}}