{"id":31885,"date":"2025-11-10T10:48:28","date_gmt":"2025-11-10T13:48:28","guid":{"rendered":"https:\/\/agenciainfra.com\/blog\/?p=31885"},"modified":"2025-11-10T10:48:29","modified_gmt":"2025-11-10T13:48:29","slug":"o-que-o-setor-eletrico-pode-ensinar-ao-mercado-de-restauracao-florestal","status":"publish","type":"post","link":"https:\/\/agenciainfra.com\/blog\/o-que-o-setor-eletrico-pode-ensinar-ao-mercado-de-restauracao-florestal\/","title":{"rendered":"O que o setor el\u00e9trico pode ensinar ao mercado de restaura\u00e7\u00e3o florestal"},"content":{"rendered":"\n<p class=\"has-text-align-right\"><strong>Fl\u00e1via Antunes*<\/strong><\/p>\n\n\n\n<p>Em tempos de COP30, o Brasil re\u00fane duas for\u00e7as que o colocam em posi\u00e7\u00e3o \u00fanica no cen\u00e1rio global: uma matriz el\u00e9trica composta por cerca de 90% de fontes renov\u00e1veis e mais de 500 milh\u00f5es de hectares de vegeta\u00e7\u00e3o nativa. Energia e natureza s\u00e3o pilares complementares de uma mesma estrat\u00e9gia: impulsionar o desenvolvimento sustent\u00e1vel e posicionar o pa\u00eds como protagonista da economia de baixo carbono.<\/p>\n\n\n\n<p>H\u00e1 um paralelo evidente entre o setor el\u00e9trico e o de SbN (Solu\u00e7\u00f5es Baseadas na Natureza). Ambos compartilham o mesmo prop\u00f3sito de reduzir emiss\u00f5es, gerar empregos verdes e promover resili\u00eancia clim\u00e1tica, embora partam de fundamentos distintos. Enquanto o setor el\u00e9trico se baseia em infraestrutura, tecnologia e redes para viabilizar a transi\u00e7\u00e3o energ\u00e9tica, as SbN utilizam a restaura\u00e7\u00e3o e a conserva\u00e7\u00e3o dos ecossistemas como instrumentos para remover carbono da atmosfera. Unindo essas duas frentes, o Brasil pode se tornar um verdadeiro hub de solu\u00e7\u00f5es clim\u00e1ticas integradas.<\/p>\n\n\n\n<p>O setor el\u00e9trico brasileiro consolidou-se nas \u00faltimas d\u00e9cadas como um caso de sucesso em governan\u00e7a e previsibilidade. Com um marco regulat\u00f3rio s\u00f3lido h\u00e1 mais de 25 anos, planejamento centralizado e concess\u00f5es que equilibram risco e retorno, o pa\u00eds construiu um sistema interligado, capaz de atender de forma est\u00e1vel um mercado consumidor universalizado e em crescimento. Essa estrutura permitiu resultados expressivos tamb\u00e9m no campo clim\u00e1tico: a expans\u00e3o planejada da matriz nacional pode reduzir at\u00e9 176 milh\u00f5es de toneladas de CO\u2082 por ano at\u00e9 2050, o equivalente a 42% das emiss\u00f5es atuais do setor energ\u00e9tico e 11% das emiss\u00f5es l\u00edquidas nacionais.<\/p>\n\n\n\n<p>As SbN, por sua vez, come\u00e7am a trilhar caminho semelhante, ainda que em est\u00e1gio menos maduro. A aprova\u00e7\u00e3o do SBCE (Sistema Brasileiro de Com\u00e9rcio de Emiss\u00f5es), em dezembro de 2024, foi um marco fundamental para trazer seguran\u00e7a jur\u00eddica e previsibilidade aos investidores. O setor tem atra\u00eddo aten\u00e7\u00e3o crescente: empresas de tecnologia, avia\u00e7\u00e3o e finan\u00e7as j\u00e1 movimentam cerca de R$ 200 bilh\u00f5es em cr\u00e9ditos de carbono, com forte apetite por projetos brasileiros. Iniciativas como a Coaliz\u00e3o Brasil Clima, Florestas e Agricultura garantiram US$ 2,6 bilh\u00f5es para projetos de bioeconomia e restaura\u00e7\u00e3o, com a meta de erradicar o desmatamento ilegal at\u00e9 2030.<\/p>\n\n\n\n<p>Ainda assim, os desafios permanecem significativos. O pa\u00eds precisa expandir a rede de viveiros florestais, padronizar custos e certifica\u00e7\u00f5es, mitigar riscos cambiais e construir refer\u00eancias p\u00fablicas de pre\u00e7o para os cr\u00e9ditos de carbono. \u00c9 justamente nesse ponto que o paralelo com o setor el\u00e9trico ganha for\u00e7a: a estrutura regulat\u00f3ria, o modelo de concess\u00f5es e o planejamento plurianual que sustentaram o crescimento do setor de energia podem inspirar o avan\u00e7o das SbN.<\/p>\n\n\n\n<p>Assim como a energia renov\u00e1vel se viabilizou com pol\u00edticas de incentivo de longo prazo, o setor florestal tamb\u00e9m demanda mecanismos financeiros espec\u00edficos como linhas de cr\u00e9dito, subs\u00eddios e instrumentos que garantam estabilidade e seguran\u00e7a para novos investimentos. O papel do Estado \u00e9 essencial, seja pela atua\u00e7\u00e3o de instrumentos como o Fundo Clima e o Eco Invest, seja pela cria\u00e7\u00e3o de condi\u00e7\u00f5es est\u00e1veis para o investimento privado. A experi\u00eancia do setor el\u00e9trico mostra que estabilidade regulat\u00f3ria, transpar\u00eancia e parcerias p\u00fablico-privadas bem estruturadas s\u00e3o os alicerces para destravar escala e competitividade.<\/p>\n\n\n\n<p>\u00c9 dessa converg\u00eancia entre natureza e energia que nasce a Carbon2Nature Brasil, joint venture da Neoenergia com a Carbon2Nature, da Iberdrola, dedicada ao desenvolvimento de solu\u00e7\u00f5es baseadas na natureza. No Sul da Bahia, a empresa se uniu \u00e0 Biomas para restaurar uma \u00e1rea degradada de 1,2 mil hectares com \u00e1rvores nativas, o que representa o plantio de mais de 2 milh\u00f5es de mudas de 70 esp\u00e9cies at\u00e9 2027. O projeto, batizado de Mu\u00e7ununga, prev\u00ea a gera\u00e7\u00e3o de aproximadamente 525 mil cr\u00e9ditos de carbono em 40 anos, cada um equivalente a uma tonelada de CO\u2082 removida da atmosfera. Trata-se de um modelo em que a restaura\u00e7\u00e3o \u00e9 financiada pelos pr\u00f3prios cr\u00e9ditos de carbono gerados, combinando sustentabilidade ambiental e viabilidade econ\u00f4mica.<\/p>\n\n\n\n<p>O futuro do Brasil depende dessa integra\u00e7\u00e3o. O pa\u00eds tem condi\u00e7\u00f5es \u00fanicas de liderar a transi\u00e7\u00e3o global para uma economia de baixo carbono, unindo a solidez do seu setor el\u00e9trico \u00e0 for\u00e7a transformadora das suas florestas. Ao replicar nas SbN a mesma l\u00f3gica de governan\u00e7a, planejamento e transpar\u00eancia que estruturou o setor de energia, o Brasil pode mostrar ao mundo que \u00e9 poss\u00edvel crescer, inovar e proteger o planeta ao mesmo tempo. A hora \u00e9 agora. A COP 30 ser\u00e1 o palco ideal para reafirmar esse protagonismo.<\/p>\n\n\n\n<p><strong>*Fl\u00e1via Antunes<\/strong> \u00e9 chief operating officer da Carbon2Nature Brasil.<\/p>\n\n\n\n<p class=\"has-luminous-vivid-orange-color has-text-color has-link-color wp-elements-afaaa81626125a77b95b6a69457c218d\">As opini\u00f5es dos autores n\u00e3o refletem necessariamente o pensamento da<strong>&nbsp;Ag\u00eancia iNFRA<\/strong>, sendo de total responsabilidade do autor as informa\u00e7\u00f5es, ju\u00edzos de valor e conceitos descritos no texto.<\/p>\n","protected":false},"excerpt":{"rendered":"<p>Fl\u00e1via Antunes* Em tempos de COP30, o Brasil re\u00fane duas for\u00e7as que o colocam em posi\u00e7\u00e3o \u00fanica no cen\u00e1rio global: uma matriz el\u00e9trica composta por cerca de 90% de fontes renov\u00e1veis e mais de 500 milh\u00f5es de hectares de vegeta\u00e7\u00e3o nativa. Energia e natureza s\u00e3o pilares complementares de uma mesma estrat\u00e9gia: impulsionar o desenvolvimento sustent\u00e1vel [&hellip;]<\/p>\n","protected":false},"author":1,"featured_media":31886,"comment_status":"closed","ping_status":"closed","sticky":false,"template":"","format":"standard","meta":{"_monsterinsights_skip_tracking":false,"_monsterinsights_sitenote_active":false,"_monsterinsights_sitenote_note":"","_monsterinsights_sitenote_category":0,"footnotes":""},"categories":[10,10040],"tags":[16829,16827,8068,16824,16828,593,16825,54,16826],"class_list":["post-31885","post","type-post","status-publish","format-standard","has-post-thumbnail","hentry","category-infraenergia","category-opiniao","tag-biomas","tag-carbon2nature-brasil","tag-cop30","tag-flavia-antunes","tag-iberdrola","tag-neoenergia","tag-restauracao-florestal","tag-setor-eletrico","tag-solucoes-baseadas-na-natureza"],"yoast_head":"<!-- This site is optimized with the Yoast SEO Premium plugin v25.4 (Yoast SEO v26.0) - https:\/\/yoast.com\/wordpress\/plugins\/seo\/ -->\n<title>O que o setor el\u00e9trico pode ensinar ao mercado de restaura\u00e7\u00e3o florestal - Ag\u00eancia iNFRA<\/title>\n<meta name=\"robots\" content=\"index, follow, max-snippet:-1, max-image-preview:large, max-video-preview:-1\" \/>\n<link rel=\"canonical\" href=\"https:\/\/agenciainfra.com\/blog\/o-que-o-setor-eletrico-pode-ensinar-ao-mercado-de-restauracao-florestal\/\" \/>\n<meta property=\"og:locale\" content=\"pt_BR\" \/>\n<meta property=\"og:type\" content=\"article\" \/>\n<meta property=\"og:title\" content=\"O que o setor el\u00e9trico pode ensinar ao mercado de restaura\u00e7\u00e3o florestal\" \/>\n<meta property=\"og:description\" content=\"Fl\u00e1via Antunes* Em tempos de COP30, o Brasil re\u00fane duas for\u00e7as que o colocam em posi\u00e7\u00e3o \u00fanica no cen\u00e1rio global: uma matriz el\u00e9trica composta por cerca de 90% de fontes renov\u00e1veis e mais de 500 milh\u00f5es de hectares de vegeta\u00e7\u00e3o nativa. Energia e natureza s\u00e3o pilares complementares de uma mesma estrat\u00e9gia: impulsionar o desenvolvimento sustent\u00e1vel [&hellip;]\" \/>\n<meta property=\"og:url\" content=\"https:\/\/agenciainfra.com\/blog\/o-que-o-setor-eletrico-pode-ensinar-ao-mercado-de-restauracao-florestal\/\" \/>\n<meta property=\"og:site_name\" content=\"Ag\u00eancia iNFRA\" \/>\n<meta property=\"article:publisher\" content=\"https:\/\/www.facebook.com\/ageninfra\" \/>\n<meta property=\"article:published_time\" content=\"2025-11-10T13:48:28+00:00\" \/>\n<meta property=\"article:modified_time\" content=\"2025-11-10T13:48:29+00:00\" \/>\n<meta property=\"og:image\" content=\"https:\/\/agenciainfra.com\/blog\/wp-content\/uploads\/2025\/11\/flavia-antunes-foto-neoenergia-divulgacao.jpg\" \/>\n\t<meta property=\"og:image:width\" content=\"1280\" \/>\n\t<meta property=\"og:image:height\" content=\"828\" \/>\n\t<meta property=\"og:image:type\" content=\"image\/jpeg\" \/>\n<meta name=\"author\" content=\"Ag\u00eancia iNFRA\" \/>\n<meta name=\"twitter:card\" content=\"summary_large_image\" \/>\n<meta name=\"twitter:creator\" content=\"@agencia_infra\" \/>\n<meta name=\"twitter:site\" content=\"@agencia_infra\" \/>\n<meta name=\"twitter:label1\" content=\"Escrito por\" \/>\n\t<meta name=\"twitter:data1\" content=\"Ag\u00eancia iNFRA\" \/>\n\t<meta name=\"twitter:label2\" content=\"Est. tempo de leitura\" \/>\n\t<meta name=\"twitter:data2\" content=\"4 minutos\" \/>\n<script type=\"application\/ld+json\" class=\"yoast-schema-graph\">{\"@context\":\"https:\/\/schema.org\",\"@graph\":[{\"@type\":\"Article\",\"@id\":\"https:\/\/agenciainfra.com\/blog\/o-que-o-setor-eletrico-pode-ensinar-ao-mercado-de-restauracao-florestal\/#article\",\"isPartOf\":{\"@id\":\"https:\/\/agenciainfra.com\/blog\/o-que-o-setor-eletrico-pode-ensinar-ao-mercado-de-restauracao-florestal\/\"},\"author\":{\"name\":\"Ag\u00eancia iNFRA\",\"@id\":\"https:\/\/agenciainfra.com\/blog\/#\/schema\/person\/34af08dff6adea4cb22b06612ba7acfa\"},\"headline\":\"O que o setor el\u00e9trico pode ensinar ao mercado de restaura\u00e7\u00e3o florestal\",\"datePublished\":\"2025-11-10T13:48:28+00:00\",\"dateModified\":\"2025-11-10T13:48:29+00:00\",\"mainEntityOfPage\":{\"@id\":\"https:\/\/agenciainfra.com\/blog\/o-que-o-setor-eletrico-pode-ensinar-ao-mercado-de-restauracao-florestal\/\"},\"wordCount\":857,\"publisher\":{\"@id\":\"https:\/\/agenciainfra.com\/blog\/#organization\"},\"image\":{\"@id\":\"https:\/\/agenciainfra.com\/blog\/o-que-o-setor-eletrico-pode-ensinar-ao-mercado-de-restauracao-florestal\/#primaryimage\"},\"thumbnailUrl\":\"https:\/\/agenciainfra.com\/blog\/wp-content\/uploads\/2025\/11\/flavia-antunes-foto-neoenergia-divulgacao.jpg\",\"keywords\":[\"Biomas\",\"Carbon2Nature Brasil\",\"COP30\",\"Fl\u00e1via Antunes\",\"Iberdrola\",\"neoenergia\",\"restaura\u00e7\u00e3o florestal\",\"Setor El\u00e9trico\",\"Solu\u00e7\u00f5es Baseadas na Natureza\"],\"articleSection\":[\"iNFRAEnergia\",\"Opini\u00e3o\"],\"inLanguage\":\"pt-BR\",\"copyrightYear\":\"2025\",\"copyrightHolder\":{\"@id\":\"https:\/\/agenciainfra.com\/blog\/#organization\"}},{\"@type\":\"WebPage\",\"@id\":\"https:\/\/agenciainfra.com\/blog\/o-que-o-setor-eletrico-pode-ensinar-ao-mercado-de-restauracao-florestal\/\",\"url\":\"https:\/\/agenciainfra.com\/blog\/o-que-o-setor-eletrico-pode-ensinar-ao-mercado-de-restauracao-florestal\/\",\"name\":\"O que o setor el\u00e9trico pode ensinar ao mercado de restaura\u00e7\u00e3o florestal - Ag\u00eancia iNFRA\",\"isPartOf\":{\"@id\":\"https:\/\/agenciainfra.com\/blog\/#website\"},\"primaryImageOfPage\":{\"@id\":\"https:\/\/agenciainfra.com\/blog\/o-que-o-setor-eletrico-pode-ensinar-ao-mercado-de-restauracao-florestal\/#primaryimage\"},\"image\":{\"@id\":\"https:\/\/agenciainfra.com\/blog\/o-que-o-setor-eletrico-pode-ensinar-ao-mercado-de-restauracao-florestal\/#primaryimage\"},\"thumbnailUrl\":\"https:\/\/agenciainfra.com\/blog\/wp-content\/uploads\/2025\/11\/flavia-antunes-foto-neoenergia-divulgacao.jpg\",\"datePublished\":\"2025-11-10T13:48:28+00:00\",\"dateModified\":\"2025-11-10T13:48:29+00:00\",\"breadcrumb\":{\"@id\":\"https:\/\/agenciainfra.com\/blog\/o-que-o-setor-eletrico-pode-ensinar-ao-mercado-de-restauracao-florestal\/#breadcrumb\"},\"inLanguage\":\"pt-BR\",\"potentialAction\":[{\"@type\":\"ReadAction\",\"target\":[\"https:\/\/agenciainfra.com\/blog\/o-que-o-setor-eletrico-pode-ensinar-ao-mercado-de-restauracao-florestal\/\"]}]},{\"@type\":\"ImageObject\",\"inLanguage\":\"pt-BR\",\"@id\":\"https:\/\/agenciainfra.com\/blog\/o-que-o-setor-eletrico-pode-ensinar-ao-mercado-de-restauracao-florestal\/#primaryimage\",\"url\":\"https:\/\/agenciainfra.com\/blog\/wp-content\/uploads\/2025\/11\/flavia-antunes-foto-neoenergia-divulgacao.jpg\",\"contentUrl\":\"https:\/\/agenciainfra.com\/blog\/wp-content\/uploads\/2025\/11\/flavia-antunes-foto-neoenergia-divulgacao.jpg\",\"width\":1280,\"height\":828,\"caption\":\"Foto: Neoenergia\"},{\"@type\":\"BreadcrumbList\",\"@id\":\"https:\/\/agenciainfra.com\/blog\/o-que-o-setor-eletrico-pode-ensinar-ao-mercado-de-restauracao-florestal\/#breadcrumb\",\"itemListElement\":[{\"@type\":\"ListItem\",\"position\":1,\"name\":\"In\u00edcio\",\"item\":\"https:\/\/agenciainfra.com\/blog\/\"},{\"@type\":\"ListItem\",\"position\":2,\"name\":\"O que o setor el\u00e9trico pode ensinar ao mercado de restaura\u00e7\u00e3o florestal\"}]},{\"@type\":\"WebSite\",\"@id\":\"https:\/\/agenciainfra.com\/blog\/#website\",\"url\":\"https:\/\/agenciainfra.com\/blog\/\",\"name\":\"Ag\u00eancia iNFRA\",\"description\":\"Multiplataforma de informa\u00e7\u00e3o jornal\u00edstica refer\u00eancia na \u00e1rea de infraestrutura no Brasil!\",\"publisher\":{\"@id\":\"https:\/\/agenciainfra.com\/blog\/#organization\"},\"potentialAction\":[{\"@type\":\"SearchAction\",\"target\":{\"@type\":\"EntryPoint\",\"urlTemplate\":\"https:\/\/agenciainfra.com\/blog\/?s={search_term_string}\"},\"query-input\":{\"@type\":\"PropertyValueSpecification\",\"valueRequired\":true,\"valueName\":\"search_term_string\"}}],\"inLanguage\":\"pt-BR\"},{\"@type\":\"Organization\",\"@id\":\"https:\/\/agenciainfra.com\/blog\/#organization\",\"name\":\"Ag\u00eancia iNFRA\",\"url\":\"https:\/\/agenciainfra.com\/blog\/\",\"logo\":{\"@type\":\"ImageObject\",\"inLanguage\":\"pt-BR\",\"@id\":\"https:\/\/agenciainfra.com\/blog\/#\/schema\/logo\/image\/\",\"url\":\"https:\/\/agenciainfra.com\/blog\/wp-content\/uploads\/2023\/09\/iNFRA_5-e1761735885940.png\",\"contentUrl\":\"https:\/\/agenciainfra.com\/blog\/wp-content\/uploads\/2023\/09\/iNFRA_5-e1761735885940.png\",\"width\":1672,\"height\":454,\"caption\":\"Ag\u00eancia iNFRA\"},\"image\":{\"@id\":\"https:\/\/agenciainfra.com\/blog\/#\/schema\/logo\/image\/\"},\"sameAs\":[\"https:\/\/www.facebook.com\/ageninfra\",\"https:\/\/x.com\/agencia_infra\",\"https:\/\/www.linkedin.com\/company\/ag\u00eanciainfra\/\",\"https:\/\/www.instagram.com\/agenciainfra\/\"]},{\"@type\":\"Person\",\"@id\":\"https:\/\/agenciainfra.com\/blog\/#\/schema\/person\/34af08dff6adea4cb22b06612ba7acfa\",\"name\":\"Ag\u00eancia iNFRA\",\"image\":{\"@type\":\"ImageObject\",\"inLanguage\":\"pt-BR\",\"@id\":\"https:\/\/agenciainfra.com\/blog\/#\/schema\/person\/image\/\",\"url\":\"https:\/\/secure.gravatar.com\/avatar\/d189e01678f06d8eb84d4e01f08eb848b3fffe3f8443818d3c356c66892f5be8?s=96&d=mm&r=g\",\"contentUrl\":\"https:\/\/secure.gravatar.com\/avatar\/d189e01678f06d8eb84d4e01f08eb848b3fffe3f8443818d3c356c66892f5be8?s=96&d=mm&r=g\",\"caption\":\"Ag\u00eancia iNFRA\"},\"url\":\"https:\/\/agenciainfra.com\/blog\/author\/admin\/\"}]}<\/script>\n<!-- \/ Yoast SEO Premium plugin. -->","yoast_head_json":{"title":"O que o setor el\u00e9trico pode ensinar ao mercado de restaura\u00e7\u00e3o florestal - Ag\u00eancia iNFRA","robots":{"index":"index","follow":"follow","max-snippet":"max-snippet:-1","max-image-preview":"max-image-preview:large","max-video-preview":"max-video-preview:-1"},"canonical":"https:\/\/agenciainfra.com\/blog\/o-que-o-setor-eletrico-pode-ensinar-ao-mercado-de-restauracao-florestal\/","og_locale":"pt_BR","og_type":"article","og_title":"O que o setor el\u00e9trico pode ensinar ao mercado de restaura\u00e7\u00e3o florestal","og_description":"Fl\u00e1via Antunes* Em tempos de COP30, o Brasil re\u00fane duas for\u00e7as que o colocam em posi\u00e7\u00e3o \u00fanica no cen\u00e1rio global: uma matriz el\u00e9trica composta por cerca de 90% de fontes renov\u00e1veis e mais de 500 milh\u00f5es de hectares de vegeta\u00e7\u00e3o nativa. Energia e natureza s\u00e3o pilares complementares de uma mesma estrat\u00e9gia: impulsionar o desenvolvimento sustent\u00e1vel [&hellip;]","og_url":"https:\/\/agenciainfra.com\/blog\/o-que-o-setor-eletrico-pode-ensinar-ao-mercado-de-restauracao-florestal\/","og_site_name":"Ag\u00eancia iNFRA","article_publisher":"https:\/\/www.facebook.com\/ageninfra","article_published_time":"2025-11-10T13:48:28+00:00","article_modified_time":"2025-11-10T13:48:29+00:00","og_image":[{"width":1280,"height":828,"url":"https:\/\/agenciainfra.com\/blog\/wp-content\/uploads\/2025\/11\/flavia-antunes-foto-neoenergia-divulgacao.jpg","type":"image\/jpeg"}],"author":"Ag\u00eancia iNFRA","twitter_card":"summary_large_image","twitter_creator":"@agencia_infra","twitter_site":"@agencia_infra","twitter_misc":{"Escrito por":"Ag\u00eancia iNFRA","Est. tempo de leitura":"4 minutos"},"schema":{"@context":"https:\/\/schema.org","@graph":[{"@type":"Article","@id":"https:\/\/agenciainfra.com\/blog\/o-que-o-setor-eletrico-pode-ensinar-ao-mercado-de-restauracao-florestal\/#article","isPartOf":{"@id":"https:\/\/agenciainfra.com\/blog\/o-que-o-setor-eletrico-pode-ensinar-ao-mercado-de-restauracao-florestal\/"},"author":{"name":"Ag\u00eancia iNFRA","@id":"https:\/\/agenciainfra.com\/blog\/#\/schema\/person\/34af08dff6adea4cb22b06612ba7acfa"},"headline":"O que o setor el\u00e9trico pode ensinar ao mercado de restaura\u00e7\u00e3o florestal","datePublished":"2025-11-10T13:48:28+00:00","dateModified":"2025-11-10T13:48:29+00:00","mainEntityOfPage":{"@id":"https:\/\/agenciainfra.com\/blog\/o-que-o-setor-eletrico-pode-ensinar-ao-mercado-de-restauracao-florestal\/"},"wordCount":857,"publisher":{"@id":"https:\/\/agenciainfra.com\/blog\/#organization"},"image":{"@id":"https:\/\/agenciainfra.com\/blog\/o-que-o-setor-eletrico-pode-ensinar-ao-mercado-de-restauracao-florestal\/#primaryimage"},"thumbnailUrl":"https:\/\/agenciainfra.com\/blog\/wp-content\/uploads\/2025\/11\/flavia-antunes-foto-neoenergia-divulgacao.jpg","keywords":["Biomas","Carbon2Nature Brasil","COP30","Fl\u00e1via Antunes","Iberdrola","neoenergia","restaura\u00e7\u00e3o florestal","Setor El\u00e9trico","Solu\u00e7\u00f5es Baseadas na Natureza"],"articleSection":["iNFRAEnergia","Opini\u00e3o"],"inLanguage":"pt-BR","copyrightYear":"2025","copyrightHolder":{"@id":"https:\/\/agenciainfra.com\/blog\/#organization"}},{"@type":"WebPage","@id":"https:\/\/agenciainfra.com\/blog\/o-que-o-setor-eletrico-pode-ensinar-ao-mercado-de-restauracao-florestal\/","url":"https:\/\/agenciainfra.com\/blog\/o-que-o-setor-eletrico-pode-ensinar-ao-mercado-de-restauracao-florestal\/","name":"O que o setor el\u00e9trico pode ensinar ao mercado de restaura\u00e7\u00e3o florestal - Ag\u00eancia iNFRA","isPartOf":{"@id":"https:\/\/agenciainfra.com\/blog\/#website"},"primaryImageOfPage":{"@id":"https:\/\/agenciainfra.com\/blog\/o-que-o-setor-eletrico-pode-ensinar-ao-mercado-de-restauracao-florestal\/#primaryimage"},"image":{"@id":"https:\/\/agenciainfra.com\/blog\/o-que-o-setor-eletrico-pode-ensinar-ao-mercado-de-restauracao-florestal\/#primaryimage"},"thumbnailUrl":"https:\/\/agenciainfra.com\/blog\/wp-content\/uploads\/2025\/11\/flavia-antunes-foto-neoenergia-divulgacao.jpg","datePublished":"2025-11-10T13:48:28+00:00","dateModified":"2025-11-10T13:48:29+00:00","breadcrumb":{"@id":"https:\/\/agenciainfra.com\/blog\/o-que-o-setor-eletrico-pode-ensinar-ao-mercado-de-restauracao-florestal\/#breadcrumb"},"inLanguage":"pt-BR","potentialAction":[{"@type":"ReadAction","target":["https:\/\/agenciainfra.com\/blog\/o-que-o-setor-eletrico-pode-ensinar-ao-mercado-de-restauracao-florestal\/"]}]},{"@type":"ImageObject","inLanguage":"pt-BR","@id":"https:\/\/agenciainfra.com\/blog\/o-que-o-setor-eletrico-pode-ensinar-ao-mercado-de-restauracao-florestal\/#primaryimage","url":"https:\/\/agenciainfra.com\/blog\/wp-content\/uploads\/2025\/11\/flavia-antunes-foto-neoenergia-divulgacao.jpg","contentUrl":"https:\/\/agenciainfra.com\/blog\/wp-content\/uploads\/2025\/11\/flavia-antunes-foto-neoenergia-divulgacao.jpg","width":1280,"height":828,"caption":"Foto: Neoenergia"},{"@type":"BreadcrumbList","@id":"https:\/\/agenciainfra.com\/blog\/o-que-o-setor-eletrico-pode-ensinar-ao-mercado-de-restauracao-florestal\/#breadcrumb","itemListElement":[{"@type":"ListItem","position":1,"name":"In\u00edcio","item":"https:\/\/agenciainfra.com\/blog\/"},{"@type":"ListItem","position":2,"name":"O que o setor el\u00e9trico pode ensinar ao mercado de restaura\u00e7\u00e3o florestal"}]},{"@type":"WebSite","@id":"https:\/\/agenciainfra.com\/blog\/#website","url":"https:\/\/agenciainfra.com\/blog\/","name":"Ag\u00eancia iNFRA","description":"Multiplataforma de informa\u00e7\u00e3o jornal\u00edstica refer\u00eancia na \u00e1rea de infraestrutura no Brasil!","publisher":{"@id":"https:\/\/agenciainfra.com\/blog\/#organization"},"potentialAction":[{"@type":"SearchAction","target":{"@type":"EntryPoint","urlTemplate":"https:\/\/agenciainfra.com\/blog\/?s={search_term_string}"},"query-input":{"@type":"PropertyValueSpecification","valueRequired":true,"valueName":"search_term_string"}}],"inLanguage":"pt-BR"},{"@type":"Organization","@id":"https:\/\/agenciainfra.com\/blog\/#organization","name":"Ag\u00eancia iNFRA","url":"https:\/\/agenciainfra.com\/blog\/","logo":{"@type":"ImageObject","inLanguage":"pt-BR","@id":"https:\/\/agenciainfra.com\/blog\/#\/schema\/logo\/image\/","url":"https:\/\/agenciainfra.com\/blog\/wp-content\/uploads\/2023\/09\/iNFRA_5-e1761735885940.png","contentUrl":"https:\/\/agenciainfra.com\/blog\/wp-content\/uploads\/2023\/09\/iNFRA_5-e1761735885940.png","width":1672,"height":454,"caption":"Ag\u00eancia iNFRA"},"image":{"@id":"https:\/\/agenciainfra.com\/blog\/#\/schema\/logo\/image\/"},"sameAs":["https:\/\/www.facebook.com\/ageninfra","https:\/\/x.com\/agencia_infra","https:\/\/www.linkedin.com\/company\/ag\u00eanciainfra\/","https:\/\/www.instagram.com\/agenciainfra\/"]},{"@type":"Person","@id":"https:\/\/agenciainfra.com\/blog\/#\/schema\/person\/34af08dff6adea4cb22b06612ba7acfa","name":"Ag\u00eancia iNFRA","image":{"@type":"ImageObject","inLanguage":"pt-BR","@id":"https:\/\/agenciainfra.com\/blog\/#\/schema\/person\/image\/","url":"https:\/\/secure.gravatar.com\/avatar\/d189e01678f06d8eb84d4e01f08eb848b3fffe3f8443818d3c356c66892f5be8?s=96&d=mm&r=g","contentUrl":"https:\/\/secure.gravatar.com\/avatar\/d189e01678f06d8eb84d4e01f08eb848b3fffe3f8443818d3c356c66892f5be8?s=96&d=mm&r=g","caption":"Ag\u00eancia iNFRA"},"url":"https:\/\/agenciainfra.com\/blog\/author\/admin\/"}]}},"_links":{"self":[{"href":"https:\/\/agenciainfra.com\/blog\/wp-json\/wp\/v2\/posts\/31885","targetHints":{"allow":["GET"]}}],"collection":[{"href":"https:\/\/agenciainfra.com\/blog\/wp-json\/wp\/v2\/posts"}],"about":[{"href":"https:\/\/agenciainfra.com\/blog\/wp-json\/wp\/v2\/types\/post"}],"author":[{"embeddable":true,"href":"https:\/\/agenciainfra.com\/blog\/wp-json\/wp\/v2\/users\/1"}],"replies":[{"embeddable":true,"href":"https:\/\/agenciainfra.com\/blog\/wp-json\/wp\/v2\/comments?post=31885"}],"version-history":[{"count":2,"href":"https:\/\/agenciainfra.com\/blog\/wp-json\/wp\/v2\/posts\/31885\/revisions"}],"predecessor-version":[{"id":31893,"href":"https:\/\/agenciainfra.com\/blog\/wp-json\/wp\/v2\/posts\/31885\/revisions\/31893"}],"wp:featuredmedia":[{"embeddable":true,"href":"https:\/\/agenciainfra.com\/blog\/wp-json\/wp\/v2\/media\/31886"}],"wp:attachment":[{"href":"https:\/\/agenciainfra.com\/blog\/wp-json\/wp\/v2\/media?parent=31885"}],"wp:term":[{"taxonomy":"category","embeddable":true,"href":"https:\/\/agenciainfra.com\/blog\/wp-json\/wp\/v2\/categories?post=31885"},{"taxonomy":"post_tag","embeddable":true,"href":"https:\/\/agenciainfra.com\/blog\/wp-json\/wp\/v2\/tags?post=31885"}],"curies":[{"name":"wp","href":"https:\/\/api.w.org\/{rel}","templated":true}]}}