{"id":31913,"date":"2025-11-10T14:17:51","date_gmt":"2025-11-10T17:17:51","guid":{"rendered":"https:\/\/agenciainfra.com\/blog\/?p=31913"},"modified":"2025-11-10T15:00:50","modified_gmt":"2025-11-10T18:00:50","slug":"movimento-uniao-pela-energia-pede-vetos-a-trechos-da-mp-1-304","status":"publish","type":"post","link":"https:\/\/agenciainfra.com\/blog\/movimento-uniao-pela-energia-pede-vetos-a-trechos-da-mp-1-304\/","title":{"rendered":"Movimento Uni\u00e3o Pela Energia pede vetos a trechos da MP 1.304"},"content":{"rendered":"\n<p class=\"has-text-align-right\"><strong>da Ag\u00eancia iNFRA<\/strong><\/p>\n\n\n\n<p>O Movimento Uni\u00e3o Pela Energia, que re\u00fane mais de 70 associa\u00e7\u00f5es e federa\u00e7\u00f5es do setor, divulgou nesta segunda-feira (10) uma carta aberta pedindo o veto de pontos espec\u00edficos da <a href=\"https:\/\/www.congressonacional.leg.br\/materias\/medidas-provisorias\/-\/mpv\/169547\">MP (Medida Provis\u00f3ria) 1.304<\/a>, que trata da reforma do setor el\u00e9trico. O documento foi encaminhado ao presidente da Rep\u00fablica, Luiz In\u00e1cio Lula da Silva, e aos ministros da Casa Civil, Fazenda, Desenvolvimento, Ind\u00fastria e Com\u00e9rcio, Minas e Energia, e Meio Ambiente e Mudan\u00e7as do Clima.<\/p>\n\n\n\n<p>Na avalia\u00e7\u00e3o do movimento, alguns dispositivos aprovados podem \u201cencarecer e carbonizar\u201d a matriz el\u00e9trica brasileira, al\u00e9m de afetar o planejamento e o funcionamento do mercado de energia. Entre os trechos que o grupo considera pass\u00edveis de veto est\u00e3o:<\/p>\n\n\n\n<ul class=\"wp-block-list\">\n<li><strong>Art. 1\u00ba-A da Lei 10.848\/2004 <\/strong>\u2013 cria uma segunda solu\u00e7\u00e3o para o curtailment (corte de gera\u00e7\u00e3o e\u00f3lica e solar), repassando, segundo a carta, \u201cquase todo o custo aos consumidores\u201d, estimado em at\u00e9 R$ 7 bilh\u00f5es at\u00e9 o fim de 2025;<br><\/li>\n\n\n\n<li><strong>\u00a7 8\u00ba do art. 16-B da Lei 9.074\/1995<\/strong> \u2013 restringe novos arranjos de autoprodu\u00e7\u00e3o e cria reserva de mercado, estimulando gera\u00e7\u00e3o mesmo em cen\u00e1rio de sobreoferta;<br><\/li>\n\n\n\n<li><strong>Art. 13-B da Lei 10.438\/2002<\/strong> \u2013 autoriza o uso de recursos da CDE (Conta de Desenvolvimento Energ\u00e9tico) para financiar antenas de TV via sat\u00e9lite (banda Ku), o que, segundo o movimento, desvia a finalidade do encargo, j\u00e1 superior a R$ 50 bilh\u00f5es por ano;<br><\/li>\n\n\n\n<li><strong>Art. 3\u00ba-D da Lei 10.848\/2004<\/strong> \u2013 determina a contrata\u00e7\u00e3o compuls\u00f3ria de t\u00e9rmicas a carv\u00e3o at\u00e9 2040, com custo estimado em R$ 1 bilh\u00e3o anual;<br><\/li>\n\n\n\n<li><strong>\u00a7\u00a7 15-A e 19 do art. 1\u00ba da Lei 14.182\/2021<\/strong> \u2013 prev\u00ea contrata\u00e7\u00e3o obrigat\u00f3ria de 3 GW (gigawatts) de biomassa e 3 GW de PCHs (Pequenas Centrais Hidrel\u00e9tricas), com impacto potencial de R$ 7,9 bilh\u00f5es por ano;<br><\/li>\n\n\n\n<li><strong>Art. 2\u00ba-A da Lei 10.847\/2004<\/strong> \u2013 define prioridade para a interliga\u00e7\u00e3o Porto Velho\u2013Manaus, \u201cinterferindo no planejamento t\u00e9cnico da expans\u00e3o de transmiss\u00e3o\u201d;<br><\/li>\n\n\n\n<li><strong>Art. 18 do PLV 10\/2025<\/strong> \u2013 altera a Lei de Improbidade Administrativa.<br><\/li>\n<\/ul>\n\n\n\n<p><\/p>\n\n\n\n<p>O movimento afirma apoiar os avan\u00e7os da MP em rela\u00e7\u00e3o \u00e0 moderniza\u00e7\u00e3o do setor el\u00e9trico, mas defende que os dispositivos citados sejam vetados para garantir energia \u201climpa, barata e segura\u201d e manter o pa\u00eds competitivo na transi\u00e7\u00e3o energ\u00e9tica global.<\/p>\n","protected":false},"excerpt":{"rendered":"<p>da Ag\u00eancia iNFRA O Movimento Uni\u00e3o Pela Energia, que re\u00fane mais de 70 associa\u00e7\u00f5es e federa\u00e7\u00f5es do setor, divulgou nesta segunda-feira (10) uma carta aberta pedindo o veto de pontos espec\u00edficos da MP (Medida Provis\u00f3ria) 1.304, que trata da reforma do setor el\u00e9trico. O documento foi encaminhado ao presidente da Rep\u00fablica, Luiz In\u00e1cio Lula da [&hellip;]<\/p>\n","protected":false},"author":1,"featured_media":24921,"comment_status":"closed","ping_status":"closed","sticky":false,"template":"","format":"standard","meta":{"_monsterinsights_skip_tracking":false,"_monsterinsights_sitenote_active":false,"_monsterinsights_sitenote_note":"","_monsterinsights_sitenote_category":0,"footnotes":""},"categories":[13576],"tags":[25,71,904,16833,14378,10710,16835],"class_list":["post-31913","post","type-post","status-publish","format-standard","has-post-thumbnail","hentry","category-giro-infra","tag-energia","tag-mme","tag-modernizacao-do-setor-eletrico","tag-movimento-uniao-pela-energia","tag-mp-1-304","tag-reforma-do-setor-eletrico","tag-vetos-a-mp-1-304"],"yoast_head":"<!-- This site is optimized with the Yoast SEO Premium plugin v25.4 (Yoast SEO v26.0) - https:\/\/yoast.com\/wordpress\/plugins\/seo\/ -->\n<title>Movimento Uni\u00e3o Pela Energia pede vetos a trechos da MP 1.304 - Ag\u00eancia iNFRA<\/title>\n<meta name=\"robots\" content=\"index, follow, max-snippet:-1, max-image-preview:large, max-video-preview:-1\" \/>\n<link rel=\"canonical\" href=\"https:\/\/agenciainfra.com\/blog\/movimento-uniao-pela-energia-pede-vetos-a-trechos-da-mp-1-304\/\" \/>\n<meta property=\"og:locale\" content=\"pt_BR\" \/>\n<meta property=\"og:type\" content=\"article\" \/>\n<meta property=\"og:title\" content=\"Movimento Uni\u00e3o Pela Energia pede vetos a trechos da MP 1.304\" \/>\n<meta property=\"og:description\" content=\"da Ag\u00eancia iNFRA O Movimento Uni\u00e3o Pela Energia, que re\u00fane mais de 70 associa\u00e7\u00f5es e federa\u00e7\u00f5es do setor, divulgou nesta segunda-feira (10) uma carta aberta pedindo o veto de pontos espec\u00edficos da MP (Medida Provis\u00f3ria) 1.304, que trata da reforma do setor el\u00e9trico. O documento foi encaminhado ao presidente da Rep\u00fablica, Luiz In\u00e1cio Lula da [&hellip;]\" \/>\n<meta property=\"og:url\" content=\"https:\/\/agenciainfra.com\/blog\/movimento-uniao-pela-energia-pede-vetos-a-trechos-da-mp-1-304\/\" \/>\n<meta property=\"og:site_name\" content=\"Ag\u00eancia iNFRA\" \/>\n<meta property=\"article:publisher\" content=\"https:\/\/www.facebook.com\/ageninfra\" \/>\n<meta property=\"article:published_time\" content=\"2025-11-10T17:17:51+00:00\" \/>\n<meta property=\"article:modified_time\" content=\"2025-11-10T18:00:50+00:00\" \/>\n<meta property=\"og:image\" content=\"https:\/\/agenciainfra.com\/blog\/wp-content\/uploads\/2025\/07\/mercado-livre-energia-foto-dominio_publico.jpg\" \/>\n\t<meta property=\"og:image:width\" content=\"1280\" \/>\n\t<meta property=\"og:image:height\" content=\"886\" \/>\n\t<meta property=\"og:image:type\" content=\"image\/jpeg\" \/>\n<meta name=\"author\" content=\"Ag\u00eancia iNFRA\" \/>\n<meta name=\"twitter:card\" content=\"summary_large_image\" \/>\n<meta name=\"twitter:creator\" content=\"@agencia_infra\" \/>\n<meta name=\"twitter:site\" content=\"@agencia_infra\" \/>\n<meta name=\"twitter:label1\" content=\"Escrito por\" \/>\n\t<meta name=\"twitter:data1\" content=\"Ag\u00eancia iNFRA\" \/>\n\t<meta name=\"twitter:label2\" content=\"Est. tempo de leitura\" \/>\n\t<meta name=\"twitter:data2\" content=\"2 minutos\" \/>\n<script type=\"application\/ld+json\" class=\"yoast-schema-graph\">{\"@context\":\"https:\/\/schema.org\",\"@graph\":[{\"@type\":\"Article\",\"@id\":\"https:\/\/agenciainfra.com\/blog\/movimento-uniao-pela-energia-pede-vetos-a-trechos-da-mp-1-304\/#article\",\"isPartOf\":{\"@id\":\"https:\/\/agenciainfra.com\/blog\/movimento-uniao-pela-energia-pede-vetos-a-trechos-da-mp-1-304\/\"},\"author\":{\"name\":\"Ag\u00eancia iNFRA\",\"@id\":\"https:\/\/agenciainfra.com\/blog\/#\/schema\/person\/34af08dff6adea4cb22b06612ba7acfa\"},\"headline\":\"Movimento Uni\u00e3o Pela Energia pede vetos a trechos da MP 1.304\",\"datePublished\":\"2025-11-10T17:17:51+00:00\",\"dateModified\":\"2025-11-10T18:00:50+00:00\",\"mainEntityOfPage\":{\"@id\":\"https:\/\/agenciainfra.com\/blog\/movimento-uniao-pela-energia-pede-vetos-a-trechos-da-mp-1-304\/\"},\"wordCount\":386,\"publisher\":{\"@id\":\"https:\/\/agenciainfra.com\/blog\/#organization\"},\"image\":{\"@id\":\"https:\/\/agenciainfra.com\/blog\/movimento-uniao-pela-energia-pede-vetos-a-trechos-da-mp-1-304\/#primaryimage\"},\"thumbnailUrl\":\"https:\/\/agenciainfra.com\/blog\/wp-content\/uploads\/2025\/07\/mercado-livre-energia-foto-dominio_publico-e1764157404689.jpg\",\"keywords\":[\"energia\",\"MME\",\"moderniza\u00e7\u00e3o do setor el\u00e9trico\",\"Movimento Uni\u00e3o Pela Energia\",\"MP 1.304\",\"Reforma do Setor El\u00e9trico\",\"vetos \u00e0 MP 1.304\"],\"articleSection\":[\"Giro iNFRA\"],\"inLanguage\":\"pt-BR\",\"copyrightYear\":\"2025\",\"copyrightHolder\":{\"@id\":\"https:\/\/agenciainfra.com\/blog\/#organization\"}},{\"@type\":\"WebPage\",\"@id\":\"https:\/\/agenciainfra.com\/blog\/movimento-uniao-pela-energia-pede-vetos-a-trechos-da-mp-1-304\/\",\"url\":\"https:\/\/agenciainfra.com\/blog\/movimento-uniao-pela-energia-pede-vetos-a-trechos-da-mp-1-304\/\",\"name\":\"Movimento Uni\u00e3o Pela Energia pede vetos a trechos da MP 1.304 - Ag\u00eancia iNFRA\",\"isPartOf\":{\"@id\":\"https:\/\/agenciainfra.com\/blog\/#website\"},\"primaryImageOfPage\":{\"@id\":\"https:\/\/agenciainfra.com\/blog\/movimento-uniao-pela-energia-pede-vetos-a-trechos-da-mp-1-304\/#primaryimage\"},\"image\":{\"@id\":\"https:\/\/agenciainfra.com\/blog\/movimento-uniao-pela-energia-pede-vetos-a-trechos-da-mp-1-304\/#primaryimage\"},\"thumbnailUrl\":\"https:\/\/agenciainfra.com\/blog\/wp-content\/uploads\/2025\/07\/mercado-livre-energia-foto-dominio_publico-e1764157404689.jpg\",\"datePublished\":\"2025-11-10T17:17:51+00:00\",\"dateModified\":\"2025-11-10T18:00:50+00:00\",\"breadcrumb\":{\"@id\":\"https:\/\/agenciainfra.com\/blog\/movimento-uniao-pela-energia-pede-vetos-a-trechos-da-mp-1-304\/#breadcrumb\"},\"inLanguage\":\"pt-BR\",\"potentialAction\":[{\"@type\":\"ReadAction\",\"target\":[\"https:\/\/agenciainfra.com\/blog\/movimento-uniao-pela-energia-pede-vetos-a-trechos-da-mp-1-304\/\"]}]},{\"@type\":\"ImageObject\",\"inLanguage\":\"pt-BR\",\"@id\":\"https:\/\/agenciainfra.com\/blog\/movimento-uniao-pela-energia-pede-vetos-a-trechos-da-mp-1-304\/#primaryimage\",\"url\":\"https:\/\/agenciainfra.com\/blog\/wp-content\/uploads\/2025\/07\/mercado-livre-energia-foto-dominio_publico-e1764157404689.jpg\",\"contentUrl\":\"https:\/\/agenciainfra.com\/blog\/wp-content\/uploads\/2025\/07\/mercado-livre-energia-foto-dominio_publico-e1764157404689.jpg\",\"width\":1280,\"height\":732,\"caption\":\"Foto: Dom\u00ednio P\u00fablico\"},{\"@type\":\"BreadcrumbList\",\"@id\":\"https:\/\/agenciainfra.com\/blog\/movimento-uniao-pela-energia-pede-vetos-a-trechos-da-mp-1-304\/#breadcrumb\",\"itemListElement\":[{\"@type\":\"ListItem\",\"position\":1,\"name\":\"In\u00edcio\",\"item\":\"https:\/\/agenciainfra.com\/blog\/\"},{\"@type\":\"ListItem\",\"position\":2,\"name\":\"Movimento Uni\u00e3o Pela Energia pede vetos a trechos da MP 1.304\"}]},{\"@type\":\"WebSite\",\"@id\":\"https:\/\/agenciainfra.com\/blog\/#website\",\"url\":\"https:\/\/agenciainfra.com\/blog\/\",\"name\":\"Ag\u00eancia iNFRA\",\"description\":\"Multiplataforma de informa\u00e7\u00e3o jornal\u00edstica refer\u00eancia na \u00e1rea de infraestrutura no Brasil!\",\"publisher\":{\"@id\":\"https:\/\/agenciainfra.com\/blog\/#organization\"},\"potentialAction\":[{\"@type\":\"SearchAction\",\"target\":{\"@type\":\"EntryPoint\",\"urlTemplate\":\"https:\/\/agenciainfra.com\/blog\/?s={search_term_string}\"},\"query-input\":{\"@type\":\"PropertyValueSpecification\",\"valueRequired\":true,\"valueName\":\"search_term_string\"}}],\"inLanguage\":\"pt-BR\"},{\"@type\":\"Organization\",\"@id\":\"https:\/\/agenciainfra.com\/blog\/#organization\",\"name\":\"Ag\u00eancia iNFRA\",\"url\":\"https:\/\/agenciainfra.com\/blog\/\",\"logo\":{\"@type\":\"ImageObject\",\"inLanguage\":\"pt-BR\",\"@id\":\"https:\/\/agenciainfra.com\/blog\/#\/schema\/logo\/image\/\",\"url\":\"https:\/\/agenciainfra.com\/blog\/wp-content\/uploads\/2023\/09\/iNFRA_5-e1761735885940.png\",\"contentUrl\":\"https:\/\/agenciainfra.com\/blog\/wp-content\/uploads\/2023\/09\/iNFRA_5-e1761735885940.png\",\"width\":1672,\"height\":454,\"caption\":\"Ag\u00eancia iNFRA\"},\"image\":{\"@id\":\"https:\/\/agenciainfra.com\/blog\/#\/schema\/logo\/image\/\"},\"sameAs\":[\"https:\/\/www.facebook.com\/ageninfra\",\"https:\/\/x.com\/agencia_infra\",\"https:\/\/www.linkedin.com\/company\/ag\u00eanciainfra\/\",\"https:\/\/www.instagram.com\/agenciainfra\/\"]},{\"@type\":\"Person\",\"@id\":\"https:\/\/agenciainfra.com\/blog\/#\/schema\/person\/34af08dff6adea4cb22b06612ba7acfa\",\"name\":\"Ag\u00eancia iNFRA\",\"image\":{\"@type\":\"ImageObject\",\"inLanguage\":\"pt-BR\",\"@id\":\"https:\/\/agenciainfra.com\/blog\/#\/schema\/person\/image\/\",\"url\":\"https:\/\/secure.gravatar.com\/avatar\/d189e01678f06d8eb84d4e01f08eb848b3fffe3f8443818d3c356c66892f5be8?s=96&d=mm&r=g\",\"contentUrl\":\"https:\/\/secure.gravatar.com\/avatar\/d189e01678f06d8eb84d4e01f08eb848b3fffe3f8443818d3c356c66892f5be8?s=96&d=mm&r=g\",\"caption\":\"Ag\u00eancia iNFRA\"},\"url\":\"https:\/\/agenciainfra.com\/blog\/author\/admin\/\"}]}<\/script>\n<!-- \/ Yoast SEO Premium plugin. -->","yoast_head_json":{"title":"Movimento Uni\u00e3o Pela Energia pede vetos a trechos da MP 1.304 - Ag\u00eancia iNFRA","robots":{"index":"index","follow":"follow","max-snippet":"max-snippet:-1","max-image-preview":"max-image-preview:large","max-video-preview":"max-video-preview:-1"},"canonical":"https:\/\/agenciainfra.com\/blog\/movimento-uniao-pela-energia-pede-vetos-a-trechos-da-mp-1-304\/","og_locale":"pt_BR","og_type":"article","og_title":"Movimento Uni\u00e3o Pela Energia pede vetos a trechos da MP 1.304","og_description":"da Ag\u00eancia iNFRA O Movimento Uni\u00e3o Pela Energia, que re\u00fane mais de 70 associa\u00e7\u00f5es e federa\u00e7\u00f5es do setor, divulgou nesta segunda-feira (10) uma carta aberta pedindo o veto de pontos espec\u00edficos da MP (Medida Provis\u00f3ria) 1.304, que trata da reforma do setor el\u00e9trico. O documento foi encaminhado ao presidente da Rep\u00fablica, Luiz In\u00e1cio Lula da [&hellip;]","og_url":"https:\/\/agenciainfra.com\/blog\/movimento-uniao-pela-energia-pede-vetos-a-trechos-da-mp-1-304\/","og_site_name":"Ag\u00eancia iNFRA","article_publisher":"https:\/\/www.facebook.com\/ageninfra","article_published_time":"2025-11-10T17:17:51+00:00","article_modified_time":"2025-11-10T18:00:50+00:00","og_image":[{"width":1280,"height":886,"url":"https:\/\/agenciainfra.com\/blog\/wp-content\/uploads\/2025\/07\/mercado-livre-energia-foto-dominio_publico.jpg","type":"image\/jpeg"}],"author":"Ag\u00eancia iNFRA","twitter_card":"summary_large_image","twitter_creator":"@agencia_infra","twitter_site":"@agencia_infra","twitter_misc":{"Escrito por":"Ag\u00eancia iNFRA","Est. tempo de leitura":"2 minutos"},"schema":{"@context":"https:\/\/schema.org","@graph":[{"@type":"Article","@id":"https:\/\/agenciainfra.com\/blog\/movimento-uniao-pela-energia-pede-vetos-a-trechos-da-mp-1-304\/#article","isPartOf":{"@id":"https:\/\/agenciainfra.com\/blog\/movimento-uniao-pela-energia-pede-vetos-a-trechos-da-mp-1-304\/"},"author":{"name":"Ag\u00eancia iNFRA","@id":"https:\/\/agenciainfra.com\/blog\/#\/schema\/person\/34af08dff6adea4cb22b06612ba7acfa"},"headline":"Movimento Uni\u00e3o Pela Energia pede vetos a trechos da MP 1.304","datePublished":"2025-11-10T17:17:51+00:00","dateModified":"2025-11-10T18:00:50+00:00","mainEntityOfPage":{"@id":"https:\/\/agenciainfra.com\/blog\/movimento-uniao-pela-energia-pede-vetos-a-trechos-da-mp-1-304\/"},"wordCount":386,"publisher":{"@id":"https:\/\/agenciainfra.com\/blog\/#organization"},"image":{"@id":"https:\/\/agenciainfra.com\/blog\/movimento-uniao-pela-energia-pede-vetos-a-trechos-da-mp-1-304\/#primaryimage"},"thumbnailUrl":"https:\/\/agenciainfra.com\/blog\/wp-content\/uploads\/2025\/07\/mercado-livre-energia-foto-dominio_publico-e1764157404689.jpg","keywords":["energia","MME","moderniza\u00e7\u00e3o do setor el\u00e9trico","Movimento Uni\u00e3o Pela Energia","MP 1.304","Reforma do Setor El\u00e9trico","vetos \u00e0 MP 1.304"],"articleSection":["Giro iNFRA"],"inLanguage":"pt-BR","copyrightYear":"2025","copyrightHolder":{"@id":"https:\/\/agenciainfra.com\/blog\/#organization"}},{"@type":"WebPage","@id":"https:\/\/agenciainfra.com\/blog\/movimento-uniao-pela-energia-pede-vetos-a-trechos-da-mp-1-304\/","url":"https:\/\/agenciainfra.com\/blog\/movimento-uniao-pela-energia-pede-vetos-a-trechos-da-mp-1-304\/","name":"Movimento Uni\u00e3o Pela Energia pede vetos a trechos da MP 1.304 - Ag\u00eancia iNFRA","isPartOf":{"@id":"https:\/\/agenciainfra.com\/blog\/#website"},"primaryImageOfPage":{"@id":"https:\/\/agenciainfra.com\/blog\/movimento-uniao-pela-energia-pede-vetos-a-trechos-da-mp-1-304\/#primaryimage"},"image":{"@id":"https:\/\/agenciainfra.com\/blog\/movimento-uniao-pela-energia-pede-vetos-a-trechos-da-mp-1-304\/#primaryimage"},"thumbnailUrl":"https:\/\/agenciainfra.com\/blog\/wp-content\/uploads\/2025\/07\/mercado-livre-energia-foto-dominio_publico-e1764157404689.jpg","datePublished":"2025-11-10T17:17:51+00:00","dateModified":"2025-11-10T18:00:50+00:00","breadcrumb":{"@id":"https:\/\/agenciainfra.com\/blog\/movimento-uniao-pela-energia-pede-vetos-a-trechos-da-mp-1-304\/#breadcrumb"},"inLanguage":"pt-BR","potentialAction":[{"@type":"ReadAction","target":["https:\/\/agenciainfra.com\/blog\/movimento-uniao-pela-energia-pede-vetos-a-trechos-da-mp-1-304\/"]}]},{"@type":"ImageObject","inLanguage":"pt-BR","@id":"https:\/\/agenciainfra.com\/blog\/movimento-uniao-pela-energia-pede-vetos-a-trechos-da-mp-1-304\/#primaryimage","url":"https:\/\/agenciainfra.com\/blog\/wp-content\/uploads\/2025\/07\/mercado-livre-energia-foto-dominio_publico-e1764157404689.jpg","contentUrl":"https:\/\/agenciainfra.com\/blog\/wp-content\/uploads\/2025\/07\/mercado-livre-energia-foto-dominio_publico-e1764157404689.jpg","width":1280,"height":732,"caption":"Foto: Dom\u00ednio P\u00fablico"},{"@type":"BreadcrumbList","@id":"https:\/\/agenciainfra.com\/blog\/movimento-uniao-pela-energia-pede-vetos-a-trechos-da-mp-1-304\/#breadcrumb","itemListElement":[{"@type":"ListItem","position":1,"name":"In\u00edcio","item":"https:\/\/agenciainfra.com\/blog\/"},{"@type":"ListItem","position":2,"name":"Movimento Uni\u00e3o Pela Energia pede vetos a trechos da MP 1.304"}]},{"@type":"WebSite","@id":"https:\/\/agenciainfra.com\/blog\/#website","url":"https:\/\/agenciainfra.com\/blog\/","name":"Ag\u00eancia iNFRA","description":"Multiplataforma de informa\u00e7\u00e3o jornal\u00edstica refer\u00eancia na \u00e1rea de infraestrutura no Brasil!","publisher":{"@id":"https:\/\/agenciainfra.com\/blog\/#organization"},"potentialAction":[{"@type":"SearchAction","target":{"@type":"EntryPoint","urlTemplate":"https:\/\/agenciainfra.com\/blog\/?s={search_term_string}"},"query-input":{"@type":"PropertyValueSpecification","valueRequired":true,"valueName":"search_term_string"}}],"inLanguage":"pt-BR"},{"@type":"Organization","@id":"https:\/\/agenciainfra.com\/blog\/#organization","name":"Ag\u00eancia iNFRA","url":"https:\/\/agenciainfra.com\/blog\/","logo":{"@type":"ImageObject","inLanguage":"pt-BR","@id":"https:\/\/agenciainfra.com\/blog\/#\/schema\/logo\/image\/","url":"https:\/\/agenciainfra.com\/blog\/wp-content\/uploads\/2023\/09\/iNFRA_5-e1761735885940.png","contentUrl":"https:\/\/agenciainfra.com\/blog\/wp-content\/uploads\/2023\/09\/iNFRA_5-e1761735885940.png","width":1672,"height":454,"caption":"Ag\u00eancia iNFRA"},"image":{"@id":"https:\/\/agenciainfra.com\/blog\/#\/schema\/logo\/image\/"},"sameAs":["https:\/\/www.facebook.com\/ageninfra","https:\/\/x.com\/agencia_infra","https:\/\/www.linkedin.com\/company\/ag\u00eanciainfra\/","https:\/\/www.instagram.com\/agenciainfra\/"]},{"@type":"Person","@id":"https:\/\/agenciainfra.com\/blog\/#\/schema\/person\/34af08dff6adea4cb22b06612ba7acfa","name":"Ag\u00eancia iNFRA","image":{"@type":"ImageObject","inLanguage":"pt-BR","@id":"https:\/\/agenciainfra.com\/blog\/#\/schema\/person\/image\/","url":"https:\/\/secure.gravatar.com\/avatar\/d189e01678f06d8eb84d4e01f08eb848b3fffe3f8443818d3c356c66892f5be8?s=96&d=mm&r=g","contentUrl":"https:\/\/secure.gravatar.com\/avatar\/d189e01678f06d8eb84d4e01f08eb848b3fffe3f8443818d3c356c66892f5be8?s=96&d=mm&r=g","caption":"Ag\u00eancia iNFRA"},"url":"https:\/\/agenciainfra.com\/blog\/author\/admin\/"}]}},"_links":{"self":[{"href":"https:\/\/agenciainfra.com\/blog\/wp-json\/wp\/v2\/posts\/31913","targetHints":{"allow":["GET"]}}],"collection":[{"href":"https:\/\/agenciainfra.com\/blog\/wp-json\/wp\/v2\/posts"}],"about":[{"href":"https:\/\/agenciainfra.com\/blog\/wp-json\/wp\/v2\/types\/post"}],"author":[{"embeddable":true,"href":"https:\/\/agenciainfra.com\/blog\/wp-json\/wp\/v2\/users\/1"}],"replies":[{"embeddable":true,"href":"https:\/\/agenciainfra.com\/blog\/wp-json\/wp\/v2\/comments?post=31913"}],"version-history":[{"count":3,"href":"https:\/\/agenciainfra.com\/blog\/wp-json\/wp\/v2\/posts\/31913\/revisions"}],"predecessor-version":[{"id":31919,"href":"https:\/\/agenciainfra.com\/blog\/wp-json\/wp\/v2\/posts\/31913\/revisions\/31919"}],"wp:featuredmedia":[{"embeddable":true,"href":"https:\/\/agenciainfra.com\/blog\/wp-json\/wp\/v2\/media\/24921"}],"wp:attachment":[{"href":"https:\/\/agenciainfra.com\/blog\/wp-json\/wp\/v2\/media?parent=31913"}],"wp:term":[{"taxonomy":"category","embeddable":true,"href":"https:\/\/agenciainfra.com\/blog\/wp-json\/wp\/v2\/categories?post=31913"},{"taxonomy":"post_tag","embeddable":true,"href":"https:\/\/agenciainfra.com\/blog\/wp-json\/wp\/v2\/tags?post=31913"}],"curies":[{"name":"wp","href":"https:\/\/api.w.org\/{rel}","templated":true}]}}