{"id":31927,"date":"2025-11-10T15:44:29","date_gmt":"2025-11-10T18:44:29","guid":{"rendered":"https:\/\/agenciainfra.com\/blog\/?p=31927"},"modified":"2025-11-11T14:50:42","modified_gmt":"2025-11-11T17:50:42","slug":"petroleiros-rejeitam-proposta-da-petrobras-e-entram-em-estagio-pre-greve","status":"publish","type":"post","link":"https:\/\/agenciainfra.com\/blog\/petroleiros-rejeitam-proposta-da-petrobras-e-entram-em-estagio-pre-greve\/","title":{"rendered":"Petroleiros rejeitam proposta da Petrobras e entram em est\u00e1gio pr\u00e9-greve"},"content":{"rendered":"\n<p class=\"has-text-align-right\"><strong>Gabriel Vasconcelos, da Ag\u00eancia iNFRA<\/strong><\/p>\n\n\n\n<p>A FUP (Federa\u00e7\u00e3o \u00danica dos Petroleiros) aprovou estado de greve e assembleia permanente ao rejeitar, pelo que definiu como &#8220;ampla maioria&#8221;, a contraproposta da Petrobras e subsidi\u00e1rias (Transpetro, PBio, Ansa, Termobahia e TBG) para o ACT (Acordo Coletivo de Trabalho) deste ano. O sistema Petrobras j\u00e1 teria sido oficialmente comunicado.<\/p>\n\n\n\n<p>Uma nova reuni\u00e3o entre as partes vai acontecer nesta ter\u00e7a-feira (11). Ent\u00e3o, a FUP espera que a Petrobras apresente respostas sobre o PDV (Plano de Desligamento Volunt\u00e1rio) e o que chama de &#8220;mudan\u00e7as unilaterais&#8221; nas jornadas de trabalho de m\u00e9dicos e dentistas, o que violaria o processo de negocia\u00e7\u00e3o coletiva.<\/p>\n\n\n\n<p>O estado de greve \u00e9 uma figura constitucional para definir o momento que antecede uma greve. Na pr\u00e1tica, ao aprovar essa condi\u00e7\u00e3o, uma categoria alerta ao governo ou empresa estatal que vai iniciar os preparativos para deflagrar uma greve a qualquer momento, sem a necessidade de novas vota\u00e7\u00f5es. Segundo a FUP, essa decis\u00e3o foi consolidada em assembleias conclu\u00eddas na sexta-feira (7) pelos 14 sindicatos que a comp\u00f5em.<\/p>\n\n\n\n<p>&#8220;O resultado demonstra a insatisfa\u00e7\u00e3o generalizada com a postura da empresa e refor\u00e7a a disposi\u00e7\u00e3o dos trabalhadores em n\u00e3o aceitar retrocessos nos direitos da categoria e redu\u00e7\u00e3o de custos promovida pela empresa em detrimento dos petroleiros&#8221;, escreve a FUP em nota.<\/p>\n\n\n\n<p>Segundo fontes a par das negocia\u00e7\u00f5es, a contraproposta da Petrobras oferece apenas a reposi\u00e7\u00e3o da infla\u00e7\u00e3o sem ganho real de sal\u00e1rio; n\u00e3o apresenta proposta financeira para acabar com os d\u00e9ficits do fundo de pens\u00e3o Petros, que implicam em descontos no rendimento de aposentados; e n\u00e3o avan\u00e7a na negocia\u00e7\u00e3o de um novo plano de cargos.<\/p>\n\n\n\n<p><strong>Demandas<\/strong><br>Os petroleiros t\u00eam demandas em tr\u00eas eixos:<\/p>\n\n\n\n<p>1\u00b0 &#8211; Solu\u00e7\u00e3o definitiva para os PEDs (Planos de Equacionamento de D\u00e9ficit) da Petros, que descontam os rendimentos de aposentados e pensionistas. Esse eixo, dizem fontes da categoria, \u00e9 considerado o pilar para um acordo.<\/p>\n\n\n\n<p>Os petroleiros pedem que a Petrobras aporte os valores necess\u00e1rios para garantir um acordo judicial que viabilize a proposta de um novo plano de previd\u00eancia equivalente ao atual, mas livre dos descontos dos PEDs, que chegam a consumir um ter\u00e7o dos benef\u00edcios de aposentados e pensionistas.<\/p>\n\n\n\n<p>2\u00b0 &#8211; Distribui\u00e7\u00e3o &#8220;justa&#8221; da riqueza gerada pela categoria, com garantia de condi\u00e7\u00f5es dignas de trabalho, sa\u00fade e seguran\u00e7a, sem ajuste fiscal sobre sal\u00e1rios e carreiras.<\/p>\n\n\n\n<p>3\u00b0 &#8211; Fim das privatiza\u00e7\u00f5es, que a FUP define como &#8220;defesa da pauta pelo Brasil soberano, contra privatiza\u00e7\u00f5es e novo modelo de neg\u00f3cios da Petrobras&#8221;.<\/p>\n\n\n\n<p>Em paralelo, a FUP destaca demandas pela recomposi\u00e7\u00e3o do efetivo e convoca\u00e7\u00e3o dos cadastros de reserva de concursos, que seriam &#8220;temas urgentes&#8221; da categoria.<\/p>\n","protected":false},"excerpt":{"rendered":"<p>Gabriel Vasconcelos, da Ag\u00eancia iNFRA A FUP (Federa\u00e7\u00e3o \u00danica dos Petroleiros) aprovou estado de greve e assembleia permanente ao rejeitar, pelo que definiu como &#8220;ampla maioria&#8221;, a contraproposta da Petrobras e subsidi\u00e1rias (Transpetro, PBio, Ansa, Termobahia e TBG) para o ACT (Acordo Coletivo de Trabalho) deste ano. O sistema Petrobras j\u00e1 teria sido oficialmente comunicado. [&hellip;]<\/p>\n","protected":false},"author":1,"featured_media":6701,"comment_status":"closed","ping_status":"closed","sticky":false,"template":"","format":"standard","meta":{"_monsterinsights_skip_tracking":false,"_monsterinsights_sitenote_active":false,"_monsterinsights_sitenote_note":"","_monsterinsights_sitenote_category":0,"footnotes":""},"categories":[7250,13271],"tags":[13316,13315,13251,267,143,14449],"class_list":["post-31927","post","type-post","status-publish","format-standard","has-post-thumbnail","hentry","category-destaque-lista","category-oleo-gas","tag-federacao-unica-dos-petroleiros","tag-fup","tag-gabriel-vasconcelos","tag-greve","tag-petrobras","tag-petroleo-2"],"yoast_head":"<!-- This site is optimized with the Yoast SEO Premium plugin v25.4 (Yoast SEO v26.0) - https:\/\/yoast.com\/wordpress\/plugins\/seo\/ -->\n<title>Petroleiros rejeitam proposta da Petrobras e entram em est\u00e1gio pr\u00e9-greve - Ag\u00eancia iNFRA<\/title>\n<meta name=\"robots\" content=\"index, follow, max-snippet:-1, max-image-preview:large, max-video-preview:-1\" \/>\n<link rel=\"canonical\" href=\"https:\/\/agenciainfra.com\/blog\/petroleiros-rejeitam-proposta-da-petrobras-e-entram-em-estagio-pre-greve\/\" \/>\n<meta property=\"og:locale\" content=\"pt_BR\" \/>\n<meta property=\"og:type\" content=\"article\" \/>\n<meta property=\"og:title\" content=\"Petroleiros rejeitam proposta da Petrobras e entram em est\u00e1gio pr\u00e9-greve\" \/>\n<meta property=\"og:description\" content=\"Gabriel Vasconcelos, da Ag\u00eancia iNFRA A FUP (Federa\u00e7\u00e3o \u00danica dos Petroleiros) aprovou estado de greve e assembleia permanente ao rejeitar, pelo que definiu como &#8220;ampla maioria&#8221;, a contraproposta da Petrobras e subsidi\u00e1rias (Transpetro, PBio, Ansa, Termobahia e TBG) para o ACT (Acordo Coletivo de Trabalho) deste ano. O sistema Petrobras j\u00e1 teria sido oficialmente comunicado. [&hellip;]\" \/>\n<meta property=\"og:url\" content=\"https:\/\/agenciainfra.com\/blog\/petroleiros-rejeitam-proposta-da-petrobras-e-entram-em-estagio-pre-greve\/\" \/>\n<meta property=\"og:site_name\" content=\"Ag\u00eancia iNFRA\" \/>\n<meta property=\"article:publisher\" content=\"https:\/\/www.facebook.com\/ageninfra\" \/>\n<meta property=\"article:published_time\" content=\"2025-11-10T18:44:29+00:00\" \/>\n<meta property=\"article:modified_time\" content=\"2025-11-11T17:50:42+00:00\" \/>\n<meta property=\"og:image\" content=\"https:\/\/agenciainfra.com\/blog\/wp-content\/uploads\/2021\/01\/petrobras-foto-pedro-teixeira-agencia-brasil.jpg\" \/>\n\t<meta property=\"og:image:width\" content=\"1280\" \/>\n\t<meta property=\"og:image:height\" content=\"768\" \/>\n\t<meta property=\"og:image:type\" content=\"image\/jpeg\" \/>\n<meta name=\"author\" content=\"Ag\u00eancia iNFRA\" \/>\n<meta name=\"twitter:card\" content=\"summary_large_image\" \/>\n<meta name=\"twitter:creator\" content=\"@agencia_infra\" \/>\n<meta name=\"twitter:site\" content=\"@agencia_infra\" \/>\n<meta name=\"twitter:label1\" content=\"Escrito por\" \/>\n\t<meta name=\"twitter:data1\" content=\"Ag\u00eancia iNFRA\" \/>\n\t<meta name=\"twitter:label2\" content=\"Est. tempo de leitura\" \/>\n\t<meta name=\"twitter:data2\" content=\"2 minutos\" \/>\n<script type=\"application\/ld+json\" class=\"yoast-schema-graph\">{\"@context\":\"https:\/\/schema.org\",\"@graph\":[{\"@type\":\"Article\",\"@id\":\"https:\/\/agenciainfra.com\/blog\/petroleiros-rejeitam-proposta-da-petrobras-e-entram-em-estagio-pre-greve\/#article\",\"isPartOf\":{\"@id\":\"https:\/\/agenciainfra.com\/blog\/petroleiros-rejeitam-proposta-da-petrobras-e-entram-em-estagio-pre-greve\/\"},\"author\":{\"name\":\"Ag\u00eancia iNFRA\",\"@id\":\"https:\/\/agenciainfra.com\/blog\/#\/schema\/person\/34af08dff6adea4cb22b06612ba7acfa\"},\"headline\":\"Petroleiros rejeitam proposta da Petrobras e entram em est\u00e1gio pr\u00e9-greve\",\"datePublished\":\"2025-11-10T18:44:29+00:00\",\"dateModified\":\"2025-11-11T17:50:42+00:00\",\"mainEntityOfPage\":{\"@id\":\"https:\/\/agenciainfra.com\/blog\/petroleiros-rejeitam-proposta-da-petrobras-e-entram-em-estagio-pre-greve\/\"},\"wordCount\":484,\"publisher\":{\"@id\":\"https:\/\/agenciainfra.com\/blog\/#organization\"},\"image\":{\"@id\":\"https:\/\/agenciainfra.com\/blog\/petroleiros-rejeitam-proposta-da-petrobras-e-entram-em-estagio-pre-greve\/#primaryimage\"},\"thumbnailUrl\":\"https:\/\/agenciainfra.com\/blog\/wp-content\/uploads\/2021\/01\/petrobras-foto-pedro-teixeira-agencia-brasil.jpg\",\"keywords\":[\"Federa\u00e7\u00e3o \u00danica dos Petroleiros\",\"FUP\",\"Gabriel Vasconcelos\",\"greve\",\"Petrobras\",\"Petroleo\"],\"articleSection\":[\"Destaque lista\",\"\u00d3leo &amp; G\u00e1s\"],\"inLanguage\":\"pt-BR\",\"copyrightYear\":\"2025\",\"copyrightHolder\":{\"@id\":\"https:\/\/agenciainfra.com\/blog\/#organization\"}},{\"@type\":\"WebPage\",\"@id\":\"https:\/\/agenciainfra.com\/blog\/petroleiros-rejeitam-proposta-da-petrobras-e-entram-em-estagio-pre-greve\/\",\"url\":\"https:\/\/agenciainfra.com\/blog\/petroleiros-rejeitam-proposta-da-petrobras-e-entram-em-estagio-pre-greve\/\",\"name\":\"Petroleiros rejeitam proposta da Petrobras e entram em est\u00e1gio pr\u00e9-greve - Ag\u00eancia iNFRA\",\"isPartOf\":{\"@id\":\"https:\/\/agenciainfra.com\/blog\/#website\"},\"primaryImageOfPage\":{\"@id\":\"https:\/\/agenciainfra.com\/blog\/petroleiros-rejeitam-proposta-da-petrobras-e-entram-em-estagio-pre-greve\/#primaryimage\"},\"image\":{\"@id\":\"https:\/\/agenciainfra.com\/blog\/petroleiros-rejeitam-proposta-da-petrobras-e-entram-em-estagio-pre-greve\/#primaryimage\"},\"thumbnailUrl\":\"https:\/\/agenciainfra.com\/blog\/wp-content\/uploads\/2021\/01\/petrobras-foto-pedro-teixeira-agencia-brasil.jpg\",\"datePublished\":\"2025-11-10T18:44:29+00:00\",\"dateModified\":\"2025-11-11T17:50:42+00:00\",\"breadcrumb\":{\"@id\":\"https:\/\/agenciainfra.com\/blog\/petroleiros-rejeitam-proposta-da-petrobras-e-entram-em-estagio-pre-greve\/#breadcrumb\"},\"inLanguage\":\"pt-BR\",\"potentialAction\":[{\"@type\":\"ReadAction\",\"target\":[\"https:\/\/agenciainfra.com\/blog\/petroleiros-rejeitam-proposta-da-petrobras-e-entram-em-estagio-pre-greve\/\"]}]},{\"@type\":\"ImageObject\",\"inLanguage\":\"pt-BR\",\"@id\":\"https:\/\/agenciainfra.com\/blog\/petroleiros-rejeitam-proposta-da-petrobras-e-entram-em-estagio-pre-greve\/#primaryimage\",\"url\":\"https:\/\/agenciainfra.com\/blog\/wp-content\/uploads\/2021\/01\/petrobras-foto-pedro-teixeira-agencia-brasil.jpg\",\"contentUrl\":\"https:\/\/agenciainfra.com\/blog\/wp-content\/uploads\/2021\/01\/petrobras-foto-pedro-teixeira-agencia-brasil.jpg\",\"width\":1280,\"height\":768,\"caption\":\"Foto: Pedro Teixeira\/Ag\u00eancia Brasil\"},{\"@type\":\"BreadcrumbList\",\"@id\":\"https:\/\/agenciainfra.com\/blog\/petroleiros-rejeitam-proposta-da-petrobras-e-entram-em-estagio-pre-greve\/#breadcrumb\",\"itemListElement\":[{\"@type\":\"ListItem\",\"position\":1,\"name\":\"In\u00edcio\",\"item\":\"https:\/\/agenciainfra.com\/blog\/\"},{\"@type\":\"ListItem\",\"position\":2,\"name\":\"Petroleiros rejeitam proposta da Petrobras e entram em est\u00e1gio pr\u00e9-greve\"}]},{\"@type\":\"WebSite\",\"@id\":\"https:\/\/agenciainfra.com\/blog\/#website\",\"url\":\"https:\/\/agenciainfra.com\/blog\/\",\"name\":\"Ag\u00eancia iNFRA\",\"description\":\"Multiplataforma de informa\u00e7\u00e3o jornal\u00edstica refer\u00eancia na \u00e1rea de infraestrutura no Brasil!\",\"publisher\":{\"@id\":\"https:\/\/agenciainfra.com\/blog\/#organization\"},\"potentialAction\":[{\"@type\":\"SearchAction\",\"target\":{\"@type\":\"EntryPoint\",\"urlTemplate\":\"https:\/\/agenciainfra.com\/blog\/?s={search_term_string}\"},\"query-input\":{\"@type\":\"PropertyValueSpecification\",\"valueRequired\":true,\"valueName\":\"search_term_string\"}}],\"inLanguage\":\"pt-BR\"},{\"@type\":\"Organization\",\"@id\":\"https:\/\/agenciainfra.com\/blog\/#organization\",\"name\":\"Ag\u00eancia iNFRA\",\"url\":\"https:\/\/agenciainfra.com\/blog\/\",\"logo\":{\"@type\":\"ImageObject\",\"inLanguage\":\"pt-BR\",\"@id\":\"https:\/\/agenciainfra.com\/blog\/#\/schema\/logo\/image\/\",\"url\":\"https:\/\/agenciainfra.com\/blog\/wp-content\/uploads\/2023\/09\/iNFRA_5-e1761735885940.png\",\"contentUrl\":\"https:\/\/agenciainfra.com\/blog\/wp-content\/uploads\/2023\/09\/iNFRA_5-e1761735885940.png\",\"width\":1672,\"height\":454,\"caption\":\"Ag\u00eancia iNFRA\"},\"image\":{\"@id\":\"https:\/\/agenciainfra.com\/blog\/#\/schema\/logo\/image\/\"},\"sameAs\":[\"https:\/\/www.facebook.com\/ageninfra\",\"https:\/\/x.com\/agencia_infra\",\"https:\/\/www.linkedin.com\/company\/ag\u00eanciainfra\/\",\"https:\/\/www.instagram.com\/agenciainfra\/\"]},{\"@type\":\"Person\",\"@id\":\"https:\/\/agenciainfra.com\/blog\/#\/schema\/person\/34af08dff6adea4cb22b06612ba7acfa\",\"name\":\"Ag\u00eancia iNFRA\",\"image\":{\"@type\":\"ImageObject\",\"inLanguage\":\"pt-BR\",\"@id\":\"https:\/\/agenciainfra.com\/blog\/#\/schema\/person\/image\/\",\"url\":\"https:\/\/secure.gravatar.com\/avatar\/d189e01678f06d8eb84d4e01f08eb848b3fffe3f8443818d3c356c66892f5be8?s=96&d=mm&r=g\",\"contentUrl\":\"https:\/\/secure.gravatar.com\/avatar\/d189e01678f06d8eb84d4e01f08eb848b3fffe3f8443818d3c356c66892f5be8?s=96&d=mm&r=g\",\"caption\":\"Ag\u00eancia iNFRA\"},\"url\":\"https:\/\/agenciainfra.com\/blog\/author\/admin\/\"}]}<\/script>\n<!-- \/ Yoast SEO Premium plugin. -->","yoast_head_json":{"title":"Petroleiros rejeitam proposta da Petrobras e entram em est\u00e1gio pr\u00e9-greve - Ag\u00eancia iNFRA","robots":{"index":"index","follow":"follow","max-snippet":"max-snippet:-1","max-image-preview":"max-image-preview:large","max-video-preview":"max-video-preview:-1"},"canonical":"https:\/\/agenciainfra.com\/blog\/petroleiros-rejeitam-proposta-da-petrobras-e-entram-em-estagio-pre-greve\/","og_locale":"pt_BR","og_type":"article","og_title":"Petroleiros rejeitam proposta da Petrobras e entram em est\u00e1gio pr\u00e9-greve","og_description":"Gabriel Vasconcelos, da Ag\u00eancia iNFRA A FUP (Federa\u00e7\u00e3o \u00danica dos Petroleiros) aprovou estado de greve e assembleia permanente ao rejeitar, pelo que definiu como &#8220;ampla maioria&#8221;, a contraproposta da Petrobras e subsidi\u00e1rias (Transpetro, PBio, Ansa, Termobahia e TBG) para o ACT (Acordo Coletivo de Trabalho) deste ano. O sistema Petrobras j\u00e1 teria sido oficialmente comunicado. [&hellip;]","og_url":"https:\/\/agenciainfra.com\/blog\/petroleiros-rejeitam-proposta-da-petrobras-e-entram-em-estagio-pre-greve\/","og_site_name":"Ag\u00eancia iNFRA","article_publisher":"https:\/\/www.facebook.com\/ageninfra","article_published_time":"2025-11-10T18:44:29+00:00","article_modified_time":"2025-11-11T17:50:42+00:00","og_image":[{"width":1280,"height":768,"url":"https:\/\/agenciainfra.com\/blog\/wp-content\/uploads\/2021\/01\/petrobras-foto-pedro-teixeira-agencia-brasil.jpg","type":"image\/jpeg"}],"author":"Ag\u00eancia iNFRA","twitter_card":"summary_large_image","twitter_creator":"@agencia_infra","twitter_site":"@agencia_infra","twitter_misc":{"Escrito por":"Ag\u00eancia iNFRA","Est. tempo de leitura":"2 minutos"},"schema":{"@context":"https:\/\/schema.org","@graph":[{"@type":"Article","@id":"https:\/\/agenciainfra.com\/blog\/petroleiros-rejeitam-proposta-da-petrobras-e-entram-em-estagio-pre-greve\/#article","isPartOf":{"@id":"https:\/\/agenciainfra.com\/blog\/petroleiros-rejeitam-proposta-da-petrobras-e-entram-em-estagio-pre-greve\/"},"author":{"name":"Ag\u00eancia iNFRA","@id":"https:\/\/agenciainfra.com\/blog\/#\/schema\/person\/34af08dff6adea4cb22b06612ba7acfa"},"headline":"Petroleiros rejeitam proposta da Petrobras e entram em est\u00e1gio pr\u00e9-greve","datePublished":"2025-11-10T18:44:29+00:00","dateModified":"2025-11-11T17:50:42+00:00","mainEntityOfPage":{"@id":"https:\/\/agenciainfra.com\/blog\/petroleiros-rejeitam-proposta-da-petrobras-e-entram-em-estagio-pre-greve\/"},"wordCount":484,"publisher":{"@id":"https:\/\/agenciainfra.com\/blog\/#organization"},"image":{"@id":"https:\/\/agenciainfra.com\/blog\/petroleiros-rejeitam-proposta-da-petrobras-e-entram-em-estagio-pre-greve\/#primaryimage"},"thumbnailUrl":"https:\/\/agenciainfra.com\/blog\/wp-content\/uploads\/2021\/01\/petrobras-foto-pedro-teixeira-agencia-brasil.jpg","keywords":["Federa\u00e7\u00e3o \u00danica dos Petroleiros","FUP","Gabriel Vasconcelos","greve","Petrobras","Petroleo"],"articleSection":["Destaque lista","\u00d3leo &amp; G\u00e1s"],"inLanguage":"pt-BR","copyrightYear":"2025","copyrightHolder":{"@id":"https:\/\/agenciainfra.com\/blog\/#organization"}},{"@type":"WebPage","@id":"https:\/\/agenciainfra.com\/blog\/petroleiros-rejeitam-proposta-da-petrobras-e-entram-em-estagio-pre-greve\/","url":"https:\/\/agenciainfra.com\/blog\/petroleiros-rejeitam-proposta-da-petrobras-e-entram-em-estagio-pre-greve\/","name":"Petroleiros rejeitam proposta da Petrobras e entram em est\u00e1gio pr\u00e9-greve - Ag\u00eancia iNFRA","isPartOf":{"@id":"https:\/\/agenciainfra.com\/blog\/#website"},"primaryImageOfPage":{"@id":"https:\/\/agenciainfra.com\/blog\/petroleiros-rejeitam-proposta-da-petrobras-e-entram-em-estagio-pre-greve\/#primaryimage"},"image":{"@id":"https:\/\/agenciainfra.com\/blog\/petroleiros-rejeitam-proposta-da-petrobras-e-entram-em-estagio-pre-greve\/#primaryimage"},"thumbnailUrl":"https:\/\/agenciainfra.com\/blog\/wp-content\/uploads\/2021\/01\/petrobras-foto-pedro-teixeira-agencia-brasil.jpg","datePublished":"2025-11-10T18:44:29+00:00","dateModified":"2025-11-11T17:50:42+00:00","breadcrumb":{"@id":"https:\/\/agenciainfra.com\/blog\/petroleiros-rejeitam-proposta-da-petrobras-e-entram-em-estagio-pre-greve\/#breadcrumb"},"inLanguage":"pt-BR","potentialAction":[{"@type":"ReadAction","target":["https:\/\/agenciainfra.com\/blog\/petroleiros-rejeitam-proposta-da-petrobras-e-entram-em-estagio-pre-greve\/"]}]},{"@type":"ImageObject","inLanguage":"pt-BR","@id":"https:\/\/agenciainfra.com\/blog\/petroleiros-rejeitam-proposta-da-petrobras-e-entram-em-estagio-pre-greve\/#primaryimage","url":"https:\/\/agenciainfra.com\/blog\/wp-content\/uploads\/2021\/01\/petrobras-foto-pedro-teixeira-agencia-brasil.jpg","contentUrl":"https:\/\/agenciainfra.com\/blog\/wp-content\/uploads\/2021\/01\/petrobras-foto-pedro-teixeira-agencia-brasil.jpg","width":1280,"height":768,"caption":"Foto: Pedro Teixeira\/Ag\u00eancia Brasil"},{"@type":"BreadcrumbList","@id":"https:\/\/agenciainfra.com\/blog\/petroleiros-rejeitam-proposta-da-petrobras-e-entram-em-estagio-pre-greve\/#breadcrumb","itemListElement":[{"@type":"ListItem","position":1,"name":"In\u00edcio","item":"https:\/\/agenciainfra.com\/blog\/"},{"@type":"ListItem","position":2,"name":"Petroleiros rejeitam proposta da Petrobras e entram em est\u00e1gio pr\u00e9-greve"}]},{"@type":"WebSite","@id":"https:\/\/agenciainfra.com\/blog\/#website","url":"https:\/\/agenciainfra.com\/blog\/","name":"Ag\u00eancia iNFRA","description":"Multiplataforma de informa\u00e7\u00e3o jornal\u00edstica refer\u00eancia na \u00e1rea de infraestrutura no Brasil!","publisher":{"@id":"https:\/\/agenciainfra.com\/blog\/#organization"},"potentialAction":[{"@type":"SearchAction","target":{"@type":"EntryPoint","urlTemplate":"https:\/\/agenciainfra.com\/blog\/?s={search_term_string}"},"query-input":{"@type":"PropertyValueSpecification","valueRequired":true,"valueName":"search_term_string"}}],"inLanguage":"pt-BR"},{"@type":"Organization","@id":"https:\/\/agenciainfra.com\/blog\/#organization","name":"Ag\u00eancia iNFRA","url":"https:\/\/agenciainfra.com\/blog\/","logo":{"@type":"ImageObject","inLanguage":"pt-BR","@id":"https:\/\/agenciainfra.com\/blog\/#\/schema\/logo\/image\/","url":"https:\/\/agenciainfra.com\/blog\/wp-content\/uploads\/2023\/09\/iNFRA_5-e1761735885940.png","contentUrl":"https:\/\/agenciainfra.com\/blog\/wp-content\/uploads\/2023\/09\/iNFRA_5-e1761735885940.png","width":1672,"height":454,"caption":"Ag\u00eancia iNFRA"},"image":{"@id":"https:\/\/agenciainfra.com\/blog\/#\/schema\/logo\/image\/"},"sameAs":["https:\/\/www.facebook.com\/ageninfra","https:\/\/x.com\/agencia_infra","https:\/\/www.linkedin.com\/company\/ag\u00eanciainfra\/","https:\/\/www.instagram.com\/agenciainfra\/"]},{"@type":"Person","@id":"https:\/\/agenciainfra.com\/blog\/#\/schema\/person\/34af08dff6adea4cb22b06612ba7acfa","name":"Ag\u00eancia iNFRA","image":{"@type":"ImageObject","inLanguage":"pt-BR","@id":"https:\/\/agenciainfra.com\/blog\/#\/schema\/person\/image\/","url":"https:\/\/secure.gravatar.com\/avatar\/d189e01678f06d8eb84d4e01f08eb848b3fffe3f8443818d3c356c66892f5be8?s=96&d=mm&r=g","contentUrl":"https:\/\/secure.gravatar.com\/avatar\/d189e01678f06d8eb84d4e01f08eb848b3fffe3f8443818d3c356c66892f5be8?s=96&d=mm&r=g","caption":"Ag\u00eancia iNFRA"},"url":"https:\/\/agenciainfra.com\/blog\/author\/admin\/"}]}},"_links":{"self":[{"href":"https:\/\/agenciainfra.com\/blog\/wp-json\/wp\/v2\/posts\/31927","targetHints":{"allow":["GET"]}}],"collection":[{"href":"https:\/\/agenciainfra.com\/blog\/wp-json\/wp\/v2\/posts"}],"about":[{"href":"https:\/\/agenciainfra.com\/blog\/wp-json\/wp\/v2\/types\/post"}],"author":[{"embeddable":true,"href":"https:\/\/agenciainfra.com\/blog\/wp-json\/wp\/v2\/users\/1"}],"replies":[{"embeddable":true,"href":"https:\/\/agenciainfra.com\/blog\/wp-json\/wp\/v2\/comments?post=31927"}],"version-history":[{"count":2,"href":"https:\/\/agenciainfra.com\/blog\/wp-json\/wp\/v2\/posts\/31927\/revisions"}],"predecessor-version":[{"id":31935,"href":"https:\/\/agenciainfra.com\/blog\/wp-json\/wp\/v2\/posts\/31927\/revisions\/31935"}],"wp:featuredmedia":[{"embeddable":true,"href":"https:\/\/agenciainfra.com\/blog\/wp-json\/wp\/v2\/media\/6701"}],"wp:attachment":[{"href":"https:\/\/agenciainfra.com\/blog\/wp-json\/wp\/v2\/media?parent=31927"}],"wp:term":[{"taxonomy":"category","embeddable":true,"href":"https:\/\/agenciainfra.com\/blog\/wp-json\/wp\/v2\/categories?post=31927"},{"taxonomy":"post_tag","embeddable":true,"href":"https:\/\/agenciainfra.com\/blog\/wp-json\/wp\/v2\/tags?post=31927"}],"curies":[{"name":"wp","href":"https:\/\/api.w.org\/{rel}","templated":true}]}}