{"id":31928,"date":"2025-11-10T15:52:40","date_gmt":"2025-11-10T18:52:40","guid":{"rendered":"https:\/\/agenciainfra.com\/blog\/?p=31928"},"modified":"2025-11-10T17:04:18","modified_gmt":"2025-11-10T20:04:18","slug":"petrobras-e-amazonica-energy-firmam-primeiro-contrato-de-gnl-na-amazonia","status":"publish","type":"post","link":"https:\/\/agenciainfra.com\/blog\/petrobras-e-amazonica-energy-firmam-primeiro-contrato-de-gnl-na-amazonia\/","title":{"rendered":"Petrobras e Amaz\u00f4nica Energy firmam primeiro contrato de GNL na Amaz\u00f4nia"},"content":{"rendered":"\n<p class=\"has-text-align-right\"><strong>da Ag\u00eancia iNFRA<\/strong><\/p>\n\n\n\n<p>A Petrobras e a Amaz\u00f4nica Energy firmaram o primeiro contrato de comercializa\u00e7\u00e3o de GNL (G\u00e1s Natural Liquefeito) em pequena escala a partir do Polo Urucu, em Coari (AM). O fornecimento est\u00e1 previsto para come\u00e7ar em fevereiro de 2028, com volume inicial de 100 mil m\u00b3\/dia e dura\u00e7\u00e3o de dez anos, podendo ser expandido conforme o projeto evoluir.<\/p>\n\n\n\n<p>O acordo visa levar g\u00e1s natural a localidades da regi\u00e3o Norte com acesso limitado ao insumo, criando solu\u00e7\u00f5es de distribui\u00e7\u00e3o que ampliam a oferta do combust\u00edvel em \u00e1reas remotas da Amaz\u00f4nia. O projeto prev\u00ea investimentos da Amaz\u00f4nica Energy em unidades de liquefa\u00e7\u00e3o, transporte e regaseifica\u00e7\u00e3o de GNL, al\u00e9m da expans\u00e3o dos pontos de entrega.<\/p>\n\n\n\n<p>Segundo \u00c1lvaro Tupiassu, gerente-executivo de G\u00e1s e Energia da Petrobras, a parceria fortalece a matriz energ\u00e9tica e impulsiona o desenvolvimento regional, gerando empregos e fomentando a economia local. Marcelo Ara\u00fajo, CEO da Amaz\u00f4nica Energy, destaca que o terminal de GNL atender\u00e1 ind\u00fastrias, usinas termel\u00e9tricas, frotas veiculares e polos log\u00edsticos, com impactos positivos para a regi\u00e3o.<\/p>\n\n\n\n<p>O Polo Urucu, ativo desde 1988, \u00e9 o terceiro maior produtor de g\u00e1s natural do pa\u00eds, com produ\u00e7\u00e3o m\u00e9dia de 5,1 milh\u00f5es de m\u00b3\/dia, abastecendo 65% da gera\u00e7\u00e3o el\u00e9trica de Manaus e cinco munic\u00edpios do Amazonas. A opera\u00e7\u00e3o tamb\u00e9m produz cerca de 80 mil botij\u00f5es de GLP (G\u00e1s Liquefeito de Petr\u00f3leo) por dia para os estados do Norte e parte do Nordeste, al\u00e9m de gerar 20 mil empregos diretos e indiretos e manter pr\u00e1ticas de sustentabilidade ambiental na regi\u00e3o.<\/p>\n","protected":false},"excerpt":{"rendered":"<p>da Ag\u00eancia iNFRA A Petrobras e a Amaz\u00f4nica Energy firmaram o primeiro contrato de comercializa\u00e7\u00e3o de GNL (G\u00e1s Natural Liquefeito) em pequena escala a partir do Polo Urucu, em Coari (AM). O fornecimento est\u00e1 previsto para come\u00e7ar em fevereiro de 2028, com volume inicial de 100 mil m\u00b3\/dia e dura\u00e7\u00e3o de dez anos, podendo ser [&hellip;]<\/p>\n","protected":false},"author":1,"featured_media":31931,"comment_status":"closed","ping_status":"closed","sticky":false,"template":"","format":"standard","meta":{"_monsterinsights_skip_tracking":false,"_monsterinsights_sitenote_active":false,"_monsterinsights_sitenote_note":"","_monsterinsights_sitenote_category":0,"footnotes":""},"categories":[13576],"tags":[4595,16838,16839,1783,143,16840],"class_list":["post-31928","post","type-post","status-publish","format-standard","has-post-thumbnail","hentry","category-giro-infra","tag-amazonia","tag-amazonica-energy","tag-coari","tag-gnl","tag-petrobras","tag-polo-urucu"],"yoast_head":"<!-- This site is optimized with the Yoast SEO Premium plugin v25.4 (Yoast SEO v26.0) - https:\/\/yoast.com\/wordpress\/plugins\/seo\/ -->\n<title>Petrobras e Amaz\u00f4nica Energy firmam primeiro contrato de GNL na Amaz\u00f4nia - Ag\u00eancia iNFRA<\/title>\n<meta name=\"robots\" content=\"index, follow, max-snippet:-1, max-image-preview:large, max-video-preview:-1\" \/>\n<link rel=\"canonical\" href=\"https:\/\/agenciainfra.com\/blog\/petrobras-e-amazonica-energy-firmam-primeiro-contrato-de-gnl-na-amazonia\/\" \/>\n<meta property=\"og:locale\" content=\"pt_BR\" \/>\n<meta property=\"og:type\" content=\"article\" \/>\n<meta property=\"og:title\" content=\"Petrobras e Amaz\u00f4nica Energy firmam primeiro contrato de GNL na Amaz\u00f4nia\" \/>\n<meta property=\"og:description\" content=\"da Ag\u00eancia iNFRA A Petrobras e a Amaz\u00f4nica Energy firmaram o primeiro contrato de comercializa\u00e7\u00e3o de GNL (G\u00e1s Natural Liquefeito) em pequena escala a partir do Polo Urucu, em Coari (AM). O fornecimento est\u00e1 previsto para come\u00e7ar em fevereiro de 2028, com volume inicial de 100 mil m\u00b3\/dia e dura\u00e7\u00e3o de dez anos, podendo ser [&hellip;]\" \/>\n<meta property=\"og:url\" content=\"https:\/\/agenciainfra.com\/blog\/petrobras-e-amazonica-energy-firmam-primeiro-contrato-de-gnl-na-amazonia\/\" \/>\n<meta property=\"og:site_name\" content=\"Ag\u00eancia iNFRA\" \/>\n<meta property=\"article:publisher\" content=\"https:\/\/www.facebook.com\/ageninfra\" \/>\n<meta property=\"article:published_time\" content=\"2025-11-10T18:52:40+00:00\" \/>\n<meta property=\"article:modified_time\" content=\"2025-11-10T20:04:18+00:00\" \/>\n<meta property=\"og:image\" content=\"https:\/\/agenciainfra.com\/blog\/wp-content\/uploads\/2025\/11\/Base-Urucu-foto-Agencia-Petrobras-scaled-e1762800665338.jpeg\" \/>\n\t<meta property=\"og:image:width\" content=\"1280\" \/>\n\t<meta property=\"og:image:height\" content=\"720\" \/>\n\t<meta property=\"og:image:type\" content=\"image\/jpeg\" \/>\n<meta name=\"author\" content=\"Ag\u00eancia iNFRA\" \/>\n<meta name=\"twitter:card\" content=\"summary_large_image\" \/>\n<meta name=\"twitter:creator\" content=\"@agencia_infra\" \/>\n<meta name=\"twitter:site\" content=\"@agencia_infra\" \/>\n<meta name=\"twitter:label1\" content=\"Escrito por\" \/>\n\t<meta name=\"twitter:data1\" content=\"Ag\u00eancia iNFRA\" \/>\n\t<meta name=\"twitter:label2\" content=\"Est. tempo de leitura\" \/>\n\t<meta name=\"twitter:data2\" content=\"1 minuto\" \/>\n<script type=\"application\/ld+json\" class=\"yoast-schema-graph\">{\"@context\":\"https:\/\/schema.org\",\"@graph\":[{\"@type\":\"Article\",\"@id\":\"https:\/\/agenciainfra.com\/blog\/petrobras-e-amazonica-energy-firmam-primeiro-contrato-de-gnl-na-amazonia\/#article\",\"isPartOf\":{\"@id\":\"https:\/\/agenciainfra.com\/blog\/petrobras-e-amazonica-energy-firmam-primeiro-contrato-de-gnl-na-amazonia\/\"},\"author\":{\"name\":\"Ag\u00eancia iNFRA\",\"@id\":\"https:\/\/agenciainfra.com\/blog\/#\/schema\/person\/34af08dff6adea4cb22b06612ba7acfa\"},\"headline\":\"Petrobras e Amaz\u00f4nica Energy firmam primeiro contrato de GNL na Amaz\u00f4nia\",\"datePublished\":\"2025-11-10T18:52:40+00:00\",\"dateModified\":\"2025-11-10T20:04:18+00:00\",\"mainEntityOfPage\":{\"@id\":\"https:\/\/agenciainfra.com\/blog\/petrobras-e-amazonica-energy-firmam-primeiro-contrato-de-gnl-na-amazonia\/\"},\"wordCount\":296,\"publisher\":{\"@id\":\"https:\/\/agenciainfra.com\/blog\/#organization\"},\"image\":{\"@id\":\"https:\/\/agenciainfra.com\/blog\/petrobras-e-amazonica-energy-firmam-primeiro-contrato-de-gnl-na-amazonia\/#primaryimage\"},\"thumbnailUrl\":\"https:\/\/agenciainfra.com\/blog\/wp-content\/uploads\/2025\/11\/Base-Urucu-foto-Agencia-Petrobras-scaled-e1762800665338.jpeg\",\"keywords\":[\"Amaz\u00f4nia\",\"Amaz\u00f4nica Energy\",\"Coari\",\"GNL\",\"Petrobras\",\"Polo Urucu\"],\"articleSection\":[\"Giro iNFRA\"],\"inLanguage\":\"pt-BR\",\"copyrightYear\":\"2025\",\"copyrightHolder\":{\"@id\":\"https:\/\/agenciainfra.com\/blog\/#organization\"}},{\"@type\":\"WebPage\",\"@id\":\"https:\/\/agenciainfra.com\/blog\/petrobras-e-amazonica-energy-firmam-primeiro-contrato-de-gnl-na-amazonia\/\",\"url\":\"https:\/\/agenciainfra.com\/blog\/petrobras-e-amazonica-energy-firmam-primeiro-contrato-de-gnl-na-amazonia\/\",\"name\":\"Petrobras e Amaz\u00f4nica Energy firmam primeiro contrato de GNL na Amaz\u00f4nia - Ag\u00eancia iNFRA\",\"isPartOf\":{\"@id\":\"https:\/\/agenciainfra.com\/blog\/#website\"},\"primaryImageOfPage\":{\"@id\":\"https:\/\/agenciainfra.com\/blog\/petrobras-e-amazonica-energy-firmam-primeiro-contrato-de-gnl-na-amazonia\/#primaryimage\"},\"image\":{\"@id\":\"https:\/\/agenciainfra.com\/blog\/petrobras-e-amazonica-energy-firmam-primeiro-contrato-de-gnl-na-amazonia\/#primaryimage\"},\"thumbnailUrl\":\"https:\/\/agenciainfra.com\/blog\/wp-content\/uploads\/2025\/11\/Base-Urucu-foto-Agencia-Petrobras-scaled-e1762800665338.jpeg\",\"datePublished\":\"2025-11-10T18:52:40+00:00\",\"dateModified\":\"2025-11-10T20:04:18+00:00\",\"breadcrumb\":{\"@id\":\"https:\/\/agenciainfra.com\/blog\/petrobras-e-amazonica-energy-firmam-primeiro-contrato-de-gnl-na-amazonia\/#breadcrumb\"},\"inLanguage\":\"pt-BR\",\"potentialAction\":[{\"@type\":\"ReadAction\",\"target\":[\"https:\/\/agenciainfra.com\/blog\/petrobras-e-amazonica-energy-firmam-primeiro-contrato-de-gnl-na-amazonia\/\"]}]},{\"@type\":\"ImageObject\",\"inLanguage\":\"pt-BR\",\"@id\":\"https:\/\/agenciainfra.com\/blog\/petrobras-e-amazonica-energy-firmam-primeiro-contrato-de-gnl-na-amazonia\/#primaryimage\",\"url\":\"https:\/\/agenciainfra.com\/blog\/wp-content\/uploads\/2025\/11\/Base-Urucu-foto-Agencia-Petrobras-scaled-e1762800665338.jpeg\",\"contentUrl\":\"https:\/\/agenciainfra.com\/blog\/wp-content\/uploads\/2025\/11\/Base-Urucu-foto-Agencia-Petrobras-scaled-e1762800665338.jpeg\",\"width\":1280,\"height\":720,\"caption\":\"Foto: Ag\u00eancia Petrobras\"},{\"@type\":\"BreadcrumbList\",\"@id\":\"https:\/\/agenciainfra.com\/blog\/petrobras-e-amazonica-energy-firmam-primeiro-contrato-de-gnl-na-amazonia\/#breadcrumb\",\"itemListElement\":[{\"@type\":\"ListItem\",\"position\":1,\"name\":\"In\u00edcio\",\"item\":\"https:\/\/agenciainfra.com\/blog\/\"},{\"@type\":\"ListItem\",\"position\":2,\"name\":\"Petrobras e Amaz\u00f4nica Energy firmam primeiro contrato de GNL na Amaz\u00f4nia\"}]},{\"@type\":\"WebSite\",\"@id\":\"https:\/\/agenciainfra.com\/blog\/#website\",\"url\":\"https:\/\/agenciainfra.com\/blog\/\",\"name\":\"Ag\u00eancia iNFRA\",\"description\":\"Multiplataforma de informa\u00e7\u00e3o jornal\u00edstica refer\u00eancia na \u00e1rea de infraestrutura no Brasil!\",\"publisher\":{\"@id\":\"https:\/\/agenciainfra.com\/blog\/#organization\"},\"potentialAction\":[{\"@type\":\"SearchAction\",\"target\":{\"@type\":\"EntryPoint\",\"urlTemplate\":\"https:\/\/agenciainfra.com\/blog\/?s={search_term_string}\"},\"query-input\":{\"@type\":\"PropertyValueSpecification\",\"valueRequired\":true,\"valueName\":\"search_term_string\"}}],\"inLanguage\":\"pt-BR\"},{\"@type\":\"Organization\",\"@id\":\"https:\/\/agenciainfra.com\/blog\/#organization\",\"name\":\"Ag\u00eancia iNFRA\",\"url\":\"https:\/\/agenciainfra.com\/blog\/\",\"logo\":{\"@type\":\"ImageObject\",\"inLanguage\":\"pt-BR\",\"@id\":\"https:\/\/agenciainfra.com\/blog\/#\/schema\/logo\/image\/\",\"url\":\"https:\/\/agenciainfra.com\/blog\/wp-content\/uploads\/2023\/09\/iNFRA_5-e1761735885940.png\",\"contentUrl\":\"https:\/\/agenciainfra.com\/blog\/wp-content\/uploads\/2023\/09\/iNFRA_5-e1761735885940.png\",\"width\":1672,\"height\":454,\"caption\":\"Ag\u00eancia iNFRA\"},\"image\":{\"@id\":\"https:\/\/agenciainfra.com\/blog\/#\/schema\/logo\/image\/\"},\"sameAs\":[\"https:\/\/www.facebook.com\/ageninfra\",\"https:\/\/x.com\/agencia_infra\",\"https:\/\/www.linkedin.com\/company\/ag\u00eanciainfra\/\",\"https:\/\/www.instagram.com\/agenciainfra\/\"]},{\"@type\":\"Person\",\"@id\":\"https:\/\/agenciainfra.com\/blog\/#\/schema\/person\/34af08dff6adea4cb22b06612ba7acfa\",\"name\":\"Ag\u00eancia iNFRA\",\"image\":{\"@type\":\"ImageObject\",\"inLanguage\":\"pt-BR\",\"@id\":\"https:\/\/agenciainfra.com\/blog\/#\/schema\/person\/image\/\",\"url\":\"https:\/\/secure.gravatar.com\/avatar\/d189e01678f06d8eb84d4e01f08eb848b3fffe3f8443818d3c356c66892f5be8?s=96&d=mm&r=g\",\"contentUrl\":\"https:\/\/secure.gravatar.com\/avatar\/d189e01678f06d8eb84d4e01f08eb848b3fffe3f8443818d3c356c66892f5be8?s=96&d=mm&r=g\",\"caption\":\"Ag\u00eancia iNFRA\"},\"url\":\"https:\/\/agenciainfra.com\/blog\/author\/admin\/\"}]}<\/script>\n<!-- \/ Yoast SEO Premium plugin. -->","yoast_head_json":{"title":"Petrobras e Amaz\u00f4nica Energy firmam primeiro contrato de GNL na Amaz\u00f4nia - Ag\u00eancia iNFRA","robots":{"index":"index","follow":"follow","max-snippet":"max-snippet:-1","max-image-preview":"max-image-preview:large","max-video-preview":"max-video-preview:-1"},"canonical":"https:\/\/agenciainfra.com\/blog\/petrobras-e-amazonica-energy-firmam-primeiro-contrato-de-gnl-na-amazonia\/","og_locale":"pt_BR","og_type":"article","og_title":"Petrobras e Amaz\u00f4nica Energy firmam primeiro contrato de GNL na Amaz\u00f4nia","og_description":"da Ag\u00eancia iNFRA A Petrobras e a Amaz\u00f4nica Energy firmaram o primeiro contrato de comercializa\u00e7\u00e3o de GNL (G\u00e1s Natural Liquefeito) em pequena escala a partir do Polo Urucu, em Coari (AM). O fornecimento est\u00e1 previsto para come\u00e7ar em fevereiro de 2028, com volume inicial de 100 mil m\u00b3\/dia e dura\u00e7\u00e3o de dez anos, podendo ser [&hellip;]","og_url":"https:\/\/agenciainfra.com\/blog\/petrobras-e-amazonica-energy-firmam-primeiro-contrato-de-gnl-na-amazonia\/","og_site_name":"Ag\u00eancia iNFRA","article_publisher":"https:\/\/www.facebook.com\/ageninfra","article_published_time":"2025-11-10T18:52:40+00:00","article_modified_time":"2025-11-10T20:04:18+00:00","og_image":[{"width":1280,"height":720,"url":"https:\/\/agenciainfra.com\/blog\/wp-content\/uploads\/2025\/11\/Base-Urucu-foto-Agencia-Petrobras-scaled-e1762800665338.jpeg","type":"image\/jpeg"}],"author":"Ag\u00eancia iNFRA","twitter_card":"summary_large_image","twitter_creator":"@agencia_infra","twitter_site":"@agencia_infra","twitter_misc":{"Escrito por":"Ag\u00eancia iNFRA","Est. tempo de leitura":"1 minuto"},"schema":{"@context":"https:\/\/schema.org","@graph":[{"@type":"Article","@id":"https:\/\/agenciainfra.com\/blog\/petrobras-e-amazonica-energy-firmam-primeiro-contrato-de-gnl-na-amazonia\/#article","isPartOf":{"@id":"https:\/\/agenciainfra.com\/blog\/petrobras-e-amazonica-energy-firmam-primeiro-contrato-de-gnl-na-amazonia\/"},"author":{"name":"Ag\u00eancia iNFRA","@id":"https:\/\/agenciainfra.com\/blog\/#\/schema\/person\/34af08dff6adea4cb22b06612ba7acfa"},"headline":"Petrobras e Amaz\u00f4nica Energy firmam primeiro contrato de GNL na Amaz\u00f4nia","datePublished":"2025-11-10T18:52:40+00:00","dateModified":"2025-11-10T20:04:18+00:00","mainEntityOfPage":{"@id":"https:\/\/agenciainfra.com\/blog\/petrobras-e-amazonica-energy-firmam-primeiro-contrato-de-gnl-na-amazonia\/"},"wordCount":296,"publisher":{"@id":"https:\/\/agenciainfra.com\/blog\/#organization"},"image":{"@id":"https:\/\/agenciainfra.com\/blog\/petrobras-e-amazonica-energy-firmam-primeiro-contrato-de-gnl-na-amazonia\/#primaryimage"},"thumbnailUrl":"https:\/\/agenciainfra.com\/blog\/wp-content\/uploads\/2025\/11\/Base-Urucu-foto-Agencia-Petrobras-scaled-e1762800665338.jpeg","keywords":["Amaz\u00f4nia","Amaz\u00f4nica Energy","Coari","GNL","Petrobras","Polo Urucu"],"articleSection":["Giro iNFRA"],"inLanguage":"pt-BR","copyrightYear":"2025","copyrightHolder":{"@id":"https:\/\/agenciainfra.com\/blog\/#organization"}},{"@type":"WebPage","@id":"https:\/\/agenciainfra.com\/blog\/petrobras-e-amazonica-energy-firmam-primeiro-contrato-de-gnl-na-amazonia\/","url":"https:\/\/agenciainfra.com\/blog\/petrobras-e-amazonica-energy-firmam-primeiro-contrato-de-gnl-na-amazonia\/","name":"Petrobras e Amaz\u00f4nica Energy firmam primeiro contrato de GNL na Amaz\u00f4nia - Ag\u00eancia iNFRA","isPartOf":{"@id":"https:\/\/agenciainfra.com\/blog\/#website"},"primaryImageOfPage":{"@id":"https:\/\/agenciainfra.com\/blog\/petrobras-e-amazonica-energy-firmam-primeiro-contrato-de-gnl-na-amazonia\/#primaryimage"},"image":{"@id":"https:\/\/agenciainfra.com\/blog\/petrobras-e-amazonica-energy-firmam-primeiro-contrato-de-gnl-na-amazonia\/#primaryimage"},"thumbnailUrl":"https:\/\/agenciainfra.com\/blog\/wp-content\/uploads\/2025\/11\/Base-Urucu-foto-Agencia-Petrobras-scaled-e1762800665338.jpeg","datePublished":"2025-11-10T18:52:40+00:00","dateModified":"2025-11-10T20:04:18+00:00","breadcrumb":{"@id":"https:\/\/agenciainfra.com\/blog\/petrobras-e-amazonica-energy-firmam-primeiro-contrato-de-gnl-na-amazonia\/#breadcrumb"},"inLanguage":"pt-BR","potentialAction":[{"@type":"ReadAction","target":["https:\/\/agenciainfra.com\/blog\/petrobras-e-amazonica-energy-firmam-primeiro-contrato-de-gnl-na-amazonia\/"]}]},{"@type":"ImageObject","inLanguage":"pt-BR","@id":"https:\/\/agenciainfra.com\/blog\/petrobras-e-amazonica-energy-firmam-primeiro-contrato-de-gnl-na-amazonia\/#primaryimage","url":"https:\/\/agenciainfra.com\/blog\/wp-content\/uploads\/2025\/11\/Base-Urucu-foto-Agencia-Petrobras-scaled-e1762800665338.jpeg","contentUrl":"https:\/\/agenciainfra.com\/blog\/wp-content\/uploads\/2025\/11\/Base-Urucu-foto-Agencia-Petrobras-scaled-e1762800665338.jpeg","width":1280,"height":720,"caption":"Foto: Ag\u00eancia Petrobras"},{"@type":"BreadcrumbList","@id":"https:\/\/agenciainfra.com\/blog\/petrobras-e-amazonica-energy-firmam-primeiro-contrato-de-gnl-na-amazonia\/#breadcrumb","itemListElement":[{"@type":"ListItem","position":1,"name":"In\u00edcio","item":"https:\/\/agenciainfra.com\/blog\/"},{"@type":"ListItem","position":2,"name":"Petrobras e Amaz\u00f4nica Energy firmam primeiro contrato de GNL na Amaz\u00f4nia"}]},{"@type":"WebSite","@id":"https:\/\/agenciainfra.com\/blog\/#website","url":"https:\/\/agenciainfra.com\/blog\/","name":"Ag\u00eancia iNFRA","description":"Multiplataforma de informa\u00e7\u00e3o jornal\u00edstica refer\u00eancia na \u00e1rea de infraestrutura no Brasil!","publisher":{"@id":"https:\/\/agenciainfra.com\/blog\/#organization"},"potentialAction":[{"@type":"SearchAction","target":{"@type":"EntryPoint","urlTemplate":"https:\/\/agenciainfra.com\/blog\/?s={search_term_string}"},"query-input":{"@type":"PropertyValueSpecification","valueRequired":true,"valueName":"search_term_string"}}],"inLanguage":"pt-BR"},{"@type":"Organization","@id":"https:\/\/agenciainfra.com\/blog\/#organization","name":"Ag\u00eancia iNFRA","url":"https:\/\/agenciainfra.com\/blog\/","logo":{"@type":"ImageObject","inLanguage":"pt-BR","@id":"https:\/\/agenciainfra.com\/blog\/#\/schema\/logo\/image\/","url":"https:\/\/agenciainfra.com\/blog\/wp-content\/uploads\/2023\/09\/iNFRA_5-e1761735885940.png","contentUrl":"https:\/\/agenciainfra.com\/blog\/wp-content\/uploads\/2023\/09\/iNFRA_5-e1761735885940.png","width":1672,"height":454,"caption":"Ag\u00eancia iNFRA"},"image":{"@id":"https:\/\/agenciainfra.com\/blog\/#\/schema\/logo\/image\/"},"sameAs":["https:\/\/www.facebook.com\/ageninfra","https:\/\/x.com\/agencia_infra","https:\/\/www.linkedin.com\/company\/ag\u00eanciainfra\/","https:\/\/www.instagram.com\/agenciainfra\/"]},{"@type":"Person","@id":"https:\/\/agenciainfra.com\/blog\/#\/schema\/person\/34af08dff6adea4cb22b06612ba7acfa","name":"Ag\u00eancia iNFRA","image":{"@type":"ImageObject","inLanguage":"pt-BR","@id":"https:\/\/agenciainfra.com\/blog\/#\/schema\/person\/image\/","url":"https:\/\/secure.gravatar.com\/avatar\/d189e01678f06d8eb84d4e01f08eb848b3fffe3f8443818d3c356c66892f5be8?s=96&d=mm&r=g","contentUrl":"https:\/\/secure.gravatar.com\/avatar\/d189e01678f06d8eb84d4e01f08eb848b3fffe3f8443818d3c356c66892f5be8?s=96&d=mm&r=g","caption":"Ag\u00eancia iNFRA"},"url":"https:\/\/agenciainfra.com\/blog\/author\/admin\/"}]}},"_links":{"self":[{"href":"https:\/\/agenciainfra.com\/blog\/wp-json\/wp\/v2\/posts\/31928","targetHints":{"allow":["GET"]}}],"collection":[{"href":"https:\/\/agenciainfra.com\/blog\/wp-json\/wp\/v2\/posts"}],"about":[{"href":"https:\/\/agenciainfra.com\/blog\/wp-json\/wp\/v2\/types\/post"}],"author":[{"embeddable":true,"href":"https:\/\/agenciainfra.com\/blog\/wp-json\/wp\/v2\/users\/1"}],"replies":[{"embeddable":true,"href":"https:\/\/agenciainfra.com\/blog\/wp-json\/wp\/v2\/comments?post=31928"}],"version-history":[{"count":3,"href":"https:\/\/agenciainfra.com\/blog\/wp-json\/wp\/v2\/posts\/31928\/revisions"}],"predecessor-version":[{"id":31949,"href":"https:\/\/agenciainfra.com\/blog\/wp-json\/wp\/v2\/posts\/31928\/revisions\/31949"}],"wp:featuredmedia":[{"embeddable":true,"href":"https:\/\/agenciainfra.com\/blog\/wp-json\/wp\/v2\/media\/31931"}],"wp:attachment":[{"href":"https:\/\/agenciainfra.com\/blog\/wp-json\/wp\/v2\/media?parent=31928"}],"wp:term":[{"taxonomy":"category","embeddable":true,"href":"https:\/\/agenciainfra.com\/blog\/wp-json\/wp\/v2\/categories?post=31928"},{"taxonomy":"post_tag","embeddable":true,"href":"https:\/\/agenciainfra.com\/blog\/wp-json\/wp\/v2\/tags?post=31928"}],"curies":[{"name":"wp","href":"https:\/\/api.w.org\/{rel}","templated":true}]}}