{"id":31954,"date":"2025-11-10T18:59:02","date_gmt":"2025-11-10T21:59:02","guid":{"rendered":"https:\/\/agenciainfra.com\/blog\/?p=31954"},"modified":"2025-11-10T18:59:04","modified_gmt":"2025-11-10T21:59:04","slug":"mpor-investira-r-122-milhoes-na-modernizacao-de-aeroportos-em-rondonia","status":"publish","type":"post","link":"https:\/\/agenciainfra.com\/blog\/mpor-investira-r-122-milhoes-na-modernizacao-de-aeroportos-em-rondonia\/","title":{"rendered":"MPor investir\u00e1 R$ 122 milh\u00f5es na moderniza\u00e7\u00e3o de aeroportos em Rond\u00f4nia"},"content":{"rendered":"\n<p class=\"has-text-align-right\"><strong>da Ag\u00eancia iNFRA<\/strong><\/p>\n\n\n\n<p>O Minist\u00e9rio de Portos e Aeroportos vai investir R$ 122,32 milh\u00f5es na amplia\u00e7\u00e3o e moderniza\u00e7\u00e3o dos aeroportos de Cacoal e Vilhena, em Rond\u00f4nia. As obras integram a primeira fase do Programa AmpliAR, que contempla 19 aeroportos regionais, sendo nove na Amaz\u00f4nia Legal e dez no Nordeste. O leil\u00e3o para os dois terminais est\u00e1 marcado para 24 de novembro, na B3, em S\u00e3o Paulo.<\/p>\n\n\n\n<p>Conhecida como \u201cCapital do Caf\u00e9\u201d, Cacoal receber\u00e1 R$ 49,03 milh\u00f5es em investimentos (capex). A amplia\u00e7\u00e3o do terminal \u00e9 considerada essencial para atrair novos investidores e impulsionar o agroneg\u00f3cio local, especialmente o caf\u00e9 e a pecu\u00e1ria.<\/p>\n\n\n\n<p>J\u00e1 o aeroporto de Vilhena receber\u00e1 R$ 73,29 milh\u00f5es (capex). De acordo com a pasta, o investimento busca fortalecer o potencial log\u00edstico e tur\u00edstico do munic\u00edpio, conhecido como o \u201cPortal da Amaz\u00f4nia\u201d. A cidade tem produ\u00e7\u00e3o agr\u00edcola diversificada, setor de servi\u00e7os em expans\u00e3o e potencial reconhecido pela Embratur com o Selo de Potencialidade Tur\u00edstica.<\/p>\n\n\n\n<p>Segundo o ministro Silvio Costa Filho, a iniciativa tem como objetivo fortalecer a avia\u00e7\u00e3o regional, ampliar a conectividade e gerar emprego e renda. \u201cO AmpliAR \u00e9 um programa estrat\u00e9gico para o fortalecimento regional e com este primeiro edital, vamos expandir a conectividade e criar novas rotas, estimulando o turismo e, o mais importante, gerando emprego e renda de qualidade para a popula\u00e7\u00e3o&#8221;, afirmou.<\/p>\n","protected":false},"excerpt":{"rendered":"<p>da Ag\u00eancia iNFRA O Minist\u00e9rio de Portos e Aeroportos vai investir R$ 122,32 milh\u00f5es na amplia\u00e7\u00e3o e moderniza\u00e7\u00e3o dos aeroportos de Cacoal e Vilhena, em Rond\u00f4nia. As obras integram a primeira fase do Programa AmpliAR, que contempla 19 aeroportos regionais, sendo nove na Amaz\u00f4nia Legal e dez no Nordeste. O leil\u00e3o para os dois terminais [&hellip;]<\/p>\n","protected":false},"author":1,"featured_media":31955,"comment_status":"closed","ping_status":"closed","sticky":false,"template":"","format":"standard","meta":{"_monsterinsights_skip_tracking":false,"_monsterinsights_sitenote_active":false,"_monsterinsights_sitenote_note":"","_monsterinsights_sitenote_category":0,"footnotes":""},"categories":[13576],"tags":[16850,16849,1912,11881,32,11668,6257,7467],"class_list":["post-31954","post","type-post","status-publish","format-standard","has-post-thumbnail","hentry","category-giro-infra","tag-aeroporto-de-cacoal","tag-aeroporto-de-vilhena","tag-aeroportos-regionais","tag-ampliar","tag-investimentos","tag-leilao-de-aeroportos","tag-ministerio-de-portos-e-aeroportos","tag-silvio-costa-filho"],"yoast_head":"<!-- This site is optimized with the Yoast SEO Premium plugin v25.4 (Yoast SEO v26.0) - https:\/\/yoast.com\/wordpress\/plugins\/seo\/ -->\n<title>MPor investir\u00e1 R$ 122 milh\u00f5es na moderniza\u00e7\u00e3o de aeroportos em Rond\u00f4nia - Ag\u00eancia iNFRA<\/title>\n<meta name=\"robots\" content=\"index, follow, max-snippet:-1, max-image-preview:large, max-video-preview:-1\" \/>\n<link rel=\"canonical\" href=\"https:\/\/agenciainfra.com\/blog\/mpor-investira-r-122-milhoes-na-modernizacao-de-aeroportos-em-rondonia\/\" \/>\n<meta property=\"og:locale\" content=\"pt_BR\" \/>\n<meta property=\"og:type\" content=\"article\" \/>\n<meta property=\"og:title\" content=\"MPor investir\u00e1 R$ 122 milh\u00f5es na moderniza\u00e7\u00e3o de aeroportos em Rond\u00f4nia\" \/>\n<meta property=\"og:description\" content=\"da Ag\u00eancia iNFRA O Minist\u00e9rio de Portos e Aeroportos vai investir R$ 122,32 milh\u00f5es na amplia\u00e7\u00e3o e moderniza\u00e7\u00e3o dos aeroportos de Cacoal e Vilhena, em Rond\u00f4nia. As obras integram a primeira fase do Programa AmpliAR, que contempla 19 aeroportos regionais, sendo nove na Amaz\u00f4nia Legal e dez no Nordeste. O leil\u00e3o para os dois terminais [&hellip;]\" \/>\n<meta property=\"og:url\" content=\"https:\/\/agenciainfra.com\/blog\/mpor-investira-r-122-milhoes-na-modernizacao-de-aeroportos-em-rondonia\/\" \/>\n<meta property=\"og:site_name\" content=\"Ag\u00eancia iNFRA\" \/>\n<meta property=\"article:publisher\" content=\"https:\/\/www.facebook.com\/ageninfra\" \/>\n<meta property=\"article:published_time\" content=\"2025-11-10T21:59:02+00:00\" \/>\n<meta property=\"article:modified_time\" content=\"2025-11-10T21:59:04+00:00\" \/>\n<meta property=\"og:image\" content=\"https:\/\/agenciainfra.com\/blog\/wp-content\/uploads\/2025\/11\/fotos-daiane-mendonca.jpg\" \/>\n\t<meta property=\"og:image:width\" content=\"900\" \/>\n\t<meta property=\"og:image:height\" content=\"600\" \/>\n\t<meta property=\"og:image:type\" content=\"image\/jpeg\" \/>\n<meta name=\"author\" content=\"Ag\u00eancia iNFRA\" \/>\n<meta name=\"twitter:card\" content=\"summary_large_image\" \/>\n<meta name=\"twitter:creator\" content=\"@agencia_infra\" \/>\n<meta name=\"twitter:site\" content=\"@agencia_infra\" \/>\n<meta name=\"twitter:label1\" content=\"Escrito por\" \/>\n\t<meta name=\"twitter:data1\" content=\"Ag\u00eancia iNFRA\" \/>\n\t<meta name=\"twitter:label2\" content=\"Est. tempo de leitura\" \/>\n\t<meta name=\"twitter:data2\" content=\"1 minuto\" \/>\n<script type=\"application\/ld+json\" class=\"yoast-schema-graph\">{\"@context\":\"https:\/\/schema.org\",\"@graph\":[{\"@type\":\"Article\",\"@id\":\"https:\/\/agenciainfra.com\/blog\/mpor-investira-r-122-milhoes-na-modernizacao-de-aeroportos-em-rondonia\/#article\",\"isPartOf\":{\"@id\":\"https:\/\/agenciainfra.com\/blog\/mpor-investira-r-122-milhoes-na-modernizacao-de-aeroportos-em-rondonia\/\"},\"author\":{\"name\":\"Ag\u00eancia iNFRA\",\"@id\":\"https:\/\/agenciainfra.com\/blog\/#\/schema\/person\/34af08dff6adea4cb22b06612ba7acfa\"},\"headline\":\"MPor investir\u00e1 R$ 122 milh\u00f5es na moderniza\u00e7\u00e3o de aeroportos em Rond\u00f4nia\",\"datePublished\":\"2025-11-10T21:59:02+00:00\",\"dateModified\":\"2025-11-10T21:59:04+00:00\",\"mainEntityOfPage\":{\"@id\":\"https:\/\/agenciainfra.com\/blog\/mpor-investira-r-122-milhoes-na-modernizacao-de-aeroportos-em-rondonia\/\"},\"wordCount\":250,\"publisher\":{\"@id\":\"https:\/\/agenciainfra.com\/blog\/#organization\"},\"image\":{\"@id\":\"https:\/\/agenciainfra.com\/blog\/mpor-investira-r-122-milhoes-na-modernizacao-de-aeroportos-em-rondonia\/#primaryimage\"},\"thumbnailUrl\":\"https:\/\/agenciainfra.com\/blog\/wp-content\/uploads\/2025\/11\/fotos-daiane-mendonca.jpg\",\"keywords\":[\"Aeroporto de Cacoal\",\"Aeroporto de Vilhena\",\"aeroportos regionais\",\"AmpliAR\",\"Investimentos\",\"Leil\u00e3o de aeroportos\",\"Minist\u00e9rio de Portos e Aeroportos\",\"Silvio Costa Filho\"],\"articleSection\":[\"Giro iNFRA\"],\"inLanguage\":\"pt-BR\",\"copyrightYear\":\"2025\",\"copyrightHolder\":{\"@id\":\"https:\/\/agenciainfra.com\/blog\/#organization\"}},{\"@type\":\"WebPage\",\"@id\":\"https:\/\/agenciainfra.com\/blog\/mpor-investira-r-122-milhoes-na-modernizacao-de-aeroportos-em-rondonia\/\",\"url\":\"https:\/\/agenciainfra.com\/blog\/mpor-investira-r-122-milhoes-na-modernizacao-de-aeroportos-em-rondonia\/\",\"name\":\"MPor investir\u00e1 R$ 122 milh\u00f5es na moderniza\u00e7\u00e3o de aeroportos em Rond\u00f4nia - Ag\u00eancia iNFRA\",\"isPartOf\":{\"@id\":\"https:\/\/agenciainfra.com\/blog\/#website\"},\"primaryImageOfPage\":{\"@id\":\"https:\/\/agenciainfra.com\/blog\/mpor-investira-r-122-milhoes-na-modernizacao-de-aeroportos-em-rondonia\/#primaryimage\"},\"image\":{\"@id\":\"https:\/\/agenciainfra.com\/blog\/mpor-investira-r-122-milhoes-na-modernizacao-de-aeroportos-em-rondonia\/#primaryimage\"},\"thumbnailUrl\":\"https:\/\/agenciainfra.com\/blog\/wp-content\/uploads\/2025\/11\/fotos-daiane-mendonca.jpg\",\"datePublished\":\"2025-11-10T21:59:02+00:00\",\"dateModified\":\"2025-11-10T21:59:04+00:00\",\"breadcrumb\":{\"@id\":\"https:\/\/agenciainfra.com\/blog\/mpor-investira-r-122-milhoes-na-modernizacao-de-aeroportos-em-rondonia\/#breadcrumb\"},\"inLanguage\":\"pt-BR\",\"potentialAction\":[{\"@type\":\"ReadAction\",\"target\":[\"https:\/\/agenciainfra.com\/blog\/mpor-investira-r-122-milhoes-na-modernizacao-de-aeroportos-em-rondonia\/\"]}]},{\"@type\":\"ImageObject\",\"inLanguage\":\"pt-BR\",\"@id\":\"https:\/\/agenciainfra.com\/blog\/mpor-investira-r-122-milhoes-na-modernizacao-de-aeroportos-em-rondonia\/#primaryimage\",\"url\":\"https:\/\/agenciainfra.com\/blog\/wp-content\/uploads\/2025\/11\/fotos-daiane-mendonca.jpg\",\"contentUrl\":\"https:\/\/agenciainfra.com\/blog\/wp-content\/uploads\/2025\/11\/fotos-daiane-mendonca.jpg\",\"width\":900,\"height\":600,\"caption\":\"Foto: Daiane Mendon\u00e7a\/Governo de RO\"},{\"@type\":\"BreadcrumbList\",\"@id\":\"https:\/\/agenciainfra.com\/blog\/mpor-investira-r-122-milhoes-na-modernizacao-de-aeroportos-em-rondonia\/#breadcrumb\",\"itemListElement\":[{\"@type\":\"ListItem\",\"position\":1,\"name\":\"In\u00edcio\",\"item\":\"https:\/\/agenciainfra.com\/blog\/\"},{\"@type\":\"ListItem\",\"position\":2,\"name\":\"MPor investir\u00e1 R$ 122 milh\u00f5es na moderniza\u00e7\u00e3o de aeroportos em Rond\u00f4nia\"}]},{\"@type\":\"WebSite\",\"@id\":\"https:\/\/agenciainfra.com\/blog\/#website\",\"url\":\"https:\/\/agenciainfra.com\/blog\/\",\"name\":\"Ag\u00eancia iNFRA\",\"description\":\"Multiplataforma de informa\u00e7\u00e3o jornal\u00edstica refer\u00eancia na \u00e1rea de infraestrutura no Brasil!\",\"publisher\":{\"@id\":\"https:\/\/agenciainfra.com\/blog\/#organization\"},\"potentialAction\":[{\"@type\":\"SearchAction\",\"target\":{\"@type\":\"EntryPoint\",\"urlTemplate\":\"https:\/\/agenciainfra.com\/blog\/?s={search_term_string}\"},\"query-input\":{\"@type\":\"PropertyValueSpecification\",\"valueRequired\":true,\"valueName\":\"search_term_string\"}}],\"inLanguage\":\"pt-BR\"},{\"@type\":\"Organization\",\"@id\":\"https:\/\/agenciainfra.com\/blog\/#organization\",\"name\":\"Ag\u00eancia iNFRA\",\"url\":\"https:\/\/agenciainfra.com\/blog\/\",\"logo\":{\"@type\":\"ImageObject\",\"inLanguage\":\"pt-BR\",\"@id\":\"https:\/\/agenciainfra.com\/blog\/#\/schema\/logo\/image\/\",\"url\":\"https:\/\/agenciainfra.com\/blog\/wp-content\/uploads\/2023\/09\/iNFRA_5-e1761735885940.png\",\"contentUrl\":\"https:\/\/agenciainfra.com\/blog\/wp-content\/uploads\/2023\/09\/iNFRA_5-e1761735885940.png\",\"width\":1672,\"height\":454,\"caption\":\"Ag\u00eancia iNFRA\"},\"image\":{\"@id\":\"https:\/\/agenciainfra.com\/blog\/#\/schema\/logo\/image\/\"},\"sameAs\":[\"https:\/\/www.facebook.com\/ageninfra\",\"https:\/\/x.com\/agencia_infra\",\"https:\/\/www.linkedin.com\/company\/ag\u00eanciainfra\/\",\"https:\/\/www.instagram.com\/agenciainfra\/\"]},{\"@type\":\"Person\",\"@id\":\"https:\/\/agenciainfra.com\/blog\/#\/schema\/person\/34af08dff6adea4cb22b06612ba7acfa\",\"name\":\"Ag\u00eancia iNFRA\",\"image\":{\"@type\":\"ImageObject\",\"inLanguage\":\"pt-BR\",\"@id\":\"https:\/\/agenciainfra.com\/blog\/#\/schema\/person\/image\/\",\"url\":\"https:\/\/secure.gravatar.com\/avatar\/d189e01678f06d8eb84d4e01f08eb848b3fffe3f8443818d3c356c66892f5be8?s=96&d=mm&r=g\",\"contentUrl\":\"https:\/\/secure.gravatar.com\/avatar\/d189e01678f06d8eb84d4e01f08eb848b3fffe3f8443818d3c356c66892f5be8?s=96&d=mm&r=g\",\"caption\":\"Ag\u00eancia iNFRA\"},\"url\":\"https:\/\/agenciainfra.com\/blog\/author\/admin\/\"}]}<\/script>\n<!-- \/ Yoast SEO Premium plugin. -->","yoast_head_json":{"title":"MPor investir\u00e1 R$ 122 milh\u00f5es na moderniza\u00e7\u00e3o de aeroportos em Rond\u00f4nia - Ag\u00eancia iNFRA","robots":{"index":"index","follow":"follow","max-snippet":"max-snippet:-1","max-image-preview":"max-image-preview:large","max-video-preview":"max-video-preview:-1"},"canonical":"https:\/\/agenciainfra.com\/blog\/mpor-investira-r-122-milhoes-na-modernizacao-de-aeroportos-em-rondonia\/","og_locale":"pt_BR","og_type":"article","og_title":"MPor investir\u00e1 R$ 122 milh\u00f5es na moderniza\u00e7\u00e3o de aeroportos em Rond\u00f4nia","og_description":"da Ag\u00eancia iNFRA O Minist\u00e9rio de Portos e Aeroportos vai investir R$ 122,32 milh\u00f5es na amplia\u00e7\u00e3o e moderniza\u00e7\u00e3o dos aeroportos de Cacoal e Vilhena, em Rond\u00f4nia. As obras integram a primeira fase do Programa AmpliAR, que contempla 19 aeroportos regionais, sendo nove na Amaz\u00f4nia Legal e dez no Nordeste. O leil\u00e3o para os dois terminais [&hellip;]","og_url":"https:\/\/agenciainfra.com\/blog\/mpor-investira-r-122-milhoes-na-modernizacao-de-aeroportos-em-rondonia\/","og_site_name":"Ag\u00eancia iNFRA","article_publisher":"https:\/\/www.facebook.com\/ageninfra","article_published_time":"2025-11-10T21:59:02+00:00","article_modified_time":"2025-11-10T21:59:04+00:00","og_image":[{"width":900,"height":600,"url":"https:\/\/agenciainfra.com\/blog\/wp-content\/uploads\/2025\/11\/fotos-daiane-mendonca.jpg","type":"image\/jpeg"}],"author":"Ag\u00eancia iNFRA","twitter_card":"summary_large_image","twitter_creator":"@agencia_infra","twitter_site":"@agencia_infra","twitter_misc":{"Escrito por":"Ag\u00eancia iNFRA","Est. tempo de leitura":"1 minuto"},"schema":{"@context":"https:\/\/schema.org","@graph":[{"@type":"Article","@id":"https:\/\/agenciainfra.com\/blog\/mpor-investira-r-122-milhoes-na-modernizacao-de-aeroportos-em-rondonia\/#article","isPartOf":{"@id":"https:\/\/agenciainfra.com\/blog\/mpor-investira-r-122-milhoes-na-modernizacao-de-aeroportos-em-rondonia\/"},"author":{"name":"Ag\u00eancia iNFRA","@id":"https:\/\/agenciainfra.com\/blog\/#\/schema\/person\/34af08dff6adea4cb22b06612ba7acfa"},"headline":"MPor investir\u00e1 R$ 122 milh\u00f5es na moderniza\u00e7\u00e3o de aeroportos em Rond\u00f4nia","datePublished":"2025-11-10T21:59:02+00:00","dateModified":"2025-11-10T21:59:04+00:00","mainEntityOfPage":{"@id":"https:\/\/agenciainfra.com\/blog\/mpor-investira-r-122-milhoes-na-modernizacao-de-aeroportos-em-rondonia\/"},"wordCount":250,"publisher":{"@id":"https:\/\/agenciainfra.com\/blog\/#organization"},"image":{"@id":"https:\/\/agenciainfra.com\/blog\/mpor-investira-r-122-milhoes-na-modernizacao-de-aeroportos-em-rondonia\/#primaryimage"},"thumbnailUrl":"https:\/\/agenciainfra.com\/blog\/wp-content\/uploads\/2025\/11\/fotos-daiane-mendonca.jpg","keywords":["Aeroporto de Cacoal","Aeroporto de Vilhena","aeroportos regionais","AmpliAR","Investimentos","Leil\u00e3o de aeroportos","Minist\u00e9rio de Portos e Aeroportos","Silvio Costa Filho"],"articleSection":["Giro iNFRA"],"inLanguage":"pt-BR","copyrightYear":"2025","copyrightHolder":{"@id":"https:\/\/agenciainfra.com\/blog\/#organization"}},{"@type":"WebPage","@id":"https:\/\/agenciainfra.com\/blog\/mpor-investira-r-122-milhoes-na-modernizacao-de-aeroportos-em-rondonia\/","url":"https:\/\/agenciainfra.com\/blog\/mpor-investira-r-122-milhoes-na-modernizacao-de-aeroportos-em-rondonia\/","name":"MPor investir\u00e1 R$ 122 milh\u00f5es na moderniza\u00e7\u00e3o de aeroportos em Rond\u00f4nia - Ag\u00eancia iNFRA","isPartOf":{"@id":"https:\/\/agenciainfra.com\/blog\/#website"},"primaryImageOfPage":{"@id":"https:\/\/agenciainfra.com\/blog\/mpor-investira-r-122-milhoes-na-modernizacao-de-aeroportos-em-rondonia\/#primaryimage"},"image":{"@id":"https:\/\/agenciainfra.com\/blog\/mpor-investira-r-122-milhoes-na-modernizacao-de-aeroportos-em-rondonia\/#primaryimage"},"thumbnailUrl":"https:\/\/agenciainfra.com\/blog\/wp-content\/uploads\/2025\/11\/fotos-daiane-mendonca.jpg","datePublished":"2025-11-10T21:59:02+00:00","dateModified":"2025-11-10T21:59:04+00:00","breadcrumb":{"@id":"https:\/\/agenciainfra.com\/blog\/mpor-investira-r-122-milhoes-na-modernizacao-de-aeroportos-em-rondonia\/#breadcrumb"},"inLanguage":"pt-BR","potentialAction":[{"@type":"ReadAction","target":["https:\/\/agenciainfra.com\/blog\/mpor-investira-r-122-milhoes-na-modernizacao-de-aeroportos-em-rondonia\/"]}]},{"@type":"ImageObject","inLanguage":"pt-BR","@id":"https:\/\/agenciainfra.com\/blog\/mpor-investira-r-122-milhoes-na-modernizacao-de-aeroportos-em-rondonia\/#primaryimage","url":"https:\/\/agenciainfra.com\/blog\/wp-content\/uploads\/2025\/11\/fotos-daiane-mendonca.jpg","contentUrl":"https:\/\/agenciainfra.com\/blog\/wp-content\/uploads\/2025\/11\/fotos-daiane-mendonca.jpg","width":900,"height":600,"caption":"Foto: Daiane Mendon\u00e7a\/Governo de RO"},{"@type":"BreadcrumbList","@id":"https:\/\/agenciainfra.com\/blog\/mpor-investira-r-122-milhoes-na-modernizacao-de-aeroportos-em-rondonia\/#breadcrumb","itemListElement":[{"@type":"ListItem","position":1,"name":"In\u00edcio","item":"https:\/\/agenciainfra.com\/blog\/"},{"@type":"ListItem","position":2,"name":"MPor investir\u00e1 R$ 122 milh\u00f5es na moderniza\u00e7\u00e3o de aeroportos em Rond\u00f4nia"}]},{"@type":"WebSite","@id":"https:\/\/agenciainfra.com\/blog\/#website","url":"https:\/\/agenciainfra.com\/blog\/","name":"Ag\u00eancia iNFRA","description":"Multiplataforma de informa\u00e7\u00e3o jornal\u00edstica refer\u00eancia na \u00e1rea de infraestrutura no Brasil!","publisher":{"@id":"https:\/\/agenciainfra.com\/blog\/#organization"},"potentialAction":[{"@type":"SearchAction","target":{"@type":"EntryPoint","urlTemplate":"https:\/\/agenciainfra.com\/blog\/?s={search_term_string}"},"query-input":{"@type":"PropertyValueSpecification","valueRequired":true,"valueName":"search_term_string"}}],"inLanguage":"pt-BR"},{"@type":"Organization","@id":"https:\/\/agenciainfra.com\/blog\/#organization","name":"Ag\u00eancia iNFRA","url":"https:\/\/agenciainfra.com\/blog\/","logo":{"@type":"ImageObject","inLanguage":"pt-BR","@id":"https:\/\/agenciainfra.com\/blog\/#\/schema\/logo\/image\/","url":"https:\/\/agenciainfra.com\/blog\/wp-content\/uploads\/2023\/09\/iNFRA_5-e1761735885940.png","contentUrl":"https:\/\/agenciainfra.com\/blog\/wp-content\/uploads\/2023\/09\/iNFRA_5-e1761735885940.png","width":1672,"height":454,"caption":"Ag\u00eancia iNFRA"},"image":{"@id":"https:\/\/agenciainfra.com\/blog\/#\/schema\/logo\/image\/"},"sameAs":["https:\/\/www.facebook.com\/ageninfra","https:\/\/x.com\/agencia_infra","https:\/\/www.linkedin.com\/company\/ag\u00eanciainfra\/","https:\/\/www.instagram.com\/agenciainfra\/"]},{"@type":"Person","@id":"https:\/\/agenciainfra.com\/blog\/#\/schema\/person\/34af08dff6adea4cb22b06612ba7acfa","name":"Ag\u00eancia iNFRA","image":{"@type":"ImageObject","inLanguage":"pt-BR","@id":"https:\/\/agenciainfra.com\/blog\/#\/schema\/person\/image\/","url":"https:\/\/secure.gravatar.com\/avatar\/d189e01678f06d8eb84d4e01f08eb848b3fffe3f8443818d3c356c66892f5be8?s=96&d=mm&r=g","contentUrl":"https:\/\/secure.gravatar.com\/avatar\/d189e01678f06d8eb84d4e01f08eb848b3fffe3f8443818d3c356c66892f5be8?s=96&d=mm&r=g","caption":"Ag\u00eancia iNFRA"},"url":"https:\/\/agenciainfra.com\/blog\/author\/admin\/"}]}},"_links":{"self":[{"href":"https:\/\/agenciainfra.com\/blog\/wp-json\/wp\/v2\/posts\/31954","targetHints":{"allow":["GET"]}}],"collection":[{"href":"https:\/\/agenciainfra.com\/blog\/wp-json\/wp\/v2\/posts"}],"about":[{"href":"https:\/\/agenciainfra.com\/blog\/wp-json\/wp\/v2\/types\/post"}],"author":[{"embeddable":true,"href":"https:\/\/agenciainfra.com\/blog\/wp-json\/wp\/v2\/users\/1"}],"replies":[{"embeddable":true,"href":"https:\/\/agenciainfra.com\/blog\/wp-json\/wp\/v2\/comments?post=31954"}],"version-history":[{"count":1,"href":"https:\/\/agenciainfra.com\/blog\/wp-json\/wp\/v2\/posts\/31954\/revisions"}],"predecessor-version":[{"id":31956,"href":"https:\/\/agenciainfra.com\/blog\/wp-json\/wp\/v2\/posts\/31954\/revisions\/31956"}],"wp:featuredmedia":[{"embeddable":true,"href":"https:\/\/agenciainfra.com\/blog\/wp-json\/wp\/v2\/media\/31955"}],"wp:attachment":[{"href":"https:\/\/agenciainfra.com\/blog\/wp-json\/wp\/v2\/media?parent=31954"}],"wp:term":[{"taxonomy":"category","embeddable":true,"href":"https:\/\/agenciainfra.com\/blog\/wp-json\/wp\/v2\/categories?post=31954"},{"taxonomy":"post_tag","embeddable":true,"href":"https:\/\/agenciainfra.com\/blog\/wp-json\/wp\/v2\/tags?post=31954"}],"curies":[{"name":"wp","href":"https:\/\/api.w.org\/{rel}","templated":true}]}}