{"id":31957,"date":"2025-11-10T19:20:19","date_gmt":"2025-11-10T22:20:19","guid":{"rendered":"https:\/\/agenciainfra.com\/blog\/?p=31957"},"modified":"2025-11-11T15:59:41","modified_gmt":"2025-11-11T18:59:41","slug":"anm-abre-audiencia-sobre-9a-rodada-do-leilao-de-areas","status":"publish","type":"post","link":"https:\/\/agenciainfra.com\/blog\/anm-abre-audiencia-sobre-9a-rodada-do-leilao-de-areas\/","title":{"rendered":"ANM abre audi\u00eancia sobre 9\u00aa rodada do leil\u00e3o de \u00e1reas"},"content":{"rendered":"\n<p class=\"has-text-align-right\"><strong>Rafael Bitencourt, da Ag\u00eancia iNFRA<\/strong><\/p>\n\n\n\n<p>A ANM (Ag\u00eancia Nacional de Minera\u00e7\u00e3o) encaminhou na segunda-feira (10) o <a href=\"https:\/\/sei.anm.gov.br\/sei\/modulos\/pesquisa\/md_pesq_documento_consulta_externa.php?Dw5BgI2DFMbZfaN-2ZQIG-rqoRM5MS6qf0M_TyTV079nRId7CM6es6pA6CF9xYe6xjJmtXnT7KY77j_NAlNXcspAt6XQqebmPuDVKzlwvoEzVW4AYdy4hpTOMOxaVjFt\">aviso<\/a> de abertura da audi\u00eancia p\u00fablica para dar publicidade \u00e0 <a href=\"https:\/\/sei.anm.gov.br\/sei\/modulos\/pesquisa\/md_pesq_documento_consulta_externa.php?Dw5BgI2DFMbZfaN-2ZQIG-rqoRM5MS6qf0M_TyTV078OKZzRP5jocouopN5J9w776PhOIyajuOVWwq6GpRzGXEXgvms3PEnA1zW1BsyO_r8UGCbbGoBfEehs9KKNulBs\">minuta do edital<\/a> da 9\u00aa Rodada de Disponibilidade de \u00c1reas e receber contribui\u00e7\u00f5es do setor. O comunicado <a href=\"https:\/\/www.in.gov.br\/en\/web\/dou\/-\/aviso-de-audiencia-publica-anm-n-2\/2025-668139133\">foi publicado<\/a> no Di\u00e1rio Oficial da Uni\u00e3o desta ter\u00e7a-feira (11).<\/p>\n\n\n\n<p>A Audi\u00eancia P\u00fablica ANM 2\/2025 deve contar com o prazo de apenas tr\u00eas dias para envio de contribui\u00e7\u00f5es, entre os dias 17 e 19 deste m\u00eas. Uma reuni\u00e3o virtual tamb\u00e9m dever\u00e1 ser realizada no dia 19 de novembro, das 14h30 \u00e0s 17h, com transmiss\u00e3o na internet.<\/p>\n\n\n\n<p>A 9\u00aa Rodada vai inaugurar a parceria da ANM com a bolsa de valores brasileira, a <a href=\"https:\/\/agenciainfra.com\/blog\/b3-pode-ser-parceiro-da-mineracao-com-apoio-na-captacao-diz-ceo\/\">B3<\/a>, com experi\u00eancia na realiza\u00e7\u00e3o de licita\u00e7\u00f5es de ativos de infraestrutura. A expectativa \u00e9 de superar a fase de <a href=\"https:\/\/agenciainfra.com\/blog\/diretoria-da-anm-confirma-retomada-de-area-apos-reduzir-lance-vencedor-em-10-vezes\/\">reclama\u00e7\u00f5es<\/a> sobre o sistema de registro de lances da reguladora e questionamento dos resultados.<\/p>\n\n\n\n<p>Ao todo, sete mil \u00e1reas miner\u00e1rias devem ser oferecidas ao setor nesta rodada, o que representa o acr\u00e9scimo de 40% em rela\u00e7\u00e3o \u00e0 oitava rodada. Ao assinar o contrato com a B3, a ag\u00eancia informou contar com estoque estimado de 105 mil \u00e1reas dispon\u00edveis.<\/p>\n\n\n\n<p><strong>Cronograma<\/strong><br>No <a href=\"https:\/\/sei.anm.gov.br\/sei\/modulos\/pesquisa\/md_pesq_documento_consulta_externa.php?Dw5BgI2DFMbZfaN-2ZQIG-rqoRM5MS6qf0M_TyTV078hSbBGLVqSA9xxzQ2y5ipUESrDiIP7GC-yUk0gUDYuXkPIL3wYK4jB5zKpw5eyVqCNs1G871tSck1Xt9hmx_Jy\">calend\u00e1rio anterior<\/a>, a audi\u00eancia p\u00fablica j\u00e1 teria sido conclu\u00edda em outubro e a fase de oferta p\u00fablica, com prazo de 60 dias, seria aberta no in\u00edcio deste m\u00eas. Agora, a oferta inicial est\u00e1 programada para o in\u00edcio de fevereiro de 2026. Com isso, as \u00e1reas com mais de um interessado ser\u00e3o levadas \u00e0 disputa em leil\u00e3o ao longo do m\u00eas de abril.<\/p>\n\n\n\n<p><strong>Garantia<\/strong><br>Al\u00e9m de come\u00e7ar a usar a plataforma da B3, a ANM trouxe como inova\u00e7\u00e3o a <a href=\"https:\/\/agenciainfra.com\/blog\/leilao-de-areas-minerais-exigira-garantia-para-afastar-aventureiros\/\">exig\u00eancia de garantias<\/a> financeiras como condi\u00e7\u00e3o para entrar na fase da disputa em lances. A exig\u00eancia vale especialmente para as \u00e1reas com valor de refer\u00eancia acima de R$ 1 milh\u00e3o.<\/p>\n\n\n\n<p>A garantia de proposta deve corresponder a 1% do lance. Ser\u00e3o aceitos cau\u00e7\u00e3o em dinheiro ou em t\u00edtulos da d\u00edvida p\u00fablica federal, seguro-garantia, fian\u00e7a banc\u00e1ria e t\u00edtulo de capitaliza\u00e7\u00e3o custeado por pagamento \u00fanico.<\/p>\n\n\n\n<p><strong>Minerais cr\u00edticos<br><\/strong>No leil\u00e3o, a ANM espera indicar quais \u00e1reas entre as 7 mil que ser\u00e3o ofertadas t\u00eam maior potencial para produzir <a href=\"https:\/\/agenciainfra.com\/blog\/anm-indicara-potencial-de-minerais-criticos-para-atrair-investidor-a-leilao\/\">minerais cr\u00edticos<\/a> \u2013 aqueles demandados na transi\u00e7\u00e3o energ\u00e9tica e pela ind\u00fastria de alta tecnologia \u2013 que est\u00e3o no centro da disputa geopol\u00edtica entre Estados Unidos e China.<\/p>\n\n\n\n<p><em>*Reportagem atualizada \u00e0s 7h34 para inclus\u00e3o da informa\u00e7\u00e3o de que o aviso de audi\u00eancia foi publicado no Di\u00e1rio Oficial da Uni\u00e3o desta ter\u00e7a (11).<\/em><\/p>\n\n\n\n<p><\/p>\n","protected":false},"excerpt":{"rendered":"<p>Rafael Bitencourt, da Ag\u00eancia iNFRA A ANM (Ag\u00eancia Nacional de Minera\u00e7\u00e3o) encaminhou na segunda-feira (10) o aviso de abertura da audi\u00eancia p\u00fablica para dar publicidade \u00e0 minuta do edital da 9\u00aa Rodada de Disponibilidade de \u00c1reas e receber contribui\u00e7\u00f5es do setor. O comunicado foi publicado no Di\u00e1rio Oficial da Uni\u00e3o desta ter\u00e7a-feira (11). A Audi\u00eancia [&hellip;]<\/p>\n","protected":false},"author":1,"featured_media":30041,"comment_status":"closed","ping_status":"closed","sticky":false,"template":"","format":"standard","meta":{"_monsterinsights_skip_tracking":false,"_monsterinsights_sitenote_active":false,"_monsterinsights_sitenote_note":"","_monsterinsights_sitenote_category":0,"footnotes":""},"categories":[7250,13239],"tags":[16851,340,16852,3020,4822,1728,4671,16853,16484,254,13228,16854,2006],"class_list":["post-31957","post","type-post","status-publish","format-standard","has-post-thumbnail","hentry","category-destaque-lista","category-mineracao","tag-9a-rodada-de-disponibilidade-de-areas","tag-anm","tag-areas-minerarias","tag-audiencia-publica","tag-b3","tag-china","tag-estados-unidos","tag-garantia-de-proposta","tag-industria-de-alta-tecnologia","tag-leilao","tag-minerais-criticos","tag-oferta-publica","tag-transicao-energetica"],"yoast_head":"<!-- This site is optimized with the Yoast SEO Premium plugin v25.4 (Yoast SEO v26.0) - https:\/\/yoast.com\/wordpress\/plugins\/seo\/ -->\n<title>ANM abre audi\u00eancia sobre 9\u00aa rodada do leil\u00e3o de \u00e1reas - Ag\u00eancia iNFRA<\/title>\n<meta name=\"robots\" content=\"index, follow, max-snippet:-1, max-image-preview:large, max-video-preview:-1\" \/>\n<link rel=\"canonical\" href=\"https:\/\/agenciainfra.com\/blog\/anm-abre-audiencia-sobre-9a-rodada-do-leilao-de-areas\/\" \/>\n<meta property=\"og:locale\" content=\"pt_BR\" \/>\n<meta property=\"og:type\" content=\"article\" \/>\n<meta property=\"og:title\" content=\"ANM abre audi\u00eancia sobre 9\u00aa rodada do leil\u00e3o de \u00e1reas\" \/>\n<meta property=\"og:description\" content=\"Rafael Bitencourt, da Ag\u00eancia iNFRA A ANM (Ag\u00eancia Nacional de Minera\u00e7\u00e3o) encaminhou na segunda-feira (10) o aviso de abertura da audi\u00eancia p\u00fablica para dar publicidade \u00e0 minuta do edital da 9\u00aa Rodada de Disponibilidade de \u00c1reas e receber contribui\u00e7\u00f5es do setor. O comunicado foi publicado no Di\u00e1rio Oficial da Uni\u00e3o desta ter\u00e7a-feira (11). A Audi\u00eancia [&hellip;]\" \/>\n<meta property=\"og:url\" content=\"https:\/\/agenciainfra.com\/blog\/anm-abre-audiencia-sobre-9a-rodada-do-leilao-de-areas\/\" \/>\n<meta property=\"og:site_name\" content=\"Ag\u00eancia iNFRA\" \/>\n<meta property=\"article:publisher\" content=\"https:\/\/www.facebook.com\/ageninfra\" \/>\n<meta property=\"article:published_time\" content=\"2025-11-10T22:20:19+00:00\" \/>\n<meta property=\"article:modified_time\" content=\"2025-11-11T18:59:41+00:00\" \/>\n<meta property=\"og:image\" content=\"https:\/\/agenciainfra.com\/blog\/wp-content\/uploads\/2025\/10\/anm-fachada-foto-anm-1-e1760715211580.jpeg\" \/>\n\t<meta property=\"og:image:width\" content=\"1236\" \/>\n\t<meta property=\"og:image:height\" content=\"840\" \/>\n\t<meta property=\"og:image:type\" content=\"image\/jpeg\" \/>\n<meta name=\"author\" content=\"Ag\u00eancia iNFRA\" \/>\n<meta name=\"twitter:card\" content=\"summary_large_image\" \/>\n<meta name=\"twitter:creator\" content=\"@agencia_infra\" \/>\n<meta name=\"twitter:site\" content=\"@agencia_infra\" \/>\n<meta name=\"twitter:label1\" content=\"Escrito por\" \/>\n\t<meta name=\"twitter:data1\" content=\"Ag\u00eancia iNFRA\" \/>\n\t<meta name=\"twitter:label2\" content=\"Est. tempo de leitura\" \/>\n\t<meta name=\"twitter:data2\" content=\"2 minutos\" \/>\n<script type=\"application\/ld+json\" class=\"yoast-schema-graph\">{\"@context\":\"https:\/\/schema.org\",\"@graph\":[{\"@type\":\"Article\",\"@id\":\"https:\/\/agenciainfra.com\/blog\/anm-abre-audiencia-sobre-9a-rodada-do-leilao-de-areas\/#article\",\"isPartOf\":{\"@id\":\"https:\/\/agenciainfra.com\/blog\/anm-abre-audiencia-sobre-9a-rodada-do-leilao-de-areas\/\"},\"author\":{\"name\":\"Ag\u00eancia iNFRA\",\"@id\":\"https:\/\/agenciainfra.com\/blog\/#\/schema\/person\/34af08dff6adea4cb22b06612ba7acfa\"},\"headline\":\"ANM abre audi\u00eancia sobre 9\u00aa rodada do leil\u00e3o de \u00e1reas\",\"datePublished\":\"2025-11-10T22:20:19+00:00\",\"dateModified\":\"2025-11-11T18:59:41+00:00\",\"mainEntityOfPage\":{\"@id\":\"https:\/\/agenciainfra.com\/blog\/anm-abre-audiencia-sobre-9a-rodada-do-leilao-de-areas\/\"},\"wordCount\":467,\"publisher\":{\"@id\":\"https:\/\/agenciainfra.com\/blog\/#organization\"},\"image\":{\"@id\":\"https:\/\/agenciainfra.com\/blog\/anm-abre-audiencia-sobre-9a-rodada-do-leilao-de-areas\/#primaryimage\"},\"thumbnailUrl\":\"https:\/\/agenciainfra.com\/blog\/wp-content\/uploads\/2025\/10\/anm-fachada-foto-anm-1-e1760715211580.jpeg\",\"keywords\":[\"9\u00aa Rodada de Disponibilidade de \u00c1reas\",\"ANM\",\"\u00e1reas miner\u00e1rias\",\"audi\u00eancia p\u00fablica\",\"B3\",\"China\",\"Estados Unidos\",\"garantia de proposta\",\"ind\u00fastria de alta tecnologia\",\"leil\u00e3o\",\"minerais cr\u00edticos\",\"oferta p\u00fablica\",\"transi\u00e7\u00e3o energ\u00e9tica\"],\"articleSection\":[\"Destaque lista\",\"Minera\u00e7\u00e3o\"],\"inLanguage\":\"pt-BR\",\"copyrightYear\":\"2025\",\"copyrightHolder\":{\"@id\":\"https:\/\/agenciainfra.com\/blog\/#organization\"}},{\"@type\":\"WebPage\",\"@id\":\"https:\/\/agenciainfra.com\/blog\/anm-abre-audiencia-sobre-9a-rodada-do-leilao-de-areas\/\",\"url\":\"https:\/\/agenciainfra.com\/blog\/anm-abre-audiencia-sobre-9a-rodada-do-leilao-de-areas\/\",\"name\":\"ANM abre audi\u00eancia sobre 9\u00aa rodada do leil\u00e3o de \u00e1reas - Ag\u00eancia iNFRA\",\"isPartOf\":{\"@id\":\"https:\/\/agenciainfra.com\/blog\/#website\"},\"primaryImageOfPage\":{\"@id\":\"https:\/\/agenciainfra.com\/blog\/anm-abre-audiencia-sobre-9a-rodada-do-leilao-de-areas\/#primaryimage\"},\"image\":{\"@id\":\"https:\/\/agenciainfra.com\/blog\/anm-abre-audiencia-sobre-9a-rodada-do-leilao-de-areas\/#primaryimage\"},\"thumbnailUrl\":\"https:\/\/agenciainfra.com\/blog\/wp-content\/uploads\/2025\/10\/anm-fachada-foto-anm-1-e1760715211580.jpeg\",\"datePublished\":\"2025-11-10T22:20:19+00:00\",\"dateModified\":\"2025-11-11T18:59:41+00:00\",\"breadcrumb\":{\"@id\":\"https:\/\/agenciainfra.com\/blog\/anm-abre-audiencia-sobre-9a-rodada-do-leilao-de-areas\/#breadcrumb\"},\"inLanguage\":\"pt-BR\",\"potentialAction\":[{\"@type\":\"ReadAction\",\"target\":[\"https:\/\/agenciainfra.com\/blog\/anm-abre-audiencia-sobre-9a-rodada-do-leilao-de-areas\/\"]}]},{\"@type\":\"ImageObject\",\"inLanguage\":\"pt-BR\",\"@id\":\"https:\/\/agenciainfra.com\/blog\/anm-abre-audiencia-sobre-9a-rodada-do-leilao-de-areas\/#primaryimage\",\"url\":\"https:\/\/agenciainfra.com\/blog\/wp-content\/uploads\/2025\/10\/anm-fachada-foto-anm-1-e1760715211580.jpeg\",\"contentUrl\":\"https:\/\/agenciainfra.com\/blog\/wp-content\/uploads\/2025\/10\/anm-fachada-foto-anm-1-e1760715211580.jpeg\",\"width\":1236,\"height\":840,\"caption\":\"Foto: ANM\"},{\"@type\":\"BreadcrumbList\",\"@id\":\"https:\/\/agenciainfra.com\/blog\/anm-abre-audiencia-sobre-9a-rodada-do-leilao-de-areas\/#breadcrumb\",\"itemListElement\":[{\"@type\":\"ListItem\",\"position\":1,\"name\":\"In\u00edcio\",\"item\":\"https:\/\/agenciainfra.com\/blog\/\"},{\"@type\":\"ListItem\",\"position\":2,\"name\":\"ANM abre audi\u00eancia sobre 9\u00aa rodada do leil\u00e3o de \u00e1reas\"}]},{\"@type\":\"WebSite\",\"@id\":\"https:\/\/agenciainfra.com\/blog\/#website\",\"url\":\"https:\/\/agenciainfra.com\/blog\/\",\"name\":\"Ag\u00eancia iNFRA\",\"description\":\"Multiplataforma de informa\u00e7\u00e3o jornal\u00edstica refer\u00eancia na \u00e1rea de infraestrutura no Brasil!\",\"publisher\":{\"@id\":\"https:\/\/agenciainfra.com\/blog\/#organization\"},\"potentialAction\":[{\"@type\":\"SearchAction\",\"target\":{\"@type\":\"EntryPoint\",\"urlTemplate\":\"https:\/\/agenciainfra.com\/blog\/?s={search_term_string}\"},\"query-input\":{\"@type\":\"PropertyValueSpecification\",\"valueRequired\":true,\"valueName\":\"search_term_string\"}}],\"inLanguage\":\"pt-BR\"},{\"@type\":\"Organization\",\"@id\":\"https:\/\/agenciainfra.com\/blog\/#organization\",\"name\":\"Ag\u00eancia iNFRA\",\"url\":\"https:\/\/agenciainfra.com\/blog\/\",\"logo\":{\"@type\":\"ImageObject\",\"inLanguage\":\"pt-BR\",\"@id\":\"https:\/\/agenciainfra.com\/blog\/#\/schema\/logo\/image\/\",\"url\":\"https:\/\/agenciainfra.com\/blog\/wp-content\/uploads\/2023\/09\/iNFRA_5-e1761735885940.png\",\"contentUrl\":\"https:\/\/agenciainfra.com\/blog\/wp-content\/uploads\/2023\/09\/iNFRA_5-e1761735885940.png\",\"width\":1672,\"height\":454,\"caption\":\"Ag\u00eancia iNFRA\"},\"image\":{\"@id\":\"https:\/\/agenciainfra.com\/blog\/#\/schema\/logo\/image\/\"},\"sameAs\":[\"https:\/\/www.facebook.com\/ageninfra\",\"https:\/\/x.com\/agencia_infra\",\"https:\/\/www.linkedin.com\/company\/ag\u00eanciainfra\/\",\"https:\/\/www.instagram.com\/agenciainfra\/\"]},{\"@type\":\"Person\",\"@id\":\"https:\/\/agenciainfra.com\/blog\/#\/schema\/person\/34af08dff6adea4cb22b06612ba7acfa\",\"name\":\"Ag\u00eancia iNFRA\",\"image\":{\"@type\":\"ImageObject\",\"inLanguage\":\"pt-BR\",\"@id\":\"https:\/\/agenciainfra.com\/blog\/#\/schema\/person\/image\/\",\"url\":\"https:\/\/secure.gravatar.com\/avatar\/d189e01678f06d8eb84d4e01f08eb848b3fffe3f8443818d3c356c66892f5be8?s=96&d=mm&r=g\",\"contentUrl\":\"https:\/\/secure.gravatar.com\/avatar\/d189e01678f06d8eb84d4e01f08eb848b3fffe3f8443818d3c356c66892f5be8?s=96&d=mm&r=g\",\"caption\":\"Ag\u00eancia iNFRA\"},\"url\":\"https:\/\/agenciainfra.com\/blog\/author\/admin\/\"}]}<\/script>\n<!-- \/ Yoast SEO Premium plugin. -->","yoast_head_json":{"title":"ANM abre audi\u00eancia sobre 9\u00aa rodada do leil\u00e3o de \u00e1reas - Ag\u00eancia iNFRA","robots":{"index":"index","follow":"follow","max-snippet":"max-snippet:-1","max-image-preview":"max-image-preview:large","max-video-preview":"max-video-preview:-1"},"canonical":"https:\/\/agenciainfra.com\/blog\/anm-abre-audiencia-sobre-9a-rodada-do-leilao-de-areas\/","og_locale":"pt_BR","og_type":"article","og_title":"ANM abre audi\u00eancia sobre 9\u00aa rodada do leil\u00e3o de \u00e1reas","og_description":"Rafael Bitencourt, da Ag\u00eancia iNFRA A ANM (Ag\u00eancia Nacional de Minera\u00e7\u00e3o) encaminhou na segunda-feira (10) o aviso de abertura da audi\u00eancia p\u00fablica para dar publicidade \u00e0 minuta do edital da 9\u00aa Rodada de Disponibilidade de \u00c1reas e receber contribui\u00e7\u00f5es do setor. O comunicado foi publicado no Di\u00e1rio Oficial da Uni\u00e3o desta ter\u00e7a-feira (11). A Audi\u00eancia [&hellip;]","og_url":"https:\/\/agenciainfra.com\/blog\/anm-abre-audiencia-sobre-9a-rodada-do-leilao-de-areas\/","og_site_name":"Ag\u00eancia iNFRA","article_publisher":"https:\/\/www.facebook.com\/ageninfra","article_published_time":"2025-11-10T22:20:19+00:00","article_modified_time":"2025-11-11T18:59:41+00:00","og_image":[{"width":1236,"height":840,"url":"https:\/\/agenciainfra.com\/blog\/wp-content\/uploads\/2025\/10\/anm-fachada-foto-anm-1-e1760715211580.jpeg","type":"image\/jpeg"}],"author":"Ag\u00eancia iNFRA","twitter_card":"summary_large_image","twitter_creator":"@agencia_infra","twitter_site":"@agencia_infra","twitter_misc":{"Escrito por":"Ag\u00eancia iNFRA","Est. tempo de leitura":"2 minutos"},"schema":{"@context":"https:\/\/schema.org","@graph":[{"@type":"Article","@id":"https:\/\/agenciainfra.com\/blog\/anm-abre-audiencia-sobre-9a-rodada-do-leilao-de-areas\/#article","isPartOf":{"@id":"https:\/\/agenciainfra.com\/blog\/anm-abre-audiencia-sobre-9a-rodada-do-leilao-de-areas\/"},"author":{"name":"Ag\u00eancia iNFRA","@id":"https:\/\/agenciainfra.com\/blog\/#\/schema\/person\/34af08dff6adea4cb22b06612ba7acfa"},"headline":"ANM abre audi\u00eancia sobre 9\u00aa rodada do leil\u00e3o de \u00e1reas","datePublished":"2025-11-10T22:20:19+00:00","dateModified":"2025-11-11T18:59:41+00:00","mainEntityOfPage":{"@id":"https:\/\/agenciainfra.com\/blog\/anm-abre-audiencia-sobre-9a-rodada-do-leilao-de-areas\/"},"wordCount":467,"publisher":{"@id":"https:\/\/agenciainfra.com\/blog\/#organization"},"image":{"@id":"https:\/\/agenciainfra.com\/blog\/anm-abre-audiencia-sobre-9a-rodada-do-leilao-de-areas\/#primaryimage"},"thumbnailUrl":"https:\/\/agenciainfra.com\/blog\/wp-content\/uploads\/2025\/10\/anm-fachada-foto-anm-1-e1760715211580.jpeg","keywords":["9\u00aa Rodada de Disponibilidade de \u00c1reas","ANM","\u00e1reas miner\u00e1rias","audi\u00eancia p\u00fablica","B3","China","Estados Unidos","garantia de proposta","ind\u00fastria de alta tecnologia","leil\u00e3o","minerais cr\u00edticos","oferta p\u00fablica","transi\u00e7\u00e3o energ\u00e9tica"],"articleSection":["Destaque lista","Minera\u00e7\u00e3o"],"inLanguage":"pt-BR","copyrightYear":"2025","copyrightHolder":{"@id":"https:\/\/agenciainfra.com\/blog\/#organization"}},{"@type":"WebPage","@id":"https:\/\/agenciainfra.com\/blog\/anm-abre-audiencia-sobre-9a-rodada-do-leilao-de-areas\/","url":"https:\/\/agenciainfra.com\/blog\/anm-abre-audiencia-sobre-9a-rodada-do-leilao-de-areas\/","name":"ANM abre audi\u00eancia sobre 9\u00aa rodada do leil\u00e3o de \u00e1reas - Ag\u00eancia iNFRA","isPartOf":{"@id":"https:\/\/agenciainfra.com\/blog\/#website"},"primaryImageOfPage":{"@id":"https:\/\/agenciainfra.com\/blog\/anm-abre-audiencia-sobre-9a-rodada-do-leilao-de-areas\/#primaryimage"},"image":{"@id":"https:\/\/agenciainfra.com\/blog\/anm-abre-audiencia-sobre-9a-rodada-do-leilao-de-areas\/#primaryimage"},"thumbnailUrl":"https:\/\/agenciainfra.com\/blog\/wp-content\/uploads\/2025\/10\/anm-fachada-foto-anm-1-e1760715211580.jpeg","datePublished":"2025-11-10T22:20:19+00:00","dateModified":"2025-11-11T18:59:41+00:00","breadcrumb":{"@id":"https:\/\/agenciainfra.com\/blog\/anm-abre-audiencia-sobre-9a-rodada-do-leilao-de-areas\/#breadcrumb"},"inLanguage":"pt-BR","potentialAction":[{"@type":"ReadAction","target":["https:\/\/agenciainfra.com\/blog\/anm-abre-audiencia-sobre-9a-rodada-do-leilao-de-areas\/"]}]},{"@type":"ImageObject","inLanguage":"pt-BR","@id":"https:\/\/agenciainfra.com\/blog\/anm-abre-audiencia-sobre-9a-rodada-do-leilao-de-areas\/#primaryimage","url":"https:\/\/agenciainfra.com\/blog\/wp-content\/uploads\/2025\/10\/anm-fachada-foto-anm-1-e1760715211580.jpeg","contentUrl":"https:\/\/agenciainfra.com\/blog\/wp-content\/uploads\/2025\/10\/anm-fachada-foto-anm-1-e1760715211580.jpeg","width":1236,"height":840,"caption":"Foto: ANM"},{"@type":"BreadcrumbList","@id":"https:\/\/agenciainfra.com\/blog\/anm-abre-audiencia-sobre-9a-rodada-do-leilao-de-areas\/#breadcrumb","itemListElement":[{"@type":"ListItem","position":1,"name":"In\u00edcio","item":"https:\/\/agenciainfra.com\/blog\/"},{"@type":"ListItem","position":2,"name":"ANM abre audi\u00eancia sobre 9\u00aa rodada do leil\u00e3o de \u00e1reas"}]},{"@type":"WebSite","@id":"https:\/\/agenciainfra.com\/blog\/#website","url":"https:\/\/agenciainfra.com\/blog\/","name":"Ag\u00eancia iNFRA","description":"Multiplataforma de informa\u00e7\u00e3o jornal\u00edstica refer\u00eancia na \u00e1rea de infraestrutura no Brasil!","publisher":{"@id":"https:\/\/agenciainfra.com\/blog\/#organization"},"potentialAction":[{"@type":"SearchAction","target":{"@type":"EntryPoint","urlTemplate":"https:\/\/agenciainfra.com\/blog\/?s={search_term_string}"},"query-input":{"@type":"PropertyValueSpecification","valueRequired":true,"valueName":"search_term_string"}}],"inLanguage":"pt-BR"},{"@type":"Organization","@id":"https:\/\/agenciainfra.com\/blog\/#organization","name":"Ag\u00eancia iNFRA","url":"https:\/\/agenciainfra.com\/blog\/","logo":{"@type":"ImageObject","inLanguage":"pt-BR","@id":"https:\/\/agenciainfra.com\/blog\/#\/schema\/logo\/image\/","url":"https:\/\/agenciainfra.com\/blog\/wp-content\/uploads\/2023\/09\/iNFRA_5-e1761735885940.png","contentUrl":"https:\/\/agenciainfra.com\/blog\/wp-content\/uploads\/2023\/09\/iNFRA_5-e1761735885940.png","width":1672,"height":454,"caption":"Ag\u00eancia iNFRA"},"image":{"@id":"https:\/\/agenciainfra.com\/blog\/#\/schema\/logo\/image\/"},"sameAs":["https:\/\/www.facebook.com\/ageninfra","https:\/\/x.com\/agencia_infra","https:\/\/www.linkedin.com\/company\/ag\u00eanciainfra\/","https:\/\/www.instagram.com\/agenciainfra\/"]},{"@type":"Person","@id":"https:\/\/agenciainfra.com\/blog\/#\/schema\/person\/34af08dff6adea4cb22b06612ba7acfa","name":"Ag\u00eancia iNFRA","image":{"@type":"ImageObject","inLanguage":"pt-BR","@id":"https:\/\/agenciainfra.com\/blog\/#\/schema\/person\/image\/","url":"https:\/\/secure.gravatar.com\/avatar\/d189e01678f06d8eb84d4e01f08eb848b3fffe3f8443818d3c356c66892f5be8?s=96&d=mm&r=g","contentUrl":"https:\/\/secure.gravatar.com\/avatar\/d189e01678f06d8eb84d4e01f08eb848b3fffe3f8443818d3c356c66892f5be8?s=96&d=mm&r=g","caption":"Ag\u00eancia iNFRA"},"url":"https:\/\/agenciainfra.com\/blog\/author\/admin\/"}]}},"_links":{"self":[{"href":"https:\/\/agenciainfra.com\/blog\/wp-json\/wp\/v2\/posts\/31957","targetHints":{"allow":["GET"]}}],"collection":[{"href":"https:\/\/agenciainfra.com\/blog\/wp-json\/wp\/v2\/posts"}],"about":[{"href":"https:\/\/agenciainfra.com\/blog\/wp-json\/wp\/v2\/types\/post"}],"author":[{"embeddable":true,"href":"https:\/\/agenciainfra.com\/blog\/wp-json\/wp\/v2\/users\/1"}],"replies":[{"embeddable":true,"href":"https:\/\/agenciainfra.com\/blog\/wp-json\/wp\/v2\/comments?post=31957"}],"version-history":[{"count":4,"href":"https:\/\/agenciainfra.com\/blog\/wp-json\/wp\/v2\/posts\/31957\/revisions"}],"predecessor-version":[{"id":31967,"href":"https:\/\/agenciainfra.com\/blog\/wp-json\/wp\/v2\/posts\/31957\/revisions\/31967"}],"wp:featuredmedia":[{"embeddable":true,"href":"https:\/\/agenciainfra.com\/blog\/wp-json\/wp\/v2\/media\/30041"}],"wp:attachment":[{"href":"https:\/\/agenciainfra.com\/blog\/wp-json\/wp\/v2\/media?parent=31957"}],"wp:term":[{"taxonomy":"category","embeddable":true,"href":"https:\/\/agenciainfra.com\/blog\/wp-json\/wp\/v2\/categories?post=31957"},{"taxonomy":"post_tag","embeddable":true,"href":"https:\/\/agenciainfra.com\/blog\/wp-json\/wp\/v2\/tags?post=31957"}],"curies":[{"name":"wp","href":"https:\/\/api.w.org\/{rel}","templated":true}]}}