{"id":31970,"date":"2025-11-11T09:30:00","date_gmt":"2025-11-11T12:30:00","guid":{"rendered":"https:\/\/agenciainfra.com\/blog\/?p=31970"},"modified":"2025-11-12T08:05:59","modified_gmt":"2025-11-12T11:05:59","slug":"baterias-mme-cria-criterio-de-localizacao-para-leilao-e-agita-segmento","status":"publish","type":"post","link":"https:\/\/agenciainfra.com\/blog\/baterias-mme-cria-criterio-de-localizacao-para-leilao-e-agita-segmento\/","title":{"rendered":"Baterias: MME cria crit\u00e9rio de localiza\u00e7\u00e3o para leil\u00e3o e agita segmento"},"content":{"rendered":"\n<p class=\"has-text-align-right\"><strong>Lais Carregosa e Marisa Wanzeller, da Ag\u00eancia iNFRA*<\/strong><\/p>\n\n\n\n<p>A\u00a0<a href=\"https:\/\/agenciainfra.us14.list-manage.com\/track\/click?u=d460dd1bcf9ba0ae040e1fc0f&amp;id=b4686a0428&amp;e=1192c754bc\" target=\"_blank\" rel=\"noreferrer noopener\">minuta da portaria<\/a>\u00a0do leil\u00e3o de sistemas de armazenamento de energia, <a href=\"https:\/\/agenciainfra.com\/blog\/mme-publica-consulta-publica-sobre-as-diretrizes-do-leilao-de-baterias\/\">publicada<\/a> pelo MME (Minist\u00e9rio de Minas e Energia) nesta segunda-feira (10), traz como novidade a cria\u00e7\u00e3o de um crit\u00e9rio locacional para contrata\u00e7\u00e3o das baterias. A ideia \u00e9 que o certame, previsto para abril de 2026, aloque os empreendimentos em locais que tragam \u201cbenef\u00edcio sist\u00eamico\u201d ao setor el\u00e9trico. Essa regra est\u00e1 movimentando agentes em busca das localiza\u00e7\u00f5es que devem ser apontadas pelo governo, afirmam especialistas \u00e0\u00a0<strong>Ag\u00eancia iNFRA<\/strong>.\u00a0<br><br>Jairo Terra, head de Assuntos Regulat\u00f3rios da consultoria PSR, disse que o setor n\u00e3o imaginava que a regra viria \u201ccom esse formato\u201d. \u201cA gente achou que seria alguma coisa mais indicativa por submercado, mas parece que eles v\u00e3o indicar mesmo os melhores pontos&#8221;, disse. A primeira consulta p\u00fablica sobre o tema, realizada pelo minist\u00e9rio em 2024, apenas mencionava a possibilidade de ter uma indica\u00e7\u00e3o locacional dos SAEs (Sistemas de Armazenamento de Energia), sem detalhamentos.<br><br>O especialista avalia que agora os agentes entrar\u00e3o em \u201cuma corrida para identificar esses pontos&#8221; de localiza\u00e7\u00e3o. Segundo ele, apesar do tamanho do SIN (Sistema Interligado Nacional) gerar uma \u201cincerteza\u201d, \u201cquem fez o dever de casa e fez todas as an\u00e1lises el\u00e9tricas e locacionais, pode ter um chute mais certeiro um pouco&#8221;.<br><br>O presidente da Absae (Associa\u00e7\u00e3o Brasileira de Solu\u00e7\u00f5es de Armazenamento de Energia), Markus Vlasits, afirma que muitos agentes j\u00e1 haviam procurado \u00e1reas para instala\u00e7\u00e3o das baterias. \u201c\u00c9 claro que uma mudan\u00e7a desse portf\u00f3lio vai resultar em novos esfor\u00e7os. J\u00e1 n\u00e3o teremos mais tanto tempo, se voc\u00ea pensa que o leil\u00e3o deve acontecer em abril do ano que vem. Ent\u00e3o, certamente existe uma certa apreens\u00e3o para entender quais exatamente ser\u00e3o os crit\u00e9rios\u201d, declarou.<br><br><strong>Como deve funcionar<\/strong><br>A advogada Ana Karina Souza, especialista em energia do escrit\u00f3rio Machado Meyer, explica que o conceito pode funcionar como um adicional de bonifica\u00e7\u00e3o para os empreendimentos. Ou seja, o MME deve divulgar uma lista de localidades prefer\u00edveis e os projetos que estejam localizados nessas \u00e1reas teriam uma bonifica\u00e7\u00e3o nos seus lances, com efeitos sobre a classifica\u00e7\u00e3o final do certame.\u00a0<br><br>\u201cDiria que n\u00e3o \u00e9 que vai contratar somente empreendimentos que estejam nesses locais, que foram identificados pelo SIN, mas que os empreendimentos que est\u00e3o nesses locais v\u00e3o contar com uma constante de bonifica\u00e7\u00e3o. \u00c9 como se fosse um adicional na f\u00f3rmula que os empreendimentos que est\u00e3o nessas localiza\u00e7\u00f5es podem contar\u201d, declarou.<br><br>Jairo Terra, da PSR, explica que os empreendimentos instalados nas localiza\u00e7\u00f5es a serem indicadas pela EPE (Empresa de Pesquisa Energ\u00e9tica) ter\u00e3o o seu \u201cpre\u00e7o unit\u00e1rio\u201d multiplicado por 0,9%, garantindo maior competitividade no certame. \u201cEssa bonifica\u00e7\u00e3o entra l\u00e1 no pre\u00e7o que serve como m\u00e9trica para compara\u00e7\u00e3o das ofertas e ele reduz um pouquinho o pre\u00e7o de quem est\u00e1 localizado nos lugares indicados&#8221;, o que se torna uma vantagem competitiva, destacou.\u00a0<br><br><strong>Outras receitas<\/strong><br>O modelo de leil\u00e3o colocado em consulta p\u00fablica tamb\u00e9m prev\u00ea que o ONS (Operador Nacional do Sistema El\u00e9trico) ser\u00e1 respons\u00e1vel por indicar os momentos de descarga e recarga das baterias. Ou seja, vai poder determinar quando o agente poder\u00e1 realizar a recarga do empreendimento.<br><br>Em nota t\u00e9cnica, o MME afirma que essa medida aumenta a seguran\u00e7a do sistema, ao reduzir conflitos entre o uso comercial e a necessidade de despacho da bateria, mas reduz a liberdade de o agente obter receitas complementares com o empreendimento.<br><br>Para o presidente da Absae, esse \u00e9 um ponto que precisa ser melhor analisado, principalmente para as baterias implantadas junto \u00e0s usinas de gera\u00e7\u00e3o. \u201cO agente vai querer entender se ele pode salvar pelo menos uma parte do constrained-off [corte de gera\u00e7\u00e3o] da pr\u00f3pria planta ou n\u00e3o.\u201d Contudo, ele afirma ser natural que, no primeiro certame da tecnologia, o ONS seja mais \u201cdetalhista\u201d com as regras de despacho.<br><br><strong>Tarifas<\/strong><br>Em nota t\u00e9cnica que fundamentou a portaria, o governo tamb\u00e9m mapeou o risco de repasse de custos do leil\u00e3o por uma eventual \u201cdupla tarifa\u00e7\u00e3o\u201d dos projetos, que podem ter que pagar pelos montantes de uso do sistema de transmiss\u00e3o tanto na categoria consumo (ao carregar) quanto de gera\u00e7\u00e3o (ao descarregar). O assunto est\u00e1 sendo tratado em proposta de regulamenta\u00e7\u00e3o da ANEEL (Ag\u00eancia Nacional de Energia El\u00e9trica).\u00a0<br><br>Essa \u00e9 uma das preocupa\u00e7\u00f5es do segmento de armazenamento, que aponta para a possibilidade de os lances do certame serem impactados com a precifica\u00e7\u00e3o do custo dobrado com a taxa de fio. \u201cO agente, querendo ou n\u00e3o, precisa incorporar o custo associado ao Must [Montante de Uso do Sistema de Transmiss\u00e3o] no seu opex [custo operacional], nas suas despesas operacionais\u201d, afirma Markus Vlasits.\u00a0<br><br>O presidente da Absae destaca ainda que essa tende a ser uma preocupa\u00e7\u00e3o maior quando h\u00e1 pouca flexibilidade para o agente ir ao mercado e obter receitas acess\u00f3rias para o empreendimento, o que ajudaria a abater parte do custo.<br><br>No documento, o MME afirma que \u201ca aplica\u00e7\u00e3o tarif\u00e1ria em ambos os fluxos poderia elevar o custo final do servi\u00e7o\u201d, al\u00e9m de reduzir o uso eficiente dos SAEs para o atendimento das necessidades de pot\u00eancia do sistema. \u201cTal din\u00e2mica implica a transfer\u00eancia desses custos ao consumidor, pela eventual considera\u00e7\u00e3o dessas tarifas no pre\u00e7o da disponibilidade de pot\u00eancia\u201d, diz o texto.<br><br>Atualmente, o debate sobre a modelagem dos SAEs, incluindo a forma de tarifa\u00e7\u00e3o, aguarda delibera\u00e7\u00e3o da ANEEL. O modelo de cobran\u00e7a na carga e descarga foi defendido pela \u00e1rea t\u00e9cnica da reguladora e acolhido no voto do relator, o ent\u00e3o diretor substituto Daniel Danna. Mas o diretor Fernando Mosna pediu vista do processo em 12 de agosto por discordar da proposta.\u00a0<br><br>Para o head de Assuntos Regulat\u00f3rios da PSR, o tema sofrer\u00e1 altera\u00e7\u00f5es na ag\u00eancia. \u201cA ANEEL est\u00e1 estudando isso faz bastante tempo, e j\u00e1 houve v\u00e1rias idas e vindas, eles j\u00e1 mudaram a metodologia algumas vezes em diferentes notas t\u00e9cnicas&#8221;, destacou Jairo Terra.\u00a0<br><br>Segundo o especialista, a PSR entende que a dupla tarifa\u00e7\u00e3o n\u00e3o \u00e9 tecnicamente correta. \u201cA gente acredita que existem formas de reconhecer o servi\u00e7o que a bateria prov\u00ea para o sistema e refletir isso em uma tarifa \u00fanica. Principalmente porque a bateria n\u00e3o exige muito investimento da rede, pelo contr\u00e1rio. A gente espera que, na verdade, a bateria possa ser utilizada de forma a reduzir esses congestionamentos da rede&#8221;, defendeu.<br><br><em><strong>*Colaborou: Geraldo Campos Jr.<\/strong><\/em><\/p>\n","protected":false},"excerpt":{"rendered":"<p>Lais Carregosa e Marisa Wanzeller, da Ag\u00eancia iNFRA* A\u00a0minuta da portaria\u00a0do leil\u00e3o de sistemas de armazenamento de energia, publicada pelo MME (Minist\u00e9rio de Minas e Energia) nesta segunda-feira (10), traz como novidade a cria\u00e7\u00e3o de um crit\u00e9rio locacional para contrata\u00e7\u00e3o das baterias. A ideia \u00e9 que o certame, previsto para abril de 2026, aloque os [&hellip;]<\/p>\n","protected":false},"author":1,"featured_media":31972,"comment_status":"closed","ping_status":"closed","sticky":false,"template":"","format":"standard","meta":{"_monsterinsights_skip_tracking":false,"_monsterinsights_sitenote_active":false,"_monsterinsights_sitenote_note":"","_monsterinsights_sitenote_category":0,"footnotes":""},"categories":[7250,10],"tags":[16856,8694,345,2804,602,11594,16857,13132,11465,16421,7366,16855,96,71,3360],"class_list":["post-31970","post","type-post","status-publish","format-standard","has-post-thumbnail","hentry","category-destaque-lista","category-infraenergia","tag-ana-karina-souza-advogada","tag-armazenamento-de-energia","tag-consulta-publica","tag-energia-renovavel","tag-eolica","tag-geraldo-campos-jr","tag-jairo-terra-psr","tag-lais-carregosa","tag-leilao-de-baterias","tag-lrcap-2026","tag-marisa-wanzeller","tag-markus-vlasits","tag-ministerio-de-minas-e-energia","tag-mme","tag-sin"],"yoast_head":"<!-- This site is optimized with the Yoast SEO Premium plugin v25.4 (Yoast SEO v26.0) - https:\/\/yoast.com\/wordpress\/plugins\/seo\/ -->\n<title>Baterias: MME cria crit\u00e9rio de localiza\u00e7\u00e3o para leil\u00e3o e agita segmento - Ag\u00eancia iNFRA<\/title>\n<meta name=\"robots\" content=\"index, follow, max-snippet:-1, max-image-preview:large, max-video-preview:-1\" \/>\n<link rel=\"canonical\" href=\"https:\/\/agenciainfra.com\/blog\/baterias-mme-cria-criterio-de-localizacao-para-leilao-e-agita-segmento\/\" \/>\n<meta property=\"og:locale\" content=\"pt_BR\" \/>\n<meta property=\"og:type\" content=\"article\" \/>\n<meta property=\"og:title\" content=\"Baterias: MME cria crit\u00e9rio de localiza\u00e7\u00e3o para leil\u00e3o e agita segmento\" \/>\n<meta property=\"og:description\" content=\"Lais Carregosa e Marisa Wanzeller, da Ag\u00eancia iNFRA* A\u00a0minuta da portaria\u00a0do leil\u00e3o de sistemas de armazenamento de energia, publicada pelo MME (Minist\u00e9rio de Minas e Energia) nesta segunda-feira (10), traz como novidade a cria\u00e7\u00e3o de um crit\u00e9rio locacional para contrata\u00e7\u00e3o das baterias. A ideia \u00e9 que o certame, previsto para abril de 2026, aloque os [&hellip;]\" \/>\n<meta property=\"og:url\" content=\"https:\/\/agenciainfra.com\/blog\/baterias-mme-cria-criterio-de-localizacao-para-leilao-e-agita-segmento\/\" \/>\n<meta property=\"og:site_name\" content=\"Ag\u00eancia iNFRA\" \/>\n<meta property=\"article:publisher\" content=\"https:\/\/www.facebook.com\/ageninfra\" \/>\n<meta property=\"article:published_time\" content=\"2025-11-11T12:30:00+00:00\" \/>\n<meta property=\"article:modified_time\" content=\"2025-11-12T11:05:59+00:00\" \/>\n<meta property=\"og:image\" content=\"https:\/\/agenciainfra.com\/blog\/wp-content\/uploads\/2025\/11\/bateria-de-grande-porte-para-armazenamento-de-energia-gerada-por-paineis-solares-fotovoltaicos-Foto-Sabine-van-Erp_Pixabay-1024x576-1.jpg\" \/>\n\t<meta property=\"og:image:width\" content=\"1280\" \/>\n\t<meta property=\"og:image:height\" content=\"720\" \/>\n\t<meta property=\"og:image:type\" content=\"image\/jpeg\" \/>\n<meta name=\"author\" content=\"Ag\u00eancia iNFRA\" \/>\n<meta name=\"twitter:card\" content=\"summary_large_image\" \/>\n<meta name=\"twitter:creator\" content=\"@agencia_infra\" \/>\n<meta name=\"twitter:site\" content=\"@agencia_infra\" \/>\n<meta name=\"twitter:label1\" content=\"Escrito por\" \/>\n\t<meta name=\"twitter:data1\" content=\"Ag\u00eancia iNFRA\" \/>\n\t<meta name=\"twitter:label2\" content=\"Est. tempo de leitura\" \/>\n\t<meta name=\"twitter:data2\" content=\"6 minutos\" \/>\n<script type=\"application\/ld+json\" class=\"yoast-schema-graph\">{\"@context\":\"https:\/\/schema.org\",\"@graph\":[{\"@type\":\"Article\",\"@id\":\"https:\/\/agenciainfra.com\/blog\/baterias-mme-cria-criterio-de-localizacao-para-leilao-e-agita-segmento\/#article\",\"isPartOf\":{\"@id\":\"https:\/\/agenciainfra.com\/blog\/baterias-mme-cria-criterio-de-localizacao-para-leilao-e-agita-segmento\/\"},\"author\":{\"name\":\"Ag\u00eancia iNFRA\",\"@id\":\"https:\/\/agenciainfra.com\/blog\/#\/schema\/person\/34af08dff6adea4cb22b06612ba7acfa\"},\"headline\":\"Baterias: MME cria crit\u00e9rio de localiza\u00e7\u00e3o para leil\u00e3o e agita segmento\",\"datePublished\":\"2025-11-11T12:30:00+00:00\",\"dateModified\":\"2025-11-12T11:05:59+00:00\",\"mainEntityOfPage\":{\"@id\":\"https:\/\/agenciainfra.com\/blog\/baterias-mme-cria-criterio-de-localizacao-para-leilao-e-agita-segmento\/\"},\"wordCount\":1136,\"publisher\":{\"@id\":\"https:\/\/agenciainfra.com\/blog\/#organization\"},\"image\":{\"@id\":\"https:\/\/agenciainfra.com\/blog\/baterias-mme-cria-criterio-de-localizacao-para-leilao-e-agita-segmento\/#primaryimage\"},\"thumbnailUrl\":\"https:\/\/agenciainfra.com\/blog\/wp-content\/uploads\/2025\/11\/bateria-de-grande-porte-para-armazenamento-de-energia-gerada-por-paineis-solares-fotovoltaicos-Foto-Sabine-van-Erp_Pixabay-1024x576-1.jpg\",\"keywords\":[\"Ana Karina Souza advogada\",\"Armazenamento de energia\",\"consulta p\u00fablica\",\"energia renov\u00e1vel\",\"e\u00f3lica\",\"Geraldo Campos Jr.\",\"Jairo Terra PSR\",\"Lais Carregosa\",\"leil\u00e3o de baterias\",\"LRCAP 2026\",\"Marisa Wanzeller\",\"Markus Vlasits\",\"Minist\u00e9rio de Minas e Energia\",\"MME\",\"SIN\"],\"articleSection\":[\"Destaque lista\",\"iNFRAEnergia\"],\"inLanguage\":\"pt-BR\",\"copyrightYear\":\"2025\",\"copyrightHolder\":{\"@id\":\"https:\/\/agenciainfra.com\/blog\/#organization\"}},{\"@type\":\"WebPage\",\"@id\":\"https:\/\/agenciainfra.com\/blog\/baterias-mme-cria-criterio-de-localizacao-para-leilao-e-agita-segmento\/\",\"url\":\"https:\/\/agenciainfra.com\/blog\/baterias-mme-cria-criterio-de-localizacao-para-leilao-e-agita-segmento\/\",\"name\":\"Baterias: MME cria crit\u00e9rio de localiza\u00e7\u00e3o para leil\u00e3o e agita segmento - Ag\u00eancia iNFRA\",\"isPartOf\":{\"@id\":\"https:\/\/agenciainfra.com\/blog\/#website\"},\"primaryImageOfPage\":{\"@id\":\"https:\/\/agenciainfra.com\/blog\/baterias-mme-cria-criterio-de-localizacao-para-leilao-e-agita-segmento\/#primaryimage\"},\"image\":{\"@id\":\"https:\/\/agenciainfra.com\/blog\/baterias-mme-cria-criterio-de-localizacao-para-leilao-e-agita-segmento\/#primaryimage\"},\"thumbnailUrl\":\"https:\/\/agenciainfra.com\/blog\/wp-content\/uploads\/2025\/11\/bateria-de-grande-porte-para-armazenamento-de-energia-gerada-por-paineis-solares-fotovoltaicos-Foto-Sabine-van-Erp_Pixabay-1024x576-1.jpg\",\"datePublished\":\"2025-11-11T12:30:00+00:00\",\"dateModified\":\"2025-11-12T11:05:59+00:00\",\"breadcrumb\":{\"@id\":\"https:\/\/agenciainfra.com\/blog\/baterias-mme-cria-criterio-de-localizacao-para-leilao-e-agita-segmento\/#breadcrumb\"},\"inLanguage\":\"pt-BR\",\"potentialAction\":[{\"@type\":\"ReadAction\",\"target\":[\"https:\/\/agenciainfra.com\/blog\/baterias-mme-cria-criterio-de-localizacao-para-leilao-e-agita-segmento\/\"]}]},{\"@type\":\"ImageObject\",\"inLanguage\":\"pt-BR\",\"@id\":\"https:\/\/agenciainfra.com\/blog\/baterias-mme-cria-criterio-de-localizacao-para-leilao-e-agita-segmento\/#primaryimage\",\"url\":\"https:\/\/agenciainfra.com\/blog\/wp-content\/uploads\/2025\/11\/bateria-de-grande-porte-para-armazenamento-de-energia-gerada-por-paineis-solares-fotovoltaicos-Foto-Sabine-van-Erp_Pixabay-1024x576-1.jpg\",\"contentUrl\":\"https:\/\/agenciainfra.com\/blog\/wp-content\/uploads\/2025\/11\/bateria-de-grande-porte-para-armazenamento-de-energia-gerada-por-paineis-solares-fotovoltaicos-Foto-Sabine-van-Erp_Pixabay-1024x576-1.jpg\",\"width\":1280,\"height\":720,\"caption\":\"Foto: Banco de Imagens\/Pixabay\"},{\"@type\":\"BreadcrumbList\",\"@id\":\"https:\/\/agenciainfra.com\/blog\/baterias-mme-cria-criterio-de-localizacao-para-leilao-e-agita-segmento\/#breadcrumb\",\"itemListElement\":[{\"@type\":\"ListItem\",\"position\":1,\"name\":\"In\u00edcio\",\"item\":\"https:\/\/agenciainfra.com\/blog\/\"},{\"@type\":\"ListItem\",\"position\":2,\"name\":\"Baterias: MME cria crit\u00e9rio de localiza\u00e7\u00e3o para leil\u00e3o e agita segmento\"}]},{\"@type\":\"WebSite\",\"@id\":\"https:\/\/agenciainfra.com\/blog\/#website\",\"url\":\"https:\/\/agenciainfra.com\/blog\/\",\"name\":\"Ag\u00eancia iNFRA\",\"description\":\"Multiplataforma de informa\u00e7\u00e3o jornal\u00edstica refer\u00eancia na \u00e1rea de infraestrutura no Brasil!\",\"publisher\":{\"@id\":\"https:\/\/agenciainfra.com\/blog\/#organization\"},\"potentialAction\":[{\"@type\":\"SearchAction\",\"target\":{\"@type\":\"EntryPoint\",\"urlTemplate\":\"https:\/\/agenciainfra.com\/blog\/?s={search_term_string}\"},\"query-input\":{\"@type\":\"PropertyValueSpecification\",\"valueRequired\":true,\"valueName\":\"search_term_string\"}}],\"inLanguage\":\"pt-BR\"},{\"@type\":\"Organization\",\"@id\":\"https:\/\/agenciainfra.com\/blog\/#organization\",\"name\":\"Ag\u00eancia iNFRA\",\"url\":\"https:\/\/agenciainfra.com\/blog\/\",\"logo\":{\"@type\":\"ImageObject\",\"inLanguage\":\"pt-BR\",\"@id\":\"https:\/\/agenciainfra.com\/blog\/#\/schema\/logo\/image\/\",\"url\":\"https:\/\/agenciainfra.com\/blog\/wp-content\/uploads\/2023\/09\/iNFRA_5-e1761735885940.png\",\"contentUrl\":\"https:\/\/agenciainfra.com\/blog\/wp-content\/uploads\/2023\/09\/iNFRA_5-e1761735885940.png\",\"width\":1672,\"height\":454,\"caption\":\"Ag\u00eancia iNFRA\"},\"image\":{\"@id\":\"https:\/\/agenciainfra.com\/blog\/#\/schema\/logo\/image\/\"},\"sameAs\":[\"https:\/\/www.facebook.com\/ageninfra\",\"https:\/\/x.com\/agencia_infra\",\"https:\/\/www.linkedin.com\/company\/ag\u00eanciainfra\/\",\"https:\/\/www.instagram.com\/agenciainfra\/\"]},{\"@type\":\"Person\",\"@id\":\"https:\/\/agenciainfra.com\/blog\/#\/schema\/person\/34af08dff6adea4cb22b06612ba7acfa\",\"name\":\"Ag\u00eancia iNFRA\",\"image\":{\"@type\":\"ImageObject\",\"inLanguage\":\"pt-BR\",\"@id\":\"https:\/\/agenciainfra.com\/blog\/#\/schema\/person\/image\/\",\"url\":\"https:\/\/secure.gravatar.com\/avatar\/d189e01678f06d8eb84d4e01f08eb848b3fffe3f8443818d3c356c66892f5be8?s=96&d=mm&r=g\",\"contentUrl\":\"https:\/\/secure.gravatar.com\/avatar\/d189e01678f06d8eb84d4e01f08eb848b3fffe3f8443818d3c356c66892f5be8?s=96&d=mm&r=g\",\"caption\":\"Ag\u00eancia iNFRA\"},\"url\":\"https:\/\/agenciainfra.com\/blog\/author\/admin\/\"}]}<\/script>\n<!-- \/ Yoast SEO Premium plugin. -->","yoast_head_json":{"title":"Baterias: MME cria crit\u00e9rio de localiza\u00e7\u00e3o para leil\u00e3o e agita segmento - Ag\u00eancia iNFRA","robots":{"index":"index","follow":"follow","max-snippet":"max-snippet:-1","max-image-preview":"max-image-preview:large","max-video-preview":"max-video-preview:-1"},"canonical":"https:\/\/agenciainfra.com\/blog\/baterias-mme-cria-criterio-de-localizacao-para-leilao-e-agita-segmento\/","og_locale":"pt_BR","og_type":"article","og_title":"Baterias: MME cria crit\u00e9rio de localiza\u00e7\u00e3o para leil\u00e3o e agita segmento","og_description":"Lais Carregosa e Marisa Wanzeller, da Ag\u00eancia iNFRA* A\u00a0minuta da portaria\u00a0do leil\u00e3o de sistemas de armazenamento de energia, publicada pelo MME (Minist\u00e9rio de Minas e Energia) nesta segunda-feira (10), traz como novidade a cria\u00e7\u00e3o de um crit\u00e9rio locacional para contrata\u00e7\u00e3o das baterias. A ideia \u00e9 que o certame, previsto para abril de 2026, aloque os [&hellip;]","og_url":"https:\/\/agenciainfra.com\/blog\/baterias-mme-cria-criterio-de-localizacao-para-leilao-e-agita-segmento\/","og_site_name":"Ag\u00eancia iNFRA","article_publisher":"https:\/\/www.facebook.com\/ageninfra","article_published_time":"2025-11-11T12:30:00+00:00","article_modified_time":"2025-11-12T11:05:59+00:00","og_image":[{"width":1280,"height":720,"url":"https:\/\/agenciainfra.com\/blog\/wp-content\/uploads\/2025\/11\/bateria-de-grande-porte-para-armazenamento-de-energia-gerada-por-paineis-solares-fotovoltaicos-Foto-Sabine-van-Erp_Pixabay-1024x576-1.jpg","type":"image\/jpeg"}],"author":"Ag\u00eancia iNFRA","twitter_card":"summary_large_image","twitter_creator":"@agencia_infra","twitter_site":"@agencia_infra","twitter_misc":{"Escrito por":"Ag\u00eancia iNFRA","Est. tempo de leitura":"6 minutos"},"schema":{"@context":"https:\/\/schema.org","@graph":[{"@type":"Article","@id":"https:\/\/agenciainfra.com\/blog\/baterias-mme-cria-criterio-de-localizacao-para-leilao-e-agita-segmento\/#article","isPartOf":{"@id":"https:\/\/agenciainfra.com\/blog\/baterias-mme-cria-criterio-de-localizacao-para-leilao-e-agita-segmento\/"},"author":{"name":"Ag\u00eancia iNFRA","@id":"https:\/\/agenciainfra.com\/blog\/#\/schema\/person\/34af08dff6adea4cb22b06612ba7acfa"},"headline":"Baterias: MME cria crit\u00e9rio de localiza\u00e7\u00e3o para leil\u00e3o e agita segmento","datePublished":"2025-11-11T12:30:00+00:00","dateModified":"2025-11-12T11:05:59+00:00","mainEntityOfPage":{"@id":"https:\/\/agenciainfra.com\/blog\/baterias-mme-cria-criterio-de-localizacao-para-leilao-e-agita-segmento\/"},"wordCount":1136,"publisher":{"@id":"https:\/\/agenciainfra.com\/blog\/#organization"},"image":{"@id":"https:\/\/agenciainfra.com\/blog\/baterias-mme-cria-criterio-de-localizacao-para-leilao-e-agita-segmento\/#primaryimage"},"thumbnailUrl":"https:\/\/agenciainfra.com\/blog\/wp-content\/uploads\/2025\/11\/bateria-de-grande-porte-para-armazenamento-de-energia-gerada-por-paineis-solares-fotovoltaicos-Foto-Sabine-van-Erp_Pixabay-1024x576-1.jpg","keywords":["Ana Karina Souza advogada","Armazenamento de energia","consulta p\u00fablica","energia renov\u00e1vel","e\u00f3lica","Geraldo Campos Jr.","Jairo Terra PSR","Lais Carregosa","leil\u00e3o de baterias","LRCAP 2026","Marisa Wanzeller","Markus Vlasits","Minist\u00e9rio de Minas e Energia","MME","SIN"],"articleSection":["Destaque lista","iNFRAEnergia"],"inLanguage":"pt-BR","copyrightYear":"2025","copyrightHolder":{"@id":"https:\/\/agenciainfra.com\/blog\/#organization"}},{"@type":"WebPage","@id":"https:\/\/agenciainfra.com\/blog\/baterias-mme-cria-criterio-de-localizacao-para-leilao-e-agita-segmento\/","url":"https:\/\/agenciainfra.com\/blog\/baterias-mme-cria-criterio-de-localizacao-para-leilao-e-agita-segmento\/","name":"Baterias: MME cria crit\u00e9rio de localiza\u00e7\u00e3o para leil\u00e3o e agita segmento - Ag\u00eancia iNFRA","isPartOf":{"@id":"https:\/\/agenciainfra.com\/blog\/#website"},"primaryImageOfPage":{"@id":"https:\/\/agenciainfra.com\/blog\/baterias-mme-cria-criterio-de-localizacao-para-leilao-e-agita-segmento\/#primaryimage"},"image":{"@id":"https:\/\/agenciainfra.com\/blog\/baterias-mme-cria-criterio-de-localizacao-para-leilao-e-agita-segmento\/#primaryimage"},"thumbnailUrl":"https:\/\/agenciainfra.com\/blog\/wp-content\/uploads\/2025\/11\/bateria-de-grande-porte-para-armazenamento-de-energia-gerada-por-paineis-solares-fotovoltaicos-Foto-Sabine-van-Erp_Pixabay-1024x576-1.jpg","datePublished":"2025-11-11T12:30:00+00:00","dateModified":"2025-11-12T11:05:59+00:00","breadcrumb":{"@id":"https:\/\/agenciainfra.com\/blog\/baterias-mme-cria-criterio-de-localizacao-para-leilao-e-agita-segmento\/#breadcrumb"},"inLanguage":"pt-BR","potentialAction":[{"@type":"ReadAction","target":["https:\/\/agenciainfra.com\/blog\/baterias-mme-cria-criterio-de-localizacao-para-leilao-e-agita-segmento\/"]}]},{"@type":"ImageObject","inLanguage":"pt-BR","@id":"https:\/\/agenciainfra.com\/blog\/baterias-mme-cria-criterio-de-localizacao-para-leilao-e-agita-segmento\/#primaryimage","url":"https:\/\/agenciainfra.com\/blog\/wp-content\/uploads\/2025\/11\/bateria-de-grande-porte-para-armazenamento-de-energia-gerada-por-paineis-solares-fotovoltaicos-Foto-Sabine-van-Erp_Pixabay-1024x576-1.jpg","contentUrl":"https:\/\/agenciainfra.com\/blog\/wp-content\/uploads\/2025\/11\/bateria-de-grande-porte-para-armazenamento-de-energia-gerada-por-paineis-solares-fotovoltaicos-Foto-Sabine-van-Erp_Pixabay-1024x576-1.jpg","width":1280,"height":720,"caption":"Foto: Banco de Imagens\/Pixabay"},{"@type":"BreadcrumbList","@id":"https:\/\/agenciainfra.com\/blog\/baterias-mme-cria-criterio-de-localizacao-para-leilao-e-agita-segmento\/#breadcrumb","itemListElement":[{"@type":"ListItem","position":1,"name":"In\u00edcio","item":"https:\/\/agenciainfra.com\/blog\/"},{"@type":"ListItem","position":2,"name":"Baterias: MME cria crit\u00e9rio de localiza\u00e7\u00e3o para leil\u00e3o e agita segmento"}]},{"@type":"WebSite","@id":"https:\/\/agenciainfra.com\/blog\/#website","url":"https:\/\/agenciainfra.com\/blog\/","name":"Ag\u00eancia iNFRA","description":"Multiplataforma de informa\u00e7\u00e3o jornal\u00edstica refer\u00eancia na \u00e1rea de infraestrutura no Brasil!","publisher":{"@id":"https:\/\/agenciainfra.com\/blog\/#organization"},"potentialAction":[{"@type":"SearchAction","target":{"@type":"EntryPoint","urlTemplate":"https:\/\/agenciainfra.com\/blog\/?s={search_term_string}"},"query-input":{"@type":"PropertyValueSpecification","valueRequired":true,"valueName":"search_term_string"}}],"inLanguage":"pt-BR"},{"@type":"Organization","@id":"https:\/\/agenciainfra.com\/blog\/#organization","name":"Ag\u00eancia iNFRA","url":"https:\/\/agenciainfra.com\/blog\/","logo":{"@type":"ImageObject","inLanguage":"pt-BR","@id":"https:\/\/agenciainfra.com\/blog\/#\/schema\/logo\/image\/","url":"https:\/\/agenciainfra.com\/blog\/wp-content\/uploads\/2023\/09\/iNFRA_5-e1761735885940.png","contentUrl":"https:\/\/agenciainfra.com\/blog\/wp-content\/uploads\/2023\/09\/iNFRA_5-e1761735885940.png","width":1672,"height":454,"caption":"Ag\u00eancia iNFRA"},"image":{"@id":"https:\/\/agenciainfra.com\/blog\/#\/schema\/logo\/image\/"},"sameAs":["https:\/\/www.facebook.com\/ageninfra","https:\/\/x.com\/agencia_infra","https:\/\/www.linkedin.com\/company\/ag\u00eanciainfra\/","https:\/\/www.instagram.com\/agenciainfra\/"]},{"@type":"Person","@id":"https:\/\/agenciainfra.com\/blog\/#\/schema\/person\/34af08dff6adea4cb22b06612ba7acfa","name":"Ag\u00eancia iNFRA","image":{"@type":"ImageObject","inLanguage":"pt-BR","@id":"https:\/\/agenciainfra.com\/blog\/#\/schema\/person\/image\/","url":"https:\/\/secure.gravatar.com\/avatar\/d189e01678f06d8eb84d4e01f08eb848b3fffe3f8443818d3c356c66892f5be8?s=96&d=mm&r=g","contentUrl":"https:\/\/secure.gravatar.com\/avatar\/d189e01678f06d8eb84d4e01f08eb848b3fffe3f8443818d3c356c66892f5be8?s=96&d=mm&r=g","caption":"Ag\u00eancia iNFRA"},"url":"https:\/\/agenciainfra.com\/blog\/author\/admin\/"}]}},"_links":{"self":[{"href":"https:\/\/agenciainfra.com\/blog\/wp-json\/wp\/v2\/posts\/31970","targetHints":{"allow":["GET"]}}],"collection":[{"href":"https:\/\/agenciainfra.com\/blog\/wp-json\/wp\/v2\/posts"}],"about":[{"href":"https:\/\/agenciainfra.com\/blog\/wp-json\/wp\/v2\/types\/post"}],"author":[{"embeddable":true,"href":"https:\/\/agenciainfra.com\/blog\/wp-json\/wp\/v2\/users\/1"}],"replies":[{"embeddable":true,"href":"https:\/\/agenciainfra.com\/blog\/wp-json\/wp\/v2\/comments?post=31970"}],"version-history":[{"count":2,"href":"https:\/\/agenciainfra.com\/blog\/wp-json\/wp\/v2\/posts\/31970\/revisions"}],"predecessor-version":[{"id":31973,"href":"https:\/\/agenciainfra.com\/blog\/wp-json\/wp\/v2\/posts\/31970\/revisions\/31973"}],"wp:featuredmedia":[{"embeddable":true,"href":"https:\/\/agenciainfra.com\/blog\/wp-json\/wp\/v2\/media\/31972"}],"wp:attachment":[{"href":"https:\/\/agenciainfra.com\/blog\/wp-json\/wp\/v2\/media?parent=31970"}],"wp:term":[{"taxonomy":"category","embeddable":true,"href":"https:\/\/agenciainfra.com\/blog\/wp-json\/wp\/v2\/categories?post=31970"},{"taxonomy":"post_tag","embeddable":true,"href":"https:\/\/agenciainfra.com\/blog\/wp-json\/wp\/v2\/tags?post=31970"}],"curies":[{"name":"wp","href":"https:\/\/api.w.org\/{rel}","templated":true}]}}