{"id":31977,"date":"2025-11-11T10:45:00","date_gmt":"2025-11-11T13:45:00","guid":{"rendered":"https:\/\/agenciainfra.com\/blog\/?p=31977"},"modified":"2025-11-12T09:30:22","modified_gmt":"2025-11-12T12:30:22","slug":"ci-adia-votacao-de-projetos-sobre-itaipu-e-renovacao-das-distribuidoras","status":"publish","type":"post","link":"https:\/\/agenciainfra.com\/blog\/ci-adia-votacao-de-projetos-sobre-itaipu-e-renovacao-das-distribuidoras\/","title":{"rendered":"CI adia vota\u00e7\u00e3o de projetos sobre Itaipu e renova\u00e7\u00e3o das distribuidoras"},"content":{"rendered":"\n<p class=\"has-text-align-right\"><strong>Marisa Wanzeller, da Ag\u00eancia iNFRA<\/strong><\/p>\n\n\n\n<p>A CI (Comiss\u00e3o de Servi\u00e7os de Infraestrutura) do Senado adiou a delibera\u00e7\u00e3o de dois projetos que estavam na pauta desta ter\u00e7a-feira (11) e que impactam o setor el\u00e9trico. Houve pedido de vista do l\u00edder do PT (Partido dos Trabalhadores), senador Rog\u00e9rio Carvalho (SE), para o <a href=\"https:\/\/www25.senado.leg.br\/web\/atividade\/materias\/-\/materia\/168215\">PL (Projeto de Lei) 1.830\/2025<\/a>, que limita a tarifa de Itaipu paga pelas distribuidoras a US$ 12,00\/kW (quilowatt).<\/p>\n\n\n\n<p>J\u00e1 o <a href=\"https:\/\/www25.senado.leg.br\/web\/atividade\/materias\/-\/materia\/169063\">PDL (Projeto de Decreto Legislativo) 319\/2025<\/a>, que endurece as regras para a renova\u00e7\u00e3o das distribuidoras, foi retirado de pauta a pedido da lideran\u00e7a do governo, informou o presidente do colegiado, senador Marcos Rog\u00e9rio (PL-RO). Segundo ele, ambos os projetos retornar\u00e3o \u00e0 pauta na pr\u00f3xima reuni\u00e3o ordin\u00e1ria da comiss\u00e3o.\u00a0<\/p>\n","protected":false},"excerpt":{"rendered":"<p>Marisa Wanzeller, da Ag\u00eancia iNFRA A CI (Comiss\u00e3o de Servi\u00e7os de Infraestrutura) do Senado adiou a delibera\u00e7\u00e3o de dois projetos que estavam na pauta desta ter\u00e7a-feira (11) e que impactam o setor el\u00e9trico. Houve pedido de vista do l\u00edder do PT (Partido dos Trabalhadores), senador Rog\u00e9rio Carvalho (SE), para o PL (Projeto de Lei) 1.830\/2025, [&hellip;]<\/p>\n","protected":false},"author":1,"featured_media":31987,"comment_status":"closed","ping_status":"closed","sticky":false,"template":"","format":"standard","meta":{"_monsterinsights_skip_tracking":false,"_monsterinsights_sitenote_active":false,"_monsterinsights_sitenote_note":"","_monsterinsights_sitenote_category":0,"footnotes":""},"categories":[7250,10],"tags":[1498,7366,16862,16861,7971,13274,16863,11448],"class_list":["post-31977","post","type-post","status-publish","format-standard","has-post-thumbnail","hentry","category-destaque-lista","category-infraenergia","tag-comissao-de-infraestrutura","tag-marisa-wanzeller","tag-pdl-319-2025","tag-pl-1-830-2025","tag-renovacao-das-distribuidoras","tag-senador-marcos-rogerio","tag-senador-rogerio-carvalho","tag-tarifa-de-itaipu"],"yoast_head":"<!-- This site is optimized with the Yoast SEO Premium plugin v25.4 (Yoast SEO v26.0) - https:\/\/yoast.com\/wordpress\/plugins\/seo\/ -->\n<title>CI adia vota\u00e7\u00e3o de projetos sobre Itaipu e renova\u00e7\u00e3o das distribuidoras - Ag\u00eancia iNFRA<\/title>\n<meta name=\"robots\" content=\"index, follow, max-snippet:-1, max-image-preview:large, max-video-preview:-1\" \/>\n<link rel=\"canonical\" href=\"https:\/\/agenciainfra.com\/blog\/ci-adia-votacao-de-projetos-sobre-itaipu-e-renovacao-das-distribuidoras\/\" \/>\n<meta property=\"og:locale\" content=\"pt_BR\" \/>\n<meta property=\"og:type\" content=\"article\" \/>\n<meta property=\"og:title\" content=\"CI adia vota\u00e7\u00e3o de projetos sobre Itaipu e renova\u00e7\u00e3o das distribuidoras\" \/>\n<meta property=\"og:description\" content=\"Marisa Wanzeller, da Ag\u00eancia iNFRA A CI (Comiss\u00e3o de Servi\u00e7os de Infraestrutura) do Senado adiou a delibera\u00e7\u00e3o de dois projetos que estavam na pauta desta ter\u00e7a-feira (11) e que impactam o setor el\u00e9trico. Houve pedido de vista do l\u00edder do PT (Partido dos Trabalhadores), senador Rog\u00e9rio Carvalho (SE), para o PL (Projeto de Lei) 1.830\/2025, [&hellip;]\" \/>\n<meta property=\"og:url\" content=\"https:\/\/agenciainfra.com\/blog\/ci-adia-votacao-de-projetos-sobre-itaipu-e-renovacao-das-distribuidoras\/\" \/>\n<meta property=\"og:site_name\" content=\"Ag\u00eancia iNFRA\" \/>\n<meta property=\"article:publisher\" content=\"https:\/\/www.facebook.com\/ageninfra\" \/>\n<meta property=\"article:published_time\" content=\"2025-11-11T13:45:00+00:00\" \/>\n<meta property=\"article:modified_time\" content=\"2025-11-12T12:30:22+00:00\" \/>\n<meta property=\"og:image\" content=\"https:\/\/agenciainfra.com\/blog\/wp-content\/uploads\/2025\/11\/CI-senado-foto-carlos-moura-agencia-senado-e1762868258942.jpg\" \/>\n\t<meta property=\"og:image:width\" content=\"1280\" \/>\n\t<meta property=\"og:image:height\" content=\"764\" \/>\n\t<meta property=\"og:image:type\" content=\"image\/jpeg\" \/>\n<meta name=\"author\" content=\"Ag\u00eancia iNFRA\" \/>\n<meta name=\"twitter:card\" content=\"summary_large_image\" \/>\n<meta name=\"twitter:creator\" content=\"@agencia_infra\" \/>\n<meta name=\"twitter:site\" content=\"@agencia_infra\" \/>\n<meta name=\"twitter:label1\" content=\"Escrito por\" \/>\n\t<meta name=\"twitter:data1\" content=\"Ag\u00eancia iNFRA\" \/>\n\t<meta name=\"twitter:label2\" content=\"Est. tempo de leitura\" \/>\n\t<meta name=\"twitter:data2\" content=\"1 minuto\" \/>\n<script type=\"application\/ld+json\" class=\"yoast-schema-graph\">{\"@context\":\"https:\/\/schema.org\",\"@graph\":[{\"@type\":\"Article\",\"@id\":\"https:\/\/agenciainfra.com\/blog\/ci-adia-votacao-de-projetos-sobre-itaipu-e-renovacao-das-distribuidoras\/#article\",\"isPartOf\":{\"@id\":\"https:\/\/agenciainfra.com\/blog\/ci-adia-votacao-de-projetos-sobre-itaipu-e-renovacao-das-distribuidoras\/\"},\"author\":{\"name\":\"Ag\u00eancia iNFRA\",\"@id\":\"https:\/\/agenciainfra.com\/blog\/#\/schema\/person\/34af08dff6adea4cb22b06612ba7acfa\"},\"headline\":\"CI adia vota\u00e7\u00e3o de projetos sobre Itaipu e renova\u00e7\u00e3o das distribuidoras\",\"datePublished\":\"2025-11-11T13:45:00+00:00\",\"dateModified\":\"2025-11-12T12:30:22+00:00\",\"mainEntityOfPage\":{\"@id\":\"https:\/\/agenciainfra.com\/blog\/ci-adia-votacao-de-projetos-sobre-itaipu-e-renovacao-das-distribuidoras\/\"},\"wordCount\":143,\"publisher\":{\"@id\":\"https:\/\/agenciainfra.com\/blog\/#organization\"},\"image\":{\"@id\":\"https:\/\/agenciainfra.com\/blog\/ci-adia-votacao-de-projetos-sobre-itaipu-e-renovacao-das-distribuidoras\/#primaryimage\"},\"thumbnailUrl\":\"https:\/\/agenciainfra.com\/blog\/wp-content\/uploads\/2025\/11\/CI-senado-foto-carlos-moura-agencia-senado-e1762868258942.jpg\",\"keywords\":[\"Comiss\u00e3o de Infraestrutura\",\"Marisa Wanzeller\",\"PDL 319\/2025\",\"PL 1.830\/2025\",\"Renova\u00e7\u00e3o das distribuidoras\",\"senador marcos rog\u00e9rio\",\"senador rog\u00e9rio carvalho\",\"tarifa de itaipu\"],\"articleSection\":[\"Destaque lista\",\"iNFRAEnergia\"],\"inLanguage\":\"pt-BR\",\"copyrightYear\":\"2025\",\"copyrightHolder\":{\"@id\":\"https:\/\/agenciainfra.com\/blog\/#organization\"}},{\"@type\":\"WebPage\",\"@id\":\"https:\/\/agenciainfra.com\/blog\/ci-adia-votacao-de-projetos-sobre-itaipu-e-renovacao-das-distribuidoras\/\",\"url\":\"https:\/\/agenciainfra.com\/blog\/ci-adia-votacao-de-projetos-sobre-itaipu-e-renovacao-das-distribuidoras\/\",\"name\":\"CI adia vota\u00e7\u00e3o de projetos sobre Itaipu e renova\u00e7\u00e3o das distribuidoras - Ag\u00eancia iNFRA\",\"isPartOf\":{\"@id\":\"https:\/\/agenciainfra.com\/blog\/#website\"},\"primaryImageOfPage\":{\"@id\":\"https:\/\/agenciainfra.com\/blog\/ci-adia-votacao-de-projetos-sobre-itaipu-e-renovacao-das-distribuidoras\/#primaryimage\"},\"image\":{\"@id\":\"https:\/\/agenciainfra.com\/blog\/ci-adia-votacao-de-projetos-sobre-itaipu-e-renovacao-das-distribuidoras\/#primaryimage\"},\"thumbnailUrl\":\"https:\/\/agenciainfra.com\/blog\/wp-content\/uploads\/2025\/11\/CI-senado-foto-carlos-moura-agencia-senado-e1762868258942.jpg\",\"datePublished\":\"2025-11-11T13:45:00+00:00\",\"dateModified\":\"2025-11-12T12:30:22+00:00\",\"breadcrumb\":{\"@id\":\"https:\/\/agenciainfra.com\/blog\/ci-adia-votacao-de-projetos-sobre-itaipu-e-renovacao-das-distribuidoras\/#breadcrumb\"},\"inLanguage\":\"pt-BR\",\"potentialAction\":[{\"@type\":\"ReadAction\",\"target\":[\"https:\/\/agenciainfra.com\/blog\/ci-adia-votacao-de-projetos-sobre-itaipu-e-renovacao-das-distribuidoras\/\"]}]},{\"@type\":\"ImageObject\",\"inLanguage\":\"pt-BR\",\"@id\":\"https:\/\/agenciainfra.com\/blog\/ci-adia-votacao-de-projetos-sobre-itaipu-e-renovacao-das-distribuidoras\/#primaryimage\",\"url\":\"https:\/\/agenciainfra.com\/blog\/wp-content\/uploads\/2025\/11\/CI-senado-foto-carlos-moura-agencia-senado-e1762868258942.jpg\",\"contentUrl\":\"https:\/\/agenciainfra.com\/blog\/wp-content\/uploads\/2025\/11\/CI-senado-foto-carlos-moura-agencia-senado-e1762868258942.jpg\",\"width\":1280,\"height\":764,\"caption\":\"Foto: Carlos Moura\/Ag\u00eancia Senado\"},{\"@type\":\"BreadcrumbList\",\"@id\":\"https:\/\/agenciainfra.com\/blog\/ci-adia-votacao-de-projetos-sobre-itaipu-e-renovacao-das-distribuidoras\/#breadcrumb\",\"itemListElement\":[{\"@type\":\"ListItem\",\"position\":1,\"name\":\"In\u00edcio\",\"item\":\"https:\/\/agenciainfra.com\/blog\/\"},{\"@type\":\"ListItem\",\"position\":2,\"name\":\"CI adia vota\u00e7\u00e3o de projetos sobre Itaipu e renova\u00e7\u00e3o das distribuidoras\"}]},{\"@type\":\"WebSite\",\"@id\":\"https:\/\/agenciainfra.com\/blog\/#website\",\"url\":\"https:\/\/agenciainfra.com\/blog\/\",\"name\":\"Ag\u00eancia iNFRA\",\"description\":\"Multiplataforma de informa\u00e7\u00e3o jornal\u00edstica refer\u00eancia na \u00e1rea de infraestrutura no Brasil!\",\"publisher\":{\"@id\":\"https:\/\/agenciainfra.com\/blog\/#organization\"},\"potentialAction\":[{\"@type\":\"SearchAction\",\"target\":{\"@type\":\"EntryPoint\",\"urlTemplate\":\"https:\/\/agenciainfra.com\/blog\/?s={search_term_string}\"},\"query-input\":{\"@type\":\"PropertyValueSpecification\",\"valueRequired\":true,\"valueName\":\"search_term_string\"}}],\"inLanguage\":\"pt-BR\"},{\"@type\":\"Organization\",\"@id\":\"https:\/\/agenciainfra.com\/blog\/#organization\",\"name\":\"Ag\u00eancia iNFRA\",\"url\":\"https:\/\/agenciainfra.com\/blog\/\",\"logo\":{\"@type\":\"ImageObject\",\"inLanguage\":\"pt-BR\",\"@id\":\"https:\/\/agenciainfra.com\/blog\/#\/schema\/logo\/image\/\",\"url\":\"https:\/\/agenciainfra.com\/blog\/wp-content\/uploads\/2023\/09\/iNFRA_5-e1761735885940.png\",\"contentUrl\":\"https:\/\/agenciainfra.com\/blog\/wp-content\/uploads\/2023\/09\/iNFRA_5-e1761735885940.png\",\"width\":1672,\"height\":454,\"caption\":\"Ag\u00eancia iNFRA\"},\"image\":{\"@id\":\"https:\/\/agenciainfra.com\/blog\/#\/schema\/logo\/image\/\"},\"sameAs\":[\"https:\/\/www.facebook.com\/ageninfra\",\"https:\/\/x.com\/agencia_infra\",\"https:\/\/www.linkedin.com\/company\/ag\u00eanciainfra\/\",\"https:\/\/www.instagram.com\/agenciainfra\/\"]},{\"@type\":\"Person\",\"@id\":\"https:\/\/agenciainfra.com\/blog\/#\/schema\/person\/34af08dff6adea4cb22b06612ba7acfa\",\"name\":\"Ag\u00eancia iNFRA\",\"image\":{\"@type\":\"ImageObject\",\"inLanguage\":\"pt-BR\",\"@id\":\"https:\/\/agenciainfra.com\/blog\/#\/schema\/person\/image\/\",\"url\":\"https:\/\/secure.gravatar.com\/avatar\/d189e01678f06d8eb84d4e01f08eb848b3fffe3f8443818d3c356c66892f5be8?s=96&d=mm&r=g\",\"contentUrl\":\"https:\/\/secure.gravatar.com\/avatar\/d189e01678f06d8eb84d4e01f08eb848b3fffe3f8443818d3c356c66892f5be8?s=96&d=mm&r=g\",\"caption\":\"Ag\u00eancia iNFRA\"},\"url\":\"https:\/\/agenciainfra.com\/blog\/author\/admin\/\"}]}<\/script>\n<!-- \/ Yoast SEO Premium plugin. -->","yoast_head_json":{"title":"CI adia vota\u00e7\u00e3o de projetos sobre Itaipu e renova\u00e7\u00e3o das distribuidoras - Ag\u00eancia iNFRA","robots":{"index":"index","follow":"follow","max-snippet":"max-snippet:-1","max-image-preview":"max-image-preview:large","max-video-preview":"max-video-preview:-1"},"canonical":"https:\/\/agenciainfra.com\/blog\/ci-adia-votacao-de-projetos-sobre-itaipu-e-renovacao-das-distribuidoras\/","og_locale":"pt_BR","og_type":"article","og_title":"CI adia vota\u00e7\u00e3o de projetos sobre Itaipu e renova\u00e7\u00e3o das distribuidoras","og_description":"Marisa Wanzeller, da Ag\u00eancia iNFRA A CI (Comiss\u00e3o de Servi\u00e7os de Infraestrutura) do Senado adiou a delibera\u00e7\u00e3o de dois projetos que estavam na pauta desta ter\u00e7a-feira (11) e que impactam o setor el\u00e9trico. Houve pedido de vista do l\u00edder do PT (Partido dos Trabalhadores), senador Rog\u00e9rio Carvalho (SE), para o PL (Projeto de Lei) 1.830\/2025, [&hellip;]","og_url":"https:\/\/agenciainfra.com\/blog\/ci-adia-votacao-de-projetos-sobre-itaipu-e-renovacao-das-distribuidoras\/","og_site_name":"Ag\u00eancia iNFRA","article_publisher":"https:\/\/www.facebook.com\/ageninfra","article_published_time":"2025-11-11T13:45:00+00:00","article_modified_time":"2025-11-12T12:30:22+00:00","og_image":[{"width":1280,"height":764,"url":"https:\/\/agenciainfra.com\/blog\/wp-content\/uploads\/2025\/11\/CI-senado-foto-carlos-moura-agencia-senado-e1762868258942.jpg","type":"image\/jpeg"}],"author":"Ag\u00eancia iNFRA","twitter_card":"summary_large_image","twitter_creator":"@agencia_infra","twitter_site":"@agencia_infra","twitter_misc":{"Escrito por":"Ag\u00eancia iNFRA","Est. tempo de leitura":"1 minuto"},"schema":{"@context":"https:\/\/schema.org","@graph":[{"@type":"Article","@id":"https:\/\/agenciainfra.com\/blog\/ci-adia-votacao-de-projetos-sobre-itaipu-e-renovacao-das-distribuidoras\/#article","isPartOf":{"@id":"https:\/\/agenciainfra.com\/blog\/ci-adia-votacao-de-projetos-sobre-itaipu-e-renovacao-das-distribuidoras\/"},"author":{"name":"Ag\u00eancia iNFRA","@id":"https:\/\/agenciainfra.com\/blog\/#\/schema\/person\/34af08dff6adea4cb22b06612ba7acfa"},"headline":"CI adia vota\u00e7\u00e3o de projetos sobre Itaipu e renova\u00e7\u00e3o das distribuidoras","datePublished":"2025-11-11T13:45:00+00:00","dateModified":"2025-11-12T12:30:22+00:00","mainEntityOfPage":{"@id":"https:\/\/agenciainfra.com\/blog\/ci-adia-votacao-de-projetos-sobre-itaipu-e-renovacao-das-distribuidoras\/"},"wordCount":143,"publisher":{"@id":"https:\/\/agenciainfra.com\/blog\/#organization"},"image":{"@id":"https:\/\/agenciainfra.com\/blog\/ci-adia-votacao-de-projetos-sobre-itaipu-e-renovacao-das-distribuidoras\/#primaryimage"},"thumbnailUrl":"https:\/\/agenciainfra.com\/blog\/wp-content\/uploads\/2025\/11\/CI-senado-foto-carlos-moura-agencia-senado-e1762868258942.jpg","keywords":["Comiss\u00e3o de Infraestrutura","Marisa Wanzeller","PDL 319\/2025","PL 1.830\/2025","Renova\u00e7\u00e3o das distribuidoras","senador marcos rog\u00e9rio","senador rog\u00e9rio carvalho","tarifa de itaipu"],"articleSection":["Destaque lista","iNFRAEnergia"],"inLanguage":"pt-BR","copyrightYear":"2025","copyrightHolder":{"@id":"https:\/\/agenciainfra.com\/blog\/#organization"}},{"@type":"WebPage","@id":"https:\/\/agenciainfra.com\/blog\/ci-adia-votacao-de-projetos-sobre-itaipu-e-renovacao-das-distribuidoras\/","url":"https:\/\/agenciainfra.com\/blog\/ci-adia-votacao-de-projetos-sobre-itaipu-e-renovacao-das-distribuidoras\/","name":"CI adia vota\u00e7\u00e3o de projetos sobre Itaipu e renova\u00e7\u00e3o das distribuidoras - Ag\u00eancia iNFRA","isPartOf":{"@id":"https:\/\/agenciainfra.com\/blog\/#website"},"primaryImageOfPage":{"@id":"https:\/\/agenciainfra.com\/blog\/ci-adia-votacao-de-projetos-sobre-itaipu-e-renovacao-das-distribuidoras\/#primaryimage"},"image":{"@id":"https:\/\/agenciainfra.com\/blog\/ci-adia-votacao-de-projetos-sobre-itaipu-e-renovacao-das-distribuidoras\/#primaryimage"},"thumbnailUrl":"https:\/\/agenciainfra.com\/blog\/wp-content\/uploads\/2025\/11\/CI-senado-foto-carlos-moura-agencia-senado-e1762868258942.jpg","datePublished":"2025-11-11T13:45:00+00:00","dateModified":"2025-11-12T12:30:22+00:00","breadcrumb":{"@id":"https:\/\/agenciainfra.com\/blog\/ci-adia-votacao-de-projetos-sobre-itaipu-e-renovacao-das-distribuidoras\/#breadcrumb"},"inLanguage":"pt-BR","potentialAction":[{"@type":"ReadAction","target":["https:\/\/agenciainfra.com\/blog\/ci-adia-votacao-de-projetos-sobre-itaipu-e-renovacao-das-distribuidoras\/"]}]},{"@type":"ImageObject","inLanguage":"pt-BR","@id":"https:\/\/agenciainfra.com\/blog\/ci-adia-votacao-de-projetos-sobre-itaipu-e-renovacao-das-distribuidoras\/#primaryimage","url":"https:\/\/agenciainfra.com\/blog\/wp-content\/uploads\/2025\/11\/CI-senado-foto-carlos-moura-agencia-senado-e1762868258942.jpg","contentUrl":"https:\/\/agenciainfra.com\/blog\/wp-content\/uploads\/2025\/11\/CI-senado-foto-carlos-moura-agencia-senado-e1762868258942.jpg","width":1280,"height":764,"caption":"Foto: Carlos Moura\/Ag\u00eancia Senado"},{"@type":"BreadcrumbList","@id":"https:\/\/agenciainfra.com\/blog\/ci-adia-votacao-de-projetos-sobre-itaipu-e-renovacao-das-distribuidoras\/#breadcrumb","itemListElement":[{"@type":"ListItem","position":1,"name":"In\u00edcio","item":"https:\/\/agenciainfra.com\/blog\/"},{"@type":"ListItem","position":2,"name":"CI adia vota\u00e7\u00e3o de projetos sobre Itaipu e renova\u00e7\u00e3o das distribuidoras"}]},{"@type":"WebSite","@id":"https:\/\/agenciainfra.com\/blog\/#website","url":"https:\/\/agenciainfra.com\/blog\/","name":"Ag\u00eancia iNFRA","description":"Multiplataforma de informa\u00e7\u00e3o jornal\u00edstica refer\u00eancia na \u00e1rea de infraestrutura no Brasil!","publisher":{"@id":"https:\/\/agenciainfra.com\/blog\/#organization"},"potentialAction":[{"@type":"SearchAction","target":{"@type":"EntryPoint","urlTemplate":"https:\/\/agenciainfra.com\/blog\/?s={search_term_string}"},"query-input":{"@type":"PropertyValueSpecification","valueRequired":true,"valueName":"search_term_string"}}],"inLanguage":"pt-BR"},{"@type":"Organization","@id":"https:\/\/agenciainfra.com\/blog\/#organization","name":"Ag\u00eancia iNFRA","url":"https:\/\/agenciainfra.com\/blog\/","logo":{"@type":"ImageObject","inLanguage":"pt-BR","@id":"https:\/\/agenciainfra.com\/blog\/#\/schema\/logo\/image\/","url":"https:\/\/agenciainfra.com\/blog\/wp-content\/uploads\/2023\/09\/iNFRA_5-e1761735885940.png","contentUrl":"https:\/\/agenciainfra.com\/blog\/wp-content\/uploads\/2023\/09\/iNFRA_5-e1761735885940.png","width":1672,"height":454,"caption":"Ag\u00eancia iNFRA"},"image":{"@id":"https:\/\/agenciainfra.com\/blog\/#\/schema\/logo\/image\/"},"sameAs":["https:\/\/www.facebook.com\/ageninfra","https:\/\/x.com\/agencia_infra","https:\/\/www.linkedin.com\/company\/ag\u00eanciainfra\/","https:\/\/www.instagram.com\/agenciainfra\/"]},{"@type":"Person","@id":"https:\/\/agenciainfra.com\/blog\/#\/schema\/person\/34af08dff6adea4cb22b06612ba7acfa","name":"Ag\u00eancia iNFRA","image":{"@type":"ImageObject","inLanguage":"pt-BR","@id":"https:\/\/agenciainfra.com\/blog\/#\/schema\/person\/image\/","url":"https:\/\/secure.gravatar.com\/avatar\/d189e01678f06d8eb84d4e01f08eb848b3fffe3f8443818d3c356c66892f5be8?s=96&d=mm&r=g","contentUrl":"https:\/\/secure.gravatar.com\/avatar\/d189e01678f06d8eb84d4e01f08eb848b3fffe3f8443818d3c356c66892f5be8?s=96&d=mm&r=g","caption":"Ag\u00eancia iNFRA"},"url":"https:\/\/agenciainfra.com\/blog\/author\/admin\/"}]}},"_links":{"self":[{"href":"https:\/\/agenciainfra.com\/blog\/wp-json\/wp\/v2\/posts\/31977","targetHints":{"allow":["GET"]}}],"collection":[{"href":"https:\/\/agenciainfra.com\/blog\/wp-json\/wp\/v2\/posts"}],"about":[{"href":"https:\/\/agenciainfra.com\/blog\/wp-json\/wp\/v2\/types\/post"}],"author":[{"embeddable":true,"href":"https:\/\/agenciainfra.com\/blog\/wp-json\/wp\/v2\/users\/1"}],"replies":[{"embeddable":true,"href":"https:\/\/agenciainfra.com\/blog\/wp-json\/wp\/v2\/comments?post=31977"}],"version-history":[{"count":1,"href":"https:\/\/agenciainfra.com\/blog\/wp-json\/wp\/v2\/posts\/31977\/revisions"}],"predecessor-version":[{"id":31989,"href":"https:\/\/agenciainfra.com\/blog\/wp-json\/wp\/v2\/posts\/31977\/revisions\/31989"}],"wp:featuredmedia":[{"embeddable":true,"href":"https:\/\/agenciainfra.com\/blog\/wp-json\/wp\/v2\/media\/31987"}],"wp:attachment":[{"href":"https:\/\/agenciainfra.com\/blog\/wp-json\/wp\/v2\/media?parent=31977"}],"wp:term":[{"taxonomy":"category","embeddable":true,"href":"https:\/\/agenciainfra.com\/blog\/wp-json\/wp\/v2\/categories?post=31977"},{"taxonomy":"post_tag","embeddable":true,"href":"https:\/\/agenciainfra.com\/blog\/wp-json\/wp\/v2\/tags?post=31977"}],"curies":[{"name":"wp","href":"https:\/\/api.w.org\/{rel}","templated":true}]}}