{"id":3204,"date":"2019-05-23T08:00:34","date_gmt":"2019-05-23T11:00:34","guid":{"rendered":"http:\/\/www.agenciainfra.com\/blog\/?p=3204"},"modified":"2019-05-20T19:16:00","modified_gmt":"2019-05-20T22:16:00","slug":"antaq-pede-mais-detalhes-a-gt-que-analisou-afretamento-de-embarcacoes-estrangeiras","status":"publish","type":"post","link":"https:\/\/agenciainfra.com\/blog\/antaq-pede-mais-detalhes-a-gt-que-analisou-afretamento-de-embarcacoes-estrangeiras\/","title":{"rendered":"ANTAQ pede mais detalhes a GT que analisou afretamento de embarca\u00e7\u00f5es estrangeiras"},"content":{"rendered":"<h5 style=\"text-align: right;\"><strong>Bernardo Gonzaga, da Ag\u00eancia iNFRA<\/strong><\/h5>\n<div>\n<p>A ANTAQ (Ag\u00eancia Nacional de Transportes Aquavi\u00e1rios) pediu mais detalhes ao grupo de trabalho\u00a0da ag\u00eancia que realizou estudo sobre o artigo 5\u00ba da resolu\u00e7\u00e3o normativa 1\/2015, que trata do afretamento de embarca\u00e7\u00f5es estrangeiras em navega\u00e7\u00e3o de cabotagem que dependem\u00a0de autoriza\u00e7\u00e3o da ANTAQ nos portos brasileiros.<\/p>\n<p>Em reuni\u00e3o de diretoria colegiada no dia 16, o relator do processo, Francisval Mendes, pediu mais esclarecimentos nos seguintes pontos:<\/p>\n<p>&#8211; a limita\u00e7\u00e3o de tonelagem causa ou tem potencial de causar concentra\u00e7\u00e3o de mercado na cabotagem de hidrocarbonetos e biocombust\u00edveis?<\/p>\n<p>&#8211; o aumento da participa\u00e7\u00e3o da frota nacional, na correla\u00e7\u00e3o de todas as cargas transportadas por cabotagem, gerou maiores investimentos na ind\u00fastria naval do pa\u00eds?<\/p>\n<p>&#8211; o grupo de trabalho avalia que a defesa da frota nacional necessita ter mais prote\u00e7\u00e3o normativa do que j\u00e1 contida na lei?<\/p>\n<p>&#8211; existe modelo aplic\u00e1vel dentro do universo de compet\u00eancia da ANTAQ que possa evitar as chamadas EBNs (Empresas Brasileiras de Navega\u00e7\u00e3o) de papel, que s\u00e3o aquelas empresas sem frotas pr\u00f3prias que vivem como intermedi\u00e1rias no mercado apenas afretando embarca\u00e7\u00f5es e n\u00e3o investindo na constru\u00e7\u00e3o de frota pr\u00f3pria?<\/p>\n<p>O relator deu um prazo de 60 dias para que o grupo de trabalho avalie os questionamentos e encaminhe para a diretoria os esclarecimentos para uma nova vota\u00e7\u00e3o do colegiado. O conte\u00fado do parecer t\u00e9cnico n\u00e3o foi proferido em plen\u00e1rio.<\/p>\n<p><strong>Reajuste<\/strong><br \/>\nOs diretores tamb\u00e9m aprovaram, na mesma reuni\u00e3o, um ajuste linear m\u00e1ximo na tarifa do porto de Fortaleza (CE), de 5,64%. O diretor-geral da ag\u00eancia, Mario Povia, aprovou a revis\u00e3o dos EVTEA (Estudos de Viabilidade T\u00e9cnica, Econ\u00f4mica e Ambiental) da empresa NST no porto de Santos (SP) com VPL (Valor Presente L\u00edquido) negativo de R$ 37,5 milh\u00f5es, mas o processo foi a vista do diretor Adalberto Tokarski.<\/p>\n<p>Em outro processo, a ag\u00eancia aprovou a inclus\u00e3o na agenda regulat\u00f3ria, no bi\u00eanio 2020-2021, da realiza\u00e7\u00e3o de estudos entre acordos de EBNs na cabotagem. Segundo a \u00e1rea t\u00e9cnica, o motivo \u00e9 que esse tipo de navega\u00e7\u00e3o \u00e9 servido por apenas tr\u00eas empresas no Brasil, sendo que duas delas operam conjuntamente por meio da troca de espa\u00e7o em embarca\u00e7\u00f5es.<\/p>\n<p><strong>Investimentos em terminais<\/strong><br \/>\nNo dia 14, a ag\u00eancia promoveu a sess\u00e3o presencial da Audi\u00eancia P\u00fablica 03\/2019,\u00a0sobre proposta de norma de ocupa\u00e7\u00e3o de \u00e1reas portu\u00e1rias. Cassio Louren\u00e7o, advogado que representa a coaliza\u00e7\u00e3o de associa\u00e7\u00f5es do setor, afirmou que essas entidades v\u00e3o apresentar formalmente 35 sugest\u00f5es de modifica\u00e7\u00e3o na norma.<\/p>\n<p>Em tr\u00eas pontos \u2013 amplia\u00e7\u00e3o de prazo de concess\u00e3o, investimentos e regula\u00e7\u00e3o n\u00edvel servi\u00e7o \u2013 o advogado fez as pondera\u00e7\u00f5es publicamente, apontando para incoer\u00eancias presentes na minuta do normativo. O diretor-geral da ag\u00eancia, M\u00e1rio Povia, afirmou que as contribui\u00e7\u00f5es ser\u00e3o analisadas, apresentando concord\u00e2ncia parcial com as pondera\u00e7\u00f5es apresentadas.<\/p>\n<p>No caso dos investimentos n\u00e3o autorizados, Louren\u00e7o defende que n\u00e3o haja puni\u00e7\u00e3o \u00e0s empresas que fizerem as obras por conta e risco antes da autoriza\u00e7\u00e3o da ag\u00eancia. Mas Povia ponderou que, para determinadas obras e antes de algumas etapas, \u00e9 necess\u00e1ria a previs\u00e3o de alguma puni\u00e7\u00e3o para evitar algo que v\u00e1\u00a0contra o interesse do p\u00fablico nos terminais.<\/p>\n<\/div>\n","protected":false},"excerpt":{"rendered":"<p>Bernardo Gonzaga, da Ag\u00eancia iNFRA A ANTAQ (Ag\u00eancia Nacional de Transportes Aquavi\u00e1rios) pediu mais detalhes ao grupo de trabalho\u00a0da ag\u00eancia que realizou estudo sobre o artigo 5\u00ba da resolu\u00e7\u00e3o normativa 1\/2015, que trata do afretamento de embarca\u00e7\u00f5es estrangeiras em navega\u00e7\u00e3o de cabotagem que dependem\u00a0de autoriza\u00e7\u00e3o da ANTAQ nos portos brasileiros. Em reuni\u00e3o de diretoria colegiada [&hellip;]<\/p>\n","protected":false},"author":9,"featured_media":0,"comment_status":"closed","ping_status":"open","sticky":false,"template":"","format":"standard","meta":{"_monsterinsights_skip_tracking":false,"_monsterinsights_sitenote_active":false,"_monsterinsights_sitenote_note":"","_monsterinsights_sitenote_category":0,"footnotes":""},"categories":[7],"tags":[815,86,407,1008,925],"class_list":["post-3204","post","type-post","status-publish","format-standard","hentry","category-infratransporte","tag-afretamento","tag-antaq","tag-cabotagem","tag-embarcacoes-estrangeiras","tag-francisval-mendes"],"yoast_head":"<!-- This site is optimized with the Yoast SEO Premium plugin v25.4 (Yoast SEO v26.0) - https:\/\/yoast.com\/wordpress\/plugins\/seo\/ -->\n<title>ANTAQ pede mais detalhes a GT que analisou afretamento de embarca\u00e7\u00f5es estrangeiras - Ag\u00eancia iNFRA<\/title>\n<meta name=\"robots\" content=\"index, follow, max-snippet:-1, max-image-preview:large, max-video-preview:-1\" \/>\n<link rel=\"canonical\" href=\"https:\/\/agenciainfra.com\/blog\/antaq-pede-mais-detalhes-a-gt-que-analisou-afretamento-de-embarcacoes-estrangeiras\/\" \/>\n<meta property=\"og:locale\" content=\"pt_BR\" \/>\n<meta property=\"og:type\" content=\"article\" \/>\n<meta property=\"og:title\" content=\"ANTAQ pede mais detalhes a GT que analisou afretamento de embarca\u00e7\u00f5es estrangeiras\" \/>\n<meta property=\"og:description\" content=\"Bernardo Gonzaga, da Ag\u00eancia iNFRA A ANTAQ (Ag\u00eancia Nacional de Transportes Aquavi\u00e1rios) pediu mais detalhes ao grupo de trabalho\u00a0da ag\u00eancia que realizou estudo sobre o artigo 5\u00ba da resolu\u00e7\u00e3o normativa 1\/2015, que trata do afretamento de embarca\u00e7\u00f5es estrangeiras em navega\u00e7\u00e3o de cabotagem que dependem\u00a0de autoriza\u00e7\u00e3o da ANTAQ nos portos brasileiros. Em reuni\u00e3o de diretoria colegiada [&hellip;]\" \/>\n<meta property=\"og:url\" content=\"https:\/\/agenciainfra.com\/blog\/antaq-pede-mais-detalhes-a-gt-que-analisou-afretamento-de-embarcacoes-estrangeiras\/\" \/>\n<meta property=\"og:site_name\" content=\"Ag\u00eancia iNFRA\" \/>\n<meta property=\"article:publisher\" content=\"https:\/\/www.facebook.com\/ageninfra\" \/>\n<meta property=\"article:published_time\" content=\"2019-05-23T11:00:34+00:00\" \/>\n<meta property=\"og:image\" content=\"https:\/\/agenciainfra.com\/blog\/wp-content\/uploads\/2019\/05\/ANTAQ-foto-CCS-ARI-ANTAQ.jpg\" \/>\n\t<meta property=\"og:image:width\" content=\"678\" \/>\n\t<meta property=\"og:image:height\" content=\"509\" \/>\n\t<meta property=\"og:image:type\" content=\"image\/jpeg\" \/>\n<meta name=\"author\" content=\"Rodrigo Zuquim\" \/>\n<meta name=\"twitter:card\" content=\"summary_large_image\" \/>\n<meta name=\"twitter:creator\" content=\"@agencia_infra\" \/>\n<meta name=\"twitter:site\" content=\"@agencia_infra\" \/>\n<meta name=\"twitter:label1\" content=\"Escrito por\" \/>\n\t<meta name=\"twitter:data1\" content=\"Rodrigo Zuquim\" \/>\n\t<meta name=\"twitter:label2\" content=\"Est. tempo de leitura\" \/>\n\t<meta name=\"twitter:data2\" content=\"3 minutos\" \/>\n<script type=\"application\/ld+json\" class=\"yoast-schema-graph\">{\"@context\":\"https:\/\/schema.org\",\"@graph\":[{\"@type\":\"Article\",\"@id\":\"https:\/\/agenciainfra.com\/blog\/antaq-pede-mais-detalhes-a-gt-que-analisou-afretamento-de-embarcacoes-estrangeiras\/#article\",\"isPartOf\":{\"@id\":\"https:\/\/agenciainfra.com\/blog\/antaq-pede-mais-detalhes-a-gt-que-analisou-afretamento-de-embarcacoes-estrangeiras\/\"},\"author\":{\"name\":\"Rodrigo Zuquim\",\"@id\":\"https:\/\/agenciainfra.com\/blog\/#\/schema\/person\/04dbb79bd6d8951f063da71f3e4c1eb1\"},\"headline\":\"ANTAQ pede mais detalhes a GT que analisou afretamento de embarca\u00e7\u00f5es estrangeiras\",\"datePublished\":\"2019-05-23T11:00:34+00:00\",\"mainEntityOfPage\":{\"@id\":\"https:\/\/agenciainfra.com\/blog\/antaq-pede-mais-detalhes-a-gt-que-analisou-afretamento-de-embarcacoes-estrangeiras\/\"},\"wordCount\":593,\"publisher\":{\"@id\":\"https:\/\/agenciainfra.com\/blog\/#organization\"},\"keywords\":[\"afretamento\",\"ANTAQ\",\"cabotagem\",\"embarca\u00e7\u00f5es estrangeiras\",\"Francisval Mendes\"],\"articleSection\":[\"iNFRATransporte\"],\"inLanguage\":\"pt-BR\",\"copyrightYear\":\"2019\",\"copyrightHolder\":{\"@id\":\"https:\/\/agenciainfra.com\/blog\/#organization\"}},{\"@type\":\"WebPage\",\"@id\":\"https:\/\/agenciainfra.com\/blog\/antaq-pede-mais-detalhes-a-gt-que-analisou-afretamento-de-embarcacoes-estrangeiras\/\",\"url\":\"https:\/\/agenciainfra.com\/blog\/antaq-pede-mais-detalhes-a-gt-que-analisou-afretamento-de-embarcacoes-estrangeiras\/\",\"name\":\"ANTAQ pede mais detalhes a GT que analisou afretamento de embarca\u00e7\u00f5es estrangeiras - Ag\u00eancia iNFRA\",\"isPartOf\":{\"@id\":\"https:\/\/agenciainfra.com\/blog\/#website\"},\"datePublished\":\"2019-05-23T11:00:34+00:00\",\"breadcrumb\":{\"@id\":\"https:\/\/agenciainfra.com\/blog\/antaq-pede-mais-detalhes-a-gt-que-analisou-afretamento-de-embarcacoes-estrangeiras\/#breadcrumb\"},\"inLanguage\":\"pt-BR\",\"potentialAction\":[{\"@type\":\"ReadAction\",\"target\":[\"https:\/\/agenciainfra.com\/blog\/antaq-pede-mais-detalhes-a-gt-que-analisou-afretamento-de-embarcacoes-estrangeiras\/\"]}]},{\"@type\":\"BreadcrumbList\",\"@id\":\"https:\/\/agenciainfra.com\/blog\/antaq-pede-mais-detalhes-a-gt-que-analisou-afretamento-de-embarcacoes-estrangeiras\/#breadcrumb\",\"itemListElement\":[{\"@type\":\"ListItem\",\"position\":1,\"name\":\"In\u00edcio\",\"item\":\"https:\/\/agenciainfra.com\/blog\/\"},{\"@type\":\"ListItem\",\"position\":2,\"name\":\"ANTAQ pede mais detalhes a GT que analisou afretamento de embarca\u00e7\u00f5es estrangeiras\"}]},{\"@type\":\"WebSite\",\"@id\":\"https:\/\/agenciainfra.com\/blog\/#website\",\"url\":\"https:\/\/agenciainfra.com\/blog\/\",\"name\":\"Ag\u00eancia iNFRA\",\"description\":\"Multiplataforma de informa\u00e7\u00e3o jornal\u00edstica refer\u00eancia na \u00e1rea de infraestrutura no Brasil!\",\"publisher\":{\"@id\":\"https:\/\/agenciainfra.com\/blog\/#organization\"},\"potentialAction\":[{\"@type\":\"SearchAction\",\"target\":{\"@type\":\"EntryPoint\",\"urlTemplate\":\"https:\/\/agenciainfra.com\/blog\/?s={search_term_string}\"},\"query-input\":{\"@type\":\"PropertyValueSpecification\",\"valueRequired\":true,\"valueName\":\"search_term_string\"}}],\"inLanguage\":\"pt-BR\"},{\"@type\":\"Organization\",\"@id\":\"https:\/\/agenciainfra.com\/blog\/#organization\",\"name\":\"Ag\u00eancia iNFRA\",\"url\":\"https:\/\/agenciainfra.com\/blog\/\",\"logo\":{\"@type\":\"ImageObject\",\"inLanguage\":\"pt-BR\",\"@id\":\"https:\/\/agenciainfra.com\/blog\/#\/schema\/logo\/image\/\",\"url\":\"https:\/\/agenciainfra.com\/blog\/wp-content\/uploads\/2023\/09\/iNFRA_5-e1761735885940.png\",\"contentUrl\":\"https:\/\/agenciainfra.com\/blog\/wp-content\/uploads\/2023\/09\/iNFRA_5-e1761735885940.png\",\"width\":1672,\"height\":454,\"caption\":\"Ag\u00eancia iNFRA\"},\"image\":{\"@id\":\"https:\/\/agenciainfra.com\/blog\/#\/schema\/logo\/image\/\"},\"sameAs\":[\"https:\/\/www.facebook.com\/ageninfra\",\"https:\/\/x.com\/agencia_infra\",\"https:\/\/www.linkedin.com\/company\/ag\u00eanciainfra\/\",\"https:\/\/www.instagram.com\/agenciainfra\/\"]},{\"@type\":\"Person\",\"@id\":\"https:\/\/agenciainfra.com\/blog\/#\/schema\/person\/04dbb79bd6d8951f063da71f3e4c1eb1\",\"name\":\"Rodrigo Zuquim\",\"image\":{\"@type\":\"ImageObject\",\"inLanguage\":\"pt-BR\",\"@id\":\"https:\/\/agenciainfra.com\/blog\/#\/schema\/person\/image\/\",\"url\":\"https:\/\/secure.gravatar.com\/avatar\/594abfe82761d620726242ff34ca472a705a4b97f16c790053a6b4c4035274d0?s=96&d=mm&r=g\",\"contentUrl\":\"https:\/\/secure.gravatar.com\/avatar\/594abfe82761d620726242ff34ca472a705a4b97f16c790053a6b4c4035274d0?s=96&d=mm&r=g\",\"caption\":\"Rodrigo Zuquim\"},\"url\":\"https:\/\/agenciainfra.com\/blog\/author\/rodrigo-zuquim\/\"}]}<\/script>\n<!-- \/ Yoast SEO Premium plugin. -->","yoast_head_json":{"title":"ANTAQ pede mais detalhes a GT que analisou afretamento de embarca\u00e7\u00f5es estrangeiras - Ag\u00eancia iNFRA","robots":{"index":"index","follow":"follow","max-snippet":"max-snippet:-1","max-image-preview":"max-image-preview:large","max-video-preview":"max-video-preview:-1"},"canonical":"https:\/\/agenciainfra.com\/blog\/antaq-pede-mais-detalhes-a-gt-que-analisou-afretamento-de-embarcacoes-estrangeiras\/","og_locale":"pt_BR","og_type":"article","og_title":"ANTAQ pede mais detalhes a GT que analisou afretamento de embarca\u00e7\u00f5es estrangeiras","og_description":"Bernardo Gonzaga, da Ag\u00eancia iNFRA A ANTAQ (Ag\u00eancia Nacional de Transportes Aquavi\u00e1rios) pediu mais detalhes ao grupo de trabalho\u00a0da ag\u00eancia que realizou estudo sobre o artigo 5\u00ba da resolu\u00e7\u00e3o normativa 1\/2015, que trata do afretamento de embarca\u00e7\u00f5es estrangeiras em navega\u00e7\u00e3o de cabotagem que dependem\u00a0de autoriza\u00e7\u00e3o da ANTAQ nos portos brasileiros. Em reuni\u00e3o de diretoria colegiada [&hellip;]","og_url":"https:\/\/agenciainfra.com\/blog\/antaq-pede-mais-detalhes-a-gt-que-analisou-afretamento-de-embarcacoes-estrangeiras\/","og_site_name":"Ag\u00eancia iNFRA","article_publisher":"https:\/\/www.facebook.com\/ageninfra","article_published_time":"2019-05-23T11:00:34+00:00","og_image":[{"width":678,"height":509,"url":"https:\/\/agenciainfra.com\/blog\/wp-content\/uploads\/2019\/05\/ANTAQ-foto-CCS-ARI-ANTAQ.jpg","type":"image\/jpeg"}],"author":"Rodrigo Zuquim","twitter_card":"summary_large_image","twitter_creator":"@agencia_infra","twitter_site":"@agencia_infra","twitter_misc":{"Escrito por":"Rodrigo Zuquim","Est. tempo de leitura":"3 minutos"},"schema":{"@context":"https:\/\/schema.org","@graph":[{"@type":"Article","@id":"https:\/\/agenciainfra.com\/blog\/antaq-pede-mais-detalhes-a-gt-que-analisou-afretamento-de-embarcacoes-estrangeiras\/#article","isPartOf":{"@id":"https:\/\/agenciainfra.com\/blog\/antaq-pede-mais-detalhes-a-gt-que-analisou-afretamento-de-embarcacoes-estrangeiras\/"},"author":{"name":"Rodrigo Zuquim","@id":"https:\/\/agenciainfra.com\/blog\/#\/schema\/person\/04dbb79bd6d8951f063da71f3e4c1eb1"},"headline":"ANTAQ pede mais detalhes a GT que analisou afretamento de embarca\u00e7\u00f5es estrangeiras","datePublished":"2019-05-23T11:00:34+00:00","mainEntityOfPage":{"@id":"https:\/\/agenciainfra.com\/blog\/antaq-pede-mais-detalhes-a-gt-que-analisou-afretamento-de-embarcacoes-estrangeiras\/"},"wordCount":593,"publisher":{"@id":"https:\/\/agenciainfra.com\/blog\/#organization"},"keywords":["afretamento","ANTAQ","cabotagem","embarca\u00e7\u00f5es estrangeiras","Francisval Mendes"],"articleSection":["iNFRATransporte"],"inLanguage":"pt-BR","copyrightYear":"2019","copyrightHolder":{"@id":"https:\/\/agenciainfra.com\/blog\/#organization"}},{"@type":"WebPage","@id":"https:\/\/agenciainfra.com\/blog\/antaq-pede-mais-detalhes-a-gt-que-analisou-afretamento-de-embarcacoes-estrangeiras\/","url":"https:\/\/agenciainfra.com\/blog\/antaq-pede-mais-detalhes-a-gt-que-analisou-afretamento-de-embarcacoes-estrangeiras\/","name":"ANTAQ pede mais detalhes a GT que analisou afretamento de embarca\u00e7\u00f5es estrangeiras - Ag\u00eancia iNFRA","isPartOf":{"@id":"https:\/\/agenciainfra.com\/blog\/#website"},"datePublished":"2019-05-23T11:00:34+00:00","breadcrumb":{"@id":"https:\/\/agenciainfra.com\/blog\/antaq-pede-mais-detalhes-a-gt-que-analisou-afretamento-de-embarcacoes-estrangeiras\/#breadcrumb"},"inLanguage":"pt-BR","potentialAction":[{"@type":"ReadAction","target":["https:\/\/agenciainfra.com\/blog\/antaq-pede-mais-detalhes-a-gt-que-analisou-afretamento-de-embarcacoes-estrangeiras\/"]}]},{"@type":"BreadcrumbList","@id":"https:\/\/agenciainfra.com\/blog\/antaq-pede-mais-detalhes-a-gt-que-analisou-afretamento-de-embarcacoes-estrangeiras\/#breadcrumb","itemListElement":[{"@type":"ListItem","position":1,"name":"In\u00edcio","item":"https:\/\/agenciainfra.com\/blog\/"},{"@type":"ListItem","position":2,"name":"ANTAQ pede mais detalhes a GT que analisou afretamento de embarca\u00e7\u00f5es estrangeiras"}]},{"@type":"WebSite","@id":"https:\/\/agenciainfra.com\/blog\/#website","url":"https:\/\/agenciainfra.com\/blog\/","name":"Ag\u00eancia iNFRA","description":"Multiplataforma de informa\u00e7\u00e3o jornal\u00edstica refer\u00eancia na \u00e1rea de infraestrutura no Brasil!","publisher":{"@id":"https:\/\/agenciainfra.com\/blog\/#organization"},"potentialAction":[{"@type":"SearchAction","target":{"@type":"EntryPoint","urlTemplate":"https:\/\/agenciainfra.com\/blog\/?s={search_term_string}"},"query-input":{"@type":"PropertyValueSpecification","valueRequired":true,"valueName":"search_term_string"}}],"inLanguage":"pt-BR"},{"@type":"Organization","@id":"https:\/\/agenciainfra.com\/blog\/#organization","name":"Ag\u00eancia iNFRA","url":"https:\/\/agenciainfra.com\/blog\/","logo":{"@type":"ImageObject","inLanguage":"pt-BR","@id":"https:\/\/agenciainfra.com\/blog\/#\/schema\/logo\/image\/","url":"https:\/\/agenciainfra.com\/blog\/wp-content\/uploads\/2023\/09\/iNFRA_5-e1761735885940.png","contentUrl":"https:\/\/agenciainfra.com\/blog\/wp-content\/uploads\/2023\/09\/iNFRA_5-e1761735885940.png","width":1672,"height":454,"caption":"Ag\u00eancia iNFRA"},"image":{"@id":"https:\/\/agenciainfra.com\/blog\/#\/schema\/logo\/image\/"},"sameAs":["https:\/\/www.facebook.com\/ageninfra","https:\/\/x.com\/agencia_infra","https:\/\/www.linkedin.com\/company\/ag\u00eanciainfra\/","https:\/\/www.instagram.com\/agenciainfra\/"]},{"@type":"Person","@id":"https:\/\/agenciainfra.com\/blog\/#\/schema\/person\/04dbb79bd6d8951f063da71f3e4c1eb1","name":"Rodrigo Zuquim","image":{"@type":"ImageObject","inLanguage":"pt-BR","@id":"https:\/\/agenciainfra.com\/blog\/#\/schema\/person\/image\/","url":"https:\/\/secure.gravatar.com\/avatar\/594abfe82761d620726242ff34ca472a705a4b97f16c790053a6b4c4035274d0?s=96&d=mm&r=g","contentUrl":"https:\/\/secure.gravatar.com\/avatar\/594abfe82761d620726242ff34ca472a705a4b97f16c790053a6b4c4035274d0?s=96&d=mm&r=g","caption":"Rodrigo Zuquim"},"url":"https:\/\/agenciainfra.com\/blog\/author\/rodrigo-zuquim\/"}]}},"_links":{"self":[{"href":"https:\/\/agenciainfra.com\/blog\/wp-json\/wp\/v2\/posts\/3204","targetHints":{"allow":["GET"]}}],"collection":[{"href":"https:\/\/agenciainfra.com\/blog\/wp-json\/wp\/v2\/posts"}],"about":[{"href":"https:\/\/agenciainfra.com\/blog\/wp-json\/wp\/v2\/types\/post"}],"author":[{"embeddable":true,"href":"https:\/\/agenciainfra.com\/blog\/wp-json\/wp\/v2\/users\/9"}],"replies":[{"embeddable":true,"href":"https:\/\/agenciainfra.com\/blog\/wp-json\/wp\/v2\/comments?post=3204"}],"version-history":[{"count":0,"href":"https:\/\/agenciainfra.com\/blog\/wp-json\/wp\/v2\/posts\/3204\/revisions"}],"wp:attachment":[{"href":"https:\/\/agenciainfra.com\/blog\/wp-json\/wp\/v2\/media?parent=3204"}],"wp:term":[{"taxonomy":"category","embeddable":true,"href":"https:\/\/agenciainfra.com\/blog\/wp-json\/wp\/v2\/categories?post=3204"},{"taxonomy":"post_tag","embeddable":true,"href":"https:\/\/agenciainfra.com\/blog\/wp-json\/wp\/v2\/tags?post=3204"}],"curies":[{"name":"wp","href":"https:\/\/api.w.org\/{rel}","templated":true}]}}