{"id":3208,"date":"2019-05-24T08:00:35","date_gmt":"2019-05-24T11:00:35","guid":{"rendered":"http:\/\/www.agenciainfra.com\/blog\/?p=3208"},"modified":"2019-05-23T14:06:29","modified_gmt":"2019-05-23T17:06:29","slug":"deputado-diz-que-tentativa-de-criacao-do-brasduto-trava-o-setor-eletrico-no-congresso","status":"publish","type":"post","link":"https:\/\/agenciainfra.com\/blog\/deputado-diz-que-tentativa-de-criacao-do-brasduto-trava-o-setor-eletrico-no-congresso\/","title":{"rendered":"Deputado diz que tentativa de cria\u00e7\u00e3o do Brasduto trava o setor el\u00e9trico no Congresso"},"content":{"rendered":"<h5 style=\"text-align: right;\"><strong>Lucas Santin e Andrea Shad, da Ag\u00eancia iNFRA<\/strong><\/h5>\n<p>O deputado Joaquim Passarinho (PSD-PA) disse na quarta-feira (22), ap\u00f3s audi\u00eancia p\u00fablica sobre o mercado de g\u00e1s na CME (Comiss\u00e3o de Minas e Energia), que \u00e9 contra o Brasduto, fundo para a constru\u00e7\u00e3o de gasodutos no Brasil com recursos do pr\u00e9-sal. \u201cEu sou contra ele em qualquer lugar\u201d, disse.<\/p>\n<p>Pol\u00eamico, o Brasduto estaria emperrando a tramita\u00e7\u00e3o de outro projeto priorit\u00e1rio do setor el\u00e9trico: o PL 10.985, que prop\u00f5e uma solu\u00e7\u00e3o para a d\u00edvida de R$ 7 bilh\u00f5es das hidrel\u00e9tricas por conta de falta de \u00e1gua nos reservat\u00f3rios (GSF, sigla em ingl\u00eas para o risco hidrol\u00f3gico).<\/p>\n<p>O parlamentar defendeu que o dinheiro p\u00fablico n\u00e3o deve ser usado para esse tipo de projeto: \u201cEu sou contra o dinheiro p\u00fablico financiar a iniciativa privada. Ou, ent\u00e3o, que venha dinheiro p\u00fablico atrav\u00e9s do BNDES, linha de cr\u00e9dito. Mas pegar o recurso do pr\u00e9-sal, que vai ser colocado como fundo social, e 20% de todo o total fazer algo que vai ajudar a iniciativa privada a ganhar dinheiro? E se passar do lucro dela, ela vai pagar o estado?\u201d, completou Passarinho.<\/p>\n<p>A discuss\u00e3o sobre a constru\u00e7\u00e3o de dutos j\u00e1 ocorre desde o ano passado. Outro argumento usado pelo deputado contra o fundo \u00e9 o fato de ter sido inclu\u00eddo em diferentes mat\u00e9rias, que ele considera suspeito. \u201cNa tentativa do passado, final do ano, metade dos deputados n\u00e3o se elegeram, as pessoas prestando pouca aten\u00e7\u00e3o, se tentou em quatro lugares, dois projetos e duas MPs, colocar isso. Quer dizer, isso chama aten\u00e7\u00e3o. Algu\u00e9m est\u00e1 ganhando muito com isso.\u201d<\/p>\n<p><strong>Abrace: \u201cQuest\u00e3o acess\u00f3ria\u201d<\/strong><br \/>\nO presidente da Abrace (Associa\u00e7\u00e3o Brasileira de Grandes Consumidores Industriais de Energia e Consumidores Livres), Paulo Pedrosa, defende a abertura do mercado de g\u00e1s natural e disse que a associa\u00e7\u00e3o est\u00e1 dialogando com o MME (Minist\u00e9rio de Minas e Energia) no Novo Mercado de G\u00e1s.<\/p>\n<p>Pedrosa comentou o modelo do Brasduto, que chamou de \u201cquest\u00e3o acess\u00f3ria\u201d. Lembrou-se que na audi\u00eancia foi defendido que bons projetos n\u00e3o precisam de subs\u00eddios. \u201cAinda mais num cen\u00e1rio de conten\u00e7\u00e3o fiscal como esse, \u00e9 dif\u00edcil voc\u00ea querer recursos p\u00fablicos para a constru\u00e7\u00e3o de gasodutos\u201d, disse, mas lembrou que a quest\u00e3o diz respeito aos poderes Executivo e Legislativo.<\/p>\n<p><strong>Pauta travada<\/strong><br \/>\nO deputado disse que espera que o Brasduto n\u00e3o fa\u00e7a parte do PL 10.985, do risco hidrol\u00f3gico, tampouco do PL 6.407, da nova Lei do G\u00e1s. \u201cEu n\u00e3o sei, eu vou trabalhar para que isso n\u00e3o esteja em nenhum deles. Que vai dificultar [a tramita\u00e7\u00e3o], com certeza vai.\u201d<\/p>\n<p>Passarinho tamb\u00e9m n\u00e3o viu problemas no retorno do PL do risco hidrol\u00f3gico ao Senado: \u201cO que veio do Senado, se mexer aqui, volta para l\u00e1. Qual \u00e9 o problema? Isso \u00e9 natural. Os projetos que v\u00eam do Senado voltam para l\u00e1, se a C\u00e2mara modificar. Assim como os nossos, aprovados aqui, v\u00e3o para o Senado, s\u00e3o mexidos l\u00e1 e voltam para c\u00e1\u201d.<\/p>\n<p><strong>Abertura do mercado<\/strong><br \/>\nA falta de um mercado din\u00e2mico de g\u00e1s natural impacta projetos e investimentos na ordem de R$ 380 bilh\u00f5es em todo o pa\u00eds, segundo a Firjan (Federa\u00e7\u00e3o das Ind\u00fastrias do Estado do Rio de Janeiro), na audi\u00eancia p\u00fablica. A gerente de Petr\u00f3leo, G\u00e1s e Naval da federa\u00e7\u00e3o, Karine Fragoso, destacou que, em rela\u00e7\u00e3o \u00e0 regi\u00e3o Sudeste, em especial o Rio de Janeiro, o impacto da falta de um mercado din\u00e2mico de g\u00e1s natural ultrapassa investimentos de R$ 140 bilh\u00f5es at\u00e9 2023.<\/p>\n<p>Potenciais projetos em todo o pa\u00eds poderiam ser alavancados, caso houvesse ambiente de neg\u00f3cios favor\u00e1vel ao desenvolvimento do mercado de g\u00e1s natural, segundo Karine. \u201cHoje, no estado do Rio, 40 mil empregos industriais est\u00e3o em risco por conta do alto custo do g\u00e1s natural para as ind\u00fastrias, devido ao monop\u00f3lio tanto na produ\u00e7\u00e3o quanto na distribui\u00e7\u00e3o do produto\u201d, alertou.<\/p>\n","protected":false},"excerpt":{"rendered":"<p>Lucas Santin e Andrea Shad, da Ag\u00eancia iNFRA O deputado Joaquim Passarinho (PSD-PA) disse na quarta-feira (22), ap\u00f3s audi\u00eancia p\u00fablica sobre o mercado de g\u00e1s na CME (Comiss\u00e3o de Minas e Energia), que \u00e9 contra o Brasduto, fundo para a constru\u00e7\u00e3o de gasodutos no Brasil com recursos do pr\u00e9-sal. \u201cEu sou contra ele em qualquer [&hellip;]<\/p>\n","protected":false},"author":9,"featured_media":3209,"comment_status":"closed","ping_status":"open","sticky":false,"template":"","format":"standard","meta":{"_monsterinsights_skip_tracking":false,"_monsterinsights_sitenote_active":false,"_monsterinsights_sitenote_note":"","_monsterinsights_sitenote_category":0,"footnotes":""},"categories":[10],"tags":[690,1009,1010,809,193],"class_list":["post-3208","post","type-post","status-publish","format-standard","has-post-thumbnail","hentry","category-infraenergia","tag-brasduto","tag-joaquim-passarinho","tag-nova-lei-do-gas","tag-pl-10-985","tag-risco-hidrologico"],"yoast_head":"<!-- This site is optimized with the Yoast SEO Premium plugin v25.4 (Yoast SEO v26.0) - https:\/\/yoast.com\/wordpress\/plugins\/seo\/ -->\n<title>Deputado diz que tentativa de cria\u00e7\u00e3o do Brasduto trava o setor el\u00e9trico no Congresso - Ag\u00eancia iNFRA<\/title>\n<meta name=\"robots\" content=\"index, follow, max-snippet:-1, max-image-preview:large, max-video-preview:-1\" \/>\n<link rel=\"canonical\" href=\"https:\/\/agenciainfra.com\/blog\/deputado-diz-que-tentativa-de-criacao-do-brasduto-trava-o-setor-eletrico-no-congresso\/\" \/>\n<meta property=\"og:locale\" content=\"pt_BR\" \/>\n<meta property=\"og:type\" content=\"article\" \/>\n<meta property=\"og:title\" content=\"Deputado diz que tentativa de cria\u00e7\u00e3o do Brasduto trava o setor el\u00e9trico no Congresso\" \/>\n<meta property=\"og:description\" content=\"Lucas Santin e Andrea Shad, da Ag\u00eancia iNFRA O deputado Joaquim Passarinho (PSD-PA) disse na quarta-feira (22), ap\u00f3s audi\u00eancia p\u00fablica sobre o mercado de g\u00e1s na CME (Comiss\u00e3o de Minas e Energia), que \u00e9 contra o Brasduto, fundo para a constru\u00e7\u00e3o de gasodutos no Brasil com recursos do pr\u00e9-sal. \u201cEu sou contra ele em qualquer [&hellip;]\" \/>\n<meta property=\"og:url\" content=\"https:\/\/agenciainfra.com\/blog\/deputado-diz-que-tentativa-de-criacao-do-brasduto-trava-o-setor-eletrico-no-congresso\/\" \/>\n<meta property=\"og:site_name\" content=\"Ag\u00eancia iNFRA\" \/>\n<meta property=\"article:publisher\" content=\"https:\/\/www.facebook.com\/ageninfra\" \/>\n<meta property=\"article:published_time\" content=\"2019-05-24T11:00:35+00:00\" \/>\n<meta property=\"og:image\" content=\"https:\/\/agenciainfra.com\/blog\/wp-content\/uploads\/2019\/05\/gasoduto-andre-valentim-petrobras.jpg\" \/>\n\t<meta property=\"og:image:width\" content=\"1620\" \/>\n\t<meta property=\"og:image:height\" content=\"1080\" \/>\n\t<meta property=\"og:image:type\" content=\"image\/jpeg\" \/>\n<meta name=\"author\" content=\"Rodrigo Zuquim\" \/>\n<meta name=\"twitter:card\" content=\"summary_large_image\" \/>\n<meta name=\"twitter:creator\" content=\"@agencia_infra\" \/>\n<meta name=\"twitter:site\" content=\"@agencia_infra\" \/>\n<meta name=\"twitter:label1\" content=\"Escrito por\" \/>\n\t<meta name=\"twitter:data1\" content=\"Rodrigo Zuquim\" \/>\n\t<meta name=\"twitter:label2\" content=\"Est. tempo de leitura\" \/>\n\t<meta name=\"twitter:data2\" content=\"3 minutos\" \/>\n<script type=\"application\/ld+json\" class=\"yoast-schema-graph\">{\"@context\":\"https:\/\/schema.org\",\"@graph\":[{\"@type\":\"Article\",\"@id\":\"https:\/\/agenciainfra.com\/blog\/deputado-diz-que-tentativa-de-criacao-do-brasduto-trava-o-setor-eletrico-no-congresso\/#article\",\"isPartOf\":{\"@id\":\"https:\/\/agenciainfra.com\/blog\/deputado-diz-que-tentativa-de-criacao-do-brasduto-trava-o-setor-eletrico-no-congresso\/\"},\"author\":{\"name\":\"Rodrigo Zuquim\",\"@id\":\"https:\/\/agenciainfra.com\/blog\/#\/schema\/person\/04dbb79bd6d8951f063da71f3e4c1eb1\"},\"headline\":\"Deputado diz que tentativa de cria\u00e7\u00e3o do Brasduto trava o setor el\u00e9trico no Congresso\",\"datePublished\":\"2019-05-24T11:00:35+00:00\",\"mainEntityOfPage\":{\"@id\":\"https:\/\/agenciainfra.com\/blog\/deputado-diz-que-tentativa-de-criacao-do-brasduto-trava-o-setor-eletrico-no-congresso\/\"},\"wordCount\":714,\"publisher\":{\"@id\":\"https:\/\/agenciainfra.com\/blog\/#organization\"},\"image\":{\"@id\":\"https:\/\/agenciainfra.com\/blog\/deputado-diz-que-tentativa-de-criacao-do-brasduto-trava-o-setor-eletrico-no-congresso\/#primaryimage\"},\"thumbnailUrl\":\"https:\/\/agenciainfra.com\/blog\/wp-content\/uploads\/2019\/05\/gasoduto-andre-valentim-petrobras.jpg\",\"keywords\":[\"Brasduto\",\"Joaquim Passarinho\",\"nova Lei do G\u00e1s\",\"PL 10.985\",\"risco hidrol\u00f3gico\"],\"articleSection\":[\"iNFRAEnergia\"],\"inLanguage\":\"pt-BR\",\"copyrightYear\":\"2019\",\"copyrightHolder\":{\"@id\":\"https:\/\/agenciainfra.com\/blog\/#organization\"}},{\"@type\":\"WebPage\",\"@id\":\"https:\/\/agenciainfra.com\/blog\/deputado-diz-que-tentativa-de-criacao-do-brasduto-trava-o-setor-eletrico-no-congresso\/\",\"url\":\"https:\/\/agenciainfra.com\/blog\/deputado-diz-que-tentativa-de-criacao-do-brasduto-trava-o-setor-eletrico-no-congresso\/\",\"name\":\"Deputado diz que tentativa de cria\u00e7\u00e3o do Brasduto trava o setor el\u00e9trico no Congresso - Ag\u00eancia iNFRA\",\"isPartOf\":{\"@id\":\"https:\/\/agenciainfra.com\/blog\/#website\"},\"primaryImageOfPage\":{\"@id\":\"https:\/\/agenciainfra.com\/blog\/deputado-diz-que-tentativa-de-criacao-do-brasduto-trava-o-setor-eletrico-no-congresso\/#primaryimage\"},\"image\":{\"@id\":\"https:\/\/agenciainfra.com\/blog\/deputado-diz-que-tentativa-de-criacao-do-brasduto-trava-o-setor-eletrico-no-congresso\/#primaryimage\"},\"thumbnailUrl\":\"https:\/\/agenciainfra.com\/blog\/wp-content\/uploads\/2019\/05\/gasoduto-andre-valentim-petrobras.jpg\",\"datePublished\":\"2019-05-24T11:00:35+00:00\",\"breadcrumb\":{\"@id\":\"https:\/\/agenciainfra.com\/blog\/deputado-diz-que-tentativa-de-criacao-do-brasduto-trava-o-setor-eletrico-no-congresso\/#breadcrumb\"},\"inLanguage\":\"pt-BR\",\"potentialAction\":[{\"@type\":\"ReadAction\",\"target\":[\"https:\/\/agenciainfra.com\/blog\/deputado-diz-que-tentativa-de-criacao-do-brasduto-trava-o-setor-eletrico-no-congresso\/\"]}]},{\"@type\":\"ImageObject\",\"inLanguage\":\"pt-BR\",\"@id\":\"https:\/\/agenciainfra.com\/blog\/deputado-diz-que-tentativa-de-criacao-do-brasduto-trava-o-setor-eletrico-no-congresso\/#primaryimage\",\"url\":\"https:\/\/agenciainfra.com\/blog\/wp-content\/uploads\/2019\/05\/gasoduto-andre-valentim-petrobras.jpg\",\"contentUrl\":\"https:\/\/agenciainfra.com\/blog\/wp-content\/uploads\/2019\/05\/gasoduto-andre-valentim-petrobras.jpg\",\"width\":1620,\"height\":1080,\"caption\":\"Foto: Andr\u00e9 Valentim\/Petrobras\"},{\"@type\":\"BreadcrumbList\",\"@id\":\"https:\/\/agenciainfra.com\/blog\/deputado-diz-que-tentativa-de-criacao-do-brasduto-trava-o-setor-eletrico-no-congresso\/#breadcrumb\",\"itemListElement\":[{\"@type\":\"ListItem\",\"position\":1,\"name\":\"In\u00edcio\",\"item\":\"https:\/\/agenciainfra.com\/blog\/\"},{\"@type\":\"ListItem\",\"position\":2,\"name\":\"Deputado diz que tentativa de cria\u00e7\u00e3o do Brasduto trava o setor el\u00e9trico no Congresso\"}]},{\"@type\":\"WebSite\",\"@id\":\"https:\/\/agenciainfra.com\/blog\/#website\",\"url\":\"https:\/\/agenciainfra.com\/blog\/\",\"name\":\"Ag\u00eancia iNFRA\",\"description\":\"Multiplataforma de informa\u00e7\u00e3o jornal\u00edstica refer\u00eancia na \u00e1rea de infraestrutura no Brasil!\",\"publisher\":{\"@id\":\"https:\/\/agenciainfra.com\/blog\/#organization\"},\"potentialAction\":[{\"@type\":\"SearchAction\",\"target\":{\"@type\":\"EntryPoint\",\"urlTemplate\":\"https:\/\/agenciainfra.com\/blog\/?s={search_term_string}\"},\"query-input\":{\"@type\":\"PropertyValueSpecification\",\"valueRequired\":true,\"valueName\":\"search_term_string\"}}],\"inLanguage\":\"pt-BR\"},{\"@type\":\"Organization\",\"@id\":\"https:\/\/agenciainfra.com\/blog\/#organization\",\"name\":\"Ag\u00eancia iNFRA\",\"url\":\"https:\/\/agenciainfra.com\/blog\/\",\"logo\":{\"@type\":\"ImageObject\",\"inLanguage\":\"pt-BR\",\"@id\":\"https:\/\/agenciainfra.com\/blog\/#\/schema\/logo\/image\/\",\"url\":\"https:\/\/agenciainfra.com\/blog\/wp-content\/uploads\/2023\/09\/iNFRA_5-e1761735885940.png\",\"contentUrl\":\"https:\/\/agenciainfra.com\/blog\/wp-content\/uploads\/2023\/09\/iNFRA_5-e1761735885940.png\",\"width\":1672,\"height\":454,\"caption\":\"Ag\u00eancia iNFRA\"},\"image\":{\"@id\":\"https:\/\/agenciainfra.com\/blog\/#\/schema\/logo\/image\/\"},\"sameAs\":[\"https:\/\/www.facebook.com\/ageninfra\",\"https:\/\/x.com\/agencia_infra\",\"https:\/\/www.linkedin.com\/company\/ag\u00eanciainfra\/\",\"https:\/\/www.instagram.com\/agenciainfra\/\"]},{\"@type\":\"Person\",\"@id\":\"https:\/\/agenciainfra.com\/blog\/#\/schema\/person\/04dbb79bd6d8951f063da71f3e4c1eb1\",\"name\":\"Rodrigo Zuquim\",\"image\":{\"@type\":\"ImageObject\",\"inLanguage\":\"pt-BR\",\"@id\":\"https:\/\/agenciainfra.com\/blog\/#\/schema\/person\/image\/\",\"url\":\"https:\/\/secure.gravatar.com\/avatar\/594abfe82761d620726242ff34ca472a705a4b97f16c790053a6b4c4035274d0?s=96&d=mm&r=g\",\"contentUrl\":\"https:\/\/secure.gravatar.com\/avatar\/594abfe82761d620726242ff34ca472a705a4b97f16c790053a6b4c4035274d0?s=96&d=mm&r=g\",\"caption\":\"Rodrigo Zuquim\"},\"url\":\"https:\/\/agenciainfra.com\/blog\/author\/rodrigo-zuquim\/\"}]}<\/script>\n<!-- \/ Yoast SEO Premium plugin. -->","yoast_head_json":{"title":"Deputado diz que tentativa de cria\u00e7\u00e3o do Brasduto trava o setor el\u00e9trico no Congresso - Ag\u00eancia iNFRA","robots":{"index":"index","follow":"follow","max-snippet":"max-snippet:-1","max-image-preview":"max-image-preview:large","max-video-preview":"max-video-preview:-1"},"canonical":"https:\/\/agenciainfra.com\/blog\/deputado-diz-que-tentativa-de-criacao-do-brasduto-trava-o-setor-eletrico-no-congresso\/","og_locale":"pt_BR","og_type":"article","og_title":"Deputado diz que tentativa de cria\u00e7\u00e3o do Brasduto trava o setor el\u00e9trico no Congresso","og_description":"Lucas Santin e Andrea Shad, da Ag\u00eancia iNFRA O deputado Joaquim Passarinho (PSD-PA) disse na quarta-feira (22), ap\u00f3s audi\u00eancia p\u00fablica sobre o mercado de g\u00e1s na CME (Comiss\u00e3o de Minas e Energia), que \u00e9 contra o Brasduto, fundo para a constru\u00e7\u00e3o de gasodutos no Brasil com recursos do pr\u00e9-sal. \u201cEu sou contra ele em qualquer [&hellip;]","og_url":"https:\/\/agenciainfra.com\/blog\/deputado-diz-que-tentativa-de-criacao-do-brasduto-trava-o-setor-eletrico-no-congresso\/","og_site_name":"Ag\u00eancia iNFRA","article_publisher":"https:\/\/www.facebook.com\/ageninfra","article_published_time":"2019-05-24T11:00:35+00:00","og_image":[{"width":1620,"height":1080,"url":"https:\/\/agenciainfra.com\/blog\/wp-content\/uploads\/2019\/05\/gasoduto-andre-valentim-petrobras.jpg","type":"image\/jpeg"}],"author":"Rodrigo Zuquim","twitter_card":"summary_large_image","twitter_creator":"@agencia_infra","twitter_site":"@agencia_infra","twitter_misc":{"Escrito por":"Rodrigo Zuquim","Est. tempo de leitura":"3 minutos"},"schema":{"@context":"https:\/\/schema.org","@graph":[{"@type":"Article","@id":"https:\/\/agenciainfra.com\/blog\/deputado-diz-que-tentativa-de-criacao-do-brasduto-trava-o-setor-eletrico-no-congresso\/#article","isPartOf":{"@id":"https:\/\/agenciainfra.com\/blog\/deputado-diz-que-tentativa-de-criacao-do-brasduto-trava-o-setor-eletrico-no-congresso\/"},"author":{"name":"Rodrigo Zuquim","@id":"https:\/\/agenciainfra.com\/blog\/#\/schema\/person\/04dbb79bd6d8951f063da71f3e4c1eb1"},"headline":"Deputado diz que tentativa de cria\u00e7\u00e3o do Brasduto trava o setor el\u00e9trico no Congresso","datePublished":"2019-05-24T11:00:35+00:00","mainEntityOfPage":{"@id":"https:\/\/agenciainfra.com\/blog\/deputado-diz-que-tentativa-de-criacao-do-brasduto-trava-o-setor-eletrico-no-congresso\/"},"wordCount":714,"publisher":{"@id":"https:\/\/agenciainfra.com\/blog\/#organization"},"image":{"@id":"https:\/\/agenciainfra.com\/blog\/deputado-diz-que-tentativa-de-criacao-do-brasduto-trava-o-setor-eletrico-no-congresso\/#primaryimage"},"thumbnailUrl":"https:\/\/agenciainfra.com\/blog\/wp-content\/uploads\/2019\/05\/gasoduto-andre-valentim-petrobras.jpg","keywords":["Brasduto","Joaquim Passarinho","nova Lei do G\u00e1s","PL 10.985","risco hidrol\u00f3gico"],"articleSection":["iNFRAEnergia"],"inLanguage":"pt-BR","copyrightYear":"2019","copyrightHolder":{"@id":"https:\/\/agenciainfra.com\/blog\/#organization"}},{"@type":"WebPage","@id":"https:\/\/agenciainfra.com\/blog\/deputado-diz-que-tentativa-de-criacao-do-brasduto-trava-o-setor-eletrico-no-congresso\/","url":"https:\/\/agenciainfra.com\/blog\/deputado-diz-que-tentativa-de-criacao-do-brasduto-trava-o-setor-eletrico-no-congresso\/","name":"Deputado diz que tentativa de cria\u00e7\u00e3o do Brasduto trava o setor el\u00e9trico no Congresso - Ag\u00eancia iNFRA","isPartOf":{"@id":"https:\/\/agenciainfra.com\/blog\/#website"},"primaryImageOfPage":{"@id":"https:\/\/agenciainfra.com\/blog\/deputado-diz-que-tentativa-de-criacao-do-brasduto-trava-o-setor-eletrico-no-congresso\/#primaryimage"},"image":{"@id":"https:\/\/agenciainfra.com\/blog\/deputado-diz-que-tentativa-de-criacao-do-brasduto-trava-o-setor-eletrico-no-congresso\/#primaryimage"},"thumbnailUrl":"https:\/\/agenciainfra.com\/blog\/wp-content\/uploads\/2019\/05\/gasoduto-andre-valentim-petrobras.jpg","datePublished":"2019-05-24T11:00:35+00:00","breadcrumb":{"@id":"https:\/\/agenciainfra.com\/blog\/deputado-diz-que-tentativa-de-criacao-do-brasduto-trava-o-setor-eletrico-no-congresso\/#breadcrumb"},"inLanguage":"pt-BR","potentialAction":[{"@type":"ReadAction","target":["https:\/\/agenciainfra.com\/blog\/deputado-diz-que-tentativa-de-criacao-do-brasduto-trava-o-setor-eletrico-no-congresso\/"]}]},{"@type":"ImageObject","inLanguage":"pt-BR","@id":"https:\/\/agenciainfra.com\/blog\/deputado-diz-que-tentativa-de-criacao-do-brasduto-trava-o-setor-eletrico-no-congresso\/#primaryimage","url":"https:\/\/agenciainfra.com\/blog\/wp-content\/uploads\/2019\/05\/gasoduto-andre-valentim-petrobras.jpg","contentUrl":"https:\/\/agenciainfra.com\/blog\/wp-content\/uploads\/2019\/05\/gasoduto-andre-valentim-petrobras.jpg","width":1620,"height":1080,"caption":"Foto: Andr\u00e9 Valentim\/Petrobras"},{"@type":"BreadcrumbList","@id":"https:\/\/agenciainfra.com\/blog\/deputado-diz-que-tentativa-de-criacao-do-brasduto-trava-o-setor-eletrico-no-congresso\/#breadcrumb","itemListElement":[{"@type":"ListItem","position":1,"name":"In\u00edcio","item":"https:\/\/agenciainfra.com\/blog\/"},{"@type":"ListItem","position":2,"name":"Deputado diz que tentativa de cria\u00e7\u00e3o do Brasduto trava o setor el\u00e9trico no Congresso"}]},{"@type":"WebSite","@id":"https:\/\/agenciainfra.com\/blog\/#website","url":"https:\/\/agenciainfra.com\/blog\/","name":"Ag\u00eancia iNFRA","description":"Multiplataforma de informa\u00e7\u00e3o jornal\u00edstica refer\u00eancia na \u00e1rea de infraestrutura no Brasil!","publisher":{"@id":"https:\/\/agenciainfra.com\/blog\/#organization"},"potentialAction":[{"@type":"SearchAction","target":{"@type":"EntryPoint","urlTemplate":"https:\/\/agenciainfra.com\/blog\/?s={search_term_string}"},"query-input":{"@type":"PropertyValueSpecification","valueRequired":true,"valueName":"search_term_string"}}],"inLanguage":"pt-BR"},{"@type":"Organization","@id":"https:\/\/agenciainfra.com\/blog\/#organization","name":"Ag\u00eancia iNFRA","url":"https:\/\/agenciainfra.com\/blog\/","logo":{"@type":"ImageObject","inLanguage":"pt-BR","@id":"https:\/\/agenciainfra.com\/blog\/#\/schema\/logo\/image\/","url":"https:\/\/agenciainfra.com\/blog\/wp-content\/uploads\/2023\/09\/iNFRA_5-e1761735885940.png","contentUrl":"https:\/\/agenciainfra.com\/blog\/wp-content\/uploads\/2023\/09\/iNFRA_5-e1761735885940.png","width":1672,"height":454,"caption":"Ag\u00eancia iNFRA"},"image":{"@id":"https:\/\/agenciainfra.com\/blog\/#\/schema\/logo\/image\/"},"sameAs":["https:\/\/www.facebook.com\/ageninfra","https:\/\/x.com\/agencia_infra","https:\/\/www.linkedin.com\/company\/ag\u00eanciainfra\/","https:\/\/www.instagram.com\/agenciainfra\/"]},{"@type":"Person","@id":"https:\/\/agenciainfra.com\/blog\/#\/schema\/person\/04dbb79bd6d8951f063da71f3e4c1eb1","name":"Rodrigo Zuquim","image":{"@type":"ImageObject","inLanguage":"pt-BR","@id":"https:\/\/agenciainfra.com\/blog\/#\/schema\/person\/image\/","url":"https:\/\/secure.gravatar.com\/avatar\/594abfe82761d620726242ff34ca472a705a4b97f16c790053a6b4c4035274d0?s=96&d=mm&r=g","contentUrl":"https:\/\/secure.gravatar.com\/avatar\/594abfe82761d620726242ff34ca472a705a4b97f16c790053a6b4c4035274d0?s=96&d=mm&r=g","caption":"Rodrigo Zuquim"},"url":"https:\/\/agenciainfra.com\/blog\/author\/rodrigo-zuquim\/"}]}},"_links":{"self":[{"href":"https:\/\/agenciainfra.com\/blog\/wp-json\/wp\/v2\/posts\/3208","targetHints":{"allow":["GET"]}}],"collection":[{"href":"https:\/\/agenciainfra.com\/blog\/wp-json\/wp\/v2\/posts"}],"about":[{"href":"https:\/\/agenciainfra.com\/blog\/wp-json\/wp\/v2\/types\/post"}],"author":[{"embeddable":true,"href":"https:\/\/agenciainfra.com\/blog\/wp-json\/wp\/v2\/users\/9"}],"replies":[{"embeddable":true,"href":"https:\/\/agenciainfra.com\/blog\/wp-json\/wp\/v2\/comments?post=3208"}],"version-history":[{"count":0,"href":"https:\/\/agenciainfra.com\/blog\/wp-json\/wp\/v2\/posts\/3208\/revisions"}],"wp:featuredmedia":[{"embeddable":true,"href":"https:\/\/agenciainfra.com\/blog\/wp-json\/wp\/v2\/media\/3209"}],"wp:attachment":[{"href":"https:\/\/agenciainfra.com\/blog\/wp-json\/wp\/v2\/media?parent=3208"}],"wp:term":[{"taxonomy":"category","embeddable":true,"href":"https:\/\/agenciainfra.com\/blog\/wp-json\/wp\/v2\/categories?post=3208"},{"taxonomy":"post_tag","embeddable":true,"href":"https:\/\/agenciainfra.com\/blog\/wp-json\/wp\/v2\/tags?post=3208"}],"curies":[{"name":"wp","href":"https:\/\/api.w.org\/{rel}","templated":true}]}}