{"id":32096,"date":"2025-11-12T16:33:08","date_gmt":"2025-11-12T19:33:08","guid":{"rendered":"https:\/\/agenciainfra.com\/blog\/?p=32096"},"modified":"2025-11-12T16:33:10","modified_gmt":"2025-11-12T19:33:10","slug":"epe-divulga-precos-de-referencia-para-combustiveis-dos-leiloes-de-2026","status":"publish","type":"post","link":"https:\/\/agenciainfra.com\/blog\/epe-divulga-precos-de-referencia-para-combustiveis-dos-leiloes-de-2026\/","title":{"rendered":"EPE divulga pre\u00e7os de refer\u00eancia para combust\u00edveis dos leil\u00f5es de 2026"},"content":{"rendered":"\n<p class=\"has-text-align-right\"><strong>da Ag\u00eancia iNFRA<\/strong><\/p>\n\n\n\n<p>A EPE (Empresa de Pesquisa Energ\u00e9tica) publicou o <a href=\"https:\/\/www.epe.gov.br\/sites-pt\/publicacoes-dados-abertos\/publicacoes\/PublicacoesArquivos\/publicacao-912\/EPE-DEE-IT-091-2025-r0.pdf\">Informe T\u00e9cnico<\/a> n\u00ba EPE-DEE-IT-91\/2025-r0, com os pre\u00e7os de refer\u00eancia dos combust\u00edveis que servir\u00e3o de base para o c\u00e1lculo do CVU (Custo Vari\u00e1vel Unit\u00e1rio) dos projetos termel\u00e9tricos nos Leil\u00f5es de Reserva de Capacidade de 2026. Os par\u00e2metros orientam a competitividade das usinas e a forma\u00e7\u00e3o dos custos de gera\u00e7\u00e3o. <\/p>\n\n\n\n<p>O documento traz como refer\u00eancias m\u00e9dias: g\u00e1s natural (Henry Hub) a US$ 3,78 por MMBTU, petr\u00f3leo Brent a US$ 88,67 por barril, carv\u00e3o mineral importado a US$ 116,04 por tonelada, \u00f3leo diesel a US$ 2,48 por gal\u00e3o e biodiesel (B100) a US$ 6,17 por litro. A taxa m\u00e9dia de c\u00e2mbio considerada foi de R$ 5,70 por d\u00f3lar. Segundo a EPE, as proje\u00e7\u00f5es indicam estabilidade nos pre\u00e7os internacionais de combust\u00edveis, com tend\u00eancia de queda no g\u00e1s natural at\u00e9 2027.<\/p>\n\n\n\n<p>Conforme as Portarias Normativas GM\/MME <a href=\"https:\/\/www.in.gov.br\/web\/dou\/-\/portaria-normativa-mme-n-118-de-23-de-outubro-de-2025-664864616\">n\u00ba 118<\/a> e <a href=\"https:\/\/www.in.gov.br\/en\/web\/dou\/-\/portaria-normativa-mme-n-119-de-23-de-outubro-de-2025-664869914\">n\u00ba 119,<\/a> de 23 de outubro de 2025, os empreendedores devem informar at\u00e9 as 12h de 12 de dezembro, pelo sistema AEGE, os par\u00e2metros e pre\u00e7os que comp\u00f5em o CVU, al\u00e9m dos dados sobre flexibilidade operativa. <\/p>\n","protected":false},"excerpt":{"rendered":"<p>da Ag\u00eancia iNFRA A EPE (Empresa de Pesquisa Energ\u00e9tica) publicou o Informe T\u00e9cnico n\u00ba EPE-DEE-IT-91\/2025-r0, com os pre\u00e7os de refer\u00eancia dos combust\u00edveis que servir\u00e3o de base para o c\u00e1lculo do CVU (Custo Vari\u00e1vel Unit\u00e1rio) dos projetos termel\u00e9tricos nos Leil\u00f5es de Reserva de Capacidade de 2026. Os par\u00e2metros orientam a competitividade das usinas e a forma\u00e7\u00e3o [&hellip;]<\/p>\n","protected":false},"author":1,"featured_media":28755,"comment_status":"closed","ping_status":"closed","sticky":false,"template":"","format":"standard","meta":{"_monsterinsights_skip_tracking":false,"_monsterinsights_sitenote_active":false,"_monsterinsights_sitenote_note":"","_monsterinsights_sitenote_category":0,"footnotes":""},"categories":[13576],"tags":[3213,1549,282,12,882,7378,213],"class_list":["post-32096","post","type-post","status-publish","format-standard","has-post-thumbnail","hentry","category-giro-infra","tag-carvao-mineral","tag-cvu","tag-energia-eletrica","tag-epe","tag-gas-natural","tag-leiloes-de-reserva","tag-petroleo"],"yoast_head":"<!-- This site is optimized with the Yoast SEO Premium plugin v25.4 (Yoast SEO v26.0) - https:\/\/yoast.com\/wordpress\/plugins\/seo\/ -->\n<title>EPE divulga pre\u00e7os de refer\u00eancia para combust\u00edveis dos leil\u00f5es de 2026 - Ag\u00eancia iNFRA<\/title>\n<meta name=\"robots\" content=\"index, follow, max-snippet:-1, max-image-preview:large, max-video-preview:-1\" \/>\n<link rel=\"canonical\" href=\"https:\/\/agenciainfra.com\/blog\/epe-divulga-precos-de-referencia-para-combustiveis-dos-leiloes-de-2026\/\" \/>\n<meta property=\"og:locale\" content=\"pt_BR\" \/>\n<meta property=\"og:type\" content=\"article\" \/>\n<meta property=\"og:title\" content=\"EPE divulga pre\u00e7os de refer\u00eancia para combust\u00edveis dos leil\u00f5es de 2026\" \/>\n<meta property=\"og:description\" content=\"da Ag\u00eancia iNFRA A EPE (Empresa de Pesquisa Energ\u00e9tica) publicou o Informe T\u00e9cnico n\u00ba EPE-DEE-IT-91\/2025-r0, com os pre\u00e7os de refer\u00eancia dos combust\u00edveis que servir\u00e3o de base para o c\u00e1lculo do CVU (Custo Vari\u00e1vel Unit\u00e1rio) dos projetos termel\u00e9tricos nos Leil\u00f5es de Reserva de Capacidade de 2026. Os par\u00e2metros orientam a competitividade das usinas e a forma\u00e7\u00e3o [&hellip;]\" \/>\n<meta property=\"og:url\" content=\"https:\/\/agenciainfra.com\/blog\/epe-divulga-precos-de-referencia-para-combustiveis-dos-leiloes-de-2026\/\" \/>\n<meta property=\"og:site_name\" content=\"Ag\u00eancia iNFRA\" \/>\n<meta property=\"article:publisher\" content=\"https:\/\/www.facebook.com\/ageninfra\" \/>\n<meta property=\"article:published_time\" content=\"2025-11-12T19:33:08+00:00\" \/>\n<meta property=\"article:modified_time\" content=\"2025-11-12T19:33:10+00:00\" \/>\n<meta property=\"og:image\" content=\"https:\/\/agenciainfra.com\/blog\/wp-content\/uploads\/2025\/09\/usina-termica-foto-dominio-publico.jpg\" \/>\n\t<meta property=\"og:image:width\" content=\"1280\" \/>\n\t<meta property=\"og:image:height\" content=\"850\" \/>\n\t<meta property=\"og:image:type\" content=\"image\/jpeg\" \/>\n<meta name=\"author\" content=\"Ag\u00eancia iNFRA\" \/>\n<meta name=\"twitter:card\" content=\"summary_large_image\" \/>\n<meta name=\"twitter:creator\" content=\"@agencia_infra\" \/>\n<meta name=\"twitter:site\" content=\"@agencia_infra\" \/>\n<meta name=\"twitter:label1\" content=\"Escrito por\" \/>\n\t<meta name=\"twitter:data1\" content=\"Ag\u00eancia iNFRA\" \/>\n\t<meta name=\"twitter:label2\" content=\"Est. tempo de leitura\" \/>\n\t<meta name=\"twitter:data2\" content=\"1 minuto\" \/>\n<script type=\"application\/ld+json\" class=\"yoast-schema-graph\">{\"@context\":\"https:\/\/schema.org\",\"@graph\":[{\"@type\":\"Article\",\"@id\":\"https:\/\/agenciainfra.com\/blog\/epe-divulga-precos-de-referencia-para-combustiveis-dos-leiloes-de-2026\/#article\",\"isPartOf\":{\"@id\":\"https:\/\/agenciainfra.com\/blog\/epe-divulga-precos-de-referencia-para-combustiveis-dos-leiloes-de-2026\/\"},\"author\":{\"name\":\"Ag\u00eancia iNFRA\",\"@id\":\"https:\/\/agenciainfra.com\/blog\/#\/schema\/person\/34af08dff6adea4cb22b06612ba7acfa\"},\"headline\":\"EPE divulga pre\u00e7os de refer\u00eancia para combust\u00edveis dos leil\u00f5es de 2026\",\"datePublished\":\"2025-11-12T19:33:08+00:00\",\"dateModified\":\"2025-11-12T19:33:10+00:00\",\"mainEntityOfPage\":{\"@id\":\"https:\/\/agenciainfra.com\/blog\/epe-divulga-precos-de-referencia-para-combustiveis-dos-leiloes-de-2026\/\"},\"wordCount\":217,\"publisher\":{\"@id\":\"https:\/\/agenciainfra.com\/blog\/#organization\"},\"image\":{\"@id\":\"https:\/\/agenciainfra.com\/blog\/epe-divulga-precos-de-referencia-para-combustiveis-dos-leiloes-de-2026\/#primaryimage\"},\"thumbnailUrl\":\"https:\/\/agenciainfra.com\/blog\/wp-content\/uploads\/2025\/09\/usina-termica-foto-dominio-publico.jpg\",\"keywords\":[\"carv\u00e3o mineral\",\"CVU\",\"energia el\u00e9trica\",\"epe\",\"g\u00e1s natural\",\"leil\u00f5es de reserva\",\"petr\u00f3leo\"],\"articleSection\":[\"Giro iNFRA\"],\"inLanguage\":\"pt-BR\",\"copyrightYear\":\"2025\",\"copyrightHolder\":{\"@id\":\"https:\/\/agenciainfra.com\/blog\/#organization\"}},{\"@type\":\"WebPage\",\"@id\":\"https:\/\/agenciainfra.com\/blog\/epe-divulga-precos-de-referencia-para-combustiveis-dos-leiloes-de-2026\/\",\"url\":\"https:\/\/agenciainfra.com\/blog\/epe-divulga-precos-de-referencia-para-combustiveis-dos-leiloes-de-2026\/\",\"name\":\"EPE divulga pre\u00e7os de refer\u00eancia para combust\u00edveis dos leil\u00f5es de 2026 - Ag\u00eancia iNFRA\",\"isPartOf\":{\"@id\":\"https:\/\/agenciainfra.com\/blog\/#website\"},\"primaryImageOfPage\":{\"@id\":\"https:\/\/agenciainfra.com\/blog\/epe-divulga-precos-de-referencia-para-combustiveis-dos-leiloes-de-2026\/#primaryimage\"},\"image\":{\"@id\":\"https:\/\/agenciainfra.com\/blog\/epe-divulga-precos-de-referencia-para-combustiveis-dos-leiloes-de-2026\/#primaryimage\"},\"thumbnailUrl\":\"https:\/\/agenciainfra.com\/blog\/wp-content\/uploads\/2025\/09\/usina-termica-foto-dominio-publico.jpg\",\"datePublished\":\"2025-11-12T19:33:08+00:00\",\"dateModified\":\"2025-11-12T19:33:10+00:00\",\"breadcrumb\":{\"@id\":\"https:\/\/agenciainfra.com\/blog\/epe-divulga-precos-de-referencia-para-combustiveis-dos-leiloes-de-2026\/#breadcrumb\"},\"inLanguage\":\"pt-BR\",\"potentialAction\":[{\"@type\":\"ReadAction\",\"target\":[\"https:\/\/agenciainfra.com\/blog\/epe-divulga-precos-de-referencia-para-combustiveis-dos-leiloes-de-2026\/\"]}]},{\"@type\":\"ImageObject\",\"inLanguage\":\"pt-BR\",\"@id\":\"https:\/\/agenciainfra.com\/blog\/epe-divulga-precos-de-referencia-para-combustiveis-dos-leiloes-de-2026\/#primaryimage\",\"url\":\"https:\/\/agenciainfra.com\/blog\/wp-content\/uploads\/2025\/09\/usina-termica-foto-dominio-publico.jpg\",\"contentUrl\":\"https:\/\/agenciainfra.com\/blog\/wp-content\/uploads\/2025\/09\/usina-termica-foto-dominio-publico.jpg\",\"width\":1280,\"height\":850,\"caption\":\"Foto: Dom\u00ednio P\u00fablico\"},{\"@type\":\"BreadcrumbList\",\"@id\":\"https:\/\/agenciainfra.com\/blog\/epe-divulga-precos-de-referencia-para-combustiveis-dos-leiloes-de-2026\/#breadcrumb\",\"itemListElement\":[{\"@type\":\"ListItem\",\"position\":1,\"name\":\"In\u00edcio\",\"item\":\"https:\/\/agenciainfra.com\/blog\/\"},{\"@type\":\"ListItem\",\"position\":2,\"name\":\"EPE divulga pre\u00e7os de refer\u00eancia para combust\u00edveis dos leil\u00f5es de 2026\"}]},{\"@type\":\"WebSite\",\"@id\":\"https:\/\/agenciainfra.com\/blog\/#website\",\"url\":\"https:\/\/agenciainfra.com\/blog\/\",\"name\":\"Ag\u00eancia iNFRA\",\"description\":\"Multiplataforma de informa\u00e7\u00e3o jornal\u00edstica refer\u00eancia na \u00e1rea de infraestrutura no Brasil!\",\"publisher\":{\"@id\":\"https:\/\/agenciainfra.com\/blog\/#organization\"},\"potentialAction\":[{\"@type\":\"SearchAction\",\"target\":{\"@type\":\"EntryPoint\",\"urlTemplate\":\"https:\/\/agenciainfra.com\/blog\/?s={search_term_string}\"},\"query-input\":{\"@type\":\"PropertyValueSpecification\",\"valueRequired\":true,\"valueName\":\"search_term_string\"}}],\"inLanguage\":\"pt-BR\"},{\"@type\":\"Organization\",\"@id\":\"https:\/\/agenciainfra.com\/blog\/#organization\",\"name\":\"Ag\u00eancia iNFRA\",\"url\":\"https:\/\/agenciainfra.com\/blog\/\",\"logo\":{\"@type\":\"ImageObject\",\"inLanguage\":\"pt-BR\",\"@id\":\"https:\/\/agenciainfra.com\/blog\/#\/schema\/logo\/image\/\",\"url\":\"https:\/\/agenciainfra.com\/blog\/wp-content\/uploads\/2023\/09\/iNFRA_5-e1761735885940.png\",\"contentUrl\":\"https:\/\/agenciainfra.com\/blog\/wp-content\/uploads\/2023\/09\/iNFRA_5-e1761735885940.png\",\"width\":1672,\"height\":454,\"caption\":\"Ag\u00eancia iNFRA\"},\"image\":{\"@id\":\"https:\/\/agenciainfra.com\/blog\/#\/schema\/logo\/image\/\"},\"sameAs\":[\"https:\/\/www.facebook.com\/ageninfra\",\"https:\/\/x.com\/agencia_infra\",\"https:\/\/www.linkedin.com\/company\/ag\u00eanciainfra\/\",\"https:\/\/www.instagram.com\/agenciainfra\/\"]},{\"@type\":\"Person\",\"@id\":\"https:\/\/agenciainfra.com\/blog\/#\/schema\/person\/34af08dff6adea4cb22b06612ba7acfa\",\"name\":\"Ag\u00eancia iNFRA\",\"image\":{\"@type\":\"ImageObject\",\"inLanguage\":\"pt-BR\",\"@id\":\"https:\/\/agenciainfra.com\/blog\/#\/schema\/person\/image\/\",\"url\":\"https:\/\/secure.gravatar.com\/avatar\/d189e01678f06d8eb84d4e01f08eb848b3fffe3f8443818d3c356c66892f5be8?s=96&d=mm&r=g\",\"contentUrl\":\"https:\/\/secure.gravatar.com\/avatar\/d189e01678f06d8eb84d4e01f08eb848b3fffe3f8443818d3c356c66892f5be8?s=96&d=mm&r=g\",\"caption\":\"Ag\u00eancia iNFRA\"},\"url\":\"https:\/\/agenciainfra.com\/blog\/author\/admin\/\"}]}<\/script>\n<!-- \/ Yoast SEO Premium plugin. -->","yoast_head_json":{"title":"EPE divulga pre\u00e7os de refer\u00eancia para combust\u00edveis dos leil\u00f5es de 2026 - Ag\u00eancia iNFRA","robots":{"index":"index","follow":"follow","max-snippet":"max-snippet:-1","max-image-preview":"max-image-preview:large","max-video-preview":"max-video-preview:-1"},"canonical":"https:\/\/agenciainfra.com\/blog\/epe-divulga-precos-de-referencia-para-combustiveis-dos-leiloes-de-2026\/","og_locale":"pt_BR","og_type":"article","og_title":"EPE divulga pre\u00e7os de refer\u00eancia para combust\u00edveis dos leil\u00f5es de 2026","og_description":"da Ag\u00eancia iNFRA A EPE (Empresa de Pesquisa Energ\u00e9tica) publicou o Informe T\u00e9cnico n\u00ba EPE-DEE-IT-91\/2025-r0, com os pre\u00e7os de refer\u00eancia dos combust\u00edveis que servir\u00e3o de base para o c\u00e1lculo do CVU (Custo Vari\u00e1vel Unit\u00e1rio) dos projetos termel\u00e9tricos nos Leil\u00f5es de Reserva de Capacidade de 2026. Os par\u00e2metros orientam a competitividade das usinas e a forma\u00e7\u00e3o [&hellip;]","og_url":"https:\/\/agenciainfra.com\/blog\/epe-divulga-precos-de-referencia-para-combustiveis-dos-leiloes-de-2026\/","og_site_name":"Ag\u00eancia iNFRA","article_publisher":"https:\/\/www.facebook.com\/ageninfra","article_published_time":"2025-11-12T19:33:08+00:00","article_modified_time":"2025-11-12T19:33:10+00:00","og_image":[{"width":1280,"height":850,"url":"https:\/\/agenciainfra.com\/blog\/wp-content\/uploads\/2025\/09\/usina-termica-foto-dominio-publico.jpg","type":"image\/jpeg"}],"author":"Ag\u00eancia iNFRA","twitter_card":"summary_large_image","twitter_creator":"@agencia_infra","twitter_site":"@agencia_infra","twitter_misc":{"Escrito por":"Ag\u00eancia iNFRA","Est. tempo de leitura":"1 minuto"},"schema":{"@context":"https:\/\/schema.org","@graph":[{"@type":"Article","@id":"https:\/\/agenciainfra.com\/blog\/epe-divulga-precos-de-referencia-para-combustiveis-dos-leiloes-de-2026\/#article","isPartOf":{"@id":"https:\/\/agenciainfra.com\/blog\/epe-divulga-precos-de-referencia-para-combustiveis-dos-leiloes-de-2026\/"},"author":{"name":"Ag\u00eancia iNFRA","@id":"https:\/\/agenciainfra.com\/blog\/#\/schema\/person\/34af08dff6adea4cb22b06612ba7acfa"},"headline":"EPE divulga pre\u00e7os de refer\u00eancia para combust\u00edveis dos leil\u00f5es de 2026","datePublished":"2025-11-12T19:33:08+00:00","dateModified":"2025-11-12T19:33:10+00:00","mainEntityOfPage":{"@id":"https:\/\/agenciainfra.com\/blog\/epe-divulga-precos-de-referencia-para-combustiveis-dos-leiloes-de-2026\/"},"wordCount":217,"publisher":{"@id":"https:\/\/agenciainfra.com\/blog\/#organization"},"image":{"@id":"https:\/\/agenciainfra.com\/blog\/epe-divulga-precos-de-referencia-para-combustiveis-dos-leiloes-de-2026\/#primaryimage"},"thumbnailUrl":"https:\/\/agenciainfra.com\/blog\/wp-content\/uploads\/2025\/09\/usina-termica-foto-dominio-publico.jpg","keywords":["carv\u00e3o mineral","CVU","energia el\u00e9trica","epe","g\u00e1s natural","leil\u00f5es de reserva","petr\u00f3leo"],"articleSection":["Giro iNFRA"],"inLanguage":"pt-BR","copyrightYear":"2025","copyrightHolder":{"@id":"https:\/\/agenciainfra.com\/blog\/#organization"}},{"@type":"WebPage","@id":"https:\/\/agenciainfra.com\/blog\/epe-divulga-precos-de-referencia-para-combustiveis-dos-leiloes-de-2026\/","url":"https:\/\/agenciainfra.com\/blog\/epe-divulga-precos-de-referencia-para-combustiveis-dos-leiloes-de-2026\/","name":"EPE divulga pre\u00e7os de refer\u00eancia para combust\u00edveis dos leil\u00f5es de 2026 - Ag\u00eancia iNFRA","isPartOf":{"@id":"https:\/\/agenciainfra.com\/blog\/#website"},"primaryImageOfPage":{"@id":"https:\/\/agenciainfra.com\/blog\/epe-divulga-precos-de-referencia-para-combustiveis-dos-leiloes-de-2026\/#primaryimage"},"image":{"@id":"https:\/\/agenciainfra.com\/blog\/epe-divulga-precos-de-referencia-para-combustiveis-dos-leiloes-de-2026\/#primaryimage"},"thumbnailUrl":"https:\/\/agenciainfra.com\/blog\/wp-content\/uploads\/2025\/09\/usina-termica-foto-dominio-publico.jpg","datePublished":"2025-11-12T19:33:08+00:00","dateModified":"2025-11-12T19:33:10+00:00","breadcrumb":{"@id":"https:\/\/agenciainfra.com\/blog\/epe-divulga-precos-de-referencia-para-combustiveis-dos-leiloes-de-2026\/#breadcrumb"},"inLanguage":"pt-BR","potentialAction":[{"@type":"ReadAction","target":["https:\/\/agenciainfra.com\/blog\/epe-divulga-precos-de-referencia-para-combustiveis-dos-leiloes-de-2026\/"]}]},{"@type":"ImageObject","inLanguage":"pt-BR","@id":"https:\/\/agenciainfra.com\/blog\/epe-divulga-precos-de-referencia-para-combustiveis-dos-leiloes-de-2026\/#primaryimage","url":"https:\/\/agenciainfra.com\/blog\/wp-content\/uploads\/2025\/09\/usina-termica-foto-dominio-publico.jpg","contentUrl":"https:\/\/agenciainfra.com\/blog\/wp-content\/uploads\/2025\/09\/usina-termica-foto-dominio-publico.jpg","width":1280,"height":850,"caption":"Foto: Dom\u00ednio P\u00fablico"},{"@type":"BreadcrumbList","@id":"https:\/\/agenciainfra.com\/blog\/epe-divulga-precos-de-referencia-para-combustiveis-dos-leiloes-de-2026\/#breadcrumb","itemListElement":[{"@type":"ListItem","position":1,"name":"In\u00edcio","item":"https:\/\/agenciainfra.com\/blog\/"},{"@type":"ListItem","position":2,"name":"EPE divulga pre\u00e7os de refer\u00eancia para combust\u00edveis dos leil\u00f5es de 2026"}]},{"@type":"WebSite","@id":"https:\/\/agenciainfra.com\/blog\/#website","url":"https:\/\/agenciainfra.com\/blog\/","name":"Ag\u00eancia iNFRA","description":"Multiplataforma de informa\u00e7\u00e3o jornal\u00edstica refer\u00eancia na \u00e1rea de infraestrutura no Brasil!","publisher":{"@id":"https:\/\/agenciainfra.com\/blog\/#organization"},"potentialAction":[{"@type":"SearchAction","target":{"@type":"EntryPoint","urlTemplate":"https:\/\/agenciainfra.com\/blog\/?s={search_term_string}"},"query-input":{"@type":"PropertyValueSpecification","valueRequired":true,"valueName":"search_term_string"}}],"inLanguage":"pt-BR"},{"@type":"Organization","@id":"https:\/\/agenciainfra.com\/blog\/#organization","name":"Ag\u00eancia iNFRA","url":"https:\/\/agenciainfra.com\/blog\/","logo":{"@type":"ImageObject","inLanguage":"pt-BR","@id":"https:\/\/agenciainfra.com\/blog\/#\/schema\/logo\/image\/","url":"https:\/\/agenciainfra.com\/blog\/wp-content\/uploads\/2023\/09\/iNFRA_5-e1761735885940.png","contentUrl":"https:\/\/agenciainfra.com\/blog\/wp-content\/uploads\/2023\/09\/iNFRA_5-e1761735885940.png","width":1672,"height":454,"caption":"Ag\u00eancia iNFRA"},"image":{"@id":"https:\/\/agenciainfra.com\/blog\/#\/schema\/logo\/image\/"},"sameAs":["https:\/\/www.facebook.com\/ageninfra","https:\/\/x.com\/agencia_infra","https:\/\/www.linkedin.com\/company\/ag\u00eanciainfra\/","https:\/\/www.instagram.com\/agenciainfra\/"]},{"@type":"Person","@id":"https:\/\/agenciainfra.com\/blog\/#\/schema\/person\/34af08dff6adea4cb22b06612ba7acfa","name":"Ag\u00eancia iNFRA","image":{"@type":"ImageObject","inLanguage":"pt-BR","@id":"https:\/\/agenciainfra.com\/blog\/#\/schema\/person\/image\/","url":"https:\/\/secure.gravatar.com\/avatar\/d189e01678f06d8eb84d4e01f08eb848b3fffe3f8443818d3c356c66892f5be8?s=96&d=mm&r=g","contentUrl":"https:\/\/secure.gravatar.com\/avatar\/d189e01678f06d8eb84d4e01f08eb848b3fffe3f8443818d3c356c66892f5be8?s=96&d=mm&r=g","caption":"Ag\u00eancia iNFRA"},"url":"https:\/\/agenciainfra.com\/blog\/author\/admin\/"}]}},"_links":{"self":[{"href":"https:\/\/agenciainfra.com\/blog\/wp-json\/wp\/v2\/posts\/32096","targetHints":{"allow":["GET"]}}],"collection":[{"href":"https:\/\/agenciainfra.com\/blog\/wp-json\/wp\/v2\/posts"}],"about":[{"href":"https:\/\/agenciainfra.com\/blog\/wp-json\/wp\/v2\/types\/post"}],"author":[{"embeddable":true,"href":"https:\/\/agenciainfra.com\/blog\/wp-json\/wp\/v2\/users\/1"}],"replies":[{"embeddable":true,"href":"https:\/\/agenciainfra.com\/blog\/wp-json\/wp\/v2\/comments?post=32096"}],"version-history":[{"count":3,"href":"https:\/\/agenciainfra.com\/blog\/wp-json\/wp\/v2\/posts\/32096\/revisions"}],"predecessor-version":[{"id":32103,"href":"https:\/\/agenciainfra.com\/blog\/wp-json\/wp\/v2\/posts\/32096\/revisions\/32103"}],"wp:featuredmedia":[{"embeddable":true,"href":"https:\/\/agenciainfra.com\/blog\/wp-json\/wp\/v2\/media\/28755"}],"wp:attachment":[{"href":"https:\/\/agenciainfra.com\/blog\/wp-json\/wp\/v2\/media?parent=32096"}],"wp:term":[{"taxonomy":"category","embeddable":true,"href":"https:\/\/agenciainfra.com\/blog\/wp-json\/wp\/v2\/categories?post=32096"},{"taxonomy":"post_tag","embeddable":true,"href":"https:\/\/agenciainfra.com\/blog\/wp-json\/wp\/v2\/tags?post=32096"}],"curies":[{"name":"wp","href":"https:\/\/api.w.org\/{rel}","templated":true}]}}