{"id":32104,"date":"2025-11-12T16:26:38","date_gmt":"2025-11-12T19:26:38","guid":{"rendered":"https:\/\/agenciainfra.com\/blog\/?p=32104"},"modified":"2025-11-13T14:22:55","modified_gmt":"2025-11-13T17:22:55","slug":"ministros-do-tcu-criticam-atuacao-do-ibama-em-projetos-de-infraestrutura","status":"publish","type":"post","link":"https:\/\/agenciainfra.com\/blog\/ministros-do-tcu-criticam-atuacao-do-ibama-em-projetos-de-infraestrutura\/","title":{"rendered":"Ministros do TCU criticam atua\u00e7\u00e3o do Ibama em projetos de infraestrutura"},"content":{"rendered":"\n<p class=\"has-text-align-right\"><strong>Amanda Pupo e Gabriel Vasconcelos, da Ag\u00eancia iNFRA<\/strong><\/p>\n\n\n\n<p>Ministros do TCU (Tribunal de Contas da Uni\u00e3o) teceram duras cr\u00edticas ao Ibama (Instituto Brasileiro do Meio Ambiente e dos Recursos Naturais Renov\u00e1veis) no in\u00edcio da sess\u00e3o plen\u00e1ria dessa quarta-feira (12). As falas mais incisivas vieram do ministro Walton Alencar, para quem o \u00f3rg\u00e3o foi \u201ccapturado por ONGs custeadas por capital estrangeiro\u201d e est\u00e1 \u201cimpedindo o desenvolvimento do Brasil\u201d. Ele chegou a falar em &#8220;c\u00e2ncer dentro da administra\u00e7\u00e3o federal&#8221;.&nbsp;<\/p>\n\n\n\n<p>O tema surgiu a partir da insatisfa\u00e7\u00e3o de Alencar pelo fato de o Ibama ainda n\u00e3o ter emitido a LO (Licen\u00e7a de Opera\u00e7\u00e3o) para um trecho da ferrovia Transnordestina. O ministro, que relata processo a este respeito, disse ter recebido um \u201ccalhama\u00e7o\u201d de 160 p\u00e1ginas com explica\u00e7\u00f5es do Ibama sobre o caso, o que lhe causou irrita\u00e7\u00e3o.&nbsp;<\/p>\n\n\n\n<p>\u201cQuem manda 160 p\u00e1ginas de documentos \u00e9 que n\u00e3o d\u00e1 conta de falar as raz\u00f5es que levaram ao impedimento do funcionamento da principal obra estatal realizada em tr\u00eas p\u00e1ginas, ou seja, \u00e9 quem n\u00e3o tem raz\u00e3o\u201d.&nbsp;<\/p>\n\n\n\n<p><strong>Margem Equatorial<\/strong><br>Nessa mesma linha, depois, Walton Alencar&nbsp;citou a demora para a&nbsp;Petrobras receber a licen\u00e7a ambiental&nbsp;para&nbsp;procurar petr\u00f3leo no litoral do Amap\u00e1, na chamada&nbsp;Margem Equatorial, evocado pelo colega Bruno Dantas.&nbsp;<\/p>\n\n\n\n<p>Dantas relata um processo com representa\u00e7\u00e3o contra o Ibama no caso da Margem Equatorial, e aproveitou o ensejo para informar&nbsp;ao plen\u00e1rio que n\u00e3o vai arquivar o caso, embora tenha sido essa&nbsp;a proposta da unidade de instru\u00e7\u00e3o.&nbsp;<\/p>\n\n\n\n<p>&#8220;Vou aprofundar, dissecar. Quero entender as raz\u00f5es do porqu\u00ea uma licen\u00e7a que deveria ser comezinha, para se fazer estudos e pesquisas sobre a explora\u00e7\u00e3o, levou tantos anos. N\u00e3o \u00e9 ainda para explorar o petr\u00f3leo. [Quero entender] se houve raz\u00f5es t\u00e9cnicas ou se foi mero sentimento preponderante que atrasou essa licen\u00e7a&#8221;, disse Bruno Dantas.&nbsp;<\/p>\n\n\n\n<p>Sobre isso, Walton Alencar indicou ter desconfian\u00e7as com rela\u00e7\u00e3o aos interesses do Ibama. \u201cNa minha vis\u00e3o inicial, o Ibama foi capturado por ONGs que s\u00e3o em grande parte custeadas com o capital estrangeiro. Ao mesmo tempo que vem presidente da Fran\u00e7a ao Brasil para criticar a produ\u00e7\u00e3o da soja no Brasil, as empresas francesas s\u00e3o as que exploram o petr\u00f3leo no pa\u00eds que faz fronteira com o Brasil na Margem Equatorial. N\u00f3s temos um \u00f3rg\u00e3o estatal que \u00e9 o Ibama impedindo o desenvolvimento do Brasil\u201d, afirmou.<\/p>\n\n\n\n<p>\u201cParece que \u00e9 uma ONG que se encastelou dentro de um \u00f3rg\u00e3o estatal com interesses duvidosos que n\u00e3o s\u00e3o os interesses brasileiros que movem essa entidade\u201d, completou o ministro.<\/p>\n\n\n\n<p><strong>F\u00e1brica de Multas e Belo Monte &nbsp;<\/strong><br>O ministro Jhonatan de Jesus chegou a dizer que o \u00f3rg\u00e3o ambiental se tornou uma &#8220;f\u00e1brica de multas por sat\u00e9lite&#8221; sem, depois, dar respostas a estados e munic\u00edpios. Ele sugeriu uma auditoria da corte sobre a quest\u00e3o.&nbsp;<\/p>\n\n\n\n<p>\u00daltimo a se pronunciar, Benjamin Zymler disse que analisa a condu\u00e7\u00e3o do Ibama em processo sobre Belo Monte, pela indefini\u00e7\u00e3o do hidrograma do projeto e travas do Ibama que limitam sua capacidade.<\/p>\n\n\n\n<p>&#8220;Hoje a quinta usina hidrel\u00e9trica do mundo gera muito pouco, exatamente por restri\u00e7\u00f5es dadas pelo Ibama sem que haja uma fundamenta\u00e7\u00e3o t\u00e9cnica m\u00ednima para essa diminui\u00e7\u00e3o da pot\u00eancia gerada por Belo Monte no momento em que n\u00f3s precisamos de energia firme. Sabemos dos problemas que est\u00e3o afligindo o setor el\u00e9trico, com a gera\u00e7\u00e3o distribu\u00edda, sua intermit\u00eancia. Belo Monte seria, obviamente, um fator de seguran\u00e7a h\u00eddrica, de seguran\u00e7a energ\u00e9tica para o nosso sistema el\u00e9trico&#8221;, disse Zymler.<\/p>\n\n\n\n<p>&#8220;O problema n\u00e3o \u00e9 quantos metros c\u00fabicos por segundo devem ser filtrados para que a volta do [rio] Xing\u00fa possa ser abastecida, para que possa haver manuten\u00e7\u00e3o da flor e da fauna. \u00c9 a falta de defini\u00e7\u00e3o. O Ibama n\u00e3o define, n\u00e3o estabelece coordena\u00e7\u00e3o com os outros \u00f3rg\u00e3os do setor el\u00e9trico&#8221;, continuou&nbsp;o ministro, para em seguida defender a realiza\u00e7\u00e3o de uma auditoria mais aprofundada no Ibama.&nbsp;Por ora, entretanto, ficou definido que a conduta do Ibama ser\u00e1 apreciada dentro&nbsp;de cada um dos processos citados.<\/p>\n\n\n\n<p><strong>Posicionamento Ibama<br><\/strong>Procurado pela reportagem, o Ibama disse em nota que o licenciamento ambiental conduzido pelo \u00f3rg\u00e3o \u00e9 um instrumento t\u00e9cnico e legal, previsto na Pol\u00edtica Nacional do Meio Ambiente (<a href=\"https:\/\/www.planalto.gov.br\/ccivil_03\/leis\/L6938compilada.htm\">Lei 6.938\/1981<\/a>), que &#8220;assegura a compatibiliza\u00e7\u00e3o entre a preserva\u00e7\u00e3o ambiental e o crescimento econ\u00f4mico&#8221;.<\/p>\n\n\n\n<p>O \u00f3rg\u00e3o afirmou que cada decis\u00e3o \u00e9 fundamentada em an\u00e1lises t\u00e9cnicas, pareceres especializados e crit\u00e9rios cient\u00edficos, com foco na preven\u00e7\u00e3o de danos e na seguran\u00e7a jur\u00eddica para empreendedores e para a sociedade.<\/p>\n\n\n\n<p>\u201c\u00c9 importante ressaltar que a atua\u00e7\u00e3o do Ibama se pauta pelos princ\u00edpios da administra\u00e7\u00e3o p\u00fablica estabelecidos no artigo 37 da Constitui\u00e7\u00e3o Federal: legalidade, impessoalidade, moralidade, publicidade e efici\u00eancia. Assim, o Instituto age dentro dos limites da lei, de forma transparente e t\u00e9cnica, buscando o equil\u00edbrio entre a prote\u00e7\u00e3o ambiental e o desenvolvimento do pa\u00eds\u201d, disse tamb\u00e9m o \u00f3rg\u00e3o.<\/p>\n\n\n\n<p>\u201cSeu objetivo [do licenciamento ambiental] \u00e9 garantir que obras e empreendimentos estrat\u00e9gicos avancem com seguran\u00e7a, transpar\u00eancia e responsabilidade, assegurando que o crescimento econ\u00f4mico caminhe em harmonia com a conserva\u00e7\u00e3o dos recursos naturais e o bem-estar da sociedade\u201d,&nbsp;afirmou.<\/p>\n\n\n\n<p><em>*Reportagem atualizada \u00e0s 12h50 de quinta-feira (13) para inclus\u00e3o do posicionamento do Ibama.<\/em><\/p>\n","protected":false},"excerpt":{"rendered":"<p>Amanda Pupo e Gabriel Vasconcelos, da Ag\u00eancia iNFRA Ministros do TCU (Tribunal de Contas da Uni\u00e3o) teceram duras cr\u00edticas ao Ibama (Instituto Brasileiro do Meio Ambiente e dos Recursos Naturais Renov\u00e1veis) no in\u00edcio da sess\u00e3o plen\u00e1ria dessa quarta-feira (12). As falas mais incisivas vieram do ministro Walton Alencar, para quem o \u00f3rg\u00e3o foi \u201ccapturado por [&hellip;]<\/p>\n","protected":false},"author":1,"featured_media":21881,"comment_status":"closed","ping_status":"closed","sticky":false,"template":"","format":"standard","meta":{"_monsterinsights_skip_tracking":false,"_monsterinsights_sitenote_active":false,"_monsterinsights_sitenote_note":"","_monsterinsights_sitenote_category":0,"footnotes":""},"categories":[7250,7],"tags":[13354,3170,490,396,12342,13251,749,34,3125,16891,13269,927,1204],"class_list":["post-32104","post","type-post","status-publish","format-standard","has-post-thumbnail","hentry","category-destaque-lista","category-infratransporte","tag-amanda-pupo","tag-belo-monte","tag-benjamin-zymler","tag-bruno-dantas","tag-ferrovia-transnordestina","tag-gabriel-vasconcelos","tag-ibama","tag-infraestrutura","tag-jhonatan-de-jesus","tag-licenca-de-operacao","tag-margem-equatorial","tag-tribunal-de-contas-da-uniao","tag-walton-alencar"],"yoast_head":"<!-- This site is optimized with the Yoast SEO Premium plugin v25.4 (Yoast SEO v26.0) - https:\/\/yoast.com\/wordpress\/plugins\/seo\/ -->\n<title>Ministros do TCU criticam atua\u00e7\u00e3o do Ibama em projetos de infraestrutura - Ag\u00eancia iNFRA<\/title>\n<meta name=\"robots\" content=\"index, follow, max-snippet:-1, max-image-preview:large, max-video-preview:-1\" \/>\n<link rel=\"canonical\" href=\"https:\/\/agenciainfra.com\/blog\/ministros-do-tcu-criticam-atuacao-do-ibama-em-projetos-de-infraestrutura\/\" \/>\n<meta property=\"og:locale\" content=\"pt_BR\" \/>\n<meta property=\"og:type\" content=\"article\" \/>\n<meta property=\"og:title\" content=\"Ministros do TCU criticam atua\u00e7\u00e3o do Ibama em projetos de infraestrutura\" \/>\n<meta property=\"og:description\" content=\"Amanda Pupo e Gabriel Vasconcelos, da Ag\u00eancia iNFRA Ministros do TCU (Tribunal de Contas da Uni\u00e3o) teceram duras cr\u00edticas ao Ibama (Instituto Brasileiro do Meio Ambiente e dos Recursos Naturais Renov\u00e1veis) no in\u00edcio da sess\u00e3o plen\u00e1ria dessa quarta-feira (12). As falas mais incisivas vieram do ministro Walton Alencar, para quem o \u00f3rg\u00e3o foi \u201ccapturado por [&hellip;]\" \/>\n<meta property=\"og:url\" content=\"https:\/\/agenciainfra.com\/blog\/ministros-do-tcu-criticam-atuacao-do-ibama-em-projetos-de-infraestrutura\/\" \/>\n<meta property=\"og:site_name\" content=\"Ag\u00eancia iNFRA\" \/>\n<meta property=\"article:publisher\" content=\"https:\/\/www.facebook.com\/ageninfra\" \/>\n<meta property=\"article:published_time\" content=\"2025-11-12T19:26:38+00:00\" \/>\n<meta property=\"article:modified_time\" content=\"2025-11-13T17:22:55+00:00\" \/>\n<meta property=\"og:image\" content=\"https:\/\/agenciainfra.com\/blog\/wp-content\/uploads\/2025\/05\/fachada-ibama-foto-divulgacao.png\" \/>\n\t<meta property=\"og:image:width\" content=\"1280\" \/>\n\t<meta property=\"og:image:height\" content=\"859\" \/>\n\t<meta property=\"og:image:type\" content=\"image\/png\" \/>\n<meta name=\"author\" content=\"Ag\u00eancia iNFRA\" \/>\n<meta name=\"twitter:card\" content=\"summary_large_image\" \/>\n<meta name=\"twitter:creator\" content=\"@agencia_infra\" \/>\n<meta name=\"twitter:site\" content=\"@agencia_infra\" \/>\n<meta name=\"twitter:label1\" content=\"Escrito por\" \/>\n\t<meta name=\"twitter:data1\" content=\"Ag\u00eancia iNFRA\" \/>\n\t<meta name=\"twitter:label2\" content=\"Est. tempo de leitura\" \/>\n\t<meta name=\"twitter:data2\" content=\"5 minutos\" \/>\n<script type=\"application\/ld+json\" class=\"yoast-schema-graph\">{\"@context\":\"https:\/\/schema.org\",\"@graph\":[{\"@type\":\"Article\",\"@id\":\"https:\/\/agenciainfra.com\/blog\/ministros-do-tcu-criticam-atuacao-do-ibama-em-projetos-de-infraestrutura\/#article\",\"isPartOf\":{\"@id\":\"https:\/\/agenciainfra.com\/blog\/ministros-do-tcu-criticam-atuacao-do-ibama-em-projetos-de-infraestrutura\/\"},\"author\":{\"name\":\"Ag\u00eancia iNFRA\",\"@id\":\"https:\/\/agenciainfra.com\/blog\/#\/schema\/person\/34af08dff6adea4cb22b06612ba7acfa\"},\"headline\":\"Ministros do TCU criticam atua\u00e7\u00e3o do Ibama em projetos de infraestrutura\",\"datePublished\":\"2025-11-12T19:26:38+00:00\",\"dateModified\":\"2025-11-13T17:22:55+00:00\",\"mainEntityOfPage\":{\"@id\":\"https:\/\/agenciainfra.com\/blog\/ministros-do-tcu-criticam-atuacao-do-ibama-em-projetos-de-infraestrutura\/\"},\"wordCount\":967,\"publisher\":{\"@id\":\"https:\/\/agenciainfra.com\/blog\/#organization\"},\"image\":{\"@id\":\"https:\/\/agenciainfra.com\/blog\/ministros-do-tcu-criticam-atuacao-do-ibama-em-projetos-de-infraestrutura\/#primaryimage\"},\"thumbnailUrl\":\"https:\/\/agenciainfra.com\/blog\/wp-content\/uploads\/2025\/05\/fachada-ibama-foto-divulgacao.png\",\"keywords\":[\"Amanda Pupo\",\"Belo Monte\",\"Benjamin Zymler\",\"Bruno Dantas\",\"Ferrovia Transnordestina\",\"Gabriel Vasconcelos\",\"Ibama\",\"Infraestrutura\",\"Jhonatan de Jesus\",\"licen\u00e7a de opera\u00e7\u00e3o\",\"margem equatorial\",\"Tribunal de Contas da Uni\u00e3o\",\"Walton Alencar\"],\"articleSection\":[\"Destaque lista\",\"iNFRATransporte\"],\"inLanguage\":\"pt-BR\",\"copyrightYear\":\"2025\",\"copyrightHolder\":{\"@id\":\"https:\/\/agenciainfra.com\/blog\/#organization\"}},{\"@type\":\"WebPage\",\"@id\":\"https:\/\/agenciainfra.com\/blog\/ministros-do-tcu-criticam-atuacao-do-ibama-em-projetos-de-infraestrutura\/\",\"url\":\"https:\/\/agenciainfra.com\/blog\/ministros-do-tcu-criticam-atuacao-do-ibama-em-projetos-de-infraestrutura\/\",\"name\":\"Ministros do TCU criticam atua\u00e7\u00e3o do Ibama em projetos de infraestrutura - Ag\u00eancia iNFRA\",\"isPartOf\":{\"@id\":\"https:\/\/agenciainfra.com\/blog\/#website\"},\"primaryImageOfPage\":{\"@id\":\"https:\/\/agenciainfra.com\/blog\/ministros-do-tcu-criticam-atuacao-do-ibama-em-projetos-de-infraestrutura\/#primaryimage\"},\"image\":{\"@id\":\"https:\/\/agenciainfra.com\/blog\/ministros-do-tcu-criticam-atuacao-do-ibama-em-projetos-de-infraestrutura\/#primaryimage\"},\"thumbnailUrl\":\"https:\/\/agenciainfra.com\/blog\/wp-content\/uploads\/2025\/05\/fachada-ibama-foto-divulgacao.png\",\"datePublished\":\"2025-11-12T19:26:38+00:00\",\"dateModified\":\"2025-11-13T17:22:55+00:00\",\"breadcrumb\":{\"@id\":\"https:\/\/agenciainfra.com\/blog\/ministros-do-tcu-criticam-atuacao-do-ibama-em-projetos-de-infraestrutura\/#breadcrumb\"},\"inLanguage\":\"pt-BR\",\"potentialAction\":[{\"@type\":\"ReadAction\",\"target\":[\"https:\/\/agenciainfra.com\/blog\/ministros-do-tcu-criticam-atuacao-do-ibama-em-projetos-de-infraestrutura\/\"]}]},{\"@type\":\"ImageObject\",\"inLanguage\":\"pt-BR\",\"@id\":\"https:\/\/agenciainfra.com\/blog\/ministros-do-tcu-criticam-atuacao-do-ibama-em-projetos-de-infraestrutura\/#primaryimage\",\"url\":\"https:\/\/agenciainfra.com\/blog\/wp-content\/uploads\/2025\/05\/fachada-ibama-foto-divulgacao.png\",\"contentUrl\":\"https:\/\/agenciainfra.com\/blog\/wp-content\/uploads\/2025\/05\/fachada-ibama-foto-divulgacao.png\",\"width\":1280,\"height\":859,\"caption\":\"Foto: Ibama\"},{\"@type\":\"BreadcrumbList\",\"@id\":\"https:\/\/agenciainfra.com\/blog\/ministros-do-tcu-criticam-atuacao-do-ibama-em-projetos-de-infraestrutura\/#breadcrumb\",\"itemListElement\":[{\"@type\":\"ListItem\",\"position\":1,\"name\":\"In\u00edcio\",\"item\":\"https:\/\/agenciainfra.com\/blog\/\"},{\"@type\":\"ListItem\",\"position\":2,\"name\":\"Ministros do TCU criticam atua\u00e7\u00e3o do Ibama em projetos de infraestrutura\"}]},{\"@type\":\"WebSite\",\"@id\":\"https:\/\/agenciainfra.com\/blog\/#website\",\"url\":\"https:\/\/agenciainfra.com\/blog\/\",\"name\":\"Ag\u00eancia iNFRA\",\"description\":\"Multiplataforma de informa\u00e7\u00e3o jornal\u00edstica refer\u00eancia na \u00e1rea de infraestrutura no Brasil!\",\"publisher\":{\"@id\":\"https:\/\/agenciainfra.com\/blog\/#organization\"},\"potentialAction\":[{\"@type\":\"SearchAction\",\"target\":{\"@type\":\"EntryPoint\",\"urlTemplate\":\"https:\/\/agenciainfra.com\/blog\/?s={search_term_string}\"},\"query-input\":{\"@type\":\"PropertyValueSpecification\",\"valueRequired\":true,\"valueName\":\"search_term_string\"}}],\"inLanguage\":\"pt-BR\"},{\"@type\":\"Organization\",\"@id\":\"https:\/\/agenciainfra.com\/blog\/#organization\",\"name\":\"Ag\u00eancia iNFRA\",\"url\":\"https:\/\/agenciainfra.com\/blog\/\",\"logo\":{\"@type\":\"ImageObject\",\"inLanguage\":\"pt-BR\",\"@id\":\"https:\/\/agenciainfra.com\/blog\/#\/schema\/logo\/image\/\",\"url\":\"https:\/\/agenciainfra.com\/blog\/wp-content\/uploads\/2023\/09\/iNFRA_5-e1761735885940.png\",\"contentUrl\":\"https:\/\/agenciainfra.com\/blog\/wp-content\/uploads\/2023\/09\/iNFRA_5-e1761735885940.png\",\"width\":1672,\"height\":454,\"caption\":\"Ag\u00eancia iNFRA\"},\"image\":{\"@id\":\"https:\/\/agenciainfra.com\/blog\/#\/schema\/logo\/image\/\"},\"sameAs\":[\"https:\/\/www.facebook.com\/ageninfra\",\"https:\/\/x.com\/agencia_infra\",\"https:\/\/www.linkedin.com\/company\/ag\u00eanciainfra\/\",\"https:\/\/www.instagram.com\/agenciainfra\/\"]},{\"@type\":\"Person\",\"@id\":\"https:\/\/agenciainfra.com\/blog\/#\/schema\/person\/34af08dff6adea4cb22b06612ba7acfa\",\"name\":\"Ag\u00eancia iNFRA\",\"image\":{\"@type\":\"ImageObject\",\"inLanguage\":\"pt-BR\",\"@id\":\"https:\/\/agenciainfra.com\/blog\/#\/schema\/person\/image\/\",\"url\":\"https:\/\/secure.gravatar.com\/avatar\/d189e01678f06d8eb84d4e01f08eb848b3fffe3f8443818d3c356c66892f5be8?s=96&d=mm&r=g\",\"contentUrl\":\"https:\/\/secure.gravatar.com\/avatar\/d189e01678f06d8eb84d4e01f08eb848b3fffe3f8443818d3c356c66892f5be8?s=96&d=mm&r=g\",\"caption\":\"Ag\u00eancia iNFRA\"},\"url\":\"https:\/\/agenciainfra.com\/blog\/author\/admin\/\"}]}<\/script>\n<!-- \/ Yoast SEO Premium plugin. -->","yoast_head_json":{"title":"Ministros do TCU criticam atua\u00e7\u00e3o do Ibama em projetos de infraestrutura - Ag\u00eancia iNFRA","robots":{"index":"index","follow":"follow","max-snippet":"max-snippet:-1","max-image-preview":"max-image-preview:large","max-video-preview":"max-video-preview:-1"},"canonical":"https:\/\/agenciainfra.com\/blog\/ministros-do-tcu-criticam-atuacao-do-ibama-em-projetos-de-infraestrutura\/","og_locale":"pt_BR","og_type":"article","og_title":"Ministros do TCU criticam atua\u00e7\u00e3o do Ibama em projetos de infraestrutura","og_description":"Amanda Pupo e Gabriel Vasconcelos, da Ag\u00eancia iNFRA Ministros do TCU (Tribunal de Contas da Uni\u00e3o) teceram duras cr\u00edticas ao Ibama (Instituto Brasileiro do Meio Ambiente e dos Recursos Naturais Renov\u00e1veis) no in\u00edcio da sess\u00e3o plen\u00e1ria dessa quarta-feira (12). As falas mais incisivas vieram do ministro Walton Alencar, para quem o \u00f3rg\u00e3o foi \u201ccapturado por [&hellip;]","og_url":"https:\/\/agenciainfra.com\/blog\/ministros-do-tcu-criticam-atuacao-do-ibama-em-projetos-de-infraestrutura\/","og_site_name":"Ag\u00eancia iNFRA","article_publisher":"https:\/\/www.facebook.com\/ageninfra","article_published_time":"2025-11-12T19:26:38+00:00","article_modified_time":"2025-11-13T17:22:55+00:00","og_image":[{"width":1280,"height":859,"url":"https:\/\/agenciainfra.com\/blog\/wp-content\/uploads\/2025\/05\/fachada-ibama-foto-divulgacao.png","type":"image\/png"}],"author":"Ag\u00eancia iNFRA","twitter_card":"summary_large_image","twitter_creator":"@agencia_infra","twitter_site":"@agencia_infra","twitter_misc":{"Escrito por":"Ag\u00eancia iNFRA","Est. tempo de leitura":"5 minutos"},"schema":{"@context":"https:\/\/schema.org","@graph":[{"@type":"Article","@id":"https:\/\/agenciainfra.com\/blog\/ministros-do-tcu-criticam-atuacao-do-ibama-em-projetos-de-infraestrutura\/#article","isPartOf":{"@id":"https:\/\/agenciainfra.com\/blog\/ministros-do-tcu-criticam-atuacao-do-ibama-em-projetos-de-infraestrutura\/"},"author":{"name":"Ag\u00eancia iNFRA","@id":"https:\/\/agenciainfra.com\/blog\/#\/schema\/person\/34af08dff6adea4cb22b06612ba7acfa"},"headline":"Ministros do TCU criticam atua\u00e7\u00e3o do Ibama em projetos de infraestrutura","datePublished":"2025-11-12T19:26:38+00:00","dateModified":"2025-11-13T17:22:55+00:00","mainEntityOfPage":{"@id":"https:\/\/agenciainfra.com\/blog\/ministros-do-tcu-criticam-atuacao-do-ibama-em-projetos-de-infraestrutura\/"},"wordCount":967,"publisher":{"@id":"https:\/\/agenciainfra.com\/blog\/#organization"},"image":{"@id":"https:\/\/agenciainfra.com\/blog\/ministros-do-tcu-criticam-atuacao-do-ibama-em-projetos-de-infraestrutura\/#primaryimage"},"thumbnailUrl":"https:\/\/agenciainfra.com\/blog\/wp-content\/uploads\/2025\/05\/fachada-ibama-foto-divulgacao.png","keywords":["Amanda Pupo","Belo Monte","Benjamin Zymler","Bruno Dantas","Ferrovia Transnordestina","Gabriel Vasconcelos","Ibama","Infraestrutura","Jhonatan de Jesus","licen\u00e7a de opera\u00e7\u00e3o","margem equatorial","Tribunal de Contas da Uni\u00e3o","Walton Alencar"],"articleSection":["Destaque lista","iNFRATransporte"],"inLanguage":"pt-BR","copyrightYear":"2025","copyrightHolder":{"@id":"https:\/\/agenciainfra.com\/blog\/#organization"}},{"@type":"WebPage","@id":"https:\/\/agenciainfra.com\/blog\/ministros-do-tcu-criticam-atuacao-do-ibama-em-projetos-de-infraestrutura\/","url":"https:\/\/agenciainfra.com\/blog\/ministros-do-tcu-criticam-atuacao-do-ibama-em-projetos-de-infraestrutura\/","name":"Ministros do TCU criticam atua\u00e7\u00e3o do Ibama em projetos de infraestrutura - Ag\u00eancia iNFRA","isPartOf":{"@id":"https:\/\/agenciainfra.com\/blog\/#website"},"primaryImageOfPage":{"@id":"https:\/\/agenciainfra.com\/blog\/ministros-do-tcu-criticam-atuacao-do-ibama-em-projetos-de-infraestrutura\/#primaryimage"},"image":{"@id":"https:\/\/agenciainfra.com\/blog\/ministros-do-tcu-criticam-atuacao-do-ibama-em-projetos-de-infraestrutura\/#primaryimage"},"thumbnailUrl":"https:\/\/agenciainfra.com\/blog\/wp-content\/uploads\/2025\/05\/fachada-ibama-foto-divulgacao.png","datePublished":"2025-11-12T19:26:38+00:00","dateModified":"2025-11-13T17:22:55+00:00","breadcrumb":{"@id":"https:\/\/agenciainfra.com\/blog\/ministros-do-tcu-criticam-atuacao-do-ibama-em-projetos-de-infraestrutura\/#breadcrumb"},"inLanguage":"pt-BR","potentialAction":[{"@type":"ReadAction","target":["https:\/\/agenciainfra.com\/blog\/ministros-do-tcu-criticam-atuacao-do-ibama-em-projetos-de-infraestrutura\/"]}]},{"@type":"ImageObject","inLanguage":"pt-BR","@id":"https:\/\/agenciainfra.com\/blog\/ministros-do-tcu-criticam-atuacao-do-ibama-em-projetos-de-infraestrutura\/#primaryimage","url":"https:\/\/agenciainfra.com\/blog\/wp-content\/uploads\/2025\/05\/fachada-ibama-foto-divulgacao.png","contentUrl":"https:\/\/agenciainfra.com\/blog\/wp-content\/uploads\/2025\/05\/fachada-ibama-foto-divulgacao.png","width":1280,"height":859,"caption":"Foto: Ibama"},{"@type":"BreadcrumbList","@id":"https:\/\/agenciainfra.com\/blog\/ministros-do-tcu-criticam-atuacao-do-ibama-em-projetos-de-infraestrutura\/#breadcrumb","itemListElement":[{"@type":"ListItem","position":1,"name":"In\u00edcio","item":"https:\/\/agenciainfra.com\/blog\/"},{"@type":"ListItem","position":2,"name":"Ministros do TCU criticam atua\u00e7\u00e3o do Ibama em projetos de infraestrutura"}]},{"@type":"WebSite","@id":"https:\/\/agenciainfra.com\/blog\/#website","url":"https:\/\/agenciainfra.com\/blog\/","name":"Ag\u00eancia iNFRA","description":"Multiplataforma de informa\u00e7\u00e3o jornal\u00edstica refer\u00eancia na \u00e1rea de infraestrutura no Brasil!","publisher":{"@id":"https:\/\/agenciainfra.com\/blog\/#organization"},"potentialAction":[{"@type":"SearchAction","target":{"@type":"EntryPoint","urlTemplate":"https:\/\/agenciainfra.com\/blog\/?s={search_term_string}"},"query-input":{"@type":"PropertyValueSpecification","valueRequired":true,"valueName":"search_term_string"}}],"inLanguage":"pt-BR"},{"@type":"Organization","@id":"https:\/\/agenciainfra.com\/blog\/#organization","name":"Ag\u00eancia iNFRA","url":"https:\/\/agenciainfra.com\/blog\/","logo":{"@type":"ImageObject","inLanguage":"pt-BR","@id":"https:\/\/agenciainfra.com\/blog\/#\/schema\/logo\/image\/","url":"https:\/\/agenciainfra.com\/blog\/wp-content\/uploads\/2023\/09\/iNFRA_5-e1761735885940.png","contentUrl":"https:\/\/agenciainfra.com\/blog\/wp-content\/uploads\/2023\/09\/iNFRA_5-e1761735885940.png","width":1672,"height":454,"caption":"Ag\u00eancia iNFRA"},"image":{"@id":"https:\/\/agenciainfra.com\/blog\/#\/schema\/logo\/image\/"},"sameAs":["https:\/\/www.facebook.com\/ageninfra","https:\/\/x.com\/agencia_infra","https:\/\/www.linkedin.com\/company\/ag\u00eanciainfra\/","https:\/\/www.instagram.com\/agenciainfra\/"]},{"@type":"Person","@id":"https:\/\/agenciainfra.com\/blog\/#\/schema\/person\/34af08dff6adea4cb22b06612ba7acfa","name":"Ag\u00eancia iNFRA","image":{"@type":"ImageObject","inLanguage":"pt-BR","@id":"https:\/\/agenciainfra.com\/blog\/#\/schema\/person\/image\/","url":"https:\/\/secure.gravatar.com\/avatar\/d189e01678f06d8eb84d4e01f08eb848b3fffe3f8443818d3c356c66892f5be8?s=96&d=mm&r=g","contentUrl":"https:\/\/secure.gravatar.com\/avatar\/d189e01678f06d8eb84d4e01f08eb848b3fffe3f8443818d3c356c66892f5be8?s=96&d=mm&r=g","caption":"Ag\u00eancia iNFRA"},"url":"https:\/\/agenciainfra.com\/blog\/author\/admin\/"}]}},"_links":{"self":[{"href":"https:\/\/agenciainfra.com\/blog\/wp-json\/wp\/v2\/posts\/32104","targetHints":{"allow":["GET"]}}],"collection":[{"href":"https:\/\/agenciainfra.com\/blog\/wp-json\/wp\/v2\/posts"}],"about":[{"href":"https:\/\/agenciainfra.com\/blog\/wp-json\/wp\/v2\/types\/post"}],"author":[{"embeddable":true,"href":"https:\/\/agenciainfra.com\/blog\/wp-json\/wp\/v2\/users\/1"}],"replies":[{"embeddable":true,"href":"https:\/\/agenciainfra.com\/blog\/wp-json\/wp\/v2\/comments?post=32104"}],"version-history":[{"count":6,"href":"https:\/\/agenciainfra.com\/blog\/wp-json\/wp\/v2\/posts\/32104\/revisions"}],"predecessor-version":[{"id":32167,"href":"https:\/\/agenciainfra.com\/blog\/wp-json\/wp\/v2\/posts\/32104\/revisions\/32167"}],"wp:featuredmedia":[{"embeddable":true,"href":"https:\/\/agenciainfra.com\/blog\/wp-json\/wp\/v2\/media\/21881"}],"wp:attachment":[{"href":"https:\/\/agenciainfra.com\/blog\/wp-json\/wp\/v2\/media?parent=32104"}],"wp:term":[{"taxonomy":"category","embeddable":true,"href":"https:\/\/agenciainfra.com\/blog\/wp-json\/wp\/v2\/categories?post=32104"},{"taxonomy":"post_tag","embeddable":true,"href":"https:\/\/agenciainfra.com\/blog\/wp-json\/wp\/v2\/tags?post=32104"}],"curies":[{"name":"wp","href":"https:\/\/api.w.org\/{rel}","templated":true}]}}