{"id":3211,"date":"2019-05-25T08:00:22","date_gmt":"2019-05-25T11:00:22","guid":{"rendered":"http:\/\/www.agenciainfra.com\/blog\/?p=3211"},"modified":"2019-05-23T14:18:18","modified_gmt":"2019-05-23T17:18:18","slug":"ministro-da-infraestrutura-desanimou-sobre-projeto-para-fusao-de-agencias","status":"publish","type":"post","link":"https:\/\/agenciainfra.com\/blog\/ministro-da-infraestrutura-desanimou-sobre-projeto-para-fusao-de-agencias\/","title":{"rendered":"Ministro da Infraestrutura &#8216;desanimou&#8217; sobre projeto para fus\u00e3o de ag\u00eancias"},"content":{"rendered":"<div>\n<h5 style=\"text-align: right;\"><strong>da Ag\u00eancia iNFRA<\/strong><\/h5>\n<p>O ministro da Infraestrutura, Tarc\u00edsio de Freitas, afirmou que pode rever sua posi\u00e7\u00e3o de defender a extin\u00e7\u00e3o das ag\u00eancias reguladoras do setor de transportes \u2013 ANTT (Transportes Terrestres) e ANTAQ (Transportes Aquavi\u00e1rios) \u2013 que seriam fundidas em uma nova ag\u00eancia, a ANT.<\/p>\n<p>Freitas estava na mesa de especialista sobre transportes do Abdib F\u00f3rum 2019 \u2013 Estrat\u00e9gias para a Retomada da Infraestrutura, realizado na \u00faltima ter\u00e7a-feira (21), em Bras\u00edlia, e elogiava a fala do diretor-geral da ANTAQ, M\u00e1rio Povia, dizendo que tinha d\u00favidas sobre se seguiria com o projeto de fus\u00e3o das ag\u00eancias.<\/p>\n<p>\u201cJ\u00e1 pensei em fundir as ag\u00eancias. Mas quando vejo o M\u00e1rio falando eu desanimo. A ANTAQ est\u00e1 indo bem. Deixa ela quieta l\u00e1\u201d, disse Freitas dizendo que segue com uma ang\u00fastia de n\u00e3o haver\u00a0uma regula\u00e7\u00e3o intermodal e incomodado com a grande interfer\u00eancia que as ag\u00eancias fazem no mercado. \u201cTemos que destruir a regula\u00e7\u00e3o desnecess\u00e1ria.\u201d<\/p>\n<p>Ap\u00f3s a fala na mesa do evento, em entrevista a jornalistas, o ministro afirmou que \u201cnunca teve certeza\u201d se a fus\u00e3o era o melhor caminho. Segundo ele, \u00e9 necess\u00e1rio ouvir o mercado para saber a melhor decis\u00e3o a tomar, o que vem sendo feito.<\/p>\n<p>Segundo ele, os setores t\u00eam colocado as suas posi\u00e7\u00f5es e o objetivo \u00e9 identificar se, com os problemas apresentados, o governo tem condi\u00e7\u00f5es, na nova ag\u00eancia, de encaminhar uma solu\u00e7\u00e3o para os receios dos agentes do mercado ou se, de fato, uma nova ag\u00eancia poderia piorar a regula\u00e7\u00e3o.<\/p>\n<p>\u201cO objetivo \u00e9 melhorar a regula\u00e7\u00e3o. Ela precisa de um renascimento\u201d, disse Freitas lembrando que atitudes para a melhoria j\u00e1 est\u00e3o sendo tomadas, como a aprova\u00e7\u00e3o da Lei das Ag\u00eancias, a indica\u00e7\u00e3o de novos diretores e a curva de aprendizado dos projetos executados pelos \u00f3rg\u00e3os.<\/p>\n<p>Na ter\u00e7a-feira, o PL das Ag\u00eancias foi aprovado numa comiss\u00e3o do Senado e o nome do novo indicado para a ANTT, Davi Ferreira Barreto, foi apresentado no plen\u00e1rio da Comiss\u00e3o de Infraestrutura do Senado, o que permitir\u00e1 nas pr\u00f3ximas semanas que seja marcada a data da sabatina, na comiss\u00e3o. Ap\u00f3s a aprova\u00e7\u00e3o nessa comiss\u00e3o, o nome tem que ser aprovado pelo plen\u00e1rio do Senado.<\/p>\n<p>O nome de Davi foi indicado em fevereiro e Freitas reclamou da demora nessa nomea\u00e7\u00e3o dizendo que \u00e9 para restabelecer a credibilidade da ag\u00eancia, que para ele foi afetada tamb\u00e9m por a\u00e7\u00e3o de empresas.<\/p>\n<p>\u201cN\u00e3o pense que o problema foi s\u00f3 do poder p\u00fablico. A iniciativa privada sempre foi conivente com escolhas pol\u00edticas de dirigentes, com a destrui\u00e7\u00e3o da ag\u00eancia. At\u00e9 que a armadilha se volta contra o empres\u00e1rio. Quando a ag\u00eancia \u00e9 incapaz de dar resposta \u00e0s demandas do mercado. \u00c9 dormir com a serpente. Uma hora ela vai te picar\u201d, disse Tarc\u00edsio.<\/p>\n<p><strong>Otimismo<\/strong><br \/>\nFreitas pediu atitude do setor empresarial e uma postura otimista sobre o pa\u00eds pelo que vem sendo feito no governo do presidente Jair Bolsonaro. \u00a0Ele apresentou um rol de a\u00e7\u00f5es tomadas pelo minist\u00e9rio nos primeiros meses do governo e os planos que est\u00e3o em andamento, como as concess\u00f5es de novas rodovias, privatiza\u00e7\u00e3o de portos e a renova\u00e7\u00e3o de concess\u00f5es ferrovi\u00e1rias.<\/p>\n<p>\u201cAs coisas est\u00e3o acontecendo e n\u00e3o estamos comemorando\u201d, disse o ministro citando, por exemplo, a programa\u00e7\u00e3o do leil\u00e3o de Cess\u00e3o Onerosa para outubro que ser\u00e1 o maior do mundo no setor de \u00f3leo e g\u00e1s, com R$ 1 trilh\u00e3o em investimentos.<\/p>\n<p><strong>Licenciamento ambiental<\/strong><br \/>\nEm mesa sobre planejamento e licenciamento ambiental, o diretor de licenciamento do Ibama, J\u00f4natas Trindade, afirmou que at\u00e9 o fim deste m\u00eas o \u00f3rg\u00e3o vai finalizar um projeto de mudan\u00e7a nas regras para o licenciamento ambiental. Segundo ele, o trabalho de levantamento feito pelo \u00f3rg\u00e3o mapeou 80 oportunidades de melhoria no processo de licenciamento ambiental de projetos de infraestrutura no \u00a0pa\u00eds.<\/p>\n<p>De acordo com Trindade, a inten\u00e7\u00e3o\u00a0\u00e9 unificar os atuais procedimentos espalhados e torn\u00e1-los mais c\u00e9leres e transparentes. A proposta ser\u00e1 submetida a outros minist\u00e9rios para que seja decidida a forma como vai ser publicada, se por normas infralegais ou por uma legisla\u00e7\u00e3o.<\/p>\n<\/div>\n","protected":false},"excerpt":{"rendered":"<p>da Ag\u00eancia iNFRA O ministro da Infraestrutura, Tarc\u00edsio de Freitas, afirmou que pode rever sua posi\u00e7\u00e3o de defender a extin\u00e7\u00e3o das ag\u00eancias reguladoras do setor de transportes \u2013 ANTT (Transportes Terrestres) e ANTAQ (Transportes Aquavi\u00e1rios) \u2013 que seriam fundidas em uma nova ag\u00eancia, a ANT. Freitas estava na mesa de especialista sobre transportes do Abdib [&hellip;]<\/p>\n","protected":false},"author":9,"featured_media":3212,"comment_status":"closed","ping_status":"open","sticky":false,"template":"","format":"standard","meta":{"_monsterinsights_skip_tracking":false,"_monsterinsights_sitenote_active":false,"_monsterinsights_sitenote_note":"","_monsterinsights_sitenote_category":0,"footnotes":""},"categories":[7],"tags":[1011,728,86,19,448],"class_list":["post-3211","post","type-post","status-publish","format-standard","has-post-thumbnail","hentry","category-infratransporte","tag-abdib-forum-2019","tag-ant","tag-antaq","tag-antt","tag-tarcisio-de-freitas"],"yoast_head":"<!-- This site is optimized with the Yoast SEO Premium plugin v25.4 (Yoast SEO v26.0) - https:\/\/yoast.com\/wordpress\/plugins\/seo\/ -->\n<title>Ministro da Infraestrutura &#039;desanimou&#039; sobre projeto para fus\u00e3o de ag\u00eancias - Ag\u00eancia iNFRA<\/title>\n<meta name=\"robots\" content=\"index, follow, max-snippet:-1, max-image-preview:large, max-video-preview:-1\" \/>\n<link rel=\"canonical\" href=\"https:\/\/agenciainfra.com\/blog\/ministro-da-infraestrutura-desanimou-sobre-projeto-para-fusao-de-agencias\/\" \/>\n<meta property=\"og:locale\" content=\"pt_BR\" \/>\n<meta property=\"og:type\" content=\"article\" \/>\n<meta property=\"og:title\" content=\"Ministro da Infraestrutura &#039;desanimou&#039; sobre projeto para fus\u00e3o de ag\u00eancias\" \/>\n<meta property=\"og:description\" content=\"da Ag\u00eancia iNFRA O ministro da Infraestrutura, Tarc\u00edsio de Freitas, afirmou que pode rever sua posi\u00e7\u00e3o de defender a extin\u00e7\u00e3o das ag\u00eancias reguladoras do setor de transportes \u2013 ANTT (Transportes Terrestres) e ANTAQ (Transportes Aquavi\u00e1rios) \u2013 que seriam fundidas em uma nova ag\u00eancia, a ANT. Freitas estava na mesa de especialista sobre transportes do Abdib [&hellip;]\" \/>\n<meta property=\"og:url\" content=\"https:\/\/agenciainfra.com\/blog\/ministro-da-infraestrutura-desanimou-sobre-projeto-para-fusao-de-agencias\/\" \/>\n<meta property=\"og:site_name\" content=\"Ag\u00eancia iNFRA\" \/>\n<meta property=\"article:publisher\" content=\"https:\/\/www.facebook.com\/ageninfra\" \/>\n<meta property=\"article:published_time\" content=\"2019-05-25T11:00:22+00:00\" \/>\n<meta property=\"og:image\" content=\"https:\/\/agenciainfra.com\/blog\/wp-content\/uploads\/2019\/05\/tarcisio-de-freitas-foto-antonio-cruz-agencia-brasil.jpg\" \/>\n\t<meta property=\"og:image:width\" content=\"1280\" \/>\n\t<meta property=\"og:image:height\" content=\"853\" \/>\n\t<meta property=\"og:image:type\" content=\"image\/jpeg\" \/>\n<meta name=\"author\" content=\"Rodrigo Zuquim\" \/>\n<meta name=\"twitter:card\" content=\"summary_large_image\" \/>\n<meta name=\"twitter:creator\" content=\"@agencia_infra\" \/>\n<meta name=\"twitter:site\" content=\"@agencia_infra\" \/>\n<meta name=\"twitter:label1\" content=\"Escrito por\" \/>\n\t<meta name=\"twitter:data1\" content=\"Rodrigo Zuquim\" \/>\n\t<meta name=\"twitter:label2\" content=\"Est. tempo de leitura\" \/>\n\t<meta name=\"twitter:data2\" content=\"4 minutos\" \/>\n<script type=\"application\/ld+json\" class=\"yoast-schema-graph\">{\"@context\":\"https:\/\/schema.org\",\"@graph\":[{\"@type\":\"Article\",\"@id\":\"https:\/\/agenciainfra.com\/blog\/ministro-da-infraestrutura-desanimou-sobre-projeto-para-fusao-de-agencias\/#article\",\"isPartOf\":{\"@id\":\"https:\/\/agenciainfra.com\/blog\/ministro-da-infraestrutura-desanimou-sobre-projeto-para-fusao-de-agencias\/\"},\"author\":{\"name\":\"Rodrigo Zuquim\",\"@id\":\"https:\/\/agenciainfra.com\/blog\/#\/schema\/person\/04dbb79bd6d8951f063da71f3e4c1eb1\"},\"headline\":\"Ministro da Infraestrutura &#8216;desanimou&#8217; sobre projeto para fus\u00e3o de ag\u00eancias\",\"datePublished\":\"2019-05-25T11:00:22+00:00\",\"mainEntityOfPage\":{\"@id\":\"https:\/\/agenciainfra.com\/blog\/ministro-da-infraestrutura-desanimou-sobre-projeto-para-fusao-de-agencias\/\"},\"wordCount\":742,\"publisher\":{\"@id\":\"https:\/\/agenciainfra.com\/blog\/#organization\"},\"image\":{\"@id\":\"https:\/\/agenciainfra.com\/blog\/ministro-da-infraestrutura-desanimou-sobre-projeto-para-fusao-de-agencias\/#primaryimage\"},\"thumbnailUrl\":\"https:\/\/agenciainfra.com\/blog\/wp-content\/uploads\/2019\/05\/tarcisio-de-freitas-foto-antonio-cruz-agencia-brasil.jpg\",\"keywords\":[\"Abdib F\u00f3rum 2019\",\"ANT\",\"ANTAQ\",\"ANTT\",\"Tarc\u00edsio de Freitas\"],\"articleSection\":[\"iNFRATransporte\"],\"inLanguage\":\"pt-BR\",\"copyrightYear\":\"2019\",\"copyrightHolder\":{\"@id\":\"https:\/\/agenciainfra.com\/blog\/#organization\"}},{\"@type\":\"WebPage\",\"@id\":\"https:\/\/agenciainfra.com\/blog\/ministro-da-infraestrutura-desanimou-sobre-projeto-para-fusao-de-agencias\/\",\"url\":\"https:\/\/agenciainfra.com\/blog\/ministro-da-infraestrutura-desanimou-sobre-projeto-para-fusao-de-agencias\/\",\"name\":\"Ministro da Infraestrutura 'desanimou' sobre projeto para fus\u00e3o de ag\u00eancias - Ag\u00eancia iNFRA\",\"isPartOf\":{\"@id\":\"https:\/\/agenciainfra.com\/blog\/#website\"},\"primaryImageOfPage\":{\"@id\":\"https:\/\/agenciainfra.com\/blog\/ministro-da-infraestrutura-desanimou-sobre-projeto-para-fusao-de-agencias\/#primaryimage\"},\"image\":{\"@id\":\"https:\/\/agenciainfra.com\/blog\/ministro-da-infraestrutura-desanimou-sobre-projeto-para-fusao-de-agencias\/#primaryimage\"},\"thumbnailUrl\":\"https:\/\/agenciainfra.com\/blog\/wp-content\/uploads\/2019\/05\/tarcisio-de-freitas-foto-antonio-cruz-agencia-brasil.jpg\",\"datePublished\":\"2019-05-25T11:00:22+00:00\",\"breadcrumb\":{\"@id\":\"https:\/\/agenciainfra.com\/blog\/ministro-da-infraestrutura-desanimou-sobre-projeto-para-fusao-de-agencias\/#breadcrumb\"},\"inLanguage\":\"pt-BR\",\"potentialAction\":[{\"@type\":\"ReadAction\",\"target\":[\"https:\/\/agenciainfra.com\/blog\/ministro-da-infraestrutura-desanimou-sobre-projeto-para-fusao-de-agencias\/\"]}]},{\"@type\":\"ImageObject\",\"inLanguage\":\"pt-BR\",\"@id\":\"https:\/\/agenciainfra.com\/blog\/ministro-da-infraestrutura-desanimou-sobre-projeto-para-fusao-de-agencias\/#primaryimage\",\"url\":\"https:\/\/agenciainfra.com\/blog\/wp-content\/uploads\/2019\/05\/tarcisio-de-freitas-foto-antonio-cruz-agencia-brasil.jpg\",\"contentUrl\":\"https:\/\/agenciainfra.com\/blog\/wp-content\/uploads\/2019\/05\/tarcisio-de-freitas-foto-antonio-cruz-agencia-brasil.jpg\",\"width\":1280,\"height\":853},{\"@type\":\"BreadcrumbList\",\"@id\":\"https:\/\/agenciainfra.com\/blog\/ministro-da-infraestrutura-desanimou-sobre-projeto-para-fusao-de-agencias\/#breadcrumb\",\"itemListElement\":[{\"@type\":\"ListItem\",\"position\":1,\"name\":\"In\u00edcio\",\"item\":\"https:\/\/agenciainfra.com\/blog\/\"},{\"@type\":\"ListItem\",\"position\":2,\"name\":\"Ministro da Infraestrutura &#8216;desanimou&#8217; sobre projeto para fus\u00e3o de ag\u00eancias\"}]},{\"@type\":\"WebSite\",\"@id\":\"https:\/\/agenciainfra.com\/blog\/#website\",\"url\":\"https:\/\/agenciainfra.com\/blog\/\",\"name\":\"Ag\u00eancia iNFRA\",\"description\":\"Multiplataforma de informa\u00e7\u00e3o jornal\u00edstica refer\u00eancia na \u00e1rea de infraestrutura no Brasil!\",\"publisher\":{\"@id\":\"https:\/\/agenciainfra.com\/blog\/#organization\"},\"potentialAction\":[{\"@type\":\"SearchAction\",\"target\":{\"@type\":\"EntryPoint\",\"urlTemplate\":\"https:\/\/agenciainfra.com\/blog\/?s={search_term_string}\"},\"query-input\":{\"@type\":\"PropertyValueSpecification\",\"valueRequired\":true,\"valueName\":\"search_term_string\"}}],\"inLanguage\":\"pt-BR\"},{\"@type\":\"Organization\",\"@id\":\"https:\/\/agenciainfra.com\/blog\/#organization\",\"name\":\"Ag\u00eancia iNFRA\",\"url\":\"https:\/\/agenciainfra.com\/blog\/\",\"logo\":{\"@type\":\"ImageObject\",\"inLanguage\":\"pt-BR\",\"@id\":\"https:\/\/agenciainfra.com\/blog\/#\/schema\/logo\/image\/\",\"url\":\"https:\/\/agenciainfra.com\/blog\/wp-content\/uploads\/2023\/09\/iNFRA_5-e1761735885940.png\",\"contentUrl\":\"https:\/\/agenciainfra.com\/blog\/wp-content\/uploads\/2023\/09\/iNFRA_5-e1761735885940.png\",\"width\":1672,\"height\":454,\"caption\":\"Ag\u00eancia iNFRA\"},\"image\":{\"@id\":\"https:\/\/agenciainfra.com\/blog\/#\/schema\/logo\/image\/\"},\"sameAs\":[\"https:\/\/www.facebook.com\/ageninfra\",\"https:\/\/x.com\/agencia_infra\",\"https:\/\/www.linkedin.com\/company\/ag\u00eanciainfra\/\",\"https:\/\/www.instagram.com\/agenciainfra\/\"]},{\"@type\":\"Person\",\"@id\":\"https:\/\/agenciainfra.com\/blog\/#\/schema\/person\/04dbb79bd6d8951f063da71f3e4c1eb1\",\"name\":\"Rodrigo Zuquim\",\"image\":{\"@type\":\"ImageObject\",\"inLanguage\":\"pt-BR\",\"@id\":\"https:\/\/agenciainfra.com\/blog\/#\/schema\/person\/image\/\",\"url\":\"https:\/\/secure.gravatar.com\/avatar\/594abfe82761d620726242ff34ca472a705a4b97f16c790053a6b4c4035274d0?s=96&d=mm&r=g\",\"contentUrl\":\"https:\/\/secure.gravatar.com\/avatar\/594abfe82761d620726242ff34ca472a705a4b97f16c790053a6b4c4035274d0?s=96&d=mm&r=g\",\"caption\":\"Rodrigo Zuquim\"},\"url\":\"https:\/\/agenciainfra.com\/blog\/author\/rodrigo-zuquim\/\"}]}<\/script>\n<!-- \/ Yoast SEO Premium plugin. -->","yoast_head_json":{"title":"Ministro da Infraestrutura 'desanimou' sobre projeto para fus\u00e3o de ag\u00eancias - Ag\u00eancia iNFRA","robots":{"index":"index","follow":"follow","max-snippet":"max-snippet:-1","max-image-preview":"max-image-preview:large","max-video-preview":"max-video-preview:-1"},"canonical":"https:\/\/agenciainfra.com\/blog\/ministro-da-infraestrutura-desanimou-sobre-projeto-para-fusao-de-agencias\/","og_locale":"pt_BR","og_type":"article","og_title":"Ministro da Infraestrutura 'desanimou' sobre projeto para fus\u00e3o de ag\u00eancias","og_description":"da Ag\u00eancia iNFRA O ministro da Infraestrutura, Tarc\u00edsio de Freitas, afirmou que pode rever sua posi\u00e7\u00e3o de defender a extin\u00e7\u00e3o das ag\u00eancias reguladoras do setor de transportes \u2013 ANTT (Transportes Terrestres) e ANTAQ (Transportes Aquavi\u00e1rios) \u2013 que seriam fundidas em uma nova ag\u00eancia, a ANT. Freitas estava na mesa de especialista sobre transportes do Abdib [&hellip;]","og_url":"https:\/\/agenciainfra.com\/blog\/ministro-da-infraestrutura-desanimou-sobre-projeto-para-fusao-de-agencias\/","og_site_name":"Ag\u00eancia iNFRA","article_publisher":"https:\/\/www.facebook.com\/ageninfra","article_published_time":"2019-05-25T11:00:22+00:00","og_image":[{"width":1280,"height":853,"url":"https:\/\/agenciainfra.com\/blog\/wp-content\/uploads\/2019\/05\/tarcisio-de-freitas-foto-antonio-cruz-agencia-brasil.jpg","type":"image\/jpeg"}],"author":"Rodrigo Zuquim","twitter_card":"summary_large_image","twitter_creator":"@agencia_infra","twitter_site":"@agencia_infra","twitter_misc":{"Escrito por":"Rodrigo Zuquim","Est. tempo de leitura":"4 minutos"},"schema":{"@context":"https:\/\/schema.org","@graph":[{"@type":"Article","@id":"https:\/\/agenciainfra.com\/blog\/ministro-da-infraestrutura-desanimou-sobre-projeto-para-fusao-de-agencias\/#article","isPartOf":{"@id":"https:\/\/agenciainfra.com\/blog\/ministro-da-infraestrutura-desanimou-sobre-projeto-para-fusao-de-agencias\/"},"author":{"name":"Rodrigo Zuquim","@id":"https:\/\/agenciainfra.com\/blog\/#\/schema\/person\/04dbb79bd6d8951f063da71f3e4c1eb1"},"headline":"Ministro da Infraestrutura &#8216;desanimou&#8217; sobre projeto para fus\u00e3o de ag\u00eancias","datePublished":"2019-05-25T11:00:22+00:00","mainEntityOfPage":{"@id":"https:\/\/agenciainfra.com\/blog\/ministro-da-infraestrutura-desanimou-sobre-projeto-para-fusao-de-agencias\/"},"wordCount":742,"publisher":{"@id":"https:\/\/agenciainfra.com\/blog\/#organization"},"image":{"@id":"https:\/\/agenciainfra.com\/blog\/ministro-da-infraestrutura-desanimou-sobre-projeto-para-fusao-de-agencias\/#primaryimage"},"thumbnailUrl":"https:\/\/agenciainfra.com\/blog\/wp-content\/uploads\/2019\/05\/tarcisio-de-freitas-foto-antonio-cruz-agencia-brasil.jpg","keywords":["Abdib F\u00f3rum 2019","ANT","ANTAQ","ANTT","Tarc\u00edsio de Freitas"],"articleSection":["iNFRATransporte"],"inLanguage":"pt-BR","copyrightYear":"2019","copyrightHolder":{"@id":"https:\/\/agenciainfra.com\/blog\/#organization"}},{"@type":"WebPage","@id":"https:\/\/agenciainfra.com\/blog\/ministro-da-infraestrutura-desanimou-sobre-projeto-para-fusao-de-agencias\/","url":"https:\/\/agenciainfra.com\/blog\/ministro-da-infraestrutura-desanimou-sobre-projeto-para-fusao-de-agencias\/","name":"Ministro da Infraestrutura 'desanimou' sobre projeto para fus\u00e3o de ag\u00eancias - Ag\u00eancia iNFRA","isPartOf":{"@id":"https:\/\/agenciainfra.com\/blog\/#website"},"primaryImageOfPage":{"@id":"https:\/\/agenciainfra.com\/blog\/ministro-da-infraestrutura-desanimou-sobre-projeto-para-fusao-de-agencias\/#primaryimage"},"image":{"@id":"https:\/\/agenciainfra.com\/blog\/ministro-da-infraestrutura-desanimou-sobre-projeto-para-fusao-de-agencias\/#primaryimage"},"thumbnailUrl":"https:\/\/agenciainfra.com\/blog\/wp-content\/uploads\/2019\/05\/tarcisio-de-freitas-foto-antonio-cruz-agencia-brasil.jpg","datePublished":"2019-05-25T11:00:22+00:00","breadcrumb":{"@id":"https:\/\/agenciainfra.com\/blog\/ministro-da-infraestrutura-desanimou-sobre-projeto-para-fusao-de-agencias\/#breadcrumb"},"inLanguage":"pt-BR","potentialAction":[{"@type":"ReadAction","target":["https:\/\/agenciainfra.com\/blog\/ministro-da-infraestrutura-desanimou-sobre-projeto-para-fusao-de-agencias\/"]}]},{"@type":"ImageObject","inLanguage":"pt-BR","@id":"https:\/\/agenciainfra.com\/blog\/ministro-da-infraestrutura-desanimou-sobre-projeto-para-fusao-de-agencias\/#primaryimage","url":"https:\/\/agenciainfra.com\/blog\/wp-content\/uploads\/2019\/05\/tarcisio-de-freitas-foto-antonio-cruz-agencia-brasil.jpg","contentUrl":"https:\/\/agenciainfra.com\/blog\/wp-content\/uploads\/2019\/05\/tarcisio-de-freitas-foto-antonio-cruz-agencia-brasil.jpg","width":1280,"height":853},{"@type":"BreadcrumbList","@id":"https:\/\/agenciainfra.com\/blog\/ministro-da-infraestrutura-desanimou-sobre-projeto-para-fusao-de-agencias\/#breadcrumb","itemListElement":[{"@type":"ListItem","position":1,"name":"In\u00edcio","item":"https:\/\/agenciainfra.com\/blog\/"},{"@type":"ListItem","position":2,"name":"Ministro da Infraestrutura &#8216;desanimou&#8217; sobre projeto para fus\u00e3o de ag\u00eancias"}]},{"@type":"WebSite","@id":"https:\/\/agenciainfra.com\/blog\/#website","url":"https:\/\/agenciainfra.com\/blog\/","name":"Ag\u00eancia iNFRA","description":"Multiplataforma de informa\u00e7\u00e3o jornal\u00edstica refer\u00eancia na \u00e1rea de infraestrutura no Brasil!","publisher":{"@id":"https:\/\/agenciainfra.com\/blog\/#organization"},"potentialAction":[{"@type":"SearchAction","target":{"@type":"EntryPoint","urlTemplate":"https:\/\/agenciainfra.com\/blog\/?s={search_term_string}"},"query-input":{"@type":"PropertyValueSpecification","valueRequired":true,"valueName":"search_term_string"}}],"inLanguage":"pt-BR"},{"@type":"Organization","@id":"https:\/\/agenciainfra.com\/blog\/#organization","name":"Ag\u00eancia iNFRA","url":"https:\/\/agenciainfra.com\/blog\/","logo":{"@type":"ImageObject","inLanguage":"pt-BR","@id":"https:\/\/agenciainfra.com\/blog\/#\/schema\/logo\/image\/","url":"https:\/\/agenciainfra.com\/blog\/wp-content\/uploads\/2023\/09\/iNFRA_5-e1761735885940.png","contentUrl":"https:\/\/agenciainfra.com\/blog\/wp-content\/uploads\/2023\/09\/iNFRA_5-e1761735885940.png","width":1672,"height":454,"caption":"Ag\u00eancia iNFRA"},"image":{"@id":"https:\/\/agenciainfra.com\/blog\/#\/schema\/logo\/image\/"},"sameAs":["https:\/\/www.facebook.com\/ageninfra","https:\/\/x.com\/agencia_infra","https:\/\/www.linkedin.com\/company\/ag\u00eanciainfra\/","https:\/\/www.instagram.com\/agenciainfra\/"]},{"@type":"Person","@id":"https:\/\/agenciainfra.com\/blog\/#\/schema\/person\/04dbb79bd6d8951f063da71f3e4c1eb1","name":"Rodrigo Zuquim","image":{"@type":"ImageObject","inLanguage":"pt-BR","@id":"https:\/\/agenciainfra.com\/blog\/#\/schema\/person\/image\/","url":"https:\/\/secure.gravatar.com\/avatar\/594abfe82761d620726242ff34ca472a705a4b97f16c790053a6b4c4035274d0?s=96&d=mm&r=g","contentUrl":"https:\/\/secure.gravatar.com\/avatar\/594abfe82761d620726242ff34ca472a705a4b97f16c790053a6b4c4035274d0?s=96&d=mm&r=g","caption":"Rodrigo Zuquim"},"url":"https:\/\/agenciainfra.com\/blog\/author\/rodrigo-zuquim\/"}]}},"_links":{"self":[{"href":"https:\/\/agenciainfra.com\/blog\/wp-json\/wp\/v2\/posts\/3211","targetHints":{"allow":["GET"]}}],"collection":[{"href":"https:\/\/agenciainfra.com\/blog\/wp-json\/wp\/v2\/posts"}],"about":[{"href":"https:\/\/agenciainfra.com\/blog\/wp-json\/wp\/v2\/types\/post"}],"author":[{"embeddable":true,"href":"https:\/\/agenciainfra.com\/blog\/wp-json\/wp\/v2\/users\/9"}],"replies":[{"embeddable":true,"href":"https:\/\/agenciainfra.com\/blog\/wp-json\/wp\/v2\/comments?post=3211"}],"version-history":[{"count":0,"href":"https:\/\/agenciainfra.com\/blog\/wp-json\/wp\/v2\/posts\/3211\/revisions"}],"wp:featuredmedia":[{"embeddable":true,"href":"https:\/\/agenciainfra.com\/blog\/wp-json\/wp\/v2\/media\/3212"}],"wp:attachment":[{"href":"https:\/\/agenciainfra.com\/blog\/wp-json\/wp\/v2\/media?parent=3211"}],"wp:term":[{"taxonomy":"category","embeddable":true,"href":"https:\/\/agenciainfra.com\/blog\/wp-json\/wp\/v2\/categories?post=3211"},{"taxonomy":"post_tag","embeddable":true,"href":"https:\/\/agenciainfra.com\/blog\/wp-json\/wp\/v2\/tags?post=3211"}],"curies":[{"name":"wp","href":"https:\/\/api.w.org\/{rel}","templated":true}]}}