{"id":32131,"date":"2025-11-12T19:17:07","date_gmt":"2025-11-12T22:17:07","guid":{"rendered":"https:\/\/agenciainfra.com\/blog\/?p=32131"},"modified":"2025-11-14T12:58:45","modified_gmt":"2025-11-14T15:58:45","slug":"tcu-tera-forca-tarefa-para-fiscalizar-estatais-federais-diz-ministro","status":"publish","type":"post","link":"https:\/\/agenciainfra.com\/blog\/tcu-tera-forca-tarefa-para-fiscalizar-estatais-federais-diz-ministro\/","title":{"rendered":"TCU ter\u00e1 &#8216;for\u00e7a-tarefa&#8217; para fiscalizar estatais federais, diz ministro"},"content":{"rendered":"\n<p class=\"has-text-align-right\"><strong>Gabriel Vasconcelos, da Ag\u00eancia iNFRA<\/strong><\/p>\n\n\n\n<p>O presidente do TCU (Tribunal de Contas da Uni\u00e3o), ministro Vital do R\u00eago, informou nesta quarta-feira (12) que o \u00f3rg\u00e3o ter\u00e1 uma &#8220;for\u00e7a-tarefa&#8221; para ampliar a fiscaliza\u00e7\u00e3o em empresas estatais federais. A decis\u00e3o vem na esteira da divulga\u00e7\u00e3o, pelo Minist\u00e9rio da Fazenda, do s\u00e9timo relat\u00f3rio de riscos fiscais da Uni\u00e3o, que apontou dificuldades financeiras e riscos em nove estatais de um universo de 27 empresas monitoradas.<\/p>\n\n\n\n<p>O trabalho ficar\u00e1 por conta da Segecex (Secretaria-Geral de Controle Externo). Entre as empresas que estariam mais comprometidas, e que ser\u00e3o alvo de maior aten\u00e7\u00e3o dos t\u00e9cnicos do tribunal, est\u00e3o&nbsp; a ENBPar (Empresa Brasileira de Participa\u00e7\u00f5es em Energia Nuclear e Binacional), Correios, Casa da Moeda, Companhias Docas e Infraero, listou R\u00eago.<\/p>\n\n\n\n<p>&#8220;Algumas dessas empresas apresentaram trajet\u00f3ria de deteriora\u00e7\u00e3o dos resultados com risco de necessidade de aux\u00edlio financeiro permanente. Outras ajustaram quedas expressivas em lucros e receitas l\u00edquidas, embora mantenham a capacidade de cumprir passivos&#8221;, disse o presidente do TCU.<\/p>\n\n\n\n<p>Ele disse que os trabalhos observar\u00e3o cinco eixos tem\u00e1ticos: gest\u00e3o; inova\u00e7\u00e3o; desempenho financeiro, gest\u00e3o pessoal e contrata\u00e7\u00f5es; e tecnologia da informa\u00e7\u00e3o.&nbsp;<\/p>\n\n\n\n<p>Na sequ\u00eancia, os ministros Bruno Dantas e Walton Alencar elogiaram longamente a iniciativa.<\/p>\n\n\n\n<p>Dantas enalteceu a iniciativa de Vital do R\u00eago, de determinar uma &#8220;reformula\u00e7\u00e3o&#8221; na vis\u00e3o que hoje preponderaria na Segecex, de n\u00e3o fiscalizar estatais. &#8220;Tomei o cuidado de conversar com auditores e h\u00e1 cinco anos que nenhum relat\u00f3rio de gest\u00e3o de estatais \u00e9 apreciado, a n\u00e3o ser, claro, aquelas que t\u00eam maior materialidade, como Petrobras e a antiga Eletrobras. Mas n\u00f3s sabemos que \u00e9 tamb\u00e9m nas estatais menores onde se encontram os grandes roubos&#8221;, disse.&nbsp;<\/p>\n\n\n\n<p>J\u00e1 Alencar disse que os problemas nas nove estatais apontadas no relat\u00f3rio da Fazenda s\u00e3o &#8220;muito mais s\u00e9rios do que d\u00e3o conta as not\u00edcias de jornal&#8221;, e que o trabalho do TCU deveria abranger n\u00e3o s\u00f3 o grupo de empresas problem\u00e1tico, mas todas as estatais.<\/p>\n\n\n\n<p>&#8220;No passado, as gest\u00f5es do governo federal eram sempre submetidas a um estresse absoluto em raz\u00e3o da m\u00e1 gest\u00e3o dessas entidades. Agora n\u00e3o est\u00e1 sendo diferente. De uma gest\u00e3o em que nenhuma entidade estatal apresentava preju\u00edzos, agora n\u00f3s temos nove e, se deixar, ao fim do ano ser\u00e3o 12&#8221;, disse o ministro Walton Alencar.<\/p>\n\n\n\n<p><em>*Reportagem atualizada \u00e0s 7h29 de quinta-feira (13) para ajuste no t\u00edtulo.<\/em><\/p>\n","protected":false},"excerpt":{"rendered":"<p>Gabriel Vasconcelos, da Ag\u00eancia iNFRA O presidente do TCU (Tribunal de Contas da Uni\u00e3o), ministro Vital do R\u00eago, informou nesta quarta-feira (12) que o \u00f3rg\u00e3o ter\u00e1 uma &#8220;for\u00e7a-tarefa&#8221; para ampliar a fiscaliza\u00e7\u00e3o em empresas estatais federais. A decis\u00e3o vem na esteira da divulga\u00e7\u00e3o, pelo Minist\u00e9rio da Fazenda, do s\u00e9timo relat\u00f3rio de riscos fiscais da Uni\u00e3o, [&hellip;]<\/p>\n","protected":false},"author":1,"featured_media":17775,"comment_status":"closed","ping_status":"closed","sticky":false,"template":"","format":"standard","meta":{"_monsterinsights_skip_tracking":false,"_monsterinsights_sitenote_active":false,"_monsterinsights_sitenote_note":"","_monsterinsights_sitenote_category":0,"footnotes":""},"categories":[10],"tags":[16897,4582,3029,5453,16894,13251,61,16895,16896,927,860],"class_list":["post-32131","post","type-post","status-publish","format-standard","has-post-thumbnail","hentry","category-infraenergia","tag-casa-da-moeda","tag-companhias-docas","tag-correios","tag-enbpar","tag-fiscalizacao-de-estatais","tag-gabriel-vasconcelos","tag-infraero","tag-riscos-fiscais","tag-segecex","tag-tribunal-de-contas-da-uniao","tag-vital-do-rego"],"yoast_head":"<!-- This site is optimized with the Yoast SEO Premium plugin v25.4 (Yoast SEO v26.0) - https:\/\/yoast.com\/wordpress\/plugins\/seo\/ -->\n<title>TCU ter\u00e1 &#039;for\u00e7a-tarefa&#039; para fiscalizar estatais federais, diz ministro - Ag\u00eancia iNFRA<\/title>\n<meta name=\"robots\" content=\"index, follow, max-snippet:-1, max-image-preview:large, max-video-preview:-1\" \/>\n<link rel=\"canonical\" href=\"https:\/\/agenciainfra.com\/blog\/tcu-tera-forca-tarefa-para-fiscalizar-estatais-federais-diz-ministro\/\" \/>\n<meta property=\"og:locale\" content=\"pt_BR\" \/>\n<meta property=\"og:type\" content=\"article\" \/>\n<meta property=\"og:title\" content=\"TCU ter\u00e1 &#039;for\u00e7a-tarefa&#039; para fiscalizar estatais federais, diz ministro\" \/>\n<meta property=\"og:description\" content=\"Gabriel Vasconcelos, da Ag\u00eancia iNFRA O presidente do TCU (Tribunal de Contas da Uni\u00e3o), ministro Vital do R\u00eago, informou nesta quarta-feira (12) que o \u00f3rg\u00e3o ter\u00e1 uma &#8220;for\u00e7a-tarefa&#8221; para ampliar a fiscaliza\u00e7\u00e3o em empresas estatais federais. A decis\u00e3o vem na esteira da divulga\u00e7\u00e3o, pelo Minist\u00e9rio da Fazenda, do s\u00e9timo relat\u00f3rio de riscos fiscais da Uni\u00e3o, [&hellip;]\" \/>\n<meta property=\"og:url\" content=\"https:\/\/agenciainfra.com\/blog\/tcu-tera-forca-tarefa-para-fiscalizar-estatais-federais-diz-ministro\/\" \/>\n<meta property=\"og:site_name\" content=\"Ag\u00eancia iNFRA\" \/>\n<meta property=\"article:publisher\" content=\"https:\/\/www.facebook.com\/ageninfra\" \/>\n<meta property=\"article:published_time\" content=\"2025-11-12T22:17:07+00:00\" \/>\n<meta property=\"article:modified_time\" content=\"2025-11-14T15:58:45+00:00\" \/>\n<meta property=\"og:image\" content=\"https:\/\/agenciainfra.com\/blog\/wp-content\/uploads\/2024\/07\/vital-do-rego-foto-ascom-tcu-samuel-figueira-2.jpg\" \/>\n\t<meta property=\"og:image:width\" content=\"1202\" \/>\n\t<meta property=\"og:image:height\" content=\"802\" \/>\n\t<meta property=\"og:image:type\" content=\"image\/jpeg\" \/>\n<meta name=\"author\" content=\"Ag\u00eancia iNFRA\" \/>\n<meta name=\"twitter:card\" content=\"summary_large_image\" \/>\n<meta name=\"twitter:creator\" content=\"@agencia_infra\" \/>\n<meta name=\"twitter:site\" content=\"@agencia_infra\" \/>\n<meta name=\"twitter:label1\" content=\"Escrito por\" \/>\n\t<meta name=\"twitter:data1\" content=\"Ag\u00eancia iNFRA\" \/>\n\t<meta name=\"twitter:label2\" content=\"Est. tempo de leitura\" \/>\n\t<meta name=\"twitter:data2\" content=\"2 minutos\" \/>\n<script type=\"application\/ld+json\" class=\"yoast-schema-graph\">{\"@context\":\"https:\/\/schema.org\",\"@graph\":[{\"@type\":\"Article\",\"@id\":\"https:\/\/agenciainfra.com\/blog\/tcu-tera-forca-tarefa-para-fiscalizar-estatais-federais-diz-ministro\/#article\",\"isPartOf\":{\"@id\":\"https:\/\/agenciainfra.com\/blog\/tcu-tera-forca-tarefa-para-fiscalizar-estatais-federais-diz-ministro\/\"},\"author\":{\"name\":\"Ag\u00eancia iNFRA\",\"@id\":\"https:\/\/agenciainfra.com\/blog\/#\/schema\/person\/34af08dff6adea4cb22b06612ba7acfa\"},\"headline\":\"TCU ter\u00e1 &#8216;for\u00e7a-tarefa&#8217; para fiscalizar estatais federais, diz ministro\",\"datePublished\":\"2025-11-12T22:17:07+00:00\",\"dateModified\":\"2025-11-14T15:58:45+00:00\",\"mainEntityOfPage\":{\"@id\":\"https:\/\/agenciainfra.com\/blog\/tcu-tera-forca-tarefa-para-fiscalizar-estatais-federais-diz-ministro\/\"},\"wordCount\":441,\"publisher\":{\"@id\":\"https:\/\/agenciainfra.com\/blog\/#organization\"},\"image\":{\"@id\":\"https:\/\/agenciainfra.com\/blog\/tcu-tera-forca-tarefa-para-fiscalizar-estatais-federais-diz-ministro\/#primaryimage\"},\"thumbnailUrl\":\"https:\/\/agenciainfra.com\/blog\/wp-content\/uploads\/2024\/07\/vital-do-rego-foto-ascom-tcu-samuel-figueira-2.jpg\",\"keywords\":[\"Casa da Moeda\",\"Companhias Docas\",\"Correios\",\"ENBPar\",\"fiscaliza\u00e7\u00e3o de estatais\",\"Gabriel Vasconcelos\",\"Infraero\",\"riscos fiscais\",\"Segecex\",\"Tribunal de Contas da Uni\u00e3o\",\"Vital do R\u00eago\"],\"articleSection\":[\"iNFRAEnergia\"],\"inLanguage\":\"pt-BR\",\"copyrightYear\":\"2025\",\"copyrightHolder\":{\"@id\":\"https:\/\/agenciainfra.com\/blog\/#organization\"}},{\"@type\":\"WebPage\",\"@id\":\"https:\/\/agenciainfra.com\/blog\/tcu-tera-forca-tarefa-para-fiscalizar-estatais-federais-diz-ministro\/\",\"url\":\"https:\/\/agenciainfra.com\/blog\/tcu-tera-forca-tarefa-para-fiscalizar-estatais-federais-diz-ministro\/\",\"name\":\"TCU ter\u00e1 'for\u00e7a-tarefa' para fiscalizar estatais federais, diz ministro - Ag\u00eancia iNFRA\",\"isPartOf\":{\"@id\":\"https:\/\/agenciainfra.com\/blog\/#website\"},\"primaryImageOfPage\":{\"@id\":\"https:\/\/agenciainfra.com\/blog\/tcu-tera-forca-tarefa-para-fiscalizar-estatais-federais-diz-ministro\/#primaryimage\"},\"image\":{\"@id\":\"https:\/\/agenciainfra.com\/blog\/tcu-tera-forca-tarefa-para-fiscalizar-estatais-federais-diz-ministro\/#primaryimage\"},\"thumbnailUrl\":\"https:\/\/agenciainfra.com\/blog\/wp-content\/uploads\/2024\/07\/vital-do-rego-foto-ascom-tcu-samuel-figueira-2.jpg\",\"datePublished\":\"2025-11-12T22:17:07+00:00\",\"dateModified\":\"2025-11-14T15:58:45+00:00\",\"breadcrumb\":{\"@id\":\"https:\/\/agenciainfra.com\/blog\/tcu-tera-forca-tarefa-para-fiscalizar-estatais-federais-diz-ministro\/#breadcrumb\"},\"inLanguage\":\"pt-BR\",\"potentialAction\":[{\"@type\":\"ReadAction\",\"target\":[\"https:\/\/agenciainfra.com\/blog\/tcu-tera-forca-tarefa-para-fiscalizar-estatais-federais-diz-ministro\/\"]}]},{\"@type\":\"ImageObject\",\"inLanguage\":\"pt-BR\",\"@id\":\"https:\/\/agenciainfra.com\/blog\/tcu-tera-forca-tarefa-para-fiscalizar-estatais-federais-diz-ministro\/#primaryimage\",\"url\":\"https:\/\/agenciainfra.com\/blog\/wp-content\/uploads\/2024\/07\/vital-do-rego-foto-ascom-tcu-samuel-figueira-2.jpg\",\"contentUrl\":\"https:\/\/agenciainfra.com\/blog\/wp-content\/uploads\/2024\/07\/vital-do-rego-foto-ascom-tcu-samuel-figueira-2.jpg\",\"width\":1202,\"height\":802,\"caption\":\"Foto: Samuel Figueira\/ASCOM TCU\"},{\"@type\":\"BreadcrumbList\",\"@id\":\"https:\/\/agenciainfra.com\/blog\/tcu-tera-forca-tarefa-para-fiscalizar-estatais-federais-diz-ministro\/#breadcrumb\",\"itemListElement\":[{\"@type\":\"ListItem\",\"position\":1,\"name\":\"In\u00edcio\",\"item\":\"https:\/\/agenciainfra.com\/blog\/\"},{\"@type\":\"ListItem\",\"position\":2,\"name\":\"TCU ter\u00e1 &#8216;for\u00e7a-tarefa&#8217; para fiscalizar estatais federais, diz ministro\"}]},{\"@type\":\"WebSite\",\"@id\":\"https:\/\/agenciainfra.com\/blog\/#website\",\"url\":\"https:\/\/agenciainfra.com\/blog\/\",\"name\":\"Ag\u00eancia iNFRA\",\"description\":\"Multiplataforma de informa\u00e7\u00e3o jornal\u00edstica refer\u00eancia na \u00e1rea de infraestrutura no Brasil!\",\"publisher\":{\"@id\":\"https:\/\/agenciainfra.com\/blog\/#organization\"},\"potentialAction\":[{\"@type\":\"SearchAction\",\"target\":{\"@type\":\"EntryPoint\",\"urlTemplate\":\"https:\/\/agenciainfra.com\/blog\/?s={search_term_string}\"},\"query-input\":{\"@type\":\"PropertyValueSpecification\",\"valueRequired\":true,\"valueName\":\"search_term_string\"}}],\"inLanguage\":\"pt-BR\"},{\"@type\":\"Organization\",\"@id\":\"https:\/\/agenciainfra.com\/blog\/#organization\",\"name\":\"Ag\u00eancia iNFRA\",\"url\":\"https:\/\/agenciainfra.com\/blog\/\",\"logo\":{\"@type\":\"ImageObject\",\"inLanguage\":\"pt-BR\",\"@id\":\"https:\/\/agenciainfra.com\/blog\/#\/schema\/logo\/image\/\",\"url\":\"https:\/\/agenciainfra.com\/blog\/wp-content\/uploads\/2023\/09\/iNFRA_5-e1761735885940.png\",\"contentUrl\":\"https:\/\/agenciainfra.com\/blog\/wp-content\/uploads\/2023\/09\/iNFRA_5-e1761735885940.png\",\"width\":1672,\"height\":454,\"caption\":\"Ag\u00eancia iNFRA\"},\"image\":{\"@id\":\"https:\/\/agenciainfra.com\/blog\/#\/schema\/logo\/image\/\"},\"sameAs\":[\"https:\/\/www.facebook.com\/ageninfra\",\"https:\/\/x.com\/agencia_infra\",\"https:\/\/www.linkedin.com\/company\/ag\u00eanciainfra\/\",\"https:\/\/www.instagram.com\/agenciainfra\/\"]},{\"@type\":\"Person\",\"@id\":\"https:\/\/agenciainfra.com\/blog\/#\/schema\/person\/34af08dff6adea4cb22b06612ba7acfa\",\"name\":\"Ag\u00eancia iNFRA\",\"image\":{\"@type\":\"ImageObject\",\"inLanguage\":\"pt-BR\",\"@id\":\"https:\/\/agenciainfra.com\/blog\/#\/schema\/person\/image\/\",\"url\":\"https:\/\/secure.gravatar.com\/avatar\/d189e01678f06d8eb84d4e01f08eb848b3fffe3f8443818d3c356c66892f5be8?s=96&d=mm&r=g\",\"contentUrl\":\"https:\/\/secure.gravatar.com\/avatar\/d189e01678f06d8eb84d4e01f08eb848b3fffe3f8443818d3c356c66892f5be8?s=96&d=mm&r=g\",\"caption\":\"Ag\u00eancia iNFRA\"},\"url\":\"https:\/\/agenciainfra.com\/blog\/author\/admin\/\"}]}<\/script>\n<!-- \/ Yoast SEO Premium plugin. -->","yoast_head_json":{"title":"TCU ter\u00e1 'for\u00e7a-tarefa' para fiscalizar estatais federais, diz ministro - Ag\u00eancia iNFRA","robots":{"index":"index","follow":"follow","max-snippet":"max-snippet:-1","max-image-preview":"max-image-preview:large","max-video-preview":"max-video-preview:-1"},"canonical":"https:\/\/agenciainfra.com\/blog\/tcu-tera-forca-tarefa-para-fiscalizar-estatais-federais-diz-ministro\/","og_locale":"pt_BR","og_type":"article","og_title":"TCU ter\u00e1 'for\u00e7a-tarefa' para fiscalizar estatais federais, diz ministro","og_description":"Gabriel Vasconcelos, da Ag\u00eancia iNFRA O presidente do TCU (Tribunal de Contas da Uni\u00e3o), ministro Vital do R\u00eago, informou nesta quarta-feira (12) que o \u00f3rg\u00e3o ter\u00e1 uma &#8220;for\u00e7a-tarefa&#8221; para ampliar a fiscaliza\u00e7\u00e3o em empresas estatais federais. A decis\u00e3o vem na esteira da divulga\u00e7\u00e3o, pelo Minist\u00e9rio da Fazenda, do s\u00e9timo relat\u00f3rio de riscos fiscais da Uni\u00e3o, [&hellip;]","og_url":"https:\/\/agenciainfra.com\/blog\/tcu-tera-forca-tarefa-para-fiscalizar-estatais-federais-diz-ministro\/","og_site_name":"Ag\u00eancia iNFRA","article_publisher":"https:\/\/www.facebook.com\/ageninfra","article_published_time":"2025-11-12T22:17:07+00:00","article_modified_time":"2025-11-14T15:58:45+00:00","og_image":[{"width":1202,"height":802,"url":"https:\/\/agenciainfra.com\/blog\/wp-content\/uploads\/2024\/07\/vital-do-rego-foto-ascom-tcu-samuel-figueira-2.jpg","type":"image\/jpeg"}],"author":"Ag\u00eancia iNFRA","twitter_card":"summary_large_image","twitter_creator":"@agencia_infra","twitter_site":"@agencia_infra","twitter_misc":{"Escrito por":"Ag\u00eancia iNFRA","Est. tempo de leitura":"2 minutos"},"schema":{"@context":"https:\/\/schema.org","@graph":[{"@type":"Article","@id":"https:\/\/agenciainfra.com\/blog\/tcu-tera-forca-tarefa-para-fiscalizar-estatais-federais-diz-ministro\/#article","isPartOf":{"@id":"https:\/\/agenciainfra.com\/blog\/tcu-tera-forca-tarefa-para-fiscalizar-estatais-federais-diz-ministro\/"},"author":{"name":"Ag\u00eancia iNFRA","@id":"https:\/\/agenciainfra.com\/blog\/#\/schema\/person\/34af08dff6adea4cb22b06612ba7acfa"},"headline":"TCU ter\u00e1 &#8216;for\u00e7a-tarefa&#8217; para fiscalizar estatais federais, diz ministro","datePublished":"2025-11-12T22:17:07+00:00","dateModified":"2025-11-14T15:58:45+00:00","mainEntityOfPage":{"@id":"https:\/\/agenciainfra.com\/blog\/tcu-tera-forca-tarefa-para-fiscalizar-estatais-federais-diz-ministro\/"},"wordCount":441,"publisher":{"@id":"https:\/\/agenciainfra.com\/blog\/#organization"},"image":{"@id":"https:\/\/agenciainfra.com\/blog\/tcu-tera-forca-tarefa-para-fiscalizar-estatais-federais-diz-ministro\/#primaryimage"},"thumbnailUrl":"https:\/\/agenciainfra.com\/blog\/wp-content\/uploads\/2024\/07\/vital-do-rego-foto-ascom-tcu-samuel-figueira-2.jpg","keywords":["Casa da Moeda","Companhias Docas","Correios","ENBPar","fiscaliza\u00e7\u00e3o de estatais","Gabriel Vasconcelos","Infraero","riscos fiscais","Segecex","Tribunal de Contas da Uni\u00e3o","Vital do R\u00eago"],"articleSection":["iNFRAEnergia"],"inLanguage":"pt-BR","copyrightYear":"2025","copyrightHolder":{"@id":"https:\/\/agenciainfra.com\/blog\/#organization"}},{"@type":"WebPage","@id":"https:\/\/agenciainfra.com\/blog\/tcu-tera-forca-tarefa-para-fiscalizar-estatais-federais-diz-ministro\/","url":"https:\/\/agenciainfra.com\/blog\/tcu-tera-forca-tarefa-para-fiscalizar-estatais-federais-diz-ministro\/","name":"TCU ter\u00e1 'for\u00e7a-tarefa' para fiscalizar estatais federais, diz ministro - Ag\u00eancia iNFRA","isPartOf":{"@id":"https:\/\/agenciainfra.com\/blog\/#website"},"primaryImageOfPage":{"@id":"https:\/\/agenciainfra.com\/blog\/tcu-tera-forca-tarefa-para-fiscalizar-estatais-federais-diz-ministro\/#primaryimage"},"image":{"@id":"https:\/\/agenciainfra.com\/blog\/tcu-tera-forca-tarefa-para-fiscalizar-estatais-federais-diz-ministro\/#primaryimage"},"thumbnailUrl":"https:\/\/agenciainfra.com\/blog\/wp-content\/uploads\/2024\/07\/vital-do-rego-foto-ascom-tcu-samuel-figueira-2.jpg","datePublished":"2025-11-12T22:17:07+00:00","dateModified":"2025-11-14T15:58:45+00:00","breadcrumb":{"@id":"https:\/\/agenciainfra.com\/blog\/tcu-tera-forca-tarefa-para-fiscalizar-estatais-federais-diz-ministro\/#breadcrumb"},"inLanguage":"pt-BR","potentialAction":[{"@type":"ReadAction","target":["https:\/\/agenciainfra.com\/blog\/tcu-tera-forca-tarefa-para-fiscalizar-estatais-federais-diz-ministro\/"]}]},{"@type":"ImageObject","inLanguage":"pt-BR","@id":"https:\/\/agenciainfra.com\/blog\/tcu-tera-forca-tarefa-para-fiscalizar-estatais-federais-diz-ministro\/#primaryimage","url":"https:\/\/agenciainfra.com\/blog\/wp-content\/uploads\/2024\/07\/vital-do-rego-foto-ascom-tcu-samuel-figueira-2.jpg","contentUrl":"https:\/\/agenciainfra.com\/blog\/wp-content\/uploads\/2024\/07\/vital-do-rego-foto-ascom-tcu-samuel-figueira-2.jpg","width":1202,"height":802,"caption":"Foto: Samuel Figueira\/ASCOM TCU"},{"@type":"BreadcrumbList","@id":"https:\/\/agenciainfra.com\/blog\/tcu-tera-forca-tarefa-para-fiscalizar-estatais-federais-diz-ministro\/#breadcrumb","itemListElement":[{"@type":"ListItem","position":1,"name":"In\u00edcio","item":"https:\/\/agenciainfra.com\/blog\/"},{"@type":"ListItem","position":2,"name":"TCU ter\u00e1 &#8216;for\u00e7a-tarefa&#8217; para fiscalizar estatais federais, diz ministro"}]},{"@type":"WebSite","@id":"https:\/\/agenciainfra.com\/blog\/#website","url":"https:\/\/agenciainfra.com\/blog\/","name":"Ag\u00eancia iNFRA","description":"Multiplataforma de informa\u00e7\u00e3o jornal\u00edstica refer\u00eancia na \u00e1rea de infraestrutura no Brasil!","publisher":{"@id":"https:\/\/agenciainfra.com\/blog\/#organization"},"potentialAction":[{"@type":"SearchAction","target":{"@type":"EntryPoint","urlTemplate":"https:\/\/agenciainfra.com\/blog\/?s={search_term_string}"},"query-input":{"@type":"PropertyValueSpecification","valueRequired":true,"valueName":"search_term_string"}}],"inLanguage":"pt-BR"},{"@type":"Organization","@id":"https:\/\/agenciainfra.com\/blog\/#organization","name":"Ag\u00eancia iNFRA","url":"https:\/\/agenciainfra.com\/blog\/","logo":{"@type":"ImageObject","inLanguage":"pt-BR","@id":"https:\/\/agenciainfra.com\/blog\/#\/schema\/logo\/image\/","url":"https:\/\/agenciainfra.com\/blog\/wp-content\/uploads\/2023\/09\/iNFRA_5-e1761735885940.png","contentUrl":"https:\/\/agenciainfra.com\/blog\/wp-content\/uploads\/2023\/09\/iNFRA_5-e1761735885940.png","width":1672,"height":454,"caption":"Ag\u00eancia iNFRA"},"image":{"@id":"https:\/\/agenciainfra.com\/blog\/#\/schema\/logo\/image\/"},"sameAs":["https:\/\/www.facebook.com\/ageninfra","https:\/\/x.com\/agencia_infra","https:\/\/www.linkedin.com\/company\/ag\u00eanciainfra\/","https:\/\/www.instagram.com\/agenciainfra\/"]},{"@type":"Person","@id":"https:\/\/agenciainfra.com\/blog\/#\/schema\/person\/34af08dff6adea4cb22b06612ba7acfa","name":"Ag\u00eancia iNFRA","image":{"@type":"ImageObject","inLanguage":"pt-BR","@id":"https:\/\/agenciainfra.com\/blog\/#\/schema\/person\/image\/","url":"https:\/\/secure.gravatar.com\/avatar\/d189e01678f06d8eb84d4e01f08eb848b3fffe3f8443818d3c356c66892f5be8?s=96&d=mm&r=g","contentUrl":"https:\/\/secure.gravatar.com\/avatar\/d189e01678f06d8eb84d4e01f08eb848b3fffe3f8443818d3c356c66892f5be8?s=96&d=mm&r=g","caption":"Ag\u00eancia iNFRA"},"url":"https:\/\/agenciainfra.com\/blog\/author\/admin\/"}]}},"_links":{"self":[{"href":"https:\/\/agenciainfra.com\/blog\/wp-json\/wp\/v2\/posts\/32131","targetHints":{"allow":["GET"]}}],"collection":[{"href":"https:\/\/agenciainfra.com\/blog\/wp-json\/wp\/v2\/posts"}],"about":[{"href":"https:\/\/agenciainfra.com\/blog\/wp-json\/wp\/v2\/types\/post"}],"author":[{"embeddable":true,"href":"https:\/\/agenciainfra.com\/blog\/wp-json\/wp\/v2\/users\/1"}],"replies":[{"embeddable":true,"href":"https:\/\/agenciainfra.com\/blog\/wp-json\/wp\/v2\/comments?post=32131"}],"version-history":[{"count":3,"href":"https:\/\/agenciainfra.com\/blog\/wp-json\/wp\/v2\/posts\/32131\/revisions"}],"predecessor-version":[{"id":32136,"href":"https:\/\/agenciainfra.com\/blog\/wp-json\/wp\/v2\/posts\/32131\/revisions\/32136"}],"wp:featuredmedia":[{"embeddable":true,"href":"https:\/\/agenciainfra.com\/blog\/wp-json\/wp\/v2\/media\/17775"}],"wp:attachment":[{"href":"https:\/\/agenciainfra.com\/blog\/wp-json\/wp\/v2\/media?parent=32131"}],"wp:term":[{"taxonomy":"category","embeddable":true,"href":"https:\/\/agenciainfra.com\/blog\/wp-json\/wp\/v2\/categories?post=32131"},{"taxonomy":"post_tag","embeddable":true,"href":"https:\/\/agenciainfra.com\/blog\/wp-json\/wp\/v2\/tags?post=32131"}],"curies":[{"name":"wp","href":"https:\/\/api.w.org\/{rel}","templated":true}]}}