{"id":3214,"date":"2019-05-27T08:00:31","date_gmt":"2019-05-27T11:00:31","guid":{"rendered":"http:\/\/www.agenciainfra.com\/blog\/?p=3214"},"modified":"2019-05-23T14:38:20","modified_gmt":"2019-05-23T17:38:20","slug":"governo-prepara-projeto-de-lei-para-impedir-spes-de-entrarem-em-recuperacao-judicial","status":"publish","type":"post","link":"https:\/\/agenciainfra.com\/blog\/governo-prepara-projeto-de-lei-para-impedir-spes-de-entrarem-em-recuperacao-judicial\/","title":{"rendered":"Governo prepara projeto de lei para impedir SPEs de entrarem em recupera\u00e7\u00e3o judicial"},"content":{"rendered":"<div>\n<h5 style=\"text-align: right;\"><strong>Dimmi Amora, da Ag\u00eancia iNFRA<\/strong><\/h5>\n<p>O secret\u00e1rio de Produtividade, Emprego e Competitividade do Minist\u00e9rio da Economia, Carlos da Costa, afirmou que o objetivo do governo \u00e9 fazer com que o pa\u00eds passe de uma m\u00e9dia de 2,2% para 3,8% do PIB ao ano em investimentos no setor de infraestrutura ao fim do ciclo de quatro anos de governo.<\/p>\n<p>Os n\u00fameros foram mostrados no Abdib F\u00f3rum 2019 \u2013 Estrat\u00e9gias para Retomada da Infraestrutura, promovido pela Abdib (Associa\u00e7\u00e3o Brasileira da Infraestrutura e Ind\u00fastria de Base), em Bras\u00edlia, onde ele tamb\u00e9m anunciou que est\u00e1 em fase final um projeto de lei que vai tratar da seguran\u00e7a jur\u00eddica de investimentos para o setor.<\/p>\n<p>Em entrevista ap\u00f3s o evento, Costa revelou que o projeto come\u00e7ou como forma de incentivar os financiamentos via projetc finance, mas foi ampliado para dar maior seguran\u00e7a jur\u00eddica integral aos investimentos de longo prazo.<\/p>\n<p>Segundo ele, a ideia \u00e9 acabar com a possibilidade de recupera\u00e7\u00e3o judicial das SPEs (Sociedades de Prop\u00f3sito Espec\u00edfico), o que causa inseguran\u00e7a jur\u00eddica, e criar formas dos financiadores colocarem mais recursos na concess\u00e3o.<\/p>\n<p>Se n\u00e3o resolver, a projeto entraria no chamado step-in, quando o financiador assume a concess\u00e3o. Se n\u00e3o houver a recupera\u00e7\u00e3o, ent\u00e3o o projeto entraria em caducidade.<\/p>\n<p>&#8220;Isso daria maior celeridade para a solu\u00e7\u00e3o dos problemas, o que ajuda os usu\u00e1rios&#8221;, afirmou Costa.<\/p>\n<p>Costa informou ainda que a nova lei s\u00f3 valeria para novos projetos e a ideia \u00e9 terminar sua reda\u00e7\u00e3o nos pr\u00f3ximos tr\u00eas meses. Segundo Costa, a lei tamb\u00e9m vai permitir que pessoas jur\u00eddicas possam adquirir deb\u00eantures incentivadas, atualmente s\u00f3 permitidas a pessoas f\u00edsicas.<\/p>\n<p><strong>Produtividade \u00a0<\/strong><br \/>\nCosta estava na mesa Pol\u00edtica Ind\u00fastria, Produtividade, Emprego, Competitividade e Com\u00e9rcio Exterior e afirmou que o governo est\u00e1 otimista em alcan\u00e7ar a meta de 3,9% do PIB em investimentos.<\/p>\n<p>Ele disse ainda que \u00e9 poss\u00edvel o pa\u00eds crescer 5% ao ano, em m\u00e9dia, com melhoria da competitividade, o que n\u00e3o geraria infla\u00e7\u00e3o.<\/p>\n<p>\u201cSe n\u00e3o crescer 3% ao ano, vamos demorar mais de 100 anos para chegar onde est\u00e1vamos em 80\u201d, afirmou Costa.<\/p>\n<p>Segundo Costa, os gr\u00e1ficos de produtividade do pa\u00eds s\u00e3o o que mostra o fracasso no nosso projeto de desenvolvimento, j\u00e1 que nos \u00faltimos 30 anos o Brasil se tornou menos competitivo. Para ele, o diagn\u00f3stico para aumentar a produtividade passa por abrir o pa\u00eds \u00e0 concorr\u00eancia e ampliar o setor de infraestrutura.<\/p>\n<p>Para ampliar a infraestrutura, o projeto do governo \u00e9 reduzir a participa\u00e7\u00e3o do estado no setor, sendo que ele citou diretamente os setores de g\u00e1s e saneamento, e criar metodologia para avaliar investimentos, o que est\u00e1 em desenvolvimento pela Secretaria de Desenvolvimento da Infraestrutura.<\/p>\n<p>Segundo Costa, o Brasil tem muita oportunidade de investimentos e para isso s\u00f3 falta dar maior seguran\u00e7a jur\u00eddica para os investimentos nesse setor que, segundo ele, poderiam gerar cerca de 8 milh\u00f5es de empregos nos pr\u00f3ximos quatro anos.<\/p>\n<p>&#8220;Mas precisamos para isso fazer a reforma da Previd\u00eancia&#8221;, defendeu Costa.<\/p>\n<\/div>\n","protected":false},"excerpt":{"rendered":"<p>Dimmi Amora, da Ag\u00eancia iNFRA O secret\u00e1rio de Produtividade, Emprego e Competitividade do Minist\u00e9rio da Economia, Carlos da Costa, afirmou que o objetivo do governo \u00e9 fazer com que o pa\u00eds passe de uma m\u00e9dia de 2,2% para 3,8% do PIB ao ano em investimentos no setor de infraestrutura ao fim do ciclo de quatro [&hellip;]<\/p>\n","protected":false},"author":9,"featured_media":3217,"comment_status":"closed","ping_status":"open","sticky":false,"template":"","format":"standard","meta":{"_monsterinsights_skip_tracking":false,"_monsterinsights_sitenote_active":false,"_monsterinsights_sitenote_note":"","_monsterinsights_sitenote_category":0,"footnotes":""},"categories":[7],"tags":[1011,1012,765,1015,1014,1013],"class_list":["post-3214","post","type-post","status-publish","format-standard","has-post-thumbnail","hentry","category-infratransporte","tag-abdib-forum-2019","tag-carlos-da-costa","tag-secretaria-de-desenvolvimento-da-infraestrutura","tag-secretaria-de-produtividade-emprego-e-competitividade","tag-sociedade-de-proposito-especifico","tag-spe"],"yoast_head":"<!-- This site is optimized with the Yoast SEO Premium plugin v25.4 (Yoast SEO v26.0) - https:\/\/yoast.com\/wordpress\/plugins\/seo\/ -->\n<title>Governo prepara projeto de lei para impedir SPEs de entrarem em recupera\u00e7\u00e3o judicial - Ag\u00eancia iNFRA<\/title>\n<meta name=\"robots\" content=\"index, follow, max-snippet:-1, max-image-preview:large, max-video-preview:-1\" \/>\n<link rel=\"canonical\" href=\"https:\/\/agenciainfra.com\/blog\/governo-prepara-projeto-de-lei-para-impedir-spes-de-entrarem-em-recuperacao-judicial\/\" \/>\n<meta property=\"og:locale\" content=\"pt_BR\" \/>\n<meta property=\"og:type\" content=\"article\" \/>\n<meta property=\"og:title\" content=\"Governo prepara projeto de lei para impedir SPEs de entrarem em recupera\u00e7\u00e3o judicial\" \/>\n<meta property=\"og:description\" content=\"Dimmi Amora, da Ag\u00eancia iNFRA O secret\u00e1rio de Produtividade, Emprego e Competitividade do Minist\u00e9rio da Economia, Carlos da Costa, afirmou que o objetivo do governo \u00e9 fazer com que o pa\u00eds passe de uma m\u00e9dia de 2,2% para 3,8% do PIB ao ano em investimentos no setor de infraestrutura ao fim do ciclo de quatro [&hellip;]\" \/>\n<meta property=\"og:url\" content=\"https:\/\/agenciainfra.com\/blog\/governo-prepara-projeto-de-lei-para-impedir-spes-de-entrarem-em-recuperacao-judicial\/\" \/>\n<meta property=\"og:site_name\" content=\"Ag\u00eancia iNFRA\" \/>\n<meta property=\"article:publisher\" content=\"https:\/\/www.facebook.com\/ageninfra\" \/>\n<meta property=\"article:published_time\" content=\"2019-05-27T11:00:31+00:00\" \/>\n<meta property=\"og:image\" content=\"https:\/\/agenciainfra.com\/blog\/wp-content\/uploads\/2019\/05\/carlos-alexandre-da-costa-foto-will-shutter-camara-dos-deputados.jpg\" \/>\n\t<meta property=\"og:image:width\" content=\"2581\" \/>\n\t<meta property=\"og:image:height\" content=\"1821\" \/>\n\t<meta property=\"og:image:type\" content=\"image\/jpeg\" \/>\n<meta name=\"author\" content=\"Rodrigo Zuquim\" \/>\n<meta name=\"twitter:card\" content=\"summary_large_image\" \/>\n<meta name=\"twitter:creator\" content=\"@agencia_infra\" \/>\n<meta name=\"twitter:site\" content=\"@agencia_infra\" \/>\n<meta name=\"twitter:label1\" content=\"Escrito por\" \/>\n\t<meta name=\"twitter:data1\" content=\"Rodrigo Zuquim\" \/>\n\t<meta name=\"twitter:label2\" content=\"Est. tempo de leitura\" \/>\n\t<meta name=\"twitter:data2\" content=\"3 minutos\" \/>\n<script type=\"application\/ld+json\" class=\"yoast-schema-graph\">{\"@context\":\"https:\/\/schema.org\",\"@graph\":[{\"@type\":\"Article\",\"@id\":\"https:\/\/agenciainfra.com\/blog\/governo-prepara-projeto-de-lei-para-impedir-spes-de-entrarem-em-recuperacao-judicial\/#article\",\"isPartOf\":{\"@id\":\"https:\/\/agenciainfra.com\/blog\/governo-prepara-projeto-de-lei-para-impedir-spes-de-entrarem-em-recuperacao-judicial\/\"},\"author\":{\"name\":\"Rodrigo Zuquim\",\"@id\":\"https:\/\/agenciainfra.com\/blog\/#\/schema\/person\/04dbb79bd6d8951f063da71f3e4c1eb1\"},\"headline\":\"Governo prepara projeto de lei para impedir SPEs de entrarem em recupera\u00e7\u00e3o judicial\",\"datePublished\":\"2019-05-27T11:00:31+00:00\",\"mainEntityOfPage\":{\"@id\":\"https:\/\/agenciainfra.com\/blog\/governo-prepara-projeto-de-lei-para-impedir-spes-de-entrarem-em-recuperacao-judicial\/\"},\"wordCount\":538,\"publisher\":{\"@id\":\"https:\/\/agenciainfra.com\/blog\/#organization\"},\"image\":{\"@id\":\"https:\/\/agenciainfra.com\/blog\/governo-prepara-projeto-de-lei-para-impedir-spes-de-entrarem-em-recuperacao-judicial\/#primaryimage\"},\"thumbnailUrl\":\"https:\/\/agenciainfra.com\/blog\/wp-content\/uploads\/2019\/05\/carlos-alexandre-da-costa-foto-will-shutter-camara-dos-deputados.jpg\",\"keywords\":[\"Abdib F\u00f3rum 2019\",\"Carlos da Costa\",\"Secretaria de Desenvolvimento da Infraestrutura\",\"Secretaria de Produtividade Emprego e Competitividade\",\"Sociedade de Prop\u00f3sito Espec\u00edfico\",\"SPE\"],\"articleSection\":[\"iNFRATransporte\"],\"inLanguage\":\"pt-BR\",\"copyrightYear\":\"2019\",\"copyrightHolder\":{\"@id\":\"https:\/\/agenciainfra.com\/blog\/#organization\"}},{\"@type\":\"WebPage\",\"@id\":\"https:\/\/agenciainfra.com\/blog\/governo-prepara-projeto-de-lei-para-impedir-spes-de-entrarem-em-recuperacao-judicial\/\",\"url\":\"https:\/\/agenciainfra.com\/blog\/governo-prepara-projeto-de-lei-para-impedir-spes-de-entrarem-em-recuperacao-judicial\/\",\"name\":\"Governo prepara projeto de lei para impedir SPEs de entrarem em recupera\u00e7\u00e3o judicial - Ag\u00eancia iNFRA\",\"isPartOf\":{\"@id\":\"https:\/\/agenciainfra.com\/blog\/#website\"},\"primaryImageOfPage\":{\"@id\":\"https:\/\/agenciainfra.com\/blog\/governo-prepara-projeto-de-lei-para-impedir-spes-de-entrarem-em-recuperacao-judicial\/#primaryimage\"},\"image\":{\"@id\":\"https:\/\/agenciainfra.com\/blog\/governo-prepara-projeto-de-lei-para-impedir-spes-de-entrarem-em-recuperacao-judicial\/#primaryimage\"},\"thumbnailUrl\":\"https:\/\/agenciainfra.com\/blog\/wp-content\/uploads\/2019\/05\/carlos-alexandre-da-costa-foto-will-shutter-camara-dos-deputados.jpg\",\"datePublished\":\"2019-05-27T11:00:31+00:00\",\"breadcrumb\":{\"@id\":\"https:\/\/agenciainfra.com\/blog\/governo-prepara-projeto-de-lei-para-impedir-spes-de-entrarem-em-recuperacao-judicial\/#breadcrumb\"},\"inLanguage\":\"pt-BR\",\"potentialAction\":[{\"@type\":\"ReadAction\",\"target\":[\"https:\/\/agenciainfra.com\/blog\/governo-prepara-projeto-de-lei-para-impedir-spes-de-entrarem-em-recuperacao-judicial\/\"]}]},{\"@type\":\"ImageObject\",\"inLanguage\":\"pt-BR\",\"@id\":\"https:\/\/agenciainfra.com\/blog\/governo-prepara-projeto-de-lei-para-impedir-spes-de-entrarem-em-recuperacao-judicial\/#primaryimage\",\"url\":\"https:\/\/agenciainfra.com\/blog\/wp-content\/uploads\/2019\/05\/carlos-alexandre-da-costa-foto-will-shutter-camara-dos-deputados.jpg\",\"contentUrl\":\"https:\/\/agenciainfra.com\/blog\/wp-content\/uploads\/2019\/05\/carlos-alexandre-da-costa-foto-will-shutter-camara-dos-deputados.jpg\",\"width\":2581,\"height\":1821},{\"@type\":\"BreadcrumbList\",\"@id\":\"https:\/\/agenciainfra.com\/blog\/governo-prepara-projeto-de-lei-para-impedir-spes-de-entrarem-em-recuperacao-judicial\/#breadcrumb\",\"itemListElement\":[{\"@type\":\"ListItem\",\"position\":1,\"name\":\"In\u00edcio\",\"item\":\"https:\/\/agenciainfra.com\/blog\/\"},{\"@type\":\"ListItem\",\"position\":2,\"name\":\"Governo prepara projeto de lei para impedir SPEs de entrarem em recupera\u00e7\u00e3o judicial\"}]},{\"@type\":\"WebSite\",\"@id\":\"https:\/\/agenciainfra.com\/blog\/#website\",\"url\":\"https:\/\/agenciainfra.com\/blog\/\",\"name\":\"Ag\u00eancia iNFRA\",\"description\":\"Multiplataforma de informa\u00e7\u00e3o jornal\u00edstica refer\u00eancia na \u00e1rea de infraestrutura no Brasil!\",\"publisher\":{\"@id\":\"https:\/\/agenciainfra.com\/blog\/#organization\"},\"potentialAction\":[{\"@type\":\"SearchAction\",\"target\":{\"@type\":\"EntryPoint\",\"urlTemplate\":\"https:\/\/agenciainfra.com\/blog\/?s={search_term_string}\"},\"query-input\":{\"@type\":\"PropertyValueSpecification\",\"valueRequired\":true,\"valueName\":\"search_term_string\"}}],\"inLanguage\":\"pt-BR\"},{\"@type\":\"Organization\",\"@id\":\"https:\/\/agenciainfra.com\/blog\/#organization\",\"name\":\"Ag\u00eancia iNFRA\",\"url\":\"https:\/\/agenciainfra.com\/blog\/\",\"logo\":{\"@type\":\"ImageObject\",\"inLanguage\":\"pt-BR\",\"@id\":\"https:\/\/agenciainfra.com\/blog\/#\/schema\/logo\/image\/\",\"url\":\"https:\/\/agenciainfra.com\/blog\/wp-content\/uploads\/2023\/09\/iNFRA_5-e1761735885940.png\",\"contentUrl\":\"https:\/\/agenciainfra.com\/blog\/wp-content\/uploads\/2023\/09\/iNFRA_5-e1761735885940.png\",\"width\":1672,\"height\":454,\"caption\":\"Ag\u00eancia iNFRA\"},\"image\":{\"@id\":\"https:\/\/agenciainfra.com\/blog\/#\/schema\/logo\/image\/\"},\"sameAs\":[\"https:\/\/www.facebook.com\/ageninfra\",\"https:\/\/x.com\/agencia_infra\",\"https:\/\/www.linkedin.com\/company\/ag\u00eanciainfra\/\",\"https:\/\/www.instagram.com\/agenciainfra\/\"]},{\"@type\":\"Person\",\"@id\":\"https:\/\/agenciainfra.com\/blog\/#\/schema\/person\/04dbb79bd6d8951f063da71f3e4c1eb1\",\"name\":\"Rodrigo Zuquim\",\"image\":{\"@type\":\"ImageObject\",\"inLanguage\":\"pt-BR\",\"@id\":\"https:\/\/agenciainfra.com\/blog\/#\/schema\/person\/image\/\",\"url\":\"https:\/\/secure.gravatar.com\/avatar\/594abfe82761d620726242ff34ca472a705a4b97f16c790053a6b4c4035274d0?s=96&d=mm&r=g\",\"contentUrl\":\"https:\/\/secure.gravatar.com\/avatar\/594abfe82761d620726242ff34ca472a705a4b97f16c790053a6b4c4035274d0?s=96&d=mm&r=g\",\"caption\":\"Rodrigo Zuquim\"},\"url\":\"https:\/\/agenciainfra.com\/blog\/author\/rodrigo-zuquim\/\"}]}<\/script>\n<!-- \/ Yoast SEO Premium plugin. -->","yoast_head_json":{"title":"Governo prepara projeto de lei para impedir SPEs de entrarem em recupera\u00e7\u00e3o judicial - Ag\u00eancia iNFRA","robots":{"index":"index","follow":"follow","max-snippet":"max-snippet:-1","max-image-preview":"max-image-preview:large","max-video-preview":"max-video-preview:-1"},"canonical":"https:\/\/agenciainfra.com\/blog\/governo-prepara-projeto-de-lei-para-impedir-spes-de-entrarem-em-recuperacao-judicial\/","og_locale":"pt_BR","og_type":"article","og_title":"Governo prepara projeto de lei para impedir SPEs de entrarem em recupera\u00e7\u00e3o judicial","og_description":"Dimmi Amora, da Ag\u00eancia iNFRA O secret\u00e1rio de Produtividade, Emprego e Competitividade do Minist\u00e9rio da Economia, Carlos da Costa, afirmou que o objetivo do governo \u00e9 fazer com que o pa\u00eds passe de uma m\u00e9dia de 2,2% para 3,8% do PIB ao ano em investimentos no setor de infraestrutura ao fim do ciclo de quatro [&hellip;]","og_url":"https:\/\/agenciainfra.com\/blog\/governo-prepara-projeto-de-lei-para-impedir-spes-de-entrarem-em-recuperacao-judicial\/","og_site_name":"Ag\u00eancia iNFRA","article_publisher":"https:\/\/www.facebook.com\/ageninfra","article_published_time":"2019-05-27T11:00:31+00:00","og_image":[{"width":2581,"height":1821,"url":"https:\/\/agenciainfra.com\/blog\/wp-content\/uploads\/2019\/05\/carlos-alexandre-da-costa-foto-will-shutter-camara-dos-deputados.jpg","type":"image\/jpeg"}],"author":"Rodrigo Zuquim","twitter_card":"summary_large_image","twitter_creator":"@agencia_infra","twitter_site":"@agencia_infra","twitter_misc":{"Escrito por":"Rodrigo Zuquim","Est. tempo de leitura":"3 minutos"},"schema":{"@context":"https:\/\/schema.org","@graph":[{"@type":"Article","@id":"https:\/\/agenciainfra.com\/blog\/governo-prepara-projeto-de-lei-para-impedir-spes-de-entrarem-em-recuperacao-judicial\/#article","isPartOf":{"@id":"https:\/\/agenciainfra.com\/blog\/governo-prepara-projeto-de-lei-para-impedir-spes-de-entrarem-em-recuperacao-judicial\/"},"author":{"name":"Rodrigo Zuquim","@id":"https:\/\/agenciainfra.com\/blog\/#\/schema\/person\/04dbb79bd6d8951f063da71f3e4c1eb1"},"headline":"Governo prepara projeto de lei para impedir SPEs de entrarem em recupera\u00e7\u00e3o judicial","datePublished":"2019-05-27T11:00:31+00:00","mainEntityOfPage":{"@id":"https:\/\/agenciainfra.com\/blog\/governo-prepara-projeto-de-lei-para-impedir-spes-de-entrarem-em-recuperacao-judicial\/"},"wordCount":538,"publisher":{"@id":"https:\/\/agenciainfra.com\/blog\/#organization"},"image":{"@id":"https:\/\/agenciainfra.com\/blog\/governo-prepara-projeto-de-lei-para-impedir-spes-de-entrarem-em-recuperacao-judicial\/#primaryimage"},"thumbnailUrl":"https:\/\/agenciainfra.com\/blog\/wp-content\/uploads\/2019\/05\/carlos-alexandre-da-costa-foto-will-shutter-camara-dos-deputados.jpg","keywords":["Abdib F\u00f3rum 2019","Carlos da Costa","Secretaria de Desenvolvimento da Infraestrutura","Secretaria de Produtividade Emprego e Competitividade","Sociedade de Prop\u00f3sito Espec\u00edfico","SPE"],"articleSection":["iNFRATransporte"],"inLanguage":"pt-BR","copyrightYear":"2019","copyrightHolder":{"@id":"https:\/\/agenciainfra.com\/blog\/#organization"}},{"@type":"WebPage","@id":"https:\/\/agenciainfra.com\/blog\/governo-prepara-projeto-de-lei-para-impedir-spes-de-entrarem-em-recuperacao-judicial\/","url":"https:\/\/agenciainfra.com\/blog\/governo-prepara-projeto-de-lei-para-impedir-spes-de-entrarem-em-recuperacao-judicial\/","name":"Governo prepara projeto de lei para impedir SPEs de entrarem em recupera\u00e7\u00e3o judicial - Ag\u00eancia iNFRA","isPartOf":{"@id":"https:\/\/agenciainfra.com\/blog\/#website"},"primaryImageOfPage":{"@id":"https:\/\/agenciainfra.com\/blog\/governo-prepara-projeto-de-lei-para-impedir-spes-de-entrarem-em-recuperacao-judicial\/#primaryimage"},"image":{"@id":"https:\/\/agenciainfra.com\/blog\/governo-prepara-projeto-de-lei-para-impedir-spes-de-entrarem-em-recuperacao-judicial\/#primaryimage"},"thumbnailUrl":"https:\/\/agenciainfra.com\/blog\/wp-content\/uploads\/2019\/05\/carlos-alexandre-da-costa-foto-will-shutter-camara-dos-deputados.jpg","datePublished":"2019-05-27T11:00:31+00:00","breadcrumb":{"@id":"https:\/\/agenciainfra.com\/blog\/governo-prepara-projeto-de-lei-para-impedir-spes-de-entrarem-em-recuperacao-judicial\/#breadcrumb"},"inLanguage":"pt-BR","potentialAction":[{"@type":"ReadAction","target":["https:\/\/agenciainfra.com\/blog\/governo-prepara-projeto-de-lei-para-impedir-spes-de-entrarem-em-recuperacao-judicial\/"]}]},{"@type":"ImageObject","inLanguage":"pt-BR","@id":"https:\/\/agenciainfra.com\/blog\/governo-prepara-projeto-de-lei-para-impedir-spes-de-entrarem-em-recuperacao-judicial\/#primaryimage","url":"https:\/\/agenciainfra.com\/blog\/wp-content\/uploads\/2019\/05\/carlos-alexandre-da-costa-foto-will-shutter-camara-dos-deputados.jpg","contentUrl":"https:\/\/agenciainfra.com\/blog\/wp-content\/uploads\/2019\/05\/carlos-alexandre-da-costa-foto-will-shutter-camara-dos-deputados.jpg","width":2581,"height":1821},{"@type":"BreadcrumbList","@id":"https:\/\/agenciainfra.com\/blog\/governo-prepara-projeto-de-lei-para-impedir-spes-de-entrarem-em-recuperacao-judicial\/#breadcrumb","itemListElement":[{"@type":"ListItem","position":1,"name":"In\u00edcio","item":"https:\/\/agenciainfra.com\/blog\/"},{"@type":"ListItem","position":2,"name":"Governo prepara projeto de lei para impedir SPEs de entrarem em recupera\u00e7\u00e3o judicial"}]},{"@type":"WebSite","@id":"https:\/\/agenciainfra.com\/blog\/#website","url":"https:\/\/agenciainfra.com\/blog\/","name":"Ag\u00eancia iNFRA","description":"Multiplataforma de informa\u00e7\u00e3o jornal\u00edstica refer\u00eancia na \u00e1rea de infraestrutura no Brasil!","publisher":{"@id":"https:\/\/agenciainfra.com\/blog\/#organization"},"potentialAction":[{"@type":"SearchAction","target":{"@type":"EntryPoint","urlTemplate":"https:\/\/agenciainfra.com\/blog\/?s={search_term_string}"},"query-input":{"@type":"PropertyValueSpecification","valueRequired":true,"valueName":"search_term_string"}}],"inLanguage":"pt-BR"},{"@type":"Organization","@id":"https:\/\/agenciainfra.com\/blog\/#organization","name":"Ag\u00eancia iNFRA","url":"https:\/\/agenciainfra.com\/blog\/","logo":{"@type":"ImageObject","inLanguage":"pt-BR","@id":"https:\/\/agenciainfra.com\/blog\/#\/schema\/logo\/image\/","url":"https:\/\/agenciainfra.com\/blog\/wp-content\/uploads\/2023\/09\/iNFRA_5-e1761735885940.png","contentUrl":"https:\/\/agenciainfra.com\/blog\/wp-content\/uploads\/2023\/09\/iNFRA_5-e1761735885940.png","width":1672,"height":454,"caption":"Ag\u00eancia iNFRA"},"image":{"@id":"https:\/\/agenciainfra.com\/blog\/#\/schema\/logo\/image\/"},"sameAs":["https:\/\/www.facebook.com\/ageninfra","https:\/\/x.com\/agencia_infra","https:\/\/www.linkedin.com\/company\/ag\u00eanciainfra\/","https:\/\/www.instagram.com\/agenciainfra\/"]},{"@type":"Person","@id":"https:\/\/agenciainfra.com\/blog\/#\/schema\/person\/04dbb79bd6d8951f063da71f3e4c1eb1","name":"Rodrigo Zuquim","image":{"@type":"ImageObject","inLanguage":"pt-BR","@id":"https:\/\/agenciainfra.com\/blog\/#\/schema\/person\/image\/","url":"https:\/\/secure.gravatar.com\/avatar\/594abfe82761d620726242ff34ca472a705a4b97f16c790053a6b4c4035274d0?s=96&d=mm&r=g","contentUrl":"https:\/\/secure.gravatar.com\/avatar\/594abfe82761d620726242ff34ca472a705a4b97f16c790053a6b4c4035274d0?s=96&d=mm&r=g","caption":"Rodrigo Zuquim"},"url":"https:\/\/agenciainfra.com\/blog\/author\/rodrigo-zuquim\/"}]}},"_links":{"self":[{"href":"https:\/\/agenciainfra.com\/blog\/wp-json\/wp\/v2\/posts\/3214","targetHints":{"allow":["GET"]}}],"collection":[{"href":"https:\/\/agenciainfra.com\/blog\/wp-json\/wp\/v2\/posts"}],"about":[{"href":"https:\/\/agenciainfra.com\/blog\/wp-json\/wp\/v2\/types\/post"}],"author":[{"embeddable":true,"href":"https:\/\/agenciainfra.com\/blog\/wp-json\/wp\/v2\/users\/9"}],"replies":[{"embeddable":true,"href":"https:\/\/agenciainfra.com\/blog\/wp-json\/wp\/v2\/comments?post=3214"}],"version-history":[{"count":0,"href":"https:\/\/agenciainfra.com\/blog\/wp-json\/wp\/v2\/posts\/3214\/revisions"}],"wp:featuredmedia":[{"embeddable":true,"href":"https:\/\/agenciainfra.com\/blog\/wp-json\/wp\/v2\/media\/3217"}],"wp:attachment":[{"href":"https:\/\/agenciainfra.com\/blog\/wp-json\/wp\/v2\/media?parent=3214"}],"wp:term":[{"taxonomy":"category","embeddable":true,"href":"https:\/\/agenciainfra.com\/blog\/wp-json\/wp\/v2\/categories?post=3214"},{"taxonomy":"post_tag","embeddable":true,"href":"https:\/\/agenciainfra.com\/blog\/wp-json\/wp\/v2\/tags?post=3214"}],"curies":[{"name":"wp","href":"https:\/\/api.w.org\/{rel}","templated":true}]}}