{"id":32156,"date":"2025-11-13T13:00:00","date_gmt":"2025-11-13T16:00:00","guid":{"rendered":"https:\/\/agenciainfra.com\/blog\/?p=32156"},"modified":"2025-11-14T10:02:41","modified_gmt":"2025-11-14T13:02:41","slug":"auren-projeta-receber-r-250-mi-com-ressarcimento-por-curtailment","status":"publish","type":"post","link":"https:\/\/agenciainfra.com\/blog\/auren-projeta-receber-r-250-mi-com-ressarcimento-por-curtailment\/","title":{"rendered":"Auren projeta receber R$ 250 mi com ressarcimento por curtailment"},"content":{"rendered":"\n<p class=\"has-text-align-right\"><strong>Geraldo Campos Jr., da Ag\u00eancia iNFRA<\/strong><\/p>\n\n\n\n<p>O CEO da Auren Energia, Fabio Zanfelice, disse nesta quinta-feira (13) que a empresa calcula receber cerca de R$ 250 milh\u00f5es referentes a cortes de gera\u00e7\u00e3o (curtailment) praticados no passado por raz\u00f5es de confiabilidade (falta de transmiss\u00e3o). O ressarcimento do passivo foi aprovado pelo Congresso na MP 1.304 e aguarda san\u00e7\u00e3o do presidente Lula.<\/p>\n\n\n\n<p>Zanfelice disse entender que o texto, al\u00e9m do passivo, traz uma compensa\u00e7\u00e3o integral dos futuros cortes. \u201cNossa interpreta\u00e7\u00e3o \u00e9 que n\u00f3s temos o ressarcimento do passado, por confiabilidade, e no futuro h\u00e1 agora reconhecimento de forma integral em uma parte do texto, e em outra ele \u00e9 condicionado&#8221;, afirmou em teleconfer\u00eancia com investidores.<\/p>\n\n\n\n<p>Ele destacou que a empresa aguardar\u00e1 a san\u00e7\u00e3o para tomar os pr\u00f3ximos passos. &#8220;Queremos que seja publicada na \u00edntegra. E depois ver como ser\u00e1 a regulamenta\u00e7\u00e3o, pois tem dispositivo para o MME [Minist\u00e9rio de Minas e Energia] definir regra para o tratamento da sobreoferta de renov\u00e1veis\u201d.<\/p>\n\n\n\n<p>O CEO tamb\u00e9m destacou como importante para a Auren o dispositivo que traz regras para renova\u00e7\u00e3o de concess\u00f5es de hidrel\u00e9tricas. A empresa tem v\u00e1rios empreendimentos com contratos vincendos nos pr\u00f3ximos anos.<\/p>\n\n\n\n<p><\/p>\n","protected":false},"excerpt":{"rendered":"<p>Geraldo Campos Jr., da Ag\u00eancia iNFRA O CEO da Auren Energia, Fabio Zanfelice, disse nesta quinta-feira (13) que a empresa calcula receber cerca de R$ 250 milh\u00f5es referentes a cortes de gera\u00e7\u00e3o (curtailment) praticados no passado por raz\u00f5es de confiabilidade (falta de transmiss\u00e3o). O ressarcimento do passivo foi aprovado pelo Congresso na MP 1.304 e [&hellip;]<\/p>\n","protected":false},"author":1,"featured_media":32208,"comment_status":"closed","ping_status":"closed","sticky":false,"template":"","format":"standard","meta":{"_monsterinsights_skip_tracking":false,"_monsterinsights_sitenote_active":false,"_monsterinsights_sitenote_note":"","_monsterinsights_sitenote_category":0,"footnotes":""},"categories":[10],"tags":[5799,12154,11474,25,2804,5798,16901,14378,16900,575],"class_list":["post-32156","post","type-post","status-publish","format-standard","has-post-thumbnail","hentry","category-infraenergia","tag-auren-energia","tag-cortes-de-geracao","tag-curtailment","tag-energia","tag-energia-renovavel","tag-fabio-zanfelice","tag-gerando-campos-jr","tag-mp-1-304","tag-ressarcimento-por-curtailment","tag-transmissao-de-energia"],"yoast_head":"<!-- This site is optimized with the Yoast SEO Premium plugin v25.4 (Yoast SEO v26.0) - https:\/\/yoast.com\/wordpress\/plugins\/seo\/ -->\n<title>Auren projeta receber R$ 250 mi com ressarcimento por curtailment - Ag\u00eancia iNFRA<\/title>\n<meta name=\"robots\" content=\"index, follow, max-snippet:-1, max-image-preview:large, max-video-preview:-1\" \/>\n<link rel=\"canonical\" href=\"https:\/\/agenciainfra.com\/blog\/auren-projeta-receber-r-250-mi-com-ressarcimento-por-curtailment\/\" \/>\n<meta property=\"og:locale\" content=\"pt_BR\" \/>\n<meta property=\"og:type\" content=\"article\" \/>\n<meta property=\"og:title\" content=\"Auren projeta receber R$ 250 mi com ressarcimento por curtailment\" \/>\n<meta property=\"og:description\" content=\"Geraldo Campos Jr., da Ag\u00eancia iNFRA O CEO da Auren Energia, Fabio Zanfelice, disse nesta quinta-feira (13) que a empresa calcula receber cerca de R$ 250 milh\u00f5es referentes a cortes de gera\u00e7\u00e3o (curtailment) praticados no passado por raz\u00f5es de confiabilidade (falta de transmiss\u00e3o). O ressarcimento do passivo foi aprovado pelo Congresso na MP 1.304 e [&hellip;]\" \/>\n<meta property=\"og:url\" content=\"https:\/\/agenciainfra.com\/blog\/auren-projeta-receber-r-250-mi-com-ressarcimento-por-curtailment\/\" \/>\n<meta property=\"og:site_name\" content=\"Ag\u00eancia iNFRA\" \/>\n<meta property=\"article:publisher\" content=\"https:\/\/www.facebook.com\/ageninfra\" \/>\n<meta property=\"article:published_time\" content=\"2025-11-13T16:00:00+00:00\" \/>\n<meta property=\"article:modified_time\" content=\"2025-11-14T13:02:41+00:00\" \/>\n<meta property=\"og:image\" content=\"https:\/\/agenciainfra.com\/blog\/wp-content\/uploads\/2025\/11\/WhatsApp-Image-2025-11-13-at-19.20.37.jpeg\" \/>\n\t<meta property=\"og:image:width\" content=\"1600\" \/>\n\t<meta property=\"og:image:height\" content=\"1066\" \/>\n\t<meta property=\"og:image:type\" content=\"image\/jpeg\" \/>\n<meta name=\"author\" content=\"Ag\u00eancia iNFRA\" \/>\n<meta name=\"twitter:card\" content=\"summary_large_image\" \/>\n<meta name=\"twitter:creator\" content=\"@agencia_infra\" \/>\n<meta name=\"twitter:site\" content=\"@agencia_infra\" \/>\n<meta name=\"twitter:label1\" content=\"Escrito por\" \/>\n\t<meta name=\"twitter:data1\" content=\"Ag\u00eancia iNFRA\" \/>\n\t<meta name=\"twitter:label2\" content=\"Est. tempo de leitura\" \/>\n\t<meta name=\"twitter:data2\" content=\"1 minuto\" \/>\n<script type=\"application\/ld+json\" class=\"yoast-schema-graph\">{\"@context\":\"https:\/\/schema.org\",\"@graph\":[{\"@type\":\"Article\",\"@id\":\"https:\/\/agenciainfra.com\/blog\/auren-projeta-receber-r-250-mi-com-ressarcimento-por-curtailment\/#article\",\"isPartOf\":{\"@id\":\"https:\/\/agenciainfra.com\/blog\/auren-projeta-receber-r-250-mi-com-ressarcimento-por-curtailment\/\"},\"author\":{\"name\":\"Ag\u00eancia iNFRA\",\"@id\":\"https:\/\/agenciainfra.com\/blog\/#\/schema\/person\/34af08dff6adea4cb22b06612ba7acfa\"},\"headline\":\"Auren projeta receber R$ 250 mi com ressarcimento por curtailment\",\"datePublished\":\"2025-11-13T16:00:00+00:00\",\"dateModified\":\"2025-11-14T13:02:41+00:00\",\"mainEntityOfPage\":{\"@id\":\"https:\/\/agenciainfra.com\/blog\/auren-projeta-receber-r-250-mi-com-ressarcimento-por-curtailment\/\"},\"wordCount\":216,\"publisher\":{\"@id\":\"https:\/\/agenciainfra.com\/blog\/#organization\"},\"image\":{\"@id\":\"https:\/\/agenciainfra.com\/blog\/auren-projeta-receber-r-250-mi-com-ressarcimento-por-curtailment\/#primaryimage\"},\"thumbnailUrl\":\"https:\/\/agenciainfra.com\/blog\/wp-content\/uploads\/2025\/11\/WhatsApp-Image-2025-11-13-at-19.20.37.jpeg\",\"keywords\":[\"Auren Energia\",\"cortes de gera\u00e7\u00e3o\",\"curtailment\",\"energia\",\"energia renov\u00e1vel\",\"Fabio Zanfelice\",\"Gerando Campos Jr.\",\"MP 1.304\",\"ressarcimento por curtailment\",\"transmiss\u00e3o de energia\"],\"articleSection\":[\"iNFRAEnergia\"],\"inLanguage\":\"pt-BR\",\"copyrightYear\":\"2025\",\"copyrightHolder\":{\"@id\":\"https:\/\/agenciainfra.com\/blog\/#organization\"}},{\"@type\":\"WebPage\",\"@id\":\"https:\/\/agenciainfra.com\/blog\/auren-projeta-receber-r-250-mi-com-ressarcimento-por-curtailment\/\",\"url\":\"https:\/\/agenciainfra.com\/blog\/auren-projeta-receber-r-250-mi-com-ressarcimento-por-curtailment\/\",\"name\":\"Auren projeta receber R$ 250 mi com ressarcimento por curtailment - Ag\u00eancia iNFRA\",\"isPartOf\":{\"@id\":\"https:\/\/agenciainfra.com\/blog\/#website\"},\"primaryImageOfPage\":{\"@id\":\"https:\/\/agenciainfra.com\/blog\/auren-projeta-receber-r-250-mi-com-ressarcimento-por-curtailment\/#primaryimage\"},\"image\":{\"@id\":\"https:\/\/agenciainfra.com\/blog\/auren-projeta-receber-r-250-mi-com-ressarcimento-por-curtailment\/#primaryimage\"},\"thumbnailUrl\":\"https:\/\/agenciainfra.com\/blog\/wp-content\/uploads\/2025\/11\/WhatsApp-Image-2025-11-13-at-19.20.37.jpeg\",\"datePublished\":\"2025-11-13T16:00:00+00:00\",\"dateModified\":\"2025-11-14T13:02:41+00:00\",\"breadcrumb\":{\"@id\":\"https:\/\/agenciainfra.com\/blog\/auren-projeta-receber-r-250-mi-com-ressarcimento-por-curtailment\/#breadcrumb\"},\"inLanguage\":\"pt-BR\",\"potentialAction\":[{\"@type\":\"ReadAction\",\"target\":[\"https:\/\/agenciainfra.com\/blog\/auren-projeta-receber-r-250-mi-com-ressarcimento-por-curtailment\/\"]}]},{\"@type\":\"ImageObject\",\"inLanguage\":\"pt-BR\",\"@id\":\"https:\/\/agenciainfra.com\/blog\/auren-projeta-receber-r-250-mi-com-ressarcimento-por-curtailment\/#primaryimage\",\"url\":\"https:\/\/agenciainfra.com\/blog\/wp-content\/uploads\/2025\/11\/WhatsApp-Image-2025-11-13-at-19.20.37.jpeg\",\"contentUrl\":\"https:\/\/agenciainfra.com\/blog\/wp-content\/uploads\/2025\/11\/WhatsApp-Image-2025-11-13-at-19.20.37.jpeg\",\"width\":1600,\"height\":1066,\"caption\":\"Foto: Divulga\u00e7\u00e3o Auren Energia\/Complexo E\u00f3lico Ventos do Piau\u00ed\"},{\"@type\":\"BreadcrumbList\",\"@id\":\"https:\/\/agenciainfra.com\/blog\/auren-projeta-receber-r-250-mi-com-ressarcimento-por-curtailment\/#breadcrumb\",\"itemListElement\":[{\"@type\":\"ListItem\",\"position\":1,\"name\":\"In\u00edcio\",\"item\":\"https:\/\/agenciainfra.com\/blog\/\"},{\"@type\":\"ListItem\",\"position\":2,\"name\":\"Auren projeta receber R$ 250 mi com ressarcimento por curtailment\"}]},{\"@type\":\"WebSite\",\"@id\":\"https:\/\/agenciainfra.com\/blog\/#website\",\"url\":\"https:\/\/agenciainfra.com\/blog\/\",\"name\":\"Ag\u00eancia iNFRA\",\"description\":\"Multiplataforma de informa\u00e7\u00e3o jornal\u00edstica refer\u00eancia na \u00e1rea de infraestrutura no Brasil!\",\"publisher\":{\"@id\":\"https:\/\/agenciainfra.com\/blog\/#organization\"},\"potentialAction\":[{\"@type\":\"SearchAction\",\"target\":{\"@type\":\"EntryPoint\",\"urlTemplate\":\"https:\/\/agenciainfra.com\/blog\/?s={search_term_string}\"},\"query-input\":{\"@type\":\"PropertyValueSpecification\",\"valueRequired\":true,\"valueName\":\"search_term_string\"}}],\"inLanguage\":\"pt-BR\"},{\"@type\":\"Organization\",\"@id\":\"https:\/\/agenciainfra.com\/blog\/#organization\",\"name\":\"Ag\u00eancia iNFRA\",\"url\":\"https:\/\/agenciainfra.com\/blog\/\",\"logo\":{\"@type\":\"ImageObject\",\"inLanguage\":\"pt-BR\",\"@id\":\"https:\/\/agenciainfra.com\/blog\/#\/schema\/logo\/image\/\",\"url\":\"https:\/\/agenciainfra.com\/blog\/wp-content\/uploads\/2023\/09\/iNFRA_5-e1761735885940.png\",\"contentUrl\":\"https:\/\/agenciainfra.com\/blog\/wp-content\/uploads\/2023\/09\/iNFRA_5-e1761735885940.png\",\"width\":1672,\"height\":454,\"caption\":\"Ag\u00eancia iNFRA\"},\"image\":{\"@id\":\"https:\/\/agenciainfra.com\/blog\/#\/schema\/logo\/image\/\"},\"sameAs\":[\"https:\/\/www.facebook.com\/ageninfra\",\"https:\/\/x.com\/agencia_infra\",\"https:\/\/www.linkedin.com\/company\/ag\u00eanciainfra\/\",\"https:\/\/www.instagram.com\/agenciainfra\/\"]},{\"@type\":\"Person\",\"@id\":\"https:\/\/agenciainfra.com\/blog\/#\/schema\/person\/34af08dff6adea4cb22b06612ba7acfa\",\"name\":\"Ag\u00eancia iNFRA\",\"image\":{\"@type\":\"ImageObject\",\"inLanguage\":\"pt-BR\",\"@id\":\"https:\/\/agenciainfra.com\/blog\/#\/schema\/person\/image\/\",\"url\":\"https:\/\/secure.gravatar.com\/avatar\/d189e01678f06d8eb84d4e01f08eb848b3fffe3f8443818d3c356c66892f5be8?s=96&d=mm&r=g\",\"contentUrl\":\"https:\/\/secure.gravatar.com\/avatar\/d189e01678f06d8eb84d4e01f08eb848b3fffe3f8443818d3c356c66892f5be8?s=96&d=mm&r=g\",\"caption\":\"Ag\u00eancia iNFRA\"},\"url\":\"https:\/\/agenciainfra.com\/blog\/author\/admin\/\"}]}<\/script>\n<!-- \/ Yoast SEO Premium plugin. -->","yoast_head_json":{"title":"Auren projeta receber R$ 250 mi com ressarcimento por curtailment - Ag\u00eancia iNFRA","robots":{"index":"index","follow":"follow","max-snippet":"max-snippet:-1","max-image-preview":"max-image-preview:large","max-video-preview":"max-video-preview:-1"},"canonical":"https:\/\/agenciainfra.com\/blog\/auren-projeta-receber-r-250-mi-com-ressarcimento-por-curtailment\/","og_locale":"pt_BR","og_type":"article","og_title":"Auren projeta receber R$ 250 mi com ressarcimento por curtailment","og_description":"Geraldo Campos Jr., da Ag\u00eancia iNFRA O CEO da Auren Energia, Fabio Zanfelice, disse nesta quinta-feira (13) que a empresa calcula receber cerca de R$ 250 milh\u00f5es referentes a cortes de gera\u00e7\u00e3o (curtailment) praticados no passado por raz\u00f5es de confiabilidade (falta de transmiss\u00e3o). O ressarcimento do passivo foi aprovado pelo Congresso na MP 1.304 e [&hellip;]","og_url":"https:\/\/agenciainfra.com\/blog\/auren-projeta-receber-r-250-mi-com-ressarcimento-por-curtailment\/","og_site_name":"Ag\u00eancia iNFRA","article_publisher":"https:\/\/www.facebook.com\/ageninfra","article_published_time":"2025-11-13T16:00:00+00:00","article_modified_time":"2025-11-14T13:02:41+00:00","og_image":[{"width":1600,"height":1066,"url":"https:\/\/agenciainfra.com\/blog\/wp-content\/uploads\/2025\/11\/WhatsApp-Image-2025-11-13-at-19.20.37.jpeg","type":"image\/jpeg"}],"author":"Ag\u00eancia iNFRA","twitter_card":"summary_large_image","twitter_creator":"@agencia_infra","twitter_site":"@agencia_infra","twitter_misc":{"Escrito por":"Ag\u00eancia iNFRA","Est. tempo de leitura":"1 minuto"},"schema":{"@context":"https:\/\/schema.org","@graph":[{"@type":"Article","@id":"https:\/\/agenciainfra.com\/blog\/auren-projeta-receber-r-250-mi-com-ressarcimento-por-curtailment\/#article","isPartOf":{"@id":"https:\/\/agenciainfra.com\/blog\/auren-projeta-receber-r-250-mi-com-ressarcimento-por-curtailment\/"},"author":{"name":"Ag\u00eancia iNFRA","@id":"https:\/\/agenciainfra.com\/blog\/#\/schema\/person\/34af08dff6adea4cb22b06612ba7acfa"},"headline":"Auren projeta receber R$ 250 mi com ressarcimento por curtailment","datePublished":"2025-11-13T16:00:00+00:00","dateModified":"2025-11-14T13:02:41+00:00","mainEntityOfPage":{"@id":"https:\/\/agenciainfra.com\/blog\/auren-projeta-receber-r-250-mi-com-ressarcimento-por-curtailment\/"},"wordCount":216,"publisher":{"@id":"https:\/\/agenciainfra.com\/blog\/#organization"},"image":{"@id":"https:\/\/agenciainfra.com\/blog\/auren-projeta-receber-r-250-mi-com-ressarcimento-por-curtailment\/#primaryimage"},"thumbnailUrl":"https:\/\/agenciainfra.com\/blog\/wp-content\/uploads\/2025\/11\/WhatsApp-Image-2025-11-13-at-19.20.37.jpeg","keywords":["Auren Energia","cortes de gera\u00e7\u00e3o","curtailment","energia","energia renov\u00e1vel","Fabio Zanfelice","Gerando Campos Jr.","MP 1.304","ressarcimento por curtailment","transmiss\u00e3o de energia"],"articleSection":["iNFRAEnergia"],"inLanguage":"pt-BR","copyrightYear":"2025","copyrightHolder":{"@id":"https:\/\/agenciainfra.com\/blog\/#organization"}},{"@type":"WebPage","@id":"https:\/\/agenciainfra.com\/blog\/auren-projeta-receber-r-250-mi-com-ressarcimento-por-curtailment\/","url":"https:\/\/agenciainfra.com\/blog\/auren-projeta-receber-r-250-mi-com-ressarcimento-por-curtailment\/","name":"Auren projeta receber R$ 250 mi com ressarcimento por curtailment - Ag\u00eancia iNFRA","isPartOf":{"@id":"https:\/\/agenciainfra.com\/blog\/#website"},"primaryImageOfPage":{"@id":"https:\/\/agenciainfra.com\/blog\/auren-projeta-receber-r-250-mi-com-ressarcimento-por-curtailment\/#primaryimage"},"image":{"@id":"https:\/\/agenciainfra.com\/blog\/auren-projeta-receber-r-250-mi-com-ressarcimento-por-curtailment\/#primaryimage"},"thumbnailUrl":"https:\/\/agenciainfra.com\/blog\/wp-content\/uploads\/2025\/11\/WhatsApp-Image-2025-11-13-at-19.20.37.jpeg","datePublished":"2025-11-13T16:00:00+00:00","dateModified":"2025-11-14T13:02:41+00:00","breadcrumb":{"@id":"https:\/\/agenciainfra.com\/blog\/auren-projeta-receber-r-250-mi-com-ressarcimento-por-curtailment\/#breadcrumb"},"inLanguage":"pt-BR","potentialAction":[{"@type":"ReadAction","target":["https:\/\/agenciainfra.com\/blog\/auren-projeta-receber-r-250-mi-com-ressarcimento-por-curtailment\/"]}]},{"@type":"ImageObject","inLanguage":"pt-BR","@id":"https:\/\/agenciainfra.com\/blog\/auren-projeta-receber-r-250-mi-com-ressarcimento-por-curtailment\/#primaryimage","url":"https:\/\/agenciainfra.com\/blog\/wp-content\/uploads\/2025\/11\/WhatsApp-Image-2025-11-13-at-19.20.37.jpeg","contentUrl":"https:\/\/agenciainfra.com\/blog\/wp-content\/uploads\/2025\/11\/WhatsApp-Image-2025-11-13-at-19.20.37.jpeg","width":1600,"height":1066,"caption":"Foto: Divulga\u00e7\u00e3o Auren Energia\/Complexo E\u00f3lico Ventos do Piau\u00ed"},{"@type":"BreadcrumbList","@id":"https:\/\/agenciainfra.com\/blog\/auren-projeta-receber-r-250-mi-com-ressarcimento-por-curtailment\/#breadcrumb","itemListElement":[{"@type":"ListItem","position":1,"name":"In\u00edcio","item":"https:\/\/agenciainfra.com\/blog\/"},{"@type":"ListItem","position":2,"name":"Auren projeta receber R$ 250 mi com ressarcimento por curtailment"}]},{"@type":"WebSite","@id":"https:\/\/agenciainfra.com\/blog\/#website","url":"https:\/\/agenciainfra.com\/blog\/","name":"Ag\u00eancia iNFRA","description":"Multiplataforma de informa\u00e7\u00e3o jornal\u00edstica refer\u00eancia na \u00e1rea de infraestrutura no Brasil!","publisher":{"@id":"https:\/\/agenciainfra.com\/blog\/#organization"},"potentialAction":[{"@type":"SearchAction","target":{"@type":"EntryPoint","urlTemplate":"https:\/\/agenciainfra.com\/blog\/?s={search_term_string}"},"query-input":{"@type":"PropertyValueSpecification","valueRequired":true,"valueName":"search_term_string"}}],"inLanguage":"pt-BR"},{"@type":"Organization","@id":"https:\/\/agenciainfra.com\/blog\/#organization","name":"Ag\u00eancia iNFRA","url":"https:\/\/agenciainfra.com\/blog\/","logo":{"@type":"ImageObject","inLanguage":"pt-BR","@id":"https:\/\/agenciainfra.com\/blog\/#\/schema\/logo\/image\/","url":"https:\/\/agenciainfra.com\/blog\/wp-content\/uploads\/2023\/09\/iNFRA_5-e1761735885940.png","contentUrl":"https:\/\/agenciainfra.com\/blog\/wp-content\/uploads\/2023\/09\/iNFRA_5-e1761735885940.png","width":1672,"height":454,"caption":"Ag\u00eancia iNFRA"},"image":{"@id":"https:\/\/agenciainfra.com\/blog\/#\/schema\/logo\/image\/"},"sameAs":["https:\/\/www.facebook.com\/ageninfra","https:\/\/x.com\/agencia_infra","https:\/\/www.linkedin.com\/company\/ag\u00eanciainfra\/","https:\/\/www.instagram.com\/agenciainfra\/"]},{"@type":"Person","@id":"https:\/\/agenciainfra.com\/blog\/#\/schema\/person\/34af08dff6adea4cb22b06612ba7acfa","name":"Ag\u00eancia iNFRA","image":{"@type":"ImageObject","inLanguage":"pt-BR","@id":"https:\/\/agenciainfra.com\/blog\/#\/schema\/person\/image\/","url":"https:\/\/secure.gravatar.com\/avatar\/d189e01678f06d8eb84d4e01f08eb848b3fffe3f8443818d3c356c66892f5be8?s=96&d=mm&r=g","contentUrl":"https:\/\/secure.gravatar.com\/avatar\/d189e01678f06d8eb84d4e01f08eb848b3fffe3f8443818d3c356c66892f5be8?s=96&d=mm&r=g","caption":"Ag\u00eancia iNFRA"},"url":"https:\/\/agenciainfra.com\/blog\/author\/admin\/"}]}},"_links":{"self":[{"href":"https:\/\/agenciainfra.com\/blog\/wp-json\/wp\/v2\/posts\/32156","targetHints":{"allow":["GET"]}}],"collection":[{"href":"https:\/\/agenciainfra.com\/blog\/wp-json\/wp\/v2\/posts"}],"about":[{"href":"https:\/\/agenciainfra.com\/blog\/wp-json\/wp\/v2\/types\/post"}],"author":[{"embeddable":true,"href":"https:\/\/agenciainfra.com\/blog\/wp-json\/wp\/v2\/users\/1"}],"replies":[{"embeddable":true,"href":"https:\/\/agenciainfra.com\/blog\/wp-json\/wp\/v2\/comments?post=32156"}],"version-history":[{"count":1,"href":"https:\/\/agenciainfra.com\/blog\/wp-json\/wp\/v2\/posts\/32156\/revisions"}],"predecessor-version":[{"id":32157,"href":"https:\/\/agenciainfra.com\/blog\/wp-json\/wp\/v2\/posts\/32156\/revisions\/32157"}],"wp:featuredmedia":[{"embeddable":true,"href":"https:\/\/agenciainfra.com\/blog\/wp-json\/wp\/v2\/media\/32208"}],"wp:attachment":[{"href":"https:\/\/agenciainfra.com\/blog\/wp-json\/wp\/v2\/media?parent=32156"}],"wp:term":[{"taxonomy":"category","embeddable":true,"href":"https:\/\/agenciainfra.com\/blog\/wp-json\/wp\/v2\/categories?post=32156"},{"taxonomy":"post_tag","embeddable":true,"href":"https:\/\/agenciainfra.com\/blog\/wp-json\/wp\/v2\/tags?post=32156"}],"curies":[{"name":"wp","href":"https:\/\/api.w.org\/{rel}","templated":true}]}}