{"id":32171,"date":"2025-11-13T14:38:34","date_gmt":"2025-11-13T17:38:34","guid":{"rendered":"https:\/\/agenciainfra.com\/blog\/?p=32171"},"modified":"2025-11-13T14:38:36","modified_gmt":"2025-11-13T17:38:36","slug":"abcon-propoe-10-acoes-para-alinhar-o-saneamento-a-agenda-climatica","status":"publish","type":"post","link":"https:\/\/agenciainfra.com\/blog\/abcon-propoe-10-acoes-para-alinhar-o-saneamento-a-agenda-climatica\/","title":{"rendered":"Abcon prop\u00f5e 10 a\u00e7\u00f5es para alinhar o saneamento \u00e0 agenda clim\u00e1tica"},"content":{"rendered":"\n<p class=\"has-text-align-right\"><strong>da Ag\u00eancia iNFRA<\/strong><\/p>\n\n\n\n<p>A Abcon (Associa\u00e7\u00e3o Brasileira das Empresas de Saneamento no Brasil) lan\u00e7ou, durante a COP30, em Bel\u00e9m (PA), o e-book &#8220;Saneamento pelo clima: agenda Abcon para a universaliza\u00e7\u00e3o sustent\u00e1vel&#8221;, com dez propostas estrat\u00e9gicas sobre o papel do saneamento como eixo central da adapta\u00e7\u00e3o clim\u00e1tica e da sustentabilidade ambiental.<\/p>\n\n\n\n<p>As medidas incluem desde a cria\u00e7\u00e3o de um mecanismo setorial de cr\u00e9ditos de carbono at\u00e9 a regulamenta\u00e7\u00e3o do re\u00faso de \u00e1gua e a amplia\u00e7\u00e3o do financiamento para tecnologias de baixo carbono. A entidade tamb\u00e9m defende que a universaliza\u00e7\u00e3o dos servi\u00e7os de \u00e1gua e esgoto seja prioridade nas pol\u00edticas clim\u00e1ticas e regulat\u00f3rias do pa\u00eds. <\/p>\n\n\n\n<p>Com 50 p\u00e1ginas, a publica\u00e7\u00e3o, dispon\u00edvel em portugu\u00eas e ingl\u00eas, apresenta experi\u00eancias de empresas associadas e a\u00e7\u00f5es j\u00e1 implementadas de mitiga\u00e7\u00e3o e efici\u00eancia energ\u00e9tica.<\/p>\n\n\n\n<p>Segundo a diretora executiva da Abcon, Christianne Dias, o Brasil tem condi\u00e7\u00f5es de liderar pelo exemplo. \u201cCom seguran\u00e7a jur\u00eddica, financiamento adequado e colabora\u00e7\u00e3o entre os setores p\u00fablico e privado, podemos construir um futuro mais justo, saud\u00e1vel e sustent\u00e1vel. O saneamento n\u00e3o pode esperar \u2014 e o clima tamb\u00e9m n\u00e3o\u201d, afirmou.<\/p>\n\n\n\n<p>Para o presidente do Conselho de Administra\u00e7\u00e3o da associa\u00e7\u00e3o, Rog\u00e9rio Tavares, ampliar o acesso \u00e0 \u00e1gua e ao esgoto \u00e9 uma das principais formas de mitiga\u00e7\u00e3o e adapta\u00e7\u00e3o clim\u00e1tica. \u201cTratar o esgoto \u00e9 reduzir a polui\u00e7\u00e3o dos rios e preservar a biodiversidade. J\u00e1 garantir o fornecimento seguro de \u00e1gua, mesmo em per\u00edodos de seca, \u00e9 fortalecer a resili\u00eancia das comunidades\u201d, destacou.<\/p>\n\n\n\n<p>Confira a lista completa: <\/p>\n\n\n\n<p>1. Priorizar a universaliza\u00e7\u00e3o como objetivo central das pol\u00edticas clim\u00e1ticas e regulat\u00f3rias ambientais.<br>2. Criar um mecanismo setorial de cr\u00e9ditos de carbono para o saneamento.<br>3. Uniformizar crit\u00e9rios para tratamento e aplica\u00e7\u00e3o de lodo.<br>4. Regulamentar o uso de solu\u00e7\u00f5es alternativas de \u00e1gua e esgoto.<br>5. Regulamentar o re\u00faso de \u00e1gua n\u00e3o pot\u00e1vel a partir de efluentes sanit\u00e1rios tratados.<br>6. Acelerar processos de regulariza\u00e7\u00e3o fundi\u00e1ria para obras de saneamento.<br>7. Definir crit\u00e9rios para licen\u00e7as e outorgas de lan\u00e7amentos de efluentes sanit\u00e1rios tratados em rios urbanos degradados.<br>8. Adequar a classifica\u00e7\u00e3o do impacto ambiental do saneamento.<br>9. Flexibilizar par\u00e2metros de qualidade em situa\u00e7\u00f5es extremas ou de transi\u00e7\u00e3o.<br>10. Criar linhas de financiamento para tecnologias de baixo carbono no saneamento.<\/p>\n","protected":false},"excerpt":{"rendered":"<p>da Ag\u00eancia iNFRA A Abcon (Associa\u00e7\u00e3o Brasileira das Empresas de Saneamento no Brasil) lan\u00e7ou, durante a COP30, em Bel\u00e9m (PA), o e-book &#8220;Saneamento pelo clima: agenda Abcon para a universaliza\u00e7\u00e3o sustent\u00e1vel&#8221;, com dez propostas estrat\u00e9gicas sobre o papel do saneamento como eixo central da adapta\u00e7\u00e3o clim\u00e1tica e da sustentabilidade ambiental. As medidas incluem desde a [&hellip;]<\/p>\n","protected":false},"author":1,"featured_media":6603,"comment_status":"closed","ping_status":"closed","sticky":false,"template":"","format":"standard","meta":{"_monsterinsights_skip_tracking":false,"_monsterinsights_sitenote_active":false,"_monsterinsights_sitenote_note":"","_monsterinsights_sitenote_category":0,"footnotes":""},"categories":[13576],"tags":[2203,624,8068,2601,4401,179,1573],"class_list":["post-32171","post","type-post","status-publish","format-standard","has-post-thumbnail","hentry","category-giro-infra","tag-abcon","tag-belem","tag-cop30","tag-eficiencia-energetica","tag-mudancas-climaticas","tag-saneamento","tag-sustentabilidade"],"yoast_head":"<!-- This site is optimized with the Yoast SEO Premium plugin v25.4 (Yoast SEO v26.0) - https:\/\/yoast.com\/wordpress\/plugins\/seo\/ -->\n<title>Abcon prop\u00f5e 10 a\u00e7\u00f5es para alinhar o saneamento \u00e0 agenda clim\u00e1tica - Ag\u00eancia iNFRA<\/title>\n<meta name=\"robots\" content=\"index, follow, max-snippet:-1, max-image-preview:large, max-video-preview:-1\" \/>\n<link rel=\"canonical\" href=\"https:\/\/agenciainfra.com\/blog\/abcon-propoe-10-acoes-para-alinhar-o-saneamento-a-agenda-climatica\/\" \/>\n<meta property=\"og:locale\" content=\"pt_BR\" \/>\n<meta property=\"og:type\" content=\"article\" \/>\n<meta property=\"og:title\" content=\"Abcon prop\u00f5e 10 a\u00e7\u00f5es para alinhar o saneamento \u00e0 agenda clim\u00e1tica\" \/>\n<meta property=\"og:description\" content=\"da Ag\u00eancia iNFRA A Abcon (Associa\u00e7\u00e3o Brasileira das Empresas de Saneamento no Brasil) lan\u00e7ou, durante a COP30, em Bel\u00e9m (PA), o e-book &#8220;Saneamento pelo clima: agenda Abcon para a universaliza\u00e7\u00e3o sustent\u00e1vel&#8221;, com dez propostas estrat\u00e9gicas sobre o papel do saneamento como eixo central da adapta\u00e7\u00e3o clim\u00e1tica e da sustentabilidade ambiental. As medidas incluem desde a [&hellip;]\" \/>\n<meta property=\"og:url\" content=\"https:\/\/agenciainfra.com\/blog\/abcon-propoe-10-acoes-para-alinhar-o-saneamento-a-agenda-climatica\/\" \/>\n<meta property=\"og:site_name\" content=\"Ag\u00eancia iNFRA\" \/>\n<meta property=\"article:publisher\" content=\"https:\/\/www.facebook.com\/ageninfra\" \/>\n<meta property=\"article:published_time\" content=\"2025-11-13T17:38:34+00:00\" \/>\n<meta property=\"article:modified_time\" content=\"2025-11-13T17:38:36+00:00\" \/>\n<meta property=\"og:image\" content=\"https:\/\/agenciainfra.com\/blog\/wp-content\/uploads\/2021\/01\/saneamento-basico-agua-foto-dominio-publico.jpg\" \/>\n\t<meta property=\"og:image:width\" content=\"1280\" \/>\n\t<meta property=\"og:image:height\" content=\"856\" \/>\n\t<meta property=\"og:image:type\" content=\"image\/jpeg\" \/>\n<meta name=\"author\" content=\"Ag\u00eancia iNFRA\" \/>\n<meta name=\"twitter:card\" content=\"summary_large_image\" \/>\n<meta name=\"twitter:creator\" content=\"@agencia_infra\" \/>\n<meta name=\"twitter:site\" content=\"@agencia_infra\" \/>\n<meta name=\"twitter:label1\" content=\"Escrito por\" \/>\n\t<meta name=\"twitter:data1\" content=\"Ag\u00eancia iNFRA\" \/>\n\t<meta name=\"twitter:label2\" content=\"Est. tempo de leitura\" \/>\n\t<meta name=\"twitter:data2\" content=\"2 minutos\" \/>\n<script type=\"application\/ld+json\" class=\"yoast-schema-graph\">{\"@context\":\"https:\/\/schema.org\",\"@graph\":[{\"@type\":\"Article\",\"@id\":\"https:\/\/agenciainfra.com\/blog\/abcon-propoe-10-acoes-para-alinhar-o-saneamento-a-agenda-climatica\/#article\",\"isPartOf\":{\"@id\":\"https:\/\/agenciainfra.com\/blog\/abcon-propoe-10-acoes-para-alinhar-o-saneamento-a-agenda-climatica\/\"},\"author\":{\"name\":\"Ag\u00eancia iNFRA\",\"@id\":\"https:\/\/agenciainfra.com\/blog\/#\/schema\/person\/34af08dff6adea4cb22b06612ba7acfa\"},\"headline\":\"Abcon prop\u00f5e 10 a\u00e7\u00f5es para alinhar o saneamento \u00e0 agenda clim\u00e1tica\",\"datePublished\":\"2025-11-13T17:38:34+00:00\",\"dateModified\":\"2025-11-13T17:38:36+00:00\",\"mainEntityOfPage\":{\"@id\":\"https:\/\/agenciainfra.com\/blog\/abcon-propoe-10-acoes-para-alinhar-o-saneamento-a-agenda-climatica\/\"},\"wordCount\":428,\"publisher\":{\"@id\":\"https:\/\/agenciainfra.com\/blog\/#organization\"},\"image\":{\"@id\":\"https:\/\/agenciainfra.com\/blog\/abcon-propoe-10-acoes-para-alinhar-o-saneamento-a-agenda-climatica\/#primaryimage\"},\"thumbnailUrl\":\"https:\/\/agenciainfra.com\/blog\/wp-content\/uploads\/2021\/01\/saneamento-basico-agua-foto-dominio-publico.jpg\",\"keywords\":[\"Abcon\",\"Bel\u00e9m\",\"COP30\",\"Efici\u00eancia Energ\u00e9tica\",\"mudan\u00e7as clim\u00e1ticas\",\"saneamento\",\"sustentabilidade\"],\"articleSection\":[\"Giro iNFRA\"],\"inLanguage\":\"pt-BR\",\"copyrightYear\":\"2025\",\"copyrightHolder\":{\"@id\":\"https:\/\/agenciainfra.com\/blog\/#organization\"}},{\"@type\":\"WebPage\",\"@id\":\"https:\/\/agenciainfra.com\/blog\/abcon-propoe-10-acoes-para-alinhar-o-saneamento-a-agenda-climatica\/\",\"url\":\"https:\/\/agenciainfra.com\/blog\/abcon-propoe-10-acoes-para-alinhar-o-saneamento-a-agenda-climatica\/\",\"name\":\"Abcon prop\u00f5e 10 a\u00e7\u00f5es para alinhar o saneamento \u00e0 agenda clim\u00e1tica - Ag\u00eancia iNFRA\",\"isPartOf\":{\"@id\":\"https:\/\/agenciainfra.com\/blog\/#website\"},\"primaryImageOfPage\":{\"@id\":\"https:\/\/agenciainfra.com\/blog\/abcon-propoe-10-acoes-para-alinhar-o-saneamento-a-agenda-climatica\/#primaryimage\"},\"image\":{\"@id\":\"https:\/\/agenciainfra.com\/blog\/abcon-propoe-10-acoes-para-alinhar-o-saneamento-a-agenda-climatica\/#primaryimage\"},\"thumbnailUrl\":\"https:\/\/agenciainfra.com\/blog\/wp-content\/uploads\/2021\/01\/saneamento-basico-agua-foto-dominio-publico.jpg\",\"datePublished\":\"2025-11-13T17:38:34+00:00\",\"dateModified\":\"2025-11-13T17:38:36+00:00\",\"breadcrumb\":{\"@id\":\"https:\/\/agenciainfra.com\/blog\/abcon-propoe-10-acoes-para-alinhar-o-saneamento-a-agenda-climatica\/#breadcrumb\"},\"inLanguage\":\"pt-BR\",\"potentialAction\":[{\"@type\":\"ReadAction\",\"target\":[\"https:\/\/agenciainfra.com\/blog\/abcon-propoe-10-acoes-para-alinhar-o-saneamento-a-agenda-climatica\/\"]}]},{\"@type\":\"ImageObject\",\"inLanguage\":\"pt-BR\",\"@id\":\"https:\/\/agenciainfra.com\/blog\/abcon-propoe-10-acoes-para-alinhar-o-saneamento-a-agenda-climatica\/#primaryimage\",\"url\":\"https:\/\/agenciainfra.com\/blog\/wp-content\/uploads\/2021\/01\/saneamento-basico-agua-foto-dominio-publico.jpg\",\"contentUrl\":\"https:\/\/agenciainfra.com\/blog\/wp-content\/uploads\/2021\/01\/saneamento-basico-agua-foto-dominio-publico.jpg\",\"width\":1280,\"height\":856,\"caption\":\"Foto: Dom\u00ednio P\u00fablico\"},{\"@type\":\"BreadcrumbList\",\"@id\":\"https:\/\/agenciainfra.com\/blog\/abcon-propoe-10-acoes-para-alinhar-o-saneamento-a-agenda-climatica\/#breadcrumb\",\"itemListElement\":[{\"@type\":\"ListItem\",\"position\":1,\"name\":\"In\u00edcio\",\"item\":\"https:\/\/agenciainfra.com\/blog\/\"},{\"@type\":\"ListItem\",\"position\":2,\"name\":\"Abcon prop\u00f5e 10 a\u00e7\u00f5es para alinhar o saneamento \u00e0 agenda clim\u00e1tica\"}]},{\"@type\":\"WebSite\",\"@id\":\"https:\/\/agenciainfra.com\/blog\/#website\",\"url\":\"https:\/\/agenciainfra.com\/blog\/\",\"name\":\"Ag\u00eancia iNFRA\",\"description\":\"Multiplataforma de informa\u00e7\u00e3o jornal\u00edstica refer\u00eancia na \u00e1rea de infraestrutura no Brasil!\",\"publisher\":{\"@id\":\"https:\/\/agenciainfra.com\/blog\/#organization\"},\"potentialAction\":[{\"@type\":\"SearchAction\",\"target\":{\"@type\":\"EntryPoint\",\"urlTemplate\":\"https:\/\/agenciainfra.com\/blog\/?s={search_term_string}\"},\"query-input\":{\"@type\":\"PropertyValueSpecification\",\"valueRequired\":true,\"valueName\":\"search_term_string\"}}],\"inLanguage\":\"pt-BR\"},{\"@type\":\"Organization\",\"@id\":\"https:\/\/agenciainfra.com\/blog\/#organization\",\"name\":\"Ag\u00eancia iNFRA\",\"url\":\"https:\/\/agenciainfra.com\/blog\/\",\"logo\":{\"@type\":\"ImageObject\",\"inLanguage\":\"pt-BR\",\"@id\":\"https:\/\/agenciainfra.com\/blog\/#\/schema\/logo\/image\/\",\"url\":\"https:\/\/agenciainfra.com\/blog\/wp-content\/uploads\/2023\/09\/iNFRA_5-e1761735885940.png\",\"contentUrl\":\"https:\/\/agenciainfra.com\/blog\/wp-content\/uploads\/2023\/09\/iNFRA_5-e1761735885940.png\",\"width\":1672,\"height\":454,\"caption\":\"Ag\u00eancia iNFRA\"},\"image\":{\"@id\":\"https:\/\/agenciainfra.com\/blog\/#\/schema\/logo\/image\/\"},\"sameAs\":[\"https:\/\/www.facebook.com\/ageninfra\",\"https:\/\/x.com\/agencia_infra\",\"https:\/\/www.linkedin.com\/company\/ag\u00eanciainfra\/\",\"https:\/\/www.instagram.com\/agenciainfra\/\"]},{\"@type\":\"Person\",\"@id\":\"https:\/\/agenciainfra.com\/blog\/#\/schema\/person\/34af08dff6adea4cb22b06612ba7acfa\",\"name\":\"Ag\u00eancia iNFRA\",\"image\":{\"@type\":\"ImageObject\",\"inLanguage\":\"pt-BR\",\"@id\":\"https:\/\/agenciainfra.com\/blog\/#\/schema\/person\/image\/\",\"url\":\"https:\/\/secure.gravatar.com\/avatar\/d189e01678f06d8eb84d4e01f08eb848b3fffe3f8443818d3c356c66892f5be8?s=96&d=mm&r=g\",\"contentUrl\":\"https:\/\/secure.gravatar.com\/avatar\/d189e01678f06d8eb84d4e01f08eb848b3fffe3f8443818d3c356c66892f5be8?s=96&d=mm&r=g\",\"caption\":\"Ag\u00eancia iNFRA\"},\"url\":\"https:\/\/agenciainfra.com\/blog\/author\/admin\/\"}]}<\/script>\n<!-- \/ Yoast SEO Premium plugin. -->","yoast_head_json":{"title":"Abcon prop\u00f5e 10 a\u00e7\u00f5es para alinhar o saneamento \u00e0 agenda clim\u00e1tica - Ag\u00eancia iNFRA","robots":{"index":"index","follow":"follow","max-snippet":"max-snippet:-1","max-image-preview":"max-image-preview:large","max-video-preview":"max-video-preview:-1"},"canonical":"https:\/\/agenciainfra.com\/blog\/abcon-propoe-10-acoes-para-alinhar-o-saneamento-a-agenda-climatica\/","og_locale":"pt_BR","og_type":"article","og_title":"Abcon prop\u00f5e 10 a\u00e7\u00f5es para alinhar o saneamento \u00e0 agenda clim\u00e1tica","og_description":"da Ag\u00eancia iNFRA A Abcon (Associa\u00e7\u00e3o Brasileira das Empresas de Saneamento no Brasil) lan\u00e7ou, durante a COP30, em Bel\u00e9m (PA), o e-book &#8220;Saneamento pelo clima: agenda Abcon para a universaliza\u00e7\u00e3o sustent\u00e1vel&#8221;, com dez propostas estrat\u00e9gicas sobre o papel do saneamento como eixo central da adapta\u00e7\u00e3o clim\u00e1tica e da sustentabilidade ambiental. As medidas incluem desde a [&hellip;]","og_url":"https:\/\/agenciainfra.com\/blog\/abcon-propoe-10-acoes-para-alinhar-o-saneamento-a-agenda-climatica\/","og_site_name":"Ag\u00eancia iNFRA","article_publisher":"https:\/\/www.facebook.com\/ageninfra","article_published_time":"2025-11-13T17:38:34+00:00","article_modified_time":"2025-11-13T17:38:36+00:00","og_image":[{"width":1280,"height":856,"url":"https:\/\/agenciainfra.com\/blog\/wp-content\/uploads\/2021\/01\/saneamento-basico-agua-foto-dominio-publico.jpg","type":"image\/jpeg"}],"author":"Ag\u00eancia iNFRA","twitter_card":"summary_large_image","twitter_creator":"@agencia_infra","twitter_site":"@agencia_infra","twitter_misc":{"Escrito por":"Ag\u00eancia iNFRA","Est. tempo de leitura":"2 minutos"},"schema":{"@context":"https:\/\/schema.org","@graph":[{"@type":"Article","@id":"https:\/\/agenciainfra.com\/blog\/abcon-propoe-10-acoes-para-alinhar-o-saneamento-a-agenda-climatica\/#article","isPartOf":{"@id":"https:\/\/agenciainfra.com\/blog\/abcon-propoe-10-acoes-para-alinhar-o-saneamento-a-agenda-climatica\/"},"author":{"name":"Ag\u00eancia iNFRA","@id":"https:\/\/agenciainfra.com\/blog\/#\/schema\/person\/34af08dff6adea4cb22b06612ba7acfa"},"headline":"Abcon prop\u00f5e 10 a\u00e7\u00f5es para alinhar o saneamento \u00e0 agenda clim\u00e1tica","datePublished":"2025-11-13T17:38:34+00:00","dateModified":"2025-11-13T17:38:36+00:00","mainEntityOfPage":{"@id":"https:\/\/agenciainfra.com\/blog\/abcon-propoe-10-acoes-para-alinhar-o-saneamento-a-agenda-climatica\/"},"wordCount":428,"publisher":{"@id":"https:\/\/agenciainfra.com\/blog\/#organization"},"image":{"@id":"https:\/\/agenciainfra.com\/blog\/abcon-propoe-10-acoes-para-alinhar-o-saneamento-a-agenda-climatica\/#primaryimage"},"thumbnailUrl":"https:\/\/agenciainfra.com\/blog\/wp-content\/uploads\/2021\/01\/saneamento-basico-agua-foto-dominio-publico.jpg","keywords":["Abcon","Bel\u00e9m","COP30","Efici\u00eancia Energ\u00e9tica","mudan\u00e7as clim\u00e1ticas","saneamento","sustentabilidade"],"articleSection":["Giro iNFRA"],"inLanguage":"pt-BR","copyrightYear":"2025","copyrightHolder":{"@id":"https:\/\/agenciainfra.com\/blog\/#organization"}},{"@type":"WebPage","@id":"https:\/\/agenciainfra.com\/blog\/abcon-propoe-10-acoes-para-alinhar-o-saneamento-a-agenda-climatica\/","url":"https:\/\/agenciainfra.com\/blog\/abcon-propoe-10-acoes-para-alinhar-o-saneamento-a-agenda-climatica\/","name":"Abcon prop\u00f5e 10 a\u00e7\u00f5es para alinhar o saneamento \u00e0 agenda clim\u00e1tica - Ag\u00eancia iNFRA","isPartOf":{"@id":"https:\/\/agenciainfra.com\/blog\/#website"},"primaryImageOfPage":{"@id":"https:\/\/agenciainfra.com\/blog\/abcon-propoe-10-acoes-para-alinhar-o-saneamento-a-agenda-climatica\/#primaryimage"},"image":{"@id":"https:\/\/agenciainfra.com\/blog\/abcon-propoe-10-acoes-para-alinhar-o-saneamento-a-agenda-climatica\/#primaryimage"},"thumbnailUrl":"https:\/\/agenciainfra.com\/blog\/wp-content\/uploads\/2021\/01\/saneamento-basico-agua-foto-dominio-publico.jpg","datePublished":"2025-11-13T17:38:34+00:00","dateModified":"2025-11-13T17:38:36+00:00","breadcrumb":{"@id":"https:\/\/agenciainfra.com\/blog\/abcon-propoe-10-acoes-para-alinhar-o-saneamento-a-agenda-climatica\/#breadcrumb"},"inLanguage":"pt-BR","potentialAction":[{"@type":"ReadAction","target":["https:\/\/agenciainfra.com\/blog\/abcon-propoe-10-acoes-para-alinhar-o-saneamento-a-agenda-climatica\/"]}]},{"@type":"ImageObject","inLanguage":"pt-BR","@id":"https:\/\/agenciainfra.com\/blog\/abcon-propoe-10-acoes-para-alinhar-o-saneamento-a-agenda-climatica\/#primaryimage","url":"https:\/\/agenciainfra.com\/blog\/wp-content\/uploads\/2021\/01\/saneamento-basico-agua-foto-dominio-publico.jpg","contentUrl":"https:\/\/agenciainfra.com\/blog\/wp-content\/uploads\/2021\/01\/saneamento-basico-agua-foto-dominio-publico.jpg","width":1280,"height":856,"caption":"Foto: Dom\u00ednio P\u00fablico"},{"@type":"BreadcrumbList","@id":"https:\/\/agenciainfra.com\/blog\/abcon-propoe-10-acoes-para-alinhar-o-saneamento-a-agenda-climatica\/#breadcrumb","itemListElement":[{"@type":"ListItem","position":1,"name":"In\u00edcio","item":"https:\/\/agenciainfra.com\/blog\/"},{"@type":"ListItem","position":2,"name":"Abcon prop\u00f5e 10 a\u00e7\u00f5es para alinhar o saneamento \u00e0 agenda clim\u00e1tica"}]},{"@type":"WebSite","@id":"https:\/\/agenciainfra.com\/blog\/#website","url":"https:\/\/agenciainfra.com\/blog\/","name":"Ag\u00eancia iNFRA","description":"Multiplataforma de informa\u00e7\u00e3o jornal\u00edstica refer\u00eancia na \u00e1rea de infraestrutura no Brasil!","publisher":{"@id":"https:\/\/agenciainfra.com\/blog\/#organization"},"potentialAction":[{"@type":"SearchAction","target":{"@type":"EntryPoint","urlTemplate":"https:\/\/agenciainfra.com\/blog\/?s={search_term_string}"},"query-input":{"@type":"PropertyValueSpecification","valueRequired":true,"valueName":"search_term_string"}}],"inLanguage":"pt-BR"},{"@type":"Organization","@id":"https:\/\/agenciainfra.com\/blog\/#organization","name":"Ag\u00eancia iNFRA","url":"https:\/\/agenciainfra.com\/blog\/","logo":{"@type":"ImageObject","inLanguage":"pt-BR","@id":"https:\/\/agenciainfra.com\/blog\/#\/schema\/logo\/image\/","url":"https:\/\/agenciainfra.com\/blog\/wp-content\/uploads\/2023\/09\/iNFRA_5-e1761735885940.png","contentUrl":"https:\/\/agenciainfra.com\/blog\/wp-content\/uploads\/2023\/09\/iNFRA_5-e1761735885940.png","width":1672,"height":454,"caption":"Ag\u00eancia iNFRA"},"image":{"@id":"https:\/\/agenciainfra.com\/blog\/#\/schema\/logo\/image\/"},"sameAs":["https:\/\/www.facebook.com\/ageninfra","https:\/\/x.com\/agencia_infra","https:\/\/www.linkedin.com\/company\/ag\u00eanciainfra\/","https:\/\/www.instagram.com\/agenciainfra\/"]},{"@type":"Person","@id":"https:\/\/agenciainfra.com\/blog\/#\/schema\/person\/34af08dff6adea4cb22b06612ba7acfa","name":"Ag\u00eancia iNFRA","image":{"@type":"ImageObject","inLanguage":"pt-BR","@id":"https:\/\/agenciainfra.com\/blog\/#\/schema\/person\/image\/","url":"https:\/\/secure.gravatar.com\/avatar\/d189e01678f06d8eb84d4e01f08eb848b3fffe3f8443818d3c356c66892f5be8?s=96&d=mm&r=g","contentUrl":"https:\/\/secure.gravatar.com\/avatar\/d189e01678f06d8eb84d4e01f08eb848b3fffe3f8443818d3c356c66892f5be8?s=96&d=mm&r=g","caption":"Ag\u00eancia iNFRA"},"url":"https:\/\/agenciainfra.com\/blog\/author\/admin\/"}]}},"_links":{"self":[{"href":"https:\/\/agenciainfra.com\/blog\/wp-json\/wp\/v2\/posts\/32171","targetHints":{"allow":["GET"]}}],"collection":[{"href":"https:\/\/agenciainfra.com\/blog\/wp-json\/wp\/v2\/posts"}],"about":[{"href":"https:\/\/agenciainfra.com\/blog\/wp-json\/wp\/v2\/types\/post"}],"author":[{"embeddable":true,"href":"https:\/\/agenciainfra.com\/blog\/wp-json\/wp\/v2\/users\/1"}],"replies":[{"embeddable":true,"href":"https:\/\/agenciainfra.com\/blog\/wp-json\/wp\/v2\/comments?post=32171"}],"version-history":[{"count":1,"href":"https:\/\/agenciainfra.com\/blog\/wp-json\/wp\/v2\/posts\/32171\/revisions"}],"predecessor-version":[{"id":32172,"href":"https:\/\/agenciainfra.com\/blog\/wp-json\/wp\/v2\/posts\/32171\/revisions\/32172"}],"wp:featuredmedia":[{"embeddable":true,"href":"https:\/\/agenciainfra.com\/blog\/wp-json\/wp\/v2\/media\/6603"}],"wp:attachment":[{"href":"https:\/\/agenciainfra.com\/blog\/wp-json\/wp\/v2\/media?parent=32171"}],"wp:term":[{"taxonomy":"category","embeddable":true,"href":"https:\/\/agenciainfra.com\/blog\/wp-json\/wp\/v2\/categories?post=32171"},{"taxonomy":"post_tag","embeddable":true,"href":"https:\/\/agenciainfra.com\/blog\/wp-json\/wp\/v2\/tags?post=32171"}],"curies":[{"name":"wp","href":"https:\/\/api.w.org\/{rel}","templated":true}]}}