{"id":32174,"date":"2025-11-13T15:53:20","date_gmt":"2025-11-13T18:53:20","guid":{"rendered":"https:\/\/agenciainfra.com\/blog\/?p=32174"},"modified":"2025-11-13T15:53:21","modified_gmt":"2025-11-13T18:53:21","slug":"cop30-e-alem-oportunidades-a-infraestrutura-e-a-agenda-do-clima","status":"publish","type":"post","link":"https:\/\/agenciainfra.com\/blog\/cop30-e-alem-oportunidades-a-infraestrutura-e-a-agenda-do-clima\/","title":{"rendered":"COP30 e al\u00e9m: oportunidades \u00e0 infraestrutura e a agenda do clima"},"content":{"rendered":"\n<p class=\"has-text-align-right\"><strong>Ana Claudia Franco*<\/strong><\/p>\n\n\n\n<p>A realiza\u00e7\u00e3o da COP30 (Confer\u00eancia das Partes sobre Mudan\u00e7as Clim\u00e1ticas) em Bel\u00e9m (PA), por certo, representa uma oportunidade \u00fanica para o Brasil firmar sua posi\u00e7\u00e3o de protagonista da agenda clim\u00e1tica mundial. O pa\u00eds ser\u00e1 a vitrine das discuss\u00f5es, podendo mostrar ao mundo que \u00e9 poss\u00edvel, sim, conciliar desenvolvimento socioecon\u00f4mico e prote\u00e7\u00e3o ambiental e clim\u00e1tica.<\/p>\n\n\n\n<p>Nesse contexto, \u00e9 ineg\u00e1vel o papel do setor de infraestrutura como motor das necess\u00e1rias transforma\u00e7\u00f5es. Em que pese se tratar, em linhas gerais, de um setor carbono-intensivo, \u00e9 tamb\u00e9m aquele com o maior potencial de mitiga\u00e7\u00e3o e adapta\u00e7\u00e3o clim\u00e1tica.<\/p>\n\n\n\n<p>Projetos de energia limpa, de mobilidade de baixa emiss\u00e3o de carbono, o avan\u00e7o das metas de saneamento e de gest\u00e3o de res\u00edduos s\u00f3lidos, impulsionam a economia verde em conson\u00e2ncia com os recentes planos e programas governamentais e pol\u00edticas p\u00fablicas, especialmente com o novo PAC (Programa de Acelera\u00e7\u00e3o do Crescimento), com o Plano de Transi\u00e7\u00e3o Ecol\u00f3gica e com o mercado regulado de carbono (Lei n\u00ba 15.042\/2024), instrumentos estes convergentes e alinhados aos objetivos de descarboniza\u00e7\u00e3o e adapta\u00e7\u00e3o clim\u00e1tica brasileiros.\u00a0\u00a0<\/p>\n\n\n\n<p>Com crit\u00e9rios ESG cada vez mais incorporados a concess\u00f5es e PPPs (Parcerias P\u00fablico-Privadas), a infraestrutura brasileira pode se tornar um polo de atra\u00e7\u00e3o de capital internacional, desde que assegure previsibilidade regulat\u00f3ria e m\u00e9tricas confi\u00e1veis de impacto. A rec\u00e9m-publicada TSB (Taxonomia Sustent\u00e1vel Brasileira), institu\u00edda pelo Decreto n\u00ba 12.705\/2025, certamente contribuir\u00e1 para esse mister.<\/p>\n\n\n\n<p>A COP30 tamb\u00e9m ser\u00e1 uma grande oportunidade para o fortalecimento da coopera\u00e7\u00e3o entre governos, bancos de desenvolvimento e setor privado, criando um ambiente prop\u00edcio a inova\u00e7\u00f5es voltadas \u00e0 infraestrutura verde e resiliente.<\/p>\n\n\n\n<p>Nesse sentido, a escolha de Bel\u00e9m como cidade-sede n\u00e3o foi ao acaso. A coopera\u00e7\u00e3o federativa e regional certamente permitir\u00e1 que investimentos estrat\u00e9gicos em infraestrutura sejam vetores n\u00e3o s\u00f3 da descarboniza\u00e7\u00e3o, mas, tamb\u00e9m, da redu\u00e7\u00e3o de desigualdades hist\u00f3ricas e valoriza\u00e7\u00e3o da bioeconomia da regi\u00e3o amaz\u00f4nica.<\/p>\n\n\n\n<p>Para que os compromissos assumidos em Bel\u00e9m n\u00e3o se percam no discurso, ser\u00e1 fundamental aprimorar os sistemas de monitoramento, verifica\u00e7\u00e3o e reporte de emiss\u00f5es, al\u00e9m de fortalecer a governan\u00e7a ambiental e clim\u00e1tica nos tr\u00eas n\u00edveis da federa\u00e7\u00e3o.<\/p>\n\n\n\n<p>Portanto, a COP30 n\u00e3o se caracteriza apenas como um evento diplom\u00e1tico, mas, sim, como um \u201cponto de n\u00e3o retorno\u201d na forma como o pa\u00eds investe e executa os projetos de infraestrutura. A partir dela, o Brasil ter\u00e1 a grande oportunidade de consolidar o seu modelo de desenvolvimento aliado \u00e0 descarboniza\u00e7\u00e3o e \u00e0 adapta\u00e7\u00e3o clim\u00e1tica, firmando-se como refer\u00eancia global em infraestrutura sustent\u00e1vel \u2013 aquela que une prop\u00f3sito, efici\u00eancia e sustentabilidade.<\/p>\n\n\n\n<p><strong>*Ana Claudia Franco <\/strong>\u00e9 s\u00f3cia da pr\u00e1tica de direito ambiental, mudan\u00e7as clim\u00e1ticas e ESG do Toledo Marchetti Advogados.<\/p>\n\n\n\n<p class=\"has-luminous-vivid-orange-color has-text-color has-link-color wp-elements-afaaa81626125a77b95b6a69457c218d\">As opini\u00f5es dos autores n\u00e3o refletem necessariamente o pensamento da<strong>&nbsp;Ag\u00eancia iNFRA<\/strong>, sendo de total responsabilidade do autor as informa\u00e7\u00f5es, ju\u00edzos de valor e conceitos descritos no texto.<\/p>\n","protected":false},"excerpt":{"rendered":"<p>Ana Claudia Franco* A realiza\u00e7\u00e3o da COP30 (Confer\u00eancia das Partes sobre Mudan\u00e7as Clim\u00e1ticas) em Bel\u00e9m (PA), por certo, representa uma oportunidade \u00fanica para o Brasil firmar sua posi\u00e7\u00e3o de protagonista da agenda clim\u00e1tica mundial. O pa\u00eds ser\u00e1 a vitrine das discuss\u00f5es, podendo mostrar ao mundo que \u00e9 poss\u00edvel, sim, conciliar desenvolvimento socioecon\u00f4mico e prote\u00e7\u00e3o ambiental [&hellip;]<\/p>\n","protected":false},"author":1,"featured_media":32176,"comment_status":"closed","ping_status":"closed","sticky":false,"template":"","format":"standard","meta":{"_monsterinsights_skip_tracking":false,"_monsterinsights_sitenote_active":false,"_monsterinsights_sitenote_note":"","_monsterinsights_sitenote_category":0,"footnotes":""},"categories":[2052,10040],"tags":[10521,8068,3361,34,3423,5992,16905,16906],"class_list":["post-32174","post","type-post","status-publish","format-standard","has-post-thumbnail","hentry","category-infra-transicao","category-opiniao","tag-ana-claudia-franco","tag-cop30","tag-descarbonizacao","tag-infraestrutura","tag-mercado-de-carbono","tag-novo-pac","tag-plano-de-transicao-ecologica","tag-taxonomia-sustentavel-brasileira"],"yoast_head":"<!-- This site is optimized with the Yoast SEO Premium plugin v25.4 (Yoast SEO v26.0) - https:\/\/yoast.com\/wordpress\/plugins\/seo\/ -->\n<title>COP30 e al\u00e9m: oportunidades \u00e0 infraestrutura e a agenda do clima - Ag\u00eancia iNFRA<\/title>\n<meta name=\"robots\" content=\"index, follow, max-snippet:-1, max-image-preview:large, max-video-preview:-1\" \/>\n<link rel=\"canonical\" href=\"https:\/\/agenciainfra.com\/blog\/cop30-e-alem-oportunidades-a-infraestrutura-e-a-agenda-do-clima\/\" \/>\n<meta property=\"og:locale\" content=\"pt_BR\" \/>\n<meta property=\"og:type\" content=\"article\" \/>\n<meta property=\"og:title\" content=\"COP30 e al\u00e9m: oportunidades \u00e0 infraestrutura e a agenda do clima\" \/>\n<meta property=\"og:description\" content=\"Ana Claudia Franco* A realiza\u00e7\u00e3o da COP30 (Confer\u00eancia das Partes sobre Mudan\u00e7as Clim\u00e1ticas) em Bel\u00e9m (PA), por certo, representa uma oportunidade \u00fanica para o Brasil firmar sua posi\u00e7\u00e3o de protagonista da agenda clim\u00e1tica mundial. O pa\u00eds ser\u00e1 a vitrine das discuss\u00f5es, podendo mostrar ao mundo que \u00e9 poss\u00edvel, sim, conciliar desenvolvimento socioecon\u00f4mico e prote\u00e7\u00e3o ambiental [&hellip;]\" \/>\n<meta property=\"og:url\" content=\"https:\/\/agenciainfra.com\/blog\/cop30-e-alem-oportunidades-a-infraestrutura-e-a-agenda-do-clima\/\" \/>\n<meta property=\"og:site_name\" content=\"Ag\u00eancia iNFRA\" \/>\n<meta property=\"article:publisher\" content=\"https:\/\/www.facebook.com\/ageninfra\" \/>\n<meta property=\"article:published_time\" content=\"2025-11-13T18:53:20+00:00\" \/>\n<meta property=\"article:modified_time\" content=\"2025-11-13T18:53:21+00:00\" \/>\n<meta property=\"og:image\" content=\"https:\/\/agenciainfra.com\/blog\/wp-content\/uploads\/2025\/11\/ana-claudia-la-plata-de-mello-franco-foto-divulgacao.jpg\" \/>\n\t<meta property=\"og:image:width\" content=\"1280\" \/>\n\t<meta property=\"og:image:height\" content=\"813\" \/>\n\t<meta property=\"og:image:type\" content=\"image\/jpeg\" \/>\n<meta name=\"author\" content=\"Ag\u00eancia iNFRA\" \/>\n<meta name=\"twitter:card\" content=\"summary_large_image\" \/>\n<meta name=\"twitter:creator\" content=\"@agencia_infra\" \/>\n<meta name=\"twitter:site\" content=\"@agencia_infra\" \/>\n<meta name=\"twitter:label1\" content=\"Escrito por\" \/>\n\t<meta name=\"twitter:data1\" content=\"Ag\u00eancia iNFRA\" \/>\n\t<meta name=\"twitter:label2\" content=\"Est. tempo de leitura\" \/>\n\t<meta name=\"twitter:data2\" content=\"3 minutos\" \/>\n<script type=\"application\/ld+json\" class=\"yoast-schema-graph\">{\"@context\":\"https:\/\/schema.org\",\"@graph\":[{\"@type\":\"Article\",\"@id\":\"https:\/\/agenciainfra.com\/blog\/cop30-e-alem-oportunidades-a-infraestrutura-e-a-agenda-do-clima\/#article\",\"isPartOf\":{\"@id\":\"https:\/\/agenciainfra.com\/blog\/cop30-e-alem-oportunidades-a-infraestrutura-e-a-agenda-do-clima\/\"},\"author\":{\"name\":\"Ag\u00eancia iNFRA\",\"@id\":\"https:\/\/agenciainfra.com\/blog\/#\/schema\/person\/34af08dff6adea4cb22b06612ba7acfa\"},\"headline\":\"COP30 e al\u00e9m: oportunidades \u00e0 infraestrutura e a agenda do clima\",\"datePublished\":\"2025-11-13T18:53:20+00:00\",\"dateModified\":\"2025-11-13T18:53:21+00:00\",\"mainEntityOfPage\":{\"@id\":\"https:\/\/agenciainfra.com\/blog\/cop30-e-alem-oportunidades-a-infraestrutura-e-a-agenda-do-clima\/\"},\"wordCount\":546,\"publisher\":{\"@id\":\"https:\/\/agenciainfra.com\/blog\/#organization\"},\"image\":{\"@id\":\"https:\/\/agenciainfra.com\/blog\/cop30-e-alem-oportunidades-a-infraestrutura-e-a-agenda-do-clima\/#primaryimage\"},\"thumbnailUrl\":\"https:\/\/agenciainfra.com\/blog\/wp-content\/uploads\/2025\/11\/ana-claudia-la-plata-de-mello-franco-foto-divulgacao.jpg\",\"keywords\":[\"Ana Claudia Franco\",\"COP30\",\"Descarboniza\u00e7\u00e3o\",\"Infraestrutura\",\"mercado de carbono\",\"Novo PAC\",\"Plano de Transi\u00e7\u00e3o Ecol\u00f3gica\",\"Taxonomia Sustent\u00e1vel Brasileira\"],\"articleSection\":[\"iNFRA Na Transi\u00e7\u00e3o\",\"Opini\u00e3o\"],\"inLanguage\":\"pt-BR\",\"copyrightYear\":\"2025\",\"copyrightHolder\":{\"@id\":\"https:\/\/agenciainfra.com\/blog\/#organization\"}},{\"@type\":\"WebPage\",\"@id\":\"https:\/\/agenciainfra.com\/blog\/cop30-e-alem-oportunidades-a-infraestrutura-e-a-agenda-do-clima\/\",\"url\":\"https:\/\/agenciainfra.com\/blog\/cop30-e-alem-oportunidades-a-infraestrutura-e-a-agenda-do-clima\/\",\"name\":\"COP30 e al\u00e9m: oportunidades \u00e0 infraestrutura e a agenda do clima - Ag\u00eancia iNFRA\",\"isPartOf\":{\"@id\":\"https:\/\/agenciainfra.com\/blog\/#website\"},\"primaryImageOfPage\":{\"@id\":\"https:\/\/agenciainfra.com\/blog\/cop30-e-alem-oportunidades-a-infraestrutura-e-a-agenda-do-clima\/#primaryimage\"},\"image\":{\"@id\":\"https:\/\/agenciainfra.com\/blog\/cop30-e-alem-oportunidades-a-infraestrutura-e-a-agenda-do-clima\/#primaryimage\"},\"thumbnailUrl\":\"https:\/\/agenciainfra.com\/blog\/wp-content\/uploads\/2025\/11\/ana-claudia-la-plata-de-mello-franco-foto-divulgacao.jpg\",\"datePublished\":\"2025-11-13T18:53:20+00:00\",\"dateModified\":\"2025-11-13T18:53:21+00:00\",\"breadcrumb\":{\"@id\":\"https:\/\/agenciainfra.com\/blog\/cop30-e-alem-oportunidades-a-infraestrutura-e-a-agenda-do-clima\/#breadcrumb\"},\"inLanguage\":\"pt-BR\",\"potentialAction\":[{\"@type\":\"ReadAction\",\"target\":[\"https:\/\/agenciainfra.com\/blog\/cop30-e-alem-oportunidades-a-infraestrutura-e-a-agenda-do-clima\/\"]}]},{\"@type\":\"ImageObject\",\"inLanguage\":\"pt-BR\",\"@id\":\"https:\/\/agenciainfra.com\/blog\/cop30-e-alem-oportunidades-a-infraestrutura-e-a-agenda-do-clima\/#primaryimage\",\"url\":\"https:\/\/agenciainfra.com\/blog\/wp-content\/uploads\/2025\/11\/ana-claudia-la-plata-de-mello-franco-foto-divulgacao.jpg\",\"contentUrl\":\"https:\/\/agenciainfra.com\/blog\/wp-content\/uploads\/2025\/11\/ana-claudia-la-plata-de-mello-franco-foto-divulgacao.jpg\",\"width\":1280,\"height\":813,\"caption\":\"Foto: Divulga\u00e7\u00e3o\"},{\"@type\":\"BreadcrumbList\",\"@id\":\"https:\/\/agenciainfra.com\/blog\/cop30-e-alem-oportunidades-a-infraestrutura-e-a-agenda-do-clima\/#breadcrumb\",\"itemListElement\":[{\"@type\":\"ListItem\",\"position\":1,\"name\":\"In\u00edcio\",\"item\":\"https:\/\/agenciainfra.com\/blog\/\"},{\"@type\":\"ListItem\",\"position\":2,\"name\":\"COP30 e al\u00e9m: oportunidades \u00e0 infraestrutura e a agenda do clima\"}]},{\"@type\":\"WebSite\",\"@id\":\"https:\/\/agenciainfra.com\/blog\/#website\",\"url\":\"https:\/\/agenciainfra.com\/blog\/\",\"name\":\"Ag\u00eancia iNFRA\",\"description\":\"Multiplataforma de informa\u00e7\u00e3o jornal\u00edstica refer\u00eancia na \u00e1rea de infraestrutura no Brasil!\",\"publisher\":{\"@id\":\"https:\/\/agenciainfra.com\/blog\/#organization\"},\"potentialAction\":[{\"@type\":\"SearchAction\",\"target\":{\"@type\":\"EntryPoint\",\"urlTemplate\":\"https:\/\/agenciainfra.com\/blog\/?s={search_term_string}\"},\"query-input\":{\"@type\":\"PropertyValueSpecification\",\"valueRequired\":true,\"valueName\":\"search_term_string\"}}],\"inLanguage\":\"pt-BR\"},{\"@type\":\"Organization\",\"@id\":\"https:\/\/agenciainfra.com\/blog\/#organization\",\"name\":\"Ag\u00eancia iNFRA\",\"url\":\"https:\/\/agenciainfra.com\/blog\/\",\"logo\":{\"@type\":\"ImageObject\",\"inLanguage\":\"pt-BR\",\"@id\":\"https:\/\/agenciainfra.com\/blog\/#\/schema\/logo\/image\/\",\"url\":\"https:\/\/agenciainfra.com\/blog\/wp-content\/uploads\/2023\/09\/iNFRA_5-e1761735885940.png\",\"contentUrl\":\"https:\/\/agenciainfra.com\/blog\/wp-content\/uploads\/2023\/09\/iNFRA_5-e1761735885940.png\",\"width\":1672,\"height\":454,\"caption\":\"Ag\u00eancia iNFRA\"},\"image\":{\"@id\":\"https:\/\/agenciainfra.com\/blog\/#\/schema\/logo\/image\/\"},\"sameAs\":[\"https:\/\/www.facebook.com\/ageninfra\",\"https:\/\/x.com\/agencia_infra\",\"https:\/\/www.linkedin.com\/company\/ag\u00eanciainfra\/\",\"https:\/\/www.instagram.com\/agenciainfra\/\"]},{\"@type\":\"Person\",\"@id\":\"https:\/\/agenciainfra.com\/blog\/#\/schema\/person\/34af08dff6adea4cb22b06612ba7acfa\",\"name\":\"Ag\u00eancia iNFRA\",\"image\":{\"@type\":\"ImageObject\",\"inLanguage\":\"pt-BR\",\"@id\":\"https:\/\/agenciainfra.com\/blog\/#\/schema\/person\/image\/\",\"url\":\"https:\/\/secure.gravatar.com\/avatar\/d189e01678f06d8eb84d4e01f08eb848b3fffe3f8443818d3c356c66892f5be8?s=96&d=mm&r=g\",\"contentUrl\":\"https:\/\/secure.gravatar.com\/avatar\/d189e01678f06d8eb84d4e01f08eb848b3fffe3f8443818d3c356c66892f5be8?s=96&d=mm&r=g\",\"caption\":\"Ag\u00eancia iNFRA\"},\"url\":\"https:\/\/agenciainfra.com\/blog\/author\/admin\/\"}]}<\/script>\n<!-- \/ Yoast SEO Premium plugin. -->","yoast_head_json":{"title":"COP30 e al\u00e9m: oportunidades \u00e0 infraestrutura e a agenda do clima - Ag\u00eancia iNFRA","robots":{"index":"index","follow":"follow","max-snippet":"max-snippet:-1","max-image-preview":"max-image-preview:large","max-video-preview":"max-video-preview:-1"},"canonical":"https:\/\/agenciainfra.com\/blog\/cop30-e-alem-oportunidades-a-infraestrutura-e-a-agenda-do-clima\/","og_locale":"pt_BR","og_type":"article","og_title":"COP30 e al\u00e9m: oportunidades \u00e0 infraestrutura e a agenda do clima","og_description":"Ana Claudia Franco* A realiza\u00e7\u00e3o da COP30 (Confer\u00eancia das Partes sobre Mudan\u00e7as Clim\u00e1ticas) em Bel\u00e9m (PA), por certo, representa uma oportunidade \u00fanica para o Brasil firmar sua posi\u00e7\u00e3o de protagonista da agenda clim\u00e1tica mundial. O pa\u00eds ser\u00e1 a vitrine das discuss\u00f5es, podendo mostrar ao mundo que \u00e9 poss\u00edvel, sim, conciliar desenvolvimento socioecon\u00f4mico e prote\u00e7\u00e3o ambiental [&hellip;]","og_url":"https:\/\/agenciainfra.com\/blog\/cop30-e-alem-oportunidades-a-infraestrutura-e-a-agenda-do-clima\/","og_site_name":"Ag\u00eancia iNFRA","article_publisher":"https:\/\/www.facebook.com\/ageninfra","article_published_time":"2025-11-13T18:53:20+00:00","article_modified_time":"2025-11-13T18:53:21+00:00","og_image":[{"width":1280,"height":813,"url":"https:\/\/agenciainfra.com\/blog\/wp-content\/uploads\/2025\/11\/ana-claudia-la-plata-de-mello-franco-foto-divulgacao.jpg","type":"image\/jpeg"}],"author":"Ag\u00eancia iNFRA","twitter_card":"summary_large_image","twitter_creator":"@agencia_infra","twitter_site":"@agencia_infra","twitter_misc":{"Escrito por":"Ag\u00eancia iNFRA","Est. tempo de leitura":"3 minutos"},"schema":{"@context":"https:\/\/schema.org","@graph":[{"@type":"Article","@id":"https:\/\/agenciainfra.com\/blog\/cop30-e-alem-oportunidades-a-infraestrutura-e-a-agenda-do-clima\/#article","isPartOf":{"@id":"https:\/\/agenciainfra.com\/blog\/cop30-e-alem-oportunidades-a-infraestrutura-e-a-agenda-do-clima\/"},"author":{"name":"Ag\u00eancia iNFRA","@id":"https:\/\/agenciainfra.com\/blog\/#\/schema\/person\/34af08dff6adea4cb22b06612ba7acfa"},"headline":"COP30 e al\u00e9m: oportunidades \u00e0 infraestrutura e a agenda do clima","datePublished":"2025-11-13T18:53:20+00:00","dateModified":"2025-11-13T18:53:21+00:00","mainEntityOfPage":{"@id":"https:\/\/agenciainfra.com\/blog\/cop30-e-alem-oportunidades-a-infraestrutura-e-a-agenda-do-clima\/"},"wordCount":546,"publisher":{"@id":"https:\/\/agenciainfra.com\/blog\/#organization"},"image":{"@id":"https:\/\/agenciainfra.com\/blog\/cop30-e-alem-oportunidades-a-infraestrutura-e-a-agenda-do-clima\/#primaryimage"},"thumbnailUrl":"https:\/\/agenciainfra.com\/blog\/wp-content\/uploads\/2025\/11\/ana-claudia-la-plata-de-mello-franco-foto-divulgacao.jpg","keywords":["Ana Claudia Franco","COP30","Descarboniza\u00e7\u00e3o","Infraestrutura","mercado de carbono","Novo PAC","Plano de Transi\u00e7\u00e3o Ecol\u00f3gica","Taxonomia Sustent\u00e1vel Brasileira"],"articleSection":["iNFRA Na Transi\u00e7\u00e3o","Opini\u00e3o"],"inLanguage":"pt-BR","copyrightYear":"2025","copyrightHolder":{"@id":"https:\/\/agenciainfra.com\/blog\/#organization"}},{"@type":"WebPage","@id":"https:\/\/agenciainfra.com\/blog\/cop30-e-alem-oportunidades-a-infraestrutura-e-a-agenda-do-clima\/","url":"https:\/\/agenciainfra.com\/blog\/cop30-e-alem-oportunidades-a-infraestrutura-e-a-agenda-do-clima\/","name":"COP30 e al\u00e9m: oportunidades \u00e0 infraestrutura e a agenda do clima - Ag\u00eancia iNFRA","isPartOf":{"@id":"https:\/\/agenciainfra.com\/blog\/#website"},"primaryImageOfPage":{"@id":"https:\/\/agenciainfra.com\/blog\/cop30-e-alem-oportunidades-a-infraestrutura-e-a-agenda-do-clima\/#primaryimage"},"image":{"@id":"https:\/\/agenciainfra.com\/blog\/cop30-e-alem-oportunidades-a-infraestrutura-e-a-agenda-do-clima\/#primaryimage"},"thumbnailUrl":"https:\/\/agenciainfra.com\/blog\/wp-content\/uploads\/2025\/11\/ana-claudia-la-plata-de-mello-franco-foto-divulgacao.jpg","datePublished":"2025-11-13T18:53:20+00:00","dateModified":"2025-11-13T18:53:21+00:00","breadcrumb":{"@id":"https:\/\/agenciainfra.com\/blog\/cop30-e-alem-oportunidades-a-infraestrutura-e-a-agenda-do-clima\/#breadcrumb"},"inLanguage":"pt-BR","potentialAction":[{"@type":"ReadAction","target":["https:\/\/agenciainfra.com\/blog\/cop30-e-alem-oportunidades-a-infraestrutura-e-a-agenda-do-clima\/"]}]},{"@type":"ImageObject","inLanguage":"pt-BR","@id":"https:\/\/agenciainfra.com\/blog\/cop30-e-alem-oportunidades-a-infraestrutura-e-a-agenda-do-clima\/#primaryimage","url":"https:\/\/agenciainfra.com\/blog\/wp-content\/uploads\/2025\/11\/ana-claudia-la-plata-de-mello-franco-foto-divulgacao.jpg","contentUrl":"https:\/\/agenciainfra.com\/blog\/wp-content\/uploads\/2025\/11\/ana-claudia-la-plata-de-mello-franco-foto-divulgacao.jpg","width":1280,"height":813,"caption":"Foto: Divulga\u00e7\u00e3o"},{"@type":"BreadcrumbList","@id":"https:\/\/agenciainfra.com\/blog\/cop30-e-alem-oportunidades-a-infraestrutura-e-a-agenda-do-clima\/#breadcrumb","itemListElement":[{"@type":"ListItem","position":1,"name":"In\u00edcio","item":"https:\/\/agenciainfra.com\/blog\/"},{"@type":"ListItem","position":2,"name":"COP30 e al\u00e9m: oportunidades \u00e0 infraestrutura e a agenda do clima"}]},{"@type":"WebSite","@id":"https:\/\/agenciainfra.com\/blog\/#website","url":"https:\/\/agenciainfra.com\/blog\/","name":"Ag\u00eancia iNFRA","description":"Multiplataforma de informa\u00e7\u00e3o jornal\u00edstica refer\u00eancia na \u00e1rea de infraestrutura no Brasil!","publisher":{"@id":"https:\/\/agenciainfra.com\/blog\/#organization"},"potentialAction":[{"@type":"SearchAction","target":{"@type":"EntryPoint","urlTemplate":"https:\/\/agenciainfra.com\/blog\/?s={search_term_string}"},"query-input":{"@type":"PropertyValueSpecification","valueRequired":true,"valueName":"search_term_string"}}],"inLanguage":"pt-BR"},{"@type":"Organization","@id":"https:\/\/agenciainfra.com\/blog\/#organization","name":"Ag\u00eancia iNFRA","url":"https:\/\/agenciainfra.com\/blog\/","logo":{"@type":"ImageObject","inLanguage":"pt-BR","@id":"https:\/\/agenciainfra.com\/blog\/#\/schema\/logo\/image\/","url":"https:\/\/agenciainfra.com\/blog\/wp-content\/uploads\/2023\/09\/iNFRA_5-e1761735885940.png","contentUrl":"https:\/\/agenciainfra.com\/blog\/wp-content\/uploads\/2023\/09\/iNFRA_5-e1761735885940.png","width":1672,"height":454,"caption":"Ag\u00eancia iNFRA"},"image":{"@id":"https:\/\/agenciainfra.com\/blog\/#\/schema\/logo\/image\/"},"sameAs":["https:\/\/www.facebook.com\/ageninfra","https:\/\/x.com\/agencia_infra","https:\/\/www.linkedin.com\/company\/ag\u00eanciainfra\/","https:\/\/www.instagram.com\/agenciainfra\/"]},{"@type":"Person","@id":"https:\/\/agenciainfra.com\/blog\/#\/schema\/person\/34af08dff6adea4cb22b06612ba7acfa","name":"Ag\u00eancia iNFRA","image":{"@type":"ImageObject","inLanguage":"pt-BR","@id":"https:\/\/agenciainfra.com\/blog\/#\/schema\/person\/image\/","url":"https:\/\/secure.gravatar.com\/avatar\/d189e01678f06d8eb84d4e01f08eb848b3fffe3f8443818d3c356c66892f5be8?s=96&d=mm&r=g","contentUrl":"https:\/\/secure.gravatar.com\/avatar\/d189e01678f06d8eb84d4e01f08eb848b3fffe3f8443818d3c356c66892f5be8?s=96&d=mm&r=g","caption":"Ag\u00eancia iNFRA"},"url":"https:\/\/agenciainfra.com\/blog\/author\/admin\/"}]}},"_links":{"self":[{"href":"https:\/\/agenciainfra.com\/blog\/wp-json\/wp\/v2\/posts\/32174","targetHints":{"allow":["GET"]}}],"collection":[{"href":"https:\/\/agenciainfra.com\/blog\/wp-json\/wp\/v2\/posts"}],"about":[{"href":"https:\/\/agenciainfra.com\/blog\/wp-json\/wp\/v2\/types\/post"}],"author":[{"embeddable":true,"href":"https:\/\/agenciainfra.com\/blog\/wp-json\/wp\/v2\/users\/1"}],"replies":[{"embeddable":true,"href":"https:\/\/agenciainfra.com\/blog\/wp-json\/wp\/v2\/comments?post=32174"}],"version-history":[{"count":1,"href":"https:\/\/agenciainfra.com\/blog\/wp-json\/wp\/v2\/posts\/32174\/revisions"}],"predecessor-version":[{"id":32184,"href":"https:\/\/agenciainfra.com\/blog\/wp-json\/wp\/v2\/posts\/32174\/revisions\/32184"}],"wp:featuredmedia":[{"embeddable":true,"href":"https:\/\/agenciainfra.com\/blog\/wp-json\/wp\/v2\/media\/32176"}],"wp:attachment":[{"href":"https:\/\/agenciainfra.com\/blog\/wp-json\/wp\/v2\/media?parent=32174"}],"wp:term":[{"taxonomy":"category","embeddable":true,"href":"https:\/\/agenciainfra.com\/blog\/wp-json\/wp\/v2\/categories?post=32174"},{"taxonomy":"post_tag","embeddable":true,"href":"https:\/\/agenciainfra.com\/blog\/wp-json\/wp\/v2\/tags?post=32174"}],"curies":[{"name":"wp","href":"https:\/\/api.w.org\/{rel}","templated":true}]}}