{"id":32195,"date":"2025-11-13T18:11:43","date_gmt":"2025-11-13T21:11:43","guid":{"rendered":"https:\/\/agenciainfra.com\/blog\/?p=32195"},"modified":"2025-11-17T09:43:51","modified_gmt":"2025-11-17T12:43:51","slug":"experiencia-pioneira-de-etanol-no-transporte-maritimo-mostra-diversificacao-da-matriz-energetica","status":"publish","type":"post","link":"https:\/\/agenciainfra.com\/blog\/experiencia-pioneira-de-etanol-no-transporte-maritimo-mostra-diversificacao-da-matriz-energetica\/","title":{"rendered":"Experi\u00eancia pioneira de etanol no transporte mar\u00edtimo mostra diversifica\u00e7\u00e3o da matriz energ\u00e9tica"},"content":{"rendered":"\n<p class=\"has-text-align-right\"><strong>Apresentado por Cosan<\/strong><\/p>\n\n\n\n<p>Novos setores, como o mar\u00edtimo, come\u00e7am a utilizar o etanol brasileiro como combust\u00edvel, que desponta como uma solu\u00e7\u00e3o sustent\u00e1vel, inovadora e pronta para a transi\u00e7\u00e3o energ\u00e9tica.&nbsp;&nbsp;<\/p>\n\n\n\n<p>O painel \u201cEtanol: Solu\u00e7\u00e3o Pronta Para a Descarboniza\u00e7\u00e3o do Setor de Transportes\u201d trouxe a experi\u00eancia, ainda em fase de teste, da utiliza\u00e7\u00e3o do etanol como combust\u00edvel para navega\u00e7\u00e3o pela A.P. Moller\u2013Maersk Am\u00e9rica Latina, operadora log\u00edstica dinamarquesa com foco no transporte mar\u00edtimo.&nbsp;<\/p>\n\n\n\n<p>O vice-presidente de Public Affairs da empresa, Danilo Veras, e o diretor de Sustentabilidade da Ra\u00edzen, do grupo Cosan, Andr\u00e9 Valente, falaram sobre o assunto na apresenta\u00e7\u00e3o, no Summit Agenda SP+Verde, evento pr\u00e9-COP30 promovido pelo governo do estado de S\u00e3o Paulo, na \u00faltima semana.<\/p>\n\n\n\n<p>Na avalia\u00e7\u00e3o dos convidados, o modelo brasileiro de produ\u00e7\u00e3o sustent\u00e1vel de etanol, reconhecido internacionalmente, \u00e9 replic\u00e1vel e demonstra como pol\u00edticas p\u00fablicas e inova\u00e7\u00e3o podem viabilizar uma transi\u00e7\u00e3o energ\u00e9tica eficaz.&nbsp;<\/p>\n\n\n\n<p>Para se ter uma ideia de escala, 80% do etanol brasileiro \u00e9 oriundo da cana-de-a\u00e7\u00facar, e 20%, de milho, majoritariamente segunda-safra, que \u00e9 feito junto ao plantio de soja. \u201cO etanol e a biomassa de cana s\u00e3o a maior fonte de energia renov\u00e1vel da matriz energ\u00e9tica no Brasil, respondendo por 17% da demanda energ\u00e9tica total (incluindo n\u00e3o renov\u00e1veis), \u00e0 frente da energia hidr\u00e1ulica, solar e e\u00f3lica\u201d, explicou Andr\u00e9 Valente, da Ra\u00edzen, expondo o potencial desse combust\u00edvel.\u00a0<\/p>\n\n\n\n<p>Ele ressaltou que todas as fontes renov\u00e1veis devem ser consideradas porque nenhuma delas \u00e9 capaz de atender individualmente \u00e0s demandas dos diversos setores da economia.<\/p>\n\n\n\n<p>Danilo Veras apontou que a necessidade de descarboniza\u00e7\u00e3o da frota naval adicionou um novo desafio global para a Maersk, considerando que 20% dos custos das empresas de navega\u00e7\u00e3o s\u00e3o associados a combust\u00edvel. Assim, as regionais da companhia, que conta com 760 navios no mundo, foram desafiadas a buscar alternativas para reduzir as emiss\u00f5es. Ap\u00f3s uma primeira experi\u00eancia com metanol verde, a empresa come\u00e7ou a testar o etanol do Brasil, recebido no porto de Roterd\u00e3, na Holanda,&nbsp; em uma embarca\u00e7\u00e3o cargueira que faz a rota entre Europa e Coreia do Sul.&nbsp;<\/p>\n\n\n\n<p>\u201cO setor mar\u00edtimo tem escala tit\u00e2nica \u2013 um navio consome 10 mil toneladas de combust\u00edvel por semana\u201d, afirma.&nbsp;<\/p>\n\n\n\n<p>Segundo ele, \u00e0 medida que a utiliza\u00e7\u00e3o de combust\u00edveis alternativos cresce, \u00e9 preciso preparar portos para atender essa demanda com planejamento, infraestrutura integrada, tecnologia e estudos de viabilidade operacional, dentro de um ecossistema de sustentabilidade.<\/p>\n\n\n\n<p>Segundo Valente, da Ra\u00edzen, ainda que o etanol j\u00e1 esteja presente em larga escala em algumas geografias, ainda existem muitas oportunidades para aumentar o seu protagonismo em mercados como avia\u00e7\u00e3o, mar\u00edtimo e qu\u00edmicos \u2013 tendo em vista sua capacidade de entregar 80% de redu\u00e7\u00e3o de emiss\u00f5es e ser mais barato, al\u00e9m de obviamente ter grande volume produzido no Brasil. \u201cQuando se coloca urg\u00eancia clim\u00e1tica para 2030, poucas alternativas t\u00eam estrutura e benef\u00edcios como o etanol de cana. Al\u00e9m de promover descarboniza\u00e7\u00e3o, a chegada de uma usina eleva em mil d\u00f3lares o PIB per capita da cidade-sede\u201d, afirmou o executivo.\u00a0<\/p>\n\n\n\n<p>Para ele, o modelo brasileiro tem grande potencial para ser replicado em outros pa\u00edses, como a \u00cdndia, al\u00e9m de ser utilizado em diversos setores.&nbsp;<\/p>\n\n\n\n<p>Enquanto o etanol de primeira gera\u00e7\u00e3o \u00e9 o etanol comum, encontrado em postos de combust\u00edvel, o de segunda gera\u00e7\u00e3o \u00e9 produzido a partir do baga\u00e7o e da palha da cana-de-a\u00e7\u00facar, que s\u00e3o res\u00edduos da produ\u00e7\u00e3o de primeira gera\u00e7\u00e3o.&nbsp;\u201cO etanol de segunda gera\u00e7\u00e3o possui uma pegada de carbono ainda menor do que o etanol de primeira gera\u00e7\u00e3o e tamb\u00e9m \u00e9 considerado uma inova\u00e7\u00e3o, com potencial para descarbonizar setores como avia\u00e7\u00e3o e mar\u00edtimo\u201d, afirma o diretor de Sustentabilidade da Ra\u00edzen.<\/p>\n\n\n\n<p>Andr\u00e9 Valente lembrou que o Brasil \u00e9 posicionado como maior produtor mundial de cana-de-a\u00e7\u00facar. \u201cA expans\u00e3o da cana-de a\u00e7\u00facar ocorreu em 95% sobre \u00e1reas degradadas, e o estigma do desmatamento e de trabalho infantil foi superado. Hoje o plantio \u00e9 totalmente sustent\u00e1vel e aumenta a qualidade do solo. H\u00e1 ainda impacto positivo sobre a seguran\u00e7a alimentar, pois a condi\u00e7\u00e3o socioecon\u00f4mica das comunidades que participam dessa cultura melhora\u201d, completou.<\/p>\n","protected":false},"excerpt":{"rendered":"<p>Apresentado por Cosan Novos setores, como o mar\u00edtimo, come\u00e7am a utilizar o etanol brasileiro como combust\u00edvel, que desponta como uma solu\u00e7\u00e3o sustent\u00e1vel, inovadora e pronta para a transi\u00e7\u00e3o energ\u00e9tica.&nbsp;&nbsp; O painel \u201cEtanol: Solu\u00e7\u00e3o Pronta Para a Descarboniza\u00e7\u00e3o do Setor de Transportes\u201d trouxe a experi\u00eancia, ainda em fase de teste, da utiliza\u00e7\u00e3o do etanol como combust\u00edvel [&hellip;]<\/p>\n","protected":false},"author":1,"featured_media":32196,"comment_status":"closed","ping_status":"closed","sticky":false,"template":"","format":"standard","meta":{"_monsterinsights_skip_tracking":false,"_monsterinsights_sitenote_active":false,"_monsterinsights_sitenote_note":"","_monsterinsights_sitenote_category":0,"footnotes":""},"categories":[2054,7250,2053],"tags":[16914,16915,8068,892,6761,3361,2732,957,16916,2006,3168],"class_list":["post-32195","post","type-post","status-publish","format-standard","has-post-thumbnail","hentry","category-contpat","category-destaque-lista","category-infraliveventos","tag-a-p-moller-maersk","tag-andre-valente","tag-cop30","tag-cosan","tag-danilo-veras","tag-descarbonizacao","tag-etanol","tag-raizen","tag-summit-agenda-spverde","tag-transicao-energetica","tag-transporte-maritimo"],"yoast_head":"<!-- This site is optimized with the Yoast SEO Premium plugin v25.4 (Yoast SEO v26.0) - https:\/\/yoast.com\/wordpress\/plugins\/seo\/ -->\n<title>Experi\u00eancia pioneira de etanol no transporte mar\u00edtimo mostra diversifica\u00e7\u00e3o da matriz energ\u00e9tica - Ag\u00eancia iNFRA<\/title>\n<meta name=\"robots\" content=\"index, follow, max-snippet:-1, max-image-preview:large, max-video-preview:-1\" \/>\n<link rel=\"canonical\" href=\"https:\/\/agenciainfra.com\/blog\/experiencia-pioneira-de-etanol-no-transporte-maritimo-mostra-diversificacao-da-matriz-energetica\/\" \/>\n<meta property=\"og:locale\" content=\"pt_BR\" \/>\n<meta property=\"og:type\" content=\"article\" \/>\n<meta property=\"og:title\" content=\"Experi\u00eancia pioneira de etanol no transporte mar\u00edtimo mostra diversifica\u00e7\u00e3o da matriz energ\u00e9tica\" \/>\n<meta property=\"og:description\" content=\"Apresentado por Cosan Novos setores, como o mar\u00edtimo, come\u00e7am a utilizar o etanol brasileiro como combust\u00edvel, que desponta como uma solu\u00e7\u00e3o sustent\u00e1vel, inovadora e pronta para a transi\u00e7\u00e3o energ\u00e9tica.&nbsp;&nbsp; O painel \u201cEtanol: Solu\u00e7\u00e3o Pronta Para a Descarboniza\u00e7\u00e3o do Setor de Transportes\u201d trouxe a experi\u00eancia, ainda em fase de teste, da utiliza\u00e7\u00e3o do etanol como combust\u00edvel [&hellip;]\" \/>\n<meta property=\"og:url\" content=\"https:\/\/agenciainfra.com\/blog\/experiencia-pioneira-de-etanol-no-transporte-maritimo-mostra-diversificacao-da-matriz-energetica\/\" \/>\n<meta property=\"og:site_name\" content=\"Ag\u00eancia iNFRA\" \/>\n<meta property=\"article:publisher\" content=\"https:\/\/www.facebook.com\/ageninfra\" \/>\n<meta property=\"article:published_time\" content=\"2025-11-13T21:11:43+00:00\" \/>\n<meta property=\"article:modified_time\" content=\"2025-11-17T12:43:51+00:00\" \/>\n<meta property=\"og:image\" content=\"https:\/\/agenciainfra.com\/blog\/wp-content\/uploads\/2025\/11\/danilo-veras-e-andre-valente-foto-gustavo-rampini-e-santiago-reis.png\" \/>\n\t<meta property=\"og:image:width\" content=\"1280\" \/>\n\t<meta property=\"og:image:height\" content=\"750\" \/>\n\t<meta property=\"og:image:type\" content=\"image\/png\" \/>\n<meta name=\"author\" content=\"Ag\u00eancia iNFRA\" \/>\n<meta name=\"twitter:card\" content=\"summary_large_image\" \/>\n<meta name=\"twitter:creator\" content=\"@agencia_infra\" \/>\n<meta name=\"twitter:site\" content=\"@agencia_infra\" \/>\n<meta name=\"twitter:label1\" content=\"Escrito por\" \/>\n\t<meta name=\"twitter:data1\" content=\"Ag\u00eancia iNFRA\" \/>\n\t<meta name=\"twitter:label2\" content=\"Est. tempo de leitura\" \/>\n\t<meta name=\"twitter:data2\" content=\"4 minutos\" \/>\n<script type=\"application\/ld+json\" class=\"yoast-schema-graph\">{\"@context\":\"https:\/\/schema.org\",\"@graph\":[{\"@type\":\"Article\",\"@id\":\"https:\/\/agenciainfra.com\/blog\/experiencia-pioneira-de-etanol-no-transporte-maritimo-mostra-diversificacao-da-matriz-energetica\/#article\",\"isPartOf\":{\"@id\":\"https:\/\/agenciainfra.com\/blog\/experiencia-pioneira-de-etanol-no-transporte-maritimo-mostra-diversificacao-da-matriz-energetica\/\"},\"author\":{\"name\":\"Ag\u00eancia iNFRA\",\"@id\":\"https:\/\/agenciainfra.com\/blog\/#\/schema\/person\/34af08dff6adea4cb22b06612ba7acfa\"},\"headline\":\"Experi\u00eancia pioneira de etanol no transporte mar\u00edtimo mostra diversifica\u00e7\u00e3o da matriz energ\u00e9tica\",\"datePublished\":\"2025-11-13T21:11:43+00:00\",\"dateModified\":\"2025-11-17T12:43:51+00:00\",\"mainEntityOfPage\":{\"@id\":\"https:\/\/agenciainfra.com\/blog\/experiencia-pioneira-de-etanol-no-transporte-maritimo-mostra-diversificacao-da-matriz-energetica\/\"},\"wordCount\":756,\"publisher\":{\"@id\":\"https:\/\/agenciainfra.com\/blog\/#organization\"},\"image\":{\"@id\":\"https:\/\/agenciainfra.com\/blog\/experiencia-pioneira-de-etanol-no-transporte-maritimo-mostra-diversificacao-da-matriz-energetica\/#primaryimage\"},\"thumbnailUrl\":\"https:\/\/agenciainfra.com\/blog\/wp-content\/uploads\/2025\/11\/danilo-veras-e-andre-valente-foto-gustavo-rampini-e-santiago-reis.png\",\"keywords\":[\"A.P. Moller-Maersk\",\"Andr\u00e9 Valente\",\"COP30\",\"Cosan\",\"Danilo Veras\",\"Descarboniza\u00e7\u00e3o\",\"etanol\",\"Ra\u00edzen\",\"Summit Agenda SP+Verde\",\"transi\u00e7\u00e3o energ\u00e9tica\",\"transporte mar\u00edtimo\"],\"articleSection\":[\"Conte\u00fado Patrocinado\",\"Destaque lista\",\"iNFRALive e Eventos\"],\"inLanguage\":\"pt-BR\",\"copyrightYear\":\"2025\",\"copyrightHolder\":{\"@id\":\"https:\/\/agenciainfra.com\/blog\/#organization\"}},{\"@type\":\"WebPage\",\"@id\":\"https:\/\/agenciainfra.com\/blog\/experiencia-pioneira-de-etanol-no-transporte-maritimo-mostra-diversificacao-da-matriz-energetica\/\",\"url\":\"https:\/\/agenciainfra.com\/blog\/experiencia-pioneira-de-etanol-no-transporte-maritimo-mostra-diversificacao-da-matriz-energetica\/\",\"name\":\"Experi\u00eancia pioneira de etanol no transporte mar\u00edtimo mostra diversifica\u00e7\u00e3o da matriz energ\u00e9tica - Ag\u00eancia iNFRA\",\"isPartOf\":{\"@id\":\"https:\/\/agenciainfra.com\/blog\/#website\"},\"primaryImageOfPage\":{\"@id\":\"https:\/\/agenciainfra.com\/blog\/experiencia-pioneira-de-etanol-no-transporte-maritimo-mostra-diversificacao-da-matriz-energetica\/#primaryimage\"},\"image\":{\"@id\":\"https:\/\/agenciainfra.com\/blog\/experiencia-pioneira-de-etanol-no-transporte-maritimo-mostra-diversificacao-da-matriz-energetica\/#primaryimage\"},\"thumbnailUrl\":\"https:\/\/agenciainfra.com\/blog\/wp-content\/uploads\/2025\/11\/danilo-veras-e-andre-valente-foto-gustavo-rampini-e-santiago-reis.png\",\"datePublished\":\"2025-11-13T21:11:43+00:00\",\"dateModified\":\"2025-11-17T12:43:51+00:00\",\"breadcrumb\":{\"@id\":\"https:\/\/agenciainfra.com\/blog\/experiencia-pioneira-de-etanol-no-transporte-maritimo-mostra-diversificacao-da-matriz-energetica\/#breadcrumb\"},\"inLanguage\":\"pt-BR\",\"potentialAction\":[{\"@type\":\"ReadAction\",\"target\":[\"https:\/\/agenciainfra.com\/blog\/experiencia-pioneira-de-etanol-no-transporte-maritimo-mostra-diversificacao-da-matriz-energetica\/\"]}]},{\"@type\":\"ImageObject\",\"inLanguage\":\"pt-BR\",\"@id\":\"https:\/\/agenciainfra.com\/blog\/experiencia-pioneira-de-etanol-no-transporte-maritimo-mostra-diversificacao-da-matriz-energetica\/#primaryimage\",\"url\":\"https:\/\/agenciainfra.com\/blog\/wp-content\/uploads\/2025\/11\/danilo-veras-e-andre-valente-foto-gustavo-rampini-e-santiago-reis.png\",\"contentUrl\":\"https:\/\/agenciainfra.com\/blog\/wp-content\/uploads\/2025\/11\/danilo-veras-e-andre-valente-foto-gustavo-rampini-e-santiago-reis.png\",\"width\":1280,\"height\":750,\"caption\":\"Foto: Gustavo Rampini e Santiago Reis\"},{\"@type\":\"BreadcrumbList\",\"@id\":\"https:\/\/agenciainfra.com\/blog\/experiencia-pioneira-de-etanol-no-transporte-maritimo-mostra-diversificacao-da-matriz-energetica\/#breadcrumb\",\"itemListElement\":[{\"@type\":\"ListItem\",\"position\":1,\"name\":\"In\u00edcio\",\"item\":\"https:\/\/agenciainfra.com\/blog\/\"},{\"@type\":\"ListItem\",\"position\":2,\"name\":\"Experi\u00eancia pioneira de etanol no transporte mar\u00edtimo mostra diversifica\u00e7\u00e3o da matriz energ\u00e9tica\"}]},{\"@type\":\"WebSite\",\"@id\":\"https:\/\/agenciainfra.com\/blog\/#website\",\"url\":\"https:\/\/agenciainfra.com\/blog\/\",\"name\":\"Ag\u00eancia iNFRA\",\"description\":\"Multiplataforma de informa\u00e7\u00e3o jornal\u00edstica refer\u00eancia na \u00e1rea de infraestrutura no Brasil!\",\"publisher\":{\"@id\":\"https:\/\/agenciainfra.com\/blog\/#organization\"},\"potentialAction\":[{\"@type\":\"SearchAction\",\"target\":{\"@type\":\"EntryPoint\",\"urlTemplate\":\"https:\/\/agenciainfra.com\/blog\/?s={search_term_string}\"},\"query-input\":{\"@type\":\"PropertyValueSpecification\",\"valueRequired\":true,\"valueName\":\"search_term_string\"}}],\"inLanguage\":\"pt-BR\"},{\"@type\":\"Organization\",\"@id\":\"https:\/\/agenciainfra.com\/blog\/#organization\",\"name\":\"Ag\u00eancia iNFRA\",\"url\":\"https:\/\/agenciainfra.com\/blog\/\",\"logo\":{\"@type\":\"ImageObject\",\"inLanguage\":\"pt-BR\",\"@id\":\"https:\/\/agenciainfra.com\/blog\/#\/schema\/logo\/image\/\",\"url\":\"https:\/\/agenciainfra.com\/blog\/wp-content\/uploads\/2023\/09\/iNFRA_5-e1761735885940.png\",\"contentUrl\":\"https:\/\/agenciainfra.com\/blog\/wp-content\/uploads\/2023\/09\/iNFRA_5-e1761735885940.png\",\"width\":1672,\"height\":454,\"caption\":\"Ag\u00eancia iNFRA\"},\"image\":{\"@id\":\"https:\/\/agenciainfra.com\/blog\/#\/schema\/logo\/image\/\"},\"sameAs\":[\"https:\/\/www.facebook.com\/ageninfra\",\"https:\/\/x.com\/agencia_infra\",\"https:\/\/www.linkedin.com\/company\/ag\u00eanciainfra\/\",\"https:\/\/www.instagram.com\/agenciainfra\/\"]},{\"@type\":\"Person\",\"@id\":\"https:\/\/agenciainfra.com\/blog\/#\/schema\/person\/34af08dff6adea4cb22b06612ba7acfa\",\"name\":\"Ag\u00eancia iNFRA\",\"image\":{\"@type\":\"ImageObject\",\"inLanguage\":\"pt-BR\",\"@id\":\"https:\/\/agenciainfra.com\/blog\/#\/schema\/person\/image\/\",\"url\":\"https:\/\/secure.gravatar.com\/avatar\/d189e01678f06d8eb84d4e01f08eb848b3fffe3f8443818d3c356c66892f5be8?s=96&d=mm&r=g\",\"contentUrl\":\"https:\/\/secure.gravatar.com\/avatar\/d189e01678f06d8eb84d4e01f08eb848b3fffe3f8443818d3c356c66892f5be8?s=96&d=mm&r=g\",\"caption\":\"Ag\u00eancia iNFRA\"},\"url\":\"https:\/\/agenciainfra.com\/blog\/author\/admin\/\"}]}<\/script>\n<!-- \/ Yoast SEO Premium plugin. -->","yoast_head_json":{"title":"Experi\u00eancia pioneira de etanol no transporte mar\u00edtimo mostra diversifica\u00e7\u00e3o da matriz energ\u00e9tica - Ag\u00eancia iNFRA","robots":{"index":"index","follow":"follow","max-snippet":"max-snippet:-1","max-image-preview":"max-image-preview:large","max-video-preview":"max-video-preview:-1"},"canonical":"https:\/\/agenciainfra.com\/blog\/experiencia-pioneira-de-etanol-no-transporte-maritimo-mostra-diversificacao-da-matriz-energetica\/","og_locale":"pt_BR","og_type":"article","og_title":"Experi\u00eancia pioneira de etanol no transporte mar\u00edtimo mostra diversifica\u00e7\u00e3o da matriz energ\u00e9tica","og_description":"Apresentado por Cosan Novos setores, como o mar\u00edtimo, come\u00e7am a utilizar o etanol brasileiro como combust\u00edvel, que desponta como uma solu\u00e7\u00e3o sustent\u00e1vel, inovadora e pronta para a transi\u00e7\u00e3o energ\u00e9tica.&nbsp;&nbsp; O painel \u201cEtanol: Solu\u00e7\u00e3o Pronta Para a Descarboniza\u00e7\u00e3o do Setor de Transportes\u201d trouxe a experi\u00eancia, ainda em fase de teste, da utiliza\u00e7\u00e3o do etanol como combust\u00edvel [&hellip;]","og_url":"https:\/\/agenciainfra.com\/blog\/experiencia-pioneira-de-etanol-no-transporte-maritimo-mostra-diversificacao-da-matriz-energetica\/","og_site_name":"Ag\u00eancia iNFRA","article_publisher":"https:\/\/www.facebook.com\/ageninfra","article_published_time":"2025-11-13T21:11:43+00:00","article_modified_time":"2025-11-17T12:43:51+00:00","og_image":[{"width":1280,"height":750,"url":"https:\/\/agenciainfra.com\/blog\/wp-content\/uploads\/2025\/11\/danilo-veras-e-andre-valente-foto-gustavo-rampini-e-santiago-reis.png","type":"image\/png"}],"author":"Ag\u00eancia iNFRA","twitter_card":"summary_large_image","twitter_creator":"@agencia_infra","twitter_site":"@agencia_infra","twitter_misc":{"Escrito por":"Ag\u00eancia iNFRA","Est. tempo de leitura":"4 minutos"},"schema":{"@context":"https:\/\/schema.org","@graph":[{"@type":"Article","@id":"https:\/\/agenciainfra.com\/blog\/experiencia-pioneira-de-etanol-no-transporte-maritimo-mostra-diversificacao-da-matriz-energetica\/#article","isPartOf":{"@id":"https:\/\/agenciainfra.com\/blog\/experiencia-pioneira-de-etanol-no-transporte-maritimo-mostra-diversificacao-da-matriz-energetica\/"},"author":{"name":"Ag\u00eancia iNFRA","@id":"https:\/\/agenciainfra.com\/blog\/#\/schema\/person\/34af08dff6adea4cb22b06612ba7acfa"},"headline":"Experi\u00eancia pioneira de etanol no transporte mar\u00edtimo mostra diversifica\u00e7\u00e3o da matriz energ\u00e9tica","datePublished":"2025-11-13T21:11:43+00:00","dateModified":"2025-11-17T12:43:51+00:00","mainEntityOfPage":{"@id":"https:\/\/agenciainfra.com\/blog\/experiencia-pioneira-de-etanol-no-transporte-maritimo-mostra-diversificacao-da-matriz-energetica\/"},"wordCount":756,"publisher":{"@id":"https:\/\/agenciainfra.com\/blog\/#organization"},"image":{"@id":"https:\/\/agenciainfra.com\/blog\/experiencia-pioneira-de-etanol-no-transporte-maritimo-mostra-diversificacao-da-matriz-energetica\/#primaryimage"},"thumbnailUrl":"https:\/\/agenciainfra.com\/blog\/wp-content\/uploads\/2025\/11\/danilo-veras-e-andre-valente-foto-gustavo-rampini-e-santiago-reis.png","keywords":["A.P. Moller-Maersk","Andr\u00e9 Valente","COP30","Cosan","Danilo Veras","Descarboniza\u00e7\u00e3o","etanol","Ra\u00edzen","Summit Agenda SP+Verde","transi\u00e7\u00e3o energ\u00e9tica","transporte mar\u00edtimo"],"articleSection":["Conte\u00fado Patrocinado","Destaque lista","iNFRALive e Eventos"],"inLanguage":"pt-BR","copyrightYear":"2025","copyrightHolder":{"@id":"https:\/\/agenciainfra.com\/blog\/#organization"}},{"@type":"WebPage","@id":"https:\/\/agenciainfra.com\/blog\/experiencia-pioneira-de-etanol-no-transporte-maritimo-mostra-diversificacao-da-matriz-energetica\/","url":"https:\/\/agenciainfra.com\/blog\/experiencia-pioneira-de-etanol-no-transporte-maritimo-mostra-diversificacao-da-matriz-energetica\/","name":"Experi\u00eancia pioneira de etanol no transporte mar\u00edtimo mostra diversifica\u00e7\u00e3o da matriz energ\u00e9tica - Ag\u00eancia iNFRA","isPartOf":{"@id":"https:\/\/agenciainfra.com\/blog\/#website"},"primaryImageOfPage":{"@id":"https:\/\/agenciainfra.com\/blog\/experiencia-pioneira-de-etanol-no-transporte-maritimo-mostra-diversificacao-da-matriz-energetica\/#primaryimage"},"image":{"@id":"https:\/\/agenciainfra.com\/blog\/experiencia-pioneira-de-etanol-no-transporte-maritimo-mostra-diversificacao-da-matriz-energetica\/#primaryimage"},"thumbnailUrl":"https:\/\/agenciainfra.com\/blog\/wp-content\/uploads\/2025\/11\/danilo-veras-e-andre-valente-foto-gustavo-rampini-e-santiago-reis.png","datePublished":"2025-11-13T21:11:43+00:00","dateModified":"2025-11-17T12:43:51+00:00","breadcrumb":{"@id":"https:\/\/agenciainfra.com\/blog\/experiencia-pioneira-de-etanol-no-transporte-maritimo-mostra-diversificacao-da-matriz-energetica\/#breadcrumb"},"inLanguage":"pt-BR","potentialAction":[{"@type":"ReadAction","target":["https:\/\/agenciainfra.com\/blog\/experiencia-pioneira-de-etanol-no-transporte-maritimo-mostra-diversificacao-da-matriz-energetica\/"]}]},{"@type":"ImageObject","inLanguage":"pt-BR","@id":"https:\/\/agenciainfra.com\/blog\/experiencia-pioneira-de-etanol-no-transporte-maritimo-mostra-diversificacao-da-matriz-energetica\/#primaryimage","url":"https:\/\/agenciainfra.com\/blog\/wp-content\/uploads\/2025\/11\/danilo-veras-e-andre-valente-foto-gustavo-rampini-e-santiago-reis.png","contentUrl":"https:\/\/agenciainfra.com\/blog\/wp-content\/uploads\/2025\/11\/danilo-veras-e-andre-valente-foto-gustavo-rampini-e-santiago-reis.png","width":1280,"height":750,"caption":"Foto: Gustavo Rampini e Santiago Reis"},{"@type":"BreadcrumbList","@id":"https:\/\/agenciainfra.com\/blog\/experiencia-pioneira-de-etanol-no-transporte-maritimo-mostra-diversificacao-da-matriz-energetica\/#breadcrumb","itemListElement":[{"@type":"ListItem","position":1,"name":"In\u00edcio","item":"https:\/\/agenciainfra.com\/blog\/"},{"@type":"ListItem","position":2,"name":"Experi\u00eancia pioneira de etanol no transporte mar\u00edtimo mostra diversifica\u00e7\u00e3o da matriz energ\u00e9tica"}]},{"@type":"WebSite","@id":"https:\/\/agenciainfra.com\/blog\/#website","url":"https:\/\/agenciainfra.com\/blog\/","name":"Ag\u00eancia iNFRA","description":"Multiplataforma de informa\u00e7\u00e3o jornal\u00edstica refer\u00eancia na \u00e1rea de infraestrutura no Brasil!","publisher":{"@id":"https:\/\/agenciainfra.com\/blog\/#organization"},"potentialAction":[{"@type":"SearchAction","target":{"@type":"EntryPoint","urlTemplate":"https:\/\/agenciainfra.com\/blog\/?s={search_term_string}"},"query-input":{"@type":"PropertyValueSpecification","valueRequired":true,"valueName":"search_term_string"}}],"inLanguage":"pt-BR"},{"@type":"Organization","@id":"https:\/\/agenciainfra.com\/blog\/#organization","name":"Ag\u00eancia iNFRA","url":"https:\/\/agenciainfra.com\/blog\/","logo":{"@type":"ImageObject","inLanguage":"pt-BR","@id":"https:\/\/agenciainfra.com\/blog\/#\/schema\/logo\/image\/","url":"https:\/\/agenciainfra.com\/blog\/wp-content\/uploads\/2023\/09\/iNFRA_5-e1761735885940.png","contentUrl":"https:\/\/agenciainfra.com\/blog\/wp-content\/uploads\/2023\/09\/iNFRA_5-e1761735885940.png","width":1672,"height":454,"caption":"Ag\u00eancia iNFRA"},"image":{"@id":"https:\/\/agenciainfra.com\/blog\/#\/schema\/logo\/image\/"},"sameAs":["https:\/\/www.facebook.com\/ageninfra","https:\/\/x.com\/agencia_infra","https:\/\/www.linkedin.com\/company\/ag\u00eanciainfra\/","https:\/\/www.instagram.com\/agenciainfra\/"]},{"@type":"Person","@id":"https:\/\/agenciainfra.com\/blog\/#\/schema\/person\/34af08dff6adea4cb22b06612ba7acfa","name":"Ag\u00eancia iNFRA","image":{"@type":"ImageObject","inLanguage":"pt-BR","@id":"https:\/\/agenciainfra.com\/blog\/#\/schema\/person\/image\/","url":"https:\/\/secure.gravatar.com\/avatar\/d189e01678f06d8eb84d4e01f08eb848b3fffe3f8443818d3c356c66892f5be8?s=96&d=mm&r=g","contentUrl":"https:\/\/secure.gravatar.com\/avatar\/d189e01678f06d8eb84d4e01f08eb848b3fffe3f8443818d3c356c66892f5be8?s=96&d=mm&r=g","caption":"Ag\u00eancia iNFRA"},"url":"https:\/\/agenciainfra.com\/blog\/author\/admin\/"}]}},"_links":{"self":[{"href":"https:\/\/agenciainfra.com\/blog\/wp-json\/wp\/v2\/posts\/32195","targetHints":{"allow":["GET"]}}],"collection":[{"href":"https:\/\/agenciainfra.com\/blog\/wp-json\/wp\/v2\/posts"}],"about":[{"href":"https:\/\/agenciainfra.com\/blog\/wp-json\/wp\/v2\/types\/post"}],"author":[{"embeddable":true,"href":"https:\/\/agenciainfra.com\/blog\/wp-json\/wp\/v2\/users\/1"}],"replies":[{"embeddable":true,"href":"https:\/\/agenciainfra.com\/blog\/wp-json\/wp\/v2\/comments?post=32195"}],"version-history":[{"count":1,"href":"https:\/\/agenciainfra.com\/blog\/wp-json\/wp\/v2\/posts\/32195\/revisions"}],"predecessor-version":[{"id":32197,"href":"https:\/\/agenciainfra.com\/blog\/wp-json\/wp\/v2\/posts\/32195\/revisions\/32197"}],"wp:featuredmedia":[{"embeddable":true,"href":"https:\/\/agenciainfra.com\/blog\/wp-json\/wp\/v2\/media\/32196"}],"wp:attachment":[{"href":"https:\/\/agenciainfra.com\/blog\/wp-json\/wp\/v2\/media?parent=32195"}],"wp:term":[{"taxonomy":"category","embeddable":true,"href":"https:\/\/agenciainfra.com\/blog\/wp-json\/wp\/v2\/categories?post=32195"},{"taxonomy":"post_tag","embeddable":true,"href":"https:\/\/agenciainfra.com\/blog\/wp-json\/wp\/v2\/tags?post=32195"}],"curies":[{"name":"wp","href":"https:\/\/api.w.org\/{rel}","templated":true}]}}