{"id":32215,"date":"2025-11-13T20:21:21","date_gmt":"2025-11-13T23:21:21","guid":{"rendered":"https:\/\/agenciainfra.com\/blog\/?p=32215"},"modified":"2025-11-14T17:54:13","modified_gmt":"2025-11-14T20:54:13","slug":"ibram-obtem-decisao-favoravel-em-corte-internacional","status":"publish","type":"post","link":"https:\/\/agenciainfra.com\/blog\/ibram-obtem-decisao-favoravel-em-corte-internacional\/","title":{"rendered":"Ibram obt\u00e9m &#8216;decis\u00e3o favor\u00e1vel&#8217; em corte internacional"},"content":{"rendered":"\n<p class=\"has-text-align-right\" id=\"block-86d2d427-55e6-441d-8636-a3f2fa9eb223\"><strong>Rafael Bitencourt, da Ag\u00eancia iNFRA<\/strong><\/p>\n\n\n\n<p>O Ibram (Instituto Brasileiro de Minera\u00e7\u00e3o) informou nesta quinta-feira (13) que obteve decis\u00e3o favor\u00e1vel da Corte Inglesa, sediada em Londres, que obriga o escrit\u00f3rio PG (Pogust Goodhead) a reembolsar a entidade brasileira em 811 mil libras referentes aos custos incorridos em processo que discute o alcance da repara\u00e7\u00e3o pelo rompimento da barragem de rejeito de minera\u00e7\u00e3o em Mariana (MG).<\/p>\n\n\n\n<p>O escrit\u00f3rio tentava limitar a atua\u00e7\u00e3o do instituto. O caso foi parar no STF (Supremo Tribunal Federal) por meio da ADPF (Argui\u00e7\u00e3o de Descumprimento de Preceito Fundamental) 1.178.<\/p>\n\n\n\n<p>De acordo com o Ibram, a decis\u00e3o foi tomada depois de os advogados do escrit\u00f3rio PG comunicarem a inten\u00e7\u00e3o de desistir do processo. Na pr\u00e1tica, eles abriram m\u00e3o de \u201ctodos os seus pleitos\u201d contra o instituto. Al\u00e9m disso, a entidade explicou que o juiz considerou que o PG adotou \u201cpostura inadequada\u201d ao longo do processo em Londres, o que justificava a ordem de reembolso. O instituto informou ter a expectativa de que a decis\u00e3o final nesse sentido seja proferida nos pr\u00f3ximos dias.<\/p>\n\n\n\n<p>\u201cA atua\u00e7\u00e3o do Ibram sempre buscou assegurar que pol\u00edticas p\u00fablicas e decis\u00f5es judiciais respeitem esse direito (prote\u00e7\u00e3o sobre a soberania sobre recursos minerais), garantindo seguran\u00e7a jur\u00eddica e previsibilidade ao setor, sem comprometer investimentos e a competitividade da minera\u00e7\u00e3o brasileira\u201d, destacou o diretor-presidente do Ibram, Raul Jungmann, em nota. \u201cSeria uma agress\u00e3o sem precedentes \u00e0 nossa soberania submeter o pa\u00eds \u00e0 jurisdi\u00e7\u00e3o estrangeira, como nos tempos do Brasil Col\u00f4nia\u201d, acrescentou.<\/p>\n\n\n\n<p>A disputa em tribunais internacionais iniciou quando 25 munic\u00edpios brasileiros moveram a\u00e7\u00e3o no Reino Unido, com efeito sobre a mineradora <a href=\"https:\/\/agenciainfra.com\/blog\/bhp-aposta-em-minerais-do-futuro-para-relevancia-global-diz-presidente\/\">BHP<\/a> \u2013 s\u00f3cia da Vale na <a href=\"https:\/\/agenciainfra.com\/blog\/vale-anuncia-fim-da-recuperacao-judicial-da-samarco-iniciada-apos-mariana\/\">Samarco<\/a>, respons\u00e1vel pelo empreendimento que teve a barragem rompida. Em agosto, o ministro do STF Flavio Dino chegou a determinar, em an\u00e1lise da ADPF 1.178, a suspens\u00e3o da efic\u00e1cia de decis\u00f5es judiciais, leis, decretos, ordens executivas de estados estrangeiros no Brasil que n\u00e3o estavam em conformidade com os \u00f3rg\u00e3os de soberania previstos pela Constitui\u00e7\u00e3o e pelas leis\u00a0brasileiras.<\/p>\n\n\n\n<p><\/p>\n","protected":false},"excerpt":{"rendered":"<p>Rafael Bitencourt, da Ag\u00eancia iNFRA O Ibram (Instituto Brasileiro de Minera\u00e7\u00e3o) informou nesta quinta-feira (13) que obteve decis\u00e3o favor\u00e1vel da Corte Inglesa, sediada em Londres, que obriga o escrit\u00f3rio PG (Pogust Goodhead) a reembolsar a entidade brasileira em 811 mil libras referentes aos custos incorridos em processo que discute o alcance da repara\u00e7\u00e3o pelo rompimento [&hellip;]<\/p>\n","protected":false},"author":1,"featured_media":29821,"comment_status":"closed","ping_status":"closed","sticky":false,"template":"","format":"standard","meta":{"_monsterinsights_skip_tracking":false,"_monsterinsights_sitenote_active":false,"_monsterinsights_sitenote_note":"","_monsterinsights_sitenote_category":0,"footnotes":""},"categories":[7250,13239],"tags":[13748,16924,16367,16923,2409,13258,16925,16709,16922,13813,14503,16104,14795,372,83],"class_list":["post-32215","post","type-post","status-publish","format-standard","has-post-thumbnail","hentry","category-destaque-lista","category-mineracao","tag-acordo-do-rio-doce","tag-adpf-1178","tag-bhp","tag-corte-internacional","tag-flavio-dino","tag-ibram","tag-londres","tag-mariana-mg","tag-pogust-goodhead","tag-rafael-bitencourt","tag-raul-jugmann","tag-rompimento-de-barragem","tag-samarco","tag-stf","tag-vale"],"yoast_head":"<!-- This site is optimized with the Yoast SEO Premium plugin v25.4 (Yoast SEO v26.0) - https:\/\/yoast.com\/wordpress\/plugins\/seo\/ -->\n<title>Ibram obt\u00e9m &#039;decis\u00e3o favor\u00e1vel&#039; em corte internacional - Ag\u00eancia iNFRA<\/title>\n<meta name=\"robots\" content=\"index, follow, max-snippet:-1, max-image-preview:large, max-video-preview:-1\" \/>\n<link rel=\"canonical\" href=\"https:\/\/agenciainfra.com\/blog\/ibram-obtem-decisao-favoravel-em-corte-internacional\/\" \/>\n<meta property=\"og:locale\" content=\"pt_BR\" \/>\n<meta property=\"og:type\" content=\"article\" \/>\n<meta property=\"og:title\" content=\"Ibram obt\u00e9m &#039;decis\u00e3o favor\u00e1vel&#039; em corte internacional\" \/>\n<meta property=\"og:description\" content=\"Rafael Bitencourt, da Ag\u00eancia iNFRA O Ibram (Instituto Brasileiro de Minera\u00e7\u00e3o) informou nesta quinta-feira (13) que obteve decis\u00e3o favor\u00e1vel da Corte Inglesa, sediada em Londres, que obriga o escrit\u00f3rio PG (Pogust Goodhead) a reembolsar a entidade brasileira em 811 mil libras referentes aos custos incorridos em processo que discute o alcance da repara\u00e7\u00e3o pelo rompimento [&hellip;]\" \/>\n<meta property=\"og:url\" content=\"https:\/\/agenciainfra.com\/blog\/ibram-obtem-decisao-favoravel-em-corte-internacional\/\" \/>\n<meta property=\"og:site_name\" content=\"Ag\u00eancia iNFRA\" \/>\n<meta property=\"article:publisher\" content=\"https:\/\/www.facebook.com\/ageninfra\" \/>\n<meta property=\"article:published_time\" content=\"2025-11-13T23:21:21+00:00\" \/>\n<meta property=\"article:modified_time\" content=\"2025-11-14T20:54:13+00:00\" \/>\n<meta property=\"og:image\" content=\"https:\/\/agenciainfra.com\/blog\/wp-content\/uploads\/2025\/10\/Raul-Jugmann-Ibram-Foto-Pablo-Valadares-Camara-dos-Deputados.jpg\" \/>\n\t<meta property=\"og:image:width\" content=\"1281\" \/>\n\t<meta property=\"og:image:height\" content=\"720\" \/>\n\t<meta property=\"og:image:type\" content=\"image\/jpeg\" \/>\n<meta name=\"author\" content=\"Ag\u00eancia iNFRA\" \/>\n<meta name=\"twitter:card\" content=\"summary_large_image\" \/>\n<meta name=\"twitter:creator\" content=\"@agencia_infra\" \/>\n<meta name=\"twitter:site\" content=\"@agencia_infra\" \/>\n<meta name=\"twitter:label1\" content=\"Escrito por\" \/>\n\t<meta name=\"twitter:data1\" content=\"Ag\u00eancia iNFRA\" \/>\n\t<meta name=\"twitter:label2\" content=\"Est. tempo de leitura\" \/>\n\t<meta name=\"twitter:data2\" content=\"2 minutos\" \/>\n<script type=\"application\/ld+json\" class=\"yoast-schema-graph\">{\"@context\":\"https:\/\/schema.org\",\"@graph\":[{\"@type\":\"Article\",\"@id\":\"https:\/\/agenciainfra.com\/blog\/ibram-obtem-decisao-favoravel-em-corte-internacional\/#article\",\"isPartOf\":{\"@id\":\"https:\/\/agenciainfra.com\/blog\/ibram-obtem-decisao-favoravel-em-corte-internacional\/\"},\"author\":{\"name\":\"Ag\u00eancia iNFRA\",\"@id\":\"https:\/\/agenciainfra.com\/blog\/#\/schema\/person\/34af08dff6adea4cb22b06612ba7acfa\"},\"headline\":\"Ibram obt\u00e9m &#8216;decis\u00e3o favor\u00e1vel&#8217; em corte internacional\",\"datePublished\":\"2025-11-13T23:21:21+00:00\",\"dateModified\":\"2025-11-14T20:54:13+00:00\",\"mainEntityOfPage\":{\"@id\":\"https:\/\/agenciainfra.com\/blog\/ibram-obtem-decisao-favoravel-em-corte-internacional\/\"},\"wordCount\":370,\"publisher\":{\"@id\":\"https:\/\/agenciainfra.com\/blog\/#organization\"},\"image\":{\"@id\":\"https:\/\/agenciainfra.com\/blog\/ibram-obtem-decisao-favoravel-em-corte-internacional\/#primaryimage\"},\"thumbnailUrl\":\"https:\/\/agenciainfra.com\/blog\/wp-content\/uploads\/2025\/10\/Raul-Jugmann-Ibram-Foto-Pablo-Valadares-Camara-dos-Deputados.jpg\",\"keywords\":[\"Acordo do Rio Doce\",\"ADPF 1178\",\"BHP\",\"corte internacional\",\"Fl\u00e1vio Dino\",\"ibram\",\"Londres\",\"Mariana (MG)\",\"Pogust Goodhead\",\"Rafael Bitencourt\",\"Raul Jugmann\",\"rompimento de barragem\",\"Samarco\",\"STF\",\"Vale\"],\"articleSection\":[\"Destaque lista\",\"Minera\u00e7\u00e3o\"],\"inLanguage\":\"pt-BR\",\"copyrightYear\":\"2025\",\"copyrightHolder\":{\"@id\":\"https:\/\/agenciainfra.com\/blog\/#organization\"}},{\"@type\":\"WebPage\",\"@id\":\"https:\/\/agenciainfra.com\/blog\/ibram-obtem-decisao-favoravel-em-corte-internacional\/\",\"url\":\"https:\/\/agenciainfra.com\/blog\/ibram-obtem-decisao-favoravel-em-corte-internacional\/\",\"name\":\"Ibram obt\u00e9m 'decis\u00e3o favor\u00e1vel' em corte internacional - Ag\u00eancia iNFRA\",\"isPartOf\":{\"@id\":\"https:\/\/agenciainfra.com\/blog\/#website\"},\"primaryImageOfPage\":{\"@id\":\"https:\/\/agenciainfra.com\/blog\/ibram-obtem-decisao-favoravel-em-corte-internacional\/#primaryimage\"},\"image\":{\"@id\":\"https:\/\/agenciainfra.com\/blog\/ibram-obtem-decisao-favoravel-em-corte-internacional\/#primaryimage\"},\"thumbnailUrl\":\"https:\/\/agenciainfra.com\/blog\/wp-content\/uploads\/2025\/10\/Raul-Jugmann-Ibram-Foto-Pablo-Valadares-Camara-dos-Deputados.jpg\",\"datePublished\":\"2025-11-13T23:21:21+00:00\",\"dateModified\":\"2025-11-14T20:54:13+00:00\",\"breadcrumb\":{\"@id\":\"https:\/\/agenciainfra.com\/blog\/ibram-obtem-decisao-favoravel-em-corte-internacional\/#breadcrumb\"},\"inLanguage\":\"pt-BR\",\"potentialAction\":[{\"@type\":\"ReadAction\",\"target\":[\"https:\/\/agenciainfra.com\/blog\/ibram-obtem-decisao-favoravel-em-corte-internacional\/\"]}]},{\"@type\":\"ImageObject\",\"inLanguage\":\"pt-BR\",\"@id\":\"https:\/\/agenciainfra.com\/blog\/ibram-obtem-decisao-favoravel-em-corte-internacional\/#primaryimage\",\"url\":\"https:\/\/agenciainfra.com\/blog\/wp-content\/uploads\/2025\/10\/Raul-Jugmann-Ibram-Foto-Pablo-Valadares-Camara-dos-Deputados.jpg\",\"contentUrl\":\"https:\/\/agenciainfra.com\/blog\/wp-content\/uploads\/2025\/10\/Raul-Jugmann-Ibram-Foto-Pablo-Valadares-Camara-dos-Deputados.jpg\",\"width\":1281,\"height\":720,\"caption\":\"Foto: Pablo Valadares\/C\u00e2mara dos Deputados\"},{\"@type\":\"BreadcrumbList\",\"@id\":\"https:\/\/agenciainfra.com\/blog\/ibram-obtem-decisao-favoravel-em-corte-internacional\/#breadcrumb\",\"itemListElement\":[{\"@type\":\"ListItem\",\"position\":1,\"name\":\"In\u00edcio\",\"item\":\"https:\/\/agenciainfra.com\/blog\/\"},{\"@type\":\"ListItem\",\"position\":2,\"name\":\"Ibram obt\u00e9m &#8216;decis\u00e3o favor\u00e1vel&#8217; em corte internacional\"}]},{\"@type\":\"WebSite\",\"@id\":\"https:\/\/agenciainfra.com\/blog\/#website\",\"url\":\"https:\/\/agenciainfra.com\/blog\/\",\"name\":\"Ag\u00eancia iNFRA\",\"description\":\"Multiplataforma de informa\u00e7\u00e3o jornal\u00edstica refer\u00eancia na \u00e1rea de infraestrutura no Brasil!\",\"publisher\":{\"@id\":\"https:\/\/agenciainfra.com\/blog\/#organization\"},\"potentialAction\":[{\"@type\":\"SearchAction\",\"target\":{\"@type\":\"EntryPoint\",\"urlTemplate\":\"https:\/\/agenciainfra.com\/blog\/?s={search_term_string}\"},\"query-input\":{\"@type\":\"PropertyValueSpecification\",\"valueRequired\":true,\"valueName\":\"search_term_string\"}}],\"inLanguage\":\"pt-BR\"},{\"@type\":\"Organization\",\"@id\":\"https:\/\/agenciainfra.com\/blog\/#organization\",\"name\":\"Ag\u00eancia iNFRA\",\"url\":\"https:\/\/agenciainfra.com\/blog\/\",\"logo\":{\"@type\":\"ImageObject\",\"inLanguage\":\"pt-BR\",\"@id\":\"https:\/\/agenciainfra.com\/blog\/#\/schema\/logo\/image\/\",\"url\":\"https:\/\/agenciainfra.com\/blog\/wp-content\/uploads\/2023\/09\/iNFRA_5-e1761735885940.png\",\"contentUrl\":\"https:\/\/agenciainfra.com\/blog\/wp-content\/uploads\/2023\/09\/iNFRA_5-e1761735885940.png\",\"width\":1672,\"height\":454,\"caption\":\"Ag\u00eancia iNFRA\"},\"image\":{\"@id\":\"https:\/\/agenciainfra.com\/blog\/#\/schema\/logo\/image\/\"},\"sameAs\":[\"https:\/\/www.facebook.com\/ageninfra\",\"https:\/\/x.com\/agencia_infra\",\"https:\/\/www.linkedin.com\/company\/ag\u00eanciainfra\/\",\"https:\/\/www.instagram.com\/agenciainfra\/\"]},{\"@type\":\"Person\",\"@id\":\"https:\/\/agenciainfra.com\/blog\/#\/schema\/person\/34af08dff6adea4cb22b06612ba7acfa\",\"name\":\"Ag\u00eancia iNFRA\",\"image\":{\"@type\":\"ImageObject\",\"inLanguage\":\"pt-BR\",\"@id\":\"https:\/\/agenciainfra.com\/blog\/#\/schema\/person\/image\/\",\"url\":\"https:\/\/secure.gravatar.com\/avatar\/d189e01678f06d8eb84d4e01f08eb848b3fffe3f8443818d3c356c66892f5be8?s=96&d=mm&r=g\",\"contentUrl\":\"https:\/\/secure.gravatar.com\/avatar\/d189e01678f06d8eb84d4e01f08eb848b3fffe3f8443818d3c356c66892f5be8?s=96&d=mm&r=g\",\"caption\":\"Ag\u00eancia iNFRA\"},\"url\":\"https:\/\/agenciainfra.com\/blog\/author\/admin\/\"}]}<\/script>\n<!-- \/ Yoast SEO Premium plugin. -->","yoast_head_json":{"title":"Ibram obt\u00e9m 'decis\u00e3o favor\u00e1vel' em corte internacional - Ag\u00eancia iNFRA","robots":{"index":"index","follow":"follow","max-snippet":"max-snippet:-1","max-image-preview":"max-image-preview:large","max-video-preview":"max-video-preview:-1"},"canonical":"https:\/\/agenciainfra.com\/blog\/ibram-obtem-decisao-favoravel-em-corte-internacional\/","og_locale":"pt_BR","og_type":"article","og_title":"Ibram obt\u00e9m 'decis\u00e3o favor\u00e1vel' em corte internacional","og_description":"Rafael Bitencourt, da Ag\u00eancia iNFRA O Ibram (Instituto Brasileiro de Minera\u00e7\u00e3o) informou nesta quinta-feira (13) que obteve decis\u00e3o favor\u00e1vel da Corte Inglesa, sediada em Londres, que obriga o escrit\u00f3rio PG (Pogust Goodhead) a reembolsar a entidade brasileira em 811 mil libras referentes aos custos incorridos em processo que discute o alcance da repara\u00e7\u00e3o pelo rompimento [&hellip;]","og_url":"https:\/\/agenciainfra.com\/blog\/ibram-obtem-decisao-favoravel-em-corte-internacional\/","og_site_name":"Ag\u00eancia iNFRA","article_publisher":"https:\/\/www.facebook.com\/ageninfra","article_published_time":"2025-11-13T23:21:21+00:00","article_modified_time":"2025-11-14T20:54:13+00:00","og_image":[{"width":1281,"height":720,"url":"https:\/\/agenciainfra.com\/blog\/wp-content\/uploads\/2025\/10\/Raul-Jugmann-Ibram-Foto-Pablo-Valadares-Camara-dos-Deputados.jpg","type":"image\/jpeg"}],"author":"Ag\u00eancia iNFRA","twitter_card":"summary_large_image","twitter_creator":"@agencia_infra","twitter_site":"@agencia_infra","twitter_misc":{"Escrito por":"Ag\u00eancia iNFRA","Est. tempo de leitura":"2 minutos"},"schema":{"@context":"https:\/\/schema.org","@graph":[{"@type":"Article","@id":"https:\/\/agenciainfra.com\/blog\/ibram-obtem-decisao-favoravel-em-corte-internacional\/#article","isPartOf":{"@id":"https:\/\/agenciainfra.com\/blog\/ibram-obtem-decisao-favoravel-em-corte-internacional\/"},"author":{"name":"Ag\u00eancia iNFRA","@id":"https:\/\/agenciainfra.com\/blog\/#\/schema\/person\/34af08dff6adea4cb22b06612ba7acfa"},"headline":"Ibram obt\u00e9m &#8216;decis\u00e3o favor\u00e1vel&#8217; em corte internacional","datePublished":"2025-11-13T23:21:21+00:00","dateModified":"2025-11-14T20:54:13+00:00","mainEntityOfPage":{"@id":"https:\/\/agenciainfra.com\/blog\/ibram-obtem-decisao-favoravel-em-corte-internacional\/"},"wordCount":370,"publisher":{"@id":"https:\/\/agenciainfra.com\/blog\/#organization"},"image":{"@id":"https:\/\/agenciainfra.com\/blog\/ibram-obtem-decisao-favoravel-em-corte-internacional\/#primaryimage"},"thumbnailUrl":"https:\/\/agenciainfra.com\/blog\/wp-content\/uploads\/2025\/10\/Raul-Jugmann-Ibram-Foto-Pablo-Valadares-Camara-dos-Deputados.jpg","keywords":["Acordo do Rio Doce","ADPF 1178","BHP","corte internacional","Fl\u00e1vio Dino","ibram","Londres","Mariana (MG)","Pogust Goodhead","Rafael Bitencourt","Raul Jugmann","rompimento de barragem","Samarco","STF","Vale"],"articleSection":["Destaque lista","Minera\u00e7\u00e3o"],"inLanguage":"pt-BR","copyrightYear":"2025","copyrightHolder":{"@id":"https:\/\/agenciainfra.com\/blog\/#organization"}},{"@type":"WebPage","@id":"https:\/\/agenciainfra.com\/blog\/ibram-obtem-decisao-favoravel-em-corte-internacional\/","url":"https:\/\/agenciainfra.com\/blog\/ibram-obtem-decisao-favoravel-em-corte-internacional\/","name":"Ibram obt\u00e9m 'decis\u00e3o favor\u00e1vel' em corte internacional - Ag\u00eancia iNFRA","isPartOf":{"@id":"https:\/\/agenciainfra.com\/blog\/#website"},"primaryImageOfPage":{"@id":"https:\/\/agenciainfra.com\/blog\/ibram-obtem-decisao-favoravel-em-corte-internacional\/#primaryimage"},"image":{"@id":"https:\/\/agenciainfra.com\/blog\/ibram-obtem-decisao-favoravel-em-corte-internacional\/#primaryimage"},"thumbnailUrl":"https:\/\/agenciainfra.com\/blog\/wp-content\/uploads\/2025\/10\/Raul-Jugmann-Ibram-Foto-Pablo-Valadares-Camara-dos-Deputados.jpg","datePublished":"2025-11-13T23:21:21+00:00","dateModified":"2025-11-14T20:54:13+00:00","breadcrumb":{"@id":"https:\/\/agenciainfra.com\/blog\/ibram-obtem-decisao-favoravel-em-corte-internacional\/#breadcrumb"},"inLanguage":"pt-BR","potentialAction":[{"@type":"ReadAction","target":["https:\/\/agenciainfra.com\/blog\/ibram-obtem-decisao-favoravel-em-corte-internacional\/"]}]},{"@type":"ImageObject","inLanguage":"pt-BR","@id":"https:\/\/agenciainfra.com\/blog\/ibram-obtem-decisao-favoravel-em-corte-internacional\/#primaryimage","url":"https:\/\/agenciainfra.com\/blog\/wp-content\/uploads\/2025\/10\/Raul-Jugmann-Ibram-Foto-Pablo-Valadares-Camara-dos-Deputados.jpg","contentUrl":"https:\/\/agenciainfra.com\/blog\/wp-content\/uploads\/2025\/10\/Raul-Jugmann-Ibram-Foto-Pablo-Valadares-Camara-dos-Deputados.jpg","width":1281,"height":720,"caption":"Foto: Pablo Valadares\/C\u00e2mara dos Deputados"},{"@type":"BreadcrumbList","@id":"https:\/\/agenciainfra.com\/blog\/ibram-obtem-decisao-favoravel-em-corte-internacional\/#breadcrumb","itemListElement":[{"@type":"ListItem","position":1,"name":"In\u00edcio","item":"https:\/\/agenciainfra.com\/blog\/"},{"@type":"ListItem","position":2,"name":"Ibram obt\u00e9m &#8216;decis\u00e3o favor\u00e1vel&#8217; em corte internacional"}]},{"@type":"WebSite","@id":"https:\/\/agenciainfra.com\/blog\/#website","url":"https:\/\/agenciainfra.com\/blog\/","name":"Ag\u00eancia iNFRA","description":"Multiplataforma de informa\u00e7\u00e3o jornal\u00edstica refer\u00eancia na \u00e1rea de infraestrutura no Brasil!","publisher":{"@id":"https:\/\/agenciainfra.com\/blog\/#organization"},"potentialAction":[{"@type":"SearchAction","target":{"@type":"EntryPoint","urlTemplate":"https:\/\/agenciainfra.com\/blog\/?s={search_term_string}"},"query-input":{"@type":"PropertyValueSpecification","valueRequired":true,"valueName":"search_term_string"}}],"inLanguage":"pt-BR"},{"@type":"Organization","@id":"https:\/\/agenciainfra.com\/blog\/#organization","name":"Ag\u00eancia iNFRA","url":"https:\/\/agenciainfra.com\/blog\/","logo":{"@type":"ImageObject","inLanguage":"pt-BR","@id":"https:\/\/agenciainfra.com\/blog\/#\/schema\/logo\/image\/","url":"https:\/\/agenciainfra.com\/blog\/wp-content\/uploads\/2023\/09\/iNFRA_5-e1761735885940.png","contentUrl":"https:\/\/agenciainfra.com\/blog\/wp-content\/uploads\/2023\/09\/iNFRA_5-e1761735885940.png","width":1672,"height":454,"caption":"Ag\u00eancia iNFRA"},"image":{"@id":"https:\/\/agenciainfra.com\/blog\/#\/schema\/logo\/image\/"},"sameAs":["https:\/\/www.facebook.com\/ageninfra","https:\/\/x.com\/agencia_infra","https:\/\/www.linkedin.com\/company\/ag\u00eanciainfra\/","https:\/\/www.instagram.com\/agenciainfra\/"]},{"@type":"Person","@id":"https:\/\/agenciainfra.com\/blog\/#\/schema\/person\/34af08dff6adea4cb22b06612ba7acfa","name":"Ag\u00eancia iNFRA","image":{"@type":"ImageObject","inLanguage":"pt-BR","@id":"https:\/\/agenciainfra.com\/blog\/#\/schema\/person\/image\/","url":"https:\/\/secure.gravatar.com\/avatar\/d189e01678f06d8eb84d4e01f08eb848b3fffe3f8443818d3c356c66892f5be8?s=96&d=mm&r=g","contentUrl":"https:\/\/secure.gravatar.com\/avatar\/d189e01678f06d8eb84d4e01f08eb848b3fffe3f8443818d3c356c66892f5be8?s=96&d=mm&r=g","caption":"Ag\u00eancia iNFRA"},"url":"https:\/\/agenciainfra.com\/blog\/author\/admin\/"}]}},"_links":{"self":[{"href":"https:\/\/agenciainfra.com\/blog\/wp-json\/wp\/v2\/posts\/32215","targetHints":{"allow":["GET"]}}],"collection":[{"href":"https:\/\/agenciainfra.com\/blog\/wp-json\/wp\/v2\/posts"}],"about":[{"href":"https:\/\/agenciainfra.com\/blog\/wp-json\/wp\/v2\/types\/post"}],"author":[{"embeddable":true,"href":"https:\/\/agenciainfra.com\/blog\/wp-json\/wp\/v2\/users\/1"}],"replies":[{"embeddable":true,"href":"https:\/\/agenciainfra.com\/blog\/wp-json\/wp\/v2\/comments?post=32215"}],"version-history":[{"count":3,"href":"https:\/\/agenciainfra.com\/blog\/wp-json\/wp\/v2\/posts\/32215\/revisions"}],"predecessor-version":[{"id":32229,"href":"https:\/\/agenciainfra.com\/blog\/wp-json\/wp\/v2\/posts\/32215\/revisions\/32229"}],"wp:featuredmedia":[{"embeddable":true,"href":"https:\/\/agenciainfra.com\/blog\/wp-json\/wp\/v2\/media\/29821"}],"wp:attachment":[{"href":"https:\/\/agenciainfra.com\/blog\/wp-json\/wp\/v2\/media?parent=32215"}],"wp:term":[{"taxonomy":"category","embeddable":true,"href":"https:\/\/agenciainfra.com\/blog\/wp-json\/wp\/v2\/categories?post=32215"},{"taxonomy":"post_tag","embeddable":true,"href":"https:\/\/agenciainfra.com\/blog\/wp-json\/wp\/v2\/tags?post=32215"}],"curies":[{"name":"wp","href":"https:\/\/api.w.org\/{rel}","templated":true}]}}