{"id":32230,"date":"2025-11-14T09:55:35","date_gmt":"2025-11-14T12:55:35","guid":{"rendered":"https:\/\/agenciainfra.com\/blog\/?p=32230"},"modified":"2025-11-15T12:55:33","modified_gmt":"2025-11-15T15:55:33","slug":"ccee-sera-responsavel-por-registro-de-certificados-de-hidrogenio-verde","status":"publish","type":"post","link":"https:\/\/agenciainfra.com\/blog\/ccee-sera-responsavel-por-registro-de-certificados-de-hidrogenio-verde\/","title":{"rendered":"CCEE ser\u00e1 respons\u00e1vel por registro de certificados de hidrog\u00eanio verde"},"content":{"rendered":"\n<p class=\"has-text-align-right\"><strong>Marisa Wanzeller, da Ag\u00eancia iNFRA<\/strong><\/p>\n\n\n\n<p>A CCEE (C\u00e2mara de Comercializa\u00e7\u00e3o de Energia El\u00e9trica) ser\u00e1 respons\u00e1vel por realizar o registro das certifica\u00e7\u00f5es do hidrog\u00eanio de baixa emiss\u00e3o de carbono no Brasil. A determina\u00e7\u00e3o constar\u00e1 no decreto a ser publicado pelo governo federal, previsto para a pr\u00f3xima semana, informou o presidente do conselho da c\u00e2mara, Alexandre Ramos, \u00e0 <strong>Ag\u00eancia iNFRA<\/strong>.<\/p>\n\n\n\n<p>\u201cEla acompanhar\u00e1 desde o nascimento do certificado at\u00e9 o que a gente chama de aposentadoria, ou seja, todas as etapas pelas quais passam o certificado. Sendo esse observat\u00f3rio, esse centro onde voc\u00ea vai concentrar todos os registros emitidos, a CCEE vai poder fornecer informa\u00e7\u00f5es valios\u00edssimas para a formula\u00e7\u00e3o das pol\u00edticas p\u00fablicas voltadas \u00e0 redu\u00e7\u00e3o de emiss\u00f5es de carbono&#8221;, destacou Ramos.<\/p>\n\n\n\n<p>A regulamenta\u00e7\u00e3o do chamado hidrog\u00eanio verde vem na esteira da COP30, que ocorre em Bel\u00e9m (PA). Para debater o tema das certifica\u00e7\u00f5es dos atributos ambientais relacionados a iniciativas de descarboniza\u00e7\u00e3o, a CCEE realiza um encontro na \u201cCasa Esfera \u2013 Guest House COP30\u201d, nesta sexta-feira (14), com a presen\u00e7a de autoridades do setor.<\/p>\n\n\n\n<p>Segundo Alexandre Ramos, a CCEE marca presen\u00e7a na confer\u00eancia ambiental das Na\u00e7\u00f5es Unidas com a inten\u00e7\u00e3o de mostrar ao mundo que pode assegurar, por meio de processos transparentes e com rastreabilidade, a origem renov\u00e1vel da energia produzida no Brasil.<\/p>\n\n\n\n<p>\u201cA CCEE tem acesso em tempo real a todos os medidores dos agentes que produzem energia e medidores dos agentes que consomem essa energia. Ent\u00e3o, ela det\u00e9m todas as informa\u00e7\u00f5es necess\u00e1rias para efetivamente assegurar que aqueles certificados emitidos sejam validados&#8221;, disse Ramos.<\/p>\n\n\n\n<p>Al\u00e9m do hidrog\u00eanio verde, a entidade tem atuado em outros segmentos, como os combust\u00edveis do futuro, o biometano e o SAF (Combust\u00edvel Sustent\u00e1vel de Avia\u00e7\u00e3o), afirmou Ramos. Ele destaca que a c\u00e2mara tamb\u00e9m est\u00e1 apoiando o Minist\u00e9rio da Fazenda na estrutura\u00e7\u00e3o do mercado de carbono.<\/p>\n\n\n\n<p>Assim, \u201co interesse da CCEE \u00e9 promover a interoperabilidade desses sistemas de tal maneira que se torne um observat\u00f3rio nacional de todos os certificados emitidos no Brasil\u201d, disse o presidente do conselho da institui\u00e7\u00e3o.<\/p>\n","protected":false},"excerpt":{"rendered":"<p>Marisa Wanzeller, da Ag\u00eancia iNFRA A CCEE (C\u00e2mara de Comercializa\u00e7\u00e3o de Energia El\u00e9trica) ser\u00e1 respons\u00e1vel por realizar o registro das certifica\u00e7\u00f5es do hidrog\u00eanio de baixa emiss\u00e3o de carbono no Brasil. A determina\u00e7\u00e3o constar\u00e1 no decreto a ser publicado pelo governo federal, previsto para a pr\u00f3xima semana, informou o presidente do conselho da c\u00e2mara, Alexandre Ramos, [&hellip;]<\/p>\n","protected":false},"author":1,"featured_media":32231,"comment_status":"closed","ping_status":"closed","sticky":false,"template":"","format":"standard","meta":{"_monsterinsights_skip_tracking":false,"_monsterinsights_sitenote_active":false,"_monsterinsights_sitenote_note":"","_monsterinsights_sitenote_category":0,"footnotes":""},"categories":[7250,10],"tags":[8668,14,8068,4535,7366],"class_list":["post-32230","post","type-post","status-publish","format-standard","has-post-thumbnail","hentry","category-destaque-lista","category-infraenergia","tag-alexandre-ramos","tag-ccee","tag-cop30","tag-hidrogenio-verde","tag-marisa-wanzeller"],"yoast_head":"<!-- This site is optimized with the Yoast SEO Premium plugin v25.4 (Yoast SEO v26.0) - https:\/\/yoast.com\/wordpress\/plugins\/seo\/ -->\n<title>CCEE ser\u00e1 respons\u00e1vel por registro de certificados de hidrog\u00eanio verde - Ag\u00eancia iNFRA<\/title>\n<meta name=\"robots\" content=\"index, follow, max-snippet:-1, max-image-preview:large, max-video-preview:-1\" \/>\n<link rel=\"canonical\" href=\"https:\/\/agenciainfra.com\/blog\/ccee-sera-responsavel-por-registro-de-certificados-de-hidrogenio-verde\/\" \/>\n<meta property=\"og:locale\" content=\"pt_BR\" \/>\n<meta property=\"og:type\" content=\"article\" \/>\n<meta property=\"og:title\" content=\"CCEE ser\u00e1 respons\u00e1vel por registro de certificados de hidrog\u00eanio verde\" \/>\n<meta property=\"og:description\" content=\"Marisa Wanzeller, da Ag\u00eancia iNFRA A CCEE (C\u00e2mara de Comercializa\u00e7\u00e3o de Energia El\u00e9trica) ser\u00e1 respons\u00e1vel por realizar o registro das certifica\u00e7\u00f5es do hidrog\u00eanio de baixa emiss\u00e3o de carbono no Brasil. A determina\u00e7\u00e3o constar\u00e1 no decreto a ser publicado pelo governo federal, previsto para a pr\u00f3xima semana, informou o presidente do conselho da c\u00e2mara, Alexandre Ramos, [&hellip;]\" \/>\n<meta property=\"og:url\" content=\"https:\/\/agenciainfra.com\/blog\/ccee-sera-responsavel-por-registro-de-certificados-de-hidrogenio-verde\/\" \/>\n<meta property=\"og:site_name\" content=\"Ag\u00eancia iNFRA\" \/>\n<meta property=\"article:publisher\" content=\"https:\/\/www.facebook.com\/ageninfra\" \/>\n<meta property=\"article:published_time\" content=\"2025-11-14T12:55:35+00:00\" \/>\n<meta property=\"article:modified_time\" content=\"2025-11-15T15:55:33+00:00\" \/>\n<meta property=\"og:image\" content=\"https:\/\/agenciainfra.com\/blog\/wp-content\/uploads\/2025\/11\/R2A7037-scaled.jpg\" \/>\n\t<meta property=\"og:image:width\" content=\"2560\" \/>\n\t<meta property=\"og:image:height\" content=\"1707\" \/>\n\t<meta property=\"og:image:type\" content=\"image\/jpeg\" \/>\n<meta name=\"author\" content=\"Ag\u00eancia iNFRA\" \/>\n<meta name=\"twitter:card\" content=\"summary_large_image\" \/>\n<meta name=\"twitter:creator\" content=\"@agencia_infra\" \/>\n<meta name=\"twitter:site\" content=\"@agencia_infra\" \/>\n<meta name=\"twitter:label1\" content=\"Escrito por\" \/>\n\t<meta name=\"twitter:data1\" content=\"Ag\u00eancia iNFRA\" \/>\n\t<meta name=\"twitter:label2\" content=\"Est. tempo de leitura\" \/>\n\t<meta name=\"twitter:data2\" content=\"2 minutos\" \/>\n<script type=\"application\/ld+json\" class=\"yoast-schema-graph\">{\"@context\":\"https:\/\/schema.org\",\"@graph\":[{\"@type\":\"Article\",\"@id\":\"https:\/\/agenciainfra.com\/blog\/ccee-sera-responsavel-por-registro-de-certificados-de-hidrogenio-verde\/#article\",\"isPartOf\":{\"@id\":\"https:\/\/agenciainfra.com\/blog\/ccee-sera-responsavel-por-registro-de-certificados-de-hidrogenio-verde\/\"},\"author\":{\"name\":\"Ag\u00eancia iNFRA\",\"@id\":\"https:\/\/agenciainfra.com\/blog\/#\/schema\/person\/34af08dff6adea4cb22b06612ba7acfa\"},\"headline\":\"CCEE ser\u00e1 respons\u00e1vel por registro de certificados de hidrog\u00eanio verde\",\"datePublished\":\"2025-11-14T12:55:35+00:00\",\"dateModified\":\"2025-11-15T15:55:33+00:00\",\"mainEntityOfPage\":{\"@id\":\"https:\/\/agenciainfra.com\/blog\/ccee-sera-responsavel-por-registro-de-certificados-de-hidrogenio-verde\/\"},\"wordCount\":384,\"publisher\":{\"@id\":\"https:\/\/agenciainfra.com\/blog\/#organization\"},\"image\":{\"@id\":\"https:\/\/agenciainfra.com\/blog\/ccee-sera-responsavel-por-registro-de-certificados-de-hidrogenio-verde\/#primaryimage\"},\"thumbnailUrl\":\"https:\/\/agenciainfra.com\/blog\/wp-content\/uploads\/2025\/11\/R2A7037-scaled.jpg\",\"keywords\":[\"Alexandre Ramos\",\"ccee\",\"COP30\",\"hidrog\u00eanio verde\",\"Marisa Wanzeller\"],\"articleSection\":[\"Destaque lista\",\"iNFRAEnergia\"],\"inLanguage\":\"pt-BR\",\"copyrightYear\":\"2025\",\"copyrightHolder\":{\"@id\":\"https:\/\/agenciainfra.com\/blog\/#organization\"}},{\"@type\":\"WebPage\",\"@id\":\"https:\/\/agenciainfra.com\/blog\/ccee-sera-responsavel-por-registro-de-certificados-de-hidrogenio-verde\/\",\"url\":\"https:\/\/agenciainfra.com\/blog\/ccee-sera-responsavel-por-registro-de-certificados-de-hidrogenio-verde\/\",\"name\":\"CCEE ser\u00e1 respons\u00e1vel por registro de certificados de hidrog\u00eanio verde - Ag\u00eancia iNFRA\",\"isPartOf\":{\"@id\":\"https:\/\/agenciainfra.com\/blog\/#website\"},\"primaryImageOfPage\":{\"@id\":\"https:\/\/agenciainfra.com\/blog\/ccee-sera-responsavel-por-registro-de-certificados-de-hidrogenio-verde\/#primaryimage\"},\"image\":{\"@id\":\"https:\/\/agenciainfra.com\/blog\/ccee-sera-responsavel-por-registro-de-certificados-de-hidrogenio-verde\/#primaryimage\"},\"thumbnailUrl\":\"https:\/\/agenciainfra.com\/blog\/wp-content\/uploads\/2025\/11\/R2A7037-scaled.jpg\",\"datePublished\":\"2025-11-14T12:55:35+00:00\",\"dateModified\":\"2025-11-15T15:55:33+00:00\",\"breadcrumb\":{\"@id\":\"https:\/\/agenciainfra.com\/blog\/ccee-sera-responsavel-por-registro-de-certificados-de-hidrogenio-verde\/#breadcrumb\"},\"inLanguage\":\"pt-BR\",\"potentialAction\":[{\"@type\":\"ReadAction\",\"target\":[\"https:\/\/agenciainfra.com\/blog\/ccee-sera-responsavel-por-registro-de-certificados-de-hidrogenio-verde\/\"]}]},{\"@type\":\"ImageObject\",\"inLanguage\":\"pt-BR\",\"@id\":\"https:\/\/agenciainfra.com\/blog\/ccee-sera-responsavel-por-registro-de-certificados-de-hidrogenio-verde\/#primaryimage\",\"url\":\"https:\/\/agenciainfra.com\/blog\/wp-content\/uploads\/2025\/11\/R2A7037-scaled.jpg\",\"contentUrl\":\"https:\/\/agenciainfra.com\/blog\/wp-content\/uploads\/2025\/11\/R2A7037-scaled.jpg\",\"width\":2560,\"height\":1707,\"caption\":\"Foto: Percio Campos\/Ag\u00eancia INFRA\"},{\"@type\":\"BreadcrumbList\",\"@id\":\"https:\/\/agenciainfra.com\/blog\/ccee-sera-responsavel-por-registro-de-certificados-de-hidrogenio-verde\/#breadcrumb\",\"itemListElement\":[{\"@type\":\"ListItem\",\"position\":1,\"name\":\"In\u00edcio\",\"item\":\"https:\/\/agenciainfra.com\/blog\/\"},{\"@type\":\"ListItem\",\"position\":2,\"name\":\"CCEE ser\u00e1 respons\u00e1vel por registro de certificados de hidrog\u00eanio verde\"}]},{\"@type\":\"WebSite\",\"@id\":\"https:\/\/agenciainfra.com\/blog\/#website\",\"url\":\"https:\/\/agenciainfra.com\/blog\/\",\"name\":\"Ag\u00eancia iNFRA\",\"description\":\"Multiplataforma de informa\u00e7\u00e3o jornal\u00edstica refer\u00eancia na \u00e1rea de infraestrutura no Brasil!\",\"publisher\":{\"@id\":\"https:\/\/agenciainfra.com\/blog\/#organization\"},\"potentialAction\":[{\"@type\":\"SearchAction\",\"target\":{\"@type\":\"EntryPoint\",\"urlTemplate\":\"https:\/\/agenciainfra.com\/blog\/?s={search_term_string}\"},\"query-input\":{\"@type\":\"PropertyValueSpecification\",\"valueRequired\":true,\"valueName\":\"search_term_string\"}}],\"inLanguage\":\"pt-BR\"},{\"@type\":\"Organization\",\"@id\":\"https:\/\/agenciainfra.com\/blog\/#organization\",\"name\":\"Ag\u00eancia iNFRA\",\"url\":\"https:\/\/agenciainfra.com\/blog\/\",\"logo\":{\"@type\":\"ImageObject\",\"inLanguage\":\"pt-BR\",\"@id\":\"https:\/\/agenciainfra.com\/blog\/#\/schema\/logo\/image\/\",\"url\":\"https:\/\/agenciainfra.com\/blog\/wp-content\/uploads\/2023\/09\/iNFRA_5-e1761735885940.png\",\"contentUrl\":\"https:\/\/agenciainfra.com\/blog\/wp-content\/uploads\/2023\/09\/iNFRA_5-e1761735885940.png\",\"width\":1672,\"height\":454,\"caption\":\"Ag\u00eancia iNFRA\"},\"image\":{\"@id\":\"https:\/\/agenciainfra.com\/blog\/#\/schema\/logo\/image\/\"},\"sameAs\":[\"https:\/\/www.facebook.com\/ageninfra\",\"https:\/\/x.com\/agencia_infra\",\"https:\/\/www.linkedin.com\/company\/ag\u00eanciainfra\/\",\"https:\/\/www.instagram.com\/agenciainfra\/\"]},{\"@type\":\"Person\",\"@id\":\"https:\/\/agenciainfra.com\/blog\/#\/schema\/person\/34af08dff6adea4cb22b06612ba7acfa\",\"name\":\"Ag\u00eancia iNFRA\",\"image\":{\"@type\":\"ImageObject\",\"inLanguage\":\"pt-BR\",\"@id\":\"https:\/\/agenciainfra.com\/blog\/#\/schema\/person\/image\/\",\"url\":\"https:\/\/secure.gravatar.com\/avatar\/d189e01678f06d8eb84d4e01f08eb848b3fffe3f8443818d3c356c66892f5be8?s=96&d=mm&r=g\",\"contentUrl\":\"https:\/\/secure.gravatar.com\/avatar\/d189e01678f06d8eb84d4e01f08eb848b3fffe3f8443818d3c356c66892f5be8?s=96&d=mm&r=g\",\"caption\":\"Ag\u00eancia iNFRA\"},\"url\":\"https:\/\/agenciainfra.com\/blog\/author\/admin\/\"}]}<\/script>\n<!-- \/ Yoast SEO Premium plugin. -->","yoast_head_json":{"title":"CCEE ser\u00e1 respons\u00e1vel por registro de certificados de hidrog\u00eanio verde - Ag\u00eancia iNFRA","robots":{"index":"index","follow":"follow","max-snippet":"max-snippet:-1","max-image-preview":"max-image-preview:large","max-video-preview":"max-video-preview:-1"},"canonical":"https:\/\/agenciainfra.com\/blog\/ccee-sera-responsavel-por-registro-de-certificados-de-hidrogenio-verde\/","og_locale":"pt_BR","og_type":"article","og_title":"CCEE ser\u00e1 respons\u00e1vel por registro de certificados de hidrog\u00eanio verde","og_description":"Marisa Wanzeller, da Ag\u00eancia iNFRA A CCEE (C\u00e2mara de Comercializa\u00e7\u00e3o de Energia El\u00e9trica) ser\u00e1 respons\u00e1vel por realizar o registro das certifica\u00e7\u00f5es do hidrog\u00eanio de baixa emiss\u00e3o de carbono no Brasil. A determina\u00e7\u00e3o constar\u00e1 no decreto a ser publicado pelo governo federal, previsto para a pr\u00f3xima semana, informou o presidente do conselho da c\u00e2mara, Alexandre Ramos, [&hellip;]","og_url":"https:\/\/agenciainfra.com\/blog\/ccee-sera-responsavel-por-registro-de-certificados-de-hidrogenio-verde\/","og_site_name":"Ag\u00eancia iNFRA","article_publisher":"https:\/\/www.facebook.com\/ageninfra","article_published_time":"2025-11-14T12:55:35+00:00","article_modified_time":"2025-11-15T15:55:33+00:00","og_image":[{"width":2560,"height":1707,"url":"https:\/\/agenciainfra.com\/blog\/wp-content\/uploads\/2025\/11\/R2A7037-scaled.jpg","type":"image\/jpeg"}],"author":"Ag\u00eancia iNFRA","twitter_card":"summary_large_image","twitter_creator":"@agencia_infra","twitter_site":"@agencia_infra","twitter_misc":{"Escrito por":"Ag\u00eancia iNFRA","Est. tempo de leitura":"2 minutos"},"schema":{"@context":"https:\/\/schema.org","@graph":[{"@type":"Article","@id":"https:\/\/agenciainfra.com\/blog\/ccee-sera-responsavel-por-registro-de-certificados-de-hidrogenio-verde\/#article","isPartOf":{"@id":"https:\/\/agenciainfra.com\/blog\/ccee-sera-responsavel-por-registro-de-certificados-de-hidrogenio-verde\/"},"author":{"name":"Ag\u00eancia iNFRA","@id":"https:\/\/agenciainfra.com\/blog\/#\/schema\/person\/34af08dff6adea4cb22b06612ba7acfa"},"headline":"CCEE ser\u00e1 respons\u00e1vel por registro de certificados de hidrog\u00eanio verde","datePublished":"2025-11-14T12:55:35+00:00","dateModified":"2025-11-15T15:55:33+00:00","mainEntityOfPage":{"@id":"https:\/\/agenciainfra.com\/blog\/ccee-sera-responsavel-por-registro-de-certificados-de-hidrogenio-verde\/"},"wordCount":384,"publisher":{"@id":"https:\/\/agenciainfra.com\/blog\/#organization"},"image":{"@id":"https:\/\/agenciainfra.com\/blog\/ccee-sera-responsavel-por-registro-de-certificados-de-hidrogenio-verde\/#primaryimage"},"thumbnailUrl":"https:\/\/agenciainfra.com\/blog\/wp-content\/uploads\/2025\/11\/R2A7037-scaled.jpg","keywords":["Alexandre Ramos","ccee","COP30","hidrog\u00eanio verde","Marisa Wanzeller"],"articleSection":["Destaque lista","iNFRAEnergia"],"inLanguage":"pt-BR","copyrightYear":"2025","copyrightHolder":{"@id":"https:\/\/agenciainfra.com\/blog\/#organization"}},{"@type":"WebPage","@id":"https:\/\/agenciainfra.com\/blog\/ccee-sera-responsavel-por-registro-de-certificados-de-hidrogenio-verde\/","url":"https:\/\/agenciainfra.com\/blog\/ccee-sera-responsavel-por-registro-de-certificados-de-hidrogenio-verde\/","name":"CCEE ser\u00e1 respons\u00e1vel por registro de certificados de hidrog\u00eanio verde - Ag\u00eancia iNFRA","isPartOf":{"@id":"https:\/\/agenciainfra.com\/blog\/#website"},"primaryImageOfPage":{"@id":"https:\/\/agenciainfra.com\/blog\/ccee-sera-responsavel-por-registro-de-certificados-de-hidrogenio-verde\/#primaryimage"},"image":{"@id":"https:\/\/agenciainfra.com\/blog\/ccee-sera-responsavel-por-registro-de-certificados-de-hidrogenio-verde\/#primaryimage"},"thumbnailUrl":"https:\/\/agenciainfra.com\/blog\/wp-content\/uploads\/2025\/11\/R2A7037-scaled.jpg","datePublished":"2025-11-14T12:55:35+00:00","dateModified":"2025-11-15T15:55:33+00:00","breadcrumb":{"@id":"https:\/\/agenciainfra.com\/blog\/ccee-sera-responsavel-por-registro-de-certificados-de-hidrogenio-verde\/#breadcrumb"},"inLanguage":"pt-BR","potentialAction":[{"@type":"ReadAction","target":["https:\/\/agenciainfra.com\/blog\/ccee-sera-responsavel-por-registro-de-certificados-de-hidrogenio-verde\/"]}]},{"@type":"ImageObject","inLanguage":"pt-BR","@id":"https:\/\/agenciainfra.com\/blog\/ccee-sera-responsavel-por-registro-de-certificados-de-hidrogenio-verde\/#primaryimage","url":"https:\/\/agenciainfra.com\/blog\/wp-content\/uploads\/2025\/11\/R2A7037-scaled.jpg","contentUrl":"https:\/\/agenciainfra.com\/blog\/wp-content\/uploads\/2025\/11\/R2A7037-scaled.jpg","width":2560,"height":1707,"caption":"Foto: Percio Campos\/Ag\u00eancia INFRA"},{"@type":"BreadcrumbList","@id":"https:\/\/agenciainfra.com\/blog\/ccee-sera-responsavel-por-registro-de-certificados-de-hidrogenio-verde\/#breadcrumb","itemListElement":[{"@type":"ListItem","position":1,"name":"In\u00edcio","item":"https:\/\/agenciainfra.com\/blog\/"},{"@type":"ListItem","position":2,"name":"CCEE ser\u00e1 respons\u00e1vel por registro de certificados de hidrog\u00eanio verde"}]},{"@type":"WebSite","@id":"https:\/\/agenciainfra.com\/blog\/#website","url":"https:\/\/agenciainfra.com\/blog\/","name":"Ag\u00eancia iNFRA","description":"Multiplataforma de informa\u00e7\u00e3o jornal\u00edstica refer\u00eancia na \u00e1rea de infraestrutura no Brasil!","publisher":{"@id":"https:\/\/agenciainfra.com\/blog\/#organization"},"potentialAction":[{"@type":"SearchAction","target":{"@type":"EntryPoint","urlTemplate":"https:\/\/agenciainfra.com\/blog\/?s={search_term_string}"},"query-input":{"@type":"PropertyValueSpecification","valueRequired":true,"valueName":"search_term_string"}}],"inLanguage":"pt-BR"},{"@type":"Organization","@id":"https:\/\/agenciainfra.com\/blog\/#organization","name":"Ag\u00eancia iNFRA","url":"https:\/\/agenciainfra.com\/blog\/","logo":{"@type":"ImageObject","inLanguage":"pt-BR","@id":"https:\/\/agenciainfra.com\/blog\/#\/schema\/logo\/image\/","url":"https:\/\/agenciainfra.com\/blog\/wp-content\/uploads\/2023\/09\/iNFRA_5-e1761735885940.png","contentUrl":"https:\/\/agenciainfra.com\/blog\/wp-content\/uploads\/2023\/09\/iNFRA_5-e1761735885940.png","width":1672,"height":454,"caption":"Ag\u00eancia iNFRA"},"image":{"@id":"https:\/\/agenciainfra.com\/blog\/#\/schema\/logo\/image\/"},"sameAs":["https:\/\/www.facebook.com\/ageninfra","https:\/\/x.com\/agencia_infra","https:\/\/www.linkedin.com\/company\/ag\u00eanciainfra\/","https:\/\/www.instagram.com\/agenciainfra\/"]},{"@type":"Person","@id":"https:\/\/agenciainfra.com\/blog\/#\/schema\/person\/34af08dff6adea4cb22b06612ba7acfa","name":"Ag\u00eancia iNFRA","image":{"@type":"ImageObject","inLanguage":"pt-BR","@id":"https:\/\/agenciainfra.com\/blog\/#\/schema\/person\/image\/","url":"https:\/\/secure.gravatar.com\/avatar\/d189e01678f06d8eb84d4e01f08eb848b3fffe3f8443818d3c356c66892f5be8?s=96&d=mm&r=g","contentUrl":"https:\/\/secure.gravatar.com\/avatar\/d189e01678f06d8eb84d4e01f08eb848b3fffe3f8443818d3c356c66892f5be8?s=96&d=mm&r=g","caption":"Ag\u00eancia iNFRA"},"url":"https:\/\/agenciainfra.com\/blog\/author\/admin\/"}]}},"_links":{"self":[{"href":"https:\/\/agenciainfra.com\/blog\/wp-json\/wp\/v2\/posts\/32230","targetHints":{"allow":["GET"]}}],"collection":[{"href":"https:\/\/agenciainfra.com\/blog\/wp-json\/wp\/v2\/posts"}],"about":[{"href":"https:\/\/agenciainfra.com\/blog\/wp-json\/wp\/v2\/types\/post"}],"author":[{"embeddable":true,"href":"https:\/\/agenciainfra.com\/blog\/wp-json\/wp\/v2\/users\/1"}],"replies":[{"embeddable":true,"href":"https:\/\/agenciainfra.com\/blog\/wp-json\/wp\/v2\/comments?post=32230"}],"version-history":[{"count":1,"href":"https:\/\/agenciainfra.com\/blog\/wp-json\/wp\/v2\/posts\/32230\/revisions"}],"predecessor-version":[{"id":32232,"href":"https:\/\/agenciainfra.com\/blog\/wp-json\/wp\/v2\/posts\/32230\/revisions\/32232"}],"wp:featuredmedia":[{"embeddable":true,"href":"https:\/\/agenciainfra.com\/blog\/wp-json\/wp\/v2\/media\/32231"}],"wp:attachment":[{"href":"https:\/\/agenciainfra.com\/blog\/wp-json\/wp\/v2\/media?parent=32230"}],"wp:term":[{"taxonomy":"category","embeddable":true,"href":"https:\/\/agenciainfra.com\/blog\/wp-json\/wp\/v2\/categories?post=32230"},{"taxonomy":"post_tag","embeddable":true,"href":"https:\/\/agenciainfra.com\/blog\/wp-json\/wp\/v2\/tags?post=32230"}],"curies":[{"name":"wp","href":"https:\/\/api.w.org\/{rel}","templated":true}]}}